{"id":47163,"date":"2013-02-28T14:57:36","date_gmt":"2013-02-28T13:57:36","guid":{"rendered":"http:\/\/www.bellunopress.it\/?p=47163"},"modified":"2013-02-28T19:12:23","modified_gmt":"2013-02-28T18:12:23","slug":"aree-di-confine-con-regioni-a-statuto-speciale-la-regione-monitora-i-progetti-di-63-comuni-per-un-budget-di-quasi-40-milioni","status":"publish","type":"post","link":"https:\/\/www.bellunopress.it\/fr\/2013\/02\/28\/aree-di-confine-con-regioni-a-statuto-speciale-la-regione-monitora-i-progetti-di-63-comuni-per-un-budget-di-quasi-40-milioni\/","title":{"rendered":"Aree di confine con Regioni a statuto speciale. La Regione monitora i progetti di 63 comuni per un budget di quasi 40 milioni"},"content":{"rendered":"<p><a href=\"http:\/\/www.bellunopress.it\/wp-content\/uploads\/2010\/05\/giunta-regionale.jpg\"><img loading=\"lazy\" decoding=\"async\" class=\"alignleft size-full wp-image-15165\" alt=\"giunta-regionale\" src=\"http:\/\/www.bellunopress.it\/wp-content\/uploads\/2010\/05\/giunta-regionale.jpg\" width=\"270\" height=\"202\" \/><\/a>La Giunta veneta, su proposta dell\u2019assessore al bilancio e agli Enti locali, Roberto Ciambetti, ha approvato lo schema di protocollo d\u2019intesa che disciplina i rapporti tra la Presidenza del Consiglio dei Ministri e la Regione del Veneto in riferimento agli adempimenti previsti per l\u2019attuazione del \u201cFondo per la valorizzazione e la promozione delle aree territoriali svantaggiate confinanti con le Regioni a statuto speciale\u201d.<\/p>\n<p>Il fondo, relativo alle annualit\u00e0 dal 2008 al 2011 pi\u00f9 i residui del 2007, ammonta per il Veneto a 39 milioni e 408 mila euro ed \u00e8 costituito da risorse esclusivamente statali. Alla Regione spetta il compito di controllare la conformit\u00e0 degli interventi realizzati rispetto a quelli approvati e finanziati e verificare il raggiungimento degli obiettivi programmati. Questa attivit\u00e0 di monitoraggio e di accertamento, oltre che di rendicontazione delle spese sostenute, viene disciplinata attraverso il suddetto protocollo d\u2019intesa.<\/p>\n<figure id=\"attachment_15094\" aria-describedby=\"caption-attachment-15094\" style=\"width: 109px\" class=\"wp-caption alignleft\"><a href=\"http:\/\/www.bellunopress.it\/wp-content\/uploads\/2010\/05\/roberto-ciambetti.jpg\"><img loading=\"lazy\" decoding=\"async\" class=\"size-full wp-image-15094\" alt=\"Roberto Ciambetti\" src=\"http:\/\/www.bellunopress.it\/wp-content\/uploads\/2010\/05\/roberto-ciambetti.jpg\" width=\"109\" height=\"160\" \/><\/a><figcaption id=\"caption-attachment-15094\" class=\"wp-caption-text\">Roberto Ciambetti<\/figcaption><\/figure>\n<p>\u201cIl fondo \u00e8 stato istituito nel 2007 presso la Presidenza del Consiglio dei Ministri \u2013 spiega l\u2019assessore Ciambetti \u2013 con l\u2019obiettivo di migliorare le condizioni di vita dei residenti in questi territori di confine, vincolando l\u2019utilizzo del fondo al finanziamento di progetti volti allo sviluppo economico e sociale. I Comuni veneti che hanno presentato istanza di finanziamento sono 63 e gi\u00e0 da alcuni mesi hanno la disponibilit\u00e0 le risorse loro assegnate per la realizzazione dei relativi progetti. La nostra Regione sta svolgendo un importante ruolo di coordinamento delle attivit\u00e0 di controllo con le altre due Regioni a Statuto ordinario, Lombardia e Piemonte, che beneficiano di questo fondo. Io, in particolare, sono intervenuto per consentire ai Comuni di incamerare queste somme nei propri bilanci e spenderle utilmente a favore delle comunit\u00e0 amministrate senza che vi siano problemi connessi con i limiti determinati dal patto di stabilit\u00e0\u201d.<\/p>\n<p>A seguito dell\u2019approvazione delle graduatorie di merito elaborate dalla Commissione di Valutazione, 16 milioni e 221 mila euro sono andati alla macroarea confinante con il Trentino Alto Adige (34 Comuni, di cui 14 della provincia di Belluno, 12 della provincia di Vicenza, 8 della provincia di Verona) e 23 milioni 187 mila euro alla macroarea confinante con il Friuli Venezia Giulia (29 Comuni, di cui 14 della provincia di Belluno, 8 della provincia di Treviso, 7 della provincia di Venezia).<\/p>\n<p>Ecco i comuni bellunesi confinanti con il Trentino Alto Adige e il Friuli Venezia Giulia\u00a0interessati ai provvedimenti, con i relativi importi del progetto<\/p>\n<table width=\"653\" border=\"1\" cellspacing=\"0\" cellpadding=\"7\">\n<colgroup>\n<col width=\"16\" \/>\n<col width=\"178\" \/>\n<col width=\"334\" \/>\n<col width=\"67\" \/><\/colgroup>\n<tbody>\n<tr>\n<td width=\"16\">\n<p align=\"center\">\n<\/td>\n<td width=\"178\">\n<p align=\"center\">COMUNE<\/p>\n<\/td>\n<td width=\"334\">\n<p align=\"center\">PROGETTO<\/p>\n<\/td>\n<td width=\"67\">\n<p align=\"center\">EURO<\/p>\n<\/td>\n<\/tr>\n<tr>\n<td colspan=\"2\" bgcolor=\"#cccccc\" width=\"208\">Provincia di Belluno (14 Comuni)<\/td>\n<td colspan=\"2\" valign=\"top\" width=\"415\"><\/td>\n<\/tr>\n<tr>\n<td width=\"16\">\n<p align=\"center\">1<\/p>\n<\/td>\n<td width=\"178\">Gosaldo<\/td>\n<td width=\"334\"><span style=\"font-size: small;\">Progetto integrato di miglioramento della viabilit\u00e0 comunale, salvaguardia dell&#8217;ambiente e servizio scolastico<\/span><\/td>\n<td width=\"67\">\n<p align=\"right\">358.400<\/p>\n<\/td>\n<\/tr>\n<tr>\n<td width=\"16\">\n<p align=\"center\">2<\/p>\n<\/td>\n<td width=\"178\">Falcade<\/td>\n<td width=\"334\"><span style=\"font-size: small;\">C.I.V.I.T.A.S. &#8211; Caviola &#8211; Intervento di viabilit\u00e0, illuminazione, turistico, ambientale e di sicurezza<\/span><\/td>\n<td width=\"67\">\n<p align=\"right\">355.000<\/p>\n<\/td>\n<\/tr>\n<tr>\n<td width=\"16\">\n<p align=\"center\">3<\/p>\n<\/td>\n<td width=\"178\">Sovramonte<\/td>\n<td width=\"334\"><span style=\"font-size: small;\">Abitato di Zorzoi e Sorriva. Rifacimento dell&#8217;impianto di illuminazione pubblica, realizzazione rete per copertura internet wi-fi<\/span><\/td>\n<td width=\"67\">\n<p align=\"right\">358.000<\/p>\n<\/td>\n<\/tr>\n<tr>\n<td width=\"16\">\n<p align=\"center\">4<\/p>\n<\/td>\n<td width=\"178\">Taibon Agordino<\/td>\n<td width=\"334\"><span style=\"font-size: small;\">Potenziamento dei servizi sociali e scolastici su aree territoriali svantaggiate mediante la realizzazione di strutture di aggregazione, con valorizzazione dell&#8217;ambiente e promozione per la diffusione dell&#8217;uso delle energie alternative<\/span><\/td>\n<td width=\"67\">\n<p align=\"right\">358.939<\/p>\n<\/td>\n<\/tr>\n<tr>\n<td width=\"16\">\n<p align=\"center\">5<\/p>\n<\/td>\n<td width=\"178\">Canale d\u2019Agordo<\/td>\n<td width=\"334\"><span style=\"font-size: small;\">Riqualificazione e potenziamento dell&#8217;area sportiva e turistico ricreativa polifunzionale di via Lotta \u2013 2\u00b0 stralcio<\/span><\/td>\n<td width=\"67\">\n<p align=\"right\">358.939<\/p>\n<\/td>\n<\/tr>\n<tr>\n<td width=\"16\">\n<p align=\"center\">6<\/p>\n<\/td>\n<td width=\"178\">Feltre<\/td>\n<td width=\"334\"><span style=\"font-size: small;\">Una sicurezza chiamata famiglia<\/span><\/td>\n<td width=\"67\">\n<p align=\"right\">358.939<\/p>\n<\/td>\n<\/tr>\n<tr>\n<td width=\"16\">\n<p align=\"center\">7<\/p>\n<\/td>\n<td width=\"178\">Arsi\u00e8<\/td>\n<td width=\"334\"><span style=\"font-size: small;\">Progetto di riqualificazione urbana finalizzato alla promozione del turismo nelle frazioni di Fastro e Mellame<\/span><\/td>\n<td width=\"67\">\n<p align=\"right\">353.039<\/p>\n<\/td>\n<\/tr>\n<tr>\n<td width=\"16\">\n<p align=\"center\">8<\/p>\n<\/td>\n<td width=\"178\">Livinallongo del Col di Lana<\/td>\n<td width=\"334\"><span style=\"font-size: small;\">Interventi per la valorizzazione e salvaguardia dell&#8217;ambiente e la promozione dell&#8217;uso delle energie alternative &#8211; Realizzazione di un impianto termico a pellets e di un impianto fotovoltaico su edifici comunali<\/span><\/td>\n<td width=\"67\">\n<p align=\"right\">358.000<\/p>\n<\/td>\n<\/tr>\n<tr>\n<td width=\"16\">\n<p align=\"center\">9<\/p>\n<\/td>\n<td width=\"178\">Comelico Superiore<\/td>\n<td width=\"334\"><span style=\"font-size: small;\">Potenziamento e adeguamento viabilit\u00e0 comunale e percorsi turistici<\/span><\/td>\n<td width=\"67\">\n<p align=\"right\">305.879<\/p>\n<\/td>\n<\/tr>\n<tr>\n<td width=\"16\">\n<p align=\"center\">10<\/p>\n<\/td>\n<td width=\"178\">Cesiomaggiore<\/td>\n<td width=\"334\"><span style=\"font-size: small;\">Miglioramento della viabilit\u00e0 comunale e intercomunale, adeguamento standard di sicurezza tratto della S.P. n.13 della Val Veses mediante la costruzione di un marciapiede, manutenzione e allargamento tratto strada comunale in localit\u00e0 sotto Anzaven<\/span><\/td>\n<td width=\"67\">\n<p align=\"right\">355.000<\/p>\n<\/td>\n<\/tr>\n<tr>\n<td width=\"16\">\n<p align=\"center\">11<\/p>\n<\/td>\n<td width=\"178\">Lamon<\/td>\n<td width=\"334\"><span style=\"font-size: small;\">Sistemazione e riqualificazione urbana delle strade comunali di via Slongo e della Campagna &#8211; realizzazione di infrastrutture<\/span><\/td>\n<td width=\"67\">\n<p align=\"right\">353.000<\/p>\n<\/td>\n<\/tr>\n<tr>\n<td width=\"16\">\n<p align=\"center\">12<\/p>\n<\/td>\n<td width=\"178\">Rocca Pietore<\/td>\n<td width=\"334\"><span style=\"font-size: small;\">Miglioramento della viabilit\u00e0 comunale: allargamento e ammodernamento della strada comunale di Santa Maria delle Grazie<\/span><\/td>\n<td width=\"67\">\n<p align=\"right\">358.000<\/p>\n<\/td>\n<\/tr>\n<tr>\n<td width=\"16\">\n<p align=\"center\">13<\/p>\n<\/td>\n<td width=\"178\">Voltago Agordino<\/td>\n<td width=\"334\"><span style=\"font-size: small;\">Lavori di miglioramento della viabilit\u00e0 comunale e intercomunale mediante interventi nelle Vie Domadore e Vich in localit\u00e0 Frassen\u00e8 nonch\u00e9 realizzazione di marciapiedi in via Trento e Trieste, ex SP 347, nel centro abitato di Voltago Agordino<\/span><\/td>\n<td width=\"67\">\n<p align=\"right\">290.628<\/p>\n<\/td>\n<\/tr>\n<tr>\n<td width=\"16\">\n<p align=\"center\">14<\/p>\n<\/td>\n<td width=\"178\">Auronzo di Cadore<\/td>\n<td width=\"334\"><span style=\"font-size: small;\">Esecuzione, ripristino e adeguamento dei marciapiedi e delle asfaltature del piano viabile comunale<\/span><\/td>\n<td width=\"67\">\n<p align=\"right\">356.000<\/p>\n<\/td>\n<\/tr>\n<\/tbody>\n<\/table>\n<p>&nbsp;<\/p>\n<table width=\"653\" border=\"1\" cellspacing=\"0\" cellpadding=\"7\">\n<colgroup>\n<col width=\"16\" \/>\n<col width=\"179\" \/>\n<col width=\"333\" \/>\n<col width=\"67\" \/><\/colgroup>\n<tbody>\n<tr>\n<td colspan=\"2\" bgcolor=\"#cccccc\" width=\"209\">Provincia di Belluno (14 Comuni)<\/td>\n<td colspan=\"2\" valign=\"top\" width=\"415\"><\/td>\n<\/tr>\n<tr>\n<td width=\"16\">\n<p align=\"center\">1<\/p>\n<\/td>\n<td width=\"179\">Santo Stefano di Cadore<\/td>\n<td width=\"333\"><span style=\"font-size: small;\">Azioni di valorizzazione dell&#8217;ambiente e promozione per il turismo sostenibile<\/span><\/td>\n<td width=\"67\">\n<p align=\"right\">797.303<\/p>\n<\/td>\n<\/tr>\n<tr>\n<td width=\"16\">\n<p align=\"center\">2<\/p>\n<\/td>\n<td width=\"179\">Lorenzago di Cadore<\/td>\n<td width=\"333\"><span style=\"font-size: small;\">Progetto di miglioramento delle dotazioni infrastrutturali del il turismo<\/span><\/td>\n<td width=\"67\">\n<p align=\"right\">796.720<\/p>\n<\/td>\n<\/tr>\n<tr>\n<td width=\"16\">\n<p align=\"center\">3<\/p>\n<\/td>\n<td width=\"179\">Tambre<\/td>\n<td width=\"333\"><span style=\"font-size: small;\">Tambre per tutti. Progetto di miglioramento dell&#8217;offerta turistica e sportiva del territorio comunale mediante l&#8217;implementazione di infrastrutture accessibili anche ai portatori di disabilit\u00e0<\/span><\/td>\n<td width=\"67\">\n<p align=\"right\">812.186<\/p>\n<\/td>\n<\/tr>\n<tr>\n<td width=\"16\">\n<p align=\"center\">4<\/p>\n<\/td>\n<td width=\"179\">Sappada<\/td>\n<td width=\"333\"><span style=\"font-size: small;\">Implementazione dell&#8217;offerta turistica e valorizzazione di alcune zone ad alta valenza ambientale del comune di Sappada<\/span><\/td>\n<td width=\"67\">\n<p align=\"right\">792.000<\/p>\n<\/td>\n<\/tr>\n<tr>\n<td width=\"16\">\n<p align=\"center\">5<\/p>\n<\/td>\n<td width=\"179\">Ospitale di Cadore<\/td>\n<td width=\"333\"><span style=\"font-size: small;\">Lungo la via dei Papi sulle tracce dell&#8217;antico ospizio di Ospitale di Cadore<\/span><\/td>\n<td width=\"67\">\n<p align=\"right\">812.000<\/p>\n<\/td>\n<\/tr>\n<tr>\n<td width=\"16\">\n<p align=\"center\">6<\/p>\n<\/td>\n<td width=\"179\">Castellavazzo<\/td>\n<td width=\"333\"><span style=\"font-size: small;\">Promozione del turismo: sistema museale sulle trasformazioni storiche del territorio di Castellavazzo<\/span><\/td>\n<td width=\"67\">\n<p align=\"right\">789.000<\/p>\n<\/td>\n<\/tr>\n<tr>\n<td width=\"16\">\n<p align=\"center\">7<\/p>\n<\/td>\n<td width=\"179\">Soverzene<\/td>\n<td width=\"333\"><span style=\"font-size: small;\">Interventi di riqualificazione urbana nel capoluogo di Soverzene<\/span><\/td>\n<td width=\"67\">\n<p align=\"right\">789.917<\/p>\n<\/td>\n<\/tr>\n<tr>\n<td width=\"16\">\n<p align=\"center\">8<\/p>\n<\/td>\n<td width=\"179\">Perarolo di Cadore<\/td>\n<td width=\"333\"><span style=\"font-size: small;\">IN.C.A.S.T.R.I. (Interventi Coordinati Ambientali Sociali Turistico Ricreativi Infrastrutturali)<\/span><\/td>\n<td width=\"67\">\n<p align=\"right\">810.000<\/p>\n<\/td>\n<\/tr>\n<tr>\n<td width=\"16\">\n<p align=\"center\">9<\/p>\n<\/td>\n<td width=\"179\">Chies d\u2019Alpago<\/td>\n<td width=\"333\"><span style=\"font-size: small;\">Intervento straordinario di miglioramento della viabilit\u00e0 e sicurezza stradale nel territorio del Comune di Chies d&#8217;Alpago<\/span><\/td>\n<td width=\"67\">\n<p align=\"right\">797.666<\/p>\n<\/td>\n<\/tr>\n<tr>\n<td width=\"16\">\n<p align=\"center\">10<\/p>\n<\/td>\n<td width=\"179\">Vigo di Cadore<\/td>\n<td width=\"333\"><span style=\"font-size: small;\">Riqualificazione urbana di Vigo e Laggio di Cadore<\/span><\/td>\n<td width=\"67\">\n<p align=\"right\">800.000<\/p>\n<\/td>\n<\/tr>\n<tr>\n<td width=\"16\">\n<p align=\"center\">11<\/p>\n<\/td>\n<td width=\"179\">Pieve d\u2019Alpago<\/td>\n<td width=\"333\"><span style=\"font-size: small;\">Progetto per la valorizzazione e promozione del Comune di Pieve d&#8217;Alpago<\/span><\/td>\n<td width=\"67\">\n<p align=\"right\">797.303<\/p>\n<\/td>\n<\/tr>\n<tr>\n<td width=\"16\">\n<p align=\"center\">12<\/p>\n<\/td>\n<td width=\"179\">Domegge di Cadore<\/td>\n<td width=\"333\"><span style=\"font-size: small;\">Nuovo percorso per lo sviluppo turistico. Interventi di valorizzazione ambientale per la riconversione di una strada di transito<\/span><\/td>\n<td width=\"67\">\n<p align=\"right\">811.800<\/p>\n<\/td>\n<\/tr>\n<tr>\n<td width=\"16\">\n<p align=\"center\">13<\/p>\n<\/td>\n<td width=\"179\">Pieve di Cadore<\/td>\n<td width=\"333\"><span style=\"font-size: small;\">Pieve strade sicure \u2013 messa in sicurezza viabilit\u00e0 stradale e ciclo pedonale nella frazione di Tai di Cadore lungo la S.S. 51 di Alemagna<\/span><\/td>\n<td width=\"67\">\n<p align=\"right\">797.117<\/p>\n<\/td>\n<\/tr>\n<tr>\n<td width=\"16\">\n<p align=\"center\">14<\/p>\n<\/td>\n<td width=\"179\">Longarone<\/td>\n<td width=\"333\"><span style=\"font-size: small;\">Miglioramento dell&#8217;efficienza energetica e dell&#8217;impatto ambientale della rete di illuminazione pubblica mediante installazione di impianti alimentati da fonti rinnovabili, riduzione del fabbisogno energetico e dell&#8217;inquinamento luminoso<\/span><\/td>\n<td width=\"67\">\n<p align=\"right\">812.000<\/p>\n<\/td>\n<\/tr>\n<\/tbody>\n<\/table>","protected":false},"excerpt":{"rendered":"<p>La Giunta veneta, su proposta dell\u2019assessore al bilancio e agli Enti locali, Roberto Ciambetti, ha approvato lo schema di protocollo d\u2019intesa che disciplina i rapporti tra la Presidenza del Consiglio dei Ministri e la Regione del Veneto in riferimento agli adempimenti previsti per l\u2019attuazione del \u201cFondo per la valorizzazione e la promozione delle aree territoriali [&hellip;]<\/p>\n","protected":false},"author":2,"featured_media":0,"comment_status":"closed","ping_status":"open","sticky":false,"template":"","format":"standard","meta":{"footnotes":""},"categories":[1],"tags":[],"class_list":["post-47163","post","type-post","status-publish","format-standard","category-leo"],"yoast_head":"<!-- This site is optimized with the Yoast SEO plugin v28.4 - https:\/\/yoast.com\/product\/yoast-seo-wordpress\/ -->\n<title>Aree di confine con Regioni a statuto speciale. La Regione monitora i progetti di 63 comuni per un budget di quasi 40 milioni - Bellunopress - Dolomiti<\/title>\n<meta name=\"robots\" content=\"index, follow, max-snippet:-1, max-image-preview:large, max-video-preview:-1\" \/>\n<link rel=\"canonical\" href=\"https:\/\/www.bellunopress.it\/fr\/2013\/02\/28\/aree-di-confine-con-regioni-a-statuto-speciale-la-regione-monitora-i-progetti-di-63-comuni-per-un-budget-di-quasi-40-milioni\/\" \/>\n<meta property=\"og:locale\" content=\"fr_FR\" \/>\n<meta property=\"og:type\" content=\"article\" \/>\n<meta property=\"og:title\" content=\"Aree di confine con Regioni a statuto speciale. La Regione monitora i progetti di 63 comuni per un budget di quasi 40 milioni - Bellunopress - Dolomiti\" \/>\n<meta property=\"og:description\" content=\"La Giunta veneta, su proposta dell\u2019assessore al bilancio e agli Enti locali, Roberto Ciambetti, ha approvato lo schema di protocollo d\u2019intesa che disciplina i rapporti tra la Presidenza del Consiglio dei Ministri e la Regione del Veneto in riferimento agli adempimenti previsti per l\u2019attuazione del \u201cFondo per la valorizzazione e la promozione delle aree territoriali [&hellip;]\" \/>\n<meta property=\"og:url\" content=\"https:\/\/www.bellunopress.it\/fr\/2013\/02\/28\/aree-di-confine-con-regioni-a-statuto-speciale-la-regione-monitora-i-progetti-di-63-comuni-per-un-budget-di-quasi-40-milioni\/\" \/>\n<meta property=\"og:site_name\" content=\"Bellunopress - Dolomiti\" \/>\n<meta property=\"article:publisher\" content=\"https:\/\/www.facebook.com\/profile.php?id=100008943462799\" \/>\n<meta property=\"article:published_time\" content=\"2013-02-28T13:57:36+00:00\" \/>\n<meta property=\"article:modified_time\" content=\"2013-02-28T18:12:23+00:00\" \/>\n<meta property=\"og:image\" content=\"http:\/\/www.bellunopress.it\/wp-content\/uploads\/2010\/05\/giunta-regionale.jpg\" \/>\n<meta name=\"author\" content=\"redazione\" \/>\n<meta name=\"twitter:card\" content=\"summary_large_image\" \/>\n<meta name=\"twitter:creator\" content=\"@bellunopress\" \/>\n<meta name=\"twitter:site\" content=\"@bellunopress\" \/>\n<meta name=\"twitter:label1\" content=\"\u00c9crit par\" \/>\n\t<meta name=\"twitter:data1\" content=\"redazione\" \/>\n\t<meta name=\"twitter:label2\" content=\"Dur\u00e9e de lecture estim\u00e9e\" \/>\n\t<meta name=\"twitter:data2\" content=\"5 minutes\" \/>\n<script type=\"application\/ld+json\" class=\"yoast-schema-graph\">{\"@context\":\"https:\\\/\\\/schema.org\",\"@graph\":[{\"@type\":\"Article\",\"@id\":\"https:\\\/\\\/www.bellunopress.it\\\/2013\\\/02\\\/28\\\/aree-di-confine-con-regioni-a-statuto-speciale-la-regione-monitora-i-progetti-di-63-comuni-per-un-budget-di-quasi-40-milioni\\\/#article\",\"isPartOf\":{\"@id\":\"https:\\\/\\\/www.bellunopress.it\\\/2013\\\/02\\\/28\\\/aree-di-confine-con-regioni-a-statuto-speciale-la-regione-monitora-i-progetti-di-63-comuni-per-un-budget-di-quasi-40-milioni\\\/\"},\"author\":{\"name\":\"redazione\",\"@id\":\"https:\\\/\\\/www.bellunopress.it\\\/#\\\/schema\\\/person\\\/79bb06722b37ece1c03d3e94beb30d73\"},\"headline\":\"Aree di confine con Regioni a statuto speciale. La Regione monitora i progetti di 63 comuni per un budget di quasi 40 milioni\",\"datePublished\":\"2013-02-28T13:57:36+00:00\",\"dateModified\":\"2013-02-28T18:12:23+00:00\",\"mainEntityOfPage\":{\"@id\":\"https:\\\/\\\/www.bellunopress.it\\\/2013\\\/02\\\/28\\\/aree-di-confine-con-regioni-a-statuto-speciale-la-regione-monitora-i-progetti-di-63-comuni-per-un-budget-di-quasi-40-milioni\\\/\"},\"wordCount\":960,\"publisher\":{\"@id\":\"https:\\\/\\\/www.bellunopress.it\\\/#organization\"},\"image\":{\"@id\":\"https:\\\/\\\/www.bellunopress.it\\\/2013\\\/02\\\/28\\\/aree-di-confine-con-regioni-a-statuto-speciale-la-regione-monitora-i-progetti-di-63-comuni-per-un-budget-di-quasi-40-milioni\\\/#primaryimage\"},\"thumbnailUrl\":\"http:\\\/\\\/www.bellunopress.it\\\/wp-content\\\/uploads\\\/2010\\\/05\\\/giunta-regionale.jpg\",\"articleSection\":[\"Lettere Opinioni\"],\"inLanguage\":\"fr-FR\"},{\"@type\":\"WebPage\",\"@id\":\"https:\\\/\\\/www.bellunopress.it\\\/2013\\\/02\\\/28\\\/aree-di-confine-con-regioni-a-statuto-speciale-la-regione-monitora-i-progetti-di-63-comuni-per-un-budget-di-quasi-40-milioni\\\/\",\"url\":\"https:\\\/\\\/www.bellunopress.it\\\/2013\\\/02\\\/28\\\/aree-di-confine-con-regioni-a-statuto-speciale-la-regione-monitora-i-progetti-di-63-comuni-per-un-budget-di-quasi-40-milioni\\\/\",\"name\":\"Aree di confine con Regioni a statuto speciale. La Regione monitora i progetti di 63 comuni per un budget di quasi 40 milioni - Bellunopress - Dolomiti\",\"isPartOf\":{\"@id\":\"https:\\\/\\\/www.bellunopress.it\\\/#website\"},\"primaryImageOfPage\":{\"@id\":\"https:\\\/\\\/www.bellunopress.it\\\/2013\\\/02\\\/28\\\/aree-di-confine-con-regioni-a-statuto-speciale-la-regione-monitora-i-progetti-di-63-comuni-per-un-budget-di-quasi-40-milioni\\\/#primaryimage\"},\"image\":{\"@id\":\"https:\\\/\\\/www.bellunopress.it\\\/2013\\\/02\\\/28\\\/aree-di-confine-con-regioni-a-statuto-speciale-la-regione-monitora-i-progetti-di-63-comuni-per-un-budget-di-quasi-40-milioni\\\/#primaryimage\"},\"thumbnailUrl\":\"http:\\\/\\\/www.bellunopress.it\\\/wp-content\\\/uploads\\\/2010\\\/05\\\/giunta-regionale.jpg\",\"datePublished\":\"2013-02-28T13:57:36+00:00\",\"dateModified\":\"2013-02-28T18:12:23+00:00\",\"breadcrumb\":{\"@id\":\"https:\\\/\\\/www.bellunopress.it\\\/2013\\\/02\\\/28\\\/aree-di-confine-con-regioni-a-statuto-speciale-la-regione-monitora-i-progetti-di-63-comuni-per-un-budget-di-quasi-40-milioni\\\/#breadcrumb\"},\"inLanguage\":\"fr-FR\",\"potentialAction\":[{\"@type\":\"ReadAction\",\"target\":[\"https:\\\/\\\/www.bellunopress.it\\\/2013\\\/02\\\/28\\\/aree-di-confine-con-regioni-a-statuto-speciale-la-regione-monitora-i-progetti-di-63-comuni-per-un-budget-di-quasi-40-milioni\\\/\"]}]},{\"@type\":\"ImageObject\",\"inLanguage\":\"fr-FR\",\"@id\":\"https:\\\/\\\/www.bellunopress.it\\\/2013\\\/02\\\/28\\\/aree-di-confine-con-regioni-a-statuto-speciale-la-regione-monitora-i-progetti-di-63-comuni-per-un-budget-di-quasi-40-milioni\\\/#primaryimage\",\"url\":\"http:\\\/\\\/www.bellunopress.it\\\/wp-content\\\/uploads\\\/2010\\\/05\\\/giunta-regionale.jpg\",\"contentUrl\":\"http:\\\/\\\/www.bellunopress.it\\\/wp-content\\\/uploads\\\/2010\\\/05\\\/giunta-regionale.jpg\"},{\"@type\":\"BreadcrumbList\",\"@id\":\"https:\\\/\\\/www.bellunopress.it\\\/2013\\\/02\\\/28\\\/aree-di-confine-con-regioni-a-statuto-speciale-la-regione-monitora-i-progetti-di-63-comuni-per-un-budget-di-quasi-40-milioni\\\/#breadcrumb\",\"itemListElement\":[{\"@type\":\"ListItem\",\"position\":1,\"name\":\"Home\",\"item\":\"https:\\\/\\\/www.bellunopress.it\\\/\"},{\"@type\":\"ListItem\",\"position\":2,\"name\":\"Aree di confine con Regioni a statuto speciale. La Regione monitora i progetti di 63 comuni per un budget di quasi 40 milioni\"}]},{\"@type\":\"WebSite\",\"@id\":\"https:\\\/\\\/www.bellunopress.it\\\/#website\",\"url\":\"https:\\\/\\\/www.bellunopress.it\\\/\",\"name\":\"Bellunopress - Dolomiti\",\"description\":\"e-mail: redazione@bellunopress.it\",\"publisher\":{\"@id\":\"https:\\\/\\\/www.bellunopress.it\\\/#organization\"},\"potentialAction\":[{\"@type\":\"SearchAction\",\"target\":{\"@type\":\"EntryPoint\",\"urlTemplate\":\"https:\\\/\\\/www.bellunopress.it\\\/?s={search_term_string}\"},\"query-input\":{\"@type\":\"PropertyValueSpecification\",\"valueRequired\":true,\"valueName\":\"search_term_string\"}}],\"inLanguage\":\"fr-FR\"},{\"@type\":\"Organization\",\"@id\":\"https:\\\/\\\/www.bellunopress.it\\\/#organization\",\"name\":\"Bellunopress\",\"url\":\"https:\\\/\\\/www.bellunopress.it\\\/\",\"logo\":{\"@type\":\"ImageObject\",\"inLanguage\":\"fr-FR\",\"@id\":\"https:\\\/\\\/www.bellunopress.it\\\/#\\\/schema\\\/logo\\\/image\\\/\",\"url\":\"https:\\\/\\\/www.bellunopress.it\\\/wp-content\\\/uploads\\\/2011\\\/05\\\/cropped-logo-bellunopress-.jpg\",\"contentUrl\":\"https:\\\/\\\/www.bellunopress.it\\\/wp-content\\\/uploads\\\/2011\\\/05\\\/cropped-logo-bellunopress-.jpg\",\"width\":512,\"height\":512,\"caption\":\"Bellunopress\"},\"image\":{\"@id\":\"https:\\\/\\\/www.bellunopress.it\\\/#\\\/schema\\\/logo\\\/image\\\/\"},\"sameAs\":[\"https:\\\/\\\/www.facebook.com\\\/profile.php?id=100008943462799\",\"https:\\\/\\\/x.com\\\/bellunopress\",\"https:\\\/\\\/www.linkedin.com\\\/hp\\\/?dnr=JBzUWaJfMUw8vbXJJ2tVW5-I3jZKvC4wsoxE&amp;amp;amp;amp;amp;amp;trk=nav_responsive_tab_home\",\"https:\\\/\\\/www.youtube.com\\\/channel\\\/UCxL0wu1uN0_3_7hGG0306cw\"]},{\"@type\":\"Person\",\"@id\":\"https:\\\/\\\/www.bellunopress.it\\\/#\\\/schema\\\/person\\\/79bb06722b37ece1c03d3e94beb30d73\",\"name\":\"redazione\",\"image\":{\"@type\":\"ImageObject\",\"inLanguage\":\"fr-FR\",\"@id\":\"https:\\\/\\\/secure.gravatar.com\\\/avatar\\\/37d968a2e67a6fd04c169c4bdef102d0bc5d31b2546345219e348575eb80e9a0?s=96&d=mm&r=g\",\"url\":\"https:\\\/\\\/secure.gravatar.com\\\/avatar\\\/37d968a2e67a6fd04c169c4bdef102d0bc5d31b2546345219e348575eb80e9a0?s=96&d=mm&r=g\",\"contentUrl\":\"https:\\\/\\\/secure.gravatar.com\\\/avatar\\\/37d968a2e67a6fd04c169c4bdef102d0bc5d31b2546345219e348575eb80e9a0?s=96&d=mm&r=g\",\"caption\":\"redazione\"},\"sameAs\":[\"http:\\\/\\\/www.bellunopress.it\",\"https:\\\/\\\/x.com\\\/bellunopress\"],\"url\":\"https:\\\/\\\/www.bellunopress.it\\\/fr\\\/author\\\/redazione\\\/\"}]}<\/script>\n<!-- \/ Yoast SEO plugin. -->","yoast_head_json":{"title":"Aree di confine con Regioni a statuto speciale. La Regione monitora i progetti di 63 comuni per un budget di quasi 40 milioni - Bellunopress - Dolomiti","robots":{"index":"index","follow":"follow","max-snippet":"max-snippet:-1","max-image-preview":"max-image-preview:large","max-video-preview":"max-video-preview:-1"},"canonical":"https:\/\/www.bellunopress.it\/fr\/2013\/02\/28\/aree-di-confine-con-regioni-a-statuto-speciale-la-regione-monitora-i-progetti-di-63-comuni-per-un-budget-di-quasi-40-milioni\/","og_locale":"fr_FR","og_type":"article","og_title":"Aree di confine con Regioni a statuto speciale. La Regione monitora i progetti di 63 comuni per un budget di quasi 40 milioni - Bellunopress - Dolomiti","og_description":"La Giunta veneta, su proposta dell\u2019assessore al bilancio e agli Enti locali, Roberto Ciambetti, ha approvato lo schema di protocollo d\u2019intesa che disciplina i rapporti tra la Presidenza del Consiglio dei Ministri e la Regione del Veneto in riferimento agli adempimenti previsti per l\u2019attuazione del \u201cFondo per la valorizzazione e la promozione delle aree territoriali [&hellip;]","og_url":"https:\/\/www.bellunopress.it\/fr\/2013\/02\/28\/aree-di-confine-con-regioni-a-statuto-speciale-la-regione-monitora-i-progetti-di-63-comuni-per-un-budget-di-quasi-40-milioni\/","og_site_name":"Bellunopress - Dolomiti","article_publisher":"https:\/\/www.facebook.com\/profile.php?id=100008943462799","article_published_time":"2013-02-28T13:57:36+00:00","article_modified_time":"2013-02-28T18:12:23+00:00","og_image":[{"url":"http:\/\/www.bellunopress.it\/wp-content\/uploads\/2010\/05\/giunta-regionale.jpg","type":"","width":"","height":""}],"author":"redazione","twitter_card":"summary_large_image","twitter_creator":"@bellunopress","twitter_site":"@bellunopress","twitter_misc":{"\u00c9crit par":"redazione","Dur\u00e9e de lecture estim\u00e9e":"5 minutes"},"schema":{"@context":"https:\/\/schema.org","@graph":[{"@type":"Article","@id":"https:\/\/www.bellunopress.it\/2013\/02\/28\/aree-di-confine-con-regioni-a-statuto-speciale-la-regione-monitora-i-progetti-di-63-comuni-per-un-budget-di-quasi-40-milioni\/#article","isPartOf":{"@id":"https:\/\/www.bellunopress.it\/2013\/02\/28\/aree-di-confine-con-regioni-a-statuto-speciale-la-regione-monitora-i-progetti-di-63-comuni-per-un-budget-di-quasi-40-milioni\/"},"author":{"name":"redazione","@id":"https:\/\/www.bellunopress.it\/#\/schema\/person\/79bb06722b37ece1c03d3e94beb30d73"},"headline":"Aree di confine con Regioni a statuto speciale. La Regione monitora i progetti di 63 comuni per un budget di quasi 40 milioni","datePublished":"2013-02-28T13:57:36+00:00","dateModified":"2013-02-28T18:12:23+00:00","mainEntityOfPage":{"@id":"https:\/\/www.bellunopress.it\/2013\/02\/28\/aree-di-confine-con-regioni-a-statuto-speciale-la-regione-monitora-i-progetti-di-63-comuni-per-un-budget-di-quasi-40-milioni\/"},"wordCount":960,"publisher":{"@id":"https:\/\/www.bellunopress.it\/#organization"},"image":{"@id":"https:\/\/www.bellunopress.it\/2013\/02\/28\/aree-di-confine-con-regioni-a-statuto-speciale-la-regione-monitora-i-progetti-di-63-comuni-per-un-budget-di-quasi-40-milioni\/#primaryimage"},"thumbnailUrl":"http:\/\/www.bellunopress.it\/wp-content\/uploads\/2010\/05\/giunta-regionale.jpg","articleSection":["Lettere Opinioni"],"inLanguage":"fr-FR"},{"@type":"WebPage","@id":"https:\/\/www.bellunopress.it\/2013\/02\/28\/aree-di-confine-con-regioni-a-statuto-speciale-la-regione-monitora-i-progetti-di-63-comuni-per-un-budget-di-quasi-40-milioni\/","url":"https:\/\/www.bellunopress.it\/2013\/02\/28\/aree-di-confine-con-regioni-a-statuto-speciale-la-regione-monitora-i-progetti-di-63-comuni-per-un-budget-di-quasi-40-milioni\/","name":"Aree di confine con Regioni a statuto speciale. La Regione monitora i progetti di 63 comuni per un budget di quasi 40 milioni - Bellunopress - Dolomiti","isPartOf":{"@id":"https:\/\/www.bellunopress.it\/#website"},"primaryImageOfPage":{"@id":"https:\/\/www.bellunopress.it\/2013\/02\/28\/aree-di-confine-con-regioni-a-statuto-speciale-la-regione-monitora-i-progetti-di-63-comuni-per-un-budget-di-quasi-40-milioni\/#primaryimage"},"image":{"@id":"https:\/\/www.bellunopress.it\/2013\/02\/28\/aree-di-confine-con-regioni-a-statuto-speciale-la-regione-monitora-i-progetti-di-63-comuni-per-un-budget-di-quasi-40-milioni\/#primaryimage"},"thumbnailUrl":"http:\/\/www.bellunopress.it\/wp-content\/uploads\/2010\/05\/giunta-regionale.jpg","datePublished":"2013-02-28T13:57:36+00:00","dateModified":"2013-02-28T18:12:23+00:00","breadcrumb":{"@id":"https:\/\/www.bellunopress.it\/2013\/02\/28\/aree-di-confine-con-regioni-a-statuto-speciale-la-regione-monitora-i-progetti-di-63-comuni-per-un-budget-di-quasi-40-milioni\/#breadcrumb"},"inLanguage":"fr-FR","potentialAction":[{"@type":"ReadAction","target":["https:\/\/www.bellunopress.it\/2013\/02\/28\/aree-di-confine-con-regioni-a-statuto-speciale-la-regione-monitora-i-progetti-di-63-comuni-per-un-budget-di-quasi-40-milioni\/"]}]},{"@type":"ImageObject","inLanguage":"fr-FR","@id":"https:\/\/www.bellunopress.it\/2013\/02\/28\/aree-di-confine-con-regioni-a-statuto-speciale-la-regione-monitora-i-progetti-di-63-comuni-per-un-budget-di-quasi-40-milioni\/#primaryimage","url":"http:\/\/www.bellunopress.it\/wp-content\/uploads\/2010\/05\/giunta-regionale.jpg","contentUrl":"http:\/\/www.bellunopress.it\/wp-content\/uploads\/2010\/05\/giunta-regionale.jpg"},{"@type":"BreadcrumbList","@id":"https:\/\/www.bellunopress.it\/2013\/02\/28\/aree-di-confine-con-regioni-a-statuto-speciale-la-regione-monitora-i-progetti-di-63-comuni-per-un-budget-di-quasi-40-milioni\/#breadcrumb","itemListElement":[{"@type":"ListItem","position":1,"name":"Home","item":"https:\/\/www.bellunopress.it\/"},{"@type":"ListItem","position":2,"name":"Aree di confine con Regioni a statuto speciale. La Regione monitora i progetti di 63 comuni per un budget di quasi 40 milioni"}]},{"@type":"WebSite","@id":"https:\/\/www.bellunopress.it\/#website","url":"https:\/\/www.bellunopress.it\/","name":"Bellunopress - Dolomiti","description":"e-mail: redazione@bellunopress.it","publisher":{"@id":"https:\/\/www.bellunopress.it\/#organization"},"potentialAction":[{"@type":"SearchAction","target":{"@type":"EntryPoint","urlTemplate":"https:\/\/www.bellunopress.it\/?s={search_term_string}"},"query-input":{"@type":"PropertyValueSpecification","valueRequired":true,"valueName":"search_term_string"}}],"inLanguage":"fr-FR"},{"@type":"Organization","@id":"https:\/\/www.bellunopress.it\/#organization","name":"Bellunopress","url":"https:\/\/www.bellunopress.it\/","logo":{"@type":"ImageObject","inLanguage":"fr-FR","@id":"https:\/\/www.bellunopress.it\/#\/schema\/logo\/image\/","url":"https:\/\/www.bellunopress.it\/wp-content\/uploads\/2011\/05\/cropped-logo-bellunopress-.jpg","contentUrl":"https:\/\/www.bellunopress.it\/wp-content\/uploads\/2011\/05\/cropped-logo-bellunopress-.jpg","width":512,"height":512,"caption":"Bellunopress"},"image":{"@id":"https:\/\/www.bellunopress.it\/#\/schema\/logo\/image\/"},"sameAs":["https:\/\/www.facebook.com\/profile.php?id=100008943462799","https:\/\/x.com\/bellunopress","https:\/\/www.linkedin.com\/hp\/?dnr=JBzUWaJfMUw8vbXJJ2tVW5-I3jZKvC4wsoxE&amp;amp;amp;amp;amp;amp;trk=nav_responsive_tab_home","https:\/\/www.youtube.com\/channel\/UCxL0wu1uN0_3_7hGG0306cw"]},{"@type":"Person","@id":"https:\/\/www.bellunopress.it\/#\/schema\/person\/79bb06722b37ece1c03d3e94beb30d73","name":"r\u00e9daction","image":{"@type":"ImageObject","inLanguage":"fr-FR","@id":"https:\/\/secure.gravatar.com\/avatar\/37d968a2e67a6fd04c169c4bdef102d0bc5d31b2546345219e348575eb80e9a0?s=96&d=mm&r=g","url":"https:\/\/secure.gravatar.com\/avatar\/37d968a2e67a6fd04c169c4bdef102d0bc5d31b2546345219e348575eb80e9a0?s=96&d=mm&r=g","contentUrl":"https:\/\/secure.gravatar.com\/avatar\/37d968a2e67a6fd04c169c4bdef102d0bc5d31b2546345219e348575eb80e9a0?s=96&d=mm&r=g","caption":"redazione"},"sameAs":["http:\/\/www.bellunopress.it","https:\/\/x.com\/bellunopress"],"url":"https:\/\/www.bellunopress.it\/fr\/author\/redazione\/"}]}},"_links":{"self":[{"href":"https:\/\/www.bellunopress.it\/fr\/wp-json\/wp\/v2\/posts\/47163","targetHints":{"allow":["GET"]}}],"collection":[{"href":"https:\/\/www.bellunopress.it\/fr\/wp-json\/wp\/v2\/posts"}],"about":[{"href":"https:\/\/www.bellunopress.it\/fr\/wp-json\/wp\/v2\/types\/post"}],"author":[{"embeddable":true,"href":"https:\/\/www.bellunopress.it\/fr\/wp-json\/wp\/v2\/users\/2"}],"replies":[{"embeddable":true,"href":"https:\/\/www.bellunopress.it\/fr\/wp-json\/wp\/v2\/comments?post=47163"}],"version-history":[{"count":3,"href":"https:\/\/www.bellunopress.it\/fr\/wp-json\/wp\/v2\/posts\/47163\/revisions"}],"predecessor-version":[{"id":47186,"href":"https:\/\/www.bellunopress.it\/fr\/wp-json\/wp\/v2\/posts\/47163\/revisions\/47186"}],"wp:attachment":[{"href":"https:\/\/www.bellunopress.it\/fr\/wp-json\/wp\/v2\/media?parent=47163"}],"wp:term":[{"taxonomy":"category","embeddable":true,"href":"https:\/\/www.bellunopress.it\/fr\/wp-json\/wp\/v2\/categories?post=47163"},{"taxonomy":"post_tag","embeddable":true,"href":"https:\/\/www.bellunopress.it\/fr\/wp-json\/wp\/v2\/tags?post=47163"}],"curies":[{"name":"wp","href":"https:\/\/api.w.org\/{rel}","templated":true}]}}