{"id":47160,"date":"2013-02-28T14:20:28","date_gmt":"2013-02-28T13:20:28","guid":{"rendered":"http:\/\/www.bellunopress.it\/?p=47160"},"modified":"2013-02-28T14:20:28","modified_gmt":"2013-02-28T13:20:28","slug":"regione-dolomiti-autodeterminazione-indipendenza-il-parere-del-costituzionalista-trabucco-allincontro-di-cortina","status":"publish","type":"post","link":"https:\/\/www.bellunopress.it\/fr\/2013\/02\/28\/regione-dolomiti-autodeterminazione-indipendenza-il-parere-del-costituzionalista-trabucco-allincontro-di-cortina\/","title":{"rendered":"Regione Dolomiti, autodeterminazione, indipendenza. Il parere del costituzionalista Trabucco all&#8217;incontro di Cortina"},"content":{"rendered":"<p>Ho partecipato all\u2019incontro con il costituzionalista Daniele Trabucco al Miramonti Majestic di Cortina il 27 febbraio organizzato da Cortina Vacanza Oggi.<\/p>\n<p>E\u2019 stata un\u2019ottima iniziativa di approfondimento su importanti temi, a me cari.<\/p>\n<p>La proposta di creare una Regione Dolomiti \u00e8 stata analizzata in molti dei suoi aspetti strutturali, dimostrando tuttavia vari punti di debolezza.<\/p>\n<p>A cominciare dal nome, inadatto per accogliere tutte le comunit\u00e0 necessarie a darle un senso sociale, economico e costituzionale (almeno 1 milione di persone).<\/p>\n<p>La differenza culturale e di aspettative che caratterizza tali comunit\u00e0, ben descritta dalla Presidente delle comunit\u00e0 Ladine, Elsa Zardini<\/p>\n<p>La sordit\u00e0 dell\u2019interlocutore statale, che non ha dato bado ad iniziative passate, alcune estemporanee, ma alcune (vedi quella delle comunit\u00e0 ladine di Cortina, Colle e Livinallongo) molto ben strutturate.<\/p>\n<p>La definizione costituzionale italiana di Autodeterminazione, riconosciuta come il semplice diritto di dichiarare una propria posizione, ma nulla pi\u00f9.<\/p>\n<p>Il quesito con il quale il relatore ha chiuso la sua autorevole dissertazione: baster\u00e0 la creazione della regione montana a risolvere i problemi economici delle popolazioni interessate colpite pi\u00f9 di altre dalla crisi economica occidentale?<\/p>\n<p>Sono confortato dal poter dare 5 risposte positive alle 5 criticit\u00e0 continuando a perseguire il progetto del PAB, ora confluito in quello di Indipendenza Veneta.<\/p>\n<p>Attraverso un referendum popolare chiedere all\u2019Europa di dare concretezza al diritto veneto all\u2019autodeterminazione nella sua accezione internazionale (sancita dal trattato di New York del 1966) come Scozia, Catalogna, Groenlandia, Kosovo, Montenegro, etc.<\/p>\n<p>La giusta autonomia del territorio montano bellunese organizzato in comunit\u00e0 di valle in un\u2019unica vera Regione Dolomiti di una nazione Veneto, indipendente ed economicamente sana e virtuosa.<\/p>\n<p>Le soluzioni ci sono, basta alzare lo sguardo e coglierle.<\/p>\n<p>Massimo Vidori &#8211;\u00a0 Indipendenza Veneta<\/p>","protected":false},"excerpt":{"rendered":"<p>Ho partecipato all\u2019incontro con il costituzionalista Daniele Trabucco al Miramonti Majestic di Cortina il 27 febbraio organizzato da Cortina Vacanza Oggi. E\u2019 stata un\u2019ottima iniziativa di approfondimento su importanti temi, a me cari. La proposta di creare una Regione Dolomiti \u00e8 stata analizzata in molti dei suoi aspetti strutturali, dimostrando tuttavia vari punti di debolezza. [&hellip;]<\/p>\n","protected":false},"author":2,"featured_media":0,"comment_status":"closed","ping_status":"open","sticky":false,"template":"","format":"standard","meta":{"footnotes":""},"categories":[5,26],"tags":[],"class_list":["post-47160","post","type-post","status-publish","format-standard","category-cronaca","category-prima-pagina"],"yoast_head":"<!-- This site is optimized with the Yoast SEO plugin v28.4 - https:\/\/yoast.com\/product\/yoast-seo-wordpress\/ -->\n<title>Regione Dolomiti, autodeterminazione, indipendenza. Il parere del costituzionalista Trabucco all&#039;incontro di Cortina  - Bellunopress - Dolomiti<\/title>\n<meta name=\"robots\" content=\"index, follow, max-snippet:-1, max-image-preview:large, max-video-preview:-1\" \/>\n<link rel=\"canonical\" href=\"https:\/\/www.bellunopress.it\/fr\/2013\/02\/28\/regione-dolomiti-autodeterminazione-indipendenza-il-parere-del-costituzionalista-trabucco-allincontro-di-cortina\/\" \/>\n<meta property=\"og:locale\" content=\"fr_FR\" \/>\n<meta property=\"og:type\" content=\"article\" \/>\n<meta property=\"og:title\" content=\"Regione Dolomiti, autodeterminazione, indipendenza. Il parere del costituzionalista Trabucco all&#039;incontro di Cortina  - Bellunopress - Dolomiti\" \/>\n<meta property=\"og:description\" content=\"Ho partecipato all\u2019incontro con il costituzionalista Daniele Trabucco al Miramonti Majestic di Cortina il 27 febbraio organizzato da Cortina Vacanza Oggi. E\u2019 stata un\u2019ottima iniziativa di approfondimento su importanti temi, a me cari. La proposta di creare una Regione Dolomiti \u00e8 stata analizzata in molti dei suoi aspetti strutturali, dimostrando tuttavia vari punti di debolezza. [&hellip;]\" \/>\n<meta property=\"og:url\" content=\"https:\/\/www.bellunopress.it\/fr\/2013\/02\/28\/regione-dolomiti-autodeterminazione-indipendenza-il-parere-del-costituzionalista-trabucco-allincontro-di-cortina\/\" \/>\n<meta property=\"og:site_name\" content=\"Bellunopress - Dolomiti\" \/>\n<meta property=\"article:publisher\" content=\"https:\/\/www.facebook.com\/profile.php?id=100008943462799\" \/>\n<meta property=\"article:published_time\" content=\"2013-02-28T13:20:28+00:00\" \/>\n<meta property=\"og:image\" content=\"http:\/\/www.bellunopress.it\/wp-content\/uploads\/2012\/07\/logo-bellunopress-250x250-2012.jpg\" \/>\n<meta name=\"author\" content=\"redazione\" \/>\n<meta name=\"twitter:card\" content=\"summary_large_image\" \/>\n<meta name=\"twitter:creator\" content=\"@bellunopress\" \/>\n<meta name=\"twitter:site\" content=\"@bellunopress\" \/>\n<meta name=\"twitter:label1\" content=\"\u00c9crit par\" \/>\n\t<meta name=\"twitter:data1\" content=\"redazione\" \/>\n\t<meta name=\"twitter:label2\" content=\"Dur\u00e9e de lecture estim\u00e9e\" \/>\n\t<meta name=\"twitter:data2\" content=\"1 minute\" \/>\n<script type=\"application\/ld+json\" class=\"yoast-schema-graph\">{\"@context\":\"https:\\\/\\\/schema.org\",\"@graph\":[{\"@type\":\"Article\",\"@id\":\"https:\\\/\\\/www.bellunopress.it\\\/2013\\\/02\\\/28\\\/regione-dolomiti-autodeterminazione-indipendenza-il-parere-del-costituzionalista-trabucco-allincontro-di-cortina\\\/#article\",\"isPartOf\":{\"@id\":\"https:\\\/\\\/www.bellunopress.it\\\/2013\\\/02\\\/28\\\/regione-dolomiti-autodeterminazione-indipendenza-il-parere-del-costituzionalista-trabucco-allincontro-di-cortina\\\/\"},\"author\":{\"name\":\"redazione\",\"@id\":\"https:\\\/\\\/www.bellunopress.it\\\/#\\\/schema\\\/person\\\/79bb06722b37ece1c03d3e94beb30d73\"},\"headline\":\"Regione Dolomiti, autodeterminazione, indipendenza. Il parere del costituzionalista Trabucco all&#8217;incontro di Cortina\",\"datePublished\":\"2013-02-28T13:20:28+00:00\",\"mainEntityOfPage\":{\"@id\":\"https:\\\/\\\/www.bellunopress.it\\\/2013\\\/02\\\/28\\\/regione-dolomiti-autodeterminazione-indipendenza-il-parere-del-costituzionalista-trabucco-allincontro-di-cortina\\\/\"},\"wordCount\":293,\"publisher\":{\"@id\":\"https:\\\/\\\/www.bellunopress.it\\\/#organization\"},\"articleSection\":[\"Cronaca\\\/Politica\",\"Prima Pagina\"],\"inLanguage\":\"fr-FR\"},{\"@type\":\"WebPage\",\"@id\":\"https:\\\/\\\/www.bellunopress.it\\\/2013\\\/02\\\/28\\\/regione-dolomiti-autodeterminazione-indipendenza-il-parere-del-costituzionalista-trabucco-allincontro-di-cortina\\\/\",\"url\":\"https:\\\/\\\/www.bellunopress.it\\\/2013\\\/02\\\/28\\\/regione-dolomiti-autodeterminazione-indipendenza-il-parere-del-costituzionalista-trabucco-allincontro-di-cortina\\\/\",\"name\":\"Regione Dolomiti, autodeterminazione, indipendenza. Il parere del costituzionalista Trabucco all'incontro di Cortina - Bellunopress - Dolomiti\",\"isPartOf\":{\"@id\":\"https:\\\/\\\/www.bellunopress.it\\\/#website\"},\"datePublished\":\"2013-02-28T13:20:28+00:00\",\"breadcrumb\":{\"@id\":\"https:\\\/\\\/www.bellunopress.it\\\/2013\\\/02\\\/28\\\/regione-dolomiti-autodeterminazione-indipendenza-il-parere-del-costituzionalista-trabucco-allincontro-di-cortina\\\/#breadcrumb\"},\"inLanguage\":\"fr-FR\",\"potentialAction\":[{\"@type\":\"ReadAction\",\"target\":[\"https:\\\/\\\/www.bellunopress.it\\\/2013\\\/02\\\/28\\\/regione-dolomiti-autodeterminazione-indipendenza-il-parere-del-costituzionalista-trabucco-allincontro-di-cortina\\\/\"]}]},{\"@type\":\"BreadcrumbList\",\"@id\":\"https:\\\/\\\/www.bellunopress.it\\\/2013\\\/02\\\/28\\\/regione-dolomiti-autodeterminazione-indipendenza-il-parere-del-costituzionalista-trabucco-allincontro-di-cortina\\\/#breadcrumb\",\"itemListElement\":[{\"@type\":\"ListItem\",\"position\":1,\"name\":\"Home\",\"item\":\"https:\\\/\\\/www.bellunopress.it\\\/\"},{\"@type\":\"ListItem\",\"position\":2,\"name\":\"Regione Dolomiti, autodeterminazione, indipendenza. Il parere del costituzionalista Trabucco all&#8217;incontro di Cortina\"}]},{\"@type\":\"WebSite\",\"@id\":\"https:\\\/\\\/www.bellunopress.it\\\/#website\",\"url\":\"https:\\\/\\\/www.bellunopress.it\\\/\",\"name\":\"Bellunopress - Dolomiti\",\"description\":\"e-mail: redazione@bellunopress.it\",\"publisher\":{\"@id\":\"https:\\\/\\\/www.bellunopress.it\\\/#organization\"},\"potentialAction\":[{\"@type\":\"SearchAction\",\"target\":{\"@type\":\"EntryPoint\",\"urlTemplate\":\"https:\\\/\\\/www.bellunopress.it\\\/?s={search_term_string}\"},\"query-input\":{\"@type\":\"PropertyValueSpecification\",\"valueRequired\":true,\"valueName\":\"search_term_string\"}}],\"inLanguage\":\"fr-FR\"},{\"@type\":\"Organization\",\"@id\":\"https:\\\/\\\/www.bellunopress.it\\\/#organization\",\"name\":\"Bellunopress\",\"url\":\"https:\\\/\\\/www.bellunopress.it\\\/\",\"logo\":{\"@type\":\"ImageObject\",\"inLanguage\":\"fr-FR\",\"@id\":\"https:\\\/\\\/www.bellunopress.it\\\/#\\\/schema\\\/logo\\\/image\\\/\",\"url\":\"https:\\\/\\\/www.bellunopress.it\\\/wp-content\\\/uploads\\\/2011\\\/05\\\/cropped-logo-bellunopress-.jpg\",\"contentUrl\":\"https:\\\/\\\/www.bellunopress.it\\\/wp-content\\\/uploads\\\/2011\\\/05\\\/cropped-logo-bellunopress-.jpg\",\"width\":512,\"height\":512,\"caption\":\"Bellunopress\"},\"image\":{\"@id\":\"https:\\\/\\\/www.bellunopress.it\\\/#\\\/schema\\\/logo\\\/image\\\/\"},\"sameAs\":[\"https:\\\/\\\/www.facebook.com\\\/profile.php?id=100008943462799\",\"https:\\\/\\\/x.com\\\/bellunopress\",\"https:\\\/\\\/www.linkedin.com\\\/hp\\\/?dnr=JBzUWaJfMUw8vbXJJ2tVW5-I3jZKvC4wsoxE&amp;amp;amp;amp;amp;amp;trk=nav_responsive_tab_home\",\"https:\\\/\\\/www.youtube.com\\\/channel\\\/UCxL0wu1uN0_3_7hGG0306cw\"]},{\"@type\":\"Person\",\"@id\":\"https:\\\/\\\/www.bellunopress.it\\\/#\\\/schema\\\/person\\\/79bb06722b37ece1c03d3e94beb30d73\",\"name\":\"redazione\",\"image\":{\"@type\":\"ImageObject\",\"inLanguage\":\"fr-FR\",\"@id\":\"https:\\\/\\\/secure.gravatar.com\\\/avatar\\\/37d968a2e67a6fd04c169c4bdef102d0bc5d31b2546345219e348575eb80e9a0?s=96&d=mm&r=g\",\"url\":\"https:\\\/\\\/secure.gravatar.com\\\/avatar\\\/37d968a2e67a6fd04c169c4bdef102d0bc5d31b2546345219e348575eb80e9a0?s=96&d=mm&r=g\",\"contentUrl\":\"https:\\\/\\\/secure.gravatar.com\\\/avatar\\\/37d968a2e67a6fd04c169c4bdef102d0bc5d31b2546345219e348575eb80e9a0?s=96&d=mm&r=g\",\"caption\":\"redazione\"},\"sameAs\":[\"http:\\\/\\\/www.bellunopress.it\",\"https:\\\/\\\/x.com\\\/bellunopress\"],\"url\":\"https:\\\/\\\/www.bellunopress.it\\\/fr\\\/author\\\/redazione\\\/\"}]}<\/script>\n<!-- \/ Yoast SEO plugin. -->","yoast_head_json":{"title":"Regione Dolomiti, autodeterminazione, indipendenza. Il parere del costituzionalista Trabucco all'incontro di Cortina  - Bellunopress - Dolomiti","robots":{"index":"index","follow":"follow","max-snippet":"max-snippet:-1","max-image-preview":"max-image-preview:large","max-video-preview":"max-video-preview:-1"},"canonical":"https:\/\/www.bellunopress.it\/fr\/2013\/02\/28\/regione-dolomiti-autodeterminazione-indipendenza-il-parere-del-costituzionalista-trabucco-allincontro-di-cortina\/","og_locale":"fr_FR","og_type":"article","og_title":"Regione Dolomiti, autodeterminazione, indipendenza. Il parere del costituzionalista Trabucco all'incontro di Cortina  - Bellunopress - Dolomiti","og_description":"Ho partecipato all\u2019incontro con il costituzionalista Daniele Trabucco al Miramonti Majestic di Cortina il 27 febbraio organizzato da Cortina Vacanza Oggi. E\u2019 stata un\u2019ottima iniziativa di approfondimento su importanti temi, a me cari. La proposta di creare una Regione Dolomiti \u00e8 stata analizzata in molti dei suoi aspetti strutturali, dimostrando tuttavia vari punti di debolezza. [&hellip;]","og_url":"https:\/\/www.bellunopress.it\/fr\/2013\/02\/28\/regione-dolomiti-autodeterminazione-indipendenza-il-parere-del-costituzionalista-trabucco-allincontro-di-cortina\/","og_site_name":"Bellunopress - Dolomiti","article_publisher":"https:\/\/www.facebook.com\/profile.php?id=100008943462799","article_published_time":"2013-02-28T13:20:28+00:00","og_image":[{"url":"http:\/\/www.bellunopress.it\/wp-content\/uploads\/2012\/07\/logo-bellunopress-250x250-2012.jpg","type":"","width":"","height":""}],"author":"redazione","twitter_card":"summary_large_image","twitter_creator":"@bellunopress","twitter_site":"@bellunopress","twitter_misc":{"\u00c9crit par":"redazione","Dur\u00e9e de lecture estim\u00e9e":"1 minute"},"schema":{"@context":"https:\/\/schema.org","@graph":[{"@type":"Article","@id":"https:\/\/www.bellunopress.it\/2013\/02\/28\/regione-dolomiti-autodeterminazione-indipendenza-il-parere-del-costituzionalista-trabucco-allincontro-di-cortina\/#article","isPartOf":{"@id":"https:\/\/www.bellunopress.it\/2013\/02\/28\/regione-dolomiti-autodeterminazione-indipendenza-il-parere-del-costituzionalista-trabucco-allincontro-di-cortina\/"},"author":{"name":"redazione","@id":"https:\/\/www.bellunopress.it\/#\/schema\/person\/79bb06722b37ece1c03d3e94beb30d73"},"headline":"Regione Dolomiti, autodeterminazione, indipendenza. Il parere del costituzionalista Trabucco all&#8217;incontro di Cortina","datePublished":"2013-02-28T13:20:28+00:00","mainEntityOfPage":{"@id":"https:\/\/www.bellunopress.it\/2013\/02\/28\/regione-dolomiti-autodeterminazione-indipendenza-il-parere-del-costituzionalista-trabucco-allincontro-di-cortina\/"},"wordCount":293,"publisher":{"@id":"https:\/\/www.bellunopress.it\/#organization"},"articleSection":["Cronaca\/Politica","Prima Pagina"],"inLanguage":"fr-FR"},{"@type":"WebPage","@id":"https:\/\/www.bellunopress.it\/2013\/02\/28\/regione-dolomiti-autodeterminazione-indipendenza-il-parere-del-costituzionalista-trabucco-allincontro-di-cortina\/","url":"https:\/\/www.bellunopress.it\/2013\/02\/28\/regione-dolomiti-autodeterminazione-indipendenza-il-parere-del-costituzionalista-trabucco-allincontro-di-cortina\/","name":"Regione Dolomiti, autodeterminazione, indipendenza. Il parere del costituzionalista Trabucco all'incontro di Cortina - Bellunopress - Dolomiti","isPartOf":{"@id":"https:\/\/www.bellunopress.it\/#website"},"datePublished":"2013-02-28T13:20:28+00:00","breadcrumb":{"@id":"https:\/\/www.bellunopress.it\/2013\/02\/28\/regione-dolomiti-autodeterminazione-indipendenza-il-parere-del-costituzionalista-trabucco-allincontro-di-cortina\/#breadcrumb"},"inLanguage":"fr-FR","potentialAction":[{"@type":"ReadAction","target":["https:\/\/www.bellunopress.it\/2013\/02\/28\/regione-dolomiti-autodeterminazione-indipendenza-il-parere-del-costituzionalista-trabucco-allincontro-di-cortina\/"]}]},{"@type":"BreadcrumbList","@id":"https:\/\/www.bellunopress.it\/2013\/02\/28\/regione-dolomiti-autodeterminazione-indipendenza-il-parere-del-costituzionalista-trabucco-allincontro-di-cortina\/#breadcrumb","itemListElement":[{"@type":"ListItem","position":1,"name":"Home","item":"https:\/\/www.bellunopress.it\/"},{"@type":"ListItem","position":2,"name":"Regione Dolomiti, autodeterminazione, indipendenza. Il parere del costituzionalista Trabucco all&#8217;incontro di Cortina"}]},{"@type":"WebSite","@id":"https:\/\/www.bellunopress.it\/#website","url":"https:\/\/www.bellunopress.it\/","name":"Bellunopress - Dolomiti","description":"e-mail: redazione@bellunopress.it","publisher":{"@id":"https:\/\/www.bellunopress.it\/#organization"},"potentialAction":[{"@type":"SearchAction","target":{"@type":"EntryPoint","urlTemplate":"https:\/\/www.bellunopress.it\/?s={search_term_string}"},"query-input":{"@type":"PropertyValueSpecification","valueRequired":true,"valueName":"search_term_string"}}],"inLanguage":"fr-FR"},{"@type":"Organization","@id":"https:\/\/www.bellunopress.it\/#organization","name":"Bellunopress","url":"https:\/\/www.bellunopress.it\/","logo":{"@type":"ImageObject","inLanguage":"fr-FR","@id":"https:\/\/www.bellunopress.it\/#\/schema\/logo\/image\/","url":"https:\/\/www.bellunopress.it\/wp-content\/uploads\/2011\/05\/cropped-logo-bellunopress-.jpg","contentUrl":"https:\/\/www.bellunopress.it\/wp-content\/uploads\/2011\/05\/cropped-logo-bellunopress-.jpg","width":512,"height":512,"caption":"Bellunopress"},"image":{"@id":"https:\/\/www.bellunopress.it\/#\/schema\/logo\/image\/"},"sameAs":["https:\/\/www.facebook.com\/profile.php?id=100008943462799","https:\/\/x.com\/bellunopress","https:\/\/www.linkedin.com\/hp\/?dnr=JBzUWaJfMUw8vbXJJ2tVW5-I3jZKvC4wsoxE&amp;amp;amp;amp;amp;amp;trk=nav_responsive_tab_home","https:\/\/www.youtube.com\/channel\/UCxL0wu1uN0_3_7hGG0306cw"]},{"@type":"Person","@id":"https:\/\/www.bellunopress.it\/#\/schema\/person\/79bb06722b37ece1c03d3e94beb30d73","name":"r\u00e9daction","image":{"@type":"ImageObject","inLanguage":"fr-FR","@id":"https:\/\/secure.gravatar.com\/avatar\/37d968a2e67a6fd04c169c4bdef102d0bc5d31b2546345219e348575eb80e9a0?s=96&d=mm&r=g","url":"https:\/\/secure.gravatar.com\/avatar\/37d968a2e67a6fd04c169c4bdef102d0bc5d31b2546345219e348575eb80e9a0?s=96&d=mm&r=g","contentUrl":"https:\/\/secure.gravatar.com\/avatar\/37d968a2e67a6fd04c169c4bdef102d0bc5d31b2546345219e348575eb80e9a0?s=96&d=mm&r=g","caption":"redazione"},"sameAs":["http:\/\/www.bellunopress.it","https:\/\/x.com\/bellunopress"],"url":"https:\/\/www.bellunopress.it\/fr\/author\/redazione\/"}]}},"_links":{"self":[{"href":"https:\/\/www.bellunopress.it\/fr\/wp-json\/wp\/v2\/posts\/47160","targetHints":{"allow":["GET"]}}],"collection":[{"href":"https:\/\/www.bellunopress.it\/fr\/wp-json\/wp\/v2\/posts"}],"about":[{"href":"https:\/\/www.bellunopress.it\/fr\/wp-json\/wp\/v2\/types\/post"}],"author":[{"embeddable":true,"href":"https:\/\/www.bellunopress.it\/fr\/wp-json\/wp\/v2\/users\/2"}],"replies":[{"embeddable":true,"href":"https:\/\/www.bellunopress.it\/fr\/wp-json\/wp\/v2\/comments?post=47160"}],"version-history":[{"count":1,"href":"https:\/\/www.bellunopress.it\/fr\/wp-json\/wp\/v2\/posts\/47160\/revisions"}],"predecessor-version":[{"id":47161,"href":"https:\/\/www.bellunopress.it\/fr\/wp-json\/wp\/v2\/posts\/47160\/revisions\/47161"}],"wp:attachment":[{"href":"https:\/\/www.bellunopress.it\/fr\/wp-json\/wp\/v2\/media?parent=47160"}],"wp:term":[{"taxonomy":"category","embeddable":true,"href":"https:\/\/www.bellunopress.it\/fr\/wp-json\/wp\/v2\/categories?post=47160"},{"taxonomy":"post_tag","embeddable":true,"href":"https:\/\/www.bellunopress.it\/fr\/wp-json\/wp\/v2\/tags?post=47160"}],"curies":[{"name":"wp","href":"https:\/\/api.w.org\/{rel}","templated":true}]}}