{"id":47142,"date":"2013-02-27T17:55:05","date_gmt":"2013-02-27T16:55:05","guid":{"rendered":"http:\/\/www.bellunopress.it\/?p=47142"},"modified":"2013-02-27T17:59:25","modified_gmt":"2013-02-27T16:59:25","slug":"soccorso-alpino-fabio-bristot-rispetto-al-quinquennio-20032007-quello-attuale-2008-2012-il-numero-degli-interventi-e-aumentato-del-3185","status":"publish","type":"post","link":"https:\/\/www.bellunopress.it\/fr\/2013\/02\/27\/soccorso-alpino-fabio-bristot-rispetto-al-quinquennio-20032007-quello-attuale-2008-2012-il-numero-degli-interventi-e-aumentato-del-3185\/","title":{"rendered":"Soccorso alpino. Fabio Bristot: &#8220;rispetto al quinquennio 2003\/2007, quello attuale 2008-2012 il numero degli interventi \u00e8 aumentato del +31,85%&#8221;"},"content":{"rendered":"<p>Pubblichiamo la relazione annuale completa dell&#8217;attivit\u00e0 svolta dal Soccorso alpino del Delegato Cnsas II^ Zona Dolomiti Bellunesi Fabio Bristot (Rufus).<\/p>\n<figure id=\"attachment_448\" aria-describedby=\"caption-attachment-448\" style=\"width: 256px\" class=\"wp-caption alignleft\"><a href=\"http:\/\/www.bellunopress.it\/wp-content\/uploads\/2009\/02\/fabio-bristot-rufus-delegato-socc-alpino-bl.jpg\"><img loading=\"lazy\" decoding=\"async\" class=\"size-full wp-image-448\" alt=\"Fabio Bristot (Rufus)\" src=\"http:\/\/www.bellunopress.it\/wp-content\/uploads\/2009\/02\/fabio-bristot-rufus-delegato-socc-alpino-bl.jpg\" width=\"256\" height=\"181\" \/><\/a><figcaption id=\"caption-attachment-448\" class=\"wp-caption-text\">Fabio Bristot (Rufus)<\/figcaption><\/figure>\n<p>Anche il 2012, cos\u00ec come avvenuto con lo stesso, intenso dolore nel 2009 e nel 2011, ha duramente segnato il CNSAS. Il 10 agosto, alle 09.15 ca., nel corso di una salita alpinistica di carattere privato sul Monte Cridola, a causa del colassamento della sosta formata da chiodo e clessidra, Andrea Zanon, David Cecchin e Maudi De March, Volontari della Stazione CNSAS dell\u2019Alpago, precipitavano sul sottostante zoccolo roccio, morendo all\u2019istante.<\/p>\n<p>Pietoso il recupero delle salme avvenuta per opera del personale dell\u2019elisoccorso del SUEM 118 (Tecnico di elisoccorso e medico) e della Stazione CNSAS del Centro Cadore.<\/p>\n<p>Un altro tributo donato alla montagna e a chi la frequenta da parte del personale CNSAS. Prima delle fredde cifre, ad Andrea, David e Maudi il nostro ricordo vero ed autentico.<\/p>\n<p>&nbsp;<\/p>\n<p><strong><a href=\"http:\/\/www.bellunopress.it\/wp-content\/uploads\/2012\/07\/soccorso-alpino.jpg\"><img loading=\"lazy\" decoding=\"async\" class=\"alignleft size-full wp-image-39722\" alt=\"soccorso alpino\" src=\"http:\/\/www.bellunopress.it\/wp-content\/uploads\/2012\/07\/soccorso-alpino.jpg\" width=\"196\" height=\"282\" \/><\/a>PREMESSA<\/strong><\/p>\n<p>In questa relazione analitica non vengono considerati, anche se i relativi numeri sono ormai davvero importanti anche dal punto di vista statistico, tutti gli interventi effettuati dai Servizi di Elisoccorso di Pieve di Cadore e Treviso in configurazione H.S.A.R. (presenza del personale CNSAS) in ambiente non ostile ed impervio, ovvero in ambienti antropizzati, arterie stradali, ambiti lavorativi in ambienti e scenari controllati, ecc..<\/p>\n<p>Per questioni legate alla statistica propria del CNSAS questi dati non sono stati ovviamente contemplati.<\/p>\n<p>Sono diversamente stati inseriti gli interventi di protezione civile effettuati in ambiente ostile ed impervio. Gli stessi sono stati conteggiati secondo un metodo fortemente riduttivo da un punto di vista statistico (es. 23 interventi nella Marche nella cos\u00ec detta \u201cemergenza neve\u201d sono stati conteggiati come un unico intervento). Analogamente, quando in uno stessa missione di soccorso concorrono pi\u00f9 Stazioni CNSAS (es. intervento di ricerca e soccorso persona dispersa o altro intervento complesso), viene calcolato un unico intervento con la sommatoria di tutti i Volontari intervenuti.<\/p>\n<p>Infine, sono stati come sempre introdotti i dati relativi all\u2019attivit\u00e0 di soccorso pista effettuata dal personale CNSAS nei vari comprensori sciistici della provincia e che, nell\u2019ultimo biennio \u00e8 andata certamente intesificandosi.<\/p>\n<p>&nbsp;<\/p>\n<p><strong><a href=\"http:\/\/www.bellunopress.it\/wp-content\/uploads\/2011\/10\/soccorso-alpino.jpg\"><img loading=\"lazy\" decoding=\"async\" class=\"alignleft size-full wp-image-31985\" alt=\"soccorso alpino\" src=\"http:\/\/www.bellunopress.it\/wp-content\/uploads\/2011\/10\/soccorso-alpino.jpg\" width=\"189\" height=\"270\" \/><\/a>INTRODUZIONE<\/strong><\/p>\n<p>La stagione 2012 ha segnato, dopo che gi\u00e0 nel 2011 si era assistito ad un aumento, un notevolmente incremento della complessiva attivit\u00e0 effettuata dalle 20 Stazioni della 2^ Zona Delegazione Dolomiti Bellunesi in concorso al Servizio dell&#8217;Elisoccorso Bellunese e a quello di Treviso.<\/p>\n<p>Conseguentemente si \u00e8 registrato un conseguente, forte, aumento del numero dei soggetti a vario titolo soccorsi e del numero del personale CNSAS coinvolto, connotando la passata stagione come forte campanello d\u2019allarme (solo la disciplina dello sci alpinismo ha fatto registrare un calo netto degli incidenti) sia in relazione al numero di interventi inteso in senso assoluto, sia in relazione ad altri indicatori quali, ad esempio, i decessi. Quest\u2019aumento non si giustifica solo con l\u2019aumentata attivit\u00e0 svolta dagli operatori CNSAS nel servizio piste (nel 2011 erano in realt\u00e0 coperti gli stessi comprensori sciistici)<\/p>\n<p>Ci\u00f2 premesso, merita analizzare nel dettaglio i particolari valori numerici della stagione 2012 e le particolari casistiche intervenute e meglio esplicitate negli allegati grafici, utili a far comprendere nel suo complesso l\u2019analisi statistica.<\/p>\n<p>La mole dei dati riferiti al 2012 merita allora una profonda, quanto serrata riflessione da parte dello stesso CNSAS, ma anche e soprattutto da parte degli Enti Locali e del Servizio Sanitario Regionale da una parte e degli addetti ai lavori del sistema montagna, dall&#8217;altra.<\/p>\n<p>Il richiamo forte \u00e8 di per s\u00e9 un invito a considerare la necessit\u00e0 improcrastinabile di mettere in campo azioni concrete e continuative per cercare di contrastare questo trend che non pu\u00f2 tener conto che negli anni \u201990 gli interventi complessivi svolti dal CNSAS \u201cDolomiti Bellunesi\u201d assommavano a 240\/280 interventi annui con punte pi\u00f9 elevate in alcune annualit\u00e0, ma sempre largamente al di sotto dei 400 interventi\/annui.<\/p>\n<p>In questo contesto il progetto MONTAGNA AMICA&amp;SICURA condotto dal CAI, CNSAS e AGAI ha indubbiamente iniziato un percorso virtuoso, i cui frutti speriamo possano essere apprezzati nel medio periodo. Perch\u00e9 ci\u00f2 concretamente avvenga, occorre senza tema di smentita che Regione Veneto e Province siano in prima linea per supportare le iniziative che verranno loro proposte.<\/p>\n<p>La tabella comparata degli interventi dell\u2019ultimo decennio manifesta con precisione questa situazione ed \u00e8 utile per prevedere un\u2019ulteriore crescita dell\u2019attivit\u00e0, dato peraltro confermato da analoghe statistiche svolte a livello nazionale.<\/p>\n<p>Va, infatti, ricordato che, rispetto al quinquennio 2003\/2007, quello attuale (2008-2012) il numero degli interventi \u00e8 aumentato del +31,85% (numero assoluto n. 2.939 contro n. 2.229 interventi) ed il numero delle persone soccorse del +24,91% (numero assoluto 3.475 contro n. 2.782), il numero delle persone decedute del 11,36% (numero assoluto n. 196 contro n. 176). Questi i dati oggettivi, senza fronzoli retorici.<\/p>\n<p><strong><a href=\"http:\/\/www.bellunopress.it\/wp-content\/uploads\/2011\/10\/cane-soccorso.jpg\"><img loading=\"lazy\" decoding=\"async\" class=\"alignleft size-full wp-image-31812\" alt=\"cane soccorso\" src=\"http:\/\/www.bellunopress.it\/wp-content\/uploads\/2011\/10\/cane-soccorso.jpg\" width=\"290\" height=\"194\" \/><\/a>1. INTERVENTI E PERSONE SOCCORSE.<\/strong><\/p>\n<p>L&#8217;attivit\u00e0 svolta nel corso del 2012 dagli organici delle 20 Stazioni CNSAS in strettissima sinergia operativa con il SUEM 118 di Pieve di Cadore in particolare e con il SUEM 118 di Treviso e Crespano del Grappa nelle zone di competenza territoriale provinciale ed extra-provinciale, si \u00e8, infatti, attestata a n. 790 interventi effettuati in ambiente ostile ed impervio. Di questi interventi, il 39,36% vengono effettuati nei mesi di giugno, luglio, agosto e settembre, con il mese di agosto che ha fatto registrare il 16,20% degli eventi di soccorso.<\/p>\n<p>Questo primo macro dato (missioni di soccorso) segna \u2013 come detto \u2013 un aumento pari ad un + 28,24% rispetto all&#8217;anno precedente quando furono n. 616.<\/p>\n<p>Per quanto, invece, concerne il numero complessivo delle persone soccorse a vario titolo dal personale CNSAS, si \u00e8 raggiunto il valore assoluto di n. 899, con un percentuale al rialzo assolutamente ragguardevole, senza precedenti, del + 21,81% rispetto alla stagione operativa 2011.<\/p>\n<p>Questo complessivo trend al rialzo non \u00e8 giustificato solo dall\u2019aumentata attivit\u00e0 di soccorso pista nei vari comprensori sciistici, ma anche dalla notevole attivit\u00e0 effettuata in mesi nei quali tradizionalmente gli interventi di soccorso erano di gran lunga inferiori (aprile e maggio, ottobre e novembre).<\/p>\n<p><strong><a href=\"http:\/\/www.bellunopress.it\/wp-content\/uploads\/2011\/07\/soccorso-vigili-del-fuoco.jpg\"><img loading=\"lazy\" decoding=\"async\" class=\"alignleft size-full wp-image-28329\" alt=\"soccorso vigili del fuoco\" src=\"http:\/\/www.bellunopress.it\/wp-content\/uploads\/2011\/07\/soccorso-vigili-del-fuoco.jpg\" width=\"300\" height=\"155\" \/><\/a>2. DIAGNOSTICA CODICI DI GRAVITA&#8217;.<\/strong><\/p>\n<p>Per quanto pi\u00f9 espressamente attiene alla diagnostica analitica degli interventi, oltre ai n. 286 illesi tratti in salvo (31,81% delle persone complessivamente soccorse, dato in leggero calo), si deve constatare un valore in aumento assolutamente marcato delle persone ferite (nei vari codici di gravit\u00e0) recuperate dal Soccorso Alpino che raggiungono il numero di n. 577 (64,18% delle persone complessivamente soccorse), valore relativo mai raggiunto nell\u2019attivit\u00e0 del CNSAS.<\/p>\n<p>Particolare attenzione merita la disamina delle persone decedute. Il dato statistico tragico registrato nel 2009, anno orribilis del CNSAS (n. 47 salme recuperate), \u00e8 stato per fortuna non confermato. Il 2012 segna anzi una contrazione rispetto alla stagione 2011, poich\u00e9 vi sono state n. 36 persone decedute recuperate dal personale CNSAS, valore che ha fatto addirittura segnare &#8211; 13,95% rispetto al 2011.<\/p>\n<p><strong><a href=\"http:\/\/www.bellunopress.it\/wp-content\/uploads\/2011\/06\/soccorso-alpino.jpg\"><img loading=\"lazy\" decoding=\"async\" class=\"alignleft size-full wp-image-28207\" alt=\"soccorso alpino\" src=\"http:\/\/www.bellunopress.it\/wp-content\/uploads\/2011\/06\/soccorso-alpino.jpg\" width=\"290\" height=\"218\" \/><\/a>3. CAUSE DEGLI INCIDENTI ED ATTIVITA&#8217; COINVOLTE.<\/strong><\/p>\n<p>Merita come di consueto vedere in dettaglio quelle che sono le attivit\u00e0 maggiormente coinvolte e le cause degli incidenti, anche se al riguardo \u00e8 opportuno rimandare agli apporti grafici allegati che evidenziano in modo pi\u00f9 puntuale le casistiche particolari.<\/p>\n<p>In ogni caso, si deve constatare come le cause ascrivibili alla mancata preparazione fisica e psicofisica siano rappresentino una percentuale ragguardevole, che deve anche essere un segnale d\u2019allarme poich\u00e9 viene di anno in anno mantenuto quale valore elevato.<\/p>\n<p>Il 7,56% degli interventi complessivi \u00e8 stato portato a favore di soggetti che hanno accusato malori ed affaticamenti vari (dato identico all\u2019anno precedente), mentre il 18,02% di interventi dovuti alla mancata preparazione tecnica ed esperienza e alla perdita di orientamento (dato in crescita sensibile).<\/p>\n<p>Si perviene, dunque, al valore del 25,58% di missioni compiute a causa dei cos\u00ec detti fattori soggettivi, condizioni di per s\u00e9 non imputabili al fattore ambientale, ma alla superficialit\u00e0 con la quale spesso si affronta il sistema montagna, ivi inclusa l\u2019indubbia preparazione fisica che, nell\u2019ultimo decennio, ha visto in aumento la particolare casistica.<\/p>\n<p>Altro fattore collegato al precedente e davvero impressionante che deve essere valutato con estrema attenzione dagli addetti ai lavori ed in parte ascrivibile ai dati appena esposti, \u00e8 che il 10,34% di incidenti sia ascrivibile alla scivolata su sentiero, neve e ghiaccio, fattispecie che pu\u00f2, nella stragrande maggioranza dei casi, essere imputabile alle motivazioni di cui sopra, cio\u00e8 ai cos\u00ec detti fattori soggettivi (inesperienza, tipologia calzature, mancata previsione delle condizioni del terreno, ecc.). Altro dato non verificabile \u00e8 quello ascrivibile alle cadute che, spesso, sono correlate alle scivolate di vario genere, ancorch\u00e9 non siano sempre scientificamente dimostrabili.<\/p>\n<p>Una persona su tre (35,92%) viene, dunque, soccorsa per queste cause. Dato poi da riferire sia in relazione all\u2019attivit\u00e0 escursionistica ed alpinistica tradizionale sia nell\u2019attivit\u00e0 sciistica, \u00e8 quello delle cadute a vario titolo intervenute negli interventi di soccorso, pari al 42,60% delle cause.<\/p>\n<p>Infine, la disamina su quelle che sono le attivit\u00e0 maggiormente coinvolte. Oltre al dato evidente dello sci e surf in pista con il 39,59,% (dato in spiccato aumento) l\u2019escursionismo spicca su tutte con il 30,58%, alpinismo, ferrate e free climbing con il 13,01% con un livello analogo alle annate precedenti (vedi cause sopra ricordate).<\/p>\n<p>Lo sci-alpinismo, con l\u20190,66% segna una evidente contrazione rispetto alle annate precedenti (il dato forse va anche correlato alla notevole campagna di informazione e formazione del progetto Montagna Amica&amp;sicura).<\/p>\n<p>Vanno, quindi, segnalati gli incidenti legati alla ricerca di funghi con il 3,55% delle persone soccorse, al volo libero con deltaplano e parapendio che segnano un 2,11% e, quest\u2019anno, quelli legati al lavoro con 2,22%, valore significativo da un punto di vista statistico.<\/p>\n<p><strong><a href=\"http:\/\/www.bellunopress.it\/wp-content\/uploads\/2011\/06\/soccorso-alpino-280x210.jpg\"><img loading=\"lazy\" decoding=\"async\" class=\"alignleft size-full wp-image-28208\" alt=\"soccorso alpino 280x210\" src=\"http:\/\/www.bellunopress.it\/wp-content\/uploads\/2011\/06\/soccorso-alpino-280x210.jpg\" width=\"280\" height=\"210\" \/><\/a>4. NAZIONALITA&#8217; DELLE PERSONE SOCCORSE e STATO ASSICURATIVO.<\/strong><\/p>\n<p>A questi dati vanno poi ad aggiungersi quelli pi\u00f9 specifici.<\/p>\n<p>In questa sede, vale la pena rimarcare come sia straordinariamente aumentata la percentuale di persone soccorse di nazionalit\u00e0 straniera pari al 24,69% delle persone complessivamente soccorse. Quest\u2019ultimo valore, dopo che il 2011 aveva segnalato un dato assolutamente anomalo con una netta flessione, segna forse un ritorno importante del turismo, soprattutto dei paesi dell\u2019est (vedasi grafico particolare). Lasciamo ovviamente ad altri l\u2019analisi del dato specifico sui flussi.<\/p>\n<p>Altro ragionamento merita, anche alla luce dell\u2019approvazione della Legge Regionale n. 33\/07 e dell\u2019approvazione della Delibera della Giunta della Regione Veneto n. 4611 del 6 settembre 2011, lo stato assicurativo delle persone soccorse.<\/p>\n<p>I Soci CAI rappresentano solo il 4,22% delle persone soccorse, dato in flessione importante rispetto all\u2019ultimo biennio, mentre le persone prive di qualsiasi copertura assicurativa segnano l&#8217;94,66%, mentre associati a Dolomiti Emergency sono stati n. 10.<\/p>\n<p>Solo uno su dieci dei soggetti soccorsi a vario titolo dal CNSAS sono, dunque, in possesso di una copertura assicurativa, fattore che dovrebbe essere maggiormente pubblicizzato per rendere tutti consapevoli sulla necessit\u00e0 di avere un\u2019adeguata copertura assicurativa (nda: l\u2019auspicio \u00e8 tra l\u2019altro quello che Dolomiti Emergency decolli in via definitiva, tanto pi\u00f9 considerate le finalit\u00e0 d\u2019istituto di questa organizzazione), posto che il CNSAS \u00e8 del tutto favorevole a dare compiuta applicazione all\u2019art. 5 della suddetta Legge Regionale e alla conseguente delibera che, per alcuni aspetti, andr\u00e0 migliorata dopo un periodo di applicazione.<\/p>\n<p><strong>\u00a0\u00a0<\/strong><\/p>\n<p><strong><a href=\"http:\/\/www.bellunopress.it\/wp-content\/uploads\/2011\/06\/soccorso-alpino-140x137.jpg\"><img loading=\"lazy\" decoding=\"async\" class=\"alignleft size-full wp-image-28204\" alt=\"soccorso alpino 140x137\" src=\"http:\/\/www.bellunopress.it\/wp-content\/uploads\/2011\/06\/soccorso-alpino-140x137.jpg\" width=\"128\" height=\"140\" \/><\/a>5. RICERCA e SOCCORSO PERSONE DISPERSE<\/strong><\/p>\n<p>Ragionamento circostanziato merita in questa sede l&#8217;attivit\u00e0 di ricerca svolta dal CNSAS a favore di persone disperse. Si sono, infatti, registrate oltre alle ricerche di routine (esito di interventi che si sono risolti entro le 2H, pari a n. 26 interventi), n. 3 ricerche di persone disperse che hanno superato le 24H di attivit\u00e0, n. 2 ricerche che hanno superato le 72H.<\/p>\n<p><strong><a href=\"http:\/\/www.bellunopress.it\/wp-content\/uploads\/2011\/06\/soccorso-alpino-140.jpg\"><img loading=\"lazy\" decoding=\"async\" class=\"alignleft size-full wp-image-28203\" alt=\"soccorso alpino 140\" src=\"http:\/\/www.bellunopress.it\/wp-content\/uploads\/2011\/06\/soccorso-alpino-140.jpg\" width=\"140\" height=\"140\" \/><\/a>6. PROTEZIONE CIVILE<\/strong><\/p>\n<p>Si ricorda in questa sezione particolare l\u2019intervento svolto da numerose Stazioni CNSAS nelle Marche nella cos\u00ec detta \u201cemergenza neve\u201d. Il CNSAS \u201cDolomiti Bellunesi\u201d ha fatto segnare il maggior numero di persone \u201cvelocemente\u201d coinvolte\u201d in quella regione, con la presenza di n. 46 Volontari impegnati in un arco temporale di 9 giorni.<\/p>\n<p>Si segnalano altri interventi cos\u00ec detti minori effettuati su espressa richiesta dei Comuni o di altri Enti Locali che hanno in ogni caso impegnato la struttura anche per recuperi anomali ma per certi versi diventati prassi, come quelli di animali domestici sfuggiti al controllo dei propri padroni.<\/p>\n<p>&nbsp;<\/p>\n<p><strong><a href=\"http:\/\/www.bellunopress.it\/wp-content\/uploads\/2011\/02\/soccorso-alpino.jpg\"><img loading=\"lazy\" decoding=\"async\" class=\"alignleft size-full wp-image-24314\" alt=\"soccorso alpino\" src=\"http:\/\/www.bellunopress.it\/wp-content\/uploads\/2011\/02\/soccorso-alpino.jpg\" width=\"290\" height=\"190\" \/><\/a>7. OPERATORI DI SOCCORSO ALPINO VOLONTARI IMPEGNATI.<\/strong><\/p>\n<p>Va doverosamente sottolineato lo straordinario lavoro svolto dai Volontari delle 20 Stazioni. Infatti, con le premesse delle varie analisi prima poste in evidenza, si deve di necessit\u00e0 registrare un\u2019annata particolarmente onerosa che non trova precedenti nella storia recente e passata del Soccorso Alpino. Nel 2012 si \u00e8 registrato l&#8217;impiego di n. 3.934 Volontari per complessive n. 2.496 giornate\/uomo.<\/p>\n<p>Un piccolo esercito di inestimabile valore per il territorio e le sue comunit\u00e0, un piccolo esercito calcolato certamente per difetto, posto che spesso quanti partecipano marginalmente agli interventi o intervengono per poche decine di minuti, non vengono effettivamente computati nei rapporti informativi.<\/p>\n<p>A queste persone il nostro ringraziamento poich\u00e9 rappresentano la vera ossatura del Soccorso Alpino ed hanno garantito la mole degli interventi sopra descritti. Questo non possiamo n\u00e9 dobbiamo scordarlo mai.<\/p>\n<p>&nbsp;<\/p>\n<p>Belluno, 28 gennaio 2013 IL DELEGATO CNSAS\u00a02^ ZONA DELEGAZ. DOLOMITI BELLUNESI<\/p>\n<p>(Fabio Bristot)<\/p>\n<p>&nbsp;<\/p>\n<p>&nbsp;<\/p>\n<p>&nbsp;<\/p>\n<p>&nbsp;<\/p>\n<p>&nbsp;<\/p>\n<p>&nbsp;<\/p>\n<p>&nbsp;<\/p>\n<p>&nbsp;<\/p>\n<p>&nbsp;<\/p>\n<p>&nbsp;<\/p>\n<p>&nbsp;<\/p>\n<p>&nbsp;<\/p>\n<p>&nbsp;<\/p>\n<p>&nbsp;<\/p>\n<p>&nbsp;<\/p>","protected":false},"excerpt":{"rendered":"<p>Pubblichiamo la relazione annuale completa dell&#8217;attivit\u00e0 svolta dal Soccorso alpino del Delegato Cnsas II^ Zona Dolomiti Bellunesi Fabio Bristot (Rufus). Anche il 2012, cos\u00ec come avvenuto con lo stesso, intenso dolore nel 2009 e nel 2011, ha duramente segnato il CNSAS. Il 10 agosto, alle 09.15 ca., nel corso di una salita alpinistica di carattere [&hellip;]<\/p>\n","protected":false},"author":2,"featured_media":0,"comment_status":"closed","ping_status":"open","sticky":false,"template":"","format":"standard","meta":{"footnotes":""},"categories":[5,26,8],"tags":[],"class_list":["post-47142","post","type-post","status-publish","format-standard","category-cronaca","category-prima-pagina","category-societa-istituzioni"],"yoast_head":"<!-- This site is optimized with the Yoast SEO plugin v28.4 - https:\/\/yoast.com\/product\/yoast-seo-wordpress\/ -->\n<title>Soccorso alpino. Fabio Bristot: &quot;rispetto al quinquennio 2003\/2007, quello attuale 2008-2012 il numero degli interventi \u00e8 aumentato del +31,85%&quot; - Bellunopress - Dolomiti<\/title>\n<meta name=\"robots\" content=\"index, follow, max-snippet:-1, max-image-preview:large, max-video-preview:-1\" \/>\n<link rel=\"canonical\" href=\"https:\/\/www.bellunopress.it\/fr\/2013\/02\/27\/soccorso-alpino-fabio-bristot-rispetto-al-quinquennio-20032007-quello-attuale-2008-2012-il-numero-degli-interventi-e-aumentato-del-3185\/\" \/>\n<meta property=\"og:locale\" content=\"fr_FR\" \/>\n<meta property=\"og:type\" content=\"article\" \/>\n<meta property=\"og:title\" content=\"Soccorso alpino. Fabio Bristot: &quot;rispetto al quinquennio 2003\/2007, quello attuale 2008-2012 il numero degli interventi \u00e8 aumentato del +31,85%&quot; - Bellunopress - Dolomiti\" \/>\n<meta property=\"og:description\" content=\"Pubblichiamo la relazione annuale completa dell&#8217;attivit\u00e0 svolta dal Soccorso alpino del Delegato Cnsas II^ Zona Dolomiti Bellunesi Fabio Bristot (Rufus). Anche il 2012, cos\u00ec come avvenuto con lo stesso, intenso dolore nel 2009 e nel 2011, ha duramente segnato il CNSAS. Il 10 agosto, alle 09.15 ca., nel corso di una salita alpinistica di carattere [&hellip;]\" \/>\n<meta property=\"og:url\" content=\"https:\/\/www.bellunopress.it\/fr\/2013\/02\/27\/soccorso-alpino-fabio-bristot-rispetto-al-quinquennio-20032007-quello-attuale-2008-2012-il-numero-degli-interventi-e-aumentato-del-3185\/\" \/>\n<meta property=\"og:site_name\" content=\"Bellunopress - Dolomiti\" \/>\n<meta property=\"article:publisher\" content=\"https:\/\/www.facebook.com\/profile.php?id=100008943462799\" \/>\n<meta property=\"article:published_time\" content=\"2013-02-27T16:55:05+00:00\" \/>\n<meta property=\"article:modified_time\" content=\"2013-02-27T16:59:25+00:00\" \/>\n<meta property=\"og:image\" content=\"http:\/\/www.bellunopress.it\/wp-content\/uploads\/2009\/02\/fabio-bristot-rufus-delegato-socc-alpino-bl.jpg\" \/>\n<meta name=\"author\" content=\"redazione\" \/>\n<meta name=\"twitter:card\" content=\"summary_large_image\" \/>\n<meta name=\"twitter:creator\" content=\"@bellunopress\" \/>\n<meta name=\"twitter:site\" content=\"@bellunopress\" \/>\n<meta name=\"twitter:label1\" content=\"\u00c9crit par\" \/>\n\t<meta name=\"twitter:data1\" content=\"redazione\" \/>\n\t<meta name=\"twitter:label2\" content=\"Dur\u00e9e de lecture estim\u00e9e\" \/>\n\t<meta name=\"twitter:data2\" content=\"10 minutes\" \/>\n<script type=\"application\/ld+json\" class=\"yoast-schema-graph\">{\"@context\":\"https:\\\/\\\/schema.org\",\"@graph\":[{\"@type\":\"Article\",\"@id\":\"https:\\\/\\\/www.bellunopress.it\\\/2013\\\/02\\\/27\\\/soccorso-alpino-fabio-bristot-rispetto-al-quinquennio-20032007-quello-attuale-2008-2012-il-numero-degli-interventi-e-aumentato-del-3185\\\/#article\",\"isPartOf\":{\"@id\":\"https:\\\/\\\/www.bellunopress.it\\\/2013\\\/02\\\/27\\\/soccorso-alpino-fabio-bristot-rispetto-al-quinquennio-20032007-quello-attuale-2008-2012-il-numero-degli-interventi-e-aumentato-del-3185\\\/\"},\"author\":{\"name\":\"redazione\",\"@id\":\"https:\\\/\\\/www.bellunopress.it\\\/#\\\/schema\\\/person\\\/79bb06722b37ece1c03d3e94beb30d73\"},\"headline\":\"Soccorso alpino. Fabio Bristot: &#8220;rispetto al quinquennio 2003\\\/2007, quello attuale 2008-2012 il numero degli interventi \u00e8 aumentato del +31,85%&#8221;\",\"datePublished\":\"2013-02-27T16:55:05+00:00\",\"dateModified\":\"2013-02-27T16:59:25+00:00\",\"mainEntityOfPage\":{\"@id\":\"https:\\\/\\\/www.bellunopress.it\\\/2013\\\/02\\\/27\\\/soccorso-alpino-fabio-bristot-rispetto-al-quinquennio-20032007-quello-attuale-2008-2012-il-numero-degli-interventi-e-aumentato-del-3185\\\/\"},\"wordCount\":2106,\"publisher\":{\"@id\":\"https:\\\/\\\/www.bellunopress.it\\\/#organization\"},\"image\":{\"@id\":\"https:\\\/\\\/www.bellunopress.it\\\/2013\\\/02\\\/27\\\/soccorso-alpino-fabio-bristot-rispetto-al-quinquennio-20032007-quello-attuale-2008-2012-il-numero-degli-interventi-e-aumentato-del-3185\\\/#primaryimage\"},\"thumbnailUrl\":\"http:\\\/\\\/www.bellunopress.it\\\/wp-content\\\/uploads\\\/2009\\\/02\\\/fabio-bristot-rufus-delegato-socc-alpino-bl.jpg\",\"articleSection\":[\"Cronaca\\\/Politica\",\"Prima Pagina\",\"Societ\u00e0, Associazioni, Istituzioni\"],\"inLanguage\":\"fr-FR\"},{\"@type\":\"WebPage\",\"@id\":\"https:\\\/\\\/www.bellunopress.it\\\/2013\\\/02\\\/27\\\/soccorso-alpino-fabio-bristot-rispetto-al-quinquennio-20032007-quello-attuale-2008-2012-il-numero-degli-interventi-e-aumentato-del-3185\\\/\",\"url\":\"https:\\\/\\\/www.bellunopress.it\\\/2013\\\/02\\\/27\\\/soccorso-alpino-fabio-bristot-rispetto-al-quinquennio-20032007-quello-attuale-2008-2012-il-numero-degli-interventi-e-aumentato-del-3185\\\/\",\"name\":\"Soccorso alpino. Fabio Bristot: \\\"rispetto al quinquennio 2003\\\/2007, quello attuale 2008-2012 il numero degli interventi \u00e8 aumentato del +31,85%\\\" - Bellunopress - Dolomiti\",\"isPartOf\":{\"@id\":\"https:\\\/\\\/www.bellunopress.it\\\/#website\"},\"primaryImageOfPage\":{\"@id\":\"https:\\\/\\\/www.bellunopress.it\\\/2013\\\/02\\\/27\\\/soccorso-alpino-fabio-bristot-rispetto-al-quinquennio-20032007-quello-attuale-2008-2012-il-numero-degli-interventi-e-aumentato-del-3185\\\/#primaryimage\"},\"image\":{\"@id\":\"https:\\\/\\\/www.bellunopress.it\\\/2013\\\/02\\\/27\\\/soccorso-alpino-fabio-bristot-rispetto-al-quinquennio-20032007-quello-attuale-2008-2012-il-numero-degli-interventi-e-aumentato-del-3185\\\/#primaryimage\"},\"thumbnailUrl\":\"http:\\\/\\\/www.bellunopress.it\\\/wp-content\\\/uploads\\\/2009\\\/02\\\/fabio-bristot-rufus-delegato-socc-alpino-bl.jpg\",\"datePublished\":\"2013-02-27T16:55:05+00:00\",\"dateModified\":\"2013-02-27T16:59:25+00:00\",\"breadcrumb\":{\"@id\":\"https:\\\/\\\/www.bellunopress.it\\\/2013\\\/02\\\/27\\\/soccorso-alpino-fabio-bristot-rispetto-al-quinquennio-20032007-quello-attuale-2008-2012-il-numero-degli-interventi-e-aumentato-del-3185\\\/#breadcrumb\"},\"inLanguage\":\"fr-FR\",\"potentialAction\":[{\"@type\":\"ReadAction\",\"target\":[\"https:\\\/\\\/www.bellunopress.it\\\/2013\\\/02\\\/27\\\/soccorso-alpino-fabio-bristot-rispetto-al-quinquennio-20032007-quello-attuale-2008-2012-il-numero-degli-interventi-e-aumentato-del-3185\\\/\"]}]},{\"@type\":\"ImageObject\",\"inLanguage\":\"fr-FR\",\"@id\":\"https:\\\/\\\/www.bellunopress.it\\\/2013\\\/02\\\/27\\\/soccorso-alpino-fabio-bristot-rispetto-al-quinquennio-20032007-quello-attuale-2008-2012-il-numero-degli-interventi-e-aumentato-del-3185\\\/#primaryimage\",\"url\":\"http:\\\/\\\/www.bellunopress.it\\\/wp-content\\\/uploads\\\/2009\\\/02\\\/fabio-bristot-rufus-delegato-socc-alpino-bl.jpg\",\"contentUrl\":\"http:\\\/\\\/www.bellunopress.it\\\/wp-content\\\/uploads\\\/2009\\\/02\\\/fabio-bristot-rufus-delegato-socc-alpino-bl.jpg\"},{\"@type\":\"BreadcrumbList\",\"@id\":\"https:\\\/\\\/www.bellunopress.it\\\/2013\\\/02\\\/27\\\/soccorso-alpino-fabio-bristot-rispetto-al-quinquennio-20032007-quello-attuale-2008-2012-il-numero-degli-interventi-e-aumentato-del-3185\\\/#breadcrumb\",\"itemListElement\":[{\"@type\":\"ListItem\",\"position\":1,\"name\":\"Home\",\"item\":\"https:\\\/\\\/www.bellunopress.it\\\/\"},{\"@type\":\"ListItem\",\"position\":2,\"name\":\"Soccorso alpino. Fabio Bristot: &#8220;rispetto al quinquennio 2003\\\/2007, quello attuale 2008-2012 il numero degli interventi \u00e8 aumentato del +31,85%&#8221;\"}]},{\"@type\":\"WebSite\",\"@id\":\"https:\\\/\\\/www.bellunopress.it\\\/#website\",\"url\":\"https:\\\/\\\/www.bellunopress.it\\\/\",\"name\":\"Bellunopress - Dolomiti\",\"description\":\"e-mail: redazione@bellunopress.it\",\"publisher\":{\"@id\":\"https:\\\/\\\/www.bellunopress.it\\\/#organization\"},\"potentialAction\":[{\"@type\":\"SearchAction\",\"target\":{\"@type\":\"EntryPoint\",\"urlTemplate\":\"https:\\\/\\\/www.bellunopress.it\\\/?s={search_term_string}\"},\"query-input\":{\"@type\":\"PropertyValueSpecification\",\"valueRequired\":true,\"valueName\":\"search_term_string\"}}],\"inLanguage\":\"fr-FR\"},{\"@type\":\"Organization\",\"@id\":\"https:\\\/\\\/www.bellunopress.it\\\/#organization\",\"name\":\"Bellunopress\",\"url\":\"https:\\\/\\\/www.bellunopress.it\\\/\",\"logo\":{\"@type\":\"ImageObject\",\"inLanguage\":\"fr-FR\",\"@id\":\"https:\\\/\\\/www.bellunopress.it\\\/#\\\/schema\\\/logo\\\/image\\\/\",\"url\":\"https:\\\/\\\/www.bellunopress.it\\\/wp-content\\\/uploads\\\/2011\\\/05\\\/cropped-logo-bellunopress-.jpg\",\"contentUrl\":\"https:\\\/\\\/www.bellunopress.it\\\/wp-content\\\/uploads\\\/2011\\\/05\\\/cropped-logo-bellunopress-.jpg\",\"width\":512,\"height\":512,\"caption\":\"Bellunopress\"},\"image\":{\"@id\":\"https:\\\/\\\/www.bellunopress.it\\\/#\\\/schema\\\/logo\\\/image\\\/\"},\"sameAs\":[\"https:\\\/\\\/www.facebook.com\\\/profile.php?id=100008943462799\",\"https:\\\/\\\/x.com\\\/bellunopress\",\"https:\\\/\\\/www.linkedin.com\\\/hp\\\/?dnr=JBzUWaJfMUw8vbXJJ2tVW5-I3jZKvC4wsoxE&amp;amp;amp;amp;amp;amp;trk=nav_responsive_tab_home\",\"https:\\\/\\\/www.youtube.com\\\/channel\\\/UCxL0wu1uN0_3_7hGG0306cw\"]},{\"@type\":\"Person\",\"@id\":\"https:\\\/\\\/www.bellunopress.it\\\/#\\\/schema\\\/person\\\/79bb06722b37ece1c03d3e94beb30d73\",\"name\":\"redazione\",\"image\":{\"@type\":\"ImageObject\",\"inLanguage\":\"fr-FR\",\"@id\":\"https:\\\/\\\/secure.gravatar.com\\\/avatar\\\/37d968a2e67a6fd04c169c4bdef102d0bc5d31b2546345219e348575eb80e9a0?s=96&d=mm&r=g\",\"url\":\"https:\\\/\\\/secure.gravatar.com\\\/avatar\\\/37d968a2e67a6fd04c169c4bdef102d0bc5d31b2546345219e348575eb80e9a0?s=96&d=mm&r=g\",\"contentUrl\":\"https:\\\/\\\/secure.gravatar.com\\\/avatar\\\/37d968a2e67a6fd04c169c4bdef102d0bc5d31b2546345219e348575eb80e9a0?s=96&d=mm&r=g\",\"caption\":\"redazione\"},\"sameAs\":[\"http:\\\/\\\/www.bellunopress.it\",\"https:\\\/\\\/x.com\\\/bellunopress\"],\"url\":\"https:\\\/\\\/www.bellunopress.it\\\/fr\\\/author\\\/redazione\\\/\"}]}<\/script>\n<!-- \/ Yoast SEO plugin. -->","yoast_head_json":{"title":"Soccorso alpino. Fabio Bristot: \"rispetto al quinquennio 2003\/2007, quello attuale 2008-2012 il numero degli interventi \u00e8 aumentato del +31,85%\" - Bellunopress - Dolomiti","robots":{"index":"index","follow":"follow","max-snippet":"max-snippet:-1","max-image-preview":"max-image-preview:large","max-video-preview":"max-video-preview:-1"},"canonical":"https:\/\/www.bellunopress.it\/fr\/2013\/02\/27\/soccorso-alpino-fabio-bristot-rispetto-al-quinquennio-20032007-quello-attuale-2008-2012-il-numero-degli-interventi-e-aumentato-del-3185\/","og_locale":"fr_FR","og_type":"article","og_title":"Soccorso alpino. Fabio Bristot: \"rispetto al quinquennio 2003\/2007, quello attuale 2008-2012 il numero degli interventi \u00e8 aumentato del +31,85%\" - Bellunopress - Dolomiti","og_description":"Pubblichiamo la relazione annuale completa dell&#8217;attivit\u00e0 svolta dal Soccorso alpino del Delegato Cnsas II^ Zona Dolomiti Bellunesi Fabio Bristot (Rufus). Anche il 2012, cos\u00ec come avvenuto con lo stesso, intenso dolore nel 2009 e nel 2011, ha duramente segnato il CNSAS. Il 10 agosto, alle 09.15 ca., nel corso di una salita alpinistica di carattere [&hellip;]","og_url":"https:\/\/www.bellunopress.it\/fr\/2013\/02\/27\/soccorso-alpino-fabio-bristot-rispetto-al-quinquennio-20032007-quello-attuale-2008-2012-il-numero-degli-interventi-e-aumentato-del-3185\/","og_site_name":"Bellunopress - Dolomiti","article_publisher":"https:\/\/www.facebook.com\/profile.php?id=100008943462799","article_published_time":"2013-02-27T16:55:05+00:00","article_modified_time":"2013-02-27T16:59:25+00:00","og_image":[{"url":"http:\/\/www.bellunopress.it\/wp-content\/uploads\/2009\/02\/fabio-bristot-rufus-delegato-socc-alpino-bl.jpg","type":"","width":"","height":""}],"author":"redazione","twitter_card":"summary_large_image","twitter_creator":"@bellunopress","twitter_site":"@bellunopress","twitter_misc":{"\u00c9crit par":"redazione","Dur\u00e9e de lecture estim\u00e9e":"10 minutes"},"schema":{"@context":"https:\/\/schema.org","@graph":[{"@type":"Article","@id":"https:\/\/www.bellunopress.it\/2013\/02\/27\/soccorso-alpino-fabio-bristot-rispetto-al-quinquennio-20032007-quello-attuale-2008-2012-il-numero-degli-interventi-e-aumentato-del-3185\/#article","isPartOf":{"@id":"https:\/\/www.bellunopress.it\/2013\/02\/27\/soccorso-alpino-fabio-bristot-rispetto-al-quinquennio-20032007-quello-attuale-2008-2012-il-numero-degli-interventi-e-aumentato-del-3185\/"},"author":{"name":"redazione","@id":"https:\/\/www.bellunopress.it\/#\/schema\/person\/79bb06722b37ece1c03d3e94beb30d73"},"headline":"Soccorso alpino. Fabio Bristot: &#8220;rispetto al quinquennio 2003\/2007, quello attuale 2008-2012 il numero degli interventi \u00e8 aumentato del +31,85%&#8221;","datePublished":"2013-02-27T16:55:05+00:00","dateModified":"2013-02-27T16:59:25+00:00","mainEntityOfPage":{"@id":"https:\/\/www.bellunopress.it\/2013\/02\/27\/soccorso-alpino-fabio-bristot-rispetto-al-quinquennio-20032007-quello-attuale-2008-2012-il-numero-degli-interventi-e-aumentato-del-3185\/"},"wordCount":2106,"publisher":{"@id":"https:\/\/www.bellunopress.it\/#organization"},"image":{"@id":"https:\/\/www.bellunopress.it\/2013\/02\/27\/soccorso-alpino-fabio-bristot-rispetto-al-quinquennio-20032007-quello-attuale-2008-2012-il-numero-degli-interventi-e-aumentato-del-3185\/#primaryimage"},"thumbnailUrl":"http:\/\/www.bellunopress.it\/wp-content\/uploads\/2009\/02\/fabio-bristot-rufus-delegato-socc-alpino-bl.jpg","articleSection":["Cronaca\/Politica","Prima Pagina","Societ\u00e0, Associazioni, Istituzioni"],"inLanguage":"fr-FR"},{"@type":"WebPage","@id":"https:\/\/www.bellunopress.it\/2013\/02\/27\/soccorso-alpino-fabio-bristot-rispetto-al-quinquennio-20032007-quello-attuale-2008-2012-il-numero-degli-interventi-e-aumentato-del-3185\/","url":"https:\/\/www.bellunopress.it\/2013\/02\/27\/soccorso-alpino-fabio-bristot-rispetto-al-quinquennio-20032007-quello-attuale-2008-2012-il-numero-degli-interventi-e-aumentato-del-3185\/","name":"Soccorso alpino. Fabio Bristot: \"rispetto al quinquennio 2003\/2007, quello attuale 2008-2012 il numero degli interventi \u00e8 aumentato del +31,85%\" - Bellunopress - Dolomiti","isPartOf":{"@id":"https:\/\/www.bellunopress.it\/#website"},"primaryImageOfPage":{"@id":"https:\/\/www.bellunopress.it\/2013\/02\/27\/soccorso-alpino-fabio-bristot-rispetto-al-quinquennio-20032007-quello-attuale-2008-2012-il-numero-degli-interventi-e-aumentato-del-3185\/#primaryimage"},"image":{"@id":"https:\/\/www.bellunopress.it\/2013\/02\/27\/soccorso-alpino-fabio-bristot-rispetto-al-quinquennio-20032007-quello-attuale-2008-2012-il-numero-degli-interventi-e-aumentato-del-3185\/#primaryimage"},"thumbnailUrl":"http:\/\/www.bellunopress.it\/wp-content\/uploads\/2009\/02\/fabio-bristot-rufus-delegato-socc-alpino-bl.jpg","datePublished":"2013-02-27T16:55:05+00:00","dateModified":"2013-02-27T16:59:25+00:00","breadcrumb":{"@id":"https:\/\/www.bellunopress.it\/2013\/02\/27\/soccorso-alpino-fabio-bristot-rispetto-al-quinquennio-20032007-quello-attuale-2008-2012-il-numero-degli-interventi-e-aumentato-del-3185\/#breadcrumb"},"inLanguage":"fr-FR","potentialAction":[{"@type":"ReadAction","target":["https:\/\/www.bellunopress.it\/2013\/02\/27\/soccorso-alpino-fabio-bristot-rispetto-al-quinquennio-20032007-quello-attuale-2008-2012-il-numero-degli-interventi-e-aumentato-del-3185\/"]}]},{"@type":"ImageObject","inLanguage":"fr-FR","@id":"https:\/\/www.bellunopress.it\/2013\/02\/27\/soccorso-alpino-fabio-bristot-rispetto-al-quinquennio-20032007-quello-attuale-2008-2012-il-numero-degli-interventi-e-aumentato-del-3185\/#primaryimage","url":"http:\/\/www.bellunopress.it\/wp-content\/uploads\/2009\/02\/fabio-bristot-rufus-delegato-socc-alpino-bl.jpg","contentUrl":"http:\/\/www.bellunopress.it\/wp-content\/uploads\/2009\/02\/fabio-bristot-rufus-delegato-socc-alpino-bl.jpg"},{"@type":"BreadcrumbList","@id":"https:\/\/www.bellunopress.it\/2013\/02\/27\/soccorso-alpino-fabio-bristot-rispetto-al-quinquennio-20032007-quello-attuale-2008-2012-il-numero-degli-interventi-e-aumentato-del-3185\/#breadcrumb","itemListElement":[{"@type":"ListItem","position":1,"name":"Home","item":"https:\/\/www.bellunopress.it\/"},{"@type":"ListItem","position":2,"name":"Soccorso alpino. Fabio Bristot: &#8220;rispetto al quinquennio 2003\/2007, quello attuale 2008-2012 il numero degli interventi \u00e8 aumentato del +31,85%&#8221;"}]},{"@type":"WebSite","@id":"https:\/\/www.bellunopress.it\/#website","url":"https:\/\/www.bellunopress.it\/","name":"Bellunopress - Dolomiti","description":"e-mail: redazione@bellunopress.it","publisher":{"@id":"https:\/\/www.bellunopress.it\/#organization"},"potentialAction":[{"@type":"SearchAction","target":{"@type":"EntryPoint","urlTemplate":"https:\/\/www.bellunopress.it\/?s={search_term_string}"},"query-input":{"@type":"PropertyValueSpecification","valueRequired":true,"valueName":"search_term_string"}}],"inLanguage":"fr-FR"},{"@type":"Organization","@id":"https:\/\/www.bellunopress.it\/#organization","name":"Bellunopress","url":"https:\/\/www.bellunopress.it\/","logo":{"@type":"ImageObject","inLanguage":"fr-FR","@id":"https:\/\/www.bellunopress.it\/#\/schema\/logo\/image\/","url":"https:\/\/www.bellunopress.it\/wp-content\/uploads\/2011\/05\/cropped-logo-bellunopress-.jpg","contentUrl":"https:\/\/www.bellunopress.it\/wp-content\/uploads\/2011\/05\/cropped-logo-bellunopress-.jpg","width":512,"height":512,"caption":"Bellunopress"},"image":{"@id":"https:\/\/www.bellunopress.it\/#\/schema\/logo\/image\/"},"sameAs":["https:\/\/www.facebook.com\/profile.php?id=100008943462799","https:\/\/x.com\/bellunopress","https:\/\/www.linkedin.com\/hp\/?dnr=JBzUWaJfMUw8vbXJJ2tVW5-I3jZKvC4wsoxE&amp;amp;amp;amp;amp;amp;trk=nav_responsive_tab_home","https:\/\/www.youtube.com\/channel\/UCxL0wu1uN0_3_7hGG0306cw"]},{"@type":"Person","@id":"https:\/\/www.bellunopress.it\/#\/schema\/person\/79bb06722b37ece1c03d3e94beb30d73","name":"r\u00e9daction","image":{"@type":"ImageObject","inLanguage":"fr-FR","@id":"https:\/\/secure.gravatar.com\/avatar\/37d968a2e67a6fd04c169c4bdef102d0bc5d31b2546345219e348575eb80e9a0?s=96&d=mm&r=g","url":"https:\/\/secure.gravatar.com\/avatar\/37d968a2e67a6fd04c169c4bdef102d0bc5d31b2546345219e348575eb80e9a0?s=96&d=mm&r=g","contentUrl":"https:\/\/secure.gravatar.com\/avatar\/37d968a2e67a6fd04c169c4bdef102d0bc5d31b2546345219e348575eb80e9a0?s=96&d=mm&r=g","caption":"redazione"},"sameAs":["http:\/\/www.bellunopress.it","https:\/\/x.com\/bellunopress"],"url":"https:\/\/www.bellunopress.it\/fr\/author\/redazione\/"}]}},"_links":{"self":[{"href":"https:\/\/www.bellunopress.it\/fr\/wp-json\/wp\/v2\/posts\/47142","targetHints":{"allow":["GET"]}}],"collection":[{"href":"https:\/\/www.bellunopress.it\/fr\/wp-json\/wp\/v2\/posts"}],"about":[{"href":"https:\/\/www.bellunopress.it\/fr\/wp-json\/wp\/v2\/types\/post"}],"author":[{"embeddable":true,"href":"https:\/\/www.bellunopress.it\/fr\/wp-json\/wp\/v2\/users\/2"}],"replies":[{"embeddable":true,"href":"https:\/\/www.bellunopress.it\/fr\/wp-json\/wp\/v2\/comments?post=47142"}],"version-history":[{"count":2,"href":"https:\/\/www.bellunopress.it\/fr\/wp-json\/wp\/v2\/posts\/47142\/revisions"}],"predecessor-version":[{"id":47144,"href":"https:\/\/www.bellunopress.it\/fr\/wp-json\/wp\/v2\/posts\/47142\/revisions\/47144"}],"wp:attachment":[{"href":"https:\/\/www.bellunopress.it\/fr\/wp-json\/wp\/v2\/media?parent=47142"}],"wp:term":[{"taxonomy":"category","embeddable":true,"href":"https:\/\/www.bellunopress.it\/fr\/wp-json\/wp\/v2\/categories?post=47142"},{"taxonomy":"post_tag","embeddable":true,"href":"https:\/\/www.bellunopress.it\/fr\/wp-json\/wp\/v2\/tags?post=47142"}],"curies":[{"name":"wp","href":"https:\/\/api.w.org\/{rel}","templated":true}]}}