{"id":47137,"date":"2013-03-02T17:13:12","date_gmt":"2013-03-02T16:13:12","guid":{"rendered":"http:\/\/www.bellunopress.it\/?p=47137"},"modified":"2013-03-03T08:53:28","modified_gmt":"2013-03-03T07:53:28","slug":"voce-di-donna-in-poesia-e-musica-lunedi-4-marzo-nellaula-magna-dellistituto-tecnico-segato-di-belluno","status":"publish","type":"post","link":"https:\/\/www.bellunopress.it\/fr\/2013\/03\/02\/voce-di-donna-in-poesia-e-musica-lunedi-4-marzo-nellaula-magna-dellistituto-tecnico-segato-di-belluno\/","title":{"rendered":"Voce di donna in poesia e musica. Luned\u00ec 4 marzo nell&#8217;Aula Magna dell&#8217;Istituto tecnico Segato di Belluno"},"content":{"rendered":"<p>Luned\u00ec 4 marzo 2013, alle ore 18, nell&#8217;aula Magna dell&#8217;Istituto tecnico &#8220;G.Segato&#8221;, (ingresso da Piazza Piloni) a Belluno si terr\u00e0 l&#8217;appuntamento dal titolo\u00a0&#8220;Voce di donne in poesia e musica&#8221;. Con interventi poetici di Paola Bettiol, Patrizia Burigo, Camilla Emili, Eliana Olivotto e Alessandra Servi e con l&#8217;intervento musicale di Alessandra Fagherazzi. L&#8217;iniziativa rientra nel ciclo di incontri con l&#8217;autore organizzato dall&#8217;Istituto di Istruzione Superiore \u201cSegato \u2013 Brustolon\u201d di Belluno nell&#8217;ambito del progetto Biblioteca. La cittadinanza \u00e8 invitata a partecipare.<\/p>\n<p>&nbsp;<\/p>\n<p><strong>Il Segato celebra la donna con un incontro di poesia e musica e con due piccole esposizioni.<\/strong><\/p>\n<p><a href=\"http:\/\/www.bellunopress.it\/wp-content\/uploads\/2010\/05\/istituto-tecnico-industriale.jpg\"><img loading=\"lazy\" decoding=\"async\" class=\"alignleft size-full wp-image-15754\" alt=\"istituto-tecnico-industriale\" src=\"http:\/\/www.bellunopress.it\/wp-content\/uploads\/2010\/05\/istituto-tecnico-industriale.jpg\" width=\"280\" height=\"280\" srcset=\"https:\/\/www.bellunopress.it\/wp-content\/uploads\/2010\/05\/istituto-tecnico-industriale.jpg 280w, https:\/\/www.bellunopress.it\/wp-content\/uploads\/2010\/05\/istituto-tecnico-industriale-150x150.jpg 150w\" sizes=\"auto, (max-width: 280px) 100vw, 280px\" \/><\/a>Tante donne. Donne diverse, ma con una voce sola. In occasione dell&#8217;8 marzo, l&#8217;ISIS Segato-Brustolon rende loro omaggio con tre iniziative collegate. Il percorso prender\u00e0 il via luned\u00ec 4 marzo alle 18.00 nell&#8217;aula magna del Segato con \u201cVoce di donne in poesia e musica\u201d. La voce \u00e8 quella delle poetesse Paola Bettiol, Patrizia Burigo, Camilla Emili, Eliana Olivotto e Alessandra Servi e si intreccer\u00e0 con la musica del flauto di Alessandra Fagherazzi e della chitarra di Bianca Scagnet. La serata rientra nel ciclo di incontri con l&#8217;autore organizzati dall&#8217;istituto nell&#8217;ambito del Progetto Biblioteca.<\/p>\n<p>In coda sar\u00e0 inaugurata \u201cLa moda nel mondo\u201d, esposizione di figurini e disegni di modelli eseguiti dalle allieve del corso Moda del Brustolon, collocati negli spazi espositivi del Segato. La mostra potr\u00e0 essere visitata dal 4 al 27 marzo, dalle 9 alle 12.30, con accesso da via Psaro. Le scolaresche sono invitate a prenotare la visita contattando la scuola al numero 0437 940159.<\/p>\n<p>La voce delle donne risuoner\u00e0 anche nei locali della biblioteca del Segato, dove i visitatori saranno accolti da frasi appese e sospese e da libri selezionati dalla curatrice, Renata D&#8217;Inc\u00e0, adagiati in valigie pronte per condurci in un viaggio ideale che, attraverso immagini, volumi e poesie, racconter\u00e0 le donne, invitando a una riflessione sul loro ruolo nella societ\u00e0. La biblioteca sar\u00e0 accessibile in orario scolastico.<\/p>\n<p>Con queste iniziative, l&#8217;Istituto Segato-Brustolon intende festeggiare la donna, ma anche offrire un&#8217;interessante occasione per conoscere le protagoniste della cultura bellunese femminile.<\/p>","protected":false},"excerpt":{"rendered":"<p>Luned\u00ec 4 marzo 2013, alle ore 18, nell&#8217;aula Magna dell&#8217;Istituto tecnico &#8220;G.Segato&#8221;, (ingresso da Piazza Piloni) a Belluno si terr\u00e0 l&#8217;appuntamento dal titolo\u00a0&#8220;Voce di donne in poesia e musica&#8221;. Con interventi poetici di Paola Bettiol, Patrizia Burigo, Camilla Emili, Eliana Olivotto e Alessandra Servi e con l&#8217;intervento musicale di Alessandra Fagherazzi. L&#8217;iniziativa rientra nel ciclo [&hellip;]<\/p>\n","protected":false},"author":2,"featured_media":0,"comment_status":"closed","ping_status":"open","sticky":false,"template":"","format":"standard","meta":{"footnotes":""},"categories":[27,3,25],"tags":[],"class_list":["post-47137","post","type-post","status-publish","format-standard","category-appuntamenti","category-arte-cultura-spettacoli-scienza-archivi","category-pausa-caffe"],"yoast_head":"<!-- This site is optimized with the Yoast SEO plugin v28.4 - https:\/\/yoast.com\/product\/yoast-seo-wordpress\/ -->\n<title>Voce di donna in poesia e musica. Luned\u00ec 4 marzo nell&#039;Aula Magna dell&#039;Istituto tecnico Segato di Belluno - Bellunopress - Dolomiti<\/title>\n<meta name=\"robots\" content=\"index, follow, max-snippet:-1, max-image-preview:large, max-video-preview:-1\" \/>\n<link rel=\"canonical\" href=\"https:\/\/www.bellunopress.it\/fr\/2013\/03\/02\/voce-di-donna-in-poesia-e-musica-lunedi-4-marzo-nellaula-magna-dellistituto-tecnico-segato-di-belluno\/\" \/>\n<meta property=\"og:locale\" content=\"fr_FR\" \/>\n<meta property=\"og:type\" content=\"article\" \/>\n<meta property=\"og:title\" content=\"Voce di donna in poesia e musica. Luned\u00ec 4 marzo nell&#039;Aula Magna dell&#039;Istituto tecnico Segato di Belluno - Bellunopress - Dolomiti\" \/>\n<meta property=\"og:description\" content=\"Luned\u00ec 4 marzo 2013, alle ore 18, nell&#8217;aula Magna dell&#8217;Istituto tecnico &#8220;G.Segato&#8221;, (ingresso da Piazza Piloni) a Belluno si terr\u00e0 l&#8217;appuntamento dal titolo\u00a0&#8220;Voce di donne in poesia e musica&#8221;. Con interventi poetici di Paola Bettiol, Patrizia Burigo, Camilla Emili, Eliana Olivotto e Alessandra Servi e con l&#8217;intervento musicale di Alessandra Fagherazzi. L&#8217;iniziativa rientra nel ciclo [&hellip;]\" \/>\n<meta property=\"og:url\" content=\"https:\/\/www.bellunopress.it\/fr\/2013\/03\/02\/voce-di-donna-in-poesia-e-musica-lunedi-4-marzo-nellaula-magna-dellistituto-tecnico-segato-di-belluno\/\" \/>\n<meta property=\"og:site_name\" content=\"Bellunopress - Dolomiti\" \/>\n<meta property=\"article:publisher\" content=\"https:\/\/www.facebook.com\/profile.php?id=100008943462799\" \/>\n<meta property=\"article:published_time\" content=\"2013-03-02T16:13:12+00:00\" \/>\n<meta property=\"article:modified_time\" content=\"2013-03-03T07:53:28+00:00\" \/>\n<meta property=\"og:image\" content=\"http:\/\/www.bellunopress.it\/wp-content\/uploads\/2010\/05\/istituto-tecnico-industriale.jpg\" \/>\n<meta name=\"author\" content=\"redazione\" \/>\n<meta name=\"twitter:card\" content=\"summary_large_image\" \/>\n<meta name=\"twitter:creator\" content=\"@bellunopress\" \/>\n<meta name=\"twitter:site\" content=\"@bellunopress\" \/>\n<meta name=\"twitter:label1\" content=\"\u00c9crit par\" \/>\n\t<meta name=\"twitter:data1\" content=\"redazione\" \/>\n\t<meta name=\"twitter:label2\" content=\"Dur\u00e9e de lecture estim\u00e9e\" \/>\n\t<meta name=\"twitter:data2\" content=\"2 minutes\" \/>\n<script type=\"application\/ld+json\" class=\"yoast-schema-graph\">{\"@context\":\"https:\\\/\\\/schema.org\",\"@graph\":[{\"@type\":\"Article\",\"@id\":\"https:\\\/\\\/www.bellunopress.it\\\/2013\\\/03\\\/02\\\/voce-di-donna-in-poesia-e-musica-lunedi-4-marzo-nellaula-magna-dellistituto-tecnico-segato-di-belluno\\\/#article\",\"isPartOf\":{\"@id\":\"https:\\\/\\\/www.bellunopress.it\\\/2013\\\/03\\\/02\\\/voce-di-donna-in-poesia-e-musica-lunedi-4-marzo-nellaula-magna-dellistituto-tecnico-segato-di-belluno\\\/\"},\"author\":{\"name\":\"redazione\",\"@id\":\"https:\\\/\\\/www.bellunopress.it\\\/#\\\/schema\\\/person\\\/79bb06722b37ece1c03d3e94beb30d73\"},\"headline\":\"Voce di donna in poesia e musica. Luned\u00ec 4 marzo nell&#8217;Aula Magna dell&#8217;Istituto tecnico Segato di Belluno\",\"datePublished\":\"2013-03-02T16:13:12+00:00\",\"dateModified\":\"2013-03-03T07:53:28+00:00\",\"mainEntityOfPage\":{\"@id\":\"https:\\\/\\\/www.bellunopress.it\\\/2013\\\/03\\\/02\\\/voce-di-donna-in-poesia-e-musica-lunedi-4-marzo-nellaula-magna-dellistituto-tecnico-segato-di-belluno\\\/\"},\"wordCount\":362,\"publisher\":{\"@id\":\"https:\\\/\\\/www.bellunopress.it\\\/#organization\"},\"image\":{\"@id\":\"https:\\\/\\\/www.bellunopress.it\\\/2013\\\/03\\\/02\\\/voce-di-donna-in-poesia-e-musica-lunedi-4-marzo-nellaula-magna-dellistituto-tecnico-segato-di-belluno\\\/#primaryimage\"},\"thumbnailUrl\":\"http:\\\/\\\/www.bellunopress.it\\\/wp-content\\\/uploads\\\/2010\\\/05\\\/istituto-tecnico-industriale.jpg\",\"articleSection\":[\"Appuntamenti, Eventi\",\"Arte, Cultura, Spettacoli, Scienza\",\"Pausa Caff\u00e8\"],\"inLanguage\":\"fr-FR\"},{\"@type\":\"WebPage\",\"@id\":\"https:\\\/\\\/www.bellunopress.it\\\/2013\\\/03\\\/02\\\/voce-di-donna-in-poesia-e-musica-lunedi-4-marzo-nellaula-magna-dellistituto-tecnico-segato-di-belluno\\\/\",\"url\":\"https:\\\/\\\/www.bellunopress.it\\\/2013\\\/03\\\/02\\\/voce-di-donna-in-poesia-e-musica-lunedi-4-marzo-nellaula-magna-dellistituto-tecnico-segato-di-belluno\\\/\",\"name\":\"Voce di donna in poesia e musica. Luned\u00ec 4 marzo nell'Aula Magna dell'Istituto tecnico Segato di Belluno - Bellunopress - Dolomiti\",\"isPartOf\":{\"@id\":\"https:\\\/\\\/www.bellunopress.it\\\/#website\"},\"primaryImageOfPage\":{\"@id\":\"https:\\\/\\\/www.bellunopress.it\\\/2013\\\/03\\\/02\\\/voce-di-donna-in-poesia-e-musica-lunedi-4-marzo-nellaula-magna-dellistituto-tecnico-segato-di-belluno\\\/#primaryimage\"},\"image\":{\"@id\":\"https:\\\/\\\/www.bellunopress.it\\\/2013\\\/03\\\/02\\\/voce-di-donna-in-poesia-e-musica-lunedi-4-marzo-nellaula-magna-dellistituto-tecnico-segato-di-belluno\\\/#primaryimage\"},\"thumbnailUrl\":\"http:\\\/\\\/www.bellunopress.it\\\/wp-content\\\/uploads\\\/2010\\\/05\\\/istituto-tecnico-industriale.jpg\",\"datePublished\":\"2013-03-02T16:13:12+00:00\",\"dateModified\":\"2013-03-03T07:53:28+00:00\",\"breadcrumb\":{\"@id\":\"https:\\\/\\\/www.bellunopress.it\\\/2013\\\/03\\\/02\\\/voce-di-donna-in-poesia-e-musica-lunedi-4-marzo-nellaula-magna-dellistituto-tecnico-segato-di-belluno\\\/#breadcrumb\"},\"inLanguage\":\"fr-FR\",\"potentialAction\":[{\"@type\":\"ReadAction\",\"target\":[\"https:\\\/\\\/www.bellunopress.it\\\/2013\\\/03\\\/02\\\/voce-di-donna-in-poesia-e-musica-lunedi-4-marzo-nellaula-magna-dellistituto-tecnico-segato-di-belluno\\\/\"]}]},{\"@type\":\"ImageObject\",\"inLanguage\":\"fr-FR\",\"@id\":\"https:\\\/\\\/www.bellunopress.it\\\/2013\\\/03\\\/02\\\/voce-di-donna-in-poesia-e-musica-lunedi-4-marzo-nellaula-magna-dellistituto-tecnico-segato-di-belluno\\\/#primaryimage\",\"url\":\"http:\\\/\\\/www.bellunopress.it\\\/wp-content\\\/uploads\\\/2010\\\/05\\\/istituto-tecnico-industriale.jpg\",\"contentUrl\":\"http:\\\/\\\/www.bellunopress.it\\\/wp-content\\\/uploads\\\/2010\\\/05\\\/istituto-tecnico-industriale.jpg\"},{\"@type\":\"BreadcrumbList\",\"@id\":\"https:\\\/\\\/www.bellunopress.it\\\/2013\\\/03\\\/02\\\/voce-di-donna-in-poesia-e-musica-lunedi-4-marzo-nellaula-magna-dellistituto-tecnico-segato-di-belluno\\\/#breadcrumb\",\"itemListElement\":[{\"@type\":\"ListItem\",\"position\":1,\"name\":\"Home\",\"item\":\"https:\\\/\\\/www.bellunopress.it\\\/\"},{\"@type\":\"ListItem\",\"position\":2,\"name\":\"Voce di donna in poesia e musica. Luned\u00ec 4 marzo nell&#8217;Aula Magna dell&#8217;Istituto tecnico Segato di Belluno\"}]},{\"@type\":\"WebSite\",\"@id\":\"https:\\\/\\\/www.bellunopress.it\\\/#website\",\"url\":\"https:\\\/\\\/www.bellunopress.it\\\/\",\"name\":\"Bellunopress - Dolomiti\",\"description\":\"e-mail: redazione@bellunopress.it\",\"publisher\":{\"@id\":\"https:\\\/\\\/www.bellunopress.it\\\/#organization\"},\"potentialAction\":[{\"@type\":\"SearchAction\",\"target\":{\"@type\":\"EntryPoint\",\"urlTemplate\":\"https:\\\/\\\/www.bellunopress.it\\\/?s={search_term_string}\"},\"query-input\":{\"@type\":\"PropertyValueSpecification\",\"valueRequired\":true,\"valueName\":\"search_term_string\"}}],\"inLanguage\":\"fr-FR\"},{\"@type\":\"Organization\",\"@id\":\"https:\\\/\\\/www.bellunopress.it\\\/#organization\",\"name\":\"Bellunopress\",\"url\":\"https:\\\/\\\/www.bellunopress.it\\\/\",\"logo\":{\"@type\":\"ImageObject\",\"inLanguage\":\"fr-FR\",\"@id\":\"https:\\\/\\\/www.bellunopress.it\\\/#\\\/schema\\\/logo\\\/image\\\/\",\"url\":\"https:\\\/\\\/www.bellunopress.it\\\/wp-content\\\/uploads\\\/2011\\\/05\\\/cropped-logo-bellunopress-.jpg\",\"contentUrl\":\"https:\\\/\\\/www.bellunopress.it\\\/wp-content\\\/uploads\\\/2011\\\/05\\\/cropped-logo-bellunopress-.jpg\",\"width\":512,\"height\":512,\"caption\":\"Bellunopress\"},\"image\":{\"@id\":\"https:\\\/\\\/www.bellunopress.it\\\/#\\\/schema\\\/logo\\\/image\\\/\"},\"sameAs\":[\"https:\\\/\\\/www.facebook.com\\\/profile.php?id=100008943462799\",\"https:\\\/\\\/x.com\\\/bellunopress\",\"https:\\\/\\\/www.linkedin.com\\\/hp\\\/?dnr=JBzUWaJfMUw8vbXJJ2tVW5-I3jZKvC4wsoxE&amp;amp;amp;amp;amp;amp;trk=nav_responsive_tab_home\",\"https:\\\/\\\/www.youtube.com\\\/channel\\\/UCxL0wu1uN0_3_7hGG0306cw\"]},{\"@type\":\"Person\",\"@id\":\"https:\\\/\\\/www.bellunopress.it\\\/#\\\/schema\\\/person\\\/79bb06722b37ece1c03d3e94beb30d73\",\"name\":\"redazione\",\"image\":{\"@type\":\"ImageObject\",\"inLanguage\":\"fr-FR\",\"@id\":\"https:\\\/\\\/secure.gravatar.com\\\/avatar\\\/37d968a2e67a6fd04c169c4bdef102d0bc5d31b2546345219e348575eb80e9a0?s=96&d=mm&r=g\",\"url\":\"https:\\\/\\\/secure.gravatar.com\\\/avatar\\\/37d968a2e67a6fd04c169c4bdef102d0bc5d31b2546345219e348575eb80e9a0?s=96&d=mm&r=g\",\"contentUrl\":\"https:\\\/\\\/secure.gravatar.com\\\/avatar\\\/37d968a2e67a6fd04c169c4bdef102d0bc5d31b2546345219e348575eb80e9a0?s=96&d=mm&r=g\",\"caption\":\"redazione\"},\"sameAs\":[\"http:\\\/\\\/www.bellunopress.it\",\"https:\\\/\\\/x.com\\\/bellunopress\"],\"url\":\"https:\\\/\\\/www.bellunopress.it\\\/fr\\\/author\\\/redazione\\\/\"}]}<\/script>\n<!-- \/ Yoast SEO plugin. -->","yoast_head_json":{"title":"Voce di donna in poesia e musica. Luned\u00ec 4 marzo nell'Aula Magna dell'Istituto tecnico Segato di Belluno - Bellunopress - Dolomiti","robots":{"index":"index","follow":"follow","max-snippet":"max-snippet:-1","max-image-preview":"max-image-preview:large","max-video-preview":"max-video-preview:-1"},"canonical":"https:\/\/www.bellunopress.it\/fr\/2013\/03\/02\/voce-di-donna-in-poesia-e-musica-lunedi-4-marzo-nellaula-magna-dellistituto-tecnico-segato-di-belluno\/","og_locale":"fr_FR","og_type":"article","og_title":"Voce di donna in poesia e musica. Luned\u00ec 4 marzo nell'Aula Magna dell'Istituto tecnico Segato di Belluno - Bellunopress - Dolomiti","og_description":"Luned\u00ec 4 marzo 2013, alle ore 18, nell&#8217;aula Magna dell&#8217;Istituto tecnico &#8220;G.Segato&#8221;, (ingresso da Piazza Piloni) a Belluno si terr\u00e0 l&#8217;appuntamento dal titolo\u00a0&#8220;Voce di donne in poesia e musica&#8221;. Con interventi poetici di Paola Bettiol, Patrizia Burigo, Camilla Emili, Eliana Olivotto e Alessandra Servi e con l&#8217;intervento musicale di Alessandra Fagherazzi. L&#8217;iniziativa rientra nel ciclo [&hellip;]","og_url":"https:\/\/www.bellunopress.it\/fr\/2013\/03\/02\/voce-di-donna-in-poesia-e-musica-lunedi-4-marzo-nellaula-magna-dellistituto-tecnico-segato-di-belluno\/","og_site_name":"Bellunopress - Dolomiti","article_publisher":"https:\/\/www.facebook.com\/profile.php?id=100008943462799","article_published_time":"2013-03-02T16:13:12+00:00","article_modified_time":"2013-03-03T07:53:28+00:00","og_image":[{"url":"http:\/\/www.bellunopress.it\/wp-content\/uploads\/2010\/05\/istituto-tecnico-industriale.jpg","type":"","width":"","height":""}],"author":"redazione","twitter_card":"summary_large_image","twitter_creator":"@bellunopress","twitter_site":"@bellunopress","twitter_misc":{"\u00c9crit par":"redazione","Dur\u00e9e de lecture estim\u00e9e":"2 minutes"},"schema":{"@context":"https:\/\/schema.org","@graph":[{"@type":"Article","@id":"https:\/\/www.bellunopress.it\/2013\/03\/02\/voce-di-donna-in-poesia-e-musica-lunedi-4-marzo-nellaula-magna-dellistituto-tecnico-segato-di-belluno\/#article","isPartOf":{"@id":"https:\/\/www.bellunopress.it\/2013\/03\/02\/voce-di-donna-in-poesia-e-musica-lunedi-4-marzo-nellaula-magna-dellistituto-tecnico-segato-di-belluno\/"},"author":{"name":"redazione","@id":"https:\/\/www.bellunopress.it\/#\/schema\/person\/79bb06722b37ece1c03d3e94beb30d73"},"headline":"Voce di donna in poesia e musica. Luned\u00ec 4 marzo nell&#8217;Aula Magna dell&#8217;Istituto tecnico Segato di Belluno","datePublished":"2013-03-02T16:13:12+00:00","dateModified":"2013-03-03T07:53:28+00:00","mainEntityOfPage":{"@id":"https:\/\/www.bellunopress.it\/2013\/03\/02\/voce-di-donna-in-poesia-e-musica-lunedi-4-marzo-nellaula-magna-dellistituto-tecnico-segato-di-belluno\/"},"wordCount":362,"publisher":{"@id":"https:\/\/www.bellunopress.it\/#organization"},"image":{"@id":"https:\/\/www.bellunopress.it\/2013\/03\/02\/voce-di-donna-in-poesia-e-musica-lunedi-4-marzo-nellaula-magna-dellistituto-tecnico-segato-di-belluno\/#primaryimage"},"thumbnailUrl":"http:\/\/www.bellunopress.it\/wp-content\/uploads\/2010\/05\/istituto-tecnico-industriale.jpg","articleSection":["Appuntamenti, Eventi","Arte, Cultura, Spettacoli, Scienza","Pausa Caff\u00e8"],"inLanguage":"fr-FR"},{"@type":"WebPage","@id":"https:\/\/www.bellunopress.it\/2013\/03\/02\/voce-di-donna-in-poesia-e-musica-lunedi-4-marzo-nellaula-magna-dellistituto-tecnico-segato-di-belluno\/","url":"https:\/\/www.bellunopress.it\/2013\/03\/02\/voce-di-donna-in-poesia-e-musica-lunedi-4-marzo-nellaula-magna-dellistituto-tecnico-segato-di-belluno\/","name":"Voce di donna in poesia e musica. Luned\u00ec 4 marzo nell'Aula Magna dell'Istituto tecnico Segato di Belluno - Bellunopress - Dolomiti","isPartOf":{"@id":"https:\/\/www.bellunopress.it\/#website"},"primaryImageOfPage":{"@id":"https:\/\/www.bellunopress.it\/2013\/03\/02\/voce-di-donna-in-poesia-e-musica-lunedi-4-marzo-nellaula-magna-dellistituto-tecnico-segato-di-belluno\/#primaryimage"},"image":{"@id":"https:\/\/www.bellunopress.it\/2013\/03\/02\/voce-di-donna-in-poesia-e-musica-lunedi-4-marzo-nellaula-magna-dellistituto-tecnico-segato-di-belluno\/#primaryimage"},"thumbnailUrl":"http:\/\/www.bellunopress.it\/wp-content\/uploads\/2010\/05\/istituto-tecnico-industriale.jpg","datePublished":"2013-03-02T16:13:12+00:00","dateModified":"2013-03-03T07:53:28+00:00","breadcrumb":{"@id":"https:\/\/www.bellunopress.it\/2013\/03\/02\/voce-di-donna-in-poesia-e-musica-lunedi-4-marzo-nellaula-magna-dellistituto-tecnico-segato-di-belluno\/#breadcrumb"},"inLanguage":"fr-FR","potentialAction":[{"@type":"ReadAction","target":["https:\/\/www.bellunopress.it\/2013\/03\/02\/voce-di-donna-in-poesia-e-musica-lunedi-4-marzo-nellaula-magna-dellistituto-tecnico-segato-di-belluno\/"]}]},{"@type":"ImageObject","inLanguage":"fr-FR","@id":"https:\/\/www.bellunopress.it\/2013\/03\/02\/voce-di-donna-in-poesia-e-musica-lunedi-4-marzo-nellaula-magna-dellistituto-tecnico-segato-di-belluno\/#primaryimage","url":"http:\/\/www.bellunopress.it\/wp-content\/uploads\/2010\/05\/istituto-tecnico-industriale.jpg","contentUrl":"http:\/\/www.bellunopress.it\/wp-content\/uploads\/2010\/05\/istituto-tecnico-industriale.jpg"},{"@type":"BreadcrumbList","@id":"https:\/\/www.bellunopress.it\/2013\/03\/02\/voce-di-donna-in-poesia-e-musica-lunedi-4-marzo-nellaula-magna-dellistituto-tecnico-segato-di-belluno\/#breadcrumb","itemListElement":[{"@type":"ListItem","position":1,"name":"Home","item":"https:\/\/www.bellunopress.it\/"},{"@type":"ListItem","position":2,"name":"Voce di donna in poesia e musica. Luned\u00ec 4 marzo nell&#8217;Aula Magna dell&#8217;Istituto tecnico Segato di Belluno"}]},{"@type":"WebSite","@id":"https:\/\/www.bellunopress.it\/#website","url":"https:\/\/www.bellunopress.it\/","name":"Bellunopress - Dolomiti","description":"e-mail: redazione@bellunopress.it","publisher":{"@id":"https:\/\/www.bellunopress.it\/#organization"},"potentialAction":[{"@type":"SearchAction","target":{"@type":"EntryPoint","urlTemplate":"https:\/\/www.bellunopress.it\/?s={search_term_string}"},"query-input":{"@type":"PropertyValueSpecification","valueRequired":true,"valueName":"search_term_string"}}],"inLanguage":"fr-FR"},{"@type":"Organization","@id":"https:\/\/www.bellunopress.it\/#organization","name":"Bellunopress","url":"https:\/\/www.bellunopress.it\/","logo":{"@type":"ImageObject","inLanguage":"fr-FR","@id":"https:\/\/www.bellunopress.it\/#\/schema\/logo\/image\/","url":"https:\/\/www.bellunopress.it\/wp-content\/uploads\/2011\/05\/cropped-logo-bellunopress-.jpg","contentUrl":"https:\/\/www.bellunopress.it\/wp-content\/uploads\/2011\/05\/cropped-logo-bellunopress-.jpg","width":512,"height":512,"caption":"Bellunopress"},"image":{"@id":"https:\/\/www.bellunopress.it\/#\/schema\/logo\/image\/"},"sameAs":["https:\/\/www.facebook.com\/profile.php?id=100008943462799","https:\/\/x.com\/bellunopress","https:\/\/www.linkedin.com\/hp\/?dnr=JBzUWaJfMUw8vbXJJ2tVW5-I3jZKvC4wsoxE&amp;amp;amp;amp;amp;amp;trk=nav_responsive_tab_home","https:\/\/www.youtube.com\/channel\/UCxL0wu1uN0_3_7hGG0306cw"]},{"@type":"Person","@id":"https:\/\/www.bellunopress.it\/#\/schema\/person\/79bb06722b37ece1c03d3e94beb30d73","name":"r\u00e9daction","image":{"@type":"ImageObject","inLanguage":"fr-FR","@id":"https:\/\/secure.gravatar.com\/avatar\/37d968a2e67a6fd04c169c4bdef102d0bc5d31b2546345219e348575eb80e9a0?s=96&d=mm&r=g","url":"https:\/\/secure.gravatar.com\/avatar\/37d968a2e67a6fd04c169c4bdef102d0bc5d31b2546345219e348575eb80e9a0?s=96&d=mm&r=g","contentUrl":"https:\/\/secure.gravatar.com\/avatar\/37d968a2e67a6fd04c169c4bdef102d0bc5d31b2546345219e348575eb80e9a0?s=96&d=mm&r=g","caption":"redazione"},"sameAs":["http:\/\/www.bellunopress.it","https:\/\/x.com\/bellunopress"],"url":"https:\/\/www.bellunopress.it\/fr\/author\/redazione\/"}]}},"_links":{"self":[{"href":"https:\/\/www.bellunopress.it\/fr\/wp-json\/wp\/v2\/posts\/47137","targetHints":{"allow":["GET"]}}],"collection":[{"href":"https:\/\/www.bellunopress.it\/fr\/wp-json\/wp\/v2\/posts"}],"about":[{"href":"https:\/\/www.bellunopress.it\/fr\/wp-json\/wp\/v2\/types\/post"}],"author":[{"embeddable":true,"href":"https:\/\/www.bellunopress.it\/fr\/wp-json\/wp\/v2\/users\/2"}],"replies":[{"embeddable":true,"href":"https:\/\/www.bellunopress.it\/fr\/wp-json\/wp\/v2\/comments?post=47137"}],"version-history":[{"count":3,"href":"https:\/\/www.bellunopress.it\/fr\/wp-json\/wp\/v2\/posts\/47137\/revisions"}],"predecessor-version":[{"id":47273,"href":"https:\/\/www.bellunopress.it\/fr\/wp-json\/wp\/v2\/posts\/47137\/revisions\/47273"}],"wp:attachment":[{"href":"https:\/\/www.bellunopress.it\/fr\/wp-json\/wp\/v2\/media?parent=47137"}],"wp:term":[{"taxonomy":"category","embeddable":true,"href":"https:\/\/www.bellunopress.it\/fr\/wp-json\/wp\/v2\/categories?post=47137"},{"taxonomy":"post_tag","embeddable":true,"href":"https:\/\/www.bellunopress.it\/fr\/wp-json\/wp\/v2\/tags?post=47137"}],"curies":[{"name":"wp","href":"https:\/\/api.w.org\/{rel}","templated":true}]}}