{"id":47133,"date":"2013-02-27T17:05:59","date_gmt":"2013-02-27T16:05:59","guid":{"rendered":"http:\/\/www.bellunopress.it\/?p=47133"},"modified":"2013-02-27T17:05:59","modified_gmt":"2013-02-27T16:05:59","slug":"in-italia-no-ma-nel-bellunese-un-po-di-smacchiatura-al-giaguaro-ce-stata-intervento-di-michele-carbogno","status":"publish","type":"post","link":"https:\/\/www.bellunopress.it\/fr\/2013\/02\/27\/in-italia-no-ma-nel-bellunese-un-po-di-smacchiatura-al-giaguaro-ce-stata-intervento-di-michele-carbogno\/","title":{"rendered":"In Italia no, ma nel Bellunese un po\u2019 di smacchiatura al giaguaro c\u2019\u00e8 stata  * intervento di Michele Carbogno"},"content":{"rendered":"<figure id=\"attachment_30525\" aria-describedby=\"caption-attachment-30525\" style=\"width: 180px\" class=\"wp-caption alignleft\"><a href=\"http:\/\/www.bellunopress.it\/wp-content\/uploads\/2011\/09\/michele-carbogno.jpg\"><img loading=\"lazy\" decoding=\"async\" class=\"size-full wp-image-30525\" alt=\"Michele Carbogno\" src=\"http:\/\/www.bellunopress.it\/wp-content\/uploads\/2011\/09\/michele-carbogno.jpg\" width=\"180\" height=\"270\" \/><\/a><figcaption id=\"caption-attachment-30525\" class=\"wp-caption-text\">Michele Carbogno<\/figcaption><\/figure>\n<p>Parlare di terremoto forse pu\u00f2 apparire forte, ma certamente rende l\u2019idea di quello che \u00e8 stato il voto politico.<\/p>\n<p>Ora, in attesa che cessino anche le scosse di assestamento che proseguono nei primi giorni del post voto, bisogner\u00e0 cercare di capire cosa pu\u00f2 succedere nel breve periodo visto che l\u2019unico dato certo, oltre al grandissimo risultato personale di Grillo, \u00e8 che una maggioranza politica non c\u2019\u00e8 e sar\u00e0 anche difficile farla.<\/p>\n<p>Limitandoci pertanto a un\u2019analisi del risultato delle urne nel nostro territorio potremmo dire che la fotografia non \u00e8 particolarmente dissimile da quella nazionale, salvo che qui la contrazione di voti del centrodestra \u00e8 stata anche maggiore e alla fine fatale per chi gi\u00e0 era convinto di risedersi comodamente su un bel seggio di Montecitorio. Il popolo bellunese ha invece punito pi\u00f9 che in altre parti un centrodestra che ha dimostrato di non sapere fare squadra, un centrodestra che ha dissipato un consenso elettorale incredibile dopo aver voluto, per arroganza e personalismi, commissariare la Provincia e conseguentemente perdere i comuni di Belluno, Feltre e Cortina dove era stato posto a governare dai cittadini negli ultimi anni.<\/p>\n<p>E anche chi riesce a entrare in Parlamento, grazie a una legge elettorale strana, non pu\u00f2 certo cantar vittoria; in questo senso \u00e8 illuminante il voto di Sedico, che pur potendo vantare la presenza nella lista del Pdl al Senato del proprio primo cittadino (nonch\u00e9 presidente del consorzio Bim), ha pensato bene di votare in maniera massiccia Grillo e Bersani, relegando la lista del sindaco nelle retrovie.<\/p>\n<p>In Italia non \u00e8 accaduto, ma nel bellunese si pu\u00f2 certo dire che il giaguaro un po\u2019 \u00e8 stato smacchiato. Dopo le amministrative dello scorso anno e questa ulteriore stangata delle politiche, se le lezioni possono servire a qualcosa il nostro auspicio \u00e8 che finalmente si guardi avanti e si faccia ripartire il centrodestra locale, un centrodestra rinnovato nelle sue facce e pronto a far squadra, non a divedersi come \u00e8 successo fino a oggi.<\/p>\n<p>&nbsp;<\/p>\n<p>Michele Carbogno<\/p>\n<p>&nbsp;<\/p>","protected":false},"excerpt":{"rendered":"<p>Parlare di terremoto forse pu\u00f2 apparire forte, ma certamente rende l\u2019idea di quello che \u00e8 stato il voto politico. Ora, in attesa che cessino anche le scosse di assestamento che proseguono nei primi giorni del post voto, bisogner\u00e0 cercare di capire cosa pu\u00f2 succedere nel breve periodo visto che l\u2019unico dato certo, oltre al grandissimo [&hellip;]<\/p>\n","protected":false},"author":2,"featured_media":0,"comment_status":"closed","ping_status":"open","sticky":false,"template":"","format":"standard","meta":{"footnotes":""},"categories":[1],"tags":[],"class_list":["post-47133","post","type-post","status-publish","format-standard","category-leo"],"yoast_head":"<!-- This site is optimized with the Yoast SEO plugin v28.4 - https:\/\/yoast.com\/product\/yoast-seo-wordpress\/ -->\n<title>In Italia no, ma nel Bellunese un po\u2019 di smacchiatura al giaguaro c\u2019\u00e8 stata * intervento di Michele Carbogno - Bellunopress - Dolomiti<\/title>\n<meta name=\"robots\" content=\"index, follow, max-snippet:-1, max-image-preview:large, max-video-preview:-1\" \/>\n<link rel=\"canonical\" href=\"https:\/\/www.bellunopress.it\/fr\/2013\/02\/27\/in-italia-no-ma-nel-bellunese-un-po-di-smacchiatura-al-giaguaro-ce-stata-intervento-di-michele-carbogno\/\" \/>\n<meta property=\"og:locale\" content=\"fr_FR\" \/>\n<meta property=\"og:type\" content=\"article\" \/>\n<meta property=\"og:title\" content=\"In Italia no, ma nel Bellunese un po\u2019 di smacchiatura al giaguaro c\u2019\u00e8 stata * intervento di Michele Carbogno - Bellunopress - Dolomiti\" \/>\n<meta property=\"og:description\" content=\"Parlare di terremoto forse pu\u00f2 apparire forte, ma certamente rende l\u2019idea di quello che \u00e8 stato il voto politico. Ora, in attesa che cessino anche le scosse di assestamento che proseguono nei primi giorni del post voto, bisogner\u00e0 cercare di capire cosa pu\u00f2 succedere nel breve periodo visto che l\u2019unico dato certo, oltre al grandissimo [&hellip;]\" \/>\n<meta property=\"og:url\" content=\"https:\/\/www.bellunopress.it\/fr\/2013\/02\/27\/in-italia-no-ma-nel-bellunese-un-po-di-smacchiatura-al-giaguaro-ce-stata-intervento-di-michele-carbogno\/\" \/>\n<meta property=\"og:site_name\" content=\"Bellunopress - Dolomiti\" \/>\n<meta property=\"article:publisher\" content=\"https:\/\/www.facebook.com\/profile.php?id=100008943462799\" \/>\n<meta property=\"article:published_time\" content=\"2013-02-27T16:05:59+00:00\" \/>\n<meta property=\"og:image\" content=\"http:\/\/www.bellunopress.it\/wp-content\/uploads\/2011\/09\/michele-carbogno.jpg\" \/>\n<meta name=\"author\" content=\"redazione\" \/>\n<meta name=\"twitter:card\" content=\"summary_large_image\" \/>\n<meta name=\"twitter:creator\" content=\"@bellunopress\" \/>\n<meta name=\"twitter:site\" content=\"@bellunopress\" \/>\n<meta name=\"twitter:label1\" content=\"\u00c9crit par\" \/>\n\t<meta name=\"twitter:data1\" content=\"redazione\" \/>\n\t<meta name=\"twitter:label2\" content=\"Dur\u00e9e de lecture estim\u00e9e\" \/>\n\t<meta name=\"twitter:data2\" content=\"2 minutes\" \/>\n<script type=\"application\/ld+json\" class=\"yoast-schema-graph\">{\"@context\":\"https:\\\/\\\/schema.org\",\"@graph\":[{\"@type\":\"Article\",\"@id\":\"https:\\\/\\\/www.bellunopress.it\\\/2013\\\/02\\\/27\\\/in-italia-no-ma-nel-bellunese-un-po-di-smacchiatura-al-giaguaro-ce-stata-intervento-di-michele-carbogno\\\/#article\",\"isPartOf\":{\"@id\":\"https:\\\/\\\/www.bellunopress.it\\\/2013\\\/02\\\/27\\\/in-italia-no-ma-nel-bellunese-un-po-di-smacchiatura-al-giaguaro-ce-stata-intervento-di-michele-carbogno\\\/\"},\"author\":{\"name\":\"redazione\",\"@id\":\"https:\\\/\\\/www.bellunopress.it\\\/#\\\/schema\\\/person\\\/79bb06722b37ece1c03d3e94beb30d73\"},\"headline\":\"In Italia no, ma nel Bellunese un po\u2019 di smacchiatura al giaguaro c\u2019\u00e8 stata * intervento di Michele Carbogno\",\"datePublished\":\"2013-02-27T16:05:59+00:00\",\"mainEntityOfPage\":{\"@id\":\"https:\\\/\\\/www.bellunopress.it\\\/2013\\\/02\\\/27\\\/in-italia-no-ma-nel-bellunese-un-po-di-smacchiatura-al-giaguaro-ce-stata-intervento-di-michele-carbogno\\\/\"},\"wordCount\":353,\"publisher\":{\"@id\":\"https:\\\/\\\/www.bellunopress.it\\\/#organization\"},\"image\":{\"@id\":\"https:\\\/\\\/www.bellunopress.it\\\/2013\\\/02\\\/27\\\/in-italia-no-ma-nel-bellunese-un-po-di-smacchiatura-al-giaguaro-ce-stata-intervento-di-michele-carbogno\\\/#primaryimage\"},\"thumbnailUrl\":\"http:\\\/\\\/www.bellunopress.it\\\/wp-content\\\/uploads\\\/2011\\\/09\\\/michele-carbogno.jpg\",\"articleSection\":[\"Lettere Opinioni\"],\"inLanguage\":\"fr-FR\"},{\"@type\":\"WebPage\",\"@id\":\"https:\\\/\\\/www.bellunopress.it\\\/2013\\\/02\\\/27\\\/in-italia-no-ma-nel-bellunese-un-po-di-smacchiatura-al-giaguaro-ce-stata-intervento-di-michele-carbogno\\\/\",\"url\":\"https:\\\/\\\/www.bellunopress.it\\\/2013\\\/02\\\/27\\\/in-italia-no-ma-nel-bellunese-un-po-di-smacchiatura-al-giaguaro-ce-stata-intervento-di-michele-carbogno\\\/\",\"name\":\"In Italia no, ma nel Bellunese un po\u2019 di smacchiatura al giaguaro c\u2019\u00e8 stata * intervento di Michele Carbogno - Bellunopress - Dolomiti\",\"isPartOf\":{\"@id\":\"https:\\\/\\\/www.bellunopress.it\\\/#website\"},\"primaryImageOfPage\":{\"@id\":\"https:\\\/\\\/www.bellunopress.it\\\/2013\\\/02\\\/27\\\/in-italia-no-ma-nel-bellunese-un-po-di-smacchiatura-al-giaguaro-ce-stata-intervento-di-michele-carbogno\\\/#primaryimage\"},\"image\":{\"@id\":\"https:\\\/\\\/www.bellunopress.it\\\/2013\\\/02\\\/27\\\/in-italia-no-ma-nel-bellunese-un-po-di-smacchiatura-al-giaguaro-ce-stata-intervento-di-michele-carbogno\\\/#primaryimage\"},\"thumbnailUrl\":\"http:\\\/\\\/www.bellunopress.it\\\/wp-content\\\/uploads\\\/2011\\\/09\\\/michele-carbogno.jpg\",\"datePublished\":\"2013-02-27T16:05:59+00:00\",\"breadcrumb\":{\"@id\":\"https:\\\/\\\/www.bellunopress.it\\\/2013\\\/02\\\/27\\\/in-italia-no-ma-nel-bellunese-un-po-di-smacchiatura-al-giaguaro-ce-stata-intervento-di-michele-carbogno\\\/#breadcrumb\"},\"inLanguage\":\"fr-FR\",\"potentialAction\":[{\"@type\":\"ReadAction\",\"target\":[\"https:\\\/\\\/www.bellunopress.it\\\/2013\\\/02\\\/27\\\/in-italia-no-ma-nel-bellunese-un-po-di-smacchiatura-al-giaguaro-ce-stata-intervento-di-michele-carbogno\\\/\"]}]},{\"@type\":\"ImageObject\",\"inLanguage\":\"fr-FR\",\"@id\":\"https:\\\/\\\/www.bellunopress.it\\\/2013\\\/02\\\/27\\\/in-italia-no-ma-nel-bellunese-un-po-di-smacchiatura-al-giaguaro-ce-stata-intervento-di-michele-carbogno\\\/#primaryimage\",\"url\":\"http:\\\/\\\/www.bellunopress.it\\\/wp-content\\\/uploads\\\/2011\\\/09\\\/michele-carbogno.jpg\",\"contentUrl\":\"http:\\\/\\\/www.bellunopress.it\\\/wp-content\\\/uploads\\\/2011\\\/09\\\/michele-carbogno.jpg\"},{\"@type\":\"BreadcrumbList\",\"@id\":\"https:\\\/\\\/www.bellunopress.it\\\/2013\\\/02\\\/27\\\/in-italia-no-ma-nel-bellunese-un-po-di-smacchiatura-al-giaguaro-ce-stata-intervento-di-michele-carbogno\\\/#breadcrumb\",\"itemListElement\":[{\"@type\":\"ListItem\",\"position\":1,\"name\":\"Home\",\"item\":\"https:\\\/\\\/www.bellunopress.it\\\/\"},{\"@type\":\"ListItem\",\"position\":2,\"name\":\"In Italia no, ma nel Bellunese un po\u2019 di smacchiatura al giaguaro c\u2019\u00e8 stata * intervento di Michele Carbogno\"}]},{\"@type\":\"WebSite\",\"@id\":\"https:\\\/\\\/www.bellunopress.it\\\/#website\",\"url\":\"https:\\\/\\\/www.bellunopress.it\\\/\",\"name\":\"Bellunopress - Dolomiti\",\"description\":\"e-mail: redazione@bellunopress.it\",\"publisher\":{\"@id\":\"https:\\\/\\\/www.bellunopress.it\\\/#organization\"},\"potentialAction\":[{\"@type\":\"SearchAction\",\"target\":{\"@type\":\"EntryPoint\",\"urlTemplate\":\"https:\\\/\\\/www.bellunopress.it\\\/?s={search_term_string}\"},\"query-input\":{\"@type\":\"PropertyValueSpecification\",\"valueRequired\":true,\"valueName\":\"search_term_string\"}}],\"inLanguage\":\"fr-FR\"},{\"@type\":\"Organization\",\"@id\":\"https:\\\/\\\/www.bellunopress.it\\\/#organization\",\"name\":\"Bellunopress\",\"url\":\"https:\\\/\\\/www.bellunopress.it\\\/\",\"logo\":{\"@type\":\"ImageObject\",\"inLanguage\":\"fr-FR\",\"@id\":\"https:\\\/\\\/www.bellunopress.it\\\/#\\\/schema\\\/logo\\\/image\\\/\",\"url\":\"https:\\\/\\\/www.bellunopress.it\\\/wp-content\\\/uploads\\\/2011\\\/05\\\/cropped-logo-bellunopress-.jpg\",\"contentUrl\":\"https:\\\/\\\/www.bellunopress.it\\\/wp-content\\\/uploads\\\/2011\\\/05\\\/cropped-logo-bellunopress-.jpg\",\"width\":512,\"height\":512,\"caption\":\"Bellunopress\"},\"image\":{\"@id\":\"https:\\\/\\\/www.bellunopress.it\\\/#\\\/schema\\\/logo\\\/image\\\/\"},\"sameAs\":[\"https:\\\/\\\/www.facebook.com\\\/profile.php?id=100008943462799\",\"https:\\\/\\\/x.com\\\/bellunopress\",\"https:\\\/\\\/www.linkedin.com\\\/hp\\\/?dnr=JBzUWaJfMUw8vbXJJ2tVW5-I3jZKvC4wsoxE&amp;amp;amp;amp;amp;amp;trk=nav_responsive_tab_home\",\"https:\\\/\\\/www.youtube.com\\\/channel\\\/UCxL0wu1uN0_3_7hGG0306cw\"]},{\"@type\":\"Person\",\"@id\":\"https:\\\/\\\/www.bellunopress.it\\\/#\\\/schema\\\/person\\\/79bb06722b37ece1c03d3e94beb30d73\",\"name\":\"redazione\",\"image\":{\"@type\":\"ImageObject\",\"inLanguage\":\"fr-FR\",\"@id\":\"https:\\\/\\\/secure.gravatar.com\\\/avatar\\\/37d968a2e67a6fd04c169c4bdef102d0bc5d31b2546345219e348575eb80e9a0?s=96&d=mm&r=g\",\"url\":\"https:\\\/\\\/secure.gravatar.com\\\/avatar\\\/37d968a2e67a6fd04c169c4bdef102d0bc5d31b2546345219e348575eb80e9a0?s=96&d=mm&r=g\",\"contentUrl\":\"https:\\\/\\\/secure.gravatar.com\\\/avatar\\\/37d968a2e67a6fd04c169c4bdef102d0bc5d31b2546345219e348575eb80e9a0?s=96&d=mm&r=g\",\"caption\":\"redazione\"},\"sameAs\":[\"http:\\\/\\\/www.bellunopress.it\",\"https:\\\/\\\/x.com\\\/bellunopress\"],\"url\":\"https:\\\/\\\/www.bellunopress.it\\\/fr\\\/author\\\/redazione\\\/\"}]}<\/script>\n<!-- \/ Yoast SEO plugin. -->","yoast_head_json":{"title":"In Italia no, ma nel Bellunese un po\u2019 di smacchiatura al giaguaro c\u2019\u00e8 stata * intervento di Michele Carbogno - Bellunopress - Dolomiti","robots":{"index":"index","follow":"follow","max-snippet":"max-snippet:-1","max-image-preview":"max-image-preview:large","max-video-preview":"max-video-preview:-1"},"canonical":"https:\/\/www.bellunopress.it\/fr\/2013\/02\/27\/in-italia-no-ma-nel-bellunese-un-po-di-smacchiatura-al-giaguaro-ce-stata-intervento-di-michele-carbogno\/","og_locale":"fr_FR","og_type":"article","og_title":"In Italia no, ma nel Bellunese un po\u2019 di smacchiatura al giaguaro c\u2019\u00e8 stata * intervento di Michele Carbogno - Bellunopress - Dolomiti","og_description":"Parlare di terremoto forse pu\u00f2 apparire forte, ma certamente rende l\u2019idea di quello che \u00e8 stato il voto politico. Ora, in attesa che cessino anche le scosse di assestamento che proseguono nei primi giorni del post voto, bisogner\u00e0 cercare di capire cosa pu\u00f2 succedere nel breve periodo visto che l\u2019unico dato certo, oltre al grandissimo [&hellip;]","og_url":"https:\/\/www.bellunopress.it\/fr\/2013\/02\/27\/in-italia-no-ma-nel-bellunese-un-po-di-smacchiatura-al-giaguaro-ce-stata-intervento-di-michele-carbogno\/","og_site_name":"Bellunopress - Dolomiti","article_publisher":"https:\/\/www.facebook.com\/profile.php?id=100008943462799","article_published_time":"2013-02-27T16:05:59+00:00","og_image":[{"url":"http:\/\/www.bellunopress.it\/wp-content\/uploads\/2011\/09\/michele-carbogno.jpg","type":"","width":"","height":""}],"author":"redazione","twitter_card":"summary_large_image","twitter_creator":"@bellunopress","twitter_site":"@bellunopress","twitter_misc":{"\u00c9crit par":"redazione","Dur\u00e9e de lecture estim\u00e9e":"2 minutes"},"schema":{"@context":"https:\/\/schema.org","@graph":[{"@type":"Article","@id":"https:\/\/www.bellunopress.it\/2013\/02\/27\/in-italia-no-ma-nel-bellunese-un-po-di-smacchiatura-al-giaguaro-ce-stata-intervento-di-michele-carbogno\/#article","isPartOf":{"@id":"https:\/\/www.bellunopress.it\/2013\/02\/27\/in-italia-no-ma-nel-bellunese-un-po-di-smacchiatura-al-giaguaro-ce-stata-intervento-di-michele-carbogno\/"},"author":{"name":"redazione","@id":"https:\/\/www.bellunopress.it\/#\/schema\/person\/79bb06722b37ece1c03d3e94beb30d73"},"headline":"In Italia no, ma nel Bellunese un po\u2019 di smacchiatura al giaguaro c\u2019\u00e8 stata * intervento di Michele Carbogno","datePublished":"2013-02-27T16:05:59+00:00","mainEntityOfPage":{"@id":"https:\/\/www.bellunopress.it\/2013\/02\/27\/in-italia-no-ma-nel-bellunese-un-po-di-smacchiatura-al-giaguaro-ce-stata-intervento-di-michele-carbogno\/"},"wordCount":353,"publisher":{"@id":"https:\/\/www.bellunopress.it\/#organization"},"image":{"@id":"https:\/\/www.bellunopress.it\/2013\/02\/27\/in-italia-no-ma-nel-bellunese-un-po-di-smacchiatura-al-giaguaro-ce-stata-intervento-di-michele-carbogno\/#primaryimage"},"thumbnailUrl":"http:\/\/www.bellunopress.it\/wp-content\/uploads\/2011\/09\/michele-carbogno.jpg","articleSection":["Lettere Opinioni"],"inLanguage":"fr-FR"},{"@type":"WebPage","@id":"https:\/\/www.bellunopress.it\/2013\/02\/27\/in-italia-no-ma-nel-bellunese-un-po-di-smacchiatura-al-giaguaro-ce-stata-intervento-di-michele-carbogno\/","url":"https:\/\/www.bellunopress.it\/2013\/02\/27\/in-italia-no-ma-nel-bellunese-un-po-di-smacchiatura-al-giaguaro-ce-stata-intervento-di-michele-carbogno\/","name":"In Italia no, ma nel Bellunese un po\u2019 di smacchiatura al giaguaro c\u2019\u00e8 stata * intervento di Michele Carbogno - Bellunopress - Dolomiti","isPartOf":{"@id":"https:\/\/www.bellunopress.it\/#website"},"primaryImageOfPage":{"@id":"https:\/\/www.bellunopress.it\/2013\/02\/27\/in-italia-no-ma-nel-bellunese-un-po-di-smacchiatura-al-giaguaro-ce-stata-intervento-di-michele-carbogno\/#primaryimage"},"image":{"@id":"https:\/\/www.bellunopress.it\/2013\/02\/27\/in-italia-no-ma-nel-bellunese-un-po-di-smacchiatura-al-giaguaro-ce-stata-intervento-di-michele-carbogno\/#primaryimage"},"thumbnailUrl":"http:\/\/www.bellunopress.it\/wp-content\/uploads\/2011\/09\/michele-carbogno.jpg","datePublished":"2013-02-27T16:05:59+00:00","breadcrumb":{"@id":"https:\/\/www.bellunopress.it\/2013\/02\/27\/in-italia-no-ma-nel-bellunese-un-po-di-smacchiatura-al-giaguaro-ce-stata-intervento-di-michele-carbogno\/#breadcrumb"},"inLanguage":"fr-FR","potentialAction":[{"@type":"ReadAction","target":["https:\/\/www.bellunopress.it\/2013\/02\/27\/in-italia-no-ma-nel-bellunese-un-po-di-smacchiatura-al-giaguaro-ce-stata-intervento-di-michele-carbogno\/"]}]},{"@type":"ImageObject","inLanguage":"fr-FR","@id":"https:\/\/www.bellunopress.it\/2013\/02\/27\/in-italia-no-ma-nel-bellunese-un-po-di-smacchiatura-al-giaguaro-ce-stata-intervento-di-michele-carbogno\/#primaryimage","url":"http:\/\/www.bellunopress.it\/wp-content\/uploads\/2011\/09\/michele-carbogno.jpg","contentUrl":"http:\/\/www.bellunopress.it\/wp-content\/uploads\/2011\/09\/michele-carbogno.jpg"},{"@type":"BreadcrumbList","@id":"https:\/\/www.bellunopress.it\/2013\/02\/27\/in-italia-no-ma-nel-bellunese-un-po-di-smacchiatura-al-giaguaro-ce-stata-intervento-di-michele-carbogno\/#breadcrumb","itemListElement":[{"@type":"ListItem","position":1,"name":"Home","item":"https:\/\/www.bellunopress.it\/"},{"@type":"ListItem","position":2,"name":"In Italia no, ma nel Bellunese un po\u2019 di smacchiatura al giaguaro c\u2019\u00e8 stata * intervento di Michele Carbogno"}]},{"@type":"WebSite","@id":"https:\/\/www.bellunopress.it\/#website","url":"https:\/\/www.bellunopress.it\/","name":"Bellunopress - Dolomiti","description":"e-mail: redazione@bellunopress.it","publisher":{"@id":"https:\/\/www.bellunopress.it\/#organization"},"potentialAction":[{"@type":"SearchAction","target":{"@type":"EntryPoint","urlTemplate":"https:\/\/www.bellunopress.it\/?s={search_term_string}"},"query-input":{"@type":"PropertyValueSpecification","valueRequired":true,"valueName":"search_term_string"}}],"inLanguage":"fr-FR"},{"@type":"Organization","@id":"https:\/\/www.bellunopress.it\/#organization","name":"Bellunopress","url":"https:\/\/www.bellunopress.it\/","logo":{"@type":"ImageObject","inLanguage":"fr-FR","@id":"https:\/\/www.bellunopress.it\/#\/schema\/logo\/image\/","url":"https:\/\/www.bellunopress.it\/wp-content\/uploads\/2011\/05\/cropped-logo-bellunopress-.jpg","contentUrl":"https:\/\/www.bellunopress.it\/wp-content\/uploads\/2011\/05\/cropped-logo-bellunopress-.jpg","width":512,"height":512,"caption":"Bellunopress"},"image":{"@id":"https:\/\/www.bellunopress.it\/#\/schema\/logo\/image\/"},"sameAs":["https:\/\/www.facebook.com\/profile.php?id=100008943462799","https:\/\/x.com\/bellunopress","https:\/\/www.linkedin.com\/hp\/?dnr=JBzUWaJfMUw8vbXJJ2tVW5-I3jZKvC4wsoxE&amp;amp;amp;amp;amp;amp;trk=nav_responsive_tab_home","https:\/\/www.youtube.com\/channel\/UCxL0wu1uN0_3_7hGG0306cw"]},{"@type":"Person","@id":"https:\/\/www.bellunopress.it\/#\/schema\/person\/79bb06722b37ece1c03d3e94beb30d73","name":"r\u00e9daction","image":{"@type":"ImageObject","inLanguage":"fr-FR","@id":"https:\/\/secure.gravatar.com\/avatar\/37d968a2e67a6fd04c169c4bdef102d0bc5d31b2546345219e348575eb80e9a0?s=96&d=mm&r=g","url":"https:\/\/secure.gravatar.com\/avatar\/37d968a2e67a6fd04c169c4bdef102d0bc5d31b2546345219e348575eb80e9a0?s=96&d=mm&r=g","contentUrl":"https:\/\/secure.gravatar.com\/avatar\/37d968a2e67a6fd04c169c4bdef102d0bc5d31b2546345219e348575eb80e9a0?s=96&d=mm&r=g","caption":"redazione"},"sameAs":["http:\/\/www.bellunopress.it","https:\/\/x.com\/bellunopress"],"url":"https:\/\/www.bellunopress.it\/fr\/author\/redazione\/"}]}},"_links":{"self":[{"href":"https:\/\/www.bellunopress.it\/fr\/wp-json\/wp\/v2\/posts\/47133","targetHints":{"allow":["GET"]}}],"collection":[{"href":"https:\/\/www.bellunopress.it\/fr\/wp-json\/wp\/v2\/posts"}],"about":[{"href":"https:\/\/www.bellunopress.it\/fr\/wp-json\/wp\/v2\/types\/post"}],"author":[{"embeddable":true,"href":"https:\/\/www.bellunopress.it\/fr\/wp-json\/wp\/v2\/users\/2"}],"replies":[{"embeddable":true,"href":"https:\/\/www.bellunopress.it\/fr\/wp-json\/wp\/v2\/comments?post=47133"}],"version-history":[{"count":1,"href":"https:\/\/www.bellunopress.it\/fr\/wp-json\/wp\/v2\/posts\/47133\/revisions"}],"predecessor-version":[{"id":47134,"href":"https:\/\/www.bellunopress.it\/fr\/wp-json\/wp\/v2\/posts\/47133\/revisions\/47134"}],"wp:attachment":[{"href":"https:\/\/www.bellunopress.it\/fr\/wp-json\/wp\/v2\/media?parent=47133"}],"wp:term":[{"taxonomy":"category","embeddable":true,"href":"https:\/\/www.bellunopress.it\/fr\/wp-json\/wp\/v2\/categories?post=47133"},{"taxonomy":"post_tag","embeddable":true,"href":"https:\/\/www.bellunopress.it\/fr\/wp-json\/wp\/v2\/tags?post=47133"}],"curies":[{"name":"wp","href":"https:\/\/api.w.org\/{rel}","templated":true}]}}