{"id":47129,"date":"2013-02-27T08:16:28","date_gmt":"2013-02-27T07:16:28","guid":{"rendered":"http:\/\/www.bellunopress.it\/?p=47129"},"modified":"2013-02-27T08:16:28","modified_gmt":"2013-02-27T07:16:28","slug":"juventus-club-belluno-venerdi-22-marzo-appuntamento-con-angelo-alessio-e-claudio-zuliani","status":"publish","type":"post","link":"https:\/\/www.bellunopress.it\/fr\/2013\/02\/27\/juventus-club-belluno-venerdi-22-marzo-appuntamento-con-angelo-alessio-e-claudio-zuliani\/","title":{"rendered":"Juventus Club Belluno: venerd\u00ec 22 marzo appuntamento con Angelo Alessio e Claudio Zuliani"},"content":{"rendered":"<p>Appuntamento imperdibile per tutti i tifosi bianconeri soci dello Juventus Club Doc di Belluno, uno dei punti di riferimento pi\u00f9 importanti per gli appassionati della Vecchia Signora residenti a Belluno e provincia.<\/p>\n<p>Il 22 marzo, presso il Ristorante Gallomania a Belluno ci sar\u00e0 un grande evento per festeggiare lo Juventus Club DOC Belluno. Club che raccoglie il maggior numero di iscritti in provincia (420).<\/p>\n<p>La serata di gala sar\u00e0 impreziosita dalla presenza di ospiti illustri, colonne della storia bianconera: ci sar\u00e0 infatti ANGELO ALESSIO,vice allenatore della Juventus. Oltre al giornalista CLAUDIO ZULIANI, noto commentatore di mediaset premium. Con la presenza straordinaria di Nicola Bonis, noto giornalista Bianconero della capitale nonch\u00e9 presentatore del programma \u201cStileJuve\u201d.<\/p>\n<p>Insomma, ci sono davvero tutti gli ingredienti affinch\u00e9 la cena del venerd\u00ec 22 marzo diventi un momento straordinario ed indimenticabile all&#8217;interno della storia del Club Doc di Belluno.<\/p>\n<p>In pi\u00f9 durante la serata ci saranno tantissime sorprese, come la diretta dell&#8217;evento su \u201cStileJuve\u201d una ricchissima lotteria e la torta offerta dal club per l&#8217;evento. Le prenotazioni sono gi\u00e0 partite al numero 0437.930358 (dopo le 17.00) Oppure al numero 3402959723 Nicola. La cena per gli iscritti al club sar\u00e0 di 15\u20ac (Piatti: Gallomania,Frittura,Tagliata con bibita media caff\u00e8 e digestivo). La cena \u00e8 aperta a tutti (fino a esaurimento posti), ma \u00e8 obbligatoria la prenotazione.<\/p>","protected":false},"excerpt":{"rendered":"<p>Appuntamento imperdibile per tutti i tifosi bianconeri soci dello Juventus Club Doc di Belluno, uno dei punti di riferimento pi\u00f9 importanti per gli appassionati della Vecchia Signora residenti a Belluno e provincia. Il 22 marzo, presso il Ristorante Gallomania a Belluno ci sar\u00e0 un grande evento per festeggiare lo Juventus Club DOC Belluno. Club che [&hellip;]<\/p>\n","protected":false},"author":2,"featured_media":0,"comment_status":"closed","ping_status":"open","sticky":false,"template":"","format":"standard","meta":{"footnotes":""},"categories":[27,25,4],"tags":[],"class_list":["post-47129","post","type-post","status-publish","format-standard","category-appuntamenti","category-pausa-caffe","category-sport"],"yoast_head":"<!-- This site is optimized with the Yoast SEO plugin v28.4 - https:\/\/yoast.com\/product\/yoast-seo-wordpress\/ -->\n<title>Juventus Club Belluno: venerd\u00ec 22 marzo appuntamento con Angelo Alessio e Claudio Zuliani  - Bellunopress - Dolomiti<\/title>\n<meta name=\"robots\" content=\"index, follow, max-snippet:-1, max-image-preview:large, max-video-preview:-1\" \/>\n<link rel=\"canonical\" href=\"https:\/\/www.bellunopress.it\/fr\/2013\/02\/27\/juventus-club-belluno-venerdi-22-marzo-appuntamento-con-angelo-alessio-e-claudio-zuliani\/\" \/>\n<meta property=\"og:locale\" content=\"fr_FR\" \/>\n<meta property=\"og:type\" content=\"article\" \/>\n<meta property=\"og:title\" content=\"Juventus Club Belluno: venerd\u00ec 22 marzo appuntamento con Angelo Alessio e Claudio Zuliani  - Bellunopress - Dolomiti\" \/>\n<meta property=\"og:description\" content=\"Appuntamento imperdibile per tutti i tifosi bianconeri soci dello Juventus Club Doc di Belluno, uno dei punti di riferimento pi\u00f9 importanti per gli appassionati della Vecchia Signora residenti a Belluno e provincia. Il 22 marzo, presso il Ristorante Gallomania a Belluno ci sar\u00e0 un grande evento per festeggiare lo Juventus Club DOC Belluno. Club che [&hellip;]\" \/>\n<meta property=\"og:url\" content=\"https:\/\/www.bellunopress.it\/fr\/2013\/02\/27\/juventus-club-belluno-venerdi-22-marzo-appuntamento-con-angelo-alessio-e-claudio-zuliani\/\" \/>\n<meta property=\"og:site_name\" content=\"Bellunopress - Dolomiti\" \/>\n<meta property=\"article:publisher\" content=\"https:\/\/www.facebook.com\/profile.php?id=100008943462799\" \/>\n<meta property=\"article:published_time\" content=\"2013-02-27T07:16:28+00:00\" \/>\n<meta property=\"og:image\" content=\"http:\/\/www.bellunopress.it\/wp-content\/uploads\/2012\/07\/logo-bellunopress-250x250-2012.jpg\" \/>\n<meta name=\"author\" content=\"redazione\" \/>\n<meta name=\"twitter:card\" content=\"summary_large_image\" \/>\n<meta name=\"twitter:creator\" content=\"@bellunopress\" \/>\n<meta name=\"twitter:site\" content=\"@bellunopress\" \/>\n<meta name=\"twitter:label1\" content=\"Written by\" \/>\n\t<meta name=\"twitter:data1\" content=\"redazione\" \/>\n\t<meta name=\"twitter:label2\" content=\"Est. reading time\" \/>\n\t<meta name=\"twitter:data2\" content=\"1 minute\" \/>\n<script type=\"application\/ld+json\" class=\"yoast-schema-graph\">{\"@context\":\"https:\\\/\\\/schema.org\",\"@graph\":[{\"@type\":\"Article\",\"@id\":\"https:\\\/\\\/www.bellunopress.it\\\/2013\\\/02\\\/27\\\/juventus-club-belluno-venerdi-22-marzo-appuntamento-con-angelo-alessio-e-claudio-zuliani\\\/#article\",\"isPartOf\":{\"@id\":\"https:\\\/\\\/www.bellunopress.it\\\/2013\\\/02\\\/27\\\/juventus-club-belluno-venerdi-22-marzo-appuntamento-con-angelo-alessio-e-claudio-zuliani\\\/\"},\"author\":{\"name\":\"redazione\",\"@id\":\"https:\\\/\\\/www.bellunopress.it\\\/#\\\/schema\\\/person\\\/79bb06722b37ece1c03d3e94beb30d73\"},\"headline\":\"Juventus Club Belluno: venerd\u00ec 22 marzo appuntamento con Angelo Alessio e Claudio Zuliani\",\"datePublished\":\"2013-02-27T07:16:28+00:00\",\"mainEntityOfPage\":{\"@id\":\"https:\\\/\\\/www.bellunopress.it\\\/2013\\\/02\\\/27\\\/juventus-club-belluno-venerdi-22-marzo-appuntamento-con-angelo-alessio-e-claudio-zuliani\\\/\"},\"wordCount\":226,\"publisher\":{\"@id\":\"https:\\\/\\\/www.bellunopress.it\\\/#organization\"},\"articleSection\":[\"Appuntamenti, Eventi\",\"Pausa Caff\u00e8\",\"Sport, tempo libero\"],\"inLanguage\":\"fr-FR\"},{\"@type\":\"WebPage\",\"@id\":\"https:\\\/\\\/www.bellunopress.it\\\/2013\\\/02\\\/27\\\/juventus-club-belluno-venerdi-22-marzo-appuntamento-con-angelo-alessio-e-claudio-zuliani\\\/\",\"url\":\"https:\\\/\\\/www.bellunopress.it\\\/2013\\\/02\\\/27\\\/juventus-club-belluno-venerdi-22-marzo-appuntamento-con-angelo-alessio-e-claudio-zuliani\\\/\",\"name\":\"Juventus Club Belluno: venerd\u00ec 22 marzo appuntamento con Angelo Alessio e Claudio Zuliani - Bellunopress - Dolomiti\",\"isPartOf\":{\"@id\":\"https:\\\/\\\/www.bellunopress.it\\\/#website\"},\"datePublished\":\"2013-02-27T07:16:28+00:00\",\"breadcrumb\":{\"@id\":\"https:\\\/\\\/www.bellunopress.it\\\/2013\\\/02\\\/27\\\/juventus-club-belluno-venerdi-22-marzo-appuntamento-con-angelo-alessio-e-claudio-zuliani\\\/#breadcrumb\"},\"inLanguage\":\"fr-FR\",\"potentialAction\":[{\"@type\":\"ReadAction\",\"target\":[\"https:\\\/\\\/www.bellunopress.it\\\/2013\\\/02\\\/27\\\/juventus-club-belluno-venerdi-22-marzo-appuntamento-con-angelo-alessio-e-claudio-zuliani\\\/\"]}]},{\"@type\":\"BreadcrumbList\",\"@id\":\"https:\\\/\\\/www.bellunopress.it\\\/2013\\\/02\\\/27\\\/juventus-club-belluno-venerdi-22-marzo-appuntamento-con-angelo-alessio-e-claudio-zuliani\\\/#breadcrumb\",\"itemListElement\":[{\"@type\":\"ListItem\",\"position\":1,\"name\":\"Home\",\"item\":\"https:\\\/\\\/www.bellunopress.it\\\/\"},{\"@type\":\"ListItem\",\"position\":2,\"name\":\"Juventus Club Belluno: venerd\u00ec 22 marzo appuntamento con Angelo Alessio e Claudio Zuliani\"}]},{\"@type\":\"WebSite\",\"@id\":\"https:\\\/\\\/www.bellunopress.it\\\/#website\",\"url\":\"https:\\\/\\\/www.bellunopress.it\\\/\",\"name\":\"Bellunopress - Dolomiti\",\"description\":\"e-mail: redazione@bellunopress.it\",\"publisher\":{\"@id\":\"https:\\\/\\\/www.bellunopress.it\\\/#organization\"},\"potentialAction\":[{\"@type\":\"SearchAction\",\"target\":{\"@type\":\"EntryPoint\",\"urlTemplate\":\"https:\\\/\\\/www.bellunopress.it\\\/?s={search_term_string}\"},\"query-input\":{\"@type\":\"PropertyValueSpecification\",\"valueRequired\":true,\"valueName\":\"search_term_string\"}}],\"inLanguage\":\"fr-FR\"},{\"@type\":\"Organization\",\"@id\":\"https:\\\/\\\/www.bellunopress.it\\\/#organization\",\"name\":\"Bellunopress\",\"url\":\"https:\\\/\\\/www.bellunopress.it\\\/\",\"logo\":{\"@type\":\"ImageObject\",\"inLanguage\":\"fr-FR\",\"@id\":\"https:\\\/\\\/www.bellunopress.it\\\/#\\\/schema\\\/logo\\\/image\\\/\",\"url\":\"https:\\\/\\\/www.bellunopress.it\\\/wp-content\\\/uploads\\\/2011\\\/05\\\/cropped-logo-bellunopress-.jpg\",\"contentUrl\":\"https:\\\/\\\/www.bellunopress.it\\\/wp-content\\\/uploads\\\/2011\\\/05\\\/cropped-logo-bellunopress-.jpg\",\"width\":512,\"height\":512,\"caption\":\"Bellunopress\"},\"image\":{\"@id\":\"https:\\\/\\\/www.bellunopress.it\\\/#\\\/schema\\\/logo\\\/image\\\/\"},\"sameAs\":[\"https:\\\/\\\/www.facebook.com\\\/profile.php?id=100008943462799\",\"https:\\\/\\\/x.com\\\/bellunopress\",\"https:\\\/\\\/www.linkedin.com\\\/hp\\\/?dnr=JBzUWaJfMUw8vbXJJ2tVW5-I3jZKvC4wsoxE&amp;amp;amp;amp;amp;amp;trk=nav_responsive_tab_home\",\"https:\\\/\\\/www.youtube.com\\\/channel\\\/UCxL0wu1uN0_3_7hGG0306cw\"]},{\"@type\":\"Person\",\"@id\":\"https:\\\/\\\/www.bellunopress.it\\\/#\\\/schema\\\/person\\\/79bb06722b37ece1c03d3e94beb30d73\",\"name\":\"redazione\",\"image\":{\"@type\":\"ImageObject\",\"inLanguage\":\"fr-FR\",\"@id\":\"https:\\\/\\\/secure.gravatar.com\\\/avatar\\\/37d968a2e67a6fd04c169c4bdef102d0bc5d31b2546345219e348575eb80e9a0?s=96&d=mm&r=g\",\"url\":\"https:\\\/\\\/secure.gravatar.com\\\/avatar\\\/37d968a2e67a6fd04c169c4bdef102d0bc5d31b2546345219e348575eb80e9a0?s=96&d=mm&r=g\",\"contentUrl\":\"https:\\\/\\\/secure.gravatar.com\\\/avatar\\\/37d968a2e67a6fd04c169c4bdef102d0bc5d31b2546345219e348575eb80e9a0?s=96&d=mm&r=g\",\"caption\":\"redazione\"},\"sameAs\":[\"http:\\\/\\\/www.bellunopress.it\",\"https:\\\/\\\/x.com\\\/bellunopress\"],\"url\":\"https:\\\/\\\/www.bellunopress.it\\\/fr\\\/author\\\/redazione\\\/\"}]}<\/script>\n<!-- \/ Yoast SEO plugin. -->","yoast_head_json":{"title":"Juventus Club Belluno: venerd\u00ec 22 marzo appuntamento con Angelo Alessio e Claudio Zuliani  - Bellunopress - Dolomiti","robots":{"index":"index","follow":"follow","max-snippet":"max-snippet:-1","max-image-preview":"max-image-preview:large","max-video-preview":"max-video-preview:-1"},"canonical":"https:\/\/www.bellunopress.it\/fr\/2013\/02\/27\/juventus-club-belluno-venerdi-22-marzo-appuntamento-con-angelo-alessio-e-claudio-zuliani\/","og_locale":"fr_FR","og_type":"article","og_title":"Juventus Club Belluno: venerd\u00ec 22 marzo appuntamento con Angelo Alessio e Claudio Zuliani  - Bellunopress - Dolomiti","og_description":"Appuntamento imperdibile per tutti i tifosi bianconeri soci dello Juventus Club Doc di Belluno, uno dei punti di riferimento pi\u00f9 importanti per gli appassionati della Vecchia Signora residenti a Belluno e provincia. Il 22 marzo, presso il Ristorante Gallomania a Belluno ci sar\u00e0 un grande evento per festeggiare lo Juventus Club DOC Belluno. Club che [&hellip;]","og_url":"https:\/\/www.bellunopress.it\/fr\/2013\/02\/27\/juventus-club-belluno-venerdi-22-marzo-appuntamento-con-angelo-alessio-e-claudio-zuliani\/","og_site_name":"Bellunopress - Dolomiti","article_publisher":"https:\/\/www.facebook.com\/profile.php?id=100008943462799","article_published_time":"2013-02-27T07:16:28+00:00","og_image":[{"url":"http:\/\/www.bellunopress.it\/wp-content\/uploads\/2012\/07\/logo-bellunopress-250x250-2012.jpg","type":"","width":"","height":""}],"author":"redazione","twitter_card":"summary_large_image","twitter_creator":"@bellunopress","twitter_site":"@bellunopress","twitter_misc":{"Written by":"redazione","Est. reading time":"1 minute"},"schema":{"@context":"https:\/\/schema.org","@graph":[{"@type":"Article","@id":"https:\/\/www.bellunopress.it\/2013\/02\/27\/juventus-club-belluno-venerdi-22-marzo-appuntamento-con-angelo-alessio-e-claudio-zuliani\/#article","isPartOf":{"@id":"https:\/\/www.bellunopress.it\/2013\/02\/27\/juventus-club-belluno-venerdi-22-marzo-appuntamento-con-angelo-alessio-e-claudio-zuliani\/"},"author":{"name":"redazione","@id":"https:\/\/www.bellunopress.it\/#\/schema\/person\/79bb06722b37ece1c03d3e94beb30d73"},"headline":"Juventus Club Belluno: venerd\u00ec 22 marzo appuntamento con Angelo Alessio e Claudio Zuliani","datePublished":"2013-02-27T07:16:28+00:00","mainEntityOfPage":{"@id":"https:\/\/www.bellunopress.it\/2013\/02\/27\/juventus-club-belluno-venerdi-22-marzo-appuntamento-con-angelo-alessio-e-claudio-zuliani\/"},"wordCount":226,"publisher":{"@id":"https:\/\/www.bellunopress.it\/#organization"},"articleSection":["Appuntamenti, Eventi","Pausa Caff\u00e8","Sport, tempo libero"],"inLanguage":"fr-FR"},{"@type":"WebPage","@id":"https:\/\/www.bellunopress.it\/2013\/02\/27\/juventus-club-belluno-venerdi-22-marzo-appuntamento-con-angelo-alessio-e-claudio-zuliani\/","url":"https:\/\/www.bellunopress.it\/2013\/02\/27\/juventus-club-belluno-venerdi-22-marzo-appuntamento-con-angelo-alessio-e-claudio-zuliani\/","name":"Juventus Club Belluno: venerd\u00ec 22 marzo appuntamento con Angelo Alessio e Claudio Zuliani - Bellunopress - Dolomiti","isPartOf":{"@id":"https:\/\/www.bellunopress.it\/#website"},"datePublished":"2013-02-27T07:16:28+00:00","breadcrumb":{"@id":"https:\/\/www.bellunopress.it\/2013\/02\/27\/juventus-club-belluno-venerdi-22-marzo-appuntamento-con-angelo-alessio-e-claudio-zuliani\/#breadcrumb"},"inLanguage":"fr-FR","potentialAction":[{"@type":"ReadAction","target":["https:\/\/www.bellunopress.it\/2013\/02\/27\/juventus-club-belluno-venerdi-22-marzo-appuntamento-con-angelo-alessio-e-claudio-zuliani\/"]}]},{"@type":"BreadcrumbList","@id":"https:\/\/www.bellunopress.it\/2013\/02\/27\/juventus-club-belluno-venerdi-22-marzo-appuntamento-con-angelo-alessio-e-claudio-zuliani\/#breadcrumb","itemListElement":[{"@type":"ListItem","position":1,"name":"Home","item":"https:\/\/www.bellunopress.it\/"},{"@type":"ListItem","position":2,"name":"Juventus Club Belluno: venerd\u00ec 22 marzo appuntamento con Angelo Alessio e Claudio Zuliani"}]},{"@type":"WebSite","@id":"https:\/\/www.bellunopress.it\/#website","url":"https:\/\/www.bellunopress.it\/","name":"Bellunopress - Dolomiti","description":"e-mail: redazione@bellunopress.it","publisher":{"@id":"https:\/\/www.bellunopress.it\/#organization"},"potentialAction":[{"@type":"SearchAction","target":{"@type":"EntryPoint","urlTemplate":"https:\/\/www.bellunopress.it\/?s={search_term_string}"},"query-input":{"@type":"PropertyValueSpecification","valueRequired":true,"valueName":"search_term_string"}}],"inLanguage":"fr-FR"},{"@type":"Organization","@id":"https:\/\/www.bellunopress.it\/#organization","name":"Bellunopress","url":"https:\/\/www.bellunopress.it\/","logo":{"@type":"ImageObject","inLanguage":"fr-FR","@id":"https:\/\/www.bellunopress.it\/#\/schema\/logo\/image\/","url":"https:\/\/www.bellunopress.it\/wp-content\/uploads\/2011\/05\/cropped-logo-bellunopress-.jpg","contentUrl":"https:\/\/www.bellunopress.it\/wp-content\/uploads\/2011\/05\/cropped-logo-bellunopress-.jpg","width":512,"height":512,"caption":"Bellunopress"},"image":{"@id":"https:\/\/www.bellunopress.it\/#\/schema\/logo\/image\/"},"sameAs":["https:\/\/www.facebook.com\/profile.php?id=100008943462799","https:\/\/x.com\/bellunopress","https:\/\/www.linkedin.com\/hp\/?dnr=JBzUWaJfMUw8vbXJJ2tVW5-I3jZKvC4wsoxE&amp;amp;amp;amp;amp;amp;trk=nav_responsive_tab_home","https:\/\/www.youtube.com\/channel\/UCxL0wu1uN0_3_7hGG0306cw"]},{"@type":"Person","@id":"https:\/\/www.bellunopress.it\/#\/schema\/person\/79bb06722b37ece1c03d3e94beb30d73","name":"r\u00e9daction","image":{"@type":"ImageObject","inLanguage":"fr-FR","@id":"https:\/\/secure.gravatar.com\/avatar\/37d968a2e67a6fd04c169c4bdef102d0bc5d31b2546345219e348575eb80e9a0?s=96&d=mm&r=g","url":"https:\/\/secure.gravatar.com\/avatar\/37d968a2e67a6fd04c169c4bdef102d0bc5d31b2546345219e348575eb80e9a0?s=96&d=mm&r=g","contentUrl":"https:\/\/secure.gravatar.com\/avatar\/37d968a2e67a6fd04c169c4bdef102d0bc5d31b2546345219e348575eb80e9a0?s=96&d=mm&r=g","caption":"redazione"},"sameAs":["http:\/\/www.bellunopress.it","https:\/\/x.com\/bellunopress"],"url":"https:\/\/www.bellunopress.it\/fr\/author\/redazione\/"}]}},"_links":{"self":[{"href":"https:\/\/www.bellunopress.it\/fr\/wp-json\/wp\/v2\/posts\/47129","targetHints":{"allow":["GET"]}}],"collection":[{"href":"https:\/\/www.bellunopress.it\/fr\/wp-json\/wp\/v2\/posts"}],"about":[{"href":"https:\/\/www.bellunopress.it\/fr\/wp-json\/wp\/v2\/types\/post"}],"author":[{"embeddable":true,"href":"https:\/\/www.bellunopress.it\/fr\/wp-json\/wp\/v2\/users\/2"}],"replies":[{"embeddable":true,"href":"https:\/\/www.bellunopress.it\/fr\/wp-json\/wp\/v2\/comments?post=47129"}],"version-history":[{"count":1,"href":"https:\/\/www.bellunopress.it\/fr\/wp-json\/wp\/v2\/posts\/47129\/revisions"}],"predecessor-version":[{"id":47130,"href":"https:\/\/www.bellunopress.it\/fr\/wp-json\/wp\/v2\/posts\/47129\/revisions\/47130"}],"wp:attachment":[{"href":"https:\/\/www.bellunopress.it\/fr\/wp-json\/wp\/v2\/media?parent=47129"}],"wp:term":[{"taxonomy":"category","embeddable":true,"href":"https:\/\/www.bellunopress.it\/fr\/wp-json\/wp\/v2\/categories?post=47129"},{"taxonomy":"post_tag","embeddable":true,"href":"https:\/\/www.bellunopress.it\/fr\/wp-json\/wp\/v2\/tags?post=47129"}],"curies":[{"name":"wp","href":"https:\/\/api.w.org\/{rel}","templated":true}]}}