{"id":47121,"date":"2013-02-26T21:17:11","date_gmt":"2013-02-26T20:17:11","guid":{"rendered":"http:\/\/www.bellunopress.it\/?p=47121"},"modified":"2013-02-26T21:17:11","modified_gmt":"2013-02-26T20:17:11","slug":"litalia-e-promossa-di-edoardo-varini","status":"publish","type":"post","link":"https:\/\/www.bellunopress.it\/fr\/2013\/02\/26\/litalia-e-promossa-di-edoardo-varini\/","title":{"rendered":"L&#8217;Italia \u00e8 promossa   * di Edoardo Varini"},"content":{"rendered":"<p><a href=\"http:\/\/www.bellunopress.it\/wp-content\/uploads\/2009\/06\/parlamento-leggera.jpg\"><img loading=\"lazy\" decoding=\"async\" class=\"alignleft size-full wp-image-4947\" alt=\"parlamento-leggera\" src=\"http:\/\/www.bellunopress.it\/wp-content\/uploads\/2009\/06\/parlamento-leggera.jpg\" width=\"270\" height=\"203\" \/><\/a>Il malcelato ringhio di Vespa, di tanto in tanto, involontario. Il labbro sinistro che scopre i canini, smussati, come mai. Non \u00e8 aggressivit\u00e0, \u00e8 paura. La stessa dei mercati odierni, che picchiano al basso come Francesco Baracca sul suo biplano B\u00e9b\u00e9. \u00c8 dalla notte elettorale di ieri che la giovinezza fa paura.<\/p>\n<p>Il Movimento 5 stelle \u00e8 il primo partito alla Camera e il terzo al Senato. In tutte le regioni \u2013 tranne Lombardia e Trentino Alto Adige \u2013 \u00e8 sopra il 20 per cento, la media nazionale oscilla attorno al 25.<\/p>\n<p>Un successo cos\u00ec non l&#8217;aveva mai ottenuto nessun partito debuttante. Non Italia, non in Europa.<\/p>\n<p>La casa silente di Grillo, in questa notte italiana, ha finestre magrittiane accese, e dietro sta un sessantaquattrenne avvolto in una copertina con in mano una tazza di t\u00e8. \u00c8 il vincitore. L&#8217;uomo che fa paura ai mercati del mondo. Ma sar\u00e0 vero? Non lo \u00e8. Ma \u00e8 ripartito il ricatto. Spread a 340, +20%, addirittura!<\/p>\n<p>Il &#8220;Guardian&#8221;: \u00abPossibile miccia di una crisi finanziaria globale\u00bb, il &#8220;New York Times&#8221;: \u00abCoalizione instabile e nuovi rischi per l&#8217;Eurozona\u00bb; il &#8220;Wall Street Journal&#8221;: \u00abIl voto caotico italiano agita il mondo dei mercati\u00bb; la Frankfurter Allgemeine Zeitung: \u00abQuando la ragione dorme trionfano i populisti\u00bb, &#8220;Le Figaro&#8221;: \u00abSistema bloccato\u00bb.<\/p>\n<p>Un po&#8217;, lo diremo, un po&#8217; se le va a cercare anche Giuseppe Piero Grillo, perch\u00e9 non si dice: \u00abSbaglia chi sostiene che abbiamo fatto il pieno. Oggi abbiamo fatto le prove generali\u00bb. Anche a stravincere ci vuole misura. Per\u00f2 \u00e8 vera una cosa, ed \u00e8 una cosa che fa di Grillo un benefattore autentico di questo straziato Paese.<\/p>\n<p>L&#8217;ha detta Paolo Putti, l&#8217;educatore di strada che la primavera scorsa si candid\u00f2 a sindaco di Genova per il Movimento 5 stelle. \u00abNon mi chiedere come, ma quell&#8217;uomo ha fatto una magia, si \u00e8 inventato il luogo della speranza\u00bb.<\/p>\n<p>Il come non \u00e8 difficile capirlo: ha dato voce e rappresentanza a chi della speranza \u00e8 naturalmente detentore, i giovani uomini e le giovani donne.<\/p>\n<p>Molti nostri connazionali, a milioni, non si sono nemmeno accorti della disperazione dei giovani, che un recente rapporto Eurostat dice essere per un terzo a rischio povert\u00e0. Meglio solo di Bulgaria, Romania, Lettonia, Ungheria, Irlanda e Lituania. I nostri connazionali adulti invece sono pi\u00f9 fortunati: vive col ghigno della disperazione affianco uno su quattro.<\/p>\n<p>Giuseppe Piero Grillo \u00e8 stato uno dei pochissimi in questo Paese a capire che il tempo dell&#8217;attesa per molti italiani era finito. E non era finito per scelta. Non si poteva persuaderli del contrario, delle virt\u00f9 del dibattito. Era finito punto e basta, come i soldi al 15 del mese.<\/p>\n<p>Di solito chi dice cose bizzarre tipo \u00abCominciamo dagli ultimi\u00bb e non indossa la tonaca viene preso per illuso, per sciocco utopista. Ma se questi \u00e8 il leader del primo partito italiano, le cose cambiano.<\/p>\n<p>Garanzie di salvezza non ve ne sono, intendiamoci. Ma non da oggi, per molti italiani. Da oggi per loro c&#8217;\u00e8 quella cosa dimenticata che si chiama speranza e che porta con s\u00e9 come un dono l&#8217;idea di futuro.<\/p>\n<p>Immagino che l&#8217;inesperienza far\u00e0 commettere ai grillini centinaia di errori. Ad iniziare dal loro attuale negarsi a qualunque accordo, a quel loro chiamare qualunque accordo &#8220;inciucio&#8221;.<\/p>\n<p>Ma non poteva che essere cos\u00ec. Si avanza per impeto, sbagliando.<\/p>\n<p>Dei &#8220;matusa&#8221;, come dicevano i giovani degli anni Settanta \u2013 come dicono ora non lo so, essendo vecchio anch&#8217;io \u2013, dei matusa al governo, nessuno ha ascoltato. Pensavano a portare i soldi all&#8217;estero, alle amanti, soltanto ai figli loro, al ristorantino, alla barca, a sfottere protervamente il nuovo, al cinismo del disincanto simulato di chi mai s&#8217;\u00e8 incantato nella vita. Bene, costoro hanno perso. I mercati boccino pure l&#8217;Italia, ma l&#8217;Italia \u00e8 promossa.<\/p>\n<p>Edoardo Varini \u00a0&#8211;\u00a0Publishing<\/p>\n<p><a href=\"http:\/\/www.varinipublishing.com\">http:\/\/www.varinipublishing.com<\/a><\/p>\n<p>&nbsp;<\/p>","protected":false},"excerpt":{"rendered":"<p>Il malcelato ringhio di Vespa, di tanto in tanto, involontario. Il labbro sinistro che scopre i canini, smussati, come mai. Non \u00e8 aggressivit\u00e0, \u00e8 paura. La stessa dei mercati odierni, che picchiano al basso come Francesco Baracca sul suo biplano B\u00e9b\u00e9. \u00c8 dalla notte elettorale di ieri che la giovinezza fa paura. Il Movimento 5 [&hellip;]<\/p>\n","protected":false},"author":2,"featured_media":0,"comment_status":"closed","ping_status":"open","sticky":false,"template":"","format":"standard","meta":{"footnotes":""},"categories":[5,26],"tags":[],"class_list":["post-47121","post","type-post","status-publish","format-standard","category-cronaca","category-prima-pagina"],"yoast_head":"<!-- This site is optimized with the Yoast SEO plugin v28.4 - https:\/\/yoast.com\/product\/yoast-seo-wordpress\/ -->\n<title>L&#039;Italia \u00e8 promossa  * di Edoardo Varini - Bellunopress - Dolomiti<\/title>\n<meta name=\"robots\" content=\"index, follow, max-snippet:-1, max-image-preview:large, max-video-preview:-1\" \/>\n<link rel=\"canonical\" href=\"https:\/\/www.bellunopress.it\/fr\/2013\/02\/26\/litalia-e-promossa-di-edoardo-varini\/\" \/>\n<meta property=\"og:locale\" content=\"fr_FR\" \/>\n<meta property=\"og:type\" content=\"article\" \/>\n<meta property=\"og:title\" content=\"L&#039;Italia \u00e8 promossa  * di Edoardo Varini - Bellunopress - Dolomiti\" \/>\n<meta property=\"og:description\" content=\"Il malcelato ringhio di Vespa, di tanto in tanto, involontario. Il labbro sinistro che scopre i canini, smussati, come mai. Non \u00e8 aggressivit\u00e0, \u00e8 paura. La stessa dei mercati odierni, che picchiano al basso come Francesco Baracca sul suo biplano B\u00e9b\u00e9. \u00c8 dalla notte elettorale di ieri che la giovinezza fa paura. Il Movimento 5 [&hellip;]\" \/>\n<meta property=\"og:url\" content=\"https:\/\/www.bellunopress.it\/fr\/2013\/02\/26\/litalia-e-promossa-di-edoardo-varini\/\" \/>\n<meta property=\"og:site_name\" content=\"Bellunopress - Dolomiti\" \/>\n<meta property=\"article:publisher\" content=\"https:\/\/www.facebook.com\/profile.php?id=100008943462799\" \/>\n<meta property=\"article:published_time\" content=\"2013-02-26T20:17:11+00:00\" \/>\n<meta property=\"og:image\" content=\"http:\/\/www.bellunopress.it\/wp-content\/uploads\/2009\/06\/parlamento-leggera.jpg\" \/>\n<meta name=\"author\" content=\"redazione\" \/>\n<meta name=\"twitter:card\" content=\"summary_large_image\" \/>\n<meta name=\"twitter:creator\" content=\"@bellunopress\" \/>\n<meta name=\"twitter:site\" content=\"@bellunopress\" \/>\n<meta name=\"twitter:label1\" content=\"\u00c9crit par\" \/>\n\t<meta name=\"twitter:data1\" content=\"redazione\" \/>\n\t<meta name=\"twitter:label2\" content=\"Dur\u00e9e de lecture estim\u00e9e\" \/>\n\t<meta name=\"twitter:data2\" content=\"3 minutes\" \/>\n<script type=\"application\/ld+json\" class=\"yoast-schema-graph\">{\"@context\":\"https:\\\/\\\/schema.org\",\"@graph\":[{\"@type\":\"Article\",\"@id\":\"https:\\\/\\\/www.bellunopress.it\\\/2013\\\/02\\\/26\\\/litalia-e-promossa-di-edoardo-varini\\\/#article\",\"isPartOf\":{\"@id\":\"https:\\\/\\\/www.bellunopress.it\\\/2013\\\/02\\\/26\\\/litalia-e-promossa-di-edoardo-varini\\\/\"},\"author\":{\"name\":\"redazione\",\"@id\":\"https:\\\/\\\/www.bellunopress.it\\\/#\\\/schema\\\/person\\\/79bb06722b37ece1c03d3e94beb30d73\"},\"headline\":\"L&#8217;Italia \u00e8 promossa * di Edoardo Varini\",\"datePublished\":\"2013-02-26T20:17:11+00:00\",\"mainEntityOfPage\":{\"@id\":\"https:\\\/\\\/www.bellunopress.it\\\/2013\\\/02\\\/26\\\/litalia-e-promossa-di-edoardo-varini\\\/\"},\"wordCount\":623,\"publisher\":{\"@id\":\"https:\\\/\\\/www.bellunopress.it\\\/#organization\"},\"image\":{\"@id\":\"https:\\\/\\\/www.bellunopress.it\\\/2013\\\/02\\\/26\\\/litalia-e-promossa-di-edoardo-varini\\\/#primaryimage\"},\"thumbnailUrl\":\"http:\\\/\\\/www.bellunopress.it\\\/wp-content\\\/uploads\\\/2009\\\/06\\\/parlamento-leggera.jpg\",\"articleSection\":[\"Cronaca\\\/Politica\",\"Prima Pagina\"],\"inLanguage\":\"fr-FR\"},{\"@type\":\"WebPage\",\"@id\":\"https:\\\/\\\/www.bellunopress.it\\\/2013\\\/02\\\/26\\\/litalia-e-promossa-di-edoardo-varini\\\/\",\"url\":\"https:\\\/\\\/www.bellunopress.it\\\/2013\\\/02\\\/26\\\/litalia-e-promossa-di-edoardo-varini\\\/\",\"name\":\"L'Italia \u00e8 promossa * di Edoardo Varini - Bellunopress - Dolomiti\",\"isPartOf\":{\"@id\":\"https:\\\/\\\/www.bellunopress.it\\\/#website\"},\"primaryImageOfPage\":{\"@id\":\"https:\\\/\\\/www.bellunopress.it\\\/2013\\\/02\\\/26\\\/litalia-e-promossa-di-edoardo-varini\\\/#primaryimage\"},\"image\":{\"@id\":\"https:\\\/\\\/www.bellunopress.it\\\/2013\\\/02\\\/26\\\/litalia-e-promossa-di-edoardo-varini\\\/#primaryimage\"},\"thumbnailUrl\":\"http:\\\/\\\/www.bellunopress.it\\\/wp-content\\\/uploads\\\/2009\\\/06\\\/parlamento-leggera.jpg\",\"datePublished\":\"2013-02-26T20:17:11+00:00\",\"breadcrumb\":{\"@id\":\"https:\\\/\\\/www.bellunopress.it\\\/2013\\\/02\\\/26\\\/litalia-e-promossa-di-edoardo-varini\\\/#breadcrumb\"},\"inLanguage\":\"fr-FR\",\"potentialAction\":[{\"@type\":\"ReadAction\",\"target\":[\"https:\\\/\\\/www.bellunopress.it\\\/2013\\\/02\\\/26\\\/litalia-e-promossa-di-edoardo-varini\\\/\"]}]},{\"@type\":\"ImageObject\",\"inLanguage\":\"fr-FR\",\"@id\":\"https:\\\/\\\/www.bellunopress.it\\\/2013\\\/02\\\/26\\\/litalia-e-promossa-di-edoardo-varini\\\/#primaryimage\",\"url\":\"http:\\\/\\\/www.bellunopress.it\\\/wp-content\\\/uploads\\\/2009\\\/06\\\/parlamento-leggera.jpg\",\"contentUrl\":\"http:\\\/\\\/www.bellunopress.it\\\/wp-content\\\/uploads\\\/2009\\\/06\\\/parlamento-leggera.jpg\"},{\"@type\":\"BreadcrumbList\",\"@id\":\"https:\\\/\\\/www.bellunopress.it\\\/2013\\\/02\\\/26\\\/litalia-e-promossa-di-edoardo-varini\\\/#breadcrumb\",\"itemListElement\":[{\"@type\":\"ListItem\",\"position\":1,\"name\":\"Home\",\"item\":\"https:\\\/\\\/www.bellunopress.it\\\/\"},{\"@type\":\"ListItem\",\"position\":2,\"name\":\"L&#8217;Italia \u00e8 promossa * di Edoardo Varini\"}]},{\"@type\":\"WebSite\",\"@id\":\"https:\\\/\\\/www.bellunopress.it\\\/#website\",\"url\":\"https:\\\/\\\/www.bellunopress.it\\\/\",\"name\":\"Bellunopress - Dolomiti\",\"description\":\"e-mail: redazione@bellunopress.it\",\"publisher\":{\"@id\":\"https:\\\/\\\/www.bellunopress.it\\\/#organization\"},\"potentialAction\":[{\"@type\":\"SearchAction\",\"target\":{\"@type\":\"EntryPoint\",\"urlTemplate\":\"https:\\\/\\\/www.bellunopress.it\\\/?s={search_term_string}\"},\"query-input\":{\"@type\":\"PropertyValueSpecification\",\"valueRequired\":true,\"valueName\":\"search_term_string\"}}],\"inLanguage\":\"fr-FR\"},{\"@type\":\"Organization\",\"@id\":\"https:\\\/\\\/www.bellunopress.it\\\/#organization\",\"name\":\"Bellunopress\",\"url\":\"https:\\\/\\\/www.bellunopress.it\\\/\",\"logo\":{\"@type\":\"ImageObject\",\"inLanguage\":\"fr-FR\",\"@id\":\"https:\\\/\\\/www.bellunopress.it\\\/#\\\/schema\\\/logo\\\/image\\\/\",\"url\":\"https:\\\/\\\/www.bellunopress.it\\\/wp-content\\\/uploads\\\/2011\\\/05\\\/cropped-logo-bellunopress-.jpg\",\"contentUrl\":\"https:\\\/\\\/www.bellunopress.it\\\/wp-content\\\/uploads\\\/2011\\\/05\\\/cropped-logo-bellunopress-.jpg\",\"width\":512,\"height\":512,\"caption\":\"Bellunopress\"},\"image\":{\"@id\":\"https:\\\/\\\/www.bellunopress.it\\\/#\\\/schema\\\/logo\\\/image\\\/\"},\"sameAs\":[\"https:\\\/\\\/www.facebook.com\\\/profile.php?id=100008943462799\",\"https:\\\/\\\/x.com\\\/bellunopress\",\"https:\\\/\\\/www.linkedin.com\\\/hp\\\/?dnr=JBzUWaJfMUw8vbXJJ2tVW5-I3jZKvC4wsoxE&amp;amp;amp;amp;amp;amp;trk=nav_responsive_tab_home\",\"https:\\\/\\\/www.youtube.com\\\/channel\\\/UCxL0wu1uN0_3_7hGG0306cw\"]},{\"@type\":\"Person\",\"@id\":\"https:\\\/\\\/www.bellunopress.it\\\/#\\\/schema\\\/person\\\/79bb06722b37ece1c03d3e94beb30d73\",\"name\":\"redazione\",\"image\":{\"@type\":\"ImageObject\",\"inLanguage\":\"fr-FR\",\"@id\":\"https:\\\/\\\/secure.gravatar.com\\\/avatar\\\/37d968a2e67a6fd04c169c4bdef102d0bc5d31b2546345219e348575eb80e9a0?s=96&d=mm&r=g\",\"url\":\"https:\\\/\\\/secure.gravatar.com\\\/avatar\\\/37d968a2e67a6fd04c169c4bdef102d0bc5d31b2546345219e348575eb80e9a0?s=96&d=mm&r=g\",\"contentUrl\":\"https:\\\/\\\/secure.gravatar.com\\\/avatar\\\/37d968a2e67a6fd04c169c4bdef102d0bc5d31b2546345219e348575eb80e9a0?s=96&d=mm&r=g\",\"caption\":\"redazione\"},\"sameAs\":[\"http:\\\/\\\/www.bellunopress.it\",\"https:\\\/\\\/x.com\\\/bellunopress\"],\"url\":\"https:\\\/\\\/www.bellunopress.it\\\/fr\\\/author\\\/redazione\\\/\"}]}<\/script>\n<!-- \/ Yoast SEO plugin. -->","yoast_head_json":{"title":"L'Italia \u00e8 promossa  * di Edoardo Varini - Bellunopress - Dolomiti","robots":{"index":"index","follow":"follow","max-snippet":"max-snippet:-1","max-image-preview":"max-image-preview:large","max-video-preview":"max-video-preview:-1"},"canonical":"https:\/\/www.bellunopress.it\/fr\/2013\/02\/26\/litalia-e-promossa-di-edoardo-varini\/","og_locale":"fr_FR","og_type":"article","og_title":"L'Italia \u00e8 promossa  * di Edoardo Varini - Bellunopress - Dolomiti","og_description":"Il malcelato ringhio di Vespa, di tanto in tanto, involontario. Il labbro sinistro che scopre i canini, smussati, come mai. Non \u00e8 aggressivit\u00e0, \u00e8 paura. La stessa dei mercati odierni, che picchiano al basso come Francesco Baracca sul suo biplano B\u00e9b\u00e9. \u00c8 dalla notte elettorale di ieri che la giovinezza fa paura. Il Movimento 5 [&hellip;]","og_url":"https:\/\/www.bellunopress.it\/fr\/2013\/02\/26\/litalia-e-promossa-di-edoardo-varini\/","og_site_name":"Bellunopress - Dolomiti","article_publisher":"https:\/\/www.facebook.com\/profile.php?id=100008943462799","article_published_time":"2013-02-26T20:17:11+00:00","og_image":[{"url":"http:\/\/www.bellunopress.it\/wp-content\/uploads\/2009\/06\/parlamento-leggera.jpg","type":"","width":"","height":""}],"author":"redazione","twitter_card":"summary_large_image","twitter_creator":"@bellunopress","twitter_site":"@bellunopress","twitter_misc":{"\u00c9crit par":"redazione","Dur\u00e9e de lecture estim\u00e9e":"3 minutes"},"schema":{"@context":"https:\/\/schema.org","@graph":[{"@type":"Article","@id":"https:\/\/www.bellunopress.it\/2013\/02\/26\/litalia-e-promossa-di-edoardo-varini\/#article","isPartOf":{"@id":"https:\/\/www.bellunopress.it\/2013\/02\/26\/litalia-e-promossa-di-edoardo-varini\/"},"author":{"name":"redazione","@id":"https:\/\/www.bellunopress.it\/#\/schema\/person\/79bb06722b37ece1c03d3e94beb30d73"},"headline":"L&#8217;Italia \u00e8 promossa * di Edoardo Varini","datePublished":"2013-02-26T20:17:11+00:00","mainEntityOfPage":{"@id":"https:\/\/www.bellunopress.it\/2013\/02\/26\/litalia-e-promossa-di-edoardo-varini\/"},"wordCount":623,"publisher":{"@id":"https:\/\/www.bellunopress.it\/#organization"},"image":{"@id":"https:\/\/www.bellunopress.it\/2013\/02\/26\/litalia-e-promossa-di-edoardo-varini\/#primaryimage"},"thumbnailUrl":"http:\/\/www.bellunopress.it\/wp-content\/uploads\/2009\/06\/parlamento-leggera.jpg","articleSection":["Cronaca\/Politica","Prima Pagina"],"inLanguage":"fr-FR"},{"@type":"WebPage","@id":"https:\/\/www.bellunopress.it\/2013\/02\/26\/litalia-e-promossa-di-edoardo-varini\/","url":"https:\/\/www.bellunopress.it\/2013\/02\/26\/litalia-e-promossa-di-edoardo-varini\/","name":"L'Italia \u00e8 promossa * di Edoardo Varini - Bellunopress - Dolomiti","isPartOf":{"@id":"https:\/\/www.bellunopress.it\/#website"},"primaryImageOfPage":{"@id":"https:\/\/www.bellunopress.it\/2013\/02\/26\/litalia-e-promossa-di-edoardo-varini\/#primaryimage"},"image":{"@id":"https:\/\/www.bellunopress.it\/2013\/02\/26\/litalia-e-promossa-di-edoardo-varini\/#primaryimage"},"thumbnailUrl":"http:\/\/www.bellunopress.it\/wp-content\/uploads\/2009\/06\/parlamento-leggera.jpg","datePublished":"2013-02-26T20:17:11+00:00","breadcrumb":{"@id":"https:\/\/www.bellunopress.it\/2013\/02\/26\/litalia-e-promossa-di-edoardo-varini\/#breadcrumb"},"inLanguage":"fr-FR","potentialAction":[{"@type":"ReadAction","target":["https:\/\/www.bellunopress.it\/2013\/02\/26\/litalia-e-promossa-di-edoardo-varini\/"]}]},{"@type":"ImageObject","inLanguage":"fr-FR","@id":"https:\/\/www.bellunopress.it\/2013\/02\/26\/litalia-e-promossa-di-edoardo-varini\/#primaryimage","url":"http:\/\/www.bellunopress.it\/wp-content\/uploads\/2009\/06\/parlamento-leggera.jpg","contentUrl":"http:\/\/www.bellunopress.it\/wp-content\/uploads\/2009\/06\/parlamento-leggera.jpg"},{"@type":"BreadcrumbList","@id":"https:\/\/www.bellunopress.it\/2013\/02\/26\/litalia-e-promossa-di-edoardo-varini\/#breadcrumb","itemListElement":[{"@type":"ListItem","position":1,"name":"Home","item":"https:\/\/www.bellunopress.it\/"},{"@type":"ListItem","position":2,"name":"L&#8217;Italia \u00e8 promossa * di Edoardo Varini"}]},{"@type":"WebSite","@id":"https:\/\/www.bellunopress.it\/#website","url":"https:\/\/www.bellunopress.it\/","name":"Bellunopress - Dolomiti","description":"e-mail: redazione@bellunopress.it","publisher":{"@id":"https:\/\/www.bellunopress.it\/#organization"},"potentialAction":[{"@type":"SearchAction","target":{"@type":"EntryPoint","urlTemplate":"https:\/\/www.bellunopress.it\/?s={search_term_string}"},"query-input":{"@type":"PropertyValueSpecification","valueRequired":true,"valueName":"search_term_string"}}],"inLanguage":"fr-FR"},{"@type":"Organization","@id":"https:\/\/www.bellunopress.it\/#organization","name":"Bellunopress","url":"https:\/\/www.bellunopress.it\/","logo":{"@type":"ImageObject","inLanguage":"fr-FR","@id":"https:\/\/www.bellunopress.it\/#\/schema\/logo\/image\/","url":"https:\/\/www.bellunopress.it\/wp-content\/uploads\/2011\/05\/cropped-logo-bellunopress-.jpg","contentUrl":"https:\/\/www.bellunopress.it\/wp-content\/uploads\/2011\/05\/cropped-logo-bellunopress-.jpg","width":512,"height":512,"caption":"Bellunopress"},"image":{"@id":"https:\/\/www.bellunopress.it\/#\/schema\/logo\/image\/"},"sameAs":["https:\/\/www.facebook.com\/profile.php?id=100008943462799","https:\/\/x.com\/bellunopress","https:\/\/www.linkedin.com\/hp\/?dnr=JBzUWaJfMUw8vbXJJ2tVW5-I3jZKvC4wsoxE&amp;amp;amp;amp;amp;amp;trk=nav_responsive_tab_home","https:\/\/www.youtube.com\/channel\/UCxL0wu1uN0_3_7hGG0306cw"]},{"@type":"Person","@id":"https:\/\/www.bellunopress.it\/#\/schema\/person\/79bb06722b37ece1c03d3e94beb30d73","name":"r\u00e9daction","image":{"@type":"ImageObject","inLanguage":"fr-FR","@id":"https:\/\/secure.gravatar.com\/avatar\/37d968a2e67a6fd04c169c4bdef102d0bc5d31b2546345219e348575eb80e9a0?s=96&d=mm&r=g","url":"https:\/\/secure.gravatar.com\/avatar\/37d968a2e67a6fd04c169c4bdef102d0bc5d31b2546345219e348575eb80e9a0?s=96&d=mm&r=g","contentUrl":"https:\/\/secure.gravatar.com\/avatar\/37d968a2e67a6fd04c169c4bdef102d0bc5d31b2546345219e348575eb80e9a0?s=96&d=mm&r=g","caption":"redazione"},"sameAs":["http:\/\/www.bellunopress.it","https:\/\/x.com\/bellunopress"],"url":"https:\/\/www.bellunopress.it\/fr\/author\/redazione\/"}]}},"_links":{"self":[{"href":"https:\/\/www.bellunopress.it\/fr\/wp-json\/wp\/v2\/posts\/47121","targetHints":{"allow":["GET"]}}],"collection":[{"href":"https:\/\/www.bellunopress.it\/fr\/wp-json\/wp\/v2\/posts"}],"about":[{"href":"https:\/\/www.bellunopress.it\/fr\/wp-json\/wp\/v2\/types\/post"}],"author":[{"embeddable":true,"href":"https:\/\/www.bellunopress.it\/fr\/wp-json\/wp\/v2\/users\/2"}],"replies":[{"embeddable":true,"href":"https:\/\/www.bellunopress.it\/fr\/wp-json\/wp\/v2\/comments?post=47121"}],"version-history":[{"count":1,"href":"https:\/\/www.bellunopress.it\/fr\/wp-json\/wp\/v2\/posts\/47121\/revisions"}],"predecessor-version":[{"id":47122,"href":"https:\/\/www.bellunopress.it\/fr\/wp-json\/wp\/v2\/posts\/47121\/revisions\/47122"}],"wp:attachment":[{"href":"https:\/\/www.bellunopress.it\/fr\/wp-json\/wp\/v2\/media?parent=47121"}],"wp:term":[{"taxonomy":"category","embeddable":true,"href":"https:\/\/www.bellunopress.it\/fr\/wp-json\/wp\/v2\/categories?post=47121"},{"taxonomy":"post_tag","embeddable":true,"href":"https:\/\/www.bellunopress.it\/fr\/wp-json\/wp\/v2\/tags?post=47121"}],"curies":[{"name":"wp","href":"https:\/\/api.w.org\/{rel}","templated":true}]}}