{"id":47115,"date":"2013-02-26T18:41:15","date_gmt":"2013-02-26T17:41:15","guid":{"rendered":"http:\/\/www.bellunopress.it\/?p=47115"},"modified":"2013-02-26T18:41:15","modified_gmt":"2013-02-26T17:41:15","slug":"progetto-strategico-regionale-di-rivitalizzazione-dei-centri-storici-urbani-e-riqualificazione-delle-relative-attivita-commerciali-le-adesioni-entro-l8-marzo","status":"publish","type":"post","link":"https:\/\/www.bellunopress.it\/fr\/2013\/02\/26\/progetto-strategico-regionale-di-rivitalizzazione-dei-centri-storici-urbani-e-riqualificazione-delle-relative-attivita-commerciali-le-adesioni-entro-l8-marzo\/","title":{"rendered":"Progetto Strategico Regionale di rivitalizzazione dei centri storici urbani e riqualificazione delle relative attivit\u00e0 commerciali.  Le adesioni entro l&#8217;8 marzo"},"content":{"rendered":"<figure id=\"attachment_41668\" aria-describedby=\"caption-attachment-41668\" style=\"width: 220px\" class=\"wp-caption alignleft\"><a href=\"http:\/\/www.bellunopress.it\/wp-content\/uploads\/2012\/09\/valerio-tabacchi.jpg\"><img loading=\"lazy\" decoding=\"async\" class=\"size-full wp-image-41668\" alt=\"Valerio Tabacchi assessore al Turismo del Comune di Belluno\" src=\"http:\/\/www.bellunopress.it\/wp-content\/uploads\/2012\/09\/valerio-tabacchi.jpg\" width=\"220\" height=\"270\" \/><\/a><figcaption id=\"caption-attachment-41668\" class=\"wp-caption-text\">Valerio Tabacchi assessore al Turismo del Comune di Belluno<\/figcaption><\/figure>\n<p>Ci sar\u00e0 anche Belluno tra i comuni che entro la fine di marzo presenteranno la loro candidatura per partecipare al Progetto Strategico Regionale di rivitalizzazione dei centri storici urbani e la riqualificazione delle relative attivit\u00e0 commerciali.<\/p>\n<p>L\u2019idea progettuale, presentata nelle sue linee strategiche questa mattina in sala Giunta, nasce dalla sinergia tra il Comune Capoluogo, l\u2019Ascom Provinciale, l\u2019Appia, l\u2019Associazione Industriali, Uapi ed il Consorzio Turistico Adorable e mira da un lato a sperimentare modelli di coordinamento delle iniziative pubbliche e private volti alla gestione integrata ed unitaria dei processi di sviluppo dell\u2019economia urbana e dall\u2019altro a sviluppare un\u2019offerta integrata di servizi comuni e di azioni di marketing finalizzati ad aumentare il livello di servizio ai consumatori e a comunicare un\u2019immagine unitaria della rete di imprese presenti nel Centro Storico cittadino.<\/p>\n<p>\u201cSi tratta\u201d &#8211; afferma l\u2019Assessore al Turismo del Comune di Belluno, Valerio Tabacchi &#8211; \u201cdi un\u2019opportunit\u00e0 straordinaria che, se finanziata, ci permetter\u00e0 di potenziare nei prossimi due anni alcuni importanti appuntamenti promozionali presenti in Citt\u00e0, quali ad esempio il Festival Show, i gioved\u00ec di sera, i Mercatini di Natale, il Capodanno in Citt\u00e0, e molti altri, unitamente all\u2019attivazione di una serie di nuove iniziative volte espressamente a rafforzare l\u2019integrazione del tessuto commerciale presente, come la Fidelity card e la Shopping map, l\u2019applicazione, multimediale \u201cPercorsi dello shopping\u201d, l\u2019organizzazione di corsi di formazione per i commercianti aderenti, iniziative di marketing e di promozione unitarie e molto altro ancora\u201d.<\/p>\n<p>L\u2019iniziativa si rivolge in modo particolare alle attivit\u00e0 commerciali e agli esercizi pubblici presenti nell\u2019area di progetto, area che si estende all\u2019interno del perimetro definito dalle vie G. Segato, Piazzale vittime delle Foibe, D. Alighieri, C. Cavour, Piazzale Marconi, G. Matteotti, Piazza dei Martiri, Piazza Castello, Piazza Duomo, Sant\u2019Andrea, Mezzaterra, Rialto, Piazza Vittorio Emanuele, Roma, Piazza Santo Stefano, Carrera, Zuppani, Piazza Piloni, J. Tasso.<\/p>\n<p>\u201cAffinch\u00e9 il progetto sia credibile e sostenibile abbiamo la necessit\u00e0\u201d &#8211; continua l\u2019Assessore Tabacchi, &#8211; \u201cche le attivit\u00e0 commerciali presenti nell\u2019area di progetto aderiscano all\u2019iniziativa, apportando anche un loro contributo economico che abbiamo fissato in 400 Euro + Iva all\u2019anno, nel caso di un\u2019insegna, e in ulteriori 100 Euro + Iva per ciascuna ulteriore insegna presente nell\u2019Area di programma. A fronte di tale contributo ciascun soggetto entrer\u00e0 di fatto nel circuito di promozione e di marketing complessivo con un ritorno importante in termini di visibilit\u00e0 e di presenza sul mercato sia interno che esterno alla Citt\u00e0\u201d.<\/p>\n<p>Il modulo per l\u2019adesione al progetto pu\u00f2 essere scaricato direttamente dal sito del Comune di Belluno e dai siti delle Associazioni di categoria partner del Progetto, o ritirato allo sportello del Cittadino in Piazza Duomo. Il form compilato dovr\u00e0 poi essere restituito al Comune di Belluno, anche via pec belluno.bl@cert.ip-veneto.net.<\/p>\n<p>Le adesioni dovranno pervenire entro e non oltre venerd\u00ec 8 marzo.<\/p>\n<p>&nbsp;<\/p>","protected":false},"excerpt":{"rendered":"<p>Ci sar\u00e0 anche Belluno tra i comuni che entro la fine di marzo presenteranno la loro candidatura per partecipare al Progetto Strategico Regionale di rivitalizzazione dei centri storici urbani e la riqualificazione delle relative attivit\u00e0 commerciali. L\u2019idea progettuale, presentata nelle sue linee strategiche questa mattina in sala Giunta, nasce dalla sinergia tra il Comune Capoluogo, [&hellip;]<\/p>\n","protected":false},"author":2,"featured_media":0,"comment_status":"closed","ping_status":"open","sticky":false,"template":"","format":"standard","meta":{"footnotes":""},"categories":[5,26],"tags":[],"class_list":["post-47115","post","type-post","status-publish","format-standard","category-cronaca","category-prima-pagina"],"yoast_head":"<!-- This site is optimized with the Yoast SEO plugin v28.4 - https:\/\/yoast.com\/product\/yoast-seo-wordpress\/ -->\n<title>Progetto Strategico Regionale di rivitalizzazione dei centri storici urbani e riqualificazione delle relative attivit\u00e0 commerciali. Le adesioni entro l&#039;8 marzo - Bellunopress - Dolomiti<\/title>\n<meta name=\"robots\" content=\"index, follow, max-snippet:-1, max-image-preview:large, max-video-preview:-1\" \/>\n<link rel=\"canonical\" href=\"https:\/\/www.bellunopress.it\/fr\/2013\/02\/26\/progetto-strategico-regionale-di-rivitalizzazione-dei-centri-storici-urbani-e-riqualificazione-delle-relative-attivita-commerciali-le-adesioni-entro-l8-marzo\/\" \/>\n<meta property=\"og:locale\" content=\"fr_FR\" \/>\n<meta property=\"og:type\" content=\"article\" \/>\n<meta property=\"og:title\" content=\"Progetto Strategico Regionale di rivitalizzazione dei centri storici urbani e riqualificazione delle relative attivit\u00e0 commerciali. Le adesioni entro l&#039;8 marzo - Bellunopress - Dolomiti\" \/>\n<meta property=\"og:description\" content=\"Ci sar\u00e0 anche Belluno tra i comuni che entro la fine di marzo presenteranno la loro candidatura per partecipare al Progetto Strategico Regionale di rivitalizzazione dei centri storici urbani e la riqualificazione delle relative attivit\u00e0 commerciali. L\u2019idea progettuale, presentata nelle sue linee strategiche questa mattina in sala Giunta, nasce dalla sinergia tra il Comune Capoluogo, [&hellip;]\" \/>\n<meta property=\"og:url\" content=\"https:\/\/www.bellunopress.it\/fr\/2013\/02\/26\/progetto-strategico-regionale-di-rivitalizzazione-dei-centri-storici-urbani-e-riqualificazione-delle-relative-attivita-commerciali-le-adesioni-entro-l8-marzo\/\" \/>\n<meta property=\"og:site_name\" content=\"Bellunopress - Dolomiti\" \/>\n<meta property=\"article:publisher\" content=\"https:\/\/www.facebook.com\/profile.php?id=100008943462799\" \/>\n<meta property=\"article:published_time\" content=\"2013-02-26T17:41:15+00:00\" \/>\n<meta property=\"og:image\" content=\"http:\/\/www.bellunopress.it\/wp-content\/uploads\/2012\/09\/valerio-tabacchi.jpg\" \/>\n<meta name=\"author\" content=\"redazione\" \/>\n<meta name=\"twitter:card\" content=\"summary_large_image\" \/>\n<meta name=\"twitter:creator\" content=\"@bellunopress\" \/>\n<meta name=\"twitter:site\" content=\"@bellunopress\" \/>\n<meta name=\"twitter:label1\" content=\"Written by\" \/>\n\t<meta name=\"twitter:data1\" content=\"redazione\" \/>\n\t<meta name=\"twitter:label2\" content=\"Est. reading time\" \/>\n\t<meta name=\"twitter:data2\" content=\"2 minutes\" \/>\n<script type=\"application\/ld+json\" class=\"yoast-schema-graph\">{\"@context\":\"https:\\\/\\\/schema.org\",\"@graph\":[{\"@type\":\"Article\",\"@id\":\"https:\\\/\\\/www.bellunopress.it\\\/2013\\\/02\\\/26\\\/progetto-strategico-regionale-di-rivitalizzazione-dei-centri-storici-urbani-e-riqualificazione-delle-relative-attivita-commerciali-le-adesioni-entro-l8-marzo\\\/#article\",\"isPartOf\":{\"@id\":\"https:\\\/\\\/www.bellunopress.it\\\/2013\\\/02\\\/26\\\/progetto-strategico-regionale-di-rivitalizzazione-dei-centri-storici-urbani-e-riqualificazione-delle-relative-attivita-commerciali-le-adesioni-entro-l8-marzo\\\/\"},\"author\":{\"name\":\"redazione\",\"@id\":\"https:\\\/\\\/www.bellunopress.it\\\/#\\\/schema\\\/person\\\/79bb06722b37ece1c03d3e94beb30d73\"},\"headline\":\"Progetto Strategico Regionale di rivitalizzazione dei centri storici urbani e riqualificazione delle relative attivit\u00e0 commerciali. Le adesioni entro l&#8217;8 marzo\",\"datePublished\":\"2013-02-26T17:41:15+00:00\",\"mainEntityOfPage\":{\"@id\":\"https:\\\/\\\/www.bellunopress.it\\\/2013\\\/02\\\/26\\\/progetto-strategico-regionale-di-rivitalizzazione-dei-centri-storici-urbani-e-riqualificazione-delle-relative-attivita-commerciali-le-adesioni-entro-l8-marzo\\\/\"},\"wordCount\":518,\"publisher\":{\"@id\":\"https:\\\/\\\/www.bellunopress.it\\\/#organization\"},\"image\":{\"@id\":\"https:\\\/\\\/www.bellunopress.it\\\/2013\\\/02\\\/26\\\/progetto-strategico-regionale-di-rivitalizzazione-dei-centri-storici-urbani-e-riqualificazione-delle-relative-attivita-commerciali-le-adesioni-entro-l8-marzo\\\/#primaryimage\"},\"thumbnailUrl\":\"http:\\\/\\\/www.bellunopress.it\\\/wp-content\\\/uploads\\\/2012\\\/09\\\/valerio-tabacchi.jpg\",\"articleSection\":[\"Cronaca\\\/Politica\",\"Prima Pagina\"],\"inLanguage\":\"fr-FR\"},{\"@type\":\"WebPage\",\"@id\":\"https:\\\/\\\/www.bellunopress.it\\\/2013\\\/02\\\/26\\\/progetto-strategico-regionale-di-rivitalizzazione-dei-centri-storici-urbani-e-riqualificazione-delle-relative-attivita-commerciali-le-adesioni-entro-l8-marzo\\\/\",\"url\":\"https:\\\/\\\/www.bellunopress.it\\\/2013\\\/02\\\/26\\\/progetto-strategico-regionale-di-rivitalizzazione-dei-centri-storici-urbani-e-riqualificazione-delle-relative-attivita-commerciali-le-adesioni-entro-l8-marzo\\\/\",\"name\":\"Progetto Strategico Regionale di rivitalizzazione dei centri storici urbani e riqualificazione delle relative attivit\u00e0 commerciali. Le adesioni entro l'8 marzo - Bellunopress - Dolomiti\",\"isPartOf\":{\"@id\":\"https:\\\/\\\/www.bellunopress.it\\\/#website\"},\"primaryImageOfPage\":{\"@id\":\"https:\\\/\\\/www.bellunopress.it\\\/2013\\\/02\\\/26\\\/progetto-strategico-regionale-di-rivitalizzazione-dei-centri-storici-urbani-e-riqualificazione-delle-relative-attivita-commerciali-le-adesioni-entro-l8-marzo\\\/#primaryimage\"},\"image\":{\"@id\":\"https:\\\/\\\/www.bellunopress.it\\\/2013\\\/02\\\/26\\\/progetto-strategico-regionale-di-rivitalizzazione-dei-centri-storici-urbani-e-riqualificazione-delle-relative-attivita-commerciali-le-adesioni-entro-l8-marzo\\\/#primaryimage\"},\"thumbnailUrl\":\"http:\\\/\\\/www.bellunopress.it\\\/wp-content\\\/uploads\\\/2012\\\/09\\\/valerio-tabacchi.jpg\",\"datePublished\":\"2013-02-26T17:41:15+00:00\",\"breadcrumb\":{\"@id\":\"https:\\\/\\\/www.bellunopress.it\\\/2013\\\/02\\\/26\\\/progetto-strategico-regionale-di-rivitalizzazione-dei-centri-storici-urbani-e-riqualificazione-delle-relative-attivita-commerciali-le-adesioni-entro-l8-marzo\\\/#breadcrumb\"},\"inLanguage\":\"fr-FR\",\"potentialAction\":[{\"@type\":\"ReadAction\",\"target\":[\"https:\\\/\\\/www.bellunopress.it\\\/2013\\\/02\\\/26\\\/progetto-strategico-regionale-di-rivitalizzazione-dei-centri-storici-urbani-e-riqualificazione-delle-relative-attivita-commerciali-le-adesioni-entro-l8-marzo\\\/\"]}]},{\"@type\":\"ImageObject\",\"inLanguage\":\"fr-FR\",\"@id\":\"https:\\\/\\\/www.bellunopress.it\\\/2013\\\/02\\\/26\\\/progetto-strategico-regionale-di-rivitalizzazione-dei-centri-storici-urbani-e-riqualificazione-delle-relative-attivita-commerciali-le-adesioni-entro-l8-marzo\\\/#primaryimage\",\"url\":\"http:\\\/\\\/www.bellunopress.it\\\/wp-content\\\/uploads\\\/2012\\\/09\\\/valerio-tabacchi.jpg\",\"contentUrl\":\"http:\\\/\\\/www.bellunopress.it\\\/wp-content\\\/uploads\\\/2012\\\/09\\\/valerio-tabacchi.jpg\"},{\"@type\":\"BreadcrumbList\",\"@id\":\"https:\\\/\\\/www.bellunopress.it\\\/2013\\\/02\\\/26\\\/progetto-strategico-regionale-di-rivitalizzazione-dei-centri-storici-urbani-e-riqualificazione-delle-relative-attivita-commerciali-le-adesioni-entro-l8-marzo\\\/#breadcrumb\",\"itemListElement\":[{\"@type\":\"ListItem\",\"position\":1,\"name\":\"Home\",\"item\":\"https:\\\/\\\/www.bellunopress.it\\\/\"},{\"@type\":\"ListItem\",\"position\":2,\"name\":\"Progetto Strategico Regionale di rivitalizzazione dei centri storici urbani e riqualificazione delle relative attivit\u00e0 commerciali. Le adesioni entro l&#8217;8 marzo\"}]},{\"@type\":\"WebSite\",\"@id\":\"https:\\\/\\\/www.bellunopress.it\\\/#website\",\"url\":\"https:\\\/\\\/www.bellunopress.it\\\/\",\"name\":\"Bellunopress - Dolomiti\",\"description\":\"e-mail: redazione@bellunopress.it\",\"publisher\":{\"@id\":\"https:\\\/\\\/www.bellunopress.it\\\/#organization\"},\"potentialAction\":[{\"@type\":\"SearchAction\",\"target\":{\"@type\":\"EntryPoint\",\"urlTemplate\":\"https:\\\/\\\/www.bellunopress.it\\\/?s={search_term_string}\"},\"query-input\":{\"@type\":\"PropertyValueSpecification\",\"valueRequired\":true,\"valueName\":\"search_term_string\"}}],\"inLanguage\":\"fr-FR\"},{\"@type\":\"Organization\",\"@id\":\"https:\\\/\\\/www.bellunopress.it\\\/#organization\",\"name\":\"Bellunopress\",\"url\":\"https:\\\/\\\/www.bellunopress.it\\\/\",\"logo\":{\"@type\":\"ImageObject\",\"inLanguage\":\"fr-FR\",\"@id\":\"https:\\\/\\\/www.bellunopress.it\\\/#\\\/schema\\\/logo\\\/image\\\/\",\"url\":\"https:\\\/\\\/www.bellunopress.it\\\/wp-content\\\/uploads\\\/2011\\\/05\\\/cropped-logo-bellunopress-.jpg\",\"contentUrl\":\"https:\\\/\\\/www.bellunopress.it\\\/wp-content\\\/uploads\\\/2011\\\/05\\\/cropped-logo-bellunopress-.jpg\",\"width\":512,\"height\":512,\"caption\":\"Bellunopress\"},\"image\":{\"@id\":\"https:\\\/\\\/www.bellunopress.it\\\/#\\\/schema\\\/logo\\\/image\\\/\"},\"sameAs\":[\"https:\\\/\\\/www.facebook.com\\\/profile.php?id=100008943462799\",\"https:\\\/\\\/x.com\\\/bellunopress\",\"https:\\\/\\\/www.linkedin.com\\\/hp\\\/?dnr=JBzUWaJfMUw8vbXJJ2tVW5-I3jZKvC4wsoxE&amp;amp;amp;amp;amp;amp;trk=nav_responsive_tab_home\",\"https:\\\/\\\/www.youtube.com\\\/channel\\\/UCxL0wu1uN0_3_7hGG0306cw\"]},{\"@type\":\"Person\",\"@id\":\"https:\\\/\\\/www.bellunopress.it\\\/#\\\/schema\\\/person\\\/79bb06722b37ece1c03d3e94beb30d73\",\"name\":\"redazione\",\"image\":{\"@type\":\"ImageObject\",\"inLanguage\":\"fr-FR\",\"@id\":\"https:\\\/\\\/secure.gravatar.com\\\/avatar\\\/37d968a2e67a6fd04c169c4bdef102d0bc5d31b2546345219e348575eb80e9a0?s=96&d=mm&r=g\",\"url\":\"https:\\\/\\\/secure.gravatar.com\\\/avatar\\\/37d968a2e67a6fd04c169c4bdef102d0bc5d31b2546345219e348575eb80e9a0?s=96&d=mm&r=g\",\"contentUrl\":\"https:\\\/\\\/secure.gravatar.com\\\/avatar\\\/37d968a2e67a6fd04c169c4bdef102d0bc5d31b2546345219e348575eb80e9a0?s=96&d=mm&r=g\",\"caption\":\"redazione\"},\"sameAs\":[\"http:\\\/\\\/www.bellunopress.it\",\"https:\\\/\\\/x.com\\\/bellunopress\"],\"url\":\"https:\\\/\\\/www.bellunopress.it\\\/fr\\\/author\\\/redazione\\\/\"}]}<\/script>\n<!-- \/ Yoast SEO plugin. -->","yoast_head_json":{"title":"Progetto Strategico Regionale di rivitalizzazione dei centri storici urbani e riqualificazione delle relative attivit\u00e0 commerciali. Le adesioni entro l'8 marzo - Bellunopress - Dolomiti","robots":{"index":"index","follow":"follow","max-snippet":"max-snippet:-1","max-image-preview":"max-image-preview:large","max-video-preview":"max-video-preview:-1"},"canonical":"https:\/\/www.bellunopress.it\/fr\/2013\/02\/26\/progetto-strategico-regionale-di-rivitalizzazione-dei-centri-storici-urbani-e-riqualificazione-delle-relative-attivita-commerciali-le-adesioni-entro-l8-marzo\/","og_locale":"fr_FR","og_type":"article","og_title":"Progetto Strategico Regionale di rivitalizzazione dei centri storici urbani e riqualificazione delle relative attivit\u00e0 commerciali. Le adesioni entro l'8 marzo - Bellunopress - Dolomiti","og_description":"Ci sar\u00e0 anche Belluno tra i comuni che entro la fine di marzo presenteranno la loro candidatura per partecipare al Progetto Strategico Regionale di rivitalizzazione dei centri storici urbani e la riqualificazione delle relative attivit\u00e0 commerciali. L\u2019idea progettuale, presentata nelle sue linee strategiche questa mattina in sala Giunta, nasce dalla sinergia tra il Comune Capoluogo, [&hellip;]","og_url":"https:\/\/www.bellunopress.it\/fr\/2013\/02\/26\/progetto-strategico-regionale-di-rivitalizzazione-dei-centri-storici-urbani-e-riqualificazione-delle-relative-attivita-commerciali-le-adesioni-entro-l8-marzo\/","og_site_name":"Bellunopress - Dolomiti","article_publisher":"https:\/\/www.facebook.com\/profile.php?id=100008943462799","article_published_time":"2013-02-26T17:41:15+00:00","og_image":[{"url":"http:\/\/www.bellunopress.it\/wp-content\/uploads\/2012\/09\/valerio-tabacchi.jpg","type":"","width":"","height":""}],"author":"redazione","twitter_card":"summary_large_image","twitter_creator":"@bellunopress","twitter_site":"@bellunopress","twitter_misc":{"Written by":"redazione","Est. reading time":"2 minutes"},"schema":{"@context":"https:\/\/schema.org","@graph":[{"@type":"Article","@id":"https:\/\/www.bellunopress.it\/2013\/02\/26\/progetto-strategico-regionale-di-rivitalizzazione-dei-centri-storici-urbani-e-riqualificazione-delle-relative-attivita-commerciali-le-adesioni-entro-l8-marzo\/#article","isPartOf":{"@id":"https:\/\/www.bellunopress.it\/2013\/02\/26\/progetto-strategico-regionale-di-rivitalizzazione-dei-centri-storici-urbani-e-riqualificazione-delle-relative-attivita-commerciali-le-adesioni-entro-l8-marzo\/"},"author":{"name":"redazione","@id":"https:\/\/www.bellunopress.it\/#\/schema\/person\/79bb06722b37ece1c03d3e94beb30d73"},"headline":"Progetto Strategico Regionale di rivitalizzazione dei centri storici urbani e riqualificazione delle relative attivit\u00e0 commerciali. Le adesioni entro l&#8217;8 marzo","datePublished":"2013-02-26T17:41:15+00:00","mainEntityOfPage":{"@id":"https:\/\/www.bellunopress.it\/2013\/02\/26\/progetto-strategico-regionale-di-rivitalizzazione-dei-centri-storici-urbani-e-riqualificazione-delle-relative-attivita-commerciali-le-adesioni-entro-l8-marzo\/"},"wordCount":518,"publisher":{"@id":"https:\/\/www.bellunopress.it\/#organization"},"image":{"@id":"https:\/\/www.bellunopress.it\/2013\/02\/26\/progetto-strategico-regionale-di-rivitalizzazione-dei-centri-storici-urbani-e-riqualificazione-delle-relative-attivita-commerciali-le-adesioni-entro-l8-marzo\/#primaryimage"},"thumbnailUrl":"http:\/\/www.bellunopress.it\/wp-content\/uploads\/2012\/09\/valerio-tabacchi.jpg","articleSection":["Cronaca\/Politica","Prima Pagina"],"inLanguage":"fr-FR"},{"@type":"WebPage","@id":"https:\/\/www.bellunopress.it\/2013\/02\/26\/progetto-strategico-regionale-di-rivitalizzazione-dei-centri-storici-urbani-e-riqualificazione-delle-relative-attivita-commerciali-le-adesioni-entro-l8-marzo\/","url":"https:\/\/www.bellunopress.it\/2013\/02\/26\/progetto-strategico-regionale-di-rivitalizzazione-dei-centri-storici-urbani-e-riqualificazione-delle-relative-attivita-commerciali-le-adesioni-entro-l8-marzo\/","name":"Progetto Strategico Regionale di rivitalizzazione dei centri storici urbani e riqualificazione delle relative attivit\u00e0 commerciali. Le adesioni entro l'8 marzo - Bellunopress - Dolomiti","isPartOf":{"@id":"https:\/\/www.bellunopress.it\/#website"},"primaryImageOfPage":{"@id":"https:\/\/www.bellunopress.it\/2013\/02\/26\/progetto-strategico-regionale-di-rivitalizzazione-dei-centri-storici-urbani-e-riqualificazione-delle-relative-attivita-commerciali-le-adesioni-entro-l8-marzo\/#primaryimage"},"image":{"@id":"https:\/\/www.bellunopress.it\/2013\/02\/26\/progetto-strategico-regionale-di-rivitalizzazione-dei-centri-storici-urbani-e-riqualificazione-delle-relative-attivita-commerciali-le-adesioni-entro-l8-marzo\/#primaryimage"},"thumbnailUrl":"http:\/\/www.bellunopress.it\/wp-content\/uploads\/2012\/09\/valerio-tabacchi.jpg","datePublished":"2013-02-26T17:41:15+00:00","breadcrumb":{"@id":"https:\/\/www.bellunopress.it\/2013\/02\/26\/progetto-strategico-regionale-di-rivitalizzazione-dei-centri-storici-urbani-e-riqualificazione-delle-relative-attivita-commerciali-le-adesioni-entro-l8-marzo\/#breadcrumb"},"inLanguage":"fr-FR","potentialAction":[{"@type":"ReadAction","target":["https:\/\/www.bellunopress.it\/2013\/02\/26\/progetto-strategico-regionale-di-rivitalizzazione-dei-centri-storici-urbani-e-riqualificazione-delle-relative-attivita-commerciali-le-adesioni-entro-l8-marzo\/"]}]},{"@type":"ImageObject","inLanguage":"fr-FR","@id":"https:\/\/www.bellunopress.it\/2013\/02\/26\/progetto-strategico-regionale-di-rivitalizzazione-dei-centri-storici-urbani-e-riqualificazione-delle-relative-attivita-commerciali-le-adesioni-entro-l8-marzo\/#primaryimage","url":"http:\/\/www.bellunopress.it\/wp-content\/uploads\/2012\/09\/valerio-tabacchi.jpg","contentUrl":"http:\/\/www.bellunopress.it\/wp-content\/uploads\/2012\/09\/valerio-tabacchi.jpg"},{"@type":"BreadcrumbList","@id":"https:\/\/www.bellunopress.it\/2013\/02\/26\/progetto-strategico-regionale-di-rivitalizzazione-dei-centri-storici-urbani-e-riqualificazione-delle-relative-attivita-commerciali-le-adesioni-entro-l8-marzo\/#breadcrumb","itemListElement":[{"@type":"ListItem","position":1,"name":"Home","item":"https:\/\/www.bellunopress.it\/"},{"@type":"ListItem","position":2,"name":"Progetto Strategico Regionale di rivitalizzazione dei centri storici urbani e riqualificazione delle relative attivit\u00e0 commerciali. Le adesioni entro l&#8217;8 marzo"}]},{"@type":"WebSite","@id":"https:\/\/www.bellunopress.it\/#website","url":"https:\/\/www.bellunopress.it\/","name":"Bellunopress - Dolomiti","description":"e-mail: redazione@bellunopress.it","publisher":{"@id":"https:\/\/www.bellunopress.it\/#organization"},"potentialAction":[{"@type":"SearchAction","target":{"@type":"EntryPoint","urlTemplate":"https:\/\/www.bellunopress.it\/?s={search_term_string}"},"query-input":{"@type":"PropertyValueSpecification","valueRequired":true,"valueName":"search_term_string"}}],"inLanguage":"fr-FR"},{"@type":"Organization","@id":"https:\/\/www.bellunopress.it\/#organization","name":"Bellunopress","url":"https:\/\/www.bellunopress.it\/","logo":{"@type":"ImageObject","inLanguage":"fr-FR","@id":"https:\/\/www.bellunopress.it\/#\/schema\/logo\/image\/","url":"https:\/\/www.bellunopress.it\/wp-content\/uploads\/2011\/05\/cropped-logo-bellunopress-.jpg","contentUrl":"https:\/\/www.bellunopress.it\/wp-content\/uploads\/2011\/05\/cropped-logo-bellunopress-.jpg","width":512,"height":512,"caption":"Bellunopress"},"image":{"@id":"https:\/\/www.bellunopress.it\/#\/schema\/logo\/image\/"},"sameAs":["https:\/\/www.facebook.com\/profile.php?id=100008943462799","https:\/\/x.com\/bellunopress","https:\/\/www.linkedin.com\/hp\/?dnr=JBzUWaJfMUw8vbXJJ2tVW5-I3jZKvC4wsoxE&amp;amp;amp;amp;amp;amp;trk=nav_responsive_tab_home","https:\/\/www.youtube.com\/channel\/UCxL0wu1uN0_3_7hGG0306cw"]},{"@type":"Person","@id":"https:\/\/www.bellunopress.it\/#\/schema\/person\/79bb06722b37ece1c03d3e94beb30d73","name":"r\u00e9daction","image":{"@type":"ImageObject","inLanguage":"fr-FR","@id":"https:\/\/secure.gravatar.com\/avatar\/37d968a2e67a6fd04c169c4bdef102d0bc5d31b2546345219e348575eb80e9a0?s=96&d=mm&r=g","url":"https:\/\/secure.gravatar.com\/avatar\/37d968a2e67a6fd04c169c4bdef102d0bc5d31b2546345219e348575eb80e9a0?s=96&d=mm&r=g","contentUrl":"https:\/\/secure.gravatar.com\/avatar\/37d968a2e67a6fd04c169c4bdef102d0bc5d31b2546345219e348575eb80e9a0?s=96&d=mm&r=g","caption":"redazione"},"sameAs":["http:\/\/www.bellunopress.it","https:\/\/x.com\/bellunopress"],"url":"https:\/\/www.bellunopress.it\/fr\/author\/redazione\/"}]}},"_links":{"self":[{"href":"https:\/\/www.bellunopress.it\/fr\/wp-json\/wp\/v2\/posts\/47115","targetHints":{"allow":["GET"]}}],"collection":[{"href":"https:\/\/www.bellunopress.it\/fr\/wp-json\/wp\/v2\/posts"}],"about":[{"href":"https:\/\/www.bellunopress.it\/fr\/wp-json\/wp\/v2\/types\/post"}],"author":[{"embeddable":true,"href":"https:\/\/www.bellunopress.it\/fr\/wp-json\/wp\/v2\/users\/2"}],"replies":[{"embeddable":true,"href":"https:\/\/www.bellunopress.it\/fr\/wp-json\/wp\/v2\/comments?post=47115"}],"version-history":[{"count":1,"href":"https:\/\/www.bellunopress.it\/fr\/wp-json\/wp\/v2\/posts\/47115\/revisions"}],"predecessor-version":[{"id":47116,"href":"https:\/\/www.bellunopress.it\/fr\/wp-json\/wp\/v2\/posts\/47115\/revisions\/47116"}],"wp:attachment":[{"href":"https:\/\/www.bellunopress.it\/fr\/wp-json\/wp\/v2\/media?parent=47115"}],"wp:term":[{"taxonomy":"category","embeddable":true,"href":"https:\/\/www.bellunopress.it\/fr\/wp-json\/wp\/v2\/categories?post=47115"},{"taxonomy":"post_tag","embeddable":true,"href":"https:\/\/www.bellunopress.it\/fr\/wp-json\/wp\/v2\/tags?post=47115"}],"curies":[{"name":"wp","href":"https:\/\/api.w.org\/{rel}","templated":true}]}}