{"id":47109,"date":"2013-02-26T17:08:03","date_gmt":"2013-02-26T16:08:03","guid":{"rendered":"http:\/\/www.bellunopress.it\/?p=47109"},"modified":"2013-02-26T17:08:03","modified_gmt":"2013-02-26T16:08:03","slug":"lultima-campana-e-suonata-intervento-di-silvano-martini","status":"publish","type":"post","link":"https:\/\/www.bellunopress.it\/fr\/2013\/02\/26\/lultima-campana-e-suonata-intervento-di-silvano-martini\/","title":{"rendered":"L&#8217;ultima campana \u00e8 suonata     * intervento di Silvano Martini"},"content":{"rendered":"<figure id=\"attachment_37804\" aria-describedby=\"caption-attachment-37804\" style=\"width: 140px\" class=\"wp-caption alignleft\"><a href=\"http:\/\/www.bellunopress.it\/wp-content\/uploads\/2012\/05\/Silvano-Martini.jpg\"><img loading=\"lazy\" decoding=\"async\" class=\"size-full wp-image-37804\" alt=\"Silvano Martini\" src=\"http:\/\/www.bellunopress.it\/wp-content\/uploads\/2012\/05\/Silvano-Martini.jpg\" width=\"140\" height=\"190\" \/><\/a><figcaption id=\"caption-attachment-37804\" class=\"wp-caption-text\">Silvano Martini<\/figcaption><\/figure>\n<p>&nbsp;<\/p>\n<p>\u00c9 cambiato lo scenario politico nazionale e i vecchi modelli hanno fallito! Questo il fatto!<\/p>\n<p>Il movimento cinque stelle esce vincitore e vero dominus del parlamento e la sinistra che aveva percorso il paese raccontando di una vittoria che andava solo gestita esce &#8220;vittoriosa&#8221; ma bastonata.<\/p>\n<p>Il movimento &#8220;Scelta Civica&#8221; con Monti per l&#8217;Italia ottiene una presenza ininfluente nel parlamento anche se porta in Senato 18 senatori (appena sotto le previsioni) che non potranno certo servire per comporre una maggioranza.<\/p>\n<p>Fatta questa doverosa premessa mi preme sottolineare il buon risultato Bellunese di &#8220;Scelta Civica&#8221; con Monti per l&#8217;Italia che ha realizzato il miglior risultato nazionale con un 5 % in pi\u00f9 rispetto alla media nazionale. In alcuni comuni della parte alta del Bellunese &#8220;Scelta civica &#8221; diventa il partito pi\u00f9 votato. Questo risultato \u00e9 frutto di una precisa scelta autonomista e del rapporto speciale con Lorenzo Dellai, eletto alla Camera in Trentino con splendido risultato personale.<\/p>\n<p>Gli autonomisti hanno spinto in alto &#8220;Scelta Civica&#8221; consentendo di aumentare la media regionale al di sopra di quella nazionale e questo ha portato alla elezione di due candidati nel Collegio Veneto 2 con la conseguente diminuzione del PDL che invece sta sotto la media nazionale.<\/p>\n<p>Il buon risultato elettorale del movimento &#8220;scelta civica&#8221; ha comportato la mancata elezione di Maurizio Paniz alla Camera dei Deputati e questa \u00e9 sicuramente una buona notizia, viste le precise responsabilit\u00e0 politiche dell&#8217;ex deputato nella caduta e nel commissariamento della provincia di Belluno.<\/p>\n<p>Il BARD esce rafforzato da questa fase politica e continua la sua opera di costruzione dell&#8217;Autonomia di Belluno-Dolomiti<\/p>\n<p>Per quanto riguarda la politica nazionale ci aspettiamo dal parlamento che operi secondo le indicazioni degli elettori.<\/p>\n<p>Credo che nessuno potr\u00e0 pi\u00f9 pensare di ripresentarsi agli elettori senza aver prima fatto quello che gran parte del paese chiede a cominciare dal dimezzamento del numero dei parlamentari, dal dimezzamento degli emolumenti, dalla cancellazione del finanziamento pubblico ai partiti, dalla nuova legge elettorale che rimetta nelle mani dei cittadini il potere di eleggere le persone che gradiscono e non quelle scelte dalle segreterie&#8230;<\/p>\n<p>A differenza di altri io credo che il movimento 5 stelle sia un movimento di &#8230;proposta &#8230;<\/p>\n<p>Credo che se chi ne ha la possibilit\u00e0 non raccoglie questa proposta e la trasforma in legge al pi\u00f9 presto allora meglio sarebbe per lui che si leghi una macina al collo e si butti nel mare perch\u00e9 sar\u00e0 politicamente morto ancora prima di accorgersene.<\/p>\n<p>La campana dell&#8217;ultimo giro \u00e9 suonata&#8230; Non resta che pedalare !<\/p>\n<p>&nbsp;<\/p>\n<p>Silvano Martini<\/p>\n<p>Vicepresidente BARD<\/p>\n<p>Candidato &#8220;Scelta Civica&#8221; con Monti per l&#8217;Italia<\/p>","protected":false},"excerpt":{"rendered":"<p>&nbsp; \u00c9 cambiato lo scenario politico nazionale e i vecchi modelli hanno fallito! Questo il fatto! Il movimento cinque stelle esce vincitore e vero dominus del parlamento e la sinistra che aveva percorso il paese raccontando di una vittoria che andava solo gestita esce &#8220;vittoriosa&#8221; ma bastonata. Il movimento &#8220;Scelta Civica&#8221; con Monti per l&#8217;Italia [&hellip;]<\/p>\n","protected":false},"author":2,"featured_media":0,"comment_status":"closed","ping_status":"open","sticky":false,"template":"","format":"standard","meta":{"footnotes":""},"categories":[5,1,26],"tags":[],"class_list":["post-47109","post","type-post","status-publish","format-standard","category-cronaca","category-leo","category-prima-pagina"],"yoast_head":"<!-- This site is optimized with the Yoast SEO plugin v28.4 - https:\/\/yoast.com\/product\/yoast-seo-wordpress\/ -->\n<title>L&#039;ultima campana \u00e8 suonata   * intervento di Silvano Martini - Bellunopress - Dolomiti<\/title>\n<meta name=\"robots\" content=\"index, follow, max-snippet:-1, max-image-preview:large, max-video-preview:-1\" \/>\n<link rel=\"canonical\" href=\"https:\/\/www.bellunopress.it\/fr\/2013\/02\/26\/lultima-campana-e-suonata-intervento-di-silvano-martini\/\" \/>\n<meta property=\"og:locale\" content=\"fr_FR\" \/>\n<meta property=\"og:type\" content=\"article\" \/>\n<meta property=\"og:title\" content=\"L&#039;ultima campana \u00e8 suonata   * intervento di Silvano Martini - Bellunopress - Dolomiti\" \/>\n<meta property=\"og:description\" content=\"&nbsp; \u00c9 cambiato lo scenario politico nazionale e i vecchi modelli hanno fallito! Questo il fatto! Il movimento cinque stelle esce vincitore e vero dominus del parlamento e la sinistra che aveva percorso il paese raccontando di una vittoria che andava solo gestita esce &#8220;vittoriosa&#8221; ma bastonata. Il movimento &#8220;Scelta Civica&#8221; con Monti per l&#8217;Italia [&hellip;]\" \/>\n<meta property=\"og:url\" content=\"https:\/\/www.bellunopress.it\/fr\/2013\/02\/26\/lultima-campana-e-suonata-intervento-di-silvano-martini\/\" \/>\n<meta property=\"og:site_name\" content=\"Bellunopress - Dolomiti\" \/>\n<meta property=\"article:publisher\" content=\"https:\/\/www.facebook.com\/profile.php?id=100008943462799\" \/>\n<meta property=\"article:published_time\" content=\"2013-02-26T16:08:03+00:00\" \/>\n<meta property=\"og:image\" content=\"http:\/\/www.bellunopress.it\/wp-content\/uploads\/2012\/05\/Silvano-Martini.jpg\" \/>\n<meta name=\"author\" content=\"redazione\" \/>\n<meta name=\"twitter:card\" content=\"summary_large_image\" \/>\n<meta name=\"twitter:creator\" content=\"@bellunopress\" \/>\n<meta name=\"twitter:site\" content=\"@bellunopress\" \/>\n<meta name=\"twitter:label1\" content=\"Written by\" \/>\n\t<meta name=\"twitter:data1\" content=\"redazione\" \/>\n\t<meta name=\"twitter:label2\" content=\"Est. reading time\" \/>\n\t<meta name=\"twitter:data2\" content=\"2 minutes\" \/>\n<script type=\"application\/ld+json\" class=\"yoast-schema-graph\">{\"@context\":\"https:\\\/\\\/schema.org\",\"@graph\":[{\"@type\":\"Article\",\"@id\":\"https:\\\/\\\/www.bellunopress.it\\\/2013\\\/02\\\/26\\\/lultima-campana-e-suonata-intervento-di-silvano-martini\\\/#article\",\"isPartOf\":{\"@id\":\"https:\\\/\\\/www.bellunopress.it\\\/2013\\\/02\\\/26\\\/lultima-campana-e-suonata-intervento-di-silvano-martini\\\/\"},\"author\":{\"name\":\"redazione\",\"@id\":\"https:\\\/\\\/www.bellunopress.it\\\/#\\\/schema\\\/person\\\/79bb06722b37ece1c03d3e94beb30d73\"},\"headline\":\"L&#8217;ultima campana \u00e8 suonata * intervento di Silvano Martini\",\"datePublished\":\"2013-02-26T16:08:03+00:00\",\"mainEntityOfPage\":{\"@id\":\"https:\\\/\\\/www.bellunopress.it\\\/2013\\\/02\\\/26\\\/lultima-campana-e-suonata-intervento-di-silvano-martini\\\/\"},\"wordCount\":441,\"publisher\":{\"@id\":\"https:\\\/\\\/www.bellunopress.it\\\/#organization\"},\"image\":{\"@id\":\"https:\\\/\\\/www.bellunopress.it\\\/2013\\\/02\\\/26\\\/lultima-campana-e-suonata-intervento-di-silvano-martini\\\/#primaryimage\"},\"thumbnailUrl\":\"http:\\\/\\\/www.bellunopress.it\\\/wp-content\\\/uploads\\\/2012\\\/05\\\/Silvano-Martini.jpg\",\"articleSection\":[\"Cronaca\\\/Politica\",\"Lettere Opinioni\",\"Prima Pagina\"],\"inLanguage\":\"fr-FR\"},{\"@type\":\"WebPage\",\"@id\":\"https:\\\/\\\/www.bellunopress.it\\\/2013\\\/02\\\/26\\\/lultima-campana-e-suonata-intervento-di-silvano-martini\\\/\",\"url\":\"https:\\\/\\\/www.bellunopress.it\\\/2013\\\/02\\\/26\\\/lultima-campana-e-suonata-intervento-di-silvano-martini\\\/\",\"name\":\"L'ultima campana \u00e8 suonata * intervento di Silvano Martini - Bellunopress - Dolomiti\",\"isPartOf\":{\"@id\":\"https:\\\/\\\/www.bellunopress.it\\\/#website\"},\"primaryImageOfPage\":{\"@id\":\"https:\\\/\\\/www.bellunopress.it\\\/2013\\\/02\\\/26\\\/lultima-campana-e-suonata-intervento-di-silvano-martini\\\/#primaryimage\"},\"image\":{\"@id\":\"https:\\\/\\\/www.bellunopress.it\\\/2013\\\/02\\\/26\\\/lultima-campana-e-suonata-intervento-di-silvano-martini\\\/#primaryimage\"},\"thumbnailUrl\":\"http:\\\/\\\/www.bellunopress.it\\\/wp-content\\\/uploads\\\/2012\\\/05\\\/Silvano-Martini.jpg\",\"datePublished\":\"2013-02-26T16:08:03+00:00\",\"breadcrumb\":{\"@id\":\"https:\\\/\\\/www.bellunopress.it\\\/2013\\\/02\\\/26\\\/lultima-campana-e-suonata-intervento-di-silvano-martini\\\/#breadcrumb\"},\"inLanguage\":\"fr-FR\",\"potentialAction\":[{\"@type\":\"ReadAction\",\"target\":[\"https:\\\/\\\/www.bellunopress.it\\\/2013\\\/02\\\/26\\\/lultima-campana-e-suonata-intervento-di-silvano-martini\\\/\"]}]},{\"@type\":\"ImageObject\",\"inLanguage\":\"fr-FR\",\"@id\":\"https:\\\/\\\/www.bellunopress.it\\\/2013\\\/02\\\/26\\\/lultima-campana-e-suonata-intervento-di-silvano-martini\\\/#primaryimage\",\"url\":\"http:\\\/\\\/www.bellunopress.it\\\/wp-content\\\/uploads\\\/2012\\\/05\\\/Silvano-Martini.jpg\",\"contentUrl\":\"http:\\\/\\\/www.bellunopress.it\\\/wp-content\\\/uploads\\\/2012\\\/05\\\/Silvano-Martini.jpg\"},{\"@type\":\"BreadcrumbList\",\"@id\":\"https:\\\/\\\/www.bellunopress.it\\\/2013\\\/02\\\/26\\\/lultima-campana-e-suonata-intervento-di-silvano-martini\\\/#breadcrumb\",\"itemListElement\":[{\"@type\":\"ListItem\",\"position\":1,\"name\":\"Home\",\"item\":\"https:\\\/\\\/www.bellunopress.it\\\/\"},{\"@type\":\"ListItem\",\"position\":2,\"name\":\"L&#8217;ultima campana \u00e8 suonata * intervento di Silvano Martini\"}]},{\"@type\":\"WebSite\",\"@id\":\"https:\\\/\\\/www.bellunopress.it\\\/#website\",\"url\":\"https:\\\/\\\/www.bellunopress.it\\\/\",\"name\":\"Bellunopress - Dolomiti\",\"description\":\"e-mail: redazione@bellunopress.it\",\"publisher\":{\"@id\":\"https:\\\/\\\/www.bellunopress.it\\\/#organization\"},\"potentialAction\":[{\"@type\":\"SearchAction\",\"target\":{\"@type\":\"EntryPoint\",\"urlTemplate\":\"https:\\\/\\\/www.bellunopress.it\\\/?s={search_term_string}\"},\"query-input\":{\"@type\":\"PropertyValueSpecification\",\"valueRequired\":true,\"valueName\":\"search_term_string\"}}],\"inLanguage\":\"fr-FR\"},{\"@type\":\"Organization\",\"@id\":\"https:\\\/\\\/www.bellunopress.it\\\/#organization\",\"name\":\"Bellunopress\",\"url\":\"https:\\\/\\\/www.bellunopress.it\\\/\",\"logo\":{\"@type\":\"ImageObject\",\"inLanguage\":\"fr-FR\",\"@id\":\"https:\\\/\\\/www.bellunopress.it\\\/#\\\/schema\\\/logo\\\/image\\\/\",\"url\":\"https:\\\/\\\/www.bellunopress.it\\\/wp-content\\\/uploads\\\/2011\\\/05\\\/cropped-logo-bellunopress-.jpg\",\"contentUrl\":\"https:\\\/\\\/www.bellunopress.it\\\/wp-content\\\/uploads\\\/2011\\\/05\\\/cropped-logo-bellunopress-.jpg\",\"width\":512,\"height\":512,\"caption\":\"Bellunopress\"},\"image\":{\"@id\":\"https:\\\/\\\/www.bellunopress.it\\\/#\\\/schema\\\/logo\\\/image\\\/\"},\"sameAs\":[\"https:\\\/\\\/www.facebook.com\\\/profile.php?id=100008943462799\",\"https:\\\/\\\/x.com\\\/bellunopress\",\"https:\\\/\\\/www.linkedin.com\\\/hp\\\/?dnr=JBzUWaJfMUw8vbXJJ2tVW5-I3jZKvC4wsoxE&amp;amp;amp;amp;amp;amp;trk=nav_responsive_tab_home\",\"https:\\\/\\\/www.youtube.com\\\/channel\\\/UCxL0wu1uN0_3_7hGG0306cw\"]},{\"@type\":\"Person\",\"@id\":\"https:\\\/\\\/www.bellunopress.it\\\/#\\\/schema\\\/person\\\/79bb06722b37ece1c03d3e94beb30d73\",\"name\":\"redazione\",\"image\":{\"@type\":\"ImageObject\",\"inLanguage\":\"fr-FR\",\"@id\":\"https:\\\/\\\/secure.gravatar.com\\\/avatar\\\/37d968a2e67a6fd04c169c4bdef102d0bc5d31b2546345219e348575eb80e9a0?s=96&d=mm&r=g\",\"url\":\"https:\\\/\\\/secure.gravatar.com\\\/avatar\\\/37d968a2e67a6fd04c169c4bdef102d0bc5d31b2546345219e348575eb80e9a0?s=96&d=mm&r=g\",\"contentUrl\":\"https:\\\/\\\/secure.gravatar.com\\\/avatar\\\/37d968a2e67a6fd04c169c4bdef102d0bc5d31b2546345219e348575eb80e9a0?s=96&d=mm&r=g\",\"caption\":\"redazione\"},\"sameAs\":[\"http:\\\/\\\/www.bellunopress.it\",\"https:\\\/\\\/x.com\\\/bellunopress\"],\"url\":\"https:\\\/\\\/www.bellunopress.it\\\/fr\\\/author\\\/redazione\\\/\"}]}<\/script>\n<!-- \/ Yoast SEO plugin. -->","yoast_head_json":{"title":"L'ultima campana \u00e8 suonata   * intervento di Silvano Martini - Bellunopress - Dolomiti","robots":{"index":"index","follow":"follow","max-snippet":"max-snippet:-1","max-image-preview":"max-image-preview:large","max-video-preview":"max-video-preview:-1"},"canonical":"https:\/\/www.bellunopress.it\/fr\/2013\/02\/26\/lultima-campana-e-suonata-intervento-di-silvano-martini\/","og_locale":"fr_FR","og_type":"article","og_title":"L'ultima campana \u00e8 suonata   * intervento di Silvano Martini - Bellunopress - Dolomiti","og_description":"&nbsp; \u00c9 cambiato lo scenario politico nazionale e i vecchi modelli hanno fallito! Questo il fatto! Il movimento cinque stelle esce vincitore e vero dominus del parlamento e la sinistra che aveva percorso il paese raccontando di una vittoria che andava solo gestita esce &#8220;vittoriosa&#8221; ma bastonata. Il movimento &#8220;Scelta Civica&#8221; con Monti per l&#8217;Italia [&hellip;]","og_url":"https:\/\/www.bellunopress.it\/fr\/2013\/02\/26\/lultima-campana-e-suonata-intervento-di-silvano-martini\/","og_site_name":"Bellunopress - Dolomiti","article_publisher":"https:\/\/www.facebook.com\/profile.php?id=100008943462799","article_published_time":"2013-02-26T16:08:03+00:00","og_image":[{"url":"http:\/\/www.bellunopress.it\/wp-content\/uploads\/2012\/05\/Silvano-Martini.jpg","type":"","width":"","height":""}],"author":"redazione","twitter_card":"summary_large_image","twitter_creator":"@bellunopress","twitter_site":"@bellunopress","twitter_misc":{"Written by":"redazione","Est. reading time":"2 minutes"},"schema":{"@context":"https:\/\/schema.org","@graph":[{"@type":"Article","@id":"https:\/\/www.bellunopress.it\/2013\/02\/26\/lultima-campana-e-suonata-intervento-di-silvano-martini\/#article","isPartOf":{"@id":"https:\/\/www.bellunopress.it\/2013\/02\/26\/lultima-campana-e-suonata-intervento-di-silvano-martini\/"},"author":{"name":"redazione","@id":"https:\/\/www.bellunopress.it\/#\/schema\/person\/79bb06722b37ece1c03d3e94beb30d73"},"headline":"L&#8217;ultima campana \u00e8 suonata * intervento di Silvano Martini","datePublished":"2013-02-26T16:08:03+00:00","mainEntityOfPage":{"@id":"https:\/\/www.bellunopress.it\/2013\/02\/26\/lultima-campana-e-suonata-intervento-di-silvano-martini\/"},"wordCount":441,"publisher":{"@id":"https:\/\/www.bellunopress.it\/#organization"},"image":{"@id":"https:\/\/www.bellunopress.it\/2013\/02\/26\/lultima-campana-e-suonata-intervento-di-silvano-martini\/#primaryimage"},"thumbnailUrl":"http:\/\/www.bellunopress.it\/wp-content\/uploads\/2012\/05\/Silvano-Martini.jpg","articleSection":["Cronaca\/Politica","Lettere Opinioni","Prima Pagina"],"inLanguage":"fr-FR"},{"@type":"WebPage","@id":"https:\/\/www.bellunopress.it\/2013\/02\/26\/lultima-campana-e-suonata-intervento-di-silvano-martini\/","url":"https:\/\/www.bellunopress.it\/2013\/02\/26\/lultima-campana-e-suonata-intervento-di-silvano-martini\/","name":"L'ultima campana \u00e8 suonata * intervento di Silvano Martini - Bellunopress - Dolomiti","isPartOf":{"@id":"https:\/\/www.bellunopress.it\/#website"},"primaryImageOfPage":{"@id":"https:\/\/www.bellunopress.it\/2013\/02\/26\/lultima-campana-e-suonata-intervento-di-silvano-martini\/#primaryimage"},"image":{"@id":"https:\/\/www.bellunopress.it\/2013\/02\/26\/lultima-campana-e-suonata-intervento-di-silvano-martini\/#primaryimage"},"thumbnailUrl":"http:\/\/www.bellunopress.it\/wp-content\/uploads\/2012\/05\/Silvano-Martini.jpg","datePublished":"2013-02-26T16:08:03+00:00","breadcrumb":{"@id":"https:\/\/www.bellunopress.it\/2013\/02\/26\/lultima-campana-e-suonata-intervento-di-silvano-martini\/#breadcrumb"},"inLanguage":"fr-FR","potentialAction":[{"@type":"ReadAction","target":["https:\/\/www.bellunopress.it\/2013\/02\/26\/lultima-campana-e-suonata-intervento-di-silvano-martini\/"]}]},{"@type":"ImageObject","inLanguage":"fr-FR","@id":"https:\/\/www.bellunopress.it\/2013\/02\/26\/lultima-campana-e-suonata-intervento-di-silvano-martini\/#primaryimage","url":"http:\/\/www.bellunopress.it\/wp-content\/uploads\/2012\/05\/Silvano-Martini.jpg","contentUrl":"http:\/\/www.bellunopress.it\/wp-content\/uploads\/2012\/05\/Silvano-Martini.jpg"},{"@type":"BreadcrumbList","@id":"https:\/\/www.bellunopress.it\/2013\/02\/26\/lultima-campana-e-suonata-intervento-di-silvano-martini\/#breadcrumb","itemListElement":[{"@type":"ListItem","position":1,"name":"Home","item":"https:\/\/www.bellunopress.it\/"},{"@type":"ListItem","position":2,"name":"L&#8217;ultima campana \u00e8 suonata * intervento di Silvano Martini"}]},{"@type":"WebSite","@id":"https:\/\/www.bellunopress.it\/#website","url":"https:\/\/www.bellunopress.it\/","name":"Bellunopress - Dolomiti","description":"e-mail: redazione@bellunopress.it","publisher":{"@id":"https:\/\/www.bellunopress.it\/#organization"},"potentialAction":[{"@type":"SearchAction","target":{"@type":"EntryPoint","urlTemplate":"https:\/\/www.bellunopress.it\/?s={search_term_string}"},"query-input":{"@type":"PropertyValueSpecification","valueRequired":true,"valueName":"search_term_string"}}],"inLanguage":"fr-FR"},{"@type":"Organization","@id":"https:\/\/www.bellunopress.it\/#organization","name":"Bellunopress","url":"https:\/\/www.bellunopress.it\/","logo":{"@type":"ImageObject","inLanguage":"fr-FR","@id":"https:\/\/www.bellunopress.it\/#\/schema\/logo\/image\/","url":"https:\/\/www.bellunopress.it\/wp-content\/uploads\/2011\/05\/cropped-logo-bellunopress-.jpg","contentUrl":"https:\/\/www.bellunopress.it\/wp-content\/uploads\/2011\/05\/cropped-logo-bellunopress-.jpg","width":512,"height":512,"caption":"Bellunopress"},"image":{"@id":"https:\/\/www.bellunopress.it\/#\/schema\/logo\/image\/"},"sameAs":["https:\/\/www.facebook.com\/profile.php?id=100008943462799","https:\/\/x.com\/bellunopress","https:\/\/www.linkedin.com\/hp\/?dnr=JBzUWaJfMUw8vbXJJ2tVW5-I3jZKvC4wsoxE&amp;amp;amp;amp;amp;amp;trk=nav_responsive_tab_home","https:\/\/www.youtube.com\/channel\/UCxL0wu1uN0_3_7hGG0306cw"]},{"@type":"Person","@id":"https:\/\/www.bellunopress.it\/#\/schema\/person\/79bb06722b37ece1c03d3e94beb30d73","name":"r\u00e9daction","image":{"@type":"ImageObject","inLanguage":"fr-FR","@id":"https:\/\/secure.gravatar.com\/avatar\/37d968a2e67a6fd04c169c4bdef102d0bc5d31b2546345219e348575eb80e9a0?s=96&d=mm&r=g","url":"https:\/\/secure.gravatar.com\/avatar\/37d968a2e67a6fd04c169c4bdef102d0bc5d31b2546345219e348575eb80e9a0?s=96&d=mm&r=g","contentUrl":"https:\/\/secure.gravatar.com\/avatar\/37d968a2e67a6fd04c169c4bdef102d0bc5d31b2546345219e348575eb80e9a0?s=96&d=mm&r=g","caption":"redazione"},"sameAs":["http:\/\/www.bellunopress.it","https:\/\/x.com\/bellunopress"],"url":"https:\/\/www.bellunopress.it\/fr\/author\/redazione\/"}]}},"_links":{"self":[{"href":"https:\/\/www.bellunopress.it\/fr\/wp-json\/wp\/v2\/posts\/47109","targetHints":{"allow":["GET"]}}],"collection":[{"href":"https:\/\/www.bellunopress.it\/fr\/wp-json\/wp\/v2\/posts"}],"about":[{"href":"https:\/\/www.bellunopress.it\/fr\/wp-json\/wp\/v2\/types\/post"}],"author":[{"embeddable":true,"href":"https:\/\/www.bellunopress.it\/fr\/wp-json\/wp\/v2\/users\/2"}],"replies":[{"embeddable":true,"href":"https:\/\/www.bellunopress.it\/fr\/wp-json\/wp\/v2\/comments?post=47109"}],"version-history":[{"count":1,"href":"https:\/\/www.bellunopress.it\/fr\/wp-json\/wp\/v2\/posts\/47109\/revisions"}],"predecessor-version":[{"id":47110,"href":"https:\/\/www.bellunopress.it\/fr\/wp-json\/wp\/v2\/posts\/47109\/revisions\/47110"}],"wp:attachment":[{"href":"https:\/\/www.bellunopress.it\/fr\/wp-json\/wp\/v2\/media?parent=47109"}],"wp:term":[{"taxonomy":"category","embeddable":true,"href":"https:\/\/www.bellunopress.it\/fr\/wp-json\/wp\/v2\/categories?post=47109"},{"taxonomy":"post_tag","embeddable":true,"href":"https:\/\/www.bellunopress.it\/fr\/wp-json\/wp\/v2\/tags?post=47109"}],"curies":[{"name":"wp","href":"https:\/\/api.w.org\/{rel}","templated":true}]}}