{"id":47097,"date":"2013-02-25T17:42:35","date_gmt":"2013-02-25T16:42:35","guid":{"rendered":"http:\/\/www.bellunopress.it\/?p=47097"},"modified":"2013-02-26T21:20:57","modified_gmt":"2013-02-26T20:20:57","slug":"comuni-secessionisti-caner-concorrenza-e-non-piu-tutela-delle-minoranze-dagli-statuti-speciali-la-questione-montana-arriva-a-roma","status":"publish","type":"post","link":"https:\/\/www.bellunopress.it\/fr\/2013\/02\/25\/comuni-secessionisti-caner-concorrenza-e-non-piu-tutela-delle-minoranze-dagli-statuti-speciali-la-questione-montana-arriva-a-roma\/","title":{"rendered":"Comuni secessionisti. Caner: &#8220;Concorrenza e non pi\u00f9 tutela delle minoranze dagli statuti speciali.La questione montana arriva a Roma&#8221;"},"content":{"rendered":"<figure id=\"attachment_18101\" aria-describedby=\"caption-attachment-18101\" style=\"width: 130px\" class=\"wp-caption alignleft\"><a href=\"http:\/\/www.bellunopress.it\/wp-content\/uploads\/2010\/08\/federico-caner-130x130.jpg\"><img loading=\"lazy\" decoding=\"async\" class=\"size-full wp-image-18101\" alt=\"Federico Caner\" src=\"http:\/\/www.bellunopress.it\/wp-content\/uploads\/2010\/08\/federico-caner-130x130.jpg\" width=\"130\" height=\"130\" \/><\/a><figcaption id=\"caption-attachment-18101\" class=\"wp-caption-text\">Federico Caner<\/figcaption><\/figure>\n<p>Venezia, 25 febbraio 2012 &#8211; &#8220;L\u2019aver votato in Consiglio la nostra risoluzione, dopo che proprio la Lega \u00e8 riuscita a far convocare una seduta straordinaria sul tema dei Comuni secessionisti, \u00e8 un passo fondamentale per l\u2019autodeterminazione di quei cittadini di montagna che hanno scelto con referendum il passaggio al vicino Statuto Speciale. La risoluzione impegna chiaramente il Governo e il Parlamento ad approvare definitivamente l\u2019iter di secessione: in questo modo diamo una risposta forte a quelle popolazioni che da troppi anni la attendono\u201d.<\/p>\n<p>Cos\u00ec il capogruppo leghista Federico Caner al termine della seduta straordinaria del Consiglio regionale del Veneto che oggi pomeriggio ha trattato il tema della secessione dei Comuni di confine verso le vicine Autonomie. \u201cMentre le giuste rivendicazioni dei nostri Comuni secessionisti sono impaludate nelle Commissioni parlamentari, Luis D\u00fcrnwalder usa le risorse della propria Autonomia per attrarre le nostre aziende venete oltre confine. Questo dimostra anche che lo Statuto speciale non serve pi\u00f9, come 60 anni fa, per colmare un gap di una minoranza rispetto al resto del Paese, ma per attivare politiche economiche fortemente competitive verso aree limitrofe a specificit\u00e0 ridotta. E\u2019 necessario perci\u00f2 rivedere queste discrasie. Se il modo scelto dalle popolazioni di confine \u00e8 il passaggio alla Provincia o Regione vicina, non bastando pi\u00f9 neanche l\u2019elemosina del Fondo Brancher, la Lega Nord appoggia la loro scelta ed oggi conferiamo alla Giunta un mandato forte per portare a Roma le istanze di queste genti di montagna\u201d.<\/p>\n<p>\u201cLa subalternit\u00e0 rispetto alle Autonomie speciali e le ingiustizie quotidiane che gli abitanti della nostra montagna vivono sulla propria pelle, devono trovare una risposta e una soluzione anche da parte del Veneto \u2013 conclude Caner -. Ben si comprende quindi la loro voglia di passare dall\u2019altra parte, una scelta che per le 16 comunit\u00e0 referendarie significherebbe pi\u00f9 risorse, pi\u00f9 agevolazioni, meno imposte locali. C\u2019\u00e8 sicuramente una ragione culturale ma anche una economica che non \u00e8 meno importante. Come Lega, pur non contenti che i confini territoriali si sfaldino, siamo convinti che questa causa referendaria porter\u00e0 a Roma il dibattito sulla necessit\u00e0 di autonomia di tutto il Veneto, regione che versa 17 miliardi di residuo fiscale l\u2019anno ma che \u00e8 ultima in Italia per trasferimenti statali pro-capite\u201d.<\/p>","protected":false},"excerpt":{"rendered":"<p>Venezia, 25 febbraio 2012 &#8211; &#8220;L\u2019aver votato in Consiglio la nostra risoluzione, dopo che proprio la Lega \u00e8 riuscita a far convocare una seduta straordinaria sul tema dei Comuni secessionisti, \u00e8 un passo fondamentale per l\u2019autodeterminazione di quei cittadini di montagna che hanno scelto con referendum il passaggio al vicino Statuto Speciale. La risoluzione impegna [&hellip;]<\/p>\n","protected":false},"author":2,"featured_media":0,"comment_status":"closed","ping_status":"open","sticky":false,"template":"","format":"standard","meta":{"footnotes":""},"categories":[5,26],"tags":[],"class_list":["post-47097","post","type-post","status-publish","format-standard","category-cronaca","category-prima-pagina"],"yoast_head":"<!-- This site is optimized with the Yoast SEO plugin v28.4 - https:\/\/yoast.com\/product\/yoast-seo-wordpress\/ -->\n<title>Comuni secessionisti. Caner: &quot;Concorrenza e non pi\u00f9 tutela delle minoranze dagli statuti speciali.La questione montana arriva a Roma&quot; - Bellunopress - Dolomiti<\/title>\n<meta name=\"robots\" content=\"index, follow, max-snippet:-1, max-image-preview:large, max-video-preview:-1\" \/>\n<link rel=\"canonical\" href=\"https:\/\/www.bellunopress.it\/fr\/2013\/02\/25\/comuni-secessionisti-caner-concorrenza-e-non-piu-tutela-delle-minoranze-dagli-statuti-speciali-la-questione-montana-arriva-a-roma\/\" \/>\n<meta property=\"og:locale\" content=\"fr_FR\" \/>\n<meta property=\"og:type\" content=\"article\" \/>\n<meta property=\"og:title\" content=\"Comuni secessionisti. Caner: &quot;Concorrenza e non pi\u00f9 tutela delle minoranze dagli statuti speciali.La questione montana arriva a Roma&quot; - Bellunopress - Dolomiti\" \/>\n<meta property=\"og:description\" content=\"Venezia, 25 febbraio 2012 &#8211; &#8220;L\u2019aver votato in Consiglio la nostra risoluzione, dopo che proprio la Lega \u00e8 riuscita a far convocare una seduta straordinaria sul tema dei Comuni secessionisti, \u00e8 un passo fondamentale per l\u2019autodeterminazione di quei cittadini di montagna che hanno scelto con referendum il passaggio al vicino Statuto Speciale. La risoluzione impegna [&hellip;]\" \/>\n<meta property=\"og:url\" content=\"https:\/\/www.bellunopress.it\/fr\/2013\/02\/25\/comuni-secessionisti-caner-concorrenza-e-non-piu-tutela-delle-minoranze-dagli-statuti-speciali-la-questione-montana-arriva-a-roma\/\" \/>\n<meta property=\"og:site_name\" content=\"Bellunopress - Dolomiti\" \/>\n<meta property=\"article:publisher\" content=\"https:\/\/www.facebook.com\/profile.php?id=100008943462799\" \/>\n<meta property=\"article:published_time\" content=\"2013-02-25T16:42:35+00:00\" \/>\n<meta property=\"article:modified_time\" content=\"2013-02-26T20:20:57+00:00\" \/>\n<meta property=\"og:image\" content=\"http:\/\/www.bellunopress.it\/wp-content\/uploads\/2010\/08\/federico-caner-130x130.jpg\" \/>\n<meta name=\"author\" content=\"redazione\" \/>\n<meta name=\"twitter:card\" content=\"summary_large_image\" \/>\n<meta name=\"twitter:creator\" content=\"@bellunopress\" \/>\n<meta name=\"twitter:site\" content=\"@bellunopress\" \/>\n<meta name=\"twitter:label1\" content=\"\u00c9crit par\" \/>\n\t<meta name=\"twitter:data1\" content=\"redazione\" \/>\n\t<meta name=\"twitter:label2\" content=\"Dur\u00e9e de lecture estim\u00e9e\" \/>\n\t<meta name=\"twitter:data2\" content=\"2 minutes\" \/>\n<script type=\"application\/ld+json\" class=\"yoast-schema-graph\">{\"@context\":\"https:\\\/\\\/schema.org\",\"@graph\":[{\"@type\":\"Article\",\"@id\":\"https:\\\/\\\/www.bellunopress.it\\\/2013\\\/02\\\/25\\\/comuni-secessionisti-caner-concorrenza-e-non-piu-tutela-delle-minoranze-dagli-statuti-speciali-la-questione-montana-arriva-a-roma\\\/#article\",\"isPartOf\":{\"@id\":\"https:\\\/\\\/www.bellunopress.it\\\/2013\\\/02\\\/25\\\/comuni-secessionisti-caner-concorrenza-e-non-piu-tutela-delle-minoranze-dagli-statuti-speciali-la-questione-montana-arriva-a-roma\\\/\"},\"author\":{\"name\":\"redazione\",\"@id\":\"https:\\\/\\\/www.bellunopress.it\\\/#\\\/schema\\\/person\\\/79bb06722b37ece1c03d3e94beb30d73\"},\"headline\":\"Comuni secessionisti. Caner: &#8220;Concorrenza e non pi\u00f9 tutela delle minoranze dagli statuti speciali.La questione montana arriva a Roma&#8221;\",\"datePublished\":\"2013-02-25T16:42:35+00:00\",\"dateModified\":\"2013-02-26T20:20:57+00:00\",\"mainEntityOfPage\":{\"@id\":\"https:\\\/\\\/www.bellunopress.it\\\/2013\\\/02\\\/25\\\/comuni-secessionisti-caner-concorrenza-e-non-piu-tutela-delle-minoranze-dagli-statuti-speciali-la-questione-montana-arriva-a-roma\\\/\"},\"wordCount\":390,\"publisher\":{\"@id\":\"https:\\\/\\\/www.bellunopress.it\\\/#organization\"},\"image\":{\"@id\":\"https:\\\/\\\/www.bellunopress.it\\\/2013\\\/02\\\/25\\\/comuni-secessionisti-caner-concorrenza-e-non-piu-tutela-delle-minoranze-dagli-statuti-speciali-la-questione-montana-arriva-a-roma\\\/#primaryimage\"},\"thumbnailUrl\":\"http:\\\/\\\/www.bellunopress.it\\\/wp-content\\\/uploads\\\/2010\\\/08\\\/federico-caner-130x130.jpg\",\"articleSection\":[\"Cronaca\\\/Politica\",\"Prima Pagina\"],\"inLanguage\":\"fr-FR\"},{\"@type\":\"WebPage\",\"@id\":\"https:\\\/\\\/www.bellunopress.it\\\/2013\\\/02\\\/25\\\/comuni-secessionisti-caner-concorrenza-e-non-piu-tutela-delle-minoranze-dagli-statuti-speciali-la-questione-montana-arriva-a-roma\\\/\",\"url\":\"https:\\\/\\\/www.bellunopress.it\\\/2013\\\/02\\\/25\\\/comuni-secessionisti-caner-concorrenza-e-non-piu-tutela-delle-minoranze-dagli-statuti-speciali-la-questione-montana-arriva-a-roma\\\/\",\"name\":\"Comuni secessionisti. Caner: \\\"Concorrenza e non pi\u00f9 tutela delle minoranze dagli statuti speciali.La questione montana arriva a Roma\\\" - Bellunopress - Dolomiti\",\"isPartOf\":{\"@id\":\"https:\\\/\\\/www.bellunopress.it\\\/#website\"},\"primaryImageOfPage\":{\"@id\":\"https:\\\/\\\/www.bellunopress.it\\\/2013\\\/02\\\/25\\\/comuni-secessionisti-caner-concorrenza-e-non-piu-tutela-delle-minoranze-dagli-statuti-speciali-la-questione-montana-arriva-a-roma\\\/#primaryimage\"},\"image\":{\"@id\":\"https:\\\/\\\/www.bellunopress.it\\\/2013\\\/02\\\/25\\\/comuni-secessionisti-caner-concorrenza-e-non-piu-tutela-delle-minoranze-dagli-statuti-speciali-la-questione-montana-arriva-a-roma\\\/#primaryimage\"},\"thumbnailUrl\":\"http:\\\/\\\/www.bellunopress.it\\\/wp-content\\\/uploads\\\/2010\\\/08\\\/federico-caner-130x130.jpg\",\"datePublished\":\"2013-02-25T16:42:35+00:00\",\"dateModified\":\"2013-02-26T20:20:57+00:00\",\"breadcrumb\":{\"@id\":\"https:\\\/\\\/www.bellunopress.it\\\/2013\\\/02\\\/25\\\/comuni-secessionisti-caner-concorrenza-e-non-piu-tutela-delle-minoranze-dagli-statuti-speciali-la-questione-montana-arriva-a-roma\\\/#breadcrumb\"},\"inLanguage\":\"fr-FR\",\"potentialAction\":[{\"@type\":\"ReadAction\",\"target\":[\"https:\\\/\\\/www.bellunopress.it\\\/2013\\\/02\\\/25\\\/comuni-secessionisti-caner-concorrenza-e-non-piu-tutela-delle-minoranze-dagli-statuti-speciali-la-questione-montana-arriva-a-roma\\\/\"]}]},{\"@type\":\"ImageObject\",\"inLanguage\":\"fr-FR\",\"@id\":\"https:\\\/\\\/www.bellunopress.it\\\/2013\\\/02\\\/25\\\/comuni-secessionisti-caner-concorrenza-e-non-piu-tutela-delle-minoranze-dagli-statuti-speciali-la-questione-montana-arriva-a-roma\\\/#primaryimage\",\"url\":\"http:\\\/\\\/www.bellunopress.it\\\/wp-content\\\/uploads\\\/2010\\\/08\\\/federico-caner-130x130.jpg\",\"contentUrl\":\"http:\\\/\\\/www.bellunopress.it\\\/wp-content\\\/uploads\\\/2010\\\/08\\\/federico-caner-130x130.jpg\"},{\"@type\":\"BreadcrumbList\",\"@id\":\"https:\\\/\\\/www.bellunopress.it\\\/2013\\\/02\\\/25\\\/comuni-secessionisti-caner-concorrenza-e-non-piu-tutela-delle-minoranze-dagli-statuti-speciali-la-questione-montana-arriva-a-roma\\\/#breadcrumb\",\"itemListElement\":[{\"@type\":\"ListItem\",\"position\":1,\"name\":\"Home\",\"item\":\"https:\\\/\\\/www.bellunopress.it\\\/\"},{\"@type\":\"ListItem\",\"position\":2,\"name\":\"Comuni secessionisti. Caner: &#8220;Concorrenza e non pi\u00f9 tutela delle minoranze dagli statuti speciali.La questione montana arriva a Roma&#8221;\"}]},{\"@type\":\"WebSite\",\"@id\":\"https:\\\/\\\/www.bellunopress.it\\\/#website\",\"url\":\"https:\\\/\\\/www.bellunopress.it\\\/\",\"name\":\"Bellunopress - Dolomiti\",\"description\":\"e-mail: redazione@bellunopress.it\",\"publisher\":{\"@id\":\"https:\\\/\\\/www.bellunopress.it\\\/#organization\"},\"potentialAction\":[{\"@type\":\"SearchAction\",\"target\":{\"@type\":\"EntryPoint\",\"urlTemplate\":\"https:\\\/\\\/www.bellunopress.it\\\/?s={search_term_string}\"},\"query-input\":{\"@type\":\"PropertyValueSpecification\",\"valueRequired\":true,\"valueName\":\"search_term_string\"}}],\"inLanguage\":\"fr-FR\"},{\"@type\":\"Organization\",\"@id\":\"https:\\\/\\\/www.bellunopress.it\\\/#organization\",\"name\":\"Bellunopress\",\"url\":\"https:\\\/\\\/www.bellunopress.it\\\/\",\"logo\":{\"@type\":\"ImageObject\",\"inLanguage\":\"fr-FR\",\"@id\":\"https:\\\/\\\/www.bellunopress.it\\\/#\\\/schema\\\/logo\\\/image\\\/\",\"url\":\"https:\\\/\\\/www.bellunopress.it\\\/wp-content\\\/uploads\\\/2011\\\/05\\\/cropped-logo-bellunopress-.jpg\",\"contentUrl\":\"https:\\\/\\\/www.bellunopress.it\\\/wp-content\\\/uploads\\\/2011\\\/05\\\/cropped-logo-bellunopress-.jpg\",\"width\":512,\"height\":512,\"caption\":\"Bellunopress\"},\"image\":{\"@id\":\"https:\\\/\\\/www.bellunopress.it\\\/#\\\/schema\\\/logo\\\/image\\\/\"},\"sameAs\":[\"https:\\\/\\\/www.facebook.com\\\/profile.php?id=100008943462799\",\"https:\\\/\\\/x.com\\\/bellunopress\",\"https:\\\/\\\/www.linkedin.com\\\/hp\\\/?dnr=JBzUWaJfMUw8vbXJJ2tVW5-I3jZKvC4wsoxE&amp;amp;amp;amp;amp;amp;trk=nav_responsive_tab_home\",\"https:\\\/\\\/www.youtube.com\\\/channel\\\/UCxL0wu1uN0_3_7hGG0306cw\"]},{\"@type\":\"Person\",\"@id\":\"https:\\\/\\\/www.bellunopress.it\\\/#\\\/schema\\\/person\\\/79bb06722b37ece1c03d3e94beb30d73\",\"name\":\"redazione\",\"image\":{\"@type\":\"ImageObject\",\"inLanguage\":\"fr-FR\",\"@id\":\"https:\\\/\\\/secure.gravatar.com\\\/avatar\\\/37d968a2e67a6fd04c169c4bdef102d0bc5d31b2546345219e348575eb80e9a0?s=96&d=mm&r=g\",\"url\":\"https:\\\/\\\/secure.gravatar.com\\\/avatar\\\/37d968a2e67a6fd04c169c4bdef102d0bc5d31b2546345219e348575eb80e9a0?s=96&d=mm&r=g\",\"contentUrl\":\"https:\\\/\\\/secure.gravatar.com\\\/avatar\\\/37d968a2e67a6fd04c169c4bdef102d0bc5d31b2546345219e348575eb80e9a0?s=96&d=mm&r=g\",\"caption\":\"redazione\"},\"sameAs\":[\"http:\\\/\\\/www.bellunopress.it\",\"https:\\\/\\\/x.com\\\/bellunopress\"],\"url\":\"https:\\\/\\\/www.bellunopress.it\\\/fr\\\/author\\\/redazione\\\/\"}]}<\/script>\n<!-- \/ Yoast SEO plugin. -->","yoast_head_json":{"title":"Comuni secessionisti. Caner: \"Concorrenza e non pi\u00f9 tutela delle minoranze dagli statuti speciali.La questione montana arriva a Roma\" - Bellunopress - Dolomiti","robots":{"index":"index","follow":"follow","max-snippet":"max-snippet:-1","max-image-preview":"max-image-preview:large","max-video-preview":"max-video-preview:-1"},"canonical":"https:\/\/www.bellunopress.it\/fr\/2013\/02\/25\/comuni-secessionisti-caner-concorrenza-e-non-piu-tutela-delle-minoranze-dagli-statuti-speciali-la-questione-montana-arriva-a-roma\/","og_locale":"fr_FR","og_type":"article","og_title":"Comuni secessionisti. Caner: \"Concorrenza e non pi\u00f9 tutela delle minoranze dagli statuti speciali.La questione montana arriva a Roma\" - Bellunopress - Dolomiti","og_description":"Venezia, 25 febbraio 2012 &#8211; &#8220;L\u2019aver votato in Consiglio la nostra risoluzione, dopo che proprio la Lega \u00e8 riuscita a far convocare una seduta straordinaria sul tema dei Comuni secessionisti, \u00e8 un passo fondamentale per l\u2019autodeterminazione di quei cittadini di montagna che hanno scelto con referendum il passaggio al vicino Statuto Speciale. La risoluzione impegna [&hellip;]","og_url":"https:\/\/www.bellunopress.it\/fr\/2013\/02\/25\/comuni-secessionisti-caner-concorrenza-e-non-piu-tutela-delle-minoranze-dagli-statuti-speciali-la-questione-montana-arriva-a-roma\/","og_site_name":"Bellunopress - Dolomiti","article_publisher":"https:\/\/www.facebook.com\/profile.php?id=100008943462799","article_published_time":"2013-02-25T16:42:35+00:00","article_modified_time":"2013-02-26T20:20:57+00:00","og_image":[{"url":"http:\/\/www.bellunopress.it\/wp-content\/uploads\/2010\/08\/federico-caner-130x130.jpg","type":"","width":"","height":""}],"author":"redazione","twitter_card":"summary_large_image","twitter_creator":"@bellunopress","twitter_site":"@bellunopress","twitter_misc":{"\u00c9crit par":"redazione","Dur\u00e9e de lecture estim\u00e9e":"2 minutes"},"schema":{"@context":"https:\/\/schema.org","@graph":[{"@type":"Article","@id":"https:\/\/www.bellunopress.it\/2013\/02\/25\/comuni-secessionisti-caner-concorrenza-e-non-piu-tutela-delle-minoranze-dagli-statuti-speciali-la-questione-montana-arriva-a-roma\/#article","isPartOf":{"@id":"https:\/\/www.bellunopress.it\/2013\/02\/25\/comuni-secessionisti-caner-concorrenza-e-non-piu-tutela-delle-minoranze-dagli-statuti-speciali-la-questione-montana-arriva-a-roma\/"},"author":{"name":"redazione","@id":"https:\/\/www.bellunopress.it\/#\/schema\/person\/79bb06722b37ece1c03d3e94beb30d73"},"headline":"Comuni secessionisti. Caner: &#8220;Concorrenza e non pi\u00f9 tutela delle minoranze dagli statuti speciali.La questione montana arriva a Roma&#8221;","datePublished":"2013-02-25T16:42:35+00:00","dateModified":"2013-02-26T20:20:57+00:00","mainEntityOfPage":{"@id":"https:\/\/www.bellunopress.it\/2013\/02\/25\/comuni-secessionisti-caner-concorrenza-e-non-piu-tutela-delle-minoranze-dagli-statuti-speciali-la-questione-montana-arriva-a-roma\/"},"wordCount":390,"publisher":{"@id":"https:\/\/www.bellunopress.it\/#organization"},"image":{"@id":"https:\/\/www.bellunopress.it\/2013\/02\/25\/comuni-secessionisti-caner-concorrenza-e-non-piu-tutela-delle-minoranze-dagli-statuti-speciali-la-questione-montana-arriva-a-roma\/#primaryimage"},"thumbnailUrl":"http:\/\/www.bellunopress.it\/wp-content\/uploads\/2010\/08\/federico-caner-130x130.jpg","articleSection":["Cronaca\/Politica","Prima Pagina"],"inLanguage":"fr-FR"},{"@type":"WebPage","@id":"https:\/\/www.bellunopress.it\/2013\/02\/25\/comuni-secessionisti-caner-concorrenza-e-non-piu-tutela-delle-minoranze-dagli-statuti-speciali-la-questione-montana-arriva-a-roma\/","url":"https:\/\/www.bellunopress.it\/2013\/02\/25\/comuni-secessionisti-caner-concorrenza-e-non-piu-tutela-delle-minoranze-dagli-statuti-speciali-la-questione-montana-arriva-a-roma\/","name":"Comuni secessionisti. Caner: \"Concorrenza e non pi\u00f9 tutela delle minoranze dagli statuti speciali.La questione montana arriva a Roma\" - Bellunopress - Dolomiti","isPartOf":{"@id":"https:\/\/www.bellunopress.it\/#website"},"primaryImageOfPage":{"@id":"https:\/\/www.bellunopress.it\/2013\/02\/25\/comuni-secessionisti-caner-concorrenza-e-non-piu-tutela-delle-minoranze-dagli-statuti-speciali-la-questione-montana-arriva-a-roma\/#primaryimage"},"image":{"@id":"https:\/\/www.bellunopress.it\/2013\/02\/25\/comuni-secessionisti-caner-concorrenza-e-non-piu-tutela-delle-minoranze-dagli-statuti-speciali-la-questione-montana-arriva-a-roma\/#primaryimage"},"thumbnailUrl":"http:\/\/www.bellunopress.it\/wp-content\/uploads\/2010\/08\/federico-caner-130x130.jpg","datePublished":"2013-02-25T16:42:35+00:00","dateModified":"2013-02-26T20:20:57+00:00","breadcrumb":{"@id":"https:\/\/www.bellunopress.it\/2013\/02\/25\/comuni-secessionisti-caner-concorrenza-e-non-piu-tutela-delle-minoranze-dagli-statuti-speciali-la-questione-montana-arriva-a-roma\/#breadcrumb"},"inLanguage":"fr-FR","potentialAction":[{"@type":"ReadAction","target":["https:\/\/www.bellunopress.it\/2013\/02\/25\/comuni-secessionisti-caner-concorrenza-e-non-piu-tutela-delle-minoranze-dagli-statuti-speciali-la-questione-montana-arriva-a-roma\/"]}]},{"@type":"ImageObject","inLanguage":"fr-FR","@id":"https:\/\/www.bellunopress.it\/2013\/02\/25\/comuni-secessionisti-caner-concorrenza-e-non-piu-tutela-delle-minoranze-dagli-statuti-speciali-la-questione-montana-arriva-a-roma\/#primaryimage","url":"http:\/\/www.bellunopress.it\/wp-content\/uploads\/2010\/08\/federico-caner-130x130.jpg","contentUrl":"http:\/\/www.bellunopress.it\/wp-content\/uploads\/2010\/08\/federico-caner-130x130.jpg"},{"@type":"BreadcrumbList","@id":"https:\/\/www.bellunopress.it\/2013\/02\/25\/comuni-secessionisti-caner-concorrenza-e-non-piu-tutela-delle-minoranze-dagli-statuti-speciali-la-questione-montana-arriva-a-roma\/#breadcrumb","itemListElement":[{"@type":"ListItem","position":1,"name":"Home","item":"https:\/\/www.bellunopress.it\/"},{"@type":"ListItem","position":2,"name":"Comuni secessionisti. Caner: &#8220;Concorrenza e non pi\u00f9 tutela delle minoranze dagli statuti speciali.La questione montana arriva a Roma&#8221;"}]},{"@type":"WebSite","@id":"https:\/\/www.bellunopress.it\/#website","url":"https:\/\/www.bellunopress.it\/","name":"Bellunopress - Dolomiti","description":"e-mail: redazione@bellunopress.it","publisher":{"@id":"https:\/\/www.bellunopress.it\/#organization"},"potentialAction":[{"@type":"SearchAction","target":{"@type":"EntryPoint","urlTemplate":"https:\/\/www.bellunopress.it\/?s={search_term_string}"},"query-input":{"@type":"PropertyValueSpecification","valueRequired":true,"valueName":"search_term_string"}}],"inLanguage":"fr-FR"},{"@type":"Organization","@id":"https:\/\/www.bellunopress.it\/#organization","name":"Bellunopress","url":"https:\/\/www.bellunopress.it\/","logo":{"@type":"ImageObject","inLanguage":"fr-FR","@id":"https:\/\/www.bellunopress.it\/#\/schema\/logo\/image\/","url":"https:\/\/www.bellunopress.it\/wp-content\/uploads\/2011\/05\/cropped-logo-bellunopress-.jpg","contentUrl":"https:\/\/www.bellunopress.it\/wp-content\/uploads\/2011\/05\/cropped-logo-bellunopress-.jpg","width":512,"height":512,"caption":"Bellunopress"},"image":{"@id":"https:\/\/www.bellunopress.it\/#\/schema\/logo\/image\/"},"sameAs":["https:\/\/www.facebook.com\/profile.php?id=100008943462799","https:\/\/x.com\/bellunopress","https:\/\/www.linkedin.com\/hp\/?dnr=JBzUWaJfMUw8vbXJJ2tVW5-I3jZKvC4wsoxE&amp;amp;amp;amp;amp;amp;trk=nav_responsive_tab_home","https:\/\/www.youtube.com\/channel\/UCxL0wu1uN0_3_7hGG0306cw"]},{"@type":"Person","@id":"https:\/\/www.bellunopress.it\/#\/schema\/person\/79bb06722b37ece1c03d3e94beb30d73","name":"r\u00e9daction","image":{"@type":"ImageObject","inLanguage":"fr-FR","@id":"https:\/\/secure.gravatar.com\/avatar\/37d968a2e67a6fd04c169c4bdef102d0bc5d31b2546345219e348575eb80e9a0?s=96&d=mm&r=g","url":"https:\/\/secure.gravatar.com\/avatar\/37d968a2e67a6fd04c169c4bdef102d0bc5d31b2546345219e348575eb80e9a0?s=96&d=mm&r=g","contentUrl":"https:\/\/secure.gravatar.com\/avatar\/37d968a2e67a6fd04c169c4bdef102d0bc5d31b2546345219e348575eb80e9a0?s=96&d=mm&r=g","caption":"redazione"},"sameAs":["http:\/\/www.bellunopress.it","https:\/\/x.com\/bellunopress"],"url":"https:\/\/www.bellunopress.it\/fr\/author\/redazione\/"}]}},"_links":{"self":[{"href":"https:\/\/www.bellunopress.it\/fr\/wp-json\/wp\/v2\/posts\/47097","targetHints":{"allow":["GET"]}}],"collection":[{"href":"https:\/\/www.bellunopress.it\/fr\/wp-json\/wp\/v2\/posts"}],"about":[{"href":"https:\/\/www.bellunopress.it\/fr\/wp-json\/wp\/v2\/types\/post"}],"author":[{"embeddable":true,"href":"https:\/\/www.bellunopress.it\/fr\/wp-json\/wp\/v2\/users\/2"}],"replies":[{"embeddable":true,"href":"https:\/\/www.bellunopress.it\/fr\/wp-json\/wp\/v2\/comments?post=47097"}],"version-history":[{"count":3,"href":"https:\/\/www.bellunopress.it\/fr\/wp-json\/wp\/v2\/posts\/47097\/revisions"}],"predecessor-version":[{"id":47099,"href":"https:\/\/www.bellunopress.it\/fr\/wp-json\/wp\/v2\/posts\/47097\/revisions\/47099"}],"wp:attachment":[{"href":"https:\/\/www.bellunopress.it\/fr\/wp-json\/wp\/v2\/media?parent=47097"}],"wp:term":[{"taxonomy":"category","embeddable":true,"href":"https:\/\/www.bellunopress.it\/fr\/wp-json\/wp\/v2\/categories?post=47097"},{"taxonomy":"post_tag","embeddable":true,"href":"https:\/\/www.bellunopress.it\/fr\/wp-json\/wp\/v2\/tags?post=47097"}],"curies":[{"name":"wp","href":"https:\/\/api.w.org\/{rel}","templated":true}]}}