{"id":47073,"date":"2013-02-25T15:41:37","date_gmt":"2013-02-25T14:41:37","guid":{"rendered":"http:\/\/www.bellunopress.it\/?p=47073"},"modified":"2013-02-25T15:41:37","modified_gmt":"2013-02-25T14:41:37","slug":"debutto-della-winterace-vince-lequipaggio-cane-galliani-su-lancia-aprilia-del-1938","status":"publish","type":"post","link":"https:\/\/www.bellunopress.it\/fr\/2013\/02\/25\/debutto-della-winterace-vince-lequipaggio-cane-galliani-su-lancia-aprilia-del-1938\/","title":{"rendered":"Debutto della WinteRace: vince l\u2019equipaggio Can\u00e8 &#8211; Galliani su Lancia Aprilia del 1938"},"content":{"rendered":"<p><a href=\"http:\/\/www.bellunopress.it\/wp-content\/uploads\/2013\/02\/Winterace-cortina.jpeg\"><img loading=\"lazy\" decoding=\"async\" class=\"alignleft size-full wp-image-47075\" alt=\"Winterace cortina\" src=\"http:\/\/www.bellunopress.it\/wp-content\/uploads\/2013\/02\/Winterace-cortina.jpeg\" width=\"289\" height=\"240\" \/><\/a>Si \u00e8 conclusa sabato a Cortina d&#8217;Ampezzo la prima edizione della WinteRace, gara invernale di Regolarit\u00e0 Classica Grande Evento CSAI per auto storiche costruite entro il 1972, che ha visto impegnati una trentina di audaci equipaggi nella giornate di venerd\u00ec 22 e sabato 23 Febbraio.<\/p>\n<p>Dopo la partenza alle ore 8.30 dal Grand Hotel Savoia gli equipaggi si sono diretti verso il suggestivo quanto impegnativo Passo Giau, proseguendo per Forno di Zoldo e raggiungendo Cortina d\u2019Ampezzo da Passo Cibiana. Ad attenderli al circuito di Palus, non lontano dall\u2019incantevole lago di Misurina, le insidiose prove a fotocellula su un terreno ghiacciato. Dopo il passaggio attraverso Passo Sant\u2019Antonio e la sosta all\u2019innevato Passo Monte Croce Comelico i concorrenti hanno affrontato ulteriori prove nel centro di San Candido e di Dobbiaco raggiungendo il tracciato di Fiames a pochi chilometri da Cortina d\u2019Ampezzo. Queste ultime prove hanno concluso, lungo i quasi 2 chilometri di percorso ghiacciato la seconda tappa della gara ed hanno permesso agli equipaggi di provare la propria abilit\u00e0 senza rinunciare al divertimento.<\/p>\n<p>Le favorevoli condizioni meteorologiche hanno accompagnato la manifestazione durante entrambe le giornate di gara, dando la possibilit\u00e0 di godere dei paesaggi dolomitici sommersi da un disteso manto bianco ed illuminati da un limpido sole invernale. Solo verso il finale il sole ha lasciato spazio alle nuvole e ad un\u2019intensa nevicata.<\/p>\n<p>La serata di premiazioni si \u00e8 svolta presso il Grand Hotel Savoia in una calda atmosfera di sportivit\u00e0 ed eleganza.<\/p>\n<p>Il podio, con coppe in argento della Petruzzi&amp;Branca, ha visto al terzo posto Giancarlo Giacomello e Luigino Gennaro su Jaguar SS 100 del 1938 premiato dallo Sponsor VP BANK nella persona del Dott. Marco Predetti, il secondo posto \u00e8 stato assegnato all\u2019equipaggio composto da Gianmaria Aghem e Hanno Mayr su Lancia Fulvia HF del 1970 ai quali sono state omaggiate due prestigiose borse da viaggio Zagliani realizzate in pellame pregiato.<\/p>\n<p>L\u2019equipaggio vincitore formato dai coniugi Giuliano e Lucia Can\u00e8 ha ricevuto le coppe omaggiate dal Museo Mille Miglia e due prestigiosi cronografi Champion Eberhard &amp; Co., Main Sponsor della WinteRace. Con questo podio la scuderia Loro Piana si \u00e8 aggiudicata la coppa delle scuderie.<\/p>\n<p>Il primo equipaggio Porschista classificatosi \u00e8 stato quello composto da Mario Simoni e Giuseppe Landini su Porsche 911 Targa del 1967 premiati dal Centro Porsche Padova Sponsor automobilistico della gara.<\/p>\n<p>Inoltre, il Comitato Organizzatore ha voluto promuovere la partecipazione di giovani concorrenti premiando il miglior equipaggio classificato Under 35 composto dai fratelli Alberto e Franca Tononi su Porsche 911 del 1972.<\/p>\n<p>L\u2019equipaggio Antonella Gamberini e la giornalista di Quattroruote Laura Confalonieri su Fiat Abarth 124 ha vinto la classifica speciale femminile ricevendo due coppe in argento messe in palio dalla Beat 37 ed eleganti cadeaux del brand d\u2019abbigliamento femminile Jo No Fui.<\/p>\n<p>In occasione dell\u2019introduzione delle prove di media, novit\u00e0 assoluta della WinteRace, \u00e8 stato istituito un premio speciale per riconoscere l\u2019abilit\u00e0 dell\u2019equipaggio che ha ottenuto il minor numero di penalit\u00e0 nei 21 rilevamenti segreti: Emanuel Piona e Marco Foscari si sono aggiudicati cos\u00ec la partecipazione, da parte di Alte Sfere, al Giro di Sicilia che si terr\u00e0 dal 6 al 9 Giugno 2013.<\/p>\n<p>La prima edizione della WinteRace ha debuttato riscuotendo il plauso dei qualificati driver ed ha stimolato la curiosit\u00e0 di coloro che sono stati attenti spettatori.<\/p>\n<p>&nbsp;<\/p>","protected":false},"excerpt":{"rendered":"<p>Si \u00e8 conclusa sabato a Cortina d&#8217;Ampezzo la prima edizione della WinteRace, gara invernale di Regolarit\u00e0 Classica Grande Evento CSAI per auto storiche costruite entro il 1972, che ha visto impegnati una trentina di audaci equipaggi nella giornate di venerd\u00ec 22 e sabato 23 Febbraio. Dopo la partenza alle ore 8.30 dal Grand Hotel Savoia [&hellip;]<\/p>\n","protected":false},"author":2,"featured_media":0,"comment_status":"closed","ping_status":"open","sticky":false,"template":"","format":"standard","meta":{"footnotes":""},"categories":[26,8,4],"tags":[],"class_list":["post-47073","post","type-post","status-publish","format-standard","category-prima-pagina","category-societa-istituzioni","category-sport"],"yoast_head":"<!-- This site is optimized with the Yoast SEO plugin v28.4 - https:\/\/yoast.com\/product\/yoast-seo-wordpress\/ -->\n<title>Debutto della WinteRace: vince l\u2019equipaggio Can\u00e8 - Galliani su Lancia Aprilia del 1938 - Bellunopress - Dolomiti<\/title>\n<meta name=\"robots\" content=\"index, follow, max-snippet:-1, max-image-preview:large, max-video-preview:-1\" \/>\n<link rel=\"canonical\" href=\"https:\/\/www.bellunopress.it\/fr\/2013\/02\/25\/debutto-della-winterace-vince-lequipaggio-cane-galliani-su-lancia-aprilia-del-1938\/\" \/>\n<meta property=\"og:locale\" content=\"fr_FR\" \/>\n<meta property=\"og:type\" content=\"article\" \/>\n<meta property=\"og:title\" content=\"Debutto della WinteRace: vince l\u2019equipaggio Can\u00e8 - Galliani su Lancia Aprilia del 1938 - Bellunopress - Dolomiti\" \/>\n<meta property=\"og:description\" content=\"Si \u00e8 conclusa sabato a Cortina d&#8217;Ampezzo la prima edizione della WinteRace, gara invernale di Regolarit\u00e0 Classica Grande Evento CSAI per auto storiche costruite entro il 1972, che ha visto impegnati una trentina di audaci equipaggi nella giornate di venerd\u00ec 22 e sabato 23 Febbraio. Dopo la partenza alle ore 8.30 dal Grand Hotel Savoia [&hellip;]\" \/>\n<meta property=\"og:url\" content=\"https:\/\/www.bellunopress.it\/fr\/2013\/02\/25\/debutto-della-winterace-vince-lequipaggio-cane-galliani-su-lancia-aprilia-del-1938\/\" \/>\n<meta property=\"og:site_name\" content=\"Bellunopress - Dolomiti\" \/>\n<meta property=\"article:publisher\" content=\"https:\/\/www.facebook.com\/profile.php?id=100008943462799\" \/>\n<meta property=\"article:published_time\" content=\"2013-02-25T14:41:37+00:00\" \/>\n<meta property=\"og:image\" content=\"http:\/\/www.bellunopress.it\/wp-content\/uploads\/2013\/02\/Winterace-cortina.jpeg\" \/>\n<meta name=\"author\" content=\"redazione\" \/>\n<meta name=\"twitter:card\" content=\"summary_large_image\" \/>\n<meta name=\"twitter:creator\" content=\"@bellunopress\" \/>\n<meta name=\"twitter:site\" content=\"@bellunopress\" \/>\n<meta name=\"twitter:label1\" content=\"Written by\" \/>\n\t<meta name=\"twitter:data1\" content=\"redazione\" \/>\n\t<meta name=\"twitter:label2\" content=\"Est. reading time\" \/>\n\t<meta name=\"twitter:data2\" content=\"3 minutes\" \/>\n<script type=\"application\/ld+json\" class=\"yoast-schema-graph\">{\"@context\":\"https:\\\/\\\/schema.org\",\"@graph\":[{\"@type\":\"Article\",\"@id\":\"https:\\\/\\\/www.bellunopress.it\\\/2013\\\/02\\\/25\\\/debutto-della-winterace-vince-lequipaggio-cane-galliani-su-lancia-aprilia-del-1938\\\/#article\",\"isPartOf\":{\"@id\":\"https:\\\/\\\/www.bellunopress.it\\\/2013\\\/02\\\/25\\\/debutto-della-winterace-vince-lequipaggio-cane-galliani-su-lancia-aprilia-del-1938\\\/\"},\"author\":{\"name\":\"redazione\",\"@id\":\"https:\\\/\\\/www.bellunopress.it\\\/#\\\/schema\\\/person\\\/79bb06722b37ece1c03d3e94beb30d73\"},\"headline\":\"Debutto della WinteRace: vince l\u2019equipaggio Can\u00e8 &#8211; Galliani su Lancia Aprilia del 1938\",\"datePublished\":\"2013-02-25T14:41:37+00:00\",\"mainEntityOfPage\":{\"@id\":\"https:\\\/\\\/www.bellunopress.it\\\/2013\\\/02\\\/25\\\/debutto-della-winterace-vince-lequipaggio-cane-galliani-su-lancia-aprilia-del-1938\\\/\"},\"wordCount\":549,\"publisher\":{\"@id\":\"https:\\\/\\\/www.bellunopress.it\\\/#organization\"},\"image\":{\"@id\":\"https:\\\/\\\/www.bellunopress.it\\\/2013\\\/02\\\/25\\\/debutto-della-winterace-vince-lequipaggio-cane-galliani-su-lancia-aprilia-del-1938\\\/#primaryimage\"},\"thumbnailUrl\":\"http:\\\/\\\/www.bellunopress.it\\\/wp-content\\\/uploads\\\/2013\\\/02\\\/Winterace-cortina.jpeg\",\"articleSection\":[\"Prima Pagina\",\"Societ\u00e0, Associazioni, Istituzioni\",\"Sport, tempo libero\"],\"inLanguage\":\"fr-FR\"},{\"@type\":\"WebPage\",\"@id\":\"https:\\\/\\\/www.bellunopress.it\\\/2013\\\/02\\\/25\\\/debutto-della-winterace-vince-lequipaggio-cane-galliani-su-lancia-aprilia-del-1938\\\/\",\"url\":\"https:\\\/\\\/www.bellunopress.it\\\/2013\\\/02\\\/25\\\/debutto-della-winterace-vince-lequipaggio-cane-galliani-su-lancia-aprilia-del-1938\\\/\",\"name\":\"Debutto della WinteRace: vince l\u2019equipaggio Can\u00e8 - Galliani su Lancia Aprilia del 1938 - Bellunopress - Dolomiti\",\"isPartOf\":{\"@id\":\"https:\\\/\\\/www.bellunopress.it\\\/#website\"},\"primaryImageOfPage\":{\"@id\":\"https:\\\/\\\/www.bellunopress.it\\\/2013\\\/02\\\/25\\\/debutto-della-winterace-vince-lequipaggio-cane-galliani-su-lancia-aprilia-del-1938\\\/#primaryimage\"},\"image\":{\"@id\":\"https:\\\/\\\/www.bellunopress.it\\\/2013\\\/02\\\/25\\\/debutto-della-winterace-vince-lequipaggio-cane-galliani-su-lancia-aprilia-del-1938\\\/#primaryimage\"},\"thumbnailUrl\":\"http:\\\/\\\/www.bellunopress.it\\\/wp-content\\\/uploads\\\/2013\\\/02\\\/Winterace-cortina.jpeg\",\"datePublished\":\"2013-02-25T14:41:37+00:00\",\"breadcrumb\":{\"@id\":\"https:\\\/\\\/www.bellunopress.it\\\/2013\\\/02\\\/25\\\/debutto-della-winterace-vince-lequipaggio-cane-galliani-su-lancia-aprilia-del-1938\\\/#breadcrumb\"},\"inLanguage\":\"fr-FR\",\"potentialAction\":[{\"@type\":\"ReadAction\",\"target\":[\"https:\\\/\\\/www.bellunopress.it\\\/2013\\\/02\\\/25\\\/debutto-della-winterace-vince-lequipaggio-cane-galliani-su-lancia-aprilia-del-1938\\\/\"]}]},{\"@type\":\"ImageObject\",\"inLanguage\":\"fr-FR\",\"@id\":\"https:\\\/\\\/www.bellunopress.it\\\/2013\\\/02\\\/25\\\/debutto-della-winterace-vince-lequipaggio-cane-galliani-su-lancia-aprilia-del-1938\\\/#primaryimage\",\"url\":\"http:\\\/\\\/www.bellunopress.it\\\/wp-content\\\/uploads\\\/2013\\\/02\\\/Winterace-cortina.jpeg\",\"contentUrl\":\"http:\\\/\\\/www.bellunopress.it\\\/wp-content\\\/uploads\\\/2013\\\/02\\\/Winterace-cortina.jpeg\"},{\"@type\":\"BreadcrumbList\",\"@id\":\"https:\\\/\\\/www.bellunopress.it\\\/2013\\\/02\\\/25\\\/debutto-della-winterace-vince-lequipaggio-cane-galliani-su-lancia-aprilia-del-1938\\\/#breadcrumb\",\"itemListElement\":[{\"@type\":\"ListItem\",\"position\":1,\"name\":\"Home\",\"item\":\"https:\\\/\\\/www.bellunopress.it\\\/\"},{\"@type\":\"ListItem\",\"position\":2,\"name\":\"Debutto della WinteRace: vince l\u2019equipaggio Can\u00e8 &#8211; Galliani su Lancia Aprilia del 1938\"}]},{\"@type\":\"WebSite\",\"@id\":\"https:\\\/\\\/www.bellunopress.it\\\/#website\",\"url\":\"https:\\\/\\\/www.bellunopress.it\\\/\",\"name\":\"Bellunopress - Dolomiti\",\"description\":\"e-mail: redazione@bellunopress.it\",\"publisher\":{\"@id\":\"https:\\\/\\\/www.bellunopress.it\\\/#organization\"},\"potentialAction\":[{\"@type\":\"SearchAction\",\"target\":{\"@type\":\"EntryPoint\",\"urlTemplate\":\"https:\\\/\\\/www.bellunopress.it\\\/?s={search_term_string}\"},\"query-input\":{\"@type\":\"PropertyValueSpecification\",\"valueRequired\":true,\"valueName\":\"search_term_string\"}}],\"inLanguage\":\"fr-FR\"},{\"@type\":\"Organization\",\"@id\":\"https:\\\/\\\/www.bellunopress.it\\\/#organization\",\"name\":\"Bellunopress\",\"url\":\"https:\\\/\\\/www.bellunopress.it\\\/\",\"logo\":{\"@type\":\"ImageObject\",\"inLanguage\":\"fr-FR\",\"@id\":\"https:\\\/\\\/www.bellunopress.it\\\/#\\\/schema\\\/logo\\\/image\\\/\",\"url\":\"https:\\\/\\\/www.bellunopress.it\\\/wp-content\\\/uploads\\\/2011\\\/05\\\/cropped-logo-bellunopress-.jpg\",\"contentUrl\":\"https:\\\/\\\/www.bellunopress.it\\\/wp-content\\\/uploads\\\/2011\\\/05\\\/cropped-logo-bellunopress-.jpg\",\"width\":512,\"height\":512,\"caption\":\"Bellunopress\"},\"image\":{\"@id\":\"https:\\\/\\\/www.bellunopress.it\\\/#\\\/schema\\\/logo\\\/image\\\/\"},\"sameAs\":[\"https:\\\/\\\/www.facebook.com\\\/profile.php?id=100008943462799\",\"https:\\\/\\\/x.com\\\/bellunopress\",\"https:\\\/\\\/www.linkedin.com\\\/hp\\\/?dnr=JBzUWaJfMUw8vbXJJ2tVW5-I3jZKvC4wsoxE&amp;amp;amp;amp;amp;amp;trk=nav_responsive_tab_home\",\"https:\\\/\\\/www.youtube.com\\\/channel\\\/UCxL0wu1uN0_3_7hGG0306cw\"]},{\"@type\":\"Person\",\"@id\":\"https:\\\/\\\/www.bellunopress.it\\\/#\\\/schema\\\/person\\\/79bb06722b37ece1c03d3e94beb30d73\",\"name\":\"redazione\",\"image\":{\"@type\":\"ImageObject\",\"inLanguage\":\"fr-FR\",\"@id\":\"https:\\\/\\\/secure.gravatar.com\\\/avatar\\\/37d968a2e67a6fd04c169c4bdef102d0bc5d31b2546345219e348575eb80e9a0?s=96&d=mm&r=g\",\"url\":\"https:\\\/\\\/secure.gravatar.com\\\/avatar\\\/37d968a2e67a6fd04c169c4bdef102d0bc5d31b2546345219e348575eb80e9a0?s=96&d=mm&r=g\",\"contentUrl\":\"https:\\\/\\\/secure.gravatar.com\\\/avatar\\\/37d968a2e67a6fd04c169c4bdef102d0bc5d31b2546345219e348575eb80e9a0?s=96&d=mm&r=g\",\"caption\":\"redazione\"},\"sameAs\":[\"http:\\\/\\\/www.bellunopress.it\",\"https:\\\/\\\/x.com\\\/bellunopress\"],\"url\":\"https:\\\/\\\/www.bellunopress.it\\\/fr\\\/author\\\/redazione\\\/\"}]}<\/script>\n<!-- \/ Yoast SEO plugin. -->","yoast_head_json":{"title":"Debutto della WinteRace: vince l\u2019equipaggio Can\u00e8 - Galliani su Lancia Aprilia del 1938 - Bellunopress - Dolomiti","robots":{"index":"index","follow":"follow","max-snippet":"max-snippet:-1","max-image-preview":"max-image-preview:large","max-video-preview":"max-video-preview:-1"},"canonical":"https:\/\/www.bellunopress.it\/fr\/2013\/02\/25\/debutto-della-winterace-vince-lequipaggio-cane-galliani-su-lancia-aprilia-del-1938\/","og_locale":"fr_FR","og_type":"article","og_title":"Debutto della WinteRace: vince l\u2019equipaggio Can\u00e8 - Galliani su Lancia Aprilia del 1938 - Bellunopress - Dolomiti","og_description":"Si \u00e8 conclusa sabato a Cortina d&#8217;Ampezzo la prima edizione della WinteRace, gara invernale di Regolarit\u00e0 Classica Grande Evento CSAI per auto storiche costruite entro il 1972, che ha visto impegnati una trentina di audaci equipaggi nella giornate di venerd\u00ec 22 e sabato 23 Febbraio. Dopo la partenza alle ore 8.30 dal Grand Hotel Savoia [&hellip;]","og_url":"https:\/\/www.bellunopress.it\/fr\/2013\/02\/25\/debutto-della-winterace-vince-lequipaggio-cane-galliani-su-lancia-aprilia-del-1938\/","og_site_name":"Bellunopress - Dolomiti","article_publisher":"https:\/\/www.facebook.com\/profile.php?id=100008943462799","article_published_time":"2013-02-25T14:41:37+00:00","og_image":[{"url":"http:\/\/www.bellunopress.it\/wp-content\/uploads\/2013\/02\/Winterace-cortina.jpeg","type":"","width":"","height":""}],"author":"redazione","twitter_card":"summary_large_image","twitter_creator":"@bellunopress","twitter_site":"@bellunopress","twitter_misc":{"Written by":"redazione","Est. reading time":"3 minutes"},"schema":{"@context":"https:\/\/schema.org","@graph":[{"@type":"Article","@id":"https:\/\/www.bellunopress.it\/2013\/02\/25\/debutto-della-winterace-vince-lequipaggio-cane-galliani-su-lancia-aprilia-del-1938\/#article","isPartOf":{"@id":"https:\/\/www.bellunopress.it\/2013\/02\/25\/debutto-della-winterace-vince-lequipaggio-cane-galliani-su-lancia-aprilia-del-1938\/"},"author":{"name":"redazione","@id":"https:\/\/www.bellunopress.it\/#\/schema\/person\/79bb06722b37ece1c03d3e94beb30d73"},"headline":"Debutto della WinteRace: vince l\u2019equipaggio Can\u00e8 &#8211; Galliani su Lancia Aprilia del 1938","datePublished":"2013-02-25T14:41:37+00:00","mainEntityOfPage":{"@id":"https:\/\/www.bellunopress.it\/2013\/02\/25\/debutto-della-winterace-vince-lequipaggio-cane-galliani-su-lancia-aprilia-del-1938\/"},"wordCount":549,"publisher":{"@id":"https:\/\/www.bellunopress.it\/#organization"},"image":{"@id":"https:\/\/www.bellunopress.it\/2013\/02\/25\/debutto-della-winterace-vince-lequipaggio-cane-galliani-su-lancia-aprilia-del-1938\/#primaryimage"},"thumbnailUrl":"http:\/\/www.bellunopress.it\/wp-content\/uploads\/2013\/02\/Winterace-cortina.jpeg","articleSection":["Prima Pagina","Societ\u00e0, Associazioni, Istituzioni","Sport, tempo libero"],"inLanguage":"fr-FR"},{"@type":"WebPage","@id":"https:\/\/www.bellunopress.it\/2013\/02\/25\/debutto-della-winterace-vince-lequipaggio-cane-galliani-su-lancia-aprilia-del-1938\/","url":"https:\/\/www.bellunopress.it\/2013\/02\/25\/debutto-della-winterace-vince-lequipaggio-cane-galliani-su-lancia-aprilia-del-1938\/","name":"Debutto della WinteRace: vince l\u2019equipaggio Can\u00e8 - Galliani su Lancia Aprilia del 1938 - Bellunopress - Dolomiti","isPartOf":{"@id":"https:\/\/www.bellunopress.it\/#website"},"primaryImageOfPage":{"@id":"https:\/\/www.bellunopress.it\/2013\/02\/25\/debutto-della-winterace-vince-lequipaggio-cane-galliani-su-lancia-aprilia-del-1938\/#primaryimage"},"image":{"@id":"https:\/\/www.bellunopress.it\/2013\/02\/25\/debutto-della-winterace-vince-lequipaggio-cane-galliani-su-lancia-aprilia-del-1938\/#primaryimage"},"thumbnailUrl":"http:\/\/www.bellunopress.it\/wp-content\/uploads\/2013\/02\/Winterace-cortina.jpeg","datePublished":"2013-02-25T14:41:37+00:00","breadcrumb":{"@id":"https:\/\/www.bellunopress.it\/2013\/02\/25\/debutto-della-winterace-vince-lequipaggio-cane-galliani-su-lancia-aprilia-del-1938\/#breadcrumb"},"inLanguage":"fr-FR","potentialAction":[{"@type":"ReadAction","target":["https:\/\/www.bellunopress.it\/2013\/02\/25\/debutto-della-winterace-vince-lequipaggio-cane-galliani-su-lancia-aprilia-del-1938\/"]}]},{"@type":"ImageObject","inLanguage":"fr-FR","@id":"https:\/\/www.bellunopress.it\/2013\/02\/25\/debutto-della-winterace-vince-lequipaggio-cane-galliani-su-lancia-aprilia-del-1938\/#primaryimage","url":"http:\/\/www.bellunopress.it\/wp-content\/uploads\/2013\/02\/Winterace-cortina.jpeg","contentUrl":"http:\/\/www.bellunopress.it\/wp-content\/uploads\/2013\/02\/Winterace-cortina.jpeg"},{"@type":"BreadcrumbList","@id":"https:\/\/www.bellunopress.it\/2013\/02\/25\/debutto-della-winterace-vince-lequipaggio-cane-galliani-su-lancia-aprilia-del-1938\/#breadcrumb","itemListElement":[{"@type":"ListItem","position":1,"name":"Home","item":"https:\/\/www.bellunopress.it\/"},{"@type":"ListItem","position":2,"name":"Debutto della WinteRace: vince l\u2019equipaggio Can\u00e8 &#8211; Galliani su Lancia Aprilia del 1938"}]},{"@type":"WebSite","@id":"https:\/\/www.bellunopress.it\/#website","url":"https:\/\/www.bellunopress.it\/","name":"Bellunopress - Dolomiti","description":"e-mail: redazione@bellunopress.it","publisher":{"@id":"https:\/\/www.bellunopress.it\/#organization"},"potentialAction":[{"@type":"SearchAction","target":{"@type":"EntryPoint","urlTemplate":"https:\/\/www.bellunopress.it\/?s={search_term_string}"},"query-input":{"@type":"PropertyValueSpecification","valueRequired":true,"valueName":"search_term_string"}}],"inLanguage":"fr-FR"},{"@type":"Organization","@id":"https:\/\/www.bellunopress.it\/#organization","name":"Bellunopress","url":"https:\/\/www.bellunopress.it\/","logo":{"@type":"ImageObject","inLanguage":"fr-FR","@id":"https:\/\/www.bellunopress.it\/#\/schema\/logo\/image\/","url":"https:\/\/www.bellunopress.it\/wp-content\/uploads\/2011\/05\/cropped-logo-bellunopress-.jpg","contentUrl":"https:\/\/www.bellunopress.it\/wp-content\/uploads\/2011\/05\/cropped-logo-bellunopress-.jpg","width":512,"height":512,"caption":"Bellunopress"},"image":{"@id":"https:\/\/www.bellunopress.it\/#\/schema\/logo\/image\/"},"sameAs":["https:\/\/www.facebook.com\/profile.php?id=100008943462799","https:\/\/x.com\/bellunopress","https:\/\/www.linkedin.com\/hp\/?dnr=JBzUWaJfMUw8vbXJJ2tVW5-I3jZKvC4wsoxE&amp;amp;amp;amp;amp;amp;trk=nav_responsive_tab_home","https:\/\/www.youtube.com\/channel\/UCxL0wu1uN0_3_7hGG0306cw"]},{"@type":"Person","@id":"https:\/\/www.bellunopress.it\/#\/schema\/person\/79bb06722b37ece1c03d3e94beb30d73","name":"r\u00e9daction","image":{"@type":"ImageObject","inLanguage":"fr-FR","@id":"https:\/\/secure.gravatar.com\/avatar\/37d968a2e67a6fd04c169c4bdef102d0bc5d31b2546345219e348575eb80e9a0?s=96&d=mm&r=g","url":"https:\/\/secure.gravatar.com\/avatar\/37d968a2e67a6fd04c169c4bdef102d0bc5d31b2546345219e348575eb80e9a0?s=96&d=mm&r=g","contentUrl":"https:\/\/secure.gravatar.com\/avatar\/37d968a2e67a6fd04c169c4bdef102d0bc5d31b2546345219e348575eb80e9a0?s=96&d=mm&r=g","caption":"redazione"},"sameAs":["http:\/\/www.bellunopress.it","https:\/\/x.com\/bellunopress"],"url":"https:\/\/www.bellunopress.it\/fr\/author\/redazione\/"}]}},"_links":{"self":[{"href":"https:\/\/www.bellunopress.it\/fr\/wp-json\/wp\/v2\/posts\/47073","targetHints":{"allow":["GET"]}}],"collection":[{"href":"https:\/\/www.bellunopress.it\/fr\/wp-json\/wp\/v2\/posts"}],"about":[{"href":"https:\/\/www.bellunopress.it\/fr\/wp-json\/wp\/v2\/types\/post"}],"author":[{"embeddable":true,"href":"https:\/\/www.bellunopress.it\/fr\/wp-json\/wp\/v2\/users\/2"}],"replies":[{"embeddable":true,"href":"https:\/\/www.bellunopress.it\/fr\/wp-json\/wp\/v2\/comments?post=47073"}],"version-history":[{"count":1,"href":"https:\/\/www.bellunopress.it\/fr\/wp-json\/wp\/v2\/posts\/47073\/revisions"}],"predecessor-version":[{"id":47076,"href":"https:\/\/www.bellunopress.it\/fr\/wp-json\/wp\/v2\/posts\/47073\/revisions\/47076"}],"wp:attachment":[{"href":"https:\/\/www.bellunopress.it\/fr\/wp-json\/wp\/v2\/media?parent=47073"}],"wp:term":[{"taxonomy":"category","embeddable":true,"href":"https:\/\/www.bellunopress.it\/fr\/wp-json\/wp\/v2\/categories?post=47073"},{"taxonomy":"post_tag","embeddable":true,"href":"https:\/\/www.bellunopress.it\/fr\/wp-json\/wp\/v2\/tags?post=47073"}],"curies":[{"name":"wp","href":"https:\/\/api.w.org\/{rel}","templated":true}]}}