{"id":4707,"date":"2009-06-11T10:50:03","date_gmt":"2009-06-11T09:50:03","guid":{"rendered":"http:\/\/www.bellunopress.it\/?p=4707"},"modified":"2009-06-11T10:51:10","modified_gmt":"2009-06-11T09:51:10","slug":"%e2%80%9cpromemoria%e2%80%9d-di-marco-travaglio-da-tangentopoli-al-lodo-alfano-tutti-gli-uomini-del-cavaliere","status":"publish","type":"post","link":"https:\/\/www.bellunopress.it\/fr\/2009\/06\/11\/%e2%80%9cpromemoria%e2%80%9d-di-marco-travaglio-da-tangentopoli-al-lodo-alfano-tutti-gli-uomini-del-cavaliere\/","title":{"rendered":"\u201cPromemoria\u201d di Marco Travaglio a Trichiana: da Tangentopoli al lodo Alfano, tutti gli uomini del Cavaliere"},"content":{"rendered":"<p><a href=\"http:\/\/www.bellunopress.it\/wp-content\/uploads\/2009\/06\/travaglio-a-trichiana-leggera.jpg\"><img loading=\"lazy\" decoding=\"async\" class=\"alignleft size-medium wp-image-4708\" title=\"travaglio-a-trichiana-leggera\" src=\"http:\/\/www.bellunopress.it\/wp-content\/uploads\/2009\/06\/travaglio-a-trichiana-leggera.jpg\" alt=\"\" width=\"270\" height=\"180\" \/><\/a>Mafia, politica e affari. E\u2019 un \u201cPromemoria\u201d lungo e articolato quello messo in scena ieri sera a Trichiana dal giornalista Marco Travaglio davanti ai 700 spettatori che hanno affollato la palestra comunale per assistere al suo spettacolo. Alternando e fondendo il monologo con interventi sonori e musicali (con lui sul palco c\u2019erano anche due musicisti), Travaglio ha ripercorso le tappe salienti dell\u2019ascesa di un Berlusconi che da \u201cpalazzinaro\u201d e sodale di Bettino Craxi, pluri indagato dalla magistratutra, \u00e8 giunto, complice una politica suicida dei vertici della sinistra, a ritagliarsi un partito media-marketing su misura e a mettersi al sicuro insieme ai suoi affari e amici in grembo alla politica. Nel Berlusconi che con l\u2019amico e senatore Marcello Dell\u2019Utri (condannato a 9 anni in primo grado per concorso esterno in associazione mafiosa) definisce \u201cun eroe\u201d il suo stalliere di Arcore, Vittorio Mangano, pluricondannato per mafia e traffico di eroina, Travaglio nota che il cerchio si chiude, il silenzio di un mafioso che protegge il suo mentore che \u00e8 anche Presidente del consiglio. Da difensore e sostenitore della legalit\u00e0 e dell\u2019operazione \u201cmani pulite\u201d (tanto da offrire a Di Pietro e a Colombo nel suo primo governo due dicasteri rifiutati da entrambi i magistrati), il Cavaliere si \u00e8 trasformato ben presto nelle vesti di grande inquisitore della magistratura, di quelle che qualcuno dei suoi creativi ha battezzato le toghe rosse, cio\u00e8 tutte quelle che lo indagano, e oggi, forte di un consenso francamente incomprensibile se non alla luce di fattori culturali e psicologici che ricordano i nefasti del Ventennio, tenta di scrollarsi di dosso le redini del Parlamento, cio\u00e8 della democrazia. Il dramma \u00e8 che pare ci stia riuscendo, con la complicit\u00e0 dei vertici della sinistra e nonostante una scarsa popolarit\u00e0 internazionale condita da un\u2019interrotta serie di gaffes raccontate in maniera esilarante dal giornalista. Detta cos\u00ec per\u00f2 dice solo quello che si sa ma si finge che tanto \u00e8 lo stesso, bisogna invece sentirla raccontare da Travaglio questa storia di decadenza politica e di inciuci, lui lo fa citando fonti e documenti, con ironia e un buon tocco di amara comicit\u00e0, come si addice a uno spettacolo per chi il prosciutto preferisce averlo nel piatto.<br \/>\nLa serata con Travaglio \u00e8 stata organizzata dal Comune e dalla Proloco in collaborazione con Scoppio Spettacoli nell\u2019ambito della XIX edizione del premio letterario nazionale \u201cTrichiana paese del libro\u201d.<\/p>","protected":false},"excerpt":{"rendered":"<p>Mafia, politica e affari. E\u2019 un \u201cPromemoria\u201d lungo e articolato quello messo in scena ieri sera a Trichiana dal giornalista Marco Travaglio davanti ai 700 spettatori che hanno affollato la palestra comunale per assistere al suo spettacolo. Alternando e fondendo il monologo con interventi sonori e musicali (con lui sul palco c\u2019erano anche due musicisti), [&hellip;]<\/p>\n","protected":false},"author":2,"featured_media":0,"comment_status":"closed","ping_status":"open","sticky":false,"template":"","format":"standard","meta":{"footnotes":""},"categories":[3,5,26],"tags":[139],"class_list":["post-4707","post","type-post","status-publish","format-standard","category-arte-cultura-spettacoli-scienza-archivi","category-cronaca","category-prima-pagina","tag-belluno"],"yoast_head":"<!-- This site is optimized with the Yoast SEO plugin v28.4 - https:\/\/yoast.com\/product\/yoast-seo-wordpress\/ -->\n<title>\u201cPromemoria\u201d di Marco Travaglio a Trichiana: da Tangentopoli al lodo Alfano, tutti gli uomini del Cavaliere - Bellunopress - Dolomiti<\/title>\n<meta name=\"robots\" content=\"index, follow, max-snippet:-1, max-image-preview:large, max-video-preview:-1\" \/>\n<link rel=\"canonical\" href=\"https:\/\/www.bellunopress.it\/fr\/2009\/06\/11\/\u201cpromemoria\u201d-di-marco-travaglio-da-tangentopoli-al-lodo-alfano-tutti-gli-uomini-del-cavaliere\/\" \/>\n<meta property=\"og:locale\" content=\"fr_FR\" \/>\n<meta property=\"og:type\" content=\"article\" \/>\n<meta property=\"og:title\" content=\"\u201cPromemoria\u201d di Marco Travaglio a Trichiana: da Tangentopoli al lodo Alfano, tutti gli uomini del Cavaliere - Bellunopress - Dolomiti\" \/>\n<meta property=\"og:description\" content=\"Mafia, politica e affari. E\u2019 un \u201cPromemoria\u201d lungo e articolato quello messo in scena ieri sera a Trichiana dal giornalista Marco Travaglio davanti ai 700 spettatori che hanno affollato la palestra comunale per assistere al suo spettacolo. Alternando e fondendo il monologo con interventi sonori e musicali (con lui sul palco c\u2019erano anche due musicisti), [&hellip;]\" \/>\n<meta property=\"og:url\" content=\"https:\/\/www.bellunopress.it\/fr\/2009\/06\/11\/\u201cpromemoria\u201d-di-marco-travaglio-da-tangentopoli-al-lodo-alfano-tutti-gli-uomini-del-cavaliere\/\" \/>\n<meta property=\"og:site_name\" content=\"Bellunopress - Dolomiti\" \/>\n<meta property=\"article:publisher\" content=\"https:\/\/www.facebook.com\/profile.php?id=100008943462799\" \/>\n<meta property=\"article:published_time\" content=\"2009-06-11T09:50:03+00:00\" \/>\n<meta property=\"article:modified_time\" content=\"2009-06-11T09:51:10+00:00\" \/>\n<meta property=\"og:image\" content=\"http:\/\/www.bellunopress.it\/wp-content\/uploads\/2009\/06\/travaglio-a-trichiana-leggera.jpg\" \/>\n<meta name=\"author\" content=\"redazione\" \/>\n<meta name=\"twitter:card\" content=\"summary_large_image\" \/>\n<meta name=\"twitter:creator\" content=\"@bellunopress\" \/>\n<meta name=\"twitter:site\" content=\"@bellunopress\" \/>\n<meta name=\"twitter:label1\" content=\"Written by\" \/>\n\t<meta name=\"twitter:data1\" content=\"redazione\" \/>\n\t<meta name=\"twitter:label2\" content=\"Est. reading time\" \/>\n\t<meta name=\"twitter:data2\" content=\"2 minutes\" \/>\n<script type=\"application\/ld+json\" class=\"yoast-schema-graph\">{\"@context\":\"https:\\\/\\\/schema.org\",\"@graph\":[{\"@type\":\"Article\",\"@id\":\"https:\\\/\\\/www.bellunopress.it\\\/2009\\\/06\\\/11\\\/%e2%80%9cpromemoria%e2%80%9d-di-marco-travaglio-da-tangentopoli-al-lodo-alfano-tutti-gli-uomini-del-cavaliere\\\/#article\",\"isPartOf\":{\"@id\":\"https:\\\/\\\/www.bellunopress.it\\\/2009\\\/06\\\/11\\\/%e2%80%9cpromemoria%e2%80%9d-di-marco-travaglio-da-tangentopoli-al-lodo-alfano-tutti-gli-uomini-del-cavaliere\\\/\"},\"author\":{\"name\":\"redazione\",\"@id\":\"https:\\\/\\\/www.bellunopress.it\\\/#\\\/schema\\\/person\\\/79bb06722b37ece1c03d3e94beb30d73\"},\"headline\":\"\u201cPromemoria\u201d di Marco Travaglio a Trichiana: da Tangentopoli al lodo Alfano, tutti gli uomini del Cavaliere\",\"datePublished\":\"2009-06-11T09:50:03+00:00\",\"dateModified\":\"2009-06-11T09:51:10+00:00\",\"mainEntityOfPage\":{\"@id\":\"https:\\\/\\\/www.bellunopress.it\\\/2009\\\/06\\\/11\\\/%e2%80%9cpromemoria%e2%80%9d-di-marco-travaglio-da-tangentopoli-al-lodo-alfano-tutti-gli-uomini-del-cavaliere\\\/\"},\"wordCount\":406,\"publisher\":{\"@id\":\"https:\\\/\\\/www.bellunopress.it\\\/#organization\"},\"image\":{\"@id\":\"https:\\\/\\\/www.bellunopress.it\\\/2009\\\/06\\\/11\\\/%e2%80%9cpromemoria%e2%80%9d-di-marco-travaglio-da-tangentopoli-al-lodo-alfano-tutti-gli-uomini-del-cavaliere\\\/#primaryimage\"},\"thumbnailUrl\":\"http:\\\/\\\/www.bellunopress.it\\\/wp-content\\\/uploads\\\/2009\\\/06\\\/travaglio-a-trichiana-leggera.jpg\",\"keywords\":[\"Belluno\"],\"articleSection\":[\"Arte, Cultura, Spettacoli, Scienza\",\"Cronaca\\\/Politica\",\"Prima Pagina\"],\"inLanguage\":\"fr-FR\"},{\"@type\":\"WebPage\",\"@id\":\"https:\\\/\\\/www.bellunopress.it\\\/2009\\\/06\\\/11\\\/%e2%80%9cpromemoria%e2%80%9d-di-marco-travaglio-da-tangentopoli-al-lodo-alfano-tutti-gli-uomini-del-cavaliere\\\/\",\"url\":\"https:\\\/\\\/www.bellunopress.it\\\/2009\\\/06\\\/11\\\/%e2%80%9cpromemoria%e2%80%9d-di-marco-travaglio-da-tangentopoli-al-lodo-alfano-tutti-gli-uomini-del-cavaliere\\\/\",\"name\":\"\u201cPromemoria\u201d di Marco Travaglio a Trichiana: da Tangentopoli al lodo Alfano, tutti gli uomini del Cavaliere - Bellunopress - Dolomiti\",\"isPartOf\":{\"@id\":\"https:\\\/\\\/www.bellunopress.it\\\/#website\"},\"primaryImageOfPage\":{\"@id\":\"https:\\\/\\\/www.bellunopress.it\\\/2009\\\/06\\\/11\\\/%e2%80%9cpromemoria%e2%80%9d-di-marco-travaglio-da-tangentopoli-al-lodo-alfano-tutti-gli-uomini-del-cavaliere\\\/#primaryimage\"},\"image\":{\"@id\":\"https:\\\/\\\/www.bellunopress.it\\\/2009\\\/06\\\/11\\\/%e2%80%9cpromemoria%e2%80%9d-di-marco-travaglio-da-tangentopoli-al-lodo-alfano-tutti-gli-uomini-del-cavaliere\\\/#primaryimage\"},\"thumbnailUrl\":\"http:\\\/\\\/www.bellunopress.it\\\/wp-content\\\/uploads\\\/2009\\\/06\\\/travaglio-a-trichiana-leggera.jpg\",\"datePublished\":\"2009-06-11T09:50:03+00:00\",\"dateModified\":\"2009-06-11T09:51:10+00:00\",\"breadcrumb\":{\"@id\":\"https:\\\/\\\/www.bellunopress.it\\\/2009\\\/06\\\/11\\\/%e2%80%9cpromemoria%e2%80%9d-di-marco-travaglio-da-tangentopoli-al-lodo-alfano-tutti-gli-uomini-del-cavaliere\\\/#breadcrumb\"},\"inLanguage\":\"fr-FR\",\"potentialAction\":[{\"@type\":\"ReadAction\",\"target\":[\"https:\\\/\\\/www.bellunopress.it\\\/2009\\\/06\\\/11\\\/%e2%80%9cpromemoria%e2%80%9d-di-marco-travaglio-da-tangentopoli-al-lodo-alfano-tutti-gli-uomini-del-cavaliere\\\/\"]}]},{\"@type\":\"ImageObject\",\"inLanguage\":\"fr-FR\",\"@id\":\"https:\\\/\\\/www.bellunopress.it\\\/2009\\\/06\\\/11\\\/%e2%80%9cpromemoria%e2%80%9d-di-marco-travaglio-da-tangentopoli-al-lodo-alfano-tutti-gli-uomini-del-cavaliere\\\/#primaryimage\",\"url\":\"http:\\\/\\\/www.bellunopress.it\\\/wp-content\\\/uploads\\\/2009\\\/06\\\/travaglio-a-trichiana-leggera.jpg\",\"contentUrl\":\"http:\\\/\\\/www.bellunopress.it\\\/wp-content\\\/uploads\\\/2009\\\/06\\\/travaglio-a-trichiana-leggera.jpg\"},{\"@type\":\"BreadcrumbList\",\"@id\":\"https:\\\/\\\/www.bellunopress.it\\\/2009\\\/06\\\/11\\\/%e2%80%9cpromemoria%e2%80%9d-di-marco-travaglio-da-tangentopoli-al-lodo-alfano-tutti-gli-uomini-del-cavaliere\\\/#breadcrumb\",\"itemListElement\":[{\"@type\":\"ListItem\",\"position\":1,\"name\":\"Home\",\"item\":\"https:\\\/\\\/www.bellunopress.it\\\/\"},{\"@type\":\"ListItem\",\"position\":2,\"name\":\"\u201cPromemoria\u201d di Marco Travaglio a Trichiana: da Tangentopoli al lodo Alfano, tutti gli uomini del Cavaliere\"}]},{\"@type\":\"WebSite\",\"@id\":\"https:\\\/\\\/www.bellunopress.it\\\/#website\",\"url\":\"https:\\\/\\\/www.bellunopress.it\\\/\",\"name\":\"Bellunopress - Dolomiti\",\"description\":\"e-mail: redazione@bellunopress.it\",\"publisher\":{\"@id\":\"https:\\\/\\\/www.bellunopress.it\\\/#organization\"},\"potentialAction\":[{\"@type\":\"SearchAction\",\"target\":{\"@type\":\"EntryPoint\",\"urlTemplate\":\"https:\\\/\\\/www.bellunopress.it\\\/?s={search_term_string}\"},\"query-input\":{\"@type\":\"PropertyValueSpecification\",\"valueRequired\":true,\"valueName\":\"search_term_string\"}}],\"inLanguage\":\"fr-FR\"},{\"@type\":\"Organization\",\"@id\":\"https:\\\/\\\/www.bellunopress.it\\\/#organization\",\"name\":\"Bellunopress\",\"url\":\"https:\\\/\\\/www.bellunopress.it\\\/\",\"logo\":{\"@type\":\"ImageObject\",\"inLanguage\":\"fr-FR\",\"@id\":\"https:\\\/\\\/www.bellunopress.it\\\/#\\\/schema\\\/logo\\\/image\\\/\",\"url\":\"https:\\\/\\\/www.bellunopress.it\\\/wp-content\\\/uploads\\\/2011\\\/05\\\/cropped-logo-bellunopress-.jpg\",\"contentUrl\":\"https:\\\/\\\/www.bellunopress.it\\\/wp-content\\\/uploads\\\/2011\\\/05\\\/cropped-logo-bellunopress-.jpg\",\"width\":512,\"height\":512,\"caption\":\"Bellunopress\"},\"image\":{\"@id\":\"https:\\\/\\\/www.bellunopress.it\\\/#\\\/schema\\\/logo\\\/image\\\/\"},\"sameAs\":[\"https:\\\/\\\/www.facebook.com\\\/profile.php?id=100008943462799\",\"https:\\\/\\\/x.com\\\/bellunopress\",\"https:\\\/\\\/www.linkedin.com\\\/hp\\\/?dnr=JBzUWaJfMUw8vbXJJ2tVW5-I3jZKvC4wsoxE&amp;amp;amp;amp;amp;amp;trk=nav_responsive_tab_home\",\"https:\\\/\\\/www.youtube.com\\\/channel\\\/UCxL0wu1uN0_3_7hGG0306cw\"]},{\"@type\":\"Person\",\"@id\":\"https:\\\/\\\/www.bellunopress.it\\\/#\\\/schema\\\/person\\\/79bb06722b37ece1c03d3e94beb30d73\",\"name\":\"redazione\",\"image\":{\"@type\":\"ImageObject\",\"inLanguage\":\"fr-FR\",\"@id\":\"https:\\\/\\\/secure.gravatar.com\\\/avatar\\\/37d968a2e67a6fd04c169c4bdef102d0bc5d31b2546345219e348575eb80e9a0?s=96&d=mm&r=g\",\"url\":\"https:\\\/\\\/secure.gravatar.com\\\/avatar\\\/37d968a2e67a6fd04c169c4bdef102d0bc5d31b2546345219e348575eb80e9a0?s=96&d=mm&r=g\",\"contentUrl\":\"https:\\\/\\\/secure.gravatar.com\\\/avatar\\\/37d968a2e67a6fd04c169c4bdef102d0bc5d31b2546345219e348575eb80e9a0?s=96&d=mm&r=g\",\"caption\":\"redazione\"},\"sameAs\":[\"http:\\\/\\\/www.bellunopress.it\",\"https:\\\/\\\/x.com\\\/bellunopress\"],\"url\":\"https:\\\/\\\/www.bellunopress.it\\\/fr\\\/author\\\/redazione\\\/\"}]}<\/script>\n<!-- \/ Yoast SEO plugin. -->","yoast_head_json":{"title":"\u201cPromemoria\u201d di Marco Travaglio a Trichiana: da Tangentopoli al lodo Alfano, tutti gli uomini del Cavaliere - Bellunopress - Dolomiti","robots":{"index":"index","follow":"follow","max-snippet":"max-snippet:-1","max-image-preview":"max-image-preview:large","max-video-preview":"max-video-preview:-1"},"canonical":"https:\/\/www.bellunopress.it\/fr\/2009\/06\/11\/\u201cpromemoria\u201d-di-marco-travaglio-da-tangentopoli-al-lodo-alfano-tutti-gli-uomini-del-cavaliere\/","og_locale":"fr_FR","og_type":"article","og_title":"\u201cPromemoria\u201d di Marco Travaglio a Trichiana: da Tangentopoli al lodo Alfano, tutti gli uomini del Cavaliere - Bellunopress - Dolomiti","og_description":"Mafia, politica e affari. E\u2019 un \u201cPromemoria\u201d lungo e articolato quello messo in scena ieri sera a Trichiana dal giornalista Marco Travaglio davanti ai 700 spettatori che hanno affollato la palestra comunale per assistere al suo spettacolo. Alternando e fondendo il monologo con interventi sonori e musicali (con lui sul palco c\u2019erano anche due musicisti), [&hellip;]","og_url":"https:\/\/www.bellunopress.it\/fr\/2009\/06\/11\/\u201cpromemoria\u201d-di-marco-travaglio-da-tangentopoli-al-lodo-alfano-tutti-gli-uomini-del-cavaliere\/","og_site_name":"Bellunopress - Dolomiti","article_publisher":"https:\/\/www.facebook.com\/profile.php?id=100008943462799","article_published_time":"2009-06-11T09:50:03+00:00","article_modified_time":"2009-06-11T09:51:10+00:00","og_image":[{"url":"http:\/\/www.bellunopress.it\/wp-content\/uploads\/2009\/06\/travaglio-a-trichiana-leggera.jpg","type":"","width":"","height":""}],"author":"redazione","twitter_card":"summary_large_image","twitter_creator":"@bellunopress","twitter_site":"@bellunopress","twitter_misc":{"Written by":"redazione","Est. reading time":"2 minutes"},"schema":{"@context":"https:\/\/schema.org","@graph":[{"@type":"Article","@id":"https:\/\/www.bellunopress.it\/2009\/06\/11\/%e2%80%9cpromemoria%e2%80%9d-di-marco-travaglio-da-tangentopoli-al-lodo-alfano-tutti-gli-uomini-del-cavaliere\/#article","isPartOf":{"@id":"https:\/\/www.bellunopress.it\/2009\/06\/11\/%e2%80%9cpromemoria%e2%80%9d-di-marco-travaglio-da-tangentopoli-al-lodo-alfano-tutti-gli-uomini-del-cavaliere\/"},"author":{"name":"redazione","@id":"https:\/\/www.bellunopress.it\/#\/schema\/person\/79bb06722b37ece1c03d3e94beb30d73"},"headline":"\u201cPromemoria\u201d di Marco Travaglio a Trichiana: da Tangentopoli al lodo Alfano, tutti gli uomini del Cavaliere","datePublished":"2009-06-11T09:50:03+00:00","dateModified":"2009-06-11T09:51:10+00:00","mainEntityOfPage":{"@id":"https:\/\/www.bellunopress.it\/2009\/06\/11\/%e2%80%9cpromemoria%e2%80%9d-di-marco-travaglio-da-tangentopoli-al-lodo-alfano-tutti-gli-uomini-del-cavaliere\/"},"wordCount":406,"publisher":{"@id":"https:\/\/www.bellunopress.it\/#organization"},"image":{"@id":"https:\/\/www.bellunopress.it\/2009\/06\/11\/%e2%80%9cpromemoria%e2%80%9d-di-marco-travaglio-da-tangentopoli-al-lodo-alfano-tutti-gli-uomini-del-cavaliere\/#primaryimage"},"thumbnailUrl":"http:\/\/www.bellunopress.it\/wp-content\/uploads\/2009\/06\/travaglio-a-trichiana-leggera.jpg","keywords":["Belluno"],"articleSection":["Arte, Cultura, Spettacoli, Scienza","Cronaca\/Politica","Prima Pagina"],"inLanguage":"fr-FR"},{"@type":"WebPage","@id":"https:\/\/www.bellunopress.it\/2009\/06\/11\/%e2%80%9cpromemoria%e2%80%9d-di-marco-travaglio-da-tangentopoli-al-lodo-alfano-tutti-gli-uomini-del-cavaliere\/","url":"https:\/\/www.bellunopress.it\/2009\/06\/11\/%e2%80%9cpromemoria%e2%80%9d-di-marco-travaglio-da-tangentopoli-al-lodo-alfano-tutti-gli-uomini-del-cavaliere\/","name":"\u201cPromemoria\u201d di Marco Travaglio a Trichiana: da Tangentopoli al lodo Alfano, tutti gli uomini del Cavaliere - Bellunopress - Dolomiti","isPartOf":{"@id":"https:\/\/www.bellunopress.it\/#website"},"primaryImageOfPage":{"@id":"https:\/\/www.bellunopress.it\/2009\/06\/11\/%e2%80%9cpromemoria%e2%80%9d-di-marco-travaglio-da-tangentopoli-al-lodo-alfano-tutti-gli-uomini-del-cavaliere\/#primaryimage"},"image":{"@id":"https:\/\/www.bellunopress.it\/2009\/06\/11\/%e2%80%9cpromemoria%e2%80%9d-di-marco-travaglio-da-tangentopoli-al-lodo-alfano-tutti-gli-uomini-del-cavaliere\/#primaryimage"},"thumbnailUrl":"http:\/\/www.bellunopress.it\/wp-content\/uploads\/2009\/06\/travaglio-a-trichiana-leggera.jpg","datePublished":"2009-06-11T09:50:03+00:00","dateModified":"2009-06-11T09:51:10+00:00","breadcrumb":{"@id":"https:\/\/www.bellunopress.it\/2009\/06\/11\/%e2%80%9cpromemoria%e2%80%9d-di-marco-travaglio-da-tangentopoli-al-lodo-alfano-tutti-gli-uomini-del-cavaliere\/#breadcrumb"},"inLanguage":"fr-FR","potentialAction":[{"@type":"ReadAction","target":["https:\/\/www.bellunopress.it\/2009\/06\/11\/%e2%80%9cpromemoria%e2%80%9d-di-marco-travaglio-da-tangentopoli-al-lodo-alfano-tutti-gli-uomini-del-cavaliere\/"]}]},{"@type":"ImageObject","inLanguage":"fr-FR","@id":"https:\/\/www.bellunopress.it\/2009\/06\/11\/%e2%80%9cpromemoria%e2%80%9d-di-marco-travaglio-da-tangentopoli-al-lodo-alfano-tutti-gli-uomini-del-cavaliere\/#primaryimage","url":"http:\/\/www.bellunopress.it\/wp-content\/uploads\/2009\/06\/travaglio-a-trichiana-leggera.jpg","contentUrl":"http:\/\/www.bellunopress.it\/wp-content\/uploads\/2009\/06\/travaglio-a-trichiana-leggera.jpg"},{"@type":"BreadcrumbList","@id":"https:\/\/www.bellunopress.it\/2009\/06\/11\/%e2%80%9cpromemoria%e2%80%9d-di-marco-travaglio-da-tangentopoli-al-lodo-alfano-tutti-gli-uomini-del-cavaliere\/#breadcrumb","itemListElement":[{"@type":"ListItem","position":1,"name":"Home","item":"https:\/\/www.bellunopress.it\/"},{"@type":"ListItem","position":2,"name":"\u201cPromemoria\u201d di Marco Travaglio a Trichiana: da Tangentopoli al lodo Alfano, tutti gli uomini del Cavaliere"}]},{"@type":"WebSite","@id":"https:\/\/www.bellunopress.it\/#website","url":"https:\/\/www.bellunopress.it\/","name":"Bellunopress - Dolomiti","description":"e-mail: redazione@bellunopress.it","publisher":{"@id":"https:\/\/www.bellunopress.it\/#organization"},"potentialAction":[{"@type":"SearchAction","target":{"@type":"EntryPoint","urlTemplate":"https:\/\/www.bellunopress.it\/?s={search_term_string}"},"query-input":{"@type":"PropertyValueSpecification","valueRequired":true,"valueName":"search_term_string"}}],"inLanguage":"fr-FR"},{"@type":"Organization","@id":"https:\/\/www.bellunopress.it\/#organization","name":"Bellunopress","url":"https:\/\/www.bellunopress.it\/","logo":{"@type":"ImageObject","inLanguage":"fr-FR","@id":"https:\/\/www.bellunopress.it\/#\/schema\/logo\/image\/","url":"https:\/\/www.bellunopress.it\/wp-content\/uploads\/2011\/05\/cropped-logo-bellunopress-.jpg","contentUrl":"https:\/\/www.bellunopress.it\/wp-content\/uploads\/2011\/05\/cropped-logo-bellunopress-.jpg","width":512,"height":512,"caption":"Bellunopress"},"image":{"@id":"https:\/\/www.bellunopress.it\/#\/schema\/logo\/image\/"},"sameAs":["https:\/\/www.facebook.com\/profile.php?id=100008943462799","https:\/\/x.com\/bellunopress","https:\/\/www.linkedin.com\/hp\/?dnr=JBzUWaJfMUw8vbXJJ2tVW5-I3jZKvC4wsoxE&amp;amp;amp;amp;amp;amp;trk=nav_responsive_tab_home","https:\/\/www.youtube.com\/channel\/UCxL0wu1uN0_3_7hGG0306cw"]},{"@type":"Person","@id":"https:\/\/www.bellunopress.it\/#\/schema\/person\/79bb06722b37ece1c03d3e94beb30d73","name":"r\u00e9daction","image":{"@type":"ImageObject","inLanguage":"fr-FR","@id":"https:\/\/secure.gravatar.com\/avatar\/37d968a2e67a6fd04c169c4bdef102d0bc5d31b2546345219e348575eb80e9a0?s=96&d=mm&r=g","url":"https:\/\/secure.gravatar.com\/avatar\/37d968a2e67a6fd04c169c4bdef102d0bc5d31b2546345219e348575eb80e9a0?s=96&d=mm&r=g","contentUrl":"https:\/\/secure.gravatar.com\/avatar\/37d968a2e67a6fd04c169c4bdef102d0bc5d31b2546345219e348575eb80e9a0?s=96&d=mm&r=g","caption":"redazione"},"sameAs":["http:\/\/www.bellunopress.it","https:\/\/x.com\/bellunopress"],"url":"https:\/\/www.bellunopress.it\/fr\/author\/redazione\/"}]}},"_links":{"self":[{"href":"https:\/\/www.bellunopress.it\/fr\/wp-json\/wp\/v2\/posts\/4707","targetHints":{"allow":["GET"]}}],"collection":[{"href":"https:\/\/www.bellunopress.it\/fr\/wp-json\/wp\/v2\/posts"}],"about":[{"href":"https:\/\/www.bellunopress.it\/fr\/wp-json\/wp\/v2\/types\/post"}],"author":[{"embeddable":true,"href":"https:\/\/www.bellunopress.it\/fr\/wp-json\/wp\/v2\/users\/2"}],"replies":[{"embeddable":true,"href":"https:\/\/www.bellunopress.it\/fr\/wp-json\/wp\/v2\/comments?post=4707"}],"version-history":[{"count":2,"href":"https:\/\/www.bellunopress.it\/fr\/wp-json\/wp\/v2\/posts\/4707\/revisions"}],"predecessor-version":[{"id":4711,"href":"https:\/\/www.bellunopress.it\/fr\/wp-json\/wp\/v2\/posts\/4707\/revisions\/4711"}],"wp:attachment":[{"href":"https:\/\/www.bellunopress.it\/fr\/wp-json\/wp\/v2\/media?parent=4707"}],"wp:term":[{"taxonomy":"category","embeddable":true,"href":"https:\/\/www.bellunopress.it\/fr\/wp-json\/wp\/v2\/categories?post=4707"},{"taxonomy":"post_tag","embeddable":true,"href":"https:\/\/www.bellunopress.it\/fr\/wp-json\/wp\/v2\/tags?post=4707"}],"curies":[{"name":"wp","href":"https:\/\/api.w.org\/{rel}","templated":true}]}}