{"id":47069,"date":"2013-02-25T15:31:40","date_gmt":"2013-02-25T14:31:40","guid":{"rendered":"http:\/\/www.bellunopress.it\/?p=47069"},"modified":"2013-02-25T15:31:40","modified_gmt":"2013-02-25T14:31:40","slug":"cambio-ai-vertici-della-fondazione-per-luniversita-e-lalta-cultura-rasi-caldogno-stila-il-bilancio-dopo-due-mandati","status":"publish","type":"post","link":"https:\/\/www.bellunopress.it\/fr\/2013\/02\/25\/cambio-ai-vertici-della-fondazione-per-luniversita-e-lalta-cultura-rasi-caldogno-stila-il-bilancio-dopo-due-mandati\/","title":{"rendered":"Cambio ai vertici della Fondazione per l&#8217;Universit\u00e0 e l&#8217;alta Cultura. Rasi Caldogno stila il bilancio dopo due mandati"},"content":{"rendered":"<p><a href=\"http:\/\/www.bellunopress.it\/wp-content\/uploads\/2013\/02\/Adriano-Rasi-Caldogno.jpg\"><img loading=\"lazy\" decoding=\"async\" class=\"alignleft size-full wp-image-47070\" alt=\"Adriano Rasi Caldogno\" src=\"http:\/\/www.bellunopress.it\/wp-content\/uploads\/2013\/02\/Adriano-Rasi-Caldogno.jpg\" width=\"116\" height=\"170\" \/><\/a>Feltre, 25 febbraio 2012 &#8211; Un bilancio risanato e molteplici attivit\u00e0 avviate sono l&#8217;eredit\u00e0 che Adriano Rasi Caldogno lascia al futuro della Fondazione per l&#8217;Universit\u00e0 e l&#8217;Alta Cultura: dopo due mandati e un&#8217;esperienza durata sei anni, il Presidente ha salutato il Consiglio di Amministrazione venerd\u00ec sera anticipando le dimissioni dal vertice dell&#8217;unico organo di coordinamento dell\u2019alta formazione della Provincia.<\/p>\n<p>In questi due mandati, il Presidente uscente ha inoltre promosso e consolidato la relazione e la collaborazione con le principali universit\u00e0 del sistema veneto.<\/p>\n<p>Venerd\u00ec 22, con l&#8217;approvazione all&#8217;unanimit\u00e0 del bilancio 2012, la sua attivit\u00e0 si \u00e8 ufficialmente conclusa e la Vice Presidente Flavia Colle, ha assunto la guida della Fondazione in attesa del rinnovo del Consiglio d\u2019 Amministrazione.<\/p>\n<p>Presidente, per ogni avventura che termina \u00e8 consuetudine &#8220;tirare le somme&#8221;. Da quando ha preso in mano le redini della Fondazione ad oggi cos&#8217;\u00e8 cambiato?<\/p>\n<p>\u201cRitengo che le azioni vadano valutate nel medio\/lungo periodo. Quello che senz&#8217;altro posso affermare \u00e8 che, rispetto alla situazione iniziale, \u00e8 mutato il quadro complessivo della Fondazione. Sei anni fa il bilancio registrava oltre 600mila euro di passivo, esistevano rapporti problematici con IULM e molti mettevano in dubbio il futuro della Fondazione.<\/p>\n<p>Oggi abbiamo approvato un bilancio in attivo, uno stato patrimoniale equilibrato e soprattutto abbiamo stretto sinergie vitali con i maggiori atenei veneti e siamo un punto di riferimento riconosciuto nel settore per la Regione Veneto, gli Enti locali e le Associazioni imprenditoriali provinciali.<\/p>\n<p>Il contesto socio-economico \u00e8 mutato con rapidit\u00e0 in questi anni e la Fondazione ha saputo adeguare la tipologia di offerta alle esigenze dettate dal territorio.<\/p>\n<p>Per entrare nello specifico, posso dire che le attivit\u00e0 che hanno registrato il maggior successo sono state le Summer School, in partnership con Ca&#8217; Foscari e lo IUAV di Venezia, la SSIS, indirizzata alla formazione degli insegnanti, e i diversi Master.<\/p>\n<p>Infine, le attivit\u00e0 in sinergia con la Regione nel segmento della Formazione Superiore che si concretizzeranno nell&#8217;attivazione di un volume ingente di corsi nel 2013\u201d.<\/p>\n<p>Come vede il futuro della Fondazione?<\/p>\n<p>\u201cL&#8217;auspicio \u00e8 che la nuova governance prosegua prestando attenzione alle esigenze del territorio e continuando a credere nel valore di questa Fondazione, pur nei tempi di estrema difficolt\u00e0 che sono sotto gli occhi di tutti\u201d.<\/p>\n<p>Per concludere, su cosa \u00e8 necessario puntare oggi in ambito formativo?<\/p>\n<p>\u201cA mio avviso \u00e8 sempre pi\u00f9 opportuno puntare su tre filoni principali. In primis la formazione post lauream, o diploma, per affinare le capacit\u00e0 e le diverse professionalit\u00e0 in modo da dare una risposta concreta al mercato. In secondo luogo la formazione continua per l&#8217;aggiornamento delle competenze, divenuta di basilare importanza vista la velocit\u00e0 dei cambiamenti e la concorrenzialit\u00e0 sempre pi\u00f9 accesa. Infine, ritengo che sia necessario sviluppare il settore dedicato all&#8217;innovazione e alla ricerca applicata, diventando un ponte tra le potenzialit\u00e0 delle menti e l&#8217;applicazione dei risultati, con ricadute importanti per il territorio\u201d.<\/p>\n<p>&nbsp;<\/p>","protected":false},"excerpt":{"rendered":"<p>Feltre, 25 febbraio 2012 &#8211; Un bilancio risanato e molteplici attivit\u00e0 avviate sono l&#8217;eredit\u00e0 che Adriano Rasi Caldogno lascia al futuro della Fondazione per l&#8217;Universit\u00e0 e l&#8217;Alta Cultura: dopo due mandati e un&#8217;esperienza durata sei anni, il Presidente ha salutato il Consiglio di Amministrazione venerd\u00ec sera anticipando le dimissioni dal vertice dell&#8217;unico organo di coordinamento [&hellip;]<\/p>\n","protected":false},"author":2,"featured_media":0,"comment_status":"closed","ping_status":"open","sticky":false,"template":"","format":"standard","meta":{"footnotes":""},"categories":[3,26],"tags":[],"class_list":["post-47069","post","type-post","status-publish","format-standard","category-arte-cultura-spettacoli-scienza-archivi","category-prima-pagina"],"yoast_head":"<!-- This site is optimized with the Yoast SEO plugin v28.4 - https:\/\/yoast.com\/product\/yoast-seo-wordpress\/ -->\n<title>Cambio ai vertici della Fondazione per l&#039;Universit\u00e0 e l&#039;alta Cultura. Rasi Caldogno stila il bilancio dopo due mandati - Bellunopress - Dolomiti<\/title>\n<meta name=\"robots\" content=\"index, follow, max-snippet:-1, max-image-preview:large, max-video-preview:-1\" \/>\n<link rel=\"canonical\" href=\"https:\/\/www.bellunopress.it\/fr\/2013\/02\/25\/cambio-ai-vertici-della-fondazione-per-luniversita-e-lalta-cultura-rasi-caldogno-stila-il-bilancio-dopo-due-mandati\/\" \/>\n<meta property=\"og:locale\" content=\"fr_FR\" \/>\n<meta property=\"og:type\" content=\"article\" \/>\n<meta property=\"og:title\" content=\"Cambio ai vertici della Fondazione per l&#039;Universit\u00e0 e l&#039;alta Cultura. Rasi Caldogno stila il bilancio dopo due mandati - Bellunopress - Dolomiti\" \/>\n<meta property=\"og:description\" content=\"Feltre, 25 febbraio 2012 &#8211; Un bilancio risanato e molteplici attivit\u00e0 avviate sono l&#8217;eredit\u00e0 che Adriano Rasi Caldogno lascia al futuro della Fondazione per l&#8217;Universit\u00e0 e l&#8217;Alta Cultura: dopo due mandati e un&#8217;esperienza durata sei anni, il Presidente ha salutato il Consiglio di Amministrazione venerd\u00ec sera anticipando le dimissioni dal vertice dell&#8217;unico organo di coordinamento [&hellip;]\" \/>\n<meta property=\"og:url\" content=\"https:\/\/www.bellunopress.it\/fr\/2013\/02\/25\/cambio-ai-vertici-della-fondazione-per-luniversita-e-lalta-cultura-rasi-caldogno-stila-il-bilancio-dopo-due-mandati\/\" \/>\n<meta property=\"og:site_name\" content=\"Bellunopress - Dolomiti\" \/>\n<meta property=\"article:publisher\" content=\"https:\/\/www.facebook.com\/profile.php?id=100008943462799\" \/>\n<meta property=\"article:published_time\" content=\"2013-02-25T14:31:40+00:00\" \/>\n<meta property=\"og:image\" content=\"http:\/\/www.bellunopress.it\/wp-content\/uploads\/2013\/02\/Adriano-Rasi-Caldogno.jpg\" \/>\n<meta name=\"author\" content=\"redazione\" \/>\n<meta name=\"twitter:card\" content=\"summary_large_image\" \/>\n<meta name=\"twitter:creator\" content=\"@bellunopress\" \/>\n<meta name=\"twitter:site\" content=\"@bellunopress\" \/>\n<meta name=\"twitter:label1\" content=\"Written by\" \/>\n\t<meta name=\"twitter:data1\" content=\"redazione\" \/>\n\t<meta name=\"twitter:label2\" content=\"Est. reading time\" \/>\n\t<meta name=\"twitter:data2\" content=\"2 minutes\" \/>\n<script type=\"application\/ld+json\" class=\"yoast-schema-graph\">{\"@context\":\"https:\\\/\\\/schema.org\",\"@graph\":[{\"@type\":\"Article\",\"@id\":\"https:\\\/\\\/www.bellunopress.it\\\/2013\\\/02\\\/25\\\/cambio-ai-vertici-della-fondazione-per-luniversita-e-lalta-cultura-rasi-caldogno-stila-il-bilancio-dopo-due-mandati\\\/#article\",\"isPartOf\":{\"@id\":\"https:\\\/\\\/www.bellunopress.it\\\/2013\\\/02\\\/25\\\/cambio-ai-vertici-della-fondazione-per-luniversita-e-lalta-cultura-rasi-caldogno-stila-il-bilancio-dopo-due-mandati\\\/\"},\"author\":{\"name\":\"redazione\",\"@id\":\"https:\\\/\\\/www.bellunopress.it\\\/#\\\/schema\\\/person\\\/79bb06722b37ece1c03d3e94beb30d73\"},\"headline\":\"Cambio ai vertici della Fondazione per l&#8217;Universit\u00e0 e l&#8217;alta Cultura. Rasi Caldogno stila il bilancio dopo due mandati\",\"datePublished\":\"2013-02-25T14:31:40+00:00\",\"mainEntityOfPage\":{\"@id\":\"https:\\\/\\\/www.bellunopress.it\\\/2013\\\/02\\\/25\\\/cambio-ai-vertici-della-fondazione-per-luniversita-e-lalta-cultura-rasi-caldogno-stila-il-bilancio-dopo-due-mandati\\\/\"},\"wordCount\":498,\"publisher\":{\"@id\":\"https:\\\/\\\/www.bellunopress.it\\\/#organization\"},\"image\":{\"@id\":\"https:\\\/\\\/www.bellunopress.it\\\/2013\\\/02\\\/25\\\/cambio-ai-vertici-della-fondazione-per-luniversita-e-lalta-cultura-rasi-caldogno-stila-il-bilancio-dopo-due-mandati\\\/#primaryimage\"},\"thumbnailUrl\":\"http:\\\/\\\/www.bellunopress.it\\\/wp-content\\\/uploads\\\/2013\\\/02\\\/Adriano-Rasi-Caldogno.jpg\",\"articleSection\":[\"Arte, Cultura, Spettacoli, Scienza\",\"Prima Pagina\"],\"inLanguage\":\"fr-FR\"},{\"@type\":\"WebPage\",\"@id\":\"https:\\\/\\\/www.bellunopress.it\\\/2013\\\/02\\\/25\\\/cambio-ai-vertici-della-fondazione-per-luniversita-e-lalta-cultura-rasi-caldogno-stila-il-bilancio-dopo-due-mandati\\\/\",\"url\":\"https:\\\/\\\/www.bellunopress.it\\\/2013\\\/02\\\/25\\\/cambio-ai-vertici-della-fondazione-per-luniversita-e-lalta-cultura-rasi-caldogno-stila-il-bilancio-dopo-due-mandati\\\/\",\"name\":\"Cambio ai vertici della Fondazione per l'Universit\u00e0 e l'alta Cultura. Rasi Caldogno stila il bilancio dopo due mandati - Bellunopress - Dolomiti\",\"isPartOf\":{\"@id\":\"https:\\\/\\\/www.bellunopress.it\\\/#website\"},\"primaryImageOfPage\":{\"@id\":\"https:\\\/\\\/www.bellunopress.it\\\/2013\\\/02\\\/25\\\/cambio-ai-vertici-della-fondazione-per-luniversita-e-lalta-cultura-rasi-caldogno-stila-il-bilancio-dopo-due-mandati\\\/#primaryimage\"},\"image\":{\"@id\":\"https:\\\/\\\/www.bellunopress.it\\\/2013\\\/02\\\/25\\\/cambio-ai-vertici-della-fondazione-per-luniversita-e-lalta-cultura-rasi-caldogno-stila-il-bilancio-dopo-due-mandati\\\/#primaryimage\"},\"thumbnailUrl\":\"http:\\\/\\\/www.bellunopress.it\\\/wp-content\\\/uploads\\\/2013\\\/02\\\/Adriano-Rasi-Caldogno.jpg\",\"datePublished\":\"2013-02-25T14:31:40+00:00\",\"breadcrumb\":{\"@id\":\"https:\\\/\\\/www.bellunopress.it\\\/2013\\\/02\\\/25\\\/cambio-ai-vertici-della-fondazione-per-luniversita-e-lalta-cultura-rasi-caldogno-stila-il-bilancio-dopo-due-mandati\\\/#breadcrumb\"},\"inLanguage\":\"fr-FR\",\"potentialAction\":[{\"@type\":\"ReadAction\",\"target\":[\"https:\\\/\\\/www.bellunopress.it\\\/2013\\\/02\\\/25\\\/cambio-ai-vertici-della-fondazione-per-luniversita-e-lalta-cultura-rasi-caldogno-stila-il-bilancio-dopo-due-mandati\\\/\"]}]},{\"@type\":\"ImageObject\",\"inLanguage\":\"fr-FR\",\"@id\":\"https:\\\/\\\/www.bellunopress.it\\\/2013\\\/02\\\/25\\\/cambio-ai-vertici-della-fondazione-per-luniversita-e-lalta-cultura-rasi-caldogno-stila-il-bilancio-dopo-due-mandati\\\/#primaryimage\",\"url\":\"http:\\\/\\\/www.bellunopress.it\\\/wp-content\\\/uploads\\\/2013\\\/02\\\/Adriano-Rasi-Caldogno.jpg\",\"contentUrl\":\"http:\\\/\\\/www.bellunopress.it\\\/wp-content\\\/uploads\\\/2013\\\/02\\\/Adriano-Rasi-Caldogno.jpg\"},{\"@type\":\"BreadcrumbList\",\"@id\":\"https:\\\/\\\/www.bellunopress.it\\\/2013\\\/02\\\/25\\\/cambio-ai-vertici-della-fondazione-per-luniversita-e-lalta-cultura-rasi-caldogno-stila-il-bilancio-dopo-due-mandati\\\/#breadcrumb\",\"itemListElement\":[{\"@type\":\"ListItem\",\"position\":1,\"name\":\"Home\",\"item\":\"https:\\\/\\\/www.bellunopress.it\\\/\"},{\"@type\":\"ListItem\",\"position\":2,\"name\":\"Cambio ai vertici della Fondazione per l&#8217;Universit\u00e0 e l&#8217;alta Cultura. Rasi Caldogno stila il bilancio dopo due mandati\"}]},{\"@type\":\"WebSite\",\"@id\":\"https:\\\/\\\/www.bellunopress.it\\\/#website\",\"url\":\"https:\\\/\\\/www.bellunopress.it\\\/\",\"name\":\"Bellunopress - Dolomiti\",\"description\":\"e-mail: redazione@bellunopress.it\",\"publisher\":{\"@id\":\"https:\\\/\\\/www.bellunopress.it\\\/#organization\"},\"potentialAction\":[{\"@type\":\"SearchAction\",\"target\":{\"@type\":\"EntryPoint\",\"urlTemplate\":\"https:\\\/\\\/www.bellunopress.it\\\/?s={search_term_string}\"},\"query-input\":{\"@type\":\"PropertyValueSpecification\",\"valueRequired\":true,\"valueName\":\"search_term_string\"}}],\"inLanguage\":\"fr-FR\"},{\"@type\":\"Organization\",\"@id\":\"https:\\\/\\\/www.bellunopress.it\\\/#organization\",\"name\":\"Bellunopress\",\"url\":\"https:\\\/\\\/www.bellunopress.it\\\/\",\"logo\":{\"@type\":\"ImageObject\",\"inLanguage\":\"fr-FR\",\"@id\":\"https:\\\/\\\/www.bellunopress.it\\\/#\\\/schema\\\/logo\\\/image\\\/\",\"url\":\"https:\\\/\\\/www.bellunopress.it\\\/wp-content\\\/uploads\\\/2011\\\/05\\\/cropped-logo-bellunopress-.jpg\",\"contentUrl\":\"https:\\\/\\\/www.bellunopress.it\\\/wp-content\\\/uploads\\\/2011\\\/05\\\/cropped-logo-bellunopress-.jpg\",\"width\":512,\"height\":512,\"caption\":\"Bellunopress\"},\"image\":{\"@id\":\"https:\\\/\\\/www.bellunopress.it\\\/#\\\/schema\\\/logo\\\/image\\\/\"},\"sameAs\":[\"https:\\\/\\\/www.facebook.com\\\/profile.php?id=100008943462799\",\"https:\\\/\\\/x.com\\\/bellunopress\",\"https:\\\/\\\/www.linkedin.com\\\/hp\\\/?dnr=JBzUWaJfMUw8vbXJJ2tVW5-I3jZKvC4wsoxE&amp;amp;amp;amp;amp;amp;trk=nav_responsive_tab_home\",\"https:\\\/\\\/www.youtube.com\\\/channel\\\/UCxL0wu1uN0_3_7hGG0306cw\"]},{\"@type\":\"Person\",\"@id\":\"https:\\\/\\\/www.bellunopress.it\\\/#\\\/schema\\\/person\\\/79bb06722b37ece1c03d3e94beb30d73\",\"name\":\"redazione\",\"image\":{\"@type\":\"ImageObject\",\"inLanguage\":\"fr-FR\",\"@id\":\"https:\\\/\\\/secure.gravatar.com\\\/avatar\\\/37d968a2e67a6fd04c169c4bdef102d0bc5d31b2546345219e348575eb80e9a0?s=96&d=mm&r=g\",\"url\":\"https:\\\/\\\/secure.gravatar.com\\\/avatar\\\/37d968a2e67a6fd04c169c4bdef102d0bc5d31b2546345219e348575eb80e9a0?s=96&d=mm&r=g\",\"contentUrl\":\"https:\\\/\\\/secure.gravatar.com\\\/avatar\\\/37d968a2e67a6fd04c169c4bdef102d0bc5d31b2546345219e348575eb80e9a0?s=96&d=mm&r=g\",\"caption\":\"redazione\"},\"sameAs\":[\"http:\\\/\\\/www.bellunopress.it\",\"https:\\\/\\\/x.com\\\/bellunopress\"],\"url\":\"https:\\\/\\\/www.bellunopress.it\\\/fr\\\/author\\\/redazione\\\/\"}]}<\/script>\n<!-- \/ Yoast SEO plugin. -->","yoast_head_json":{"title":"Cambio ai vertici della Fondazione per l'Universit\u00e0 e l'alta Cultura. Rasi Caldogno stila il bilancio dopo due mandati - Bellunopress - Dolomiti","robots":{"index":"index","follow":"follow","max-snippet":"max-snippet:-1","max-image-preview":"max-image-preview:large","max-video-preview":"max-video-preview:-1"},"canonical":"https:\/\/www.bellunopress.it\/fr\/2013\/02\/25\/cambio-ai-vertici-della-fondazione-per-luniversita-e-lalta-cultura-rasi-caldogno-stila-il-bilancio-dopo-due-mandati\/","og_locale":"fr_FR","og_type":"article","og_title":"Cambio ai vertici della Fondazione per l'Universit\u00e0 e l'alta Cultura. Rasi Caldogno stila il bilancio dopo due mandati - Bellunopress - Dolomiti","og_description":"Feltre, 25 febbraio 2012 &#8211; Un bilancio risanato e molteplici attivit\u00e0 avviate sono l&#8217;eredit\u00e0 che Adriano Rasi Caldogno lascia al futuro della Fondazione per l&#8217;Universit\u00e0 e l&#8217;Alta Cultura: dopo due mandati e un&#8217;esperienza durata sei anni, il Presidente ha salutato il Consiglio di Amministrazione venerd\u00ec sera anticipando le dimissioni dal vertice dell&#8217;unico organo di coordinamento [&hellip;]","og_url":"https:\/\/www.bellunopress.it\/fr\/2013\/02\/25\/cambio-ai-vertici-della-fondazione-per-luniversita-e-lalta-cultura-rasi-caldogno-stila-il-bilancio-dopo-due-mandati\/","og_site_name":"Bellunopress - Dolomiti","article_publisher":"https:\/\/www.facebook.com\/profile.php?id=100008943462799","article_published_time":"2013-02-25T14:31:40+00:00","og_image":[{"url":"http:\/\/www.bellunopress.it\/wp-content\/uploads\/2013\/02\/Adriano-Rasi-Caldogno.jpg","type":"","width":"","height":""}],"author":"redazione","twitter_card":"summary_large_image","twitter_creator":"@bellunopress","twitter_site":"@bellunopress","twitter_misc":{"Written by":"redazione","Est. reading time":"2 minutes"},"schema":{"@context":"https:\/\/schema.org","@graph":[{"@type":"Article","@id":"https:\/\/www.bellunopress.it\/2013\/02\/25\/cambio-ai-vertici-della-fondazione-per-luniversita-e-lalta-cultura-rasi-caldogno-stila-il-bilancio-dopo-due-mandati\/#article","isPartOf":{"@id":"https:\/\/www.bellunopress.it\/2013\/02\/25\/cambio-ai-vertici-della-fondazione-per-luniversita-e-lalta-cultura-rasi-caldogno-stila-il-bilancio-dopo-due-mandati\/"},"author":{"name":"redazione","@id":"https:\/\/www.bellunopress.it\/#\/schema\/person\/79bb06722b37ece1c03d3e94beb30d73"},"headline":"Cambio ai vertici della Fondazione per l&#8217;Universit\u00e0 e l&#8217;alta Cultura. Rasi Caldogno stila il bilancio dopo due mandati","datePublished":"2013-02-25T14:31:40+00:00","mainEntityOfPage":{"@id":"https:\/\/www.bellunopress.it\/2013\/02\/25\/cambio-ai-vertici-della-fondazione-per-luniversita-e-lalta-cultura-rasi-caldogno-stila-il-bilancio-dopo-due-mandati\/"},"wordCount":498,"publisher":{"@id":"https:\/\/www.bellunopress.it\/#organization"},"image":{"@id":"https:\/\/www.bellunopress.it\/2013\/02\/25\/cambio-ai-vertici-della-fondazione-per-luniversita-e-lalta-cultura-rasi-caldogno-stila-il-bilancio-dopo-due-mandati\/#primaryimage"},"thumbnailUrl":"http:\/\/www.bellunopress.it\/wp-content\/uploads\/2013\/02\/Adriano-Rasi-Caldogno.jpg","articleSection":["Arte, Cultura, Spettacoli, Scienza","Prima Pagina"],"inLanguage":"fr-FR"},{"@type":"WebPage","@id":"https:\/\/www.bellunopress.it\/2013\/02\/25\/cambio-ai-vertici-della-fondazione-per-luniversita-e-lalta-cultura-rasi-caldogno-stila-il-bilancio-dopo-due-mandati\/","url":"https:\/\/www.bellunopress.it\/2013\/02\/25\/cambio-ai-vertici-della-fondazione-per-luniversita-e-lalta-cultura-rasi-caldogno-stila-il-bilancio-dopo-due-mandati\/","name":"Cambio ai vertici della Fondazione per l'Universit\u00e0 e l'alta Cultura. Rasi Caldogno stila il bilancio dopo due mandati - Bellunopress - Dolomiti","isPartOf":{"@id":"https:\/\/www.bellunopress.it\/#website"},"primaryImageOfPage":{"@id":"https:\/\/www.bellunopress.it\/2013\/02\/25\/cambio-ai-vertici-della-fondazione-per-luniversita-e-lalta-cultura-rasi-caldogno-stila-il-bilancio-dopo-due-mandati\/#primaryimage"},"image":{"@id":"https:\/\/www.bellunopress.it\/2013\/02\/25\/cambio-ai-vertici-della-fondazione-per-luniversita-e-lalta-cultura-rasi-caldogno-stila-il-bilancio-dopo-due-mandati\/#primaryimage"},"thumbnailUrl":"http:\/\/www.bellunopress.it\/wp-content\/uploads\/2013\/02\/Adriano-Rasi-Caldogno.jpg","datePublished":"2013-02-25T14:31:40+00:00","breadcrumb":{"@id":"https:\/\/www.bellunopress.it\/2013\/02\/25\/cambio-ai-vertici-della-fondazione-per-luniversita-e-lalta-cultura-rasi-caldogno-stila-il-bilancio-dopo-due-mandati\/#breadcrumb"},"inLanguage":"fr-FR","potentialAction":[{"@type":"ReadAction","target":["https:\/\/www.bellunopress.it\/2013\/02\/25\/cambio-ai-vertici-della-fondazione-per-luniversita-e-lalta-cultura-rasi-caldogno-stila-il-bilancio-dopo-due-mandati\/"]}]},{"@type":"ImageObject","inLanguage":"fr-FR","@id":"https:\/\/www.bellunopress.it\/2013\/02\/25\/cambio-ai-vertici-della-fondazione-per-luniversita-e-lalta-cultura-rasi-caldogno-stila-il-bilancio-dopo-due-mandati\/#primaryimage","url":"http:\/\/www.bellunopress.it\/wp-content\/uploads\/2013\/02\/Adriano-Rasi-Caldogno.jpg","contentUrl":"http:\/\/www.bellunopress.it\/wp-content\/uploads\/2013\/02\/Adriano-Rasi-Caldogno.jpg"},{"@type":"BreadcrumbList","@id":"https:\/\/www.bellunopress.it\/2013\/02\/25\/cambio-ai-vertici-della-fondazione-per-luniversita-e-lalta-cultura-rasi-caldogno-stila-il-bilancio-dopo-due-mandati\/#breadcrumb","itemListElement":[{"@type":"ListItem","position":1,"name":"Home","item":"https:\/\/www.bellunopress.it\/"},{"@type":"ListItem","position":2,"name":"Cambio ai vertici della Fondazione per l&#8217;Universit\u00e0 e l&#8217;alta Cultura. Rasi Caldogno stila il bilancio dopo due mandati"}]},{"@type":"WebSite","@id":"https:\/\/www.bellunopress.it\/#website","url":"https:\/\/www.bellunopress.it\/","name":"Bellunopress - Dolomiti","description":"e-mail: redazione@bellunopress.it","publisher":{"@id":"https:\/\/www.bellunopress.it\/#organization"},"potentialAction":[{"@type":"SearchAction","target":{"@type":"EntryPoint","urlTemplate":"https:\/\/www.bellunopress.it\/?s={search_term_string}"},"query-input":{"@type":"PropertyValueSpecification","valueRequired":true,"valueName":"search_term_string"}}],"inLanguage":"fr-FR"},{"@type":"Organization","@id":"https:\/\/www.bellunopress.it\/#organization","name":"Bellunopress","url":"https:\/\/www.bellunopress.it\/","logo":{"@type":"ImageObject","inLanguage":"fr-FR","@id":"https:\/\/www.bellunopress.it\/#\/schema\/logo\/image\/","url":"https:\/\/www.bellunopress.it\/wp-content\/uploads\/2011\/05\/cropped-logo-bellunopress-.jpg","contentUrl":"https:\/\/www.bellunopress.it\/wp-content\/uploads\/2011\/05\/cropped-logo-bellunopress-.jpg","width":512,"height":512,"caption":"Bellunopress"},"image":{"@id":"https:\/\/www.bellunopress.it\/#\/schema\/logo\/image\/"},"sameAs":["https:\/\/www.facebook.com\/profile.php?id=100008943462799","https:\/\/x.com\/bellunopress","https:\/\/www.linkedin.com\/hp\/?dnr=JBzUWaJfMUw8vbXJJ2tVW5-I3jZKvC4wsoxE&amp;amp;amp;amp;amp;amp;trk=nav_responsive_tab_home","https:\/\/www.youtube.com\/channel\/UCxL0wu1uN0_3_7hGG0306cw"]},{"@type":"Person","@id":"https:\/\/www.bellunopress.it\/#\/schema\/person\/79bb06722b37ece1c03d3e94beb30d73","name":"r\u00e9daction","image":{"@type":"ImageObject","inLanguage":"fr-FR","@id":"https:\/\/secure.gravatar.com\/avatar\/37d968a2e67a6fd04c169c4bdef102d0bc5d31b2546345219e348575eb80e9a0?s=96&d=mm&r=g","url":"https:\/\/secure.gravatar.com\/avatar\/37d968a2e67a6fd04c169c4bdef102d0bc5d31b2546345219e348575eb80e9a0?s=96&d=mm&r=g","contentUrl":"https:\/\/secure.gravatar.com\/avatar\/37d968a2e67a6fd04c169c4bdef102d0bc5d31b2546345219e348575eb80e9a0?s=96&d=mm&r=g","caption":"redazione"},"sameAs":["http:\/\/www.bellunopress.it","https:\/\/x.com\/bellunopress"],"url":"https:\/\/www.bellunopress.it\/fr\/author\/redazione\/"}]}},"_links":{"self":[{"href":"https:\/\/www.bellunopress.it\/fr\/wp-json\/wp\/v2\/posts\/47069","targetHints":{"allow":["GET"]}}],"collection":[{"href":"https:\/\/www.bellunopress.it\/fr\/wp-json\/wp\/v2\/posts"}],"about":[{"href":"https:\/\/www.bellunopress.it\/fr\/wp-json\/wp\/v2\/types\/post"}],"author":[{"embeddable":true,"href":"https:\/\/www.bellunopress.it\/fr\/wp-json\/wp\/v2\/users\/2"}],"replies":[{"embeddable":true,"href":"https:\/\/www.bellunopress.it\/fr\/wp-json\/wp\/v2\/comments?post=47069"}],"version-history":[{"count":2,"href":"https:\/\/www.bellunopress.it\/fr\/wp-json\/wp\/v2\/posts\/47069\/revisions"}],"predecessor-version":[{"id":47072,"href":"https:\/\/www.bellunopress.it\/fr\/wp-json\/wp\/v2\/posts\/47069\/revisions\/47072"}],"wp:attachment":[{"href":"https:\/\/www.bellunopress.it\/fr\/wp-json\/wp\/v2\/media?parent=47069"}],"wp:term":[{"taxonomy":"category","embeddable":true,"href":"https:\/\/www.bellunopress.it\/fr\/wp-json\/wp\/v2\/categories?post=47069"},{"taxonomy":"post_tag","embeddable":true,"href":"https:\/\/www.bellunopress.it\/fr\/wp-json\/wp\/v2\/tags?post=47069"}],"curies":[{"name":"wp","href":"https:\/\/api.w.org\/{rel}","templated":true}]}}