{"id":47065,"date":"2013-02-25T08:11:22","date_gmt":"2013-02-25T07:11:22","guid":{"rendered":"http:\/\/www.bellunopress.it\/?p=47065"},"modified":"2013-02-25T15:58:26","modified_gmt":"2013-02-25T14:58:26","slug":"damiano-lenzi-e-michele-boscacci-vincono-la-30ma-edizione-della-transcavallo-in-campo-femminile-laura-besseghini-e-raffaella-rossi-salgono-su-gradino-piu-alto-del-podio","status":"publish","type":"post","link":"https:\/\/www.bellunopress.it\/fr\/2013\/02\/25\/damiano-lenzi-e-michele-boscacci-vincono-la-30ma-edizione-della-transcavallo-in-campo-femminile-laura-besseghini-e-raffaella-rossi-salgono-su-gradino-piu-alto-del-podio\/","title":{"rendered":"Damiano Lenzi e Michele Boscacci vincono la 30ma edizione della Transcavallo. In campo femminile Laura Besseghini e Raffaella Rossi salgono su gradino pi\u00f9 alto del podio"},"content":{"rendered":"<p><a href=\"http:\/\/www.bellunopress.it\/wp-content\/uploads\/2013\/02\/transcavallo-1.jpg\"><img loading=\"lazy\" decoding=\"async\" class=\"alignleft size-full wp-image-47005\" alt=\"transcavallo 1\" src=\"http:\/\/www.bellunopress.it\/wp-content\/uploads\/2013\/02\/transcavallo-1.jpg\" width=\"263\" height=\"290\" \/><\/a>\u00abNon siamo calciatori, siamo scialpinisti, quindi le nevicate o il brutto tempo non ci spaventano!\u00bb Queste le prime parole di Damiano Lenzi al microfono di Paolo Mutton appena dopo aver tagliato il traguardo. Una battuta chiara e concisa per riassumere quello che si \u00e8 vissuto durante la seconda tappa della Transcavallo. Una fitta nevicata ha accompagnato gli atleti durante tutto lo svolgimento della gara. Circa trenta centimetri di neve fresca caduta nella notte hanno costretto i responsabili del percorso a fare gli straordinari. Il Comitato Organizzatore coordinato da Diego Svaluz, gi\u00e0 nel primo pomeriggio di sabato, in base alle previsioni meteo, aveva deciso che la gara di domenica si sarebbe disputata lungo un percorso di riserva. Un circuito tecnico e impegnativo di 900 metri di dislivello positivo da ripetere due volte, per un totale quindi di 1800 metri diluiti in sei salite.<\/p>\n<p>Nella prima salita i due azzurri sono rimasti a guardare lasciando che i diretti inseguitori scoprissero le carte, infatti \u00e8 stato il friulano Tadei Pivk ha tirare il gruppo verso Cima Vacche. Il primo giro \u00e8 servito per prendere le giuste misure e scaldare i motori anche se molte squadre hanno corso a ritmi elevati. Durante la seconda tornata, Lenzi e Boscacci hanno aperto il gas riprendendo la prima posizione, sulle loro code Tadei Pivk e poco pi\u00f9 staccato Ivo Zulian. Alessandro Follador e Filippo Beccari in terza posizione hanno provato a ritornare sulle scie di Zulian-Pivk.<\/p>\n<p>Lenzi e Boscacci tagliano il traguardo in 1:39\u201948, in seconda posizione arrivano a sorpresa Alessandro Follador e Filippo Beccari. Pivk e Zulian arrivano a Col Indes terzi. Nella classifica di giornata definitiva Follador e Beccari vengono retrocessi in terza posizione con un minuto di penalit\u00e0 per un cambio d\u2019assetto appena fuori dall\u2019area prestabilita.<\/p>\n<p>Per quanto riguarda la classifica finale, Boscacci e Lenzi vincono la Transcavallo in 3:28\u201925, Zulian e Pivk sono secondi con 3:33\u201953. La squadra di Follador-Beccari vede sfumare le possibilit\u00e0 di salire sul secondo gradino del podio a causa della penalit\u00e0 e sono terzi con un tempo totale di 3:34\u201938.<\/p>\n<p>In campo femminile Laura Besseghini e Raffaella Rossi bissano il successo della prima tappa e si aggiudicano la Transcavallo davanti a Nadia Scola e Birgit Stuffer. Martina Valmassoi ed Elisa Compagnoni stringendo i denti e battagliando sino alla fine conquistano un bellissimo terzo posto.<\/p>\n<p>La classifica riservata ai Master ha visto la vittoria di Paolo Roccon in coppia con Ferruccio Soppelsa.<\/p>\n<p>Il Campionato veneto \u00e8 andato alla squadra formata da Olves Savaris e da Federico Pat dello sci club Valdobbiadene, mentre la seconda posizione \u00e8 stata conquista da Michele Festini Purlan in coppia a Enrico Frescura. Nicola Calzolari e Andrea Protti completano il podio.<\/p>\n<p>La seconda tappa della trentesima edizione della Transcavallo era valida come prova di Coppa Italia &#8211; Trofeo Scarpa riservato alle categorie giovanili.<\/p>\n<p>Nella categoria Junior maschile \u00e8 stato l\u2019azzurro dello sci club Corrado Gex, Nadir Maguet, a vincere con il tempo 54\u201908. In seconda posizione si \u00e8 classificato Gianluca Vanzetta davanti a Stefano Stradelli.<\/p>\n<p>L\u2019azzurra Alba De Silvestro vince con il tempo di 57\u201917 la categoria Junior, Natalia Mastrota e Martina Da Rin Zanco sono rispettivamente seconda e terza.<\/p>\n<p>Nella gara Cadetti Femminile \u00e8 la bellunese Laura Corazza a vincere su Melanie Ploner e Giorgia Dalla Zanna. L\u2019atleta del Dolomiti ski-alp ha chiuso la propria gara con il tempo di 1:10\u201947.<\/p>\n<p>Nella categoria cadetti \u00e8 l\u2019atleta del Brenta Team Gabriele Leonardi con il tempo di 52\u201903 a dominare davanti a Erik Pettavino e David Frena.<\/p>\n<p>Per i titoli giovani della FISI Veneto, oltre alla De Silvestro nelle junior e la Corazza nelle cadette, si impone tra gli junior maschi Matteo De Min anche lui dello SC Dolomiti Ski-Alp come le due ragazze ed Enrico Loss dello SC Valdobbiadene nei cadetti maschi.<\/p>\n<p>Ottima la riuscita di questa prima due giorni a tappe che decreta il successo del vero scialpinismo, disputato in un\u2019ambiente straordinario come straordinari sono stati tutti i volontari e gruppi che hanno consentito la perfetta riuscita dell\u2019evento bellunese.<\/p>\n<p>La formula verr\u00e0 sicuramente riproposta il prossimo anno e il comitato organizzatore \u00e8 sicuro che diventer\u00e0 una classica a tappe dello scialpinismo italiano.<\/p>","protected":false},"excerpt":{"rendered":"<p>\u00abNon siamo calciatori, siamo scialpinisti, quindi le nevicate o il brutto tempo non ci spaventano!\u00bb Queste le prime parole di Damiano Lenzi al microfono di Paolo Mutton appena dopo aver tagliato il traguardo. Una battuta chiara e concisa per riassumere quello che si \u00e8 vissuto durante la seconda tappa della Transcavallo. Una fitta nevicata ha [&hellip;]<\/p>\n","protected":false},"author":2,"featured_media":0,"comment_status":"closed","ping_status":"open","sticky":false,"template":"","format":"standard","meta":{"footnotes":""},"categories":[26,4],"tags":[],"class_list":["post-47065","post","type-post","status-publish","format-standard","category-prima-pagina","category-sport"],"yoast_head":"<!-- This site is optimized with the Yoast SEO plugin v28.4 - https:\/\/yoast.com\/product\/yoast-seo-wordpress\/ -->\n<title>Damiano Lenzi e Michele Boscacci vincono la 30ma edizione della Transcavallo. In campo femminile Laura Besseghini e Raffaella Rossi salgono su gradino pi\u00f9 alto del podio  - Bellunopress - Dolomiti<\/title>\n<meta name=\"robots\" content=\"index, follow, max-snippet:-1, max-image-preview:large, max-video-preview:-1\" \/>\n<link rel=\"canonical\" href=\"https:\/\/www.bellunopress.it\/fr\/2013\/02\/25\/damiano-lenzi-e-michele-boscacci-vincono-la-30ma-edizione-della-transcavallo-in-campo-femminile-laura-besseghini-e-raffaella-rossi-salgono-su-gradino-piu-alto-del-podio\/\" \/>\n<meta property=\"og:locale\" content=\"fr_FR\" \/>\n<meta property=\"og:type\" content=\"article\" \/>\n<meta property=\"og:title\" content=\"Damiano Lenzi e Michele Boscacci vincono la 30ma edizione della Transcavallo. In campo femminile Laura Besseghini e Raffaella Rossi salgono su gradino pi\u00f9 alto del podio  - Bellunopress - Dolomiti\" \/>\n<meta property=\"og:description\" content=\"\u00abNon siamo calciatori, siamo scialpinisti, quindi le nevicate o il brutto tempo non ci spaventano!\u00bb Queste le prime parole di Damiano Lenzi al microfono di Paolo Mutton appena dopo aver tagliato il traguardo. Una battuta chiara e concisa per riassumere quello che si \u00e8 vissuto durante la seconda tappa della Transcavallo. Una fitta nevicata ha [&hellip;]\" \/>\n<meta property=\"og:url\" content=\"https:\/\/www.bellunopress.it\/fr\/2013\/02\/25\/damiano-lenzi-e-michele-boscacci-vincono-la-30ma-edizione-della-transcavallo-in-campo-femminile-laura-besseghini-e-raffaella-rossi-salgono-su-gradino-piu-alto-del-podio\/\" \/>\n<meta property=\"og:site_name\" content=\"Bellunopress - Dolomiti\" \/>\n<meta property=\"article:publisher\" content=\"https:\/\/www.facebook.com\/profile.php?id=100008943462799\" \/>\n<meta property=\"article:published_time\" content=\"2013-02-25T07:11:22+00:00\" \/>\n<meta property=\"article:modified_time\" content=\"2013-02-25T14:58:26+00:00\" \/>\n<meta property=\"og:image\" content=\"http:\/\/www.bellunopress.it\/wp-content\/uploads\/2013\/02\/transcavallo-1.jpg\" \/>\n<meta name=\"author\" content=\"redazione\" \/>\n<meta name=\"twitter:card\" content=\"summary_large_image\" \/>\n<meta name=\"twitter:creator\" content=\"@bellunopress\" \/>\n<meta name=\"twitter:site\" content=\"@bellunopress\" \/>\n<meta name=\"twitter:label1\" content=\"Written by\" \/>\n\t<meta name=\"twitter:data1\" content=\"redazione\" \/>\n\t<meta name=\"twitter:label2\" content=\"Est. reading time\" \/>\n\t<meta name=\"twitter:data2\" content=\"3 minutes\" \/>\n<script type=\"application\/ld+json\" class=\"yoast-schema-graph\">{\"@context\":\"https:\\\/\\\/schema.org\",\"@graph\":[{\"@type\":\"Article\",\"@id\":\"https:\\\/\\\/www.bellunopress.it\\\/2013\\\/02\\\/25\\\/damiano-lenzi-e-michele-boscacci-vincono-la-30ma-edizione-della-transcavallo-in-campo-femminile-laura-besseghini-e-raffaella-rossi-salgono-su-gradino-piu-alto-del-podio\\\/#article\",\"isPartOf\":{\"@id\":\"https:\\\/\\\/www.bellunopress.it\\\/2013\\\/02\\\/25\\\/damiano-lenzi-e-michele-boscacci-vincono-la-30ma-edizione-della-transcavallo-in-campo-femminile-laura-besseghini-e-raffaella-rossi-salgono-su-gradino-piu-alto-del-podio\\\/\"},\"author\":{\"name\":\"redazione\",\"@id\":\"https:\\\/\\\/www.bellunopress.it\\\/#\\\/schema\\\/person\\\/79bb06722b37ece1c03d3e94beb30d73\"},\"headline\":\"Damiano Lenzi e Michele Boscacci vincono la 30ma edizione della Transcavallo. In campo femminile Laura Besseghini e Raffaella Rossi salgono su gradino pi\u00f9 alto del podio\",\"datePublished\":\"2013-02-25T07:11:22+00:00\",\"dateModified\":\"2013-02-25T14:58:26+00:00\",\"mainEntityOfPage\":{\"@id\":\"https:\\\/\\\/www.bellunopress.it\\\/2013\\\/02\\\/25\\\/damiano-lenzi-e-michele-boscacci-vincono-la-30ma-edizione-della-transcavallo-in-campo-femminile-laura-besseghini-e-raffaella-rossi-salgono-su-gradino-piu-alto-del-podio\\\/\"},\"wordCount\":701,\"publisher\":{\"@id\":\"https:\\\/\\\/www.bellunopress.it\\\/#organization\"},\"image\":{\"@id\":\"https:\\\/\\\/www.bellunopress.it\\\/2013\\\/02\\\/25\\\/damiano-lenzi-e-michele-boscacci-vincono-la-30ma-edizione-della-transcavallo-in-campo-femminile-laura-besseghini-e-raffaella-rossi-salgono-su-gradino-piu-alto-del-podio\\\/#primaryimage\"},\"thumbnailUrl\":\"http:\\\/\\\/www.bellunopress.it\\\/wp-content\\\/uploads\\\/2013\\\/02\\\/transcavallo-1.jpg\",\"articleSection\":[\"Prima Pagina\",\"Sport, tempo libero\"],\"inLanguage\":\"fr-FR\"},{\"@type\":\"WebPage\",\"@id\":\"https:\\\/\\\/www.bellunopress.it\\\/2013\\\/02\\\/25\\\/damiano-lenzi-e-michele-boscacci-vincono-la-30ma-edizione-della-transcavallo-in-campo-femminile-laura-besseghini-e-raffaella-rossi-salgono-su-gradino-piu-alto-del-podio\\\/\",\"url\":\"https:\\\/\\\/www.bellunopress.it\\\/2013\\\/02\\\/25\\\/damiano-lenzi-e-michele-boscacci-vincono-la-30ma-edizione-della-transcavallo-in-campo-femminile-laura-besseghini-e-raffaella-rossi-salgono-su-gradino-piu-alto-del-podio\\\/\",\"name\":\"Damiano Lenzi e Michele Boscacci vincono la 30ma edizione della Transcavallo. In campo femminile Laura Besseghini e Raffaella Rossi salgono su gradino pi\u00f9 alto del podio - Bellunopress - Dolomiti\",\"isPartOf\":{\"@id\":\"https:\\\/\\\/www.bellunopress.it\\\/#website\"},\"primaryImageOfPage\":{\"@id\":\"https:\\\/\\\/www.bellunopress.it\\\/2013\\\/02\\\/25\\\/damiano-lenzi-e-michele-boscacci-vincono-la-30ma-edizione-della-transcavallo-in-campo-femminile-laura-besseghini-e-raffaella-rossi-salgono-su-gradino-piu-alto-del-podio\\\/#primaryimage\"},\"image\":{\"@id\":\"https:\\\/\\\/www.bellunopress.it\\\/2013\\\/02\\\/25\\\/damiano-lenzi-e-michele-boscacci-vincono-la-30ma-edizione-della-transcavallo-in-campo-femminile-laura-besseghini-e-raffaella-rossi-salgono-su-gradino-piu-alto-del-podio\\\/#primaryimage\"},\"thumbnailUrl\":\"http:\\\/\\\/www.bellunopress.it\\\/wp-content\\\/uploads\\\/2013\\\/02\\\/transcavallo-1.jpg\",\"datePublished\":\"2013-02-25T07:11:22+00:00\",\"dateModified\":\"2013-02-25T14:58:26+00:00\",\"breadcrumb\":{\"@id\":\"https:\\\/\\\/www.bellunopress.it\\\/2013\\\/02\\\/25\\\/damiano-lenzi-e-michele-boscacci-vincono-la-30ma-edizione-della-transcavallo-in-campo-femminile-laura-besseghini-e-raffaella-rossi-salgono-su-gradino-piu-alto-del-podio\\\/#breadcrumb\"},\"inLanguage\":\"fr-FR\",\"potentialAction\":[{\"@type\":\"ReadAction\",\"target\":[\"https:\\\/\\\/www.bellunopress.it\\\/2013\\\/02\\\/25\\\/damiano-lenzi-e-michele-boscacci-vincono-la-30ma-edizione-della-transcavallo-in-campo-femminile-laura-besseghini-e-raffaella-rossi-salgono-su-gradino-piu-alto-del-podio\\\/\"]}]},{\"@type\":\"ImageObject\",\"inLanguage\":\"fr-FR\",\"@id\":\"https:\\\/\\\/www.bellunopress.it\\\/2013\\\/02\\\/25\\\/damiano-lenzi-e-michele-boscacci-vincono-la-30ma-edizione-della-transcavallo-in-campo-femminile-laura-besseghini-e-raffaella-rossi-salgono-su-gradino-piu-alto-del-podio\\\/#primaryimage\",\"url\":\"http:\\\/\\\/www.bellunopress.it\\\/wp-content\\\/uploads\\\/2013\\\/02\\\/transcavallo-1.jpg\",\"contentUrl\":\"http:\\\/\\\/www.bellunopress.it\\\/wp-content\\\/uploads\\\/2013\\\/02\\\/transcavallo-1.jpg\"},{\"@type\":\"BreadcrumbList\",\"@id\":\"https:\\\/\\\/www.bellunopress.it\\\/2013\\\/02\\\/25\\\/damiano-lenzi-e-michele-boscacci-vincono-la-30ma-edizione-della-transcavallo-in-campo-femminile-laura-besseghini-e-raffaella-rossi-salgono-su-gradino-piu-alto-del-podio\\\/#breadcrumb\",\"itemListElement\":[{\"@type\":\"ListItem\",\"position\":1,\"name\":\"Home\",\"item\":\"https:\\\/\\\/www.bellunopress.it\\\/\"},{\"@type\":\"ListItem\",\"position\":2,\"name\":\"Damiano Lenzi e Michele Boscacci vincono la 30ma edizione della Transcavallo. In campo femminile Laura Besseghini e Raffaella Rossi salgono su gradino pi\u00f9 alto del podio\"}]},{\"@type\":\"WebSite\",\"@id\":\"https:\\\/\\\/www.bellunopress.it\\\/#website\",\"url\":\"https:\\\/\\\/www.bellunopress.it\\\/\",\"name\":\"Bellunopress - Dolomiti\",\"description\":\"e-mail: redazione@bellunopress.it\",\"publisher\":{\"@id\":\"https:\\\/\\\/www.bellunopress.it\\\/#organization\"},\"potentialAction\":[{\"@type\":\"SearchAction\",\"target\":{\"@type\":\"EntryPoint\",\"urlTemplate\":\"https:\\\/\\\/www.bellunopress.it\\\/?s={search_term_string}\"},\"query-input\":{\"@type\":\"PropertyValueSpecification\",\"valueRequired\":true,\"valueName\":\"search_term_string\"}}],\"inLanguage\":\"fr-FR\"},{\"@type\":\"Organization\",\"@id\":\"https:\\\/\\\/www.bellunopress.it\\\/#organization\",\"name\":\"Bellunopress\",\"url\":\"https:\\\/\\\/www.bellunopress.it\\\/\",\"logo\":{\"@type\":\"ImageObject\",\"inLanguage\":\"fr-FR\",\"@id\":\"https:\\\/\\\/www.bellunopress.it\\\/#\\\/schema\\\/logo\\\/image\\\/\",\"url\":\"https:\\\/\\\/www.bellunopress.it\\\/wp-content\\\/uploads\\\/2011\\\/05\\\/cropped-logo-bellunopress-.jpg\",\"contentUrl\":\"https:\\\/\\\/www.bellunopress.it\\\/wp-content\\\/uploads\\\/2011\\\/05\\\/cropped-logo-bellunopress-.jpg\",\"width\":512,\"height\":512,\"caption\":\"Bellunopress\"},\"image\":{\"@id\":\"https:\\\/\\\/www.bellunopress.it\\\/#\\\/schema\\\/logo\\\/image\\\/\"},\"sameAs\":[\"https:\\\/\\\/www.facebook.com\\\/profile.php?id=100008943462799\",\"https:\\\/\\\/x.com\\\/bellunopress\",\"https:\\\/\\\/www.linkedin.com\\\/hp\\\/?dnr=JBzUWaJfMUw8vbXJJ2tVW5-I3jZKvC4wsoxE&amp;amp;amp;amp;amp;amp;trk=nav_responsive_tab_home\",\"https:\\\/\\\/www.youtube.com\\\/channel\\\/UCxL0wu1uN0_3_7hGG0306cw\"]},{\"@type\":\"Person\",\"@id\":\"https:\\\/\\\/www.bellunopress.it\\\/#\\\/schema\\\/person\\\/79bb06722b37ece1c03d3e94beb30d73\",\"name\":\"redazione\",\"image\":{\"@type\":\"ImageObject\",\"inLanguage\":\"fr-FR\",\"@id\":\"https:\\\/\\\/secure.gravatar.com\\\/avatar\\\/37d968a2e67a6fd04c169c4bdef102d0bc5d31b2546345219e348575eb80e9a0?s=96&d=mm&r=g\",\"url\":\"https:\\\/\\\/secure.gravatar.com\\\/avatar\\\/37d968a2e67a6fd04c169c4bdef102d0bc5d31b2546345219e348575eb80e9a0?s=96&d=mm&r=g\",\"contentUrl\":\"https:\\\/\\\/secure.gravatar.com\\\/avatar\\\/37d968a2e67a6fd04c169c4bdef102d0bc5d31b2546345219e348575eb80e9a0?s=96&d=mm&r=g\",\"caption\":\"redazione\"},\"sameAs\":[\"http:\\\/\\\/www.bellunopress.it\",\"https:\\\/\\\/x.com\\\/bellunopress\"],\"url\":\"https:\\\/\\\/www.bellunopress.it\\\/fr\\\/author\\\/redazione\\\/\"}]}<\/script>\n<!-- \/ Yoast SEO plugin. -->","yoast_head_json":{"title":"Damiano Lenzi e Michele Boscacci vincono la 30ma edizione della Transcavallo. In campo femminile Laura Besseghini e Raffaella Rossi salgono su gradino pi\u00f9 alto del podio  - Bellunopress - Dolomiti","robots":{"index":"index","follow":"follow","max-snippet":"max-snippet:-1","max-image-preview":"max-image-preview:large","max-video-preview":"max-video-preview:-1"},"canonical":"https:\/\/www.bellunopress.it\/fr\/2013\/02\/25\/damiano-lenzi-e-michele-boscacci-vincono-la-30ma-edizione-della-transcavallo-in-campo-femminile-laura-besseghini-e-raffaella-rossi-salgono-su-gradino-piu-alto-del-podio\/","og_locale":"fr_FR","og_type":"article","og_title":"Damiano Lenzi e Michele Boscacci vincono la 30ma edizione della Transcavallo. In campo femminile Laura Besseghini e Raffaella Rossi salgono su gradino pi\u00f9 alto del podio  - Bellunopress - Dolomiti","og_description":"\u00abNon siamo calciatori, siamo scialpinisti, quindi le nevicate o il brutto tempo non ci spaventano!\u00bb Queste le prime parole di Damiano Lenzi al microfono di Paolo Mutton appena dopo aver tagliato il traguardo. Una battuta chiara e concisa per riassumere quello che si \u00e8 vissuto durante la seconda tappa della Transcavallo. Una fitta nevicata ha [&hellip;]","og_url":"https:\/\/www.bellunopress.it\/fr\/2013\/02\/25\/damiano-lenzi-e-michele-boscacci-vincono-la-30ma-edizione-della-transcavallo-in-campo-femminile-laura-besseghini-e-raffaella-rossi-salgono-su-gradino-piu-alto-del-podio\/","og_site_name":"Bellunopress - Dolomiti","article_publisher":"https:\/\/www.facebook.com\/profile.php?id=100008943462799","article_published_time":"2013-02-25T07:11:22+00:00","article_modified_time":"2013-02-25T14:58:26+00:00","og_image":[{"url":"http:\/\/www.bellunopress.it\/wp-content\/uploads\/2013\/02\/transcavallo-1.jpg","type":"","width":"","height":""}],"author":"redazione","twitter_card":"summary_large_image","twitter_creator":"@bellunopress","twitter_site":"@bellunopress","twitter_misc":{"Written by":"redazione","Est. reading time":"3 minutes"},"schema":{"@context":"https:\/\/schema.org","@graph":[{"@type":"Article","@id":"https:\/\/www.bellunopress.it\/2013\/02\/25\/damiano-lenzi-e-michele-boscacci-vincono-la-30ma-edizione-della-transcavallo-in-campo-femminile-laura-besseghini-e-raffaella-rossi-salgono-su-gradino-piu-alto-del-podio\/#article","isPartOf":{"@id":"https:\/\/www.bellunopress.it\/2013\/02\/25\/damiano-lenzi-e-michele-boscacci-vincono-la-30ma-edizione-della-transcavallo-in-campo-femminile-laura-besseghini-e-raffaella-rossi-salgono-su-gradino-piu-alto-del-podio\/"},"author":{"name":"redazione","@id":"https:\/\/www.bellunopress.it\/#\/schema\/person\/79bb06722b37ece1c03d3e94beb30d73"},"headline":"Damiano Lenzi e Michele Boscacci vincono la 30ma edizione della Transcavallo. In campo femminile Laura Besseghini e Raffaella Rossi salgono su gradino pi\u00f9 alto del podio","datePublished":"2013-02-25T07:11:22+00:00","dateModified":"2013-02-25T14:58:26+00:00","mainEntityOfPage":{"@id":"https:\/\/www.bellunopress.it\/2013\/02\/25\/damiano-lenzi-e-michele-boscacci-vincono-la-30ma-edizione-della-transcavallo-in-campo-femminile-laura-besseghini-e-raffaella-rossi-salgono-su-gradino-piu-alto-del-podio\/"},"wordCount":701,"publisher":{"@id":"https:\/\/www.bellunopress.it\/#organization"},"image":{"@id":"https:\/\/www.bellunopress.it\/2013\/02\/25\/damiano-lenzi-e-michele-boscacci-vincono-la-30ma-edizione-della-transcavallo-in-campo-femminile-laura-besseghini-e-raffaella-rossi-salgono-su-gradino-piu-alto-del-podio\/#primaryimage"},"thumbnailUrl":"http:\/\/www.bellunopress.it\/wp-content\/uploads\/2013\/02\/transcavallo-1.jpg","articleSection":["Prima Pagina","Sport, tempo libero"],"inLanguage":"fr-FR"},{"@type":"WebPage","@id":"https:\/\/www.bellunopress.it\/2013\/02\/25\/damiano-lenzi-e-michele-boscacci-vincono-la-30ma-edizione-della-transcavallo-in-campo-femminile-laura-besseghini-e-raffaella-rossi-salgono-su-gradino-piu-alto-del-podio\/","url":"https:\/\/www.bellunopress.it\/2013\/02\/25\/damiano-lenzi-e-michele-boscacci-vincono-la-30ma-edizione-della-transcavallo-in-campo-femminile-laura-besseghini-e-raffaella-rossi-salgono-su-gradino-piu-alto-del-podio\/","name":"Damiano Lenzi e Michele Boscacci vincono la 30ma edizione della Transcavallo. In campo femminile Laura Besseghini e Raffaella Rossi salgono su gradino pi\u00f9 alto del podio - Bellunopress - Dolomiti","isPartOf":{"@id":"https:\/\/www.bellunopress.it\/#website"},"primaryImageOfPage":{"@id":"https:\/\/www.bellunopress.it\/2013\/02\/25\/damiano-lenzi-e-michele-boscacci-vincono-la-30ma-edizione-della-transcavallo-in-campo-femminile-laura-besseghini-e-raffaella-rossi-salgono-su-gradino-piu-alto-del-podio\/#primaryimage"},"image":{"@id":"https:\/\/www.bellunopress.it\/2013\/02\/25\/damiano-lenzi-e-michele-boscacci-vincono-la-30ma-edizione-della-transcavallo-in-campo-femminile-laura-besseghini-e-raffaella-rossi-salgono-su-gradino-piu-alto-del-podio\/#primaryimage"},"thumbnailUrl":"http:\/\/www.bellunopress.it\/wp-content\/uploads\/2013\/02\/transcavallo-1.jpg","datePublished":"2013-02-25T07:11:22+00:00","dateModified":"2013-02-25T14:58:26+00:00","breadcrumb":{"@id":"https:\/\/www.bellunopress.it\/2013\/02\/25\/damiano-lenzi-e-michele-boscacci-vincono-la-30ma-edizione-della-transcavallo-in-campo-femminile-laura-besseghini-e-raffaella-rossi-salgono-su-gradino-piu-alto-del-podio\/#breadcrumb"},"inLanguage":"fr-FR","potentialAction":[{"@type":"ReadAction","target":["https:\/\/www.bellunopress.it\/2013\/02\/25\/damiano-lenzi-e-michele-boscacci-vincono-la-30ma-edizione-della-transcavallo-in-campo-femminile-laura-besseghini-e-raffaella-rossi-salgono-su-gradino-piu-alto-del-podio\/"]}]},{"@type":"ImageObject","inLanguage":"fr-FR","@id":"https:\/\/www.bellunopress.it\/2013\/02\/25\/damiano-lenzi-e-michele-boscacci-vincono-la-30ma-edizione-della-transcavallo-in-campo-femminile-laura-besseghini-e-raffaella-rossi-salgono-su-gradino-piu-alto-del-podio\/#primaryimage","url":"http:\/\/www.bellunopress.it\/wp-content\/uploads\/2013\/02\/transcavallo-1.jpg","contentUrl":"http:\/\/www.bellunopress.it\/wp-content\/uploads\/2013\/02\/transcavallo-1.jpg"},{"@type":"BreadcrumbList","@id":"https:\/\/www.bellunopress.it\/2013\/02\/25\/damiano-lenzi-e-michele-boscacci-vincono-la-30ma-edizione-della-transcavallo-in-campo-femminile-laura-besseghini-e-raffaella-rossi-salgono-su-gradino-piu-alto-del-podio\/#breadcrumb","itemListElement":[{"@type":"ListItem","position":1,"name":"Home","item":"https:\/\/www.bellunopress.it\/"},{"@type":"ListItem","position":2,"name":"Damiano Lenzi e Michele Boscacci vincono la 30ma edizione della Transcavallo. In campo femminile Laura Besseghini e Raffaella Rossi salgono su gradino pi\u00f9 alto del podio"}]},{"@type":"WebSite","@id":"https:\/\/www.bellunopress.it\/#website","url":"https:\/\/www.bellunopress.it\/","name":"Bellunopress - Dolomiti","description":"e-mail: redazione@bellunopress.it","publisher":{"@id":"https:\/\/www.bellunopress.it\/#organization"},"potentialAction":[{"@type":"SearchAction","target":{"@type":"EntryPoint","urlTemplate":"https:\/\/www.bellunopress.it\/?s={search_term_string}"},"query-input":{"@type":"PropertyValueSpecification","valueRequired":true,"valueName":"search_term_string"}}],"inLanguage":"fr-FR"},{"@type":"Organization","@id":"https:\/\/www.bellunopress.it\/#organization","name":"Bellunopress","url":"https:\/\/www.bellunopress.it\/","logo":{"@type":"ImageObject","inLanguage":"fr-FR","@id":"https:\/\/www.bellunopress.it\/#\/schema\/logo\/image\/","url":"https:\/\/www.bellunopress.it\/wp-content\/uploads\/2011\/05\/cropped-logo-bellunopress-.jpg","contentUrl":"https:\/\/www.bellunopress.it\/wp-content\/uploads\/2011\/05\/cropped-logo-bellunopress-.jpg","width":512,"height":512,"caption":"Bellunopress"},"image":{"@id":"https:\/\/www.bellunopress.it\/#\/schema\/logo\/image\/"},"sameAs":["https:\/\/www.facebook.com\/profile.php?id=100008943462799","https:\/\/x.com\/bellunopress","https:\/\/www.linkedin.com\/hp\/?dnr=JBzUWaJfMUw8vbXJJ2tVW5-I3jZKvC4wsoxE&amp;amp;amp;amp;amp;amp;trk=nav_responsive_tab_home","https:\/\/www.youtube.com\/channel\/UCxL0wu1uN0_3_7hGG0306cw"]},{"@type":"Person","@id":"https:\/\/www.bellunopress.it\/#\/schema\/person\/79bb06722b37ece1c03d3e94beb30d73","name":"r\u00e9daction","image":{"@type":"ImageObject","inLanguage":"fr-FR","@id":"https:\/\/secure.gravatar.com\/avatar\/37d968a2e67a6fd04c169c4bdef102d0bc5d31b2546345219e348575eb80e9a0?s=96&d=mm&r=g","url":"https:\/\/secure.gravatar.com\/avatar\/37d968a2e67a6fd04c169c4bdef102d0bc5d31b2546345219e348575eb80e9a0?s=96&d=mm&r=g","contentUrl":"https:\/\/secure.gravatar.com\/avatar\/37d968a2e67a6fd04c169c4bdef102d0bc5d31b2546345219e348575eb80e9a0?s=96&d=mm&r=g","caption":"redazione"},"sameAs":["http:\/\/www.bellunopress.it","https:\/\/x.com\/bellunopress"],"url":"https:\/\/www.bellunopress.it\/fr\/author\/redazione\/"}]}},"_links":{"self":[{"href":"https:\/\/www.bellunopress.it\/fr\/wp-json\/wp\/v2\/posts\/47065","targetHints":{"allow":["GET"]}}],"collection":[{"href":"https:\/\/www.bellunopress.it\/fr\/wp-json\/wp\/v2\/posts"}],"about":[{"href":"https:\/\/www.bellunopress.it\/fr\/wp-json\/wp\/v2\/types\/post"}],"author":[{"embeddable":true,"href":"https:\/\/www.bellunopress.it\/fr\/wp-json\/wp\/v2\/users\/2"}],"replies":[{"embeddable":true,"href":"https:\/\/www.bellunopress.it\/fr\/wp-json\/wp\/v2\/comments?post=47065"}],"version-history":[{"count":4,"href":"https:\/\/www.bellunopress.it\/fr\/wp-json\/wp\/v2\/posts\/47065\/revisions"}],"predecessor-version":[{"id":47077,"href":"https:\/\/www.bellunopress.it\/fr\/wp-json\/wp\/v2\/posts\/47065\/revisions\/47077"}],"wp:attachment":[{"href":"https:\/\/www.bellunopress.it\/fr\/wp-json\/wp\/v2\/media?parent=47065"}],"wp:term":[{"taxonomy":"category","embeddable":true,"href":"https:\/\/www.bellunopress.it\/fr\/wp-json\/wp\/v2\/categories?post=47065"},{"taxonomy":"post_tag","embeddable":true,"href":"https:\/\/www.bellunopress.it\/fr\/wp-json\/wp\/v2\/tags?post=47065"}],"curies":[{"name":"wp","href":"https:\/\/api.w.org\/{rel}","templated":true}]}}