{"id":47056,"date":"2013-02-24T09:42:09","date_gmt":"2013-02-24T08:42:09","guid":{"rendered":"http:\/\/www.bellunopress.it\/?p=47056"},"modified":"2013-02-24T09:42:09","modified_gmt":"2013-02-24T08:42:09","slug":"biblioteca-civica-di-belluno-il-calendario-delle-iniziative-in-programma","status":"publish","type":"post","link":"https:\/\/www.bellunopress.it\/fr\/2013\/02\/24\/biblioteca-civica-di-belluno-il-calendario-delle-iniziative-in-programma\/","title":{"rendered":"Biblioteca civica di Belluno. Il calendario delle iniziative in programma"},"content":{"rendered":"<p><strong>\u00a07, 14, 21 marzo e 4 aprile<\/strong>. English@rt. Laboratorio creativo in lingua inglese per bambini e ragazzi dai 6 ai 13 anni con Chiara Buttignon e Monica Argenta. I gioved\u00ec in Biblioteca dei Ragazzi a Belluno dalle h. 15,00 alle h. 16,30. La quota d\u2019iscrizione \u00e8 di 30 euro per i 4 incontri.<\/p>\n<p><strong>4 aprile<\/strong> Conferenza &#8220;Legami tra le arti visive nella Scozia altomedievale e la cultura europea&#8221; della Prof. Tasha Gefreh, dell&#8217;Universit\u00e0 di Edinburgo. Introduce Marco Perale (Archivio Storico di Belluno Feltre e Cadore) \u201cInflussi iroscozzesi nella Val Belluna tra IX e X secolo&#8221;. In collaborazione con Istituto \u201cT. Catullo\u201d di Belluno.<\/p>\n<p>Belluno \u2013 Istituto \u201cT. Catullo\u201d &#8211; Aula Magna &#8211; Via Garibaldi \u2013 h. 18.00<\/p>\n<p>Ingresso libero ed aperto alla partecipazione di tutti<\/p>\n<p><strong>\u00a011 aprile<\/strong> Incontro con l\u2019Autore Francesco Tomada. Presenta Annarita Capraro, letture di Enrico Gasperi e con l\u2019accompagnamento musicale di Pina Sabatini.<\/p>\n<p>Belluno \u2013 Istituto \u201cT. Catullo\u201d \u2013 Aula Magna \u2013 via Garibaldi &#8211; h. 18.00.<\/p>\n<p>Ingresso libero ed aperto alla partecipazione di tutti<\/p>\n<p><strong>\u00a0Attivit\u00e0 in corso:<\/strong><\/p>\n<p>&#8220;Dolomiti in Scienza&#8221; a cura del Gruppo di Divulgazione Scientifica di Belluno<\/p>\n<p><strong>\u00a023 febbraio<\/strong> Conferenze: Le previsioni del tempo sulle Dolomiti; una previsione di dettaglio per un territorio montano complesso \u2013 Gianni Marigo (ARPAV Arabba) e Rete! La matematica delle interconnessioni al tempo di internet \u2013 Paolo Alessandrini (GDS)<\/p>\n<p><strong>9 marzo<\/strong> Conferenze: Vajont, il perch\u00e9 di una frana \u2013 Maurizio Alfieri (GDS) e 1822: bentornati dinosauri! \u2013 Manolo Piat (GDS)<\/p>\n<p>Belluno &#8211; Sala Eliseo Dal Pont &#8220;Bianchi&#8221; &#8211; Viale Fantuzzi, 11 &#8211; sabato alle h. 17. 00.<\/p>\n<p>Ingresso libero aperto alla partecipazione di tutti<\/p>\n<p>&nbsp;<\/p>\n<p>Cinema d&#8217;Autore &#8220;Racconti di viaggi&#8221;. A cura di Silvia Zanna<\/p>\n<p>Programma:<\/p>\n<p><strong>\u00a027 febbraio<\/strong> La dea del &#8217;67 di Clara Law, tit. orig. The Goddess of &#8217;67, v.o. sott. AUSTRALIA 2000<\/p>\n<p>Belluno &#8211; Sala Eliseo Dal Pont &#8220;Bianchi&#8221; &#8211; viale Fantuzzi 11 &#8211; h. 21.00<\/p>\n<p>Ingresso libero e aperto alla partecipazione di tutti<\/p>\n<p>Cerimonia di consegna della Sesta edizione Premio Enrico De Nard per tesi di laurea, dottorato o post-dottorato di argomento bellunese.<\/p>\n<p><strong>\u00a027 febbraio<\/strong> Programma: intervento di Claudia Alpago Novello, Assessore alla Cultura del Comune di Belluno; Paolo Conte, Associazione culturale Amici dell\u2019Archivio storico di Belluno Feltre e Cadore; Dino Bridda, Commissione giudicatrice del Premio; consegna del premio da parte della famiglia De Nard; Pier Mattia Tommasino, Autore della tesi vincitrice L&#8217;Alcorano di Macometto di Giovanni Battista Castrodardo: orientalismo italiano e cultura europea tra il 1547 e il 1647; Francesca Barp, Autrice della tesi segnalata Donne e galline: la cura del pollame nella cultura popolare della Val Belluna; Carlo Londero, Autore della tesi segnalata La luna \u00e8 vostra di Beniamino Dal Fabbro: un&#8217;edizione critica; Simonetta Collet, Autrice della tesi segnalata La sintassi ne &#8220;L&#8217;Amico del Popolo&#8221;:1950-2010. In collaborazione con Associazione Amici dell&#8217;Archivio Storico di Belluno Feltre e Cadore e il periodico omonimo.<\/p>\n<p>Belluno &#8211; Sala Eliseo Dal Pont &#8220;Bianchi&#8221; &#8211; viale Fantuzzi 11 &#8211; h. 17.30. Ingresso libero aperto alla partecipazione di tutti<\/p>\n<p>&nbsp;<\/p>\n<p>ITINERARI DANTESCHI<\/p>\n<p>Sei percorsi a tema attraverso le Cantiche della Divina Commedia. Per ogni appuntamento commento, analisi storica, declamazione\/lettura di brani di particolare interesse a cura di Maurizio Mellini.<\/p>\n<p>Programma:<\/p>\n<p><strong>\u00a05 marzo<\/strong>: Luoghi e personaggi veneti nella Divina Commedia<\/p>\n<p><strong>12 marzo<\/strong>: Animali e mostri nella Divina Commedia.<\/p>\n<p><strong>19 marzo<\/strong>: Ulisse e la lucida follia.<\/p>\n<p><strong>7 maggio<\/strong>: La Divina Commedia: laboratorio per la nascita di una lingua comune.<\/p>\n<p><strong>14 maggio<\/strong>: La musica nella Divina Commedia.<\/p>\n<p><strong>\u00a021 maggio<\/strong>: &#8220;tu proverai si come sa di sale lo pane altrui&#8221;: profezie sparse nel Poema.<\/p>\n<p>Belluno &#8211; Sala Eliseo Dal Pont &#8220;Bianchi&#8221; &#8211; h. 17.30<\/p>\n<p>Ingresso libero e aperto alla partecipazione di tutti<\/p>\n<p>&nbsp;<\/p>\n<p><strong>7, 14, 21 e 28 marzo<\/strong> Gruppo di lettura del libro &#8220;Un anno sull&#8217;altipiano&#8221; di Emilio Lussu. A cura di Annarita Capraro. In occasione del 95\u00b0 anniversario della fine della Prima Guerra Mondiale.<\/p>\n<p>Belluno &#8211; Palazzo Crepadona &#8211; Biblioteca civica &#8211; Sala G. Procacci &#8211; h. 17.30-19.00. La partecipazione \u00e8 libera e aperta a tutti<\/p>\n<p>&nbsp;<\/p>\n<p>&#8220;Qualche passo verso la felicit\u00e0. Terza edizione&#8221; in collaborazione con AITSaM (Associazione italiana per la tutela della salute mentale) sez. di Belluno.Con il patrocinio di Comune di Belluno e ULSS n. 1.<\/p>\n<p>Programma:<\/p>\n<p><strong>16 marzo<\/strong> Proiezione del dvd &#8220;Ausmerzen&#8221; tratto dallo spettacolo teatrale di Marco Paolini sul programma &#8220;Aktion T4&#8221; del regime nazista tedesco anni &#8217;30 e &#8217;40. Presentazione di Mario Paolini. In occasione del Giorno della Memoria 2013.<\/p>\n<p><strong>13 aprile<\/strong> Presentazione del libro &#8220;La guerra dentro: la psichiatria italiana tra fascismo e resistenza: 1922-1945&#8221; dello psichiatra Paolo Francesco Peloso. Introduzione di Giovanni Grazioli. Preceduto da una performance del gruppo teatrale Il Gabbiano.<\/p>\n<p><strong>\u00a019 aprile<\/strong> Spettacolo teatrale di Giovanni Calcagno. Belluno &#8211; Centro culturale Piero Rossi &#8211; Piazza Piloni 20 aprile Proiezione del film &#8220;Si pu\u00f2 fare&#8221; con la partecipazione dell&#8217;attore Giovanni Calcagno<\/p>\n<p><strong>\u00a04 maggio<\/strong> Conferenza &#8220;La salute mentale nel Trenitno e la proposta di legge 181&#8221; con Renzo De Stefani primario del Servizio di salute mentale di Trento. Con la partecipazione di alcuni UFE (Utenti Familiari Esperti).<\/p>\n<p>Belluno &#8211; Sala Eliseo Dal Pont &#8220;Bianchi&#8221; &#8211; h. 17.30. Ingresso libero aperto alla partecipazione di tutti<\/p>\n<p>&nbsp;<\/p>\n<p><strong>25 marzo<\/strong> Presentazione del libro Lenkijos pilietiniu karu istorija = Historia delle guerre ciuili di Polonia diuisa in cinque libri progressi dell&#8217;armi moscouite contro Polacchi. Relatione della Moscouia, e Suetia, e loro gouerni di Michele Bianchi (Alberto Vimina) ; [traduzione lituana del libro di Alberto Vimina a cura di Birute Zindziute-Michelini ; i commenti in lingua lituana sono stati approntati da Guido Michelini e Vacys Vaivada ; traduzione italiana a cura di Guido Michelini]. &#8211; Klaipeda : Klaipedos universiteto leidykla, 2012. &#8211; 783 p. : ill. ; 31 cm. ((La ristampa anastatica dell&#8217;ed.: Venezia : appresso Gio. Pietro Pinelli, 1671, si basa sull&#8217;esemplare della Biblioteca civica di Belluno.<\/p>\n<p>Programma:<\/p>\n<p>Saluti delle Amministrazioni comunali di Belluno e Pieve d\u2019Alpago (BL)<\/p>\n<p>Interventi di:<\/p>\n<p>Vaidutis Laur\u0117nas rettore dell&#8217;Universit\u00e0 di Klaip\u0117da (Lituania)<\/p>\n<p>Rimanatas Balsys preside della Facolt\u00e0 di scienze umanistiche dell&#8217;Universit\u00e0 di Klaip\u0117da (Lituania)<\/p>\n<p>Lina Petro\u0161ien\u0117 direttrice del Centro di Baltistica dell&#8217;Universit\u00e0 di Klaip\u0117da (Lituania)<\/p>\n<p>Guido Michelini prof. ordinario di Linguistica presso l&#8217;Universit\u00e0 degli Studi di Parma<\/p>\n<p>&nbsp;<\/p>\n<p>Birut\u0117 \ufffdind\ufffdi\u016bt\u0117-Michelini docente di Lingua lituana presso l&#8217;Universit\u00e0 degli Studi di Parma<\/p>\n<p>In collaborazione con l\u2019Universit\u00e0 e il Museo di Klaip\u00e9da (Lituania), l\u2019Universit\u00e0 degli Studi di Parma e il Comune di Pieve d\u2019Alpago<\/p>\n<p>La presentazione si terr\u00e0 con lo stesso programma anche il 26\/3 a Pieve d\u2019Alpago (BL) nella Sala Placido Fabris alle h. 20.30<\/p>\n<p>&nbsp;<\/p>\n<p><strong>\u00a012 aprile<\/strong> Conferenza &#8220;Armenia, monasteri e montagne sulla Via della Seta&#8221; a cura di Nadia Pasqual. Introduzione di Claudia Alpago-Novello. In collaborazione con il Circolo Ospedaliero S. Martino di Belluno.<\/p>\n<p>Belluno &#8211; Sala Eliseo Dal Pont &#8220;Bianchi&#8221; &#8211; viale Fantuzzi, 11 &#8211; h. 18.00.<\/p>\n<p>Ingresso libero aperto alla partecipazione di tutti<\/p>\n<p>&nbsp;<\/p>\n<p>PROGRAMMA COMPLETO SUGLI EVENTI CULTURALI E ALTRE NEWS SUI SERVIZI OFFERTI DALLA BIBLIOTECA IN: http:\/\/biblioteca.comune.belluno.it . PER ULTERIORI INFORMAZIONI: biblioteca@comune.belluno.it o al tel. 0437948093<\/p>\n<p>&nbsp;<\/p>\n<p>BIBLIOTECA DEI RAGAZZI:<\/p>\n<p>Fino al 31 maggio 2013 h. 17.00 &#8220;Quante storie!&#8221;, continua l&#8217;attivit\u00e0 della Biblioteca dei Ragazzi di letture animate per i pi\u00f9 piccoli (3-6 anni), tutti i venerd\u00ec. Info: http:\/\/biblioteca.comune.belluno.it\/quante-storie tel. 0437948093 o biblioteca@comune.belluno.it<\/p>\n<p>&nbsp;<\/p>\n<p>* * * * * * * * * * * * * * * *<\/p>\n<p>&nbsp;<\/p>\n<p>POF Piano dell&#8217;offerta formativa per le scuole di Biblioteca, Museo e Archivio storico del Comune di Belluno per l&#8217;anno scolastico 2012-2013. Programma da consultare e scaricare da: http:\/\/biblioteca.comune.belluno.it\/content\/piano-dellofferta-formativa-le-scuole-anno-2012-2013<\/p>\n<p>&nbsp;<\/p>\n<p>* * * * * * * * * * * * * * *<\/p>\n<p>&nbsp;<\/p>\n<p>Video su You Tube prodotto da Biblioteca e Informagiovani del Comune di Belluno: &#8220;Il mastro cartaio&#8221;. Riguarda i laboratori della Biblioteca dei ragazzi su libro antico e manoscritto promossi nel POF nell&#8217;anno scolastico 2012\/2013 per le scuole bellunesi. Cerca BIblioteca civica di Belluno su Youtube.<\/p>\n<p>&nbsp;<\/p>\n<p>* * * * * * * * * * * * * * *<\/p>\n<p>&nbsp;<\/p>\n<p>ALTRI SERVIZI E PROGETTI:<\/p>\n<p>&nbsp;<\/p>\n<p>Centro di pubblico accesso ad internet ed ai servizi digitali della pubblica amministrazione P3@Veneto. Banda Larga POR 2007-2013. Grazie al concorso di risorse di Unione Europea, della Stato Italiano e della Regione Veneto in applicazione del Regolamento (Ce) 1083\/2006, e del Regolamento 1828\/2006. Info sul sito: http:\/\/www.regione.veneto.it\/Temi+Istituzionali\/e-government\/P3A\/ . La sala \u00e8 attrezzata anche per il servizio &#8220;wi fi zone&#8221; con le stesse modalit\u00e0 di accesso del progetto del Comune di Belluno gi\u00e0 attivo in Piazza Duomo e in Piazza dei Martiri.<\/p>\n<p>&nbsp;<\/p>\n<p>* * * * * * * *<\/p>\n<p>&nbsp;<\/p>\n<p>&#8220;Adotta un libro: iniziativa di tutela e valorizzazione di libri antichi e manoscritti&#8221;. Promuove, in collaborazione con la Regione del Veneto, la partecipazione attiva dei cittadini che, con una donazione, possono contribuire al restauro e\/o alla digitalizzazione di un libro antico o manoscritto della Biblioteca civica. Info: direzione della Biblioteca tel. 043725727.<\/p>\n<p>&nbsp;<\/p>\n<p>Info in: http:\/\/biblioteca.comune.belluno.it\/content\/adotta-un-libro<\/p>\n<p>&nbsp;<\/p>\n<p>* * * * * * * * *<\/p>\n<p>&nbsp;<\/p>\n<p>Clicca &#8220;Mi piace&#8221; in alto a destra nella pagina facebook e diventa fan della Biblioteca civica di Belluno!<\/p>\n<p>http:\/\/www.facebook.com\/bcbelluno#!\/bcbelluno<\/p>\n<p>&nbsp;<\/p>\n<p>* * * * * * * * * * * * * * *<\/p>\n<p>&nbsp;<\/p>\n<p>Il video di presentazione della Biblioteca! Clicca su:<\/p>\n<p>&nbsp;<\/p>\n<p>http:\/\/www.youtube.com\/user\/bibliotecacomunebl#p\/a\/u\/0\/ujP8X0wozwg<\/p>\n<p>&nbsp;<\/p>\n<p>* * * * * * * * * * * * * * *<\/p>\n<p>&nbsp;<\/p>\n<p>La Biblioteca Digitale.<\/p>\n<p>&nbsp;<\/p>\n<p>Il primo fondo \u00e8 quello di Beniamino Dal Fabbro: http:\/\/biblioteca.comune.belluno.it\/books\/fondo-beniamino-dal-fabbro\/; Esplora anche la nuova collezione digitale &#8220;Biblioteca storica &#8211; Sezione Manoscritti&#8221;! La trovi tra le&#8221;Risorse&#8221; del sito: http:\/\/biblioteca.comune.belluno.it\/books\/risorse\/biblioteca-storica\/. I documenti sono in gran parte di autori o di argomenti bellunesi. Ben 157 manoscritti della Biblioteca consultabili in rete<\/p>\n","protected":false},"excerpt":{"rendered":"<p>\u00a07, 14, 21 marzo e 4 aprile. English@rt. Laboratorio creativo in lingua inglese per bambini e ragazzi dai 6 ai 13 anni con Chiara Buttignon e Monica Argenta. I gioved\u00ec in Biblioteca dei Ragazzi a Belluno dalle h. 15,00 alle h. 16,30. La quota d\u2019iscrizione \u00e8 di 30 euro per i 4 incontri. 4 aprile [&hellip;]<\/p>\n","protected":false},"author":2,"featured_media":0,"comment_status":"closed","ping_status":"open","sticky":false,"template":"","format":"standard","meta":{"footnotes":""},"categories":[27,3,25],"tags":[],"class_list":["post-47056","post","type-post","status-publish","format-standard","category-appuntamenti","category-arte-cultura-spettacoli-scienza-archivi","category-pausa-caffe"],"yoast_head":"<!-- This site is optimized with the Yoast SEO plugin v28.4 - https:\/\/yoast.com\/product\/yoast-seo-wordpress\/ -->\n<title>Biblioteca civica di Belluno. Il calendario delle iniziative in programma - Bellunopress - Dolomiti<\/title>\n<meta name=\"robots\" content=\"index, follow, max-snippet:-1, max-image-preview:large, max-video-preview:-1\" \/>\n<link rel=\"canonical\" href=\"https:\/\/www.bellunopress.it\/fr\/2013\/02\/24\/biblioteca-civica-di-belluno-il-calendario-delle-iniziative-in-programma\/\" \/>\n<meta property=\"og:locale\" content=\"fr_FR\" \/>\n<meta property=\"og:type\" content=\"article\" \/>\n<meta property=\"og:title\" content=\"Biblioteca civica di Belluno. Il calendario delle iniziative in programma - Bellunopress - Dolomiti\" \/>\n<meta property=\"og:description\" content=\"\u00a07, 14, 21 marzo e 4 aprile. English@rt. Laboratorio creativo in lingua inglese per bambini e ragazzi dai 6 ai 13 anni con Chiara Buttignon e Monica Argenta. I gioved\u00ec in Biblioteca dei Ragazzi a Belluno dalle h. 15,00 alle h. 16,30. La quota d\u2019iscrizione \u00e8 di 30 euro per i 4 incontri. 4 aprile [&hellip;]\" \/>\n<meta property=\"og:url\" content=\"https:\/\/www.bellunopress.it\/fr\/2013\/02\/24\/biblioteca-civica-di-belluno-il-calendario-delle-iniziative-in-programma\/\" \/>\n<meta property=\"og:site_name\" content=\"Bellunopress - Dolomiti\" \/>\n<meta property=\"article:publisher\" content=\"https:\/\/www.facebook.com\/profile.php?id=100008943462799\" \/>\n<meta property=\"article:published_time\" content=\"2013-02-24T08:42:09+00:00\" \/>\n<meta property=\"og:image\" content=\"http:\/\/www.bellunopress.it\/wp-content\/uploads\/2012\/07\/logo-bellunopress-250x250-2012.jpg\" \/>\n<meta name=\"author\" content=\"redazione\" \/>\n<meta name=\"twitter:card\" content=\"summary_large_image\" \/>\n<meta name=\"twitter:creator\" content=\"@bellunopress\" \/>\n<meta name=\"twitter:site\" content=\"@bellunopress\" \/>\n<meta name=\"twitter:label1\" content=\"Written by\" \/>\n\t<meta name=\"twitter:data1\" content=\"redazione\" \/>\n\t<meta name=\"twitter:label2\" content=\"Est. reading time\" \/>\n\t<meta name=\"twitter:data2\" content=\"7 minutes\" \/>\n<script type=\"application\/ld+json\" class=\"yoast-schema-graph\">{\"@context\":\"https:\\\/\\\/schema.org\",\"@graph\":[{\"@type\":\"Article\",\"@id\":\"https:\\\/\\\/www.bellunopress.it\\\/2013\\\/02\\\/24\\\/biblioteca-civica-di-belluno-il-calendario-delle-iniziative-in-programma\\\/#article\",\"isPartOf\":{\"@id\":\"https:\\\/\\\/www.bellunopress.it\\\/2013\\\/02\\\/24\\\/biblioteca-civica-di-belluno-il-calendario-delle-iniziative-in-programma\\\/\"},\"author\":{\"name\":\"redazione\",\"@id\":\"https:\\\/\\\/www.bellunopress.it\\\/#\\\/schema\\\/person\\\/79bb06722b37ece1c03d3e94beb30d73\"},\"headline\":\"Biblioteca civica di Belluno. Il calendario delle iniziative in programma\",\"datePublished\":\"2013-02-24T08:42:09+00:00\",\"mainEntityOfPage\":{\"@id\":\"https:\\\/\\\/www.bellunopress.it\\\/2013\\\/02\\\/24\\\/biblioteca-civica-di-belluno-il-calendario-delle-iniziative-in-programma\\\/\"},\"wordCount\":1508,\"publisher\":{\"@id\":\"https:\\\/\\\/www.bellunopress.it\\\/#organization\"},\"articleSection\":[\"Appuntamenti, Eventi\",\"Arte, Cultura, Spettacoli, Scienza\",\"Pausa Caff\u00e8\"],\"inLanguage\":\"fr-FR\"},{\"@type\":\"WebPage\",\"@id\":\"https:\\\/\\\/www.bellunopress.it\\\/2013\\\/02\\\/24\\\/biblioteca-civica-di-belluno-il-calendario-delle-iniziative-in-programma\\\/\",\"url\":\"https:\\\/\\\/www.bellunopress.it\\\/2013\\\/02\\\/24\\\/biblioteca-civica-di-belluno-il-calendario-delle-iniziative-in-programma\\\/\",\"name\":\"Biblioteca civica di Belluno. Il calendario delle iniziative in programma - Bellunopress - Dolomiti\",\"isPartOf\":{\"@id\":\"https:\\\/\\\/www.bellunopress.it\\\/#website\"},\"datePublished\":\"2013-02-24T08:42:09+00:00\",\"breadcrumb\":{\"@id\":\"https:\\\/\\\/www.bellunopress.it\\\/2013\\\/02\\\/24\\\/biblioteca-civica-di-belluno-il-calendario-delle-iniziative-in-programma\\\/#breadcrumb\"},\"inLanguage\":\"fr-FR\",\"potentialAction\":[{\"@type\":\"ReadAction\",\"target\":[\"https:\\\/\\\/www.bellunopress.it\\\/2013\\\/02\\\/24\\\/biblioteca-civica-di-belluno-il-calendario-delle-iniziative-in-programma\\\/\"]}]},{\"@type\":\"BreadcrumbList\",\"@id\":\"https:\\\/\\\/www.bellunopress.it\\\/2013\\\/02\\\/24\\\/biblioteca-civica-di-belluno-il-calendario-delle-iniziative-in-programma\\\/#breadcrumb\",\"itemListElement\":[{\"@type\":\"ListItem\",\"position\":1,\"name\":\"Home\",\"item\":\"https:\\\/\\\/www.bellunopress.it\\\/\"},{\"@type\":\"ListItem\",\"position\":2,\"name\":\"Biblioteca civica di Belluno. Il calendario delle iniziative in programma\"}]},{\"@type\":\"WebSite\",\"@id\":\"https:\\\/\\\/www.bellunopress.it\\\/#website\",\"url\":\"https:\\\/\\\/www.bellunopress.it\\\/\",\"name\":\"Bellunopress - Dolomiti\",\"description\":\"e-mail: redazione@bellunopress.it\",\"publisher\":{\"@id\":\"https:\\\/\\\/www.bellunopress.it\\\/#organization\"},\"potentialAction\":[{\"@type\":\"SearchAction\",\"target\":{\"@type\":\"EntryPoint\",\"urlTemplate\":\"https:\\\/\\\/www.bellunopress.it\\\/?s={search_term_string}\"},\"query-input\":{\"@type\":\"PropertyValueSpecification\",\"valueRequired\":true,\"valueName\":\"search_term_string\"}}],\"inLanguage\":\"fr-FR\"},{\"@type\":\"Organization\",\"@id\":\"https:\\\/\\\/www.bellunopress.it\\\/#organization\",\"name\":\"Bellunopress\",\"url\":\"https:\\\/\\\/www.bellunopress.it\\\/\",\"logo\":{\"@type\":\"ImageObject\",\"inLanguage\":\"fr-FR\",\"@id\":\"https:\\\/\\\/www.bellunopress.it\\\/#\\\/schema\\\/logo\\\/image\\\/\",\"url\":\"https:\\\/\\\/www.bellunopress.it\\\/wp-content\\\/uploads\\\/2011\\\/05\\\/cropped-logo-bellunopress-.jpg\",\"contentUrl\":\"https:\\\/\\\/www.bellunopress.it\\\/wp-content\\\/uploads\\\/2011\\\/05\\\/cropped-logo-bellunopress-.jpg\",\"width\":512,\"height\":512,\"caption\":\"Bellunopress\"},\"image\":{\"@id\":\"https:\\\/\\\/www.bellunopress.it\\\/#\\\/schema\\\/logo\\\/image\\\/\"},\"sameAs\":[\"https:\\\/\\\/www.facebook.com\\\/profile.php?id=100008943462799\",\"https:\\\/\\\/x.com\\\/bellunopress\",\"https:\\\/\\\/www.linkedin.com\\\/hp\\\/?dnr=JBzUWaJfMUw8vbXJJ2tVW5-I3jZKvC4wsoxE&amp;amp;amp;amp;amp;amp;trk=nav_responsive_tab_home\",\"https:\\\/\\\/www.youtube.com\\\/channel\\\/UCxL0wu1uN0_3_7hGG0306cw\"]},{\"@type\":\"Person\",\"@id\":\"https:\\\/\\\/www.bellunopress.it\\\/#\\\/schema\\\/person\\\/79bb06722b37ece1c03d3e94beb30d73\",\"name\":\"redazione\",\"image\":{\"@type\":\"ImageObject\",\"inLanguage\":\"fr-FR\",\"@id\":\"https:\\\/\\\/secure.gravatar.com\\\/avatar\\\/37d968a2e67a6fd04c169c4bdef102d0bc5d31b2546345219e348575eb80e9a0?s=96&d=mm&r=g\",\"url\":\"https:\\\/\\\/secure.gravatar.com\\\/avatar\\\/37d968a2e67a6fd04c169c4bdef102d0bc5d31b2546345219e348575eb80e9a0?s=96&d=mm&r=g\",\"contentUrl\":\"https:\\\/\\\/secure.gravatar.com\\\/avatar\\\/37d968a2e67a6fd04c169c4bdef102d0bc5d31b2546345219e348575eb80e9a0?s=96&d=mm&r=g\",\"caption\":\"redazione\"},\"sameAs\":[\"http:\\\/\\\/www.bellunopress.it\",\"https:\\\/\\\/x.com\\\/bellunopress\"],\"url\":\"https:\\\/\\\/www.bellunopress.it\\\/fr\\\/author\\\/redazione\\\/\"}]}<\/script>\n<!-- \/ Yoast SEO plugin. -->","yoast_head_json":{"title":"Biblioteca civica di Belluno. Il calendario delle iniziative in programma - Bellunopress - Dolomiti","robots":{"index":"index","follow":"follow","max-snippet":"max-snippet:-1","max-image-preview":"max-image-preview:large","max-video-preview":"max-video-preview:-1"},"canonical":"https:\/\/www.bellunopress.it\/fr\/2013\/02\/24\/biblioteca-civica-di-belluno-il-calendario-delle-iniziative-in-programma\/","og_locale":"fr_FR","og_type":"article","og_title":"Biblioteca civica di Belluno. Il calendario delle iniziative in programma - Bellunopress - Dolomiti","og_description":"\u00a07, 14, 21 marzo e 4 aprile. English@rt. Laboratorio creativo in lingua inglese per bambini e ragazzi dai 6 ai 13 anni con Chiara Buttignon e Monica Argenta. I gioved\u00ec in Biblioteca dei Ragazzi a Belluno dalle h. 15,00 alle h. 16,30. La quota d\u2019iscrizione \u00e8 di 30 euro per i 4 incontri. 4 aprile [&hellip;]","og_url":"https:\/\/www.bellunopress.it\/fr\/2013\/02\/24\/biblioteca-civica-di-belluno-il-calendario-delle-iniziative-in-programma\/","og_site_name":"Bellunopress - Dolomiti","article_publisher":"https:\/\/www.facebook.com\/profile.php?id=100008943462799","article_published_time":"2013-02-24T08:42:09+00:00","og_image":[{"url":"http:\/\/www.bellunopress.it\/wp-content\/uploads\/2012\/07\/logo-bellunopress-250x250-2012.jpg","type":"","width":"","height":""}],"author":"redazione","twitter_card":"summary_large_image","twitter_creator":"@bellunopress","twitter_site":"@bellunopress","twitter_misc":{"Written by":"redazione","Est. reading time":"7 minutes"},"schema":{"@context":"https:\/\/schema.org","@graph":[{"@type":"Article","@id":"https:\/\/www.bellunopress.it\/2013\/02\/24\/biblioteca-civica-di-belluno-il-calendario-delle-iniziative-in-programma\/#article","isPartOf":{"@id":"https:\/\/www.bellunopress.it\/2013\/02\/24\/biblioteca-civica-di-belluno-il-calendario-delle-iniziative-in-programma\/"},"author":{"name":"redazione","@id":"https:\/\/www.bellunopress.it\/#\/schema\/person\/79bb06722b37ece1c03d3e94beb30d73"},"headline":"Biblioteca civica di Belluno. Il calendario delle iniziative in programma","datePublished":"2013-02-24T08:42:09+00:00","mainEntityOfPage":{"@id":"https:\/\/www.bellunopress.it\/2013\/02\/24\/biblioteca-civica-di-belluno-il-calendario-delle-iniziative-in-programma\/"},"wordCount":1508,"publisher":{"@id":"https:\/\/www.bellunopress.it\/#organization"},"articleSection":["Appuntamenti, Eventi","Arte, Cultura, Spettacoli, Scienza","Pausa Caff\u00e8"],"inLanguage":"fr-FR"},{"@type":"WebPage","@id":"https:\/\/www.bellunopress.it\/2013\/02\/24\/biblioteca-civica-di-belluno-il-calendario-delle-iniziative-in-programma\/","url":"https:\/\/www.bellunopress.it\/2013\/02\/24\/biblioteca-civica-di-belluno-il-calendario-delle-iniziative-in-programma\/","name":"Biblioteca civica di Belluno. Il calendario delle iniziative in programma - Bellunopress - Dolomiti","isPartOf":{"@id":"https:\/\/www.bellunopress.it\/#website"},"datePublished":"2013-02-24T08:42:09+00:00","breadcrumb":{"@id":"https:\/\/www.bellunopress.it\/2013\/02\/24\/biblioteca-civica-di-belluno-il-calendario-delle-iniziative-in-programma\/#breadcrumb"},"inLanguage":"fr-FR","potentialAction":[{"@type":"ReadAction","target":["https:\/\/www.bellunopress.it\/2013\/02\/24\/biblioteca-civica-di-belluno-il-calendario-delle-iniziative-in-programma\/"]}]},{"@type":"BreadcrumbList","@id":"https:\/\/www.bellunopress.it\/2013\/02\/24\/biblioteca-civica-di-belluno-il-calendario-delle-iniziative-in-programma\/#breadcrumb","itemListElement":[{"@type":"ListItem","position":1,"name":"Home","item":"https:\/\/www.bellunopress.it\/"},{"@type":"ListItem","position":2,"name":"Biblioteca civica di Belluno. Il calendario delle iniziative in programma"}]},{"@type":"WebSite","@id":"https:\/\/www.bellunopress.it\/#website","url":"https:\/\/www.bellunopress.it\/","name":"Bellunopress - Dolomiti","description":"e-mail: redazione@bellunopress.it","publisher":{"@id":"https:\/\/www.bellunopress.it\/#organization"},"potentialAction":[{"@type":"SearchAction","target":{"@type":"EntryPoint","urlTemplate":"https:\/\/www.bellunopress.it\/?s={search_term_string}"},"query-input":{"@type":"PropertyValueSpecification","valueRequired":true,"valueName":"search_term_string"}}],"inLanguage":"fr-FR"},{"@type":"Organization","@id":"https:\/\/www.bellunopress.it\/#organization","name":"Bellunopress","url":"https:\/\/www.bellunopress.it\/","logo":{"@type":"ImageObject","inLanguage":"fr-FR","@id":"https:\/\/www.bellunopress.it\/#\/schema\/logo\/image\/","url":"https:\/\/www.bellunopress.it\/wp-content\/uploads\/2011\/05\/cropped-logo-bellunopress-.jpg","contentUrl":"https:\/\/www.bellunopress.it\/wp-content\/uploads\/2011\/05\/cropped-logo-bellunopress-.jpg","width":512,"height":512,"caption":"Bellunopress"},"image":{"@id":"https:\/\/www.bellunopress.it\/#\/schema\/logo\/image\/"},"sameAs":["https:\/\/www.facebook.com\/profile.php?id=100008943462799","https:\/\/x.com\/bellunopress","https:\/\/www.linkedin.com\/hp\/?dnr=JBzUWaJfMUw8vbXJJ2tVW5-I3jZKvC4wsoxE&amp;amp;amp;amp;amp;amp;trk=nav_responsive_tab_home","https:\/\/www.youtube.com\/channel\/UCxL0wu1uN0_3_7hGG0306cw"]},{"@type":"Person","@id":"https:\/\/www.bellunopress.it\/#\/schema\/person\/79bb06722b37ece1c03d3e94beb30d73","name":"r\u00e9daction","image":{"@type":"ImageObject","inLanguage":"fr-FR","@id":"https:\/\/secure.gravatar.com\/avatar\/37d968a2e67a6fd04c169c4bdef102d0bc5d31b2546345219e348575eb80e9a0?s=96&d=mm&r=g","url":"https:\/\/secure.gravatar.com\/avatar\/37d968a2e67a6fd04c169c4bdef102d0bc5d31b2546345219e348575eb80e9a0?s=96&d=mm&r=g","contentUrl":"https:\/\/secure.gravatar.com\/avatar\/37d968a2e67a6fd04c169c4bdef102d0bc5d31b2546345219e348575eb80e9a0?s=96&d=mm&r=g","caption":"redazione"},"sameAs":["http:\/\/www.bellunopress.it","https:\/\/x.com\/bellunopress"],"url":"https:\/\/www.bellunopress.it\/fr\/author\/redazione\/"}]}},"_links":{"self":[{"href":"https:\/\/www.bellunopress.it\/fr\/wp-json\/wp\/v2\/posts\/47056","targetHints":{"allow":["GET"]}}],"collection":[{"href":"https:\/\/www.bellunopress.it\/fr\/wp-json\/wp\/v2\/posts"}],"about":[{"href":"https:\/\/www.bellunopress.it\/fr\/wp-json\/wp\/v2\/types\/post"}],"author":[{"embeddable":true,"href":"https:\/\/www.bellunopress.it\/fr\/wp-json\/wp\/v2\/users\/2"}],"replies":[{"embeddable":true,"href":"https:\/\/www.bellunopress.it\/fr\/wp-json\/wp\/v2\/comments?post=47056"}],"version-history":[{"count":1,"href":"https:\/\/www.bellunopress.it\/fr\/wp-json\/wp\/v2\/posts\/47056\/revisions"}],"predecessor-version":[{"id":47057,"href":"https:\/\/www.bellunopress.it\/fr\/wp-json\/wp\/v2\/posts\/47056\/revisions\/47057"}],"wp:attachment":[{"href":"https:\/\/www.bellunopress.it\/fr\/wp-json\/wp\/v2\/media?parent=47056"}],"wp:term":[{"taxonomy":"category","embeddable":true,"href":"https:\/\/www.bellunopress.it\/fr\/wp-json\/wp\/v2\/categories?post=47056"},{"taxonomy":"post_tag","embeddable":true,"href":"https:\/\/www.bellunopress.it\/fr\/wp-json\/wp\/v2\/tags?post=47056"}],"curies":[{"name":"wp","href":"https:\/\/api.w.org\/{rel}","templated":true}]}}