{"id":47051,"date":"2013-02-24T01:07:29","date_gmt":"2013-02-24T00:07:29","guid":{"rendered":"http:\/\/www.bellunopress.it\/?p=47051"},"modified":"2013-02-24T01:07:29","modified_gmt":"2013-02-24T00:07:29","slug":"john-taylor-montecarlo-nellalbo-doro-del-cortina-winter-polo-il-polo-team-capitanato-da-rommy-gianni-batte-in-finale-il-team-audi","status":"publish","type":"post","link":"https:\/\/www.bellunopress.it\/fr\/2013\/02\/24\/john-taylor-montecarlo-nellalbo-doro-del-cortina-winter-polo-il-polo-team-capitanato-da-rommy-gianni-batte-in-finale-il-team-audi\/","title":{"rendered":"John Taylor &#8211; Montecarlo nell&#8217;albo d&#8217;oro del Cortina Winter Polo. Il Polo team capitanato da Rommy Gianni batte in finale il team Audi"},"content":{"rendered":"<p><a href=\"http:\/\/www.bellunopress.it\/wp-content\/uploads\/2013\/02\/cortina-winter-polo1.jpg\"><img loading=\"lazy\" decoding=\"async\" class=\"alignleft size-full wp-image-46884\" alt=\"cortina winter polo\" src=\"http:\/\/www.bellunopress.it\/wp-content\/uploads\/2013\/02\/cortina-winter-polo1.jpg\" width=\"290\" height=\"226\" \/><\/a>Cortina d\u2019Ampezzo \u2013 Pioggia di applausi, come da rituale, di champagne per il John Taylor Montecarlo Polo Team che, si \u00e8 aggiudicato la 24\u00b0 edizione del Cortina Winter Polo \u2013 Audi Gold Cup. Sul campo di Fiames, alle pendici dell\u2019imponente Monte Pomagagnon, ha battuto oggi in finale (10-6,5) il team Audi. Rommy Gianni, Luca D\u2019Orazio e l\u2019argentino Dario Musso, lo zoccolo duro del team vincitore che quest\u2019anno ha visto in campo anche l\u2019argentino Juan Cruz Greguoli , si confermano come i giocatori pi\u00f9 vincenti del torneo ampezzano su neve: ciascuno con sei successi. Per Dario Musso anche il titolo di \u201cgoleador\u201d con 20 centri. La finale per il terzo posto \u00e8 andata al team U.S. Polo Assn. che ha liquidato 8 \u2013 4 l\u2019Hotel de la Poste. Tempo incerto ma Polo Villa gremito di ospiti e buona affluenza nel parterre. Premi speciali sono stati assegnati al miglior cavallo Turron (maschio baio di 9 anni del team Audi, di propriet\u00e0 di Fabio Acampora) al miglior giocatore italiano Fabrizio Bulgarini, premiato dalla Presidente della FISE, Antonella Dallari, sempre dell\u2019Audi. Il Premio Fair Play Renato Manaigo \u00e8 stato assegnato al capitano della U.S. Polo Assn. Richard Fagan, mentre il 14enne Teodoro Neuforge (Ruinart Polo Team) \u00e8 stato premiato come giocatore pi\u00f9 giovane del torneo. Domani con lo show dell\u2019Audi Day cala il sipario sul primo atto dell\u2019Audi Polo Gold Cup Circuit che a giugno (dal 25 al 29) far\u00e0 rotta sulla capitale, nella storica sede del Roma Polo Club, per la Roma Summer Polo.<\/p>\n<p>&nbsp;<\/p>\n<p>U.S. POLO ASSN. TEAM VS HOTEL DE LA POSTE POLO TEAM 8 A 4<\/p>\n<p>L\u2019U.S. Polo Assn. Team (capitano Richard Fagan, Marcus Hancock, Marcus Araya, Santiago Torreguitar) domina l\u2019incontro valido per l\u2019assegnazione del 3\u00b0 e 4\u00b0 posto. Con Araya scatenato \u2013 tre sue belle discese vanno subito a segno, una con conclusione di Torreguitar \u2013 e Hancock che lo spalleggia con un paio di micidiali contropiedi, il quartetto di Hotel de la Poste Polo Team (capitano Gif Turati, Oscar Carona, Diego White, Franco Piazza, Luis Neuforge) oppone una scarsa resistenza al team britannico. Per altro, con l\u2019ingresso in campo di Neuforge al posto di Piazza (infortunio) nel secondo tempo, gli viene tolto anche il mezzo goal di vantaggio iniziale, perch\u00e9 gli handicap complessivi sono ora pari. Al quarto tempo l\u2019U.S. Polo Assn., con sette goal di distacco e sicuro del 3\u00b0 posto, tira il fiato. Ne approfittano per\u00f2 gli avversari per ridurre le distanze.<\/p>\n<p>&nbsp;<\/p>\n<p>1\u00b0 chukker U.S. Polo Assn. Polo Team 3 &#8211; Hotel de la Poste Polo Team 0<\/p>\n<p>Hancock (1) US Polo Assn.<\/p>\n<p>Torreguitar (1) US Polo Assn.<\/p>\n<p>Araya (1) US Polo Assn.<\/p>\n<p>2\u00b0 chukker U.S. Polo Assn. 5 &#8211; Hotel de la Poste 0<\/p>\n<p>Araya (2) US Polo Assn.<\/p>\n<p>3\u00b0 chukker U.S. Polo Assn. 8 &#8211; Hotel de la Poste 1<\/p>\n<p>Araya (2) US Polo Assn.<\/p>\n<p>Hancock (1) US Polo Assn.<\/p>\n<p>Neuforge (1) Hotel de la Poste<\/p>\n<p>4\u00b0 chukker U.S. Polo Assn. 8 &#8211; Hotel de la Poste 4<\/p>\n<p>White (1) Hotel de la Poste<\/p>\n<p>Carona (2) Hotel de la Poste<\/p>\n<p>&nbsp;<\/p>\n<p>JOHN TAYLOR-MONTECARLO POLO TEAM VS AUDI POLO TEAM 10 A 6 1\/2<\/p>\n<p>Il John Taylor-Montecarlo Polo Team (capitano Rommy Gianni, Luca D\u2019Orazio, Davide Musso, Juan Cruz Greguoli) al fischio d\u2019inizio fa capire subito le sue intenzioni: Greguoli si impadronisce della palla e va a segnare in solitario. Poi, tra il primo e il terzo tempo, Musso dilaga. Firma, una dietro l\u2019altra, cinque marcature, sfiora due volte il palo destro avversario e imbastisce il 90 % delle incursioni nell\u2019area dell\u2019Audi Polo Team (capitano Davide Nanni, Paolo Santambrogio, David Bernal, Fabrizio Bulgarini). I goal messi a segno da D\u2019Orazio e Gianni scaturiscono da azioni condotte proprio da Musso nella met\u00e0 campo avversaria. Un altro contropiede di Greguoli sembra mettere in ginocchio la squadra di capitan Nanni, la quale in tre chukker riesce a mettere a segno solo un goal in due penalty da 40 yards battuti da Bernal. Invece la partita \u2013 molto veloce e spettacolare, pur se interrotta da numerose punizioni \u2013 ha avuto nel quarto tempo un\u2019impennata dell\u2019Audi, il quale, con il solito Bernal metteva a segno ben quattro goal in altrettanti minuti. \u201cLa saga dei<\/p>\n<p>Gianni continua\u201d, gridava felice Rommy Gianni a successo ottenuto, \u201cla mia famiglia ha vinto 8 volte a Cortina, di cui 6 negli ultimi 12 anni\u201d. Pacato e soddisfatto Davide Nanni: \u201cNon eravamo tra i favoriti a disputare la finale ed invece, partita dopo partita, ci siamo arrivati\u201d. Musso conquista per la terza volta la classifica di capocannoniere (20 goal).<\/p>\n<p>&nbsp;<\/p>\n<p>1\u00b0 chukker John Taylor-Montecarlo Polo Team 2 &#8211; Audi Polo Team 1\/2<\/p>\n<p>vantaggio (1 \u00bd) Audi<\/p>\n<p>Greguoli (1) John Taylor-Montecarlo<\/p>\n<p>Musso (1) John Taylor-Montecarlo<\/p>\n<p>2\u00b0 chukker John Taylor-Montecarlo 5 &#8211; Audi 2 1\/2<\/p>\n<p>Musso (3) John Taylor-Montecarlo<\/p>\n<p>Bernal (1) Audi<\/p>\n<p>3\u00b0 chukker John Taylor-Montecarlo 8 &#8211; Audi 2 1\/2<\/p>\n<p>Musso (1) John Taylor-Montecarlo<\/p>\n<p>D\u2019Orazio (1) John Taylor-Montecarlo<\/p>\n<p>Greguoli (1) John Taylor-Montecarlo<\/p>\n<p>4\u00b0 chukker John Taylor-Montecarlo 10 &#8211; Audi 6 1\/2<\/p>\n<p>Gianni (1) John Taylor-Montecarlo<\/p>\n<p>D\u2019Orazio (1) John Taylor-Montecarlo<\/p>\n<p>Bernal (4) Audi<\/p>\n<p>&nbsp;<\/p>\n<p>&nbsp;<\/p>","protected":false},"excerpt":{"rendered":"<p>Cortina d\u2019Ampezzo \u2013 Pioggia di applausi, come da rituale, di champagne per il John Taylor Montecarlo Polo Team che, si \u00e8 aggiudicato la 24\u00b0 edizione del Cortina Winter Polo \u2013 Audi Gold Cup. Sul campo di Fiames, alle pendici dell\u2019imponente Monte Pomagagnon, ha battuto oggi in finale (10-6,5) il team Audi. Rommy Gianni, Luca D\u2019Orazio [&hellip;]<\/p>\n","protected":false},"author":2,"featured_media":0,"comment_status":"closed","ping_status":"open","sticky":false,"template":"","format":"standard","meta":{"footnotes":""},"categories":[26,8,4],"tags":[],"class_list":["post-47051","post","type-post","status-publish","format-standard","category-prima-pagina","category-societa-istituzioni","category-sport"],"yoast_head":"<!-- This site is optimized with the Yoast SEO plugin v28.4 - https:\/\/yoast.com\/product\/yoast-seo-wordpress\/ -->\n<title>John Taylor - Montecarlo nell&#039;albo d&#039;oro del Cortina Winter Polo. Il Polo team capitanato da Rommy Gianni batte in finale il team Audi - Bellunopress - Dolomiti<\/title>\n<meta name=\"robots\" content=\"index, follow, max-snippet:-1, max-image-preview:large, max-video-preview:-1\" \/>\n<link rel=\"canonical\" href=\"https:\/\/www.bellunopress.it\/fr\/2013\/02\/24\/john-taylor-montecarlo-nellalbo-doro-del-cortina-winter-polo-il-polo-team-capitanato-da-rommy-gianni-batte-in-finale-il-team-audi\/\" \/>\n<meta property=\"og:locale\" content=\"fr_FR\" \/>\n<meta property=\"og:type\" content=\"article\" \/>\n<meta property=\"og:title\" content=\"John Taylor - Montecarlo nell&#039;albo d&#039;oro del Cortina Winter Polo. Il Polo team capitanato da Rommy Gianni batte in finale il team Audi - Bellunopress - Dolomiti\" \/>\n<meta property=\"og:description\" content=\"Cortina d\u2019Ampezzo \u2013 Pioggia di applausi, come da rituale, di champagne per il John Taylor Montecarlo Polo Team che, si \u00e8 aggiudicato la 24\u00b0 edizione del Cortina Winter Polo \u2013 Audi Gold Cup. Sul campo di Fiames, alle pendici dell\u2019imponente Monte Pomagagnon, ha battuto oggi in finale (10-6,5) il team Audi. Rommy Gianni, Luca D\u2019Orazio [&hellip;]\" \/>\n<meta property=\"og:url\" content=\"https:\/\/www.bellunopress.it\/fr\/2013\/02\/24\/john-taylor-montecarlo-nellalbo-doro-del-cortina-winter-polo-il-polo-team-capitanato-da-rommy-gianni-batte-in-finale-il-team-audi\/\" \/>\n<meta property=\"og:site_name\" content=\"Bellunopress - Dolomiti\" \/>\n<meta property=\"article:publisher\" content=\"https:\/\/www.facebook.com\/profile.php?id=100008943462799\" \/>\n<meta property=\"article:published_time\" content=\"2013-02-24T00:07:29+00:00\" \/>\n<meta property=\"og:image\" content=\"http:\/\/www.bellunopress.it\/wp-content\/uploads\/2013\/02\/cortina-winter-polo1.jpg\" \/>\n<meta name=\"author\" content=\"redazione\" \/>\n<meta name=\"twitter:card\" content=\"summary_large_image\" \/>\n<meta name=\"twitter:creator\" content=\"@bellunopress\" \/>\n<meta name=\"twitter:site\" content=\"@bellunopress\" \/>\n<meta name=\"twitter:label1\" content=\"\u00c9crit par\" \/>\n\t<meta name=\"twitter:data1\" content=\"redazione\" \/>\n\t<meta name=\"twitter:label2\" content=\"Dur\u00e9e de lecture estim\u00e9e\" \/>\n\t<meta name=\"twitter:data2\" content=\"4 minutes\" \/>\n<script type=\"application\/ld+json\" class=\"yoast-schema-graph\">{\"@context\":\"https:\\\/\\\/schema.org\",\"@graph\":[{\"@type\":\"Article\",\"@id\":\"https:\\\/\\\/www.bellunopress.it\\\/2013\\\/02\\\/24\\\/john-taylor-montecarlo-nellalbo-doro-del-cortina-winter-polo-il-polo-team-capitanato-da-rommy-gianni-batte-in-finale-il-team-audi\\\/#article\",\"isPartOf\":{\"@id\":\"https:\\\/\\\/www.bellunopress.it\\\/2013\\\/02\\\/24\\\/john-taylor-montecarlo-nellalbo-doro-del-cortina-winter-polo-il-polo-team-capitanato-da-rommy-gianni-batte-in-finale-il-team-audi\\\/\"},\"author\":{\"name\":\"redazione\",\"@id\":\"https:\\\/\\\/www.bellunopress.it\\\/#\\\/schema\\\/person\\\/79bb06722b37ece1c03d3e94beb30d73\"},\"headline\":\"John Taylor &#8211; Montecarlo nell&#8217;albo d&#8217;oro del Cortina Winter Polo. Il Polo team capitanato da Rommy Gianni batte in finale il team Audi\",\"datePublished\":\"2013-02-24T00:07:29+00:00\",\"mainEntityOfPage\":{\"@id\":\"https:\\\/\\\/www.bellunopress.it\\\/2013\\\/02\\\/24\\\/john-taylor-montecarlo-nellalbo-doro-del-cortina-winter-polo-il-polo-team-capitanato-da-rommy-gianni-batte-in-finale-il-team-audi\\\/\"},\"wordCount\":814,\"publisher\":{\"@id\":\"https:\\\/\\\/www.bellunopress.it\\\/#organization\"},\"image\":{\"@id\":\"https:\\\/\\\/www.bellunopress.it\\\/2013\\\/02\\\/24\\\/john-taylor-montecarlo-nellalbo-doro-del-cortina-winter-polo-il-polo-team-capitanato-da-rommy-gianni-batte-in-finale-il-team-audi\\\/#primaryimage\"},\"thumbnailUrl\":\"http:\\\/\\\/www.bellunopress.it\\\/wp-content\\\/uploads\\\/2013\\\/02\\\/cortina-winter-polo1.jpg\",\"articleSection\":[\"Prima Pagina\",\"Societ\u00e0, Associazioni, Istituzioni\",\"Sport, tempo libero\"],\"inLanguage\":\"fr-FR\"},{\"@type\":\"WebPage\",\"@id\":\"https:\\\/\\\/www.bellunopress.it\\\/2013\\\/02\\\/24\\\/john-taylor-montecarlo-nellalbo-doro-del-cortina-winter-polo-il-polo-team-capitanato-da-rommy-gianni-batte-in-finale-il-team-audi\\\/\",\"url\":\"https:\\\/\\\/www.bellunopress.it\\\/2013\\\/02\\\/24\\\/john-taylor-montecarlo-nellalbo-doro-del-cortina-winter-polo-il-polo-team-capitanato-da-rommy-gianni-batte-in-finale-il-team-audi\\\/\",\"name\":\"John Taylor - Montecarlo nell'albo d'oro del Cortina Winter Polo. Il Polo team capitanato da Rommy Gianni batte in finale il team Audi - Bellunopress - Dolomiti\",\"isPartOf\":{\"@id\":\"https:\\\/\\\/www.bellunopress.it\\\/#website\"},\"primaryImageOfPage\":{\"@id\":\"https:\\\/\\\/www.bellunopress.it\\\/2013\\\/02\\\/24\\\/john-taylor-montecarlo-nellalbo-doro-del-cortina-winter-polo-il-polo-team-capitanato-da-rommy-gianni-batte-in-finale-il-team-audi\\\/#primaryimage\"},\"image\":{\"@id\":\"https:\\\/\\\/www.bellunopress.it\\\/2013\\\/02\\\/24\\\/john-taylor-montecarlo-nellalbo-doro-del-cortina-winter-polo-il-polo-team-capitanato-da-rommy-gianni-batte-in-finale-il-team-audi\\\/#primaryimage\"},\"thumbnailUrl\":\"http:\\\/\\\/www.bellunopress.it\\\/wp-content\\\/uploads\\\/2013\\\/02\\\/cortina-winter-polo1.jpg\",\"datePublished\":\"2013-02-24T00:07:29+00:00\",\"breadcrumb\":{\"@id\":\"https:\\\/\\\/www.bellunopress.it\\\/2013\\\/02\\\/24\\\/john-taylor-montecarlo-nellalbo-doro-del-cortina-winter-polo-il-polo-team-capitanato-da-rommy-gianni-batte-in-finale-il-team-audi\\\/#breadcrumb\"},\"inLanguage\":\"fr-FR\",\"potentialAction\":[{\"@type\":\"ReadAction\",\"target\":[\"https:\\\/\\\/www.bellunopress.it\\\/2013\\\/02\\\/24\\\/john-taylor-montecarlo-nellalbo-doro-del-cortina-winter-polo-il-polo-team-capitanato-da-rommy-gianni-batte-in-finale-il-team-audi\\\/\"]}]},{\"@type\":\"ImageObject\",\"inLanguage\":\"fr-FR\",\"@id\":\"https:\\\/\\\/www.bellunopress.it\\\/2013\\\/02\\\/24\\\/john-taylor-montecarlo-nellalbo-doro-del-cortina-winter-polo-il-polo-team-capitanato-da-rommy-gianni-batte-in-finale-il-team-audi\\\/#primaryimage\",\"url\":\"http:\\\/\\\/www.bellunopress.it\\\/wp-content\\\/uploads\\\/2013\\\/02\\\/cortina-winter-polo1.jpg\",\"contentUrl\":\"http:\\\/\\\/www.bellunopress.it\\\/wp-content\\\/uploads\\\/2013\\\/02\\\/cortina-winter-polo1.jpg\"},{\"@type\":\"BreadcrumbList\",\"@id\":\"https:\\\/\\\/www.bellunopress.it\\\/2013\\\/02\\\/24\\\/john-taylor-montecarlo-nellalbo-doro-del-cortina-winter-polo-il-polo-team-capitanato-da-rommy-gianni-batte-in-finale-il-team-audi\\\/#breadcrumb\",\"itemListElement\":[{\"@type\":\"ListItem\",\"position\":1,\"name\":\"Home\",\"item\":\"https:\\\/\\\/www.bellunopress.it\\\/\"},{\"@type\":\"ListItem\",\"position\":2,\"name\":\"John Taylor &#8211; Montecarlo nell&#8217;albo d&#8217;oro del Cortina Winter Polo. Il Polo team capitanato da Rommy Gianni batte in finale il team Audi\"}]},{\"@type\":\"WebSite\",\"@id\":\"https:\\\/\\\/www.bellunopress.it\\\/#website\",\"url\":\"https:\\\/\\\/www.bellunopress.it\\\/\",\"name\":\"Bellunopress - Dolomiti\",\"description\":\"e-mail: redazione@bellunopress.it\",\"publisher\":{\"@id\":\"https:\\\/\\\/www.bellunopress.it\\\/#organization\"},\"potentialAction\":[{\"@type\":\"SearchAction\",\"target\":{\"@type\":\"EntryPoint\",\"urlTemplate\":\"https:\\\/\\\/www.bellunopress.it\\\/?s={search_term_string}\"},\"query-input\":{\"@type\":\"PropertyValueSpecification\",\"valueRequired\":true,\"valueName\":\"search_term_string\"}}],\"inLanguage\":\"fr-FR\"},{\"@type\":\"Organization\",\"@id\":\"https:\\\/\\\/www.bellunopress.it\\\/#organization\",\"name\":\"Bellunopress\",\"url\":\"https:\\\/\\\/www.bellunopress.it\\\/\",\"logo\":{\"@type\":\"ImageObject\",\"inLanguage\":\"fr-FR\",\"@id\":\"https:\\\/\\\/www.bellunopress.it\\\/#\\\/schema\\\/logo\\\/image\\\/\",\"url\":\"https:\\\/\\\/www.bellunopress.it\\\/wp-content\\\/uploads\\\/2011\\\/05\\\/cropped-logo-bellunopress-.jpg\",\"contentUrl\":\"https:\\\/\\\/www.bellunopress.it\\\/wp-content\\\/uploads\\\/2011\\\/05\\\/cropped-logo-bellunopress-.jpg\",\"width\":512,\"height\":512,\"caption\":\"Bellunopress\"},\"image\":{\"@id\":\"https:\\\/\\\/www.bellunopress.it\\\/#\\\/schema\\\/logo\\\/image\\\/\"},\"sameAs\":[\"https:\\\/\\\/www.facebook.com\\\/profile.php?id=100008943462799\",\"https:\\\/\\\/x.com\\\/bellunopress\",\"https:\\\/\\\/www.linkedin.com\\\/hp\\\/?dnr=JBzUWaJfMUw8vbXJJ2tVW5-I3jZKvC4wsoxE&amp;amp;amp;amp;amp;amp;trk=nav_responsive_tab_home\",\"https:\\\/\\\/www.youtube.com\\\/channel\\\/UCxL0wu1uN0_3_7hGG0306cw\"]},{\"@type\":\"Person\",\"@id\":\"https:\\\/\\\/www.bellunopress.it\\\/#\\\/schema\\\/person\\\/79bb06722b37ece1c03d3e94beb30d73\",\"name\":\"redazione\",\"image\":{\"@type\":\"ImageObject\",\"inLanguage\":\"fr-FR\",\"@id\":\"https:\\\/\\\/secure.gravatar.com\\\/avatar\\\/37d968a2e67a6fd04c169c4bdef102d0bc5d31b2546345219e348575eb80e9a0?s=96&d=mm&r=g\",\"url\":\"https:\\\/\\\/secure.gravatar.com\\\/avatar\\\/37d968a2e67a6fd04c169c4bdef102d0bc5d31b2546345219e348575eb80e9a0?s=96&d=mm&r=g\",\"contentUrl\":\"https:\\\/\\\/secure.gravatar.com\\\/avatar\\\/37d968a2e67a6fd04c169c4bdef102d0bc5d31b2546345219e348575eb80e9a0?s=96&d=mm&r=g\",\"caption\":\"redazione\"},\"sameAs\":[\"http:\\\/\\\/www.bellunopress.it\",\"https:\\\/\\\/x.com\\\/bellunopress\"],\"url\":\"https:\\\/\\\/www.bellunopress.it\\\/fr\\\/author\\\/redazione\\\/\"}]}<\/script>\n<!-- \/ Yoast SEO plugin. -->","yoast_head_json":{"title":"John Taylor - Montecarlo nell'albo d'oro del Cortina Winter Polo. Il Polo team capitanato da Rommy Gianni batte in finale il team Audi - Bellunopress - Dolomiti","robots":{"index":"index","follow":"follow","max-snippet":"max-snippet:-1","max-image-preview":"max-image-preview:large","max-video-preview":"max-video-preview:-1"},"canonical":"https:\/\/www.bellunopress.it\/fr\/2013\/02\/24\/john-taylor-montecarlo-nellalbo-doro-del-cortina-winter-polo-il-polo-team-capitanato-da-rommy-gianni-batte-in-finale-il-team-audi\/","og_locale":"fr_FR","og_type":"article","og_title":"John Taylor - Montecarlo nell'albo d'oro del Cortina Winter Polo. Il Polo team capitanato da Rommy Gianni batte in finale il team Audi - Bellunopress - Dolomiti","og_description":"Cortina d\u2019Ampezzo \u2013 Pioggia di applausi, come da rituale, di champagne per il John Taylor Montecarlo Polo Team che, si \u00e8 aggiudicato la 24\u00b0 edizione del Cortina Winter Polo \u2013 Audi Gold Cup. Sul campo di Fiames, alle pendici dell\u2019imponente Monte Pomagagnon, ha battuto oggi in finale (10-6,5) il team Audi. Rommy Gianni, Luca D\u2019Orazio [&hellip;]","og_url":"https:\/\/www.bellunopress.it\/fr\/2013\/02\/24\/john-taylor-montecarlo-nellalbo-doro-del-cortina-winter-polo-il-polo-team-capitanato-da-rommy-gianni-batte-in-finale-il-team-audi\/","og_site_name":"Bellunopress - Dolomiti","article_publisher":"https:\/\/www.facebook.com\/profile.php?id=100008943462799","article_published_time":"2013-02-24T00:07:29+00:00","og_image":[{"url":"http:\/\/www.bellunopress.it\/wp-content\/uploads\/2013\/02\/cortina-winter-polo1.jpg","type":"","width":"","height":""}],"author":"redazione","twitter_card":"summary_large_image","twitter_creator":"@bellunopress","twitter_site":"@bellunopress","twitter_misc":{"\u00c9crit par":"redazione","Dur\u00e9e de lecture estim\u00e9e":"4 minutes"},"schema":{"@context":"https:\/\/schema.org","@graph":[{"@type":"Article","@id":"https:\/\/www.bellunopress.it\/2013\/02\/24\/john-taylor-montecarlo-nellalbo-doro-del-cortina-winter-polo-il-polo-team-capitanato-da-rommy-gianni-batte-in-finale-il-team-audi\/#article","isPartOf":{"@id":"https:\/\/www.bellunopress.it\/2013\/02\/24\/john-taylor-montecarlo-nellalbo-doro-del-cortina-winter-polo-il-polo-team-capitanato-da-rommy-gianni-batte-in-finale-il-team-audi\/"},"author":{"name":"redazione","@id":"https:\/\/www.bellunopress.it\/#\/schema\/person\/79bb06722b37ece1c03d3e94beb30d73"},"headline":"John Taylor &#8211; Montecarlo nell&#8217;albo d&#8217;oro del Cortina Winter Polo. Il Polo team capitanato da Rommy Gianni batte in finale il team Audi","datePublished":"2013-02-24T00:07:29+00:00","mainEntityOfPage":{"@id":"https:\/\/www.bellunopress.it\/2013\/02\/24\/john-taylor-montecarlo-nellalbo-doro-del-cortina-winter-polo-il-polo-team-capitanato-da-rommy-gianni-batte-in-finale-il-team-audi\/"},"wordCount":814,"publisher":{"@id":"https:\/\/www.bellunopress.it\/#organization"},"image":{"@id":"https:\/\/www.bellunopress.it\/2013\/02\/24\/john-taylor-montecarlo-nellalbo-doro-del-cortina-winter-polo-il-polo-team-capitanato-da-rommy-gianni-batte-in-finale-il-team-audi\/#primaryimage"},"thumbnailUrl":"http:\/\/www.bellunopress.it\/wp-content\/uploads\/2013\/02\/cortina-winter-polo1.jpg","articleSection":["Prima Pagina","Societ\u00e0, Associazioni, Istituzioni","Sport, tempo libero"],"inLanguage":"fr-FR"},{"@type":"WebPage","@id":"https:\/\/www.bellunopress.it\/2013\/02\/24\/john-taylor-montecarlo-nellalbo-doro-del-cortina-winter-polo-il-polo-team-capitanato-da-rommy-gianni-batte-in-finale-il-team-audi\/","url":"https:\/\/www.bellunopress.it\/2013\/02\/24\/john-taylor-montecarlo-nellalbo-doro-del-cortina-winter-polo-il-polo-team-capitanato-da-rommy-gianni-batte-in-finale-il-team-audi\/","name":"John Taylor - Montecarlo nell'albo d'oro del Cortina Winter Polo. Il Polo team capitanato da Rommy Gianni batte in finale il team Audi - Bellunopress - Dolomiti","isPartOf":{"@id":"https:\/\/www.bellunopress.it\/#website"},"primaryImageOfPage":{"@id":"https:\/\/www.bellunopress.it\/2013\/02\/24\/john-taylor-montecarlo-nellalbo-doro-del-cortina-winter-polo-il-polo-team-capitanato-da-rommy-gianni-batte-in-finale-il-team-audi\/#primaryimage"},"image":{"@id":"https:\/\/www.bellunopress.it\/2013\/02\/24\/john-taylor-montecarlo-nellalbo-doro-del-cortina-winter-polo-il-polo-team-capitanato-da-rommy-gianni-batte-in-finale-il-team-audi\/#primaryimage"},"thumbnailUrl":"http:\/\/www.bellunopress.it\/wp-content\/uploads\/2013\/02\/cortina-winter-polo1.jpg","datePublished":"2013-02-24T00:07:29+00:00","breadcrumb":{"@id":"https:\/\/www.bellunopress.it\/2013\/02\/24\/john-taylor-montecarlo-nellalbo-doro-del-cortina-winter-polo-il-polo-team-capitanato-da-rommy-gianni-batte-in-finale-il-team-audi\/#breadcrumb"},"inLanguage":"fr-FR","potentialAction":[{"@type":"ReadAction","target":["https:\/\/www.bellunopress.it\/2013\/02\/24\/john-taylor-montecarlo-nellalbo-doro-del-cortina-winter-polo-il-polo-team-capitanato-da-rommy-gianni-batte-in-finale-il-team-audi\/"]}]},{"@type":"ImageObject","inLanguage":"fr-FR","@id":"https:\/\/www.bellunopress.it\/2013\/02\/24\/john-taylor-montecarlo-nellalbo-doro-del-cortina-winter-polo-il-polo-team-capitanato-da-rommy-gianni-batte-in-finale-il-team-audi\/#primaryimage","url":"http:\/\/www.bellunopress.it\/wp-content\/uploads\/2013\/02\/cortina-winter-polo1.jpg","contentUrl":"http:\/\/www.bellunopress.it\/wp-content\/uploads\/2013\/02\/cortina-winter-polo1.jpg"},{"@type":"BreadcrumbList","@id":"https:\/\/www.bellunopress.it\/2013\/02\/24\/john-taylor-montecarlo-nellalbo-doro-del-cortina-winter-polo-il-polo-team-capitanato-da-rommy-gianni-batte-in-finale-il-team-audi\/#breadcrumb","itemListElement":[{"@type":"ListItem","position":1,"name":"Home","item":"https:\/\/www.bellunopress.it\/"},{"@type":"ListItem","position":2,"name":"John Taylor &#8211; Montecarlo nell&#8217;albo d&#8217;oro del Cortina Winter Polo. Il Polo team capitanato da Rommy Gianni batte in finale il team Audi"}]},{"@type":"WebSite","@id":"https:\/\/www.bellunopress.it\/#website","url":"https:\/\/www.bellunopress.it\/","name":"Bellunopress - Dolomiti","description":"e-mail: redazione@bellunopress.it","publisher":{"@id":"https:\/\/www.bellunopress.it\/#organization"},"potentialAction":[{"@type":"SearchAction","target":{"@type":"EntryPoint","urlTemplate":"https:\/\/www.bellunopress.it\/?s={search_term_string}"},"query-input":{"@type":"PropertyValueSpecification","valueRequired":true,"valueName":"search_term_string"}}],"inLanguage":"fr-FR"},{"@type":"Organization","@id":"https:\/\/www.bellunopress.it\/#organization","name":"Bellunopress","url":"https:\/\/www.bellunopress.it\/","logo":{"@type":"ImageObject","inLanguage":"fr-FR","@id":"https:\/\/www.bellunopress.it\/#\/schema\/logo\/image\/","url":"https:\/\/www.bellunopress.it\/wp-content\/uploads\/2011\/05\/cropped-logo-bellunopress-.jpg","contentUrl":"https:\/\/www.bellunopress.it\/wp-content\/uploads\/2011\/05\/cropped-logo-bellunopress-.jpg","width":512,"height":512,"caption":"Bellunopress"},"image":{"@id":"https:\/\/www.bellunopress.it\/#\/schema\/logo\/image\/"},"sameAs":["https:\/\/www.facebook.com\/profile.php?id=100008943462799","https:\/\/x.com\/bellunopress","https:\/\/www.linkedin.com\/hp\/?dnr=JBzUWaJfMUw8vbXJJ2tVW5-I3jZKvC4wsoxE&amp;amp;amp;amp;amp;amp;trk=nav_responsive_tab_home","https:\/\/www.youtube.com\/channel\/UCxL0wu1uN0_3_7hGG0306cw"]},{"@type":"Person","@id":"https:\/\/www.bellunopress.it\/#\/schema\/person\/79bb06722b37ece1c03d3e94beb30d73","name":"r\u00e9daction","image":{"@type":"ImageObject","inLanguage":"fr-FR","@id":"https:\/\/secure.gravatar.com\/avatar\/37d968a2e67a6fd04c169c4bdef102d0bc5d31b2546345219e348575eb80e9a0?s=96&d=mm&r=g","url":"https:\/\/secure.gravatar.com\/avatar\/37d968a2e67a6fd04c169c4bdef102d0bc5d31b2546345219e348575eb80e9a0?s=96&d=mm&r=g","contentUrl":"https:\/\/secure.gravatar.com\/avatar\/37d968a2e67a6fd04c169c4bdef102d0bc5d31b2546345219e348575eb80e9a0?s=96&d=mm&r=g","caption":"redazione"},"sameAs":["http:\/\/www.bellunopress.it","https:\/\/x.com\/bellunopress"],"url":"https:\/\/www.bellunopress.it\/fr\/author\/redazione\/"}]}},"_links":{"self":[{"href":"https:\/\/www.bellunopress.it\/fr\/wp-json\/wp\/v2\/posts\/47051","targetHints":{"allow":["GET"]}}],"collection":[{"href":"https:\/\/www.bellunopress.it\/fr\/wp-json\/wp\/v2\/posts"}],"about":[{"href":"https:\/\/www.bellunopress.it\/fr\/wp-json\/wp\/v2\/types\/post"}],"author":[{"embeddable":true,"href":"https:\/\/www.bellunopress.it\/fr\/wp-json\/wp\/v2\/users\/2"}],"replies":[{"embeddable":true,"href":"https:\/\/www.bellunopress.it\/fr\/wp-json\/wp\/v2\/comments?post=47051"}],"version-history":[{"count":1,"href":"https:\/\/www.bellunopress.it\/fr\/wp-json\/wp\/v2\/posts\/47051\/revisions"}],"predecessor-version":[{"id":47052,"href":"https:\/\/www.bellunopress.it\/fr\/wp-json\/wp\/v2\/posts\/47051\/revisions\/47052"}],"wp:attachment":[{"href":"https:\/\/www.bellunopress.it\/fr\/wp-json\/wp\/v2\/media?parent=47051"}],"wp:term":[{"taxonomy":"category","embeddable":true,"href":"https:\/\/www.bellunopress.it\/fr\/wp-json\/wp\/v2\/categories?post=47051"},{"taxonomy":"post_tag","embeddable":true,"href":"https:\/\/www.bellunopress.it\/fr\/wp-json\/wp\/v2\/tags?post=47051"}],"curies":[{"name":"wp","href":"https:\/\/api.w.org\/{rel}","templated":true}]}}