{"id":47032,"date":"2013-02-23T17:58:30","date_gmt":"2013-02-23T16:58:30","guid":{"rendered":"http:\/\/www.bellunopress.it\/?p=47032"},"modified":"2013-02-23T17:58:30","modified_gmt":"2013-02-23T16:58:30","slug":"emergenza-ogm-anche-il-provincia-di-belluno-incontro-del-gruppo-coltivare-condividendo-in-regione-mercoledi-a-farra-di-feltre-nuovo-incontro-sugli-ogm","status":"publish","type":"post","link":"https:\/\/www.bellunopress.it\/fr\/2013\/02\/23\/emergenza-ogm-anche-il-provincia-di-belluno-incontro-del-gruppo-coltivare-condividendo-in-regione-mercoledi-a-farra-di-feltre-nuovo-incontro-sugli-ogm\/","title":{"rendered":"Emergenza Ogm anche il provincia di Belluno. Incontro del Gruppo Coltivare condividendo in Regione. Mercoled\u00ec a Farra di Feltre nuovo incontro sugli Ogm"},"content":{"rendered":"<p><a href=\"http:\/\/www.bellunopress.it\/wp-content\/uploads\/2013\/02\/coltivare-condividendo.jpg\"><img loading=\"lazy\" decoding=\"async\" class=\"alignleft size-full wp-image-46554\" alt=\"coltivare condividendo\" src=\"http:\/\/www.bellunopress.it\/wp-content\/uploads\/2013\/02\/coltivare-condividendo.jpg\" width=\"290\" height=\"164\" \/><\/a>Qualche mese fa una sentenza della Corte Europea, unitamente a una fortissima pressione svolta dalle multinazionali sementiere sugli organi comunitari, ha di fatto dato \u201cvia libera\u201d alla coltivazione di alcune variet\u00e0 di Organismi Geneticamente Modificati (le famigerate sementi Frankenstein) anche in quelle Nazioni in cui erano banditi.<\/p>\n<p>Diversi Paesi europei (Lussemburgo, Austria, Germania, Polonia, Bulgaria, Grecia, Ungheria.. ma anche Svizzera ecc..) hanno adottato la \u201cclausola di salvaguardia\u201d che blocca, a livello nazionale, questa \u201cliberalizzazione\u201d voluta dalla CE e di fatto hanno vietato ogni coltivazione OGM. Purtroppo in Italia tutto ci\u00f2 non \u00e8 stato fatto, ma, cosa assai grave, (nonostante si sia in piena campagna elettorale) di questa questione non si parla affatto<\/p>\n<p>Per questo motivo gioved\u00ec 21 febbraio una delegazione del Gruppo Coltivare Condividendo, assieme a esponenti di AIAB, di Dolomiti bio e del consorzio del Gialet, \u00e8 stata ricevuta dall&#8217;assessore all&#8217;agricoltura Manzato e da alcuni funzionari regionali.<\/p>\n<p>&#8220;In un clima sereno e costruttivo &#8211; riferisce il portavoce del Gruppo Coltivare Condividendo &#8211; \u00a0sono state esposte le forti preoccupazioni legate al rischio che fra poche settimane anche la nostra Terra venga stuprata da semine di mais OGM Monsanto. Cio&#8217; metterebbe a serio rischio il nostro patrimonio di biodiversit\u00e0. Infatti \u00e8 acclarato che gli OGM contaminano le altre variet\u00e0 di mais, e quindi le variet\u00e0 tipiche di mais Sponcio, Storo, Cinquantino, Fiorentin, Marano, Bianco Perla..e molte altre sono in serio pericolo.\u00a0\u00a0Ci ha molto rincuorato sentire che la Regione e l&#8217;assessore sono decisamente contrari agli OGM (convinti anche che l&#8217;introduzione degli Ogm comporterebbe notevoli costi economici per la comunit\u00e0 veneta). Si sono gi\u00e0 attivati (nella conferenza Stato Regioni) per chiedere l&#8217;adozione della clausola di salvaguardia Una contrariet\u00e0 agli Ogm condivisa da tutte le Regioni Italiane Si stanno comunque perseguendo anche altre vie, come ad esempio la clausola di blocco che ha tempi molto pi\u00f9 rapidi, \u00e8 sul tavolo del ministro dell&#8217;agricoltura. Tale clausola si ispira al reg 2008\/29 art 34 misure di emergenza. (simile a quella adottata dalla Francia).<\/p>\n<p>Qualora non venissero adottate le clausole suddette (prima delle semine) &#8211; prosegue il portavoce del Gruppo Coltivare Condividendo &#8211; ci \u00e8 stato garantito che la Regione attuer\u00e0 e potenzier\u00e0 una serie di misure atte a monitorare tutte le semine di mais che verranno effettuate nei prossimi mesi. Permanendo l&#8217;obbligo di comunicazione relativo ai tipi di sementi usate, saranno potenziati i controlli per tracciare eventuali partite di seme OGM Non si esclude l&#8217;ipotesi che in caso (probabilissimo) di moratoria per gli OGM si intervenga in campo per evitare la contaminazione del polline (anche con distruzione dei campi OGM) Abbiamo anche proposto l&#8217; introduzione di idonei indicatori su cui basare un sistema per l&#8217;accesso ai contributi, che premi l&#8217;utilizzo di sementi tradizionali ed escluda dai contributi coloro che seminano OGM.<\/p>\n<p>Queste iniziative della Regione, ma anche la crescente mobilitazione da parte di associazioni, di organizzazioni di categoria (in primis la coldiretti) e la forte opposizione della stragrande parte dei cittadini non ci fa abbassare la guardia.<\/p>\n<p>Infatti abbiamo organizzato per mercoled\u00ec 27 febbraio presso il centro giovani a Farra di Feltre (dalle ore 20.30) un incontro sulla questione \u201cemergenza OGM .. anche in provincia di Belluno\u201d. Un occasione per ribadire che l\u201cgli OGM sono una strada senza ritorno\u201d, la contaminazione che provocano \u00e8 permanente e la coesistenza con altre variet\u00e0 e metodologie di coltivazione \u00e8 incompatibile. Quindi per i (miseri) profitti di pochissime persone si compromette il futuro di un territorio e di una comunit\u00e0.. sempre pi\u00f9 indirizzata verso un agricoltura sana, sostenibile, tradizionale, tipica e biologica.<\/p>\n<p>Stiamo inoltre valutando molto attentamente l&#8217;ipotesi di seguire le vie legali verso chi sta distribuendo mais OGM Monsanto, in barba alla tracciabilit\u00e0, al fine di contaminare il territorio (pratica molto usata in Sud America) e rendere cos\u00ec impraticabile l&#8217;ipotesi di \u201cregione Ogm free\u201d<\/p>\n<p><a href=\"http:\/\/www.coltivarcondividendo.blogspot.com\">www.coltivarcondividendo.blogspot.com<\/a><\/p>\n<p>&nbsp;<\/p>","protected":false},"excerpt":{"rendered":"<p>Qualche mese fa una sentenza della Corte Europea, unitamente a una fortissima pressione svolta dalle multinazionali sementiere sugli organi comunitari, ha di fatto dato \u201cvia libera\u201d alla coltivazione di alcune variet\u00e0 di Organismi Geneticamente Modificati (le famigerate sementi Frankenstein) anche in quelle Nazioni in cui erano banditi. Diversi Paesi europei (Lussemburgo, Austria, Germania, Polonia, Bulgaria, [&hellip;]<\/p>\n","protected":false},"author":2,"featured_media":0,"comment_status":"closed","ping_status":"open","sticky":false,"template":"","format":"standard","meta":{"footnotes":""},"categories":[27,38,26],"tags":[],"class_list":["post-47032","post","type-post","status-publish","format-standard","category-appuntamenti","category-natura-ambiente","category-prima-pagina"],"yoast_head":"<!-- This site is optimized with the Yoast SEO plugin v28.4 - https:\/\/yoast.com\/product\/yoast-seo-wordpress\/ -->\n<title>Emergenza Ogm anche il provincia di Belluno. Incontro del Gruppo Coltivare condividendo in Regione. Mercoled\u00ec a Farra di Feltre nuovo incontro sugli Ogm  - Bellunopress - Dolomiti<\/title>\n<meta name=\"robots\" content=\"index, follow, max-snippet:-1, max-image-preview:large, max-video-preview:-1\" \/>\n<link rel=\"canonical\" href=\"https:\/\/www.bellunopress.it\/fr\/2013\/02\/23\/emergenza-ogm-anche-il-provincia-di-belluno-incontro-del-gruppo-coltivare-condividendo-in-regione-mercoledi-a-farra-di-feltre-nuovo-incontro-sugli-ogm\/\" \/>\n<meta property=\"og:locale\" content=\"fr_FR\" \/>\n<meta property=\"og:type\" content=\"article\" \/>\n<meta property=\"og:title\" content=\"Emergenza Ogm anche il provincia di Belluno. Incontro del Gruppo Coltivare condividendo in Regione. Mercoled\u00ec a Farra di Feltre nuovo incontro sugli Ogm  - Bellunopress - Dolomiti\" \/>\n<meta property=\"og:description\" content=\"Qualche mese fa una sentenza della Corte Europea, unitamente a una fortissima pressione svolta dalle multinazionali sementiere sugli organi comunitari, ha di fatto dato \u201cvia libera\u201d alla coltivazione di alcune variet\u00e0 di Organismi Geneticamente Modificati (le famigerate sementi Frankenstein) anche in quelle Nazioni in cui erano banditi. Diversi Paesi europei (Lussemburgo, Austria, Germania, Polonia, Bulgaria, [&hellip;]\" \/>\n<meta property=\"og:url\" content=\"https:\/\/www.bellunopress.it\/fr\/2013\/02\/23\/emergenza-ogm-anche-il-provincia-di-belluno-incontro-del-gruppo-coltivare-condividendo-in-regione-mercoledi-a-farra-di-feltre-nuovo-incontro-sugli-ogm\/\" \/>\n<meta property=\"og:site_name\" content=\"Bellunopress - Dolomiti\" \/>\n<meta property=\"article:publisher\" content=\"https:\/\/www.facebook.com\/profile.php?id=100008943462799\" \/>\n<meta property=\"article:published_time\" content=\"2013-02-23T16:58:30+00:00\" \/>\n<meta property=\"og:image\" content=\"http:\/\/www.bellunopress.it\/wp-content\/uploads\/2013\/02\/coltivare-condividendo.jpg\" \/>\n<meta name=\"author\" content=\"redazione\" \/>\n<meta name=\"twitter:card\" content=\"summary_large_image\" \/>\n<meta name=\"twitter:creator\" content=\"@bellunopress\" \/>\n<meta name=\"twitter:site\" content=\"@bellunopress\" \/>\n<meta name=\"twitter:label1\" content=\"\u00c9crit par\" \/>\n\t<meta name=\"twitter:data1\" content=\"redazione\" \/>\n\t<meta name=\"twitter:label2\" content=\"Dur\u00e9e de lecture estim\u00e9e\" \/>\n\t<meta name=\"twitter:data2\" content=\"3 minutes\" \/>\n<script type=\"application\/ld+json\" class=\"yoast-schema-graph\">{\"@context\":\"https:\\\/\\\/schema.org\",\"@graph\":[{\"@type\":\"Article\",\"@id\":\"https:\\\/\\\/www.bellunopress.it\\\/2013\\\/02\\\/23\\\/emergenza-ogm-anche-il-provincia-di-belluno-incontro-del-gruppo-coltivare-condividendo-in-regione-mercoledi-a-farra-di-feltre-nuovo-incontro-sugli-ogm\\\/#article\",\"isPartOf\":{\"@id\":\"https:\\\/\\\/www.bellunopress.it\\\/2013\\\/02\\\/23\\\/emergenza-ogm-anche-il-provincia-di-belluno-incontro-del-gruppo-coltivare-condividendo-in-regione-mercoledi-a-farra-di-feltre-nuovo-incontro-sugli-ogm\\\/\"},\"author\":{\"name\":\"redazione\",\"@id\":\"https:\\\/\\\/www.bellunopress.it\\\/#\\\/schema\\\/person\\\/79bb06722b37ece1c03d3e94beb30d73\"},\"headline\":\"Emergenza Ogm anche il provincia di Belluno. Incontro del Gruppo Coltivare condividendo in Regione. Mercoled\u00ec a Farra di Feltre nuovo incontro sugli Ogm\",\"datePublished\":\"2013-02-23T16:58:30+00:00\",\"mainEntityOfPage\":{\"@id\":\"https:\\\/\\\/www.bellunopress.it\\\/2013\\\/02\\\/23\\\/emergenza-ogm-anche-il-provincia-di-belluno-incontro-del-gruppo-coltivare-condividendo-in-regione-mercoledi-a-farra-di-feltre-nuovo-incontro-sugli-ogm\\\/\"},\"wordCount\":655,\"publisher\":{\"@id\":\"https:\\\/\\\/www.bellunopress.it\\\/#organization\"},\"image\":{\"@id\":\"https:\\\/\\\/www.bellunopress.it\\\/2013\\\/02\\\/23\\\/emergenza-ogm-anche-il-provincia-di-belluno-incontro-del-gruppo-coltivare-condividendo-in-regione-mercoledi-a-farra-di-feltre-nuovo-incontro-sugli-ogm\\\/#primaryimage\"},\"thumbnailUrl\":\"http:\\\/\\\/www.bellunopress.it\\\/wp-content\\\/uploads\\\/2013\\\/02\\\/coltivare-condividendo.jpg\",\"articleSection\":[\"Appuntamenti, Eventi\",\"Meteo, natura, ambiente, animali\",\"Prima Pagina\"],\"inLanguage\":\"fr-FR\"},{\"@type\":\"WebPage\",\"@id\":\"https:\\\/\\\/www.bellunopress.it\\\/2013\\\/02\\\/23\\\/emergenza-ogm-anche-il-provincia-di-belluno-incontro-del-gruppo-coltivare-condividendo-in-regione-mercoledi-a-farra-di-feltre-nuovo-incontro-sugli-ogm\\\/\",\"url\":\"https:\\\/\\\/www.bellunopress.it\\\/2013\\\/02\\\/23\\\/emergenza-ogm-anche-il-provincia-di-belluno-incontro-del-gruppo-coltivare-condividendo-in-regione-mercoledi-a-farra-di-feltre-nuovo-incontro-sugli-ogm\\\/\",\"name\":\"Emergenza Ogm anche il provincia di Belluno. Incontro del Gruppo Coltivare condividendo in Regione. Mercoled\u00ec a Farra di Feltre nuovo incontro sugli Ogm - Bellunopress - Dolomiti\",\"isPartOf\":{\"@id\":\"https:\\\/\\\/www.bellunopress.it\\\/#website\"},\"primaryImageOfPage\":{\"@id\":\"https:\\\/\\\/www.bellunopress.it\\\/2013\\\/02\\\/23\\\/emergenza-ogm-anche-il-provincia-di-belluno-incontro-del-gruppo-coltivare-condividendo-in-regione-mercoledi-a-farra-di-feltre-nuovo-incontro-sugli-ogm\\\/#primaryimage\"},\"image\":{\"@id\":\"https:\\\/\\\/www.bellunopress.it\\\/2013\\\/02\\\/23\\\/emergenza-ogm-anche-il-provincia-di-belluno-incontro-del-gruppo-coltivare-condividendo-in-regione-mercoledi-a-farra-di-feltre-nuovo-incontro-sugli-ogm\\\/#primaryimage\"},\"thumbnailUrl\":\"http:\\\/\\\/www.bellunopress.it\\\/wp-content\\\/uploads\\\/2013\\\/02\\\/coltivare-condividendo.jpg\",\"datePublished\":\"2013-02-23T16:58:30+00:00\",\"breadcrumb\":{\"@id\":\"https:\\\/\\\/www.bellunopress.it\\\/2013\\\/02\\\/23\\\/emergenza-ogm-anche-il-provincia-di-belluno-incontro-del-gruppo-coltivare-condividendo-in-regione-mercoledi-a-farra-di-feltre-nuovo-incontro-sugli-ogm\\\/#breadcrumb\"},\"inLanguage\":\"fr-FR\",\"potentialAction\":[{\"@type\":\"ReadAction\",\"target\":[\"https:\\\/\\\/www.bellunopress.it\\\/2013\\\/02\\\/23\\\/emergenza-ogm-anche-il-provincia-di-belluno-incontro-del-gruppo-coltivare-condividendo-in-regione-mercoledi-a-farra-di-feltre-nuovo-incontro-sugli-ogm\\\/\"]}]},{\"@type\":\"ImageObject\",\"inLanguage\":\"fr-FR\",\"@id\":\"https:\\\/\\\/www.bellunopress.it\\\/2013\\\/02\\\/23\\\/emergenza-ogm-anche-il-provincia-di-belluno-incontro-del-gruppo-coltivare-condividendo-in-regione-mercoledi-a-farra-di-feltre-nuovo-incontro-sugli-ogm\\\/#primaryimage\",\"url\":\"http:\\\/\\\/www.bellunopress.it\\\/wp-content\\\/uploads\\\/2013\\\/02\\\/coltivare-condividendo.jpg\",\"contentUrl\":\"http:\\\/\\\/www.bellunopress.it\\\/wp-content\\\/uploads\\\/2013\\\/02\\\/coltivare-condividendo.jpg\"},{\"@type\":\"BreadcrumbList\",\"@id\":\"https:\\\/\\\/www.bellunopress.it\\\/2013\\\/02\\\/23\\\/emergenza-ogm-anche-il-provincia-di-belluno-incontro-del-gruppo-coltivare-condividendo-in-regione-mercoledi-a-farra-di-feltre-nuovo-incontro-sugli-ogm\\\/#breadcrumb\",\"itemListElement\":[{\"@type\":\"ListItem\",\"position\":1,\"name\":\"Home\",\"item\":\"https:\\\/\\\/www.bellunopress.it\\\/\"},{\"@type\":\"ListItem\",\"position\":2,\"name\":\"Emergenza Ogm anche il provincia di Belluno. Incontro del Gruppo Coltivare condividendo in Regione. Mercoled\u00ec a Farra di Feltre nuovo incontro sugli Ogm\"}]},{\"@type\":\"WebSite\",\"@id\":\"https:\\\/\\\/www.bellunopress.it\\\/#website\",\"url\":\"https:\\\/\\\/www.bellunopress.it\\\/\",\"name\":\"Bellunopress - Dolomiti\",\"description\":\"e-mail: redazione@bellunopress.it\",\"publisher\":{\"@id\":\"https:\\\/\\\/www.bellunopress.it\\\/#organization\"},\"potentialAction\":[{\"@type\":\"SearchAction\",\"target\":{\"@type\":\"EntryPoint\",\"urlTemplate\":\"https:\\\/\\\/www.bellunopress.it\\\/?s={search_term_string}\"},\"query-input\":{\"@type\":\"PropertyValueSpecification\",\"valueRequired\":true,\"valueName\":\"search_term_string\"}}],\"inLanguage\":\"fr-FR\"},{\"@type\":\"Organization\",\"@id\":\"https:\\\/\\\/www.bellunopress.it\\\/#organization\",\"name\":\"Bellunopress\",\"url\":\"https:\\\/\\\/www.bellunopress.it\\\/\",\"logo\":{\"@type\":\"ImageObject\",\"inLanguage\":\"fr-FR\",\"@id\":\"https:\\\/\\\/www.bellunopress.it\\\/#\\\/schema\\\/logo\\\/image\\\/\",\"url\":\"https:\\\/\\\/www.bellunopress.it\\\/wp-content\\\/uploads\\\/2011\\\/05\\\/cropped-logo-bellunopress-.jpg\",\"contentUrl\":\"https:\\\/\\\/www.bellunopress.it\\\/wp-content\\\/uploads\\\/2011\\\/05\\\/cropped-logo-bellunopress-.jpg\",\"width\":512,\"height\":512,\"caption\":\"Bellunopress\"},\"image\":{\"@id\":\"https:\\\/\\\/www.bellunopress.it\\\/#\\\/schema\\\/logo\\\/image\\\/\"},\"sameAs\":[\"https:\\\/\\\/www.facebook.com\\\/profile.php?id=100008943462799\",\"https:\\\/\\\/x.com\\\/bellunopress\",\"https:\\\/\\\/www.linkedin.com\\\/hp\\\/?dnr=JBzUWaJfMUw8vbXJJ2tVW5-I3jZKvC4wsoxE&amp;amp;amp;amp;amp;amp;trk=nav_responsive_tab_home\",\"https:\\\/\\\/www.youtube.com\\\/channel\\\/UCxL0wu1uN0_3_7hGG0306cw\"]},{\"@type\":\"Person\",\"@id\":\"https:\\\/\\\/www.bellunopress.it\\\/#\\\/schema\\\/person\\\/79bb06722b37ece1c03d3e94beb30d73\",\"name\":\"redazione\",\"image\":{\"@type\":\"ImageObject\",\"inLanguage\":\"fr-FR\",\"@id\":\"https:\\\/\\\/secure.gravatar.com\\\/avatar\\\/37d968a2e67a6fd04c169c4bdef102d0bc5d31b2546345219e348575eb80e9a0?s=96&d=mm&r=g\",\"url\":\"https:\\\/\\\/secure.gravatar.com\\\/avatar\\\/37d968a2e67a6fd04c169c4bdef102d0bc5d31b2546345219e348575eb80e9a0?s=96&d=mm&r=g\",\"contentUrl\":\"https:\\\/\\\/secure.gravatar.com\\\/avatar\\\/37d968a2e67a6fd04c169c4bdef102d0bc5d31b2546345219e348575eb80e9a0?s=96&d=mm&r=g\",\"caption\":\"redazione\"},\"sameAs\":[\"http:\\\/\\\/www.bellunopress.it\",\"https:\\\/\\\/x.com\\\/bellunopress\"],\"url\":\"https:\\\/\\\/www.bellunopress.it\\\/fr\\\/author\\\/redazione\\\/\"}]}<\/script>\n<!-- \/ Yoast SEO plugin. -->","yoast_head_json":{"title":"Emergenza Ogm anche il provincia di Belluno. Incontro del Gruppo Coltivare condividendo in Regione. Mercoled\u00ec a Farra di Feltre nuovo incontro sugli Ogm  - Bellunopress - Dolomiti","robots":{"index":"index","follow":"follow","max-snippet":"max-snippet:-1","max-image-preview":"max-image-preview:large","max-video-preview":"max-video-preview:-1"},"canonical":"https:\/\/www.bellunopress.it\/fr\/2013\/02\/23\/emergenza-ogm-anche-il-provincia-di-belluno-incontro-del-gruppo-coltivare-condividendo-in-regione-mercoledi-a-farra-di-feltre-nuovo-incontro-sugli-ogm\/","og_locale":"fr_FR","og_type":"article","og_title":"Emergenza Ogm anche il provincia di Belluno. Incontro del Gruppo Coltivare condividendo in Regione. Mercoled\u00ec a Farra di Feltre nuovo incontro sugli Ogm  - Bellunopress - Dolomiti","og_description":"Qualche mese fa una sentenza della Corte Europea, unitamente a una fortissima pressione svolta dalle multinazionali sementiere sugli organi comunitari, ha di fatto dato \u201cvia libera\u201d alla coltivazione di alcune variet\u00e0 di Organismi Geneticamente Modificati (le famigerate sementi Frankenstein) anche in quelle Nazioni in cui erano banditi. Diversi Paesi europei (Lussemburgo, Austria, Germania, Polonia, Bulgaria, [&hellip;]","og_url":"https:\/\/www.bellunopress.it\/fr\/2013\/02\/23\/emergenza-ogm-anche-il-provincia-di-belluno-incontro-del-gruppo-coltivare-condividendo-in-regione-mercoledi-a-farra-di-feltre-nuovo-incontro-sugli-ogm\/","og_site_name":"Bellunopress - Dolomiti","article_publisher":"https:\/\/www.facebook.com\/profile.php?id=100008943462799","article_published_time":"2013-02-23T16:58:30+00:00","og_image":[{"url":"http:\/\/www.bellunopress.it\/wp-content\/uploads\/2013\/02\/coltivare-condividendo.jpg","type":"","width":"","height":""}],"author":"redazione","twitter_card":"summary_large_image","twitter_creator":"@bellunopress","twitter_site":"@bellunopress","twitter_misc":{"\u00c9crit par":"redazione","Dur\u00e9e de lecture estim\u00e9e":"3 minutes"},"schema":{"@context":"https:\/\/schema.org","@graph":[{"@type":"Article","@id":"https:\/\/www.bellunopress.it\/2013\/02\/23\/emergenza-ogm-anche-il-provincia-di-belluno-incontro-del-gruppo-coltivare-condividendo-in-regione-mercoledi-a-farra-di-feltre-nuovo-incontro-sugli-ogm\/#article","isPartOf":{"@id":"https:\/\/www.bellunopress.it\/2013\/02\/23\/emergenza-ogm-anche-il-provincia-di-belluno-incontro-del-gruppo-coltivare-condividendo-in-regione-mercoledi-a-farra-di-feltre-nuovo-incontro-sugli-ogm\/"},"author":{"name":"redazione","@id":"https:\/\/www.bellunopress.it\/#\/schema\/person\/79bb06722b37ece1c03d3e94beb30d73"},"headline":"Emergenza Ogm anche il provincia di Belluno. Incontro del Gruppo Coltivare condividendo in Regione. Mercoled\u00ec a Farra di Feltre nuovo incontro sugli Ogm","datePublished":"2013-02-23T16:58:30+00:00","mainEntityOfPage":{"@id":"https:\/\/www.bellunopress.it\/2013\/02\/23\/emergenza-ogm-anche-il-provincia-di-belluno-incontro-del-gruppo-coltivare-condividendo-in-regione-mercoledi-a-farra-di-feltre-nuovo-incontro-sugli-ogm\/"},"wordCount":655,"publisher":{"@id":"https:\/\/www.bellunopress.it\/#organization"},"image":{"@id":"https:\/\/www.bellunopress.it\/2013\/02\/23\/emergenza-ogm-anche-il-provincia-di-belluno-incontro-del-gruppo-coltivare-condividendo-in-regione-mercoledi-a-farra-di-feltre-nuovo-incontro-sugli-ogm\/#primaryimage"},"thumbnailUrl":"http:\/\/www.bellunopress.it\/wp-content\/uploads\/2013\/02\/coltivare-condividendo.jpg","articleSection":["Appuntamenti, Eventi","Meteo, natura, ambiente, animali","Prima Pagina"],"inLanguage":"fr-FR"},{"@type":"WebPage","@id":"https:\/\/www.bellunopress.it\/2013\/02\/23\/emergenza-ogm-anche-il-provincia-di-belluno-incontro-del-gruppo-coltivare-condividendo-in-regione-mercoledi-a-farra-di-feltre-nuovo-incontro-sugli-ogm\/","url":"https:\/\/www.bellunopress.it\/2013\/02\/23\/emergenza-ogm-anche-il-provincia-di-belluno-incontro-del-gruppo-coltivare-condividendo-in-regione-mercoledi-a-farra-di-feltre-nuovo-incontro-sugli-ogm\/","name":"Emergenza Ogm anche il provincia di Belluno. Incontro del Gruppo Coltivare condividendo in Regione. Mercoled\u00ec a Farra di Feltre nuovo incontro sugli Ogm - Bellunopress - Dolomiti","isPartOf":{"@id":"https:\/\/www.bellunopress.it\/#website"},"primaryImageOfPage":{"@id":"https:\/\/www.bellunopress.it\/2013\/02\/23\/emergenza-ogm-anche-il-provincia-di-belluno-incontro-del-gruppo-coltivare-condividendo-in-regione-mercoledi-a-farra-di-feltre-nuovo-incontro-sugli-ogm\/#primaryimage"},"image":{"@id":"https:\/\/www.bellunopress.it\/2013\/02\/23\/emergenza-ogm-anche-il-provincia-di-belluno-incontro-del-gruppo-coltivare-condividendo-in-regione-mercoledi-a-farra-di-feltre-nuovo-incontro-sugli-ogm\/#primaryimage"},"thumbnailUrl":"http:\/\/www.bellunopress.it\/wp-content\/uploads\/2013\/02\/coltivare-condividendo.jpg","datePublished":"2013-02-23T16:58:30+00:00","breadcrumb":{"@id":"https:\/\/www.bellunopress.it\/2013\/02\/23\/emergenza-ogm-anche-il-provincia-di-belluno-incontro-del-gruppo-coltivare-condividendo-in-regione-mercoledi-a-farra-di-feltre-nuovo-incontro-sugli-ogm\/#breadcrumb"},"inLanguage":"fr-FR","potentialAction":[{"@type":"ReadAction","target":["https:\/\/www.bellunopress.it\/2013\/02\/23\/emergenza-ogm-anche-il-provincia-di-belluno-incontro-del-gruppo-coltivare-condividendo-in-regione-mercoledi-a-farra-di-feltre-nuovo-incontro-sugli-ogm\/"]}]},{"@type":"ImageObject","inLanguage":"fr-FR","@id":"https:\/\/www.bellunopress.it\/2013\/02\/23\/emergenza-ogm-anche-il-provincia-di-belluno-incontro-del-gruppo-coltivare-condividendo-in-regione-mercoledi-a-farra-di-feltre-nuovo-incontro-sugli-ogm\/#primaryimage","url":"http:\/\/www.bellunopress.it\/wp-content\/uploads\/2013\/02\/coltivare-condividendo.jpg","contentUrl":"http:\/\/www.bellunopress.it\/wp-content\/uploads\/2013\/02\/coltivare-condividendo.jpg"},{"@type":"BreadcrumbList","@id":"https:\/\/www.bellunopress.it\/2013\/02\/23\/emergenza-ogm-anche-il-provincia-di-belluno-incontro-del-gruppo-coltivare-condividendo-in-regione-mercoledi-a-farra-di-feltre-nuovo-incontro-sugli-ogm\/#breadcrumb","itemListElement":[{"@type":"ListItem","position":1,"name":"Home","item":"https:\/\/www.bellunopress.it\/"},{"@type":"ListItem","position":2,"name":"Emergenza Ogm anche il provincia di Belluno. Incontro del Gruppo Coltivare condividendo in Regione. Mercoled\u00ec a Farra di Feltre nuovo incontro sugli Ogm"}]},{"@type":"WebSite","@id":"https:\/\/www.bellunopress.it\/#website","url":"https:\/\/www.bellunopress.it\/","name":"Bellunopress - Dolomiti","description":"e-mail: redazione@bellunopress.it","publisher":{"@id":"https:\/\/www.bellunopress.it\/#organization"},"potentialAction":[{"@type":"SearchAction","target":{"@type":"EntryPoint","urlTemplate":"https:\/\/www.bellunopress.it\/?s={search_term_string}"},"query-input":{"@type":"PropertyValueSpecification","valueRequired":true,"valueName":"search_term_string"}}],"inLanguage":"fr-FR"},{"@type":"Organization","@id":"https:\/\/www.bellunopress.it\/#organization","name":"Bellunopress","url":"https:\/\/www.bellunopress.it\/","logo":{"@type":"ImageObject","inLanguage":"fr-FR","@id":"https:\/\/www.bellunopress.it\/#\/schema\/logo\/image\/","url":"https:\/\/www.bellunopress.it\/wp-content\/uploads\/2011\/05\/cropped-logo-bellunopress-.jpg","contentUrl":"https:\/\/www.bellunopress.it\/wp-content\/uploads\/2011\/05\/cropped-logo-bellunopress-.jpg","width":512,"height":512,"caption":"Bellunopress"},"image":{"@id":"https:\/\/www.bellunopress.it\/#\/schema\/logo\/image\/"},"sameAs":["https:\/\/www.facebook.com\/profile.php?id=100008943462799","https:\/\/x.com\/bellunopress","https:\/\/www.linkedin.com\/hp\/?dnr=JBzUWaJfMUw8vbXJJ2tVW5-I3jZKvC4wsoxE&amp;amp;amp;amp;amp;amp;trk=nav_responsive_tab_home","https:\/\/www.youtube.com\/channel\/UCxL0wu1uN0_3_7hGG0306cw"]},{"@type":"Person","@id":"https:\/\/www.bellunopress.it\/#\/schema\/person\/79bb06722b37ece1c03d3e94beb30d73","name":"r\u00e9daction","image":{"@type":"ImageObject","inLanguage":"fr-FR","@id":"https:\/\/secure.gravatar.com\/avatar\/37d968a2e67a6fd04c169c4bdef102d0bc5d31b2546345219e348575eb80e9a0?s=96&d=mm&r=g","url":"https:\/\/secure.gravatar.com\/avatar\/37d968a2e67a6fd04c169c4bdef102d0bc5d31b2546345219e348575eb80e9a0?s=96&d=mm&r=g","contentUrl":"https:\/\/secure.gravatar.com\/avatar\/37d968a2e67a6fd04c169c4bdef102d0bc5d31b2546345219e348575eb80e9a0?s=96&d=mm&r=g","caption":"redazione"},"sameAs":["http:\/\/www.bellunopress.it","https:\/\/x.com\/bellunopress"],"url":"https:\/\/www.bellunopress.it\/fr\/author\/redazione\/"}]}},"_links":{"self":[{"href":"https:\/\/www.bellunopress.it\/fr\/wp-json\/wp\/v2\/posts\/47032","targetHints":{"allow":["GET"]}}],"collection":[{"href":"https:\/\/www.bellunopress.it\/fr\/wp-json\/wp\/v2\/posts"}],"about":[{"href":"https:\/\/www.bellunopress.it\/fr\/wp-json\/wp\/v2\/types\/post"}],"author":[{"embeddable":true,"href":"https:\/\/www.bellunopress.it\/fr\/wp-json\/wp\/v2\/users\/2"}],"replies":[{"embeddable":true,"href":"https:\/\/www.bellunopress.it\/fr\/wp-json\/wp\/v2\/comments?post=47032"}],"version-history":[{"count":2,"href":"https:\/\/www.bellunopress.it\/fr\/wp-json\/wp\/v2\/posts\/47032\/revisions"}],"predecessor-version":[{"id":47034,"href":"https:\/\/www.bellunopress.it\/fr\/wp-json\/wp\/v2\/posts\/47032\/revisions\/47034"}],"wp:attachment":[{"href":"https:\/\/www.bellunopress.it\/fr\/wp-json\/wp\/v2\/media?parent=47032"}],"wp:term":[{"taxonomy":"category","embeddable":true,"href":"https:\/\/www.bellunopress.it\/fr\/wp-json\/wp\/v2\/categories?post=47032"},{"taxonomy":"post_tag","embeddable":true,"href":"https:\/\/www.bellunopress.it\/fr\/wp-json\/wp\/v2\/tags?post=47032"}],"curies":[{"name":"wp","href":"https:\/\/api.w.org\/{rel}","templated":true}]}}