{"id":47023,"date":"2013-02-22T23:18:09","date_gmt":"2013-02-22T22:18:09","guid":{"rendered":"http:\/\/www.bellunopress.it\/?p=47023"},"modified":"2013-02-22T23:18:09","modified_gmt":"2013-02-22T22:18:09","slug":"kawasaki-z800-la-super-naked-prima-della-classe","status":"publish","type":"post","link":"https:\/\/www.bellunopress.it\/fr\/2013\/02\/22\/kawasaki-z800-la-super-naked-prima-della-classe\/","title":{"rendered":"Kawasaki Z800, la super naked prima della classe"},"content":{"rendered":"<h2 align=\"LEFT\"><span style=\"font-size: medium; font-family: Arial, sans-serif; color: #000000;\">Presentata all&#8217;Expo di Verona lo scorso fine gennaio, la nuova Z800 della Kawasaki \u00e8 gi\u00e0 disponibile alla Concessionaria Tecnosport di Belluno, in via Vittorio Veneto 258 (<\/span><a style=\"font-size: medium; font-family: Arial, sans-serif;\" href=\"http:\/\/www.tecnosportsrl.it\/\">www.tecnosportsrl.it<\/a><span style=\"font-size: medium; font-family: Arial, sans-serif; color: #000000;\">).<\/span><\/h2>\n<p align=\"LEFT\"><span style=\"color: #000000;\"><span style=\"font-family: Arial, sans-serif;\"><span style=\"font-size: medium;\"><a href=\"http:\/\/www.bellunopress.it\/wp-content\/uploads\/2013\/02\/kavasaki-z-800.jpg\"><img loading=\"lazy\" decoding=\"async\" class=\"alignleft size-full wp-image-47025\" alt=\"kavasaki z 800\" src=\"http:\/\/www.bellunopress.it\/wp-content\/uploads\/2013\/02\/kavasaki-z-800.jpg\" width=\"290\" height=\"220\" \/><\/a>Dopo 40 anni dalla prima uscita della serie Z, la casa nipponica affronta la stagione 2013 con questa super naked dal design aggressivo. <\/span><\/span><\/span><\/p>\n<p align=\"LEFT\"><span style=\"color: #000000;\"><span style=\"font-family: Arial, sans-serif;\"><span style=\"font-size: medium;\">Il nuovo guerriero Z800 di Higashi \u00e8 dotato del tradizionale 4 cilindri in linea da 83 Kw di 806 cc raffreddato a liquido. Che nella versione \u201ce\u201d scende a 70 Kw, depotenziabile a 35 Kw per neopatentati, <span style=\"color: #393939;\">come prevede la normativa in vigore (18enni con patente A2).<\/span><\/span><\/span><\/span><\/p>\n<p align=\"LEFT\"><span style=\"color: #393939;\"><span style=\"font-family: Arial, sans-serif;\"><span style=\"font-size: medium;\">Facile ed intuitiva nella guida, la Z800 rispetto alla precedente Z750, aumenta le prestazioni a tutti i regimi del motore, con una coppia elevata sia ai bassi che ai medi regimi, a tutto vantaggio dell&#8217;uso quotidiano. Il nuovo motore ha cilindri in alluminio pressofuso rivestito con camera di raffreddamento aperta, che fa perdere un chilo di peso. I pistoni sono passati da 68,4 a 71,0 mm ed alleggeriti del 10% rispetto alla Z750. <\/span><\/span><\/span><\/p>\n<p align=\"LEFT\"><span style=\"color: #393939;\"><span style=\"font-family: Arial, sans-serif;\"><span style=\"font-size: medium;\">Il design \u00e8 tipico della casa giapponese. L&#8217;avantreno ora \u00e8 ancora pi\u00f9 aggressivo, e i fianchi della moto assumono le fattezze delle spalle del guerriero, pronto a scattare.<\/span><\/span><\/span><\/p>\n<p align=\"LEFT\"><span style=\"color: #000000;\"><span style=\"font-family: Arial, sans-serif;\"><span style=\"font-size: medium;\"><span style=\"color: #393939;\">Nuovo il serbatoio, ora aumentato a 17 litri, e nuova anche la strumentazione <\/span>a tre schermi lcd che include un contagiri di tipo level meter, un indicatore del carburante, un indicatore dell\u2019autonomia rimanente e un indicatore di guida economica eco. Aumentata anche la potenza frenante, con le nuove pinze a 4 pistoncini contrapposti nella versione ABS, con dischi a margherita di diametro elevato a 310 mm. <\/span><\/span><\/span><\/p>\n<p align=\"LEFT\"><span style=\"color: #000000;\"><span style=\"font-family: Arial, sans-serif;\"><span style=\"font-size: medium;\"><span style=\"color: #393939;\">La nuova Z800, insomma, ha tutte le carte in regola per chi <\/span>\u00e8 alla ricerca di una super-naked di media cilindrata.<\/span><\/span><\/span><\/p>\n<h2 align=\"LEFT\"><\/h2>\n<p align=\"LEFT\">\n<p align=\"LEFT\">","protected":false},"excerpt":{"rendered":"<p>Presentata all&#8217;Expo di Verona lo scorso fine gennaio, la nuova Z800 della Kawasaki \u00e8 gi\u00e0 disponibile alla Concessionaria Tecnosport di Belluno, in via Vittorio Veneto 258 (www.tecnosportsrl.it). Dopo 40 anni dalla prima uscita della serie Z, la casa nipponica affronta la stagione 2013 con questa super naked dal design aggressivo. Il nuovo guerriero Z800 di [&hellip;]<\/p>\n","protected":false},"author":2,"featured_media":0,"comment_status":"closed","ping_status":"open","sticky":false,"template":"","format":"standard","meta":{"footnotes":""},"categories":[25,50,8],"tags":[],"class_list":["post-47023","post","type-post","status-publish","format-standard","category-pausa-caffe","category-pubbliredazionali","category-societa-istituzioni"],"yoast_head":"<!-- This site is optimized with the Yoast SEO plugin v28.4 - https:\/\/yoast.com\/product\/yoast-seo-wordpress\/ -->\n<title>Kawasaki Z800, la super naked prima della classe - Bellunopress - Dolomiti<\/title>\n<meta name=\"robots\" content=\"index, follow, max-snippet:-1, max-image-preview:large, max-video-preview:-1\" \/>\n<link rel=\"canonical\" href=\"https:\/\/www.bellunopress.it\/fr\/2013\/02\/22\/kawasaki-z800-la-super-naked-prima-della-classe\/\" \/>\n<meta property=\"og:locale\" content=\"fr_FR\" \/>\n<meta property=\"og:type\" content=\"article\" \/>\n<meta property=\"og:title\" content=\"Kawasaki Z800, la super naked prima della classe - Bellunopress - Dolomiti\" \/>\n<meta property=\"og:description\" content=\"Presentata all&#8217;Expo di Verona lo scorso fine gennaio, la nuova Z800 della Kawasaki \u00e8 gi\u00e0 disponibile alla Concessionaria Tecnosport di Belluno, in via Vittorio Veneto 258 (www.tecnosportsrl.it). Dopo 40 anni dalla prima uscita della serie Z, la casa nipponica affronta la stagione 2013 con questa super naked dal design aggressivo. Il nuovo guerriero Z800 di [&hellip;]\" \/>\n<meta property=\"og:url\" content=\"https:\/\/www.bellunopress.it\/fr\/2013\/02\/22\/kawasaki-z800-la-super-naked-prima-della-classe\/\" \/>\n<meta property=\"og:site_name\" content=\"Bellunopress - Dolomiti\" \/>\n<meta property=\"article:publisher\" content=\"https:\/\/www.facebook.com\/profile.php?id=100008943462799\" \/>\n<meta property=\"article:published_time\" content=\"2013-02-22T22:18:09+00:00\" \/>\n<meta property=\"og:image\" content=\"http:\/\/www.bellunopress.it\/wp-content\/uploads\/2013\/02\/kavasaki-z-800.jpg\" \/>\n<meta name=\"author\" content=\"redazione\" \/>\n<meta name=\"twitter:card\" content=\"summary_large_image\" \/>\n<meta name=\"twitter:creator\" content=\"@bellunopress\" \/>\n<meta name=\"twitter:site\" content=\"@bellunopress\" \/>\n<meta name=\"twitter:label1\" content=\"\u00c9crit par\" \/>\n\t<meta name=\"twitter:data1\" content=\"redazione\" \/>\n\t<meta name=\"twitter:label2\" content=\"Dur\u00e9e de lecture estim\u00e9e\" \/>\n\t<meta name=\"twitter:data2\" content=\"1 minute\" \/>\n<script type=\"application\/ld+json\" class=\"yoast-schema-graph\">{\"@context\":\"https:\\\/\\\/schema.org\",\"@graph\":[{\"@type\":\"Article\",\"@id\":\"https:\\\/\\\/www.bellunopress.it\\\/2013\\\/02\\\/22\\\/kawasaki-z800-la-super-naked-prima-della-classe\\\/#article\",\"isPartOf\":{\"@id\":\"https:\\\/\\\/www.bellunopress.it\\\/2013\\\/02\\\/22\\\/kawasaki-z800-la-super-naked-prima-della-classe\\\/\"},\"author\":{\"name\":\"redazione\",\"@id\":\"https:\\\/\\\/www.bellunopress.it\\\/#\\\/schema\\\/person\\\/79bb06722b37ece1c03d3e94beb30d73\"},\"headline\":\"Kawasaki Z800, la super naked prima della classe\",\"datePublished\":\"2013-02-22T22:18:09+00:00\",\"mainEntityOfPage\":{\"@id\":\"https:\\\/\\\/www.bellunopress.it\\\/2013\\\/02\\\/22\\\/kawasaki-z800-la-super-naked-prima-della-classe\\\/\"},\"wordCount\":280,\"publisher\":{\"@id\":\"https:\\\/\\\/www.bellunopress.it\\\/#organization\"},\"image\":{\"@id\":\"https:\\\/\\\/www.bellunopress.it\\\/2013\\\/02\\\/22\\\/kawasaki-z800-la-super-naked-prima-della-classe\\\/#primaryimage\"},\"thumbnailUrl\":\"http:\\\/\\\/www.bellunopress.it\\\/wp-content\\\/uploads\\\/2013\\\/02\\\/kavasaki-z-800.jpg\",\"articleSection\":[\"Pausa Caff\u00e8\",\"Pubbliredazionali\",\"Societ\u00e0, Associazioni, Istituzioni\"],\"inLanguage\":\"fr-FR\"},{\"@type\":\"WebPage\",\"@id\":\"https:\\\/\\\/www.bellunopress.it\\\/2013\\\/02\\\/22\\\/kawasaki-z800-la-super-naked-prima-della-classe\\\/\",\"url\":\"https:\\\/\\\/www.bellunopress.it\\\/2013\\\/02\\\/22\\\/kawasaki-z800-la-super-naked-prima-della-classe\\\/\",\"name\":\"Kawasaki Z800, la super naked prima della classe - Bellunopress - Dolomiti\",\"isPartOf\":{\"@id\":\"https:\\\/\\\/www.bellunopress.it\\\/#website\"},\"primaryImageOfPage\":{\"@id\":\"https:\\\/\\\/www.bellunopress.it\\\/2013\\\/02\\\/22\\\/kawasaki-z800-la-super-naked-prima-della-classe\\\/#primaryimage\"},\"image\":{\"@id\":\"https:\\\/\\\/www.bellunopress.it\\\/2013\\\/02\\\/22\\\/kawasaki-z800-la-super-naked-prima-della-classe\\\/#primaryimage\"},\"thumbnailUrl\":\"http:\\\/\\\/www.bellunopress.it\\\/wp-content\\\/uploads\\\/2013\\\/02\\\/kavasaki-z-800.jpg\",\"datePublished\":\"2013-02-22T22:18:09+00:00\",\"breadcrumb\":{\"@id\":\"https:\\\/\\\/www.bellunopress.it\\\/2013\\\/02\\\/22\\\/kawasaki-z800-la-super-naked-prima-della-classe\\\/#breadcrumb\"},\"inLanguage\":\"fr-FR\",\"potentialAction\":[{\"@type\":\"ReadAction\",\"target\":[\"https:\\\/\\\/www.bellunopress.it\\\/2013\\\/02\\\/22\\\/kawasaki-z800-la-super-naked-prima-della-classe\\\/\"]}]},{\"@type\":\"ImageObject\",\"inLanguage\":\"fr-FR\",\"@id\":\"https:\\\/\\\/www.bellunopress.it\\\/2013\\\/02\\\/22\\\/kawasaki-z800-la-super-naked-prima-della-classe\\\/#primaryimage\",\"url\":\"http:\\\/\\\/www.bellunopress.it\\\/wp-content\\\/uploads\\\/2013\\\/02\\\/kavasaki-z-800.jpg\",\"contentUrl\":\"http:\\\/\\\/www.bellunopress.it\\\/wp-content\\\/uploads\\\/2013\\\/02\\\/kavasaki-z-800.jpg\"},{\"@type\":\"BreadcrumbList\",\"@id\":\"https:\\\/\\\/www.bellunopress.it\\\/2013\\\/02\\\/22\\\/kawasaki-z800-la-super-naked-prima-della-classe\\\/#breadcrumb\",\"itemListElement\":[{\"@type\":\"ListItem\",\"position\":1,\"name\":\"Home\",\"item\":\"https:\\\/\\\/www.bellunopress.it\\\/\"},{\"@type\":\"ListItem\",\"position\":2,\"name\":\"Kawasaki Z800, la super naked prima della classe\"}]},{\"@type\":\"WebSite\",\"@id\":\"https:\\\/\\\/www.bellunopress.it\\\/#website\",\"url\":\"https:\\\/\\\/www.bellunopress.it\\\/\",\"name\":\"Bellunopress - Dolomiti\",\"description\":\"e-mail: redazione@bellunopress.it\",\"publisher\":{\"@id\":\"https:\\\/\\\/www.bellunopress.it\\\/#organization\"},\"potentialAction\":[{\"@type\":\"SearchAction\",\"target\":{\"@type\":\"EntryPoint\",\"urlTemplate\":\"https:\\\/\\\/www.bellunopress.it\\\/?s={search_term_string}\"},\"query-input\":{\"@type\":\"PropertyValueSpecification\",\"valueRequired\":true,\"valueName\":\"search_term_string\"}}],\"inLanguage\":\"fr-FR\"},{\"@type\":\"Organization\",\"@id\":\"https:\\\/\\\/www.bellunopress.it\\\/#organization\",\"name\":\"Bellunopress\",\"url\":\"https:\\\/\\\/www.bellunopress.it\\\/\",\"logo\":{\"@type\":\"ImageObject\",\"inLanguage\":\"fr-FR\",\"@id\":\"https:\\\/\\\/www.bellunopress.it\\\/#\\\/schema\\\/logo\\\/image\\\/\",\"url\":\"https:\\\/\\\/www.bellunopress.it\\\/wp-content\\\/uploads\\\/2011\\\/05\\\/cropped-logo-bellunopress-.jpg\",\"contentUrl\":\"https:\\\/\\\/www.bellunopress.it\\\/wp-content\\\/uploads\\\/2011\\\/05\\\/cropped-logo-bellunopress-.jpg\",\"width\":512,\"height\":512,\"caption\":\"Bellunopress\"},\"image\":{\"@id\":\"https:\\\/\\\/www.bellunopress.it\\\/#\\\/schema\\\/logo\\\/image\\\/\"},\"sameAs\":[\"https:\\\/\\\/www.facebook.com\\\/profile.php?id=100008943462799\",\"https:\\\/\\\/x.com\\\/bellunopress\",\"https:\\\/\\\/www.linkedin.com\\\/hp\\\/?dnr=JBzUWaJfMUw8vbXJJ2tVW5-I3jZKvC4wsoxE&amp;amp;amp;amp;amp;amp;trk=nav_responsive_tab_home\",\"https:\\\/\\\/www.youtube.com\\\/channel\\\/UCxL0wu1uN0_3_7hGG0306cw\"]},{\"@type\":\"Person\",\"@id\":\"https:\\\/\\\/www.bellunopress.it\\\/#\\\/schema\\\/person\\\/79bb06722b37ece1c03d3e94beb30d73\",\"name\":\"redazione\",\"image\":{\"@type\":\"ImageObject\",\"inLanguage\":\"fr-FR\",\"@id\":\"https:\\\/\\\/secure.gravatar.com\\\/avatar\\\/37d968a2e67a6fd04c169c4bdef102d0bc5d31b2546345219e348575eb80e9a0?s=96&d=mm&r=g\",\"url\":\"https:\\\/\\\/secure.gravatar.com\\\/avatar\\\/37d968a2e67a6fd04c169c4bdef102d0bc5d31b2546345219e348575eb80e9a0?s=96&d=mm&r=g\",\"contentUrl\":\"https:\\\/\\\/secure.gravatar.com\\\/avatar\\\/37d968a2e67a6fd04c169c4bdef102d0bc5d31b2546345219e348575eb80e9a0?s=96&d=mm&r=g\",\"caption\":\"redazione\"},\"sameAs\":[\"http:\\\/\\\/www.bellunopress.it\",\"https:\\\/\\\/x.com\\\/bellunopress\"],\"url\":\"https:\\\/\\\/www.bellunopress.it\\\/fr\\\/author\\\/redazione\\\/\"}]}<\/script>\n<!-- \/ Yoast SEO plugin. -->","yoast_head_json":{"title":"Kawasaki Z800, la super naked prima della classe - Bellunopress - Dolomiti","robots":{"index":"index","follow":"follow","max-snippet":"max-snippet:-1","max-image-preview":"max-image-preview:large","max-video-preview":"max-video-preview:-1"},"canonical":"https:\/\/www.bellunopress.it\/fr\/2013\/02\/22\/kawasaki-z800-la-super-naked-prima-della-classe\/","og_locale":"fr_FR","og_type":"article","og_title":"Kawasaki Z800, la super naked prima della classe - Bellunopress - Dolomiti","og_description":"Presentata all&#8217;Expo di Verona lo scorso fine gennaio, la nuova Z800 della Kawasaki \u00e8 gi\u00e0 disponibile alla Concessionaria Tecnosport di Belluno, in via Vittorio Veneto 258 (www.tecnosportsrl.it). Dopo 40 anni dalla prima uscita della serie Z, la casa nipponica affronta la stagione 2013 con questa super naked dal design aggressivo. Il nuovo guerriero Z800 di [&hellip;]","og_url":"https:\/\/www.bellunopress.it\/fr\/2013\/02\/22\/kawasaki-z800-la-super-naked-prima-della-classe\/","og_site_name":"Bellunopress - Dolomiti","article_publisher":"https:\/\/www.facebook.com\/profile.php?id=100008943462799","article_published_time":"2013-02-22T22:18:09+00:00","og_image":[{"url":"http:\/\/www.bellunopress.it\/wp-content\/uploads\/2013\/02\/kavasaki-z-800.jpg","type":"","width":"","height":""}],"author":"redazione","twitter_card":"summary_large_image","twitter_creator":"@bellunopress","twitter_site":"@bellunopress","twitter_misc":{"\u00c9crit par":"redazione","Dur\u00e9e de lecture estim\u00e9e":"1 minute"},"schema":{"@context":"https:\/\/schema.org","@graph":[{"@type":"Article","@id":"https:\/\/www.bellunopress.it\/2013\/02\/22\/kawasaki-z800-la-super-naked-prima-della-classe\/#article","isPartOf":{"@id":"https:\/\/www.bellunopress.it\/2013\/02\/22\/kawasaki-z800-la-super-naked-prima-della-classe\/"},"author":{"name":"redazione","@id":"https:\/\/www.bellunopress.it\/#\/schema\/person\/79bb06722b37ece1c03d3e94beb30d73"},"headline":"Kawasaki Z800, la super naked prima della classe","datePublished":"2013-02-22T22:18:09+00:00","mainEntityOfPage":{"@id":"https:\/\/www.bellunopress.it\/2013\/02\/22\/kawasaki-z800-la-super-naked-prima-della-classe\/"},"wordCount":280,"publisher":{"@id":"https:\/\/www.bellunopress.it\/#organization"},"image":{"@id":"https:\/\/www.bellunopress.it\/2013\/02\/22\/kawasaki-z800-la-super-naked-prima-della-classe\/#primaryimage"},"thumbnailUrl":"http:\/\/www.bellunopress.it\/wp-content\/uploads\/2013\/02\/kavasaki-z-800.jpg","articleSection":["Pausa Caff\u00e8","Pubbliredazionali","Societ\u00e0, Associazioni, Istituzioni"],"inLanguage":"fr-FR"},{"@type":"WebPage","@id":"https:\/\/www.bellunopress.it\/2013\/02\/22\/kawasaki-z800-la-super-naked-prima-della-classe\/","url":"https:\/\/www.bellunopress.it\/2013\/02\/22\/kawasaki-z800-la-super-naked-prima-della-classe\/","name":"Kawasaki Z800, la super naked prima della classe - Bellunopress - Dolomiti","isPartOf":{"@id":"https:\/\/www.bellunopress.it\/#website"},"primaryImageOfPage":{"@id":"https:\/\/www.bellunopress.it\/2013\/02\/22\/kawasaki-z800-la-super-naked-prima-della-classe\/#primaryimage"},"image":{"@id":"https:\/\/www.bellunopress.it\/2013\/02\/22\/kawasaki-z800-la-super-naked-prima-della-classe\/#primaryimage"},"thumbnailUrl":"http:\/\/www.bellunopress.it\/wp-content\/uploads\/2013\/02\/kavasaki-z-800.jpg","datePublished":"2013-02-22T22:18:09+00:00","breadcrumb":{"@id":"https:\/\/www.bellunopress.it\/2013\/02\/22\/kawasaki-z800-la-super-naked-prima-della-classe\/#breadcrumb"},"inLanguage":"fr-FR","potentialAction":[{"@type":"ReadAction","target":["https:\/\/www.bellunopress.it\/2013\/02\/22\/kawasaki-z800-la-super-naked-prima-della-classe\/"]}]},{"@type":"ImageObject","inLanguage":"fr-FR","@id":"https:\/\/www.bellunopress.it\/2013\/02\/22\/kawasaki-z800-la-super-naked-prima-della-classe\/#primaryimage","url":"http:\/\/www.bellunopress.it\/wp-content\/uploads\/2013\/02\/kavasaki-z-800.jpg","contentUrl":"http:\/\/www.bellunopress.it\/wp-content\/uploads\/2013\/02\/kavasaki-z-800.jpg"},{"@type":"BreadcrumbList","@id":"https:\/\/www.bellunopress.it\/2013\/02\/22\/kawasaki-z800-la-super-naked-prima-della-classe\/#breadcrumb","itemListElement":[{"@type":"ListItem","position":1,"name":"Home","item":"https:\/\/www.bellunopress.it\/"},{"@type":"ListItem","position":2,"name":"Kawasaki Z800, la super naked prima della classe"}]},{"@type":"WebSite","@id":"https:\/\/www.bellunopress.it\/#website","url":"https:\/\/www.bellunopress.it\/","name":"Bellunopress - Dolomiti","description":"e-mail: redazione@bellunopress.it","publisher":{"@id":"https:\/\/www.bellunopress.it\/#organization"},"potentialAction":[{"@type":"SearchAction","target":{"@type":"EntryPoint","urlTemplate":"https:\/\/www.bellunopress.it\/?s={search_term_string}"},"query-input":{"@type":"PropertyValueSpecification","valueRequired":true,"valueName":"search_term_string"}}],"inLanguage":"fr-FR"},{"@type":"Organization","@id":"https:\/\/www.bellunopress.it\/#organization","name":"Bellunopress","url":"https:\/\/www.bellunopress.it\/","logo":{"@type":"ImageObject","inLanguage":"fr-FR","@id":"https:\/\/www.bellunopress.it\/#\/schema\/logo\/image\/","url":"https:\/\/www.bellunopress.it\/wp-content\/uploads\/2011\/05\/cropped-logo-bellunopress-.jpg","contentUrl":"https:\/\/www.bellunopress.it\/wp-content\/uploads\/2011\/05\/cropped-logo-bellunopress-.jpg","width":512,"height":512,"caption":"Bellunopress"},"image":{"@id":"https:\/\/www.bellunopress.it\/#\/schema\/logo\/image\/"},"sameAs":["https:\/\/www.facebook.com\/profile.php?id=100008943462799","https:\/\/x.com\/bellunopress","https:\/\/www.linkedin.com\/hp\/?dnr=JBzUWaJfMUw8vbXJJ2tVW5-I3jZKvC4wsoxE&amp;amp;amp;amp;amp;amp;trk=nav_responsive_tab_home","https:\/\/www.youtube.com\/channel\/UCxL0wu1uN0_3_7hGG0306cw"]},{"@type":"Person","@id":"https:\/\/www.bellunopress.it\/#\/schema\/person\/79bb06722b37ece1c03d3e94beb30d73","name":"r\u00e9daction","image":{"@type":"ImageObject","inLanguage":"fr-FR","@id":"https:\/\/secure.gravatar.com\/avatar\/37d968a2e67a6fd04c169c4bdef102d0bc5d31b2546345219e348575eb80e9a0?s=96&d=mm&r=g","url":"https:\/\/secure.gravatar.com\/avatar\/37d968a2e67a6fd04c169c4bdef102d0bc5d31b2546345219e348575eb80e9a0?s=96&d=mm&r=g","contentUrl":"https:\/\/secure.gravatar.com\/avatar\/37d968a2e67a6fd04c169c4bdef102d0bc5d31b2546345219e348575eb80e9a0?s=96&d=mm&r=g","caption":"redazione"},"sameAs":["http:\/\/www.bellunopress.it","https:\/\/x.com\/bellunopress"],"url":"https:\/\/www.bellunopress.it\/fr\/author\/redazione\/"}]}},"_links":{"self":[{"href":"https:\/\/www.bellunopress.it\/fr\/wp-json\/wp\/v2\/posts\/47023","targetHints":{"allow":["GET"]}}],"collection":[{"href":"https:\/\/www.bellunopress.it\/fr\/wp-json\/wp\/v2\/posts"}],"about":[{"href":"https:\/\/www.bellunopress.it\/fr\/wp-json\/wp\/v2\/types\/post"}],"author":[{"embeddable":true,"href":"https:\/\/www.bellunopress.it\/fr\/wp-json\/wp\/v2\/users\/2"}],"replies":[{"embeddable":true,"href":"https:\/\/www.bellunopress.it\/fr\/wp-json\/wp\/v2\/comments?post=47023"}],"version-history":[{"count":1,"href":"https:\/\/www.bellunopress.it\/fr\/wp-json\/wp\/v2\/posts\/47023\/revisions"}],"predecessor-version":[{"id":47026,"href":"https:\/\/www.bellunopress.it\/fr\/wp-json\/wp\/v2\/posts\/47023\/revisions\/47026"}],"wp:attachment":[{"href":"https:\/\/www.bellunopress.it\/fr\/wp-json\/wp\/v2\/media?parent=47023"}],"wp:term":[{"taxonomy":"category","embeddable":true,"href":"https:\/\/www.bellunopress.it\/fr\/wp-json\/wp\/v2\/categories?post=47023"},{"taxonomy":"post_tag","embeddable":true,"href":"https:\/\/www.bellunopress.it\/fr\/wp-json\/wp\/v2\/tags?post=47023"}],"curies":[{"name":"wp","href":"https:\/\/api.w.org\/{rel}","templated":true}]}}