{"id":47021,"date":"2013-02-22T23:11:34","date_gmt":"2013-02-22T22:11:34","guid":{"rendered":"http:\/\/www.bellunopress.it\/?p=47021"},"modified":"2013-02-22T23:11:34","modified_gmt":"2013-02-22T22:11:34","slug":"ultime-battute-della-cortina-winter-polo","status":"publish","type":"post","link":"https:\/\/www.bellunopress.it\/fr\/2013\/02\/22\/ultime-battute-della-cortina-winter-polo\/","title":{"rendered":"Ultime battute della Cortina Winter Polo"},"content":{"rendered":"<p><a href=\"http:\/\/www.bellunopress.it\/wp-content\/uploads\/2013\/02\/cortina-winter-polo1.jpg\"><img loading=\"lazy\" decoding=\"async\" class=\"alignleft size-full wp-image-46884\" alt=\"cortina winter polo\" src=\"http:\/\/www.bellunopress.it\/wp-content\/uploads\/2013\/02\/cortina-winter-polo1.jpg\" width=\"290\" height=\"226\" \/><\/a>SESTA GIORNATA: AUDI IN FINALE CONTRO JOHN TAYLOR MONTECARLO<\/p>\n<p>Cortina d\u2019Ampezzo \u2013 Il polo-pitch di Fiames ha emesso i suoi verdetti delineando il quadro delle finali della Cortina Winter Polo \u2013 Audi Gold Cup 2013. Nella sesta giornata del torneo il team Audi ha staccato il biglietto per la finalissima battendo di misura la squadra John Taylor Montecarlo (5,5 &#8211; 5). Le due formazioni si affronteranno nuovamente domani, quando in palio ci sar\u00e0 il titolo 2013. Nella seconda partita il team U.S. Polo Assn. ha regolato 6 \u2013 4,5 il Ruinart Polo Team guadagnandosi un posto nella finale per il terzo posto contro Hotel de la Poste Polo Team. Ottima cornice di pubblico per la penultima giornata del torneo e anche per domani si prevede il pienone. La prima partita \u00e8 in programma alle 12 (finale 3\u00b0 &#8211; 4\u00b0 posto) a seguire la finale e le premiazioni. Domenica 24 cala il sipario sul campo di Fiames con l\u2019Audi Day con i test drive e lo show degli istruttori dell\u2019Audi quattro\u00ae experience.<\/p>\n<p>&nbsp;<\/p>\n<p>AUDI POLO TEAM VS JOHN TAYLOR-MONTECARLO POLO TEAM 5 \u00bd A 5<\/p>\n<p>Anche in questa partita \u2013 decisiva per stabilire chi avrebbe dovuto sfidare in finale il John Taylor Montecarlo Polo Team \u2013 l\u2019Audi Polo Team (capitano Davide Nanni, Paolo Santambrogio, David Bernal, Fabrizio Bulgarini) mette a frutto il vantaggio iniziale datogli per il minor handicap complessivo, 14 contro i 16 di John Taylor-Montecarlo Polo Team (capitano Rommy Gianni, Luca D\u2019Orazio, Davide Musso, Juan Cruz Greguoli). Ago della bilancia, croce e delizia dell\u2019Audi, \u00e8 David Bernal, il quale pasticcia sbagliandola una punizione sotto i pali avversari, butta fuori un penalty da 40 yards, chiude male una stupenda discesa da mezzo campo ma va a segno con tre marcature. Santambrogio ci mette del suo con un bel goal su azione. La partita \u00e8 veloce, con continui cambi di fronte, ma John Taylor-Montecarlo sembra pi\u00f9 intenzionato a difendersi che a offendere. Musso (capocannoniere del torneo con 15 goal) si schiera davanti la sua area e l\u00ec rimane, non senza per\u00f2 aver dato un saggio della sua classe quando prende la palla a met\u00e0 campo, discende sulla fascia destra e infila tra i pali avversari una palla da posizione super-angolata. Il successo proietta Audi in finale domani contro il medesimo avversario di oggi.<\/p>\n<p>&nbsp;<\/p>\n<p>1\u00b0 chukker Audi Polo Team 1 1\/2 &#8211; John Taylor-Montecarlo Polo Team 2<\/p>\n<p>vantaggio (1 1\/2) Audi<\/p>\n<p>Greguoli (1) John Taylor-Montecarlo<\/p>\n<p>Musso (1) John Taylor-Montecarlo<\/p>\n<p>2\u00b0 chukker Audi 2 1\/2 &#8211; John Taylor-Montecarlo 3<\/p>\n<p>Bernal (1) Audi<\/p>\n<p>Gianni (1) John Taylor-Montecarlo<\/p>\n<p>3\u00b0 chukker Audi 5 1\/2 &#8211; John Taylor-Montecarlo 5<\/p>\n<p>Bernal (2) Audi<\/p>\n<p>Santambrogio (1) Audi<\/p>\n<p>D\u2019Orazio (1) John Taylor-Montecarlo<\/p>\n<p>Musso (1) John Taylor-Montecarlo<\/p>\n<p>4\u00b0 chukker Audi 5 1\/2 &#8211; John Taylor-Montecarlo 5<\/p>\n<p>&nbsp;<\/p>\n<p>U.S. POLO ASSN. TEAM VS RUINART POLO TEAM 6 A 4 \u00bd<\/p>\n<p>Svanita la possibilit\u00e0 di accedere alla gran finale di domani, l\u2019U.S. Polo Assn. Team (capitano Richard Fagan, Marcus Hancock, Marcus Araya, Santiago Torreguitar) scarica sul Ruinart Polo Team (capitano Davide Dondena, Luis Neuforge, Horacio Etcheverry, Teodore Neuforge) il suo notevole agonismo. La squadra di capitan Dondena ha bisogno di vincere per non rimaner fuori almeno dalla finale per il 3\u00b0 e 4\u00b0 posto ma Fagan (che gioca con una Pink Panter, una pantera rosa, portafortuna sulla schiena) e i suoi non intendono fare sconti. Per altro il bomber di Ruinart, Etcheverry, si trova a battere tre penalty da 40 yards contro vento, con la palla che finisce immancabilmente lontana dai pali. Ne sortisce una partita non scorretta ma fallosa e spezzettata, che finisce per metter fuori dalle finali di domani il Ruinart, che pure aveva iniziato molto bene il torneo. L\u2019U.S. Polo Assn. \u00e8 soddisfatto invece del risultato che gli consente di giocare, fra 24 ore, la piccola finale contro l\u2019Hotel de la Poste Polo Team.<\/p>\n<p>&nbsp;<\/p>\n<p>1\u00b0 chukker US Polo Assn. 1 &#8211; Ruinart Polo Team 1 1\/2<\/p>\n<p>vantaggio (1 \u00bd) Ruinart<\/p>\n<p>Araya (1) US Polo Assn.<\/p>\n<p>2\u00b0 chukker US Polo Assn. 3 &#8211; Ruinart 2 1\/2<\/p>\n<p>Hancock (1) US Polo Assn.<\/p>\n<p>Araya (1) US Polo Assn.<\/p>\n<p>Etcheverry (1) Ruinart<\/p>\n<p>3\u00b0 chukker US Polo Assn. 4 &#8211; Ruinart 3 1\/2<\/p>\n<p>Fagan (1) US Polo Assn.<\/p>\n<p>Etcheverry (1) Ruinart<\/p>\n<p>4\u00b0 chukker US Polo Assn. 6 &#8211; Ruinart 4 1\/2<\/p>\n<p>Araya (2) US Polo Assn.<\/p>\n<p>Etcheverry (1) Ruinart<\/p>\n<p>&nbsp;<\/p>\n<p>&nbsp;<\/p>\n<p>AUDI DAY: SHOW ED EMOZIONI IN CAMPO<\/p>\n<p>Con la chiusura della Cortina Winter Polo sabato pomeriggio non finisce lo spettacolo a Fiames. I cavalli del polo lasciano la scena ai cavalli motore di Audi, title sponsor del torneo. Alle 22.20, in una cornice da fiaba auto, piloti, musica e animazioni in 3D saranno i protagonisti di uno show che ogni anno crea maggiori emozioni. Tamara Vidali e Simone Campedelli, con la supervisione di Max Venturi \u2013 coordinatore degli istruttori della scuola di guida sicura Audi quattro\u00ae experience, la scuola di guida sicura &#8211; sapranno certamente stupire i presenti con le loro impareggiabili evoluzioni. Domenica 24 febbraio \u00e8 la volta dell\u2019Audi Day. La Casa dei quattro anelli invita a provare le sue vetture a Fiames. Audi quattro\u00ae experience assicurer\u00e0 ai partecipanti un test drive assolutamente entusiasmante.<\/p>\n<p>L\u2019appuntamento \u00e8 al desk del Polo Village di Fiames dove tra le 10 e le 13.00 e le 14.00 e le 16.30, ci si potr\u00e0 iscrivere. Tra i modelli in prova R8 5.2 V10, RS4 e la nuovissima Audi A3 Sportback. Durante lo svolgimento della Cortina Winter Polo \u00e8 stato, ed \u00e8 ancora possibile venerd\u00ec e sabato, effettuare prove su strada, sempre con le vetture pi\u00f9 performanti della gamma, accompagnati dagli istruttori di Audi quattro\u00ae experience. L\u2019iscrizione potr\u00e0 avvenire tramite le hostess Audi al desk del Villaggio Vip del Cortina Winter Polo oppure contattando il numero 345 3472530 (Audi quatro\u00ae experience).<\/p>\n<p>&nbsp;<\/p>\n<p>IL PROGRAMMA DI DOMANI<\/p>\n<p>CAMPO GARA \u2013 FIAMES<\/p>\n<p>Ore 12.00 Finale 3\u00b0 &#8211; 4\u00b0 posto: U.S. Polo Assn. Team vs Hotel de la Poste Team<\/p>\n<p>A seguire Finale 1\u00b0 -2\u00b0 posto: Audi Polo Team vs John Taylor Montecarlo Polo Team<\/p>\n<p>&nbsp;<\/p>\n<p>&nbsp;<\/p>","protected":false},"excerpt":{"rendered":"<p>SESTA GIORNATA: AUDI IN FINALE CONTRO JOHN TAYLOR MONTECARLO Cortina d\u2019Ampezzo \u2013 Il polo-pitch di Fiames ha emesso i suoi verdetti delineando il quadro delle finali della Cortina Winter Polo \u2013 Audi Gold Cup 2013. Nella sesta giornata del torneo il team Audi ha staccato il biglietto per la finalissima battendo di misura la squadra [&hellip;]<\/p>\n","protected":false},"author":2,"featured_media":0,"comment_status":"closed","ping_status":"open","sticky":false,"template":"","format":"standard","meta":{"footnotes":""},"categories":[26,8,4],"tags":[],"class_list":["post-47021","post","type-post","status-publish","format-standard","category-prima-pagina","category-societa-istituzioni","category-sport"],"yoast_head":"<!-- This site is optimized with the Yoast SEO plugin v28.4 - https:\/\/yoast.com\/product\/yoast-seo-wordpress\/ -->\n<title>Ultime battute della Cortina Winter Polo - Bellunopress - Dolomiti<\/title>\n<meta name=\"robots\" content=\"index, follow, max-snippet:-1, max-image-preview:large, max-video-preview:-1\" \/>\n<link rel=\"canonical\" href=\"https:\/\/www.bellunopress.it\/fr\/2013\/02\/22\/ultime-battute-della-cortina-winter-polo\/\" \/>\n<meta property=\"og:locale\" content=\"fr_FR\" \/>\n<meta property=\"og:type\" content=\"article\" \/>\n<meta property=\"og:title\" content=\"Ultime battute della Cortina Winter Polo - Bellunopress - Dolomiti\" \/>\n<meta property=\"og:description\" content=\"SESTA GIORNATA: AUDI IN FINALE CONTRO JOHN TAYLOR MONTECARLO Cortina d\u2019Ampezzo \u2013 Il polo-pitch di Fiames ha emesso i suoi verdetti delineando il quadro delle finali della Cortina Winter Polo \u2013 Audi Gold Cup 2013. Nella sesta giornata del torneo il team Audi ha staccato il biglietto per la finalissima battendo di misura la squadra [&hellip;]\" \/>\n<meta property=\"og:url\" content=\"https:\/\/www.bellunopress.it\/fr\/2013\/02\/22\/ultime-battute-della-cortina-winter-polo\/\" \/>\n<meta property=\"og:site_name\" content=\"Bellunopress - Dolomiti\" \/>\n<meta property=\"article:publisher\" content=\"https:\/\/www.facebook.com\/profile.php?id=100008943462799\" \/>\n<meta property=\"article:published_time\" content=\"2013-02-22T22:11:34+00:00\" \/>\n<meta property=\"og:image\" content=\"http:\/\/www.bellunopress.it\/wp-content\/uploads\/2013\/02\/cortina-winter-polo1.jpg\" \/>\n<meta name=\"author\" content=\"redazione\" \/>\n<meta name=\"twitter:card\" content=\"summary_large_image\" \/>\n<meta name=\"twitter:creator\" content=\"@bellunopress\" \/>\n<meta name=\"twitter:site\" content=\"@bellunopress\" \/>\n<meta name=\"twitter:label1\" content=\"\u00c9crit par\" \/>\n\t<meta name=\"twitter:data1\" content=\"redazione\" \/>\n\t<meta name=\"twitter:label2\" content=\"Dur\u00e9e de lecture estim\u00e9e\" \/>\n\t<meta name=\"twitter:data2\" content=\"5 minutes\" \/>\n<script type=\"application\/ld+json\" class=\"yoast-schema-graph\">{\"@context\":\"https:\\\/\\\/schema.org\",\"@graph\":[{\"@type\":\"Article\",\"@id\":\"https:\\\/\\\/www.bellunopress.it\\\/2013\\\/02\\\/22\\\/ultime-battute-della-cortina-winter-polo\\\/#article\",\"isPartOf\":{\"@id\":\"https:\\\/\\\/www.bellunopress.it\\\/2013\\\/02\\\/22\\\/ultime-battute-della-cortina-winter-polo\\\/\"},\"author\":{\"name\":\"redazione\",\"@id\":\"https:\\\/\\\/www.bellunopress.it\\\/#\\\/schema\\\/person\\\/79bb06722b37ece1c03d3e94beb30d73\"},\"headline\":\"Ultime battute della Cortina Winter Polo\",\"datePublished\":\"2013-02-22T22:11:34+00:00\",\"mainEntityOfPage\":{\"@id\":\"https:\\\/\\\/www.bellunopress.it\\\/2013\\\/02\\\/22\\\/ultime-battute-della-cortina-winter-polo\\\/\"},\"wordCount\":917,\"publisher\":{\"@id\":\"https:\\\/\\\/www.bellunopress.it\\\/#organization\"},\"image\":{\"@id\":\"https:\\\/\\\/www.bellunopress.it\\\/2013\\\/02\\\/22\\\/ultime-battute-della-cortina-winter-polo\\\/#primaryimage\"},\"thumbnailUrl\":\"http:\\\/\\\/www.bellunopress.it\\\/wp-content\\\/uploads\\\/2013\\\/02\\\/cortina-winter-polo1.jpg\",\"articleSection\":[\"Prima Pagina\",\"Societ\u00e0, Associazioni, Istituzioni\",\"Sport, tempo libero\"],\"inLanguage\":\"fr-FR\"},{\"@type\":\"WebPage\",\"@id\":\"https:\\\/\\\/www.bellunopress.it\\\/2013\\\/02\\\/22\\\/ultime-battute-della-cortina-winter-polo\\\/\",\"url\":\"https:\\\/\\\/www.bellunopress.it\\\/2013\\\/02\\\/22\\\/ultime-battute-della-cortina-winter-polo\\\/\",\"name\":\"Ultime battute della Cortina Winter Polo - Bellunopress - Dolomiti\",\"isPartOf\":{\"@id\":\"https:\\\/\\\/www.bellunopress.it\\\/#website\"},\"primaryImageOfPage\":{\"@id\":\"https:\\\/\\\/www.bellunopress.it\\\/2013\\\/02\\\/22\\\/ultime-battute-della-cortina-winter-polo\\\/#primaryimage\"},\"image\":{\"@id\":\"https:\\\/\\\/www.bellunopress.it\\\/2013\\\/02\\\/22\\\/ultime-battute-della-cortina-winter-polo\\\/#primaryimage\"},\"thumbnailUrl\":\"http:\\\/\\\/www.bellunopress.it\\\/wp-content\\\/uploads\\\/2013\\\/02\\\/cortina-winter-polo1.jpg\",\"datePublished\":\"2013-02-22T22:11:34+00:00\",\"breadcrumb\":{\"@id\":\"https:\\\/\\\/www.bellunopress.it\\\/2013\\\/02\\\/22\\\/ultime-battute-della-cortina-winter-polo\\\/#breadcrumb\"},\"inLanguage\":\"fr-FR\",\"potentialAction\":[{\"@type\":\"ReadAction\",\"target\":[\"https:\\\/\\\/www.bellunopress.it\\\/2013\\\/02\\\/22\\\/ultime-battute-della-cortina-winter-polo\\\/\"]}]},{\"@type\":\"ImageObject\",\"inLanguage\":\"fr-FR\",\"@id\":\"https:\\\/\\\/www.bellunopress.it\\\/2013\\\/02\\\/22\\\/ultime-battute-della-cortina-winter-polo\\\/#primaryimage\",\"url\":\"http:\\\/\\\/www.bellunopress.it\\\/wp-content\\\/uploads\\\/2013\\\/02\\\/cortina-winter-polo1.jpg\",\"contentUrl\":\"http:\\\/\\\/www.bellunopress.it\\\/wp-content\\\/uploads\\\/2013\\\/02\\\/cortina-winter-polo1.jpg\"},{\"@type\":\"BreadcrumbList\",\"@id\":\"https:\\\/\\\/www.bellunopress.it\\\/2013\\\/02\\\/22\\\/ultime-battute-della-cortina-winter-polo\\\/#breadcrumb\",\"itemListElement\":[{\"@type\":\"ListItem\",\"position\":1,\"name\":\"Home\",\"item\":\"https:\\\/\\\/www.bellunopress.it\\\/\"},{\"@type\":\"ListItem\",\"position\":2,\"name\":\"Ultime battute della Cortina Winter Polo\"}]},{\"@type\":\"WebSite\",\"@id\":\"https:\\\/\\\/www.bellunopress.it\\\/#website\",\"url\":\"https:\\\/\\\/www.bellunopress.it\\\/\",\"name\":\"Bellunopress - Dolomiti\",\"description\":\"e-mail: redazione@bellunopress.it\",\"publisher\":{\"@id\":\"https:\\\/\\\/www.bellunopress.it\\\/#organization\"},\"potentialAction\":[{\"@type\":\"SearchAction\",\"target\":{\"@type\":\"EntryPoint\",\"urlTemplate\":\"https:\\\/\\\/www.bellunopress.it\\\/?s={search_term_string}\"},\"query-input\":{\"@type\":\"PropertyValueSpecification\",\"valueRequired\":true,\"valueName\":\"search_term_string\"}}],\"inLanguage\":\"fr-FR\"},{\"@type\":\"Organization\",\"@id\":\"https:\\\/\\\/www.bellunopress.it\\\/#organization\",\"name\":\"Bellunopress\",\"url\":\"https:\\\/\\\/www.bellunopress.it\\\/\",\"logo\":{\"@type\":\"ImageObject\",\"inLanguage\":\"fr-FR\",\"@id\":\"https:\\\/\\\/www.bellunopress.it\\\/#\\\/schema\\\/logo\\\/image\\\/\",\"url\":\"https:\\\/\\\/www.bellunopress.it\\\/wp-content\\\/uploads\\\/2011\\\/05\\\/cropped-logo-bellunopress-.jpg\",\"contentUrl\":\"https:\\\/\\\/www.bellunopress.it\\\/wp-content\\\/uploads\\\/2011\\\/05\\\/cropped-logo-bellunopress-.jpg\",\"width\":512,\"height\":512,\"caption\":\"Bellunopress\"},\"image\":{\"@id\":\"https:\\\/\\\/www.bellunopress.it\\\/#\\\/schema\\\/logo\\\/image\\\/\"},\"sameAs\":[\"https:\\\/\\\/www.facebook.com\\\/profile.php?id=100008943462799\",\"https:\\\/\\\/x.com\\\/bellunopress\",\"https:\\\/\\\/www.linkedin.com\\\/hp\\\/?dnr=JBzUWaJfMUw8vbXJJ2tVW5-I3jZKvC4wsoxE&amp;amp;amp;amp;amp;amp;trk=nav_responsive_tab_home\",\"https:\\\/\\\/www.youtube.com\\\/channel\\\/UCxL0wu1uN0_3_7hGG0306cw\"]},{\"@type\":\"Person\",\"@id\":\"https:\\\/\\\/www.bellunopress.it\\\/#\\\/schema\\\/person\\\/79bb06722b37ece1c03d3e94beb30d73\",\"name\":\"redazione\",\"image\":{\"@type\":\"ImageObject\",\"inLanguage\":\"fr-FR\",\"@id\":\"https:\\\/\\\/secure.gravatar.com\\\/avatar\\\/37d968a2e67a6fd04c169c4bdef102d0bc5d31b2546345219e348575eb80e9a0?s=96&d=mm&r=g\",\"url\":\"https:\\\/\\\/secure.gravatar.com\\\/avatar\\\/37d968a2e67a6fd04c169c4bdef102d0bc5d31b2546345219e348575eb80e9a0?s=96&d=mm&r=g\",\"contentUrl\":\"https:\\\/\\\/secure.gravatar.com\\\/avatar\\\/37d968a2e67a6fd04c169c4bdef102d0bc5d31b2546345219e348575eb80e9a0?s=96&d=mm&r=g\",\"caption\":\"redazione\"},\"sameAs\":[\"http:\\\/\\\/www.bellunopress.it\",\"https:\\\/\\\/x.com\\\/bellunopress\"],\"url\":\"https:\\\/\\\/www.bellunopress.it\\\/fr\\\/author\\\/redazione\\\/\"}]}<\/script>\n<!-- \/ Yoast SEO plugin. -->","yoast_head_json":{"title":"Ultime battute della Cortina Winter Polo - Bellunopress - Dolomiti","robots":{"index":"index","follow":"follow","max-snippet":"max-snippet:-1","max-image-preview":"max-image-preview:large","max-video-preview":"max-video-preview:-1"},"canonical":"https:\/\/www.bellunopress.it\/fr\/2013\/02\/22\/ultime-battute-della-cortina-winter-polo\/","og_locale":"fr_FR","og_type":"article","og_title":"Ultime battute della Cortina Winter Polo - Bellunopress - Dolomiti","og_description":"SESTA GIORNATA: AUDI IN FINALE CONTRO JOHN TAYLOR MONTECARLO Cortina d\u2019Ampezzo \u2013 Il polo-pitch di Fiames ha emesso i suoi verdetti delineando il quadro delle finali della Cortina Winter Polo \u2013 Audi Gold Cup 2013. Nella sesta giornata del torneo il team Audi ha staccato il biglietto per la finalissima battendo di misura la squadra [&hellip;]","og_url":"https:\/\/www.bellunopress.it\/fr\/2013\/02\/22\/ultime-battute-della-cortina-winter-polo\/","og_site_name":"Bellunopress - Dolomiti","article_publisher":"https:\/\/www.facebook.com\/profile.php?id=100008943462799","article_published_time":"2013-02-22T22:11:34+00:00","og_image":[{"url":"http:\/\/www.bellunopress.it\/wp-content\/uploads\/2013\/02\/cortina-winter-polo1.jpg","type":"","width":"","height":""}],"author":"redazione","twitter_card":"summary_large_image","twitter_creator":"@bellunopress","twitter_site":"@bellunopress","twitter_misc":{"\u00c9crit par":"redazione","Dur\u00e9e de lecture estim\u00e9e":"5 minutes"},"schema":{"@context":"https:\/\/schema.org","@graph":[{"@type":"Article","@id":"https:\/\/www.bellunopress.it\/2013\/02\/22\/ultime-battute-della-cortina-winter-polo\/#article","isPartOf":{"@id":"https:\/\/www.bellunopress.it\/2013\/02\/22\/ultime-battute-della-cortina-winter-polo\/"},"author":{"name":"redazione","@id":"https:\/\/www.bellunopress.it\/#\/schema\/person\/79bb06722b37ece1c03d3e94beb30d73"},"headline":"Ultime battute della Cortina Winter Polo","datePublished":"2013-02-22T22:11:34+00:00","mainEntityOfPage":{"@id":"https:\/\/www.bellunopress.it\/2013\/02\/22\/ultime-battute-della-cortina-winter-polo\/"},"wordCount":917,"publisher":{"@id":"https:\/\/www.bellunopress.it\/#organization"},"image":{"@id":"https:\/\/www.bellunopress.it\/2013\/02\/22\/ultime-battute-della-cortina-winter-polo\/#primaryimage"},"thumbnailUrl":"http:\/\/www.bellunopress.it\/wp-content\/uploads\/2013\/02\/cortina-winter-polo1.jpg","articleSection":["Prima Pagina","Societ\u00e0, Associazioni, Istituzioni","Sport, tempo libero"],"inLanguage":"fr-FR"},{"@type":"WebPage","@id":"https:\/\/www.bellunopress.it\/2013\/02\/22\/ultime-battute-della-cortina-winter-polo\/","url":"https:\/\/www.bellunopress.it\/2013\/02\/22\/ultime-battute-della-cortina-winter-polo\/","name":"Ultime battute della Cortina Winter Polo - Bellunopress - Dolomiti","isPartOf":{"@id":"https:\/\/www.bellunopress.it\/#website"},"primaryImageOfPage":{"@id":"https:\/\/www.bellunopress.it\/2013\/02\/22\/ultime-battute-della-cortina-winter-polo\/#primaryimage"},"image":{"@id":"https:\/\/www.bellunopress.it\/2013\/02\/22\/ultime-battute-della-cortina-winter-polo\/#primaryimage"},"thumbnailUrl":"http:\/\/www.bellunopress.it\/wp-content\/uploads\/2013\/02\/cortina-winter-polo1.jpg","datePublished":"2013-02-22T22:11:34+00:00","breadcrumb":{"@id":"https:\/\/www.bellunopress.it\/2013\/02\/22\/ultime-battute-della-cortina-winter-polo\/#breadcrumb"},"inLanguage":"fr-FR","potentialAction":[{"@type":"ReadAction","target":["https:\/\/www.bellunopress.it\/2013\/02\/22\/ultime-battute-della-cortina-winter-polo\/"]}]},{"@type":"ImageObject","inLanguage":"fr-FR","@id":"https:\/\/www.bellunopress.it\/2013\/02\/22\/ultime-battute-della-cortina-winter-polo\/#primaryimage","url":"http:\/\/www.bellunopress.it\/wp-content\/uploads\/2013\/02\/cortina-winter-polo1.jpg","contentUrl":"http:\/\/www.bellunopress.it\/wp-content\/uploads\/2013\/02\/cortina-winter-polo1.jpg"},{"@type":"BreadcrumbList","@id":"https:\/\/www.bellunopress.it\/2013\/02\/22\/ultime-battute-della-cortina-winter-polo\/#breadcrumb","itemListElement":[{"@type":"ListItem","position":1,"name":"Home","item":"https:\/\/www.bellunopress.it\/"},{"@type":"ListItem","position":2,"name":"Ultime battute della Cortina Winter Polo"}]},{"@type":"WebSite","@id":"https:\/\/www.bellunopress.it\/#website","url":"https:\/\/www.bellunopress.it\/","name":"Bellunopress - Dolomiti","description":"e-mail: redazione@bellunopress.it","publisher":{"@id":"https:\/\/www.bellunopress.it\/#organization"},"potentialAction":[{"@type":"SearchAction","target":{"@type":"EntryPoint","urlTemplate":"https:\/\/www.bellunopress.it\/?s={search_term_string}"},"query-input":{"@type":"PropertyValueSpecification","valueRequired":true,"valueName":"search_term_string"}}],"inLanguage":"fr-FR"},{"@type":"Organization","@id":"https:\/\/www.bellunopress.it\/#organization","name":"Bellunopress","url":"https:\/\/www.bellunopress.it\/","logo":{"@type":"ImageObject","inLanguage":"fr-FR","@id":"https:\/\/www.bellunopress.it\/#\/schema\/logo\/image\/","url":"https:\/\/www.bellunopress.it\/wp-content\/uploads\/2011\/05\/cropped-logo-bellunopress-.jpg","contentUrl":"https:\/\/www.bellunopress.it\/wp-content\/uploads\/2011\/05\/cropped-logo-bellunopress-.jpg","width":512,"height":512,"caption":"Bellunopress"},"image":{"@id":"https:\/\/www.bellunopress.it\/#\/schema\/logo\/image\/"},"sameAs":["https:\/\/www.facebook.com\/profile.php?id=100008943462799","https:\/\/x.com\/bellunopress","https:\/\/www.linkedin.com\/hp\/?dnr=JBzUWaJfMUw8vbXJJ2tVW5-I3jZKvC4wsoxE&amp;amp;amp;amp;amp;amp;trk=nav_responsive_tab_home","https:\/\/www.youtube.com\/channel\/UCxL0wu1uN0_3_7hGG0306cw"]},{"@type":"Person","@id":"https:\/\/www.bellunopress.it\/#\/schema\/person\/79bb06722b37ece1c03d3e94beb30d73","name":"r\u00e9daction","image":{"@type":"ImageObject","inLanguage":"fr-FR","@id":"https:\/\/secure.gravatar.com\/avatar\/37d968a2e67a6fd04c169c4bdef102d0bc5d31b2546345219e348575eb80e9a0?s=96&d=mm&r=g","url":"https:\/\/secure.gravatar.com\/avatar\/37d968a2e67a6fd04c169c4bdef102d0bc5d31b2546345219e348575eb80e9a0?s=96&d=mm&r=g","contentUrl":"https:\/\/secure.gravatar.com\/avatar\/37d968a2e67a6fd04c169c4bdef102d0bc5d31b2546345219e348575eb80e9a0?s=96&d=mm&r=g","caption":"redazione"},"sameAs":["http:\/\/www.bellunopress.it","https:\/\/x.com\/bellunopress"],"url":"https:\/\/www.bellunopress.it\/fr\/author\/redazione\/"}]}},"_links":{"self":[{"href":"https:\/\/www.bellunopress.it\/fr\/wp-json\/wp\/v2\/posts\/47021","targetHints":{"allow":["GET"]}}],"collection":[{"href":"https:\/\/www.bellunopress.it\/fr\/wp-json\/wp\/v2\/posts"}],"about":[{"href":"https:\/\/www.bellunopress.it\/fr\/wp-json\/wp\/v2\/types\/post"}],"author":[{"embeddable":true,"href":"https:\/\/www.bellunopress.it\/fr\/wp-json\/wp\/v2\/users\/2"}],"replies":[{"embeddable":true,"href":"https:\/\/www.bellunopress.it\/fr\/wp-json\/wp\/v2\/comments?post=47021"}],"version-history":[{"count":1,"href":"https:\/\/www.bellunopress.it\/fr\/wp-json\/wp\/v2\/posts\/47021\/revisions"}],"predecessor-version":[{"id":47022,"href":"https:\/\/www.bellunopress.it\/fr\/wp-json\/wp\/v2\/posts\/47021\/revisions\/47022"}],"wp:attachment":[{"href":"https:\/\/www.bellunopress.it\/fr\/wp-json\/wp\/v2\/media?parent=47021"}],"wp:term":[{"taxonomy":"category","embeddable":true,"href":"https:\/\/www.bellunopress.it\/fr\/wp-json\/wp\/v2\/categories?post=47021"},{"taxonomy":"post_tag","embeddable":true,"href":"https:\/\/www.bellunopress.it\/fr\/wp-json\/wp\/v2\/tags?post=47021"}],"curies":[{"name":"wp","href":"https:\/\/api.w.org\/{rel}","templated":true}]}}