{"id":47014,"date":"2013-02-21T17:21:25","date_gmt":"2013-02-21T16:21:25","guid":{"rendered":"http:\/\/www.bellunopress.it\/?p=47014"},"modified":"2013-02-22T23:08:20","modified_gmt":"2013-02-22T22:08:20","slug":"depositata-in-regione-la-mozione-pro-ladinia-bondil-dibattito-di-lunedi-dovra-tenere-jn-considerazione-tale-peculiarita","status":"publish","type":"post","link":"https:\/\/www.bellunopress.it\/fr\/2013\/02\/21\/depositata-in-regione-la-mozione-pro-ladinia-bondil-dibattito-di-lunedi-dovra-tenere-jn-considerazione-tale-peculiarita\/","title":{"rendered":"Depositata in Regione la mozione pro-Ladinia. Bond:&#8221;Il dibattito di luned\u00ec dovr\u00e0 tenere jn considerazione tale peculiarit\u00e0&#8221;"},"content":{"rendered":"<figure id=\"attachment_42521\" aria-describedby=\"caption-attachment-42521\" style=\"width: 123px\" class=\"wp-caption alignleft\"><a href=\"http:\/\/www.bellunopress.it\/wp-content\/uploads\/2012\/09\/bond.jpg\"><img loading=\"lazy\" decoding=\"async\" class=\"size-full wp-image-42521\" alt=\"Dario Bond\" src=\"http:\/\/www.bellunopress.it\/wp-content\/uploads\/2012\/09\/bond.jpg\" width=\"123\" height=\"150\" \/><\/a><figcaption id=\"caption-attachment-42521\" class=\"wp-caption-text\">Dario Bond<\/figcaption><\/figure>\n<p>Il capogruppo del Pdl Dario Bond ha depositato la mozione pro-Ladinia in vista del dibattito consiliare di luned\u00ec sui referendum per il cambio di Regione. \u201cVoglio che il dibattito in aula tenga in considerazione la peculiarit\u00e0 rappresentata all\u2019interno del fenomeno referendario dalle istanze della Ladinia bellunese\u201d, spiega Bond.<\/p>\n<p>\u201cSe vogliamo sviluppare un confronto reale e non demagogico \u00e8 giusto trattare ogni referendum contestualizzandolo sia in termini storici che economico-sociali, partendo dal presupposto che ogni consultazione merita assoluto rispetto perch\u00e8 affonda le proprie radici nella Costituzione\u201d, prosegue il capogruppo del Pdl.<\/p>\n<p>Il consigliere Bond ha cos\u00ec fatto propria la bozza di mozione predisposta da Stefano Ghezze, capogruppo di minoranza in consiglio comunale a Cortina d\u2019Ampezzo. \u201cSono soddisfatto\u201d, afferma Ghezze, \u201ci ladini bellunesi vogliono una risposta specifica non per una questione di snobbismo ma perch\u00e8 le loro rivendicazioni affondano nella storia di un\u2019intera comunit\u00e0, storia che non pu\u00f2 essere strumentalizzata a seconda delle epoche o delle mode\u201d.<\/p>\n<p>La mozione, depositata da Bond, impegna il presidente della Giunta regionale e il presidente del Consiglio regionale a sollecitare gli organi centrali perch\u00e8 si pronuncino sulla richiesta di passaggio dei comuni della Ladinia storica al Trentino-Alto Adige ai sensi dell\u2019articolo 132 della Costituzione. \u201cE\u2019 giusto che lo Stato si assuma le proprie responsabilit\u00e0 e sciolga questo nodo che \u00e8 sia storico che giuridico e che riguarda da vicino anche la disparit\u00e0 di trattamento tra Regioni a statuto speciale e Regioni a statuto ordinario. Se questa mozione non potr\u00e0 essere discussa interamente mi auguro possa essere recepita in tutto o in parte dalle mozioni gi\u00e0 presentate anche dalle altre forze politche\u201d, conclude Bond.<\/p>\n<p>&nbsp;<\/p>","protected":false},"excerpt":{"rendered":"<p>Il capogruppo del Pdl Dario Bond ha depositato la mozione pro-Ladinia in vista del dibattito consiliare di luned\u00ec sui referendum per il cambio di Regione. \u201cVoglio che il dibattito in aula tenga in considerazione la peculiarit\u00e0 rappresentata all\u2019interno del fenomeno referendario dalle istanze della Ladinia bellunese\u201d, spiega Bond. \u201cSe vogliamo sviluppare un confronto reale e [&hellip;]<\/p>\n","protected":false},"author":2,"featured_media":0,"comment_status":"closed","ping_status":"open","sticky":false,"template":"","format":"standard","meta":{"footnotes":""},"categories":[5,26],"tags":[],"class_list":["post-47014","post","type-post","status-publish","format-standard","category-cronaca","category-prima-pagina"],"yoast_head":"<!-- This site is optimized with the Yoast SEO plugin v28.4 - https:\/\/yoast.com\/product\/yoast-seo-wordpress\/ -->\n<title>Depositata in Regione la mozione pro-Ladinia. Bond:&quot;Il dibattito di luned\u00ec dovr\u00e0 tenere jn considerazione tale peculiarit\u00e0&quot; - Bellunopress - Dolomiti<\/title>\n<meta name=\"robots\" content=\"index, follow, max-snippet:-1, max-image-preview:large, max-video-preview:-1\" \/>\n<link rel=\"canonical\" href=\"https:\/\/www.bellunopress.it\/fr\/2013\/02\/21\/depositata-in-regione-la-mozione-pro-ladinia-bondil-dibattito-di-lunedi-dovra-tenere-jn-considerazione-tale-peculiarita\/\" \/>\n<meta property=\"og:locale\" content=\"fr_FR\" \/>\n<meta property=\"og:type\" content=\"article\" \/>\n<meta property=\"og:title\" content=\"Depositata in Regione la mozione pro-Ladinia. Bond:&quot;Il dibattito di luned\u00ec dovr\u00e0 tenere jn considerazione tale peculiarit\u00e0&quot; - Bellunopress - Dolomiti\" \/>\n<meta property=\"og:description\" content=\"Il capogruppo del Pdl Dario Bond ha depositato la mozione pro-Ladinia in vista del dibattito consiliare di luned\u00ec sui referendum per il cambio di Regione. \u201cVoglio che il dibattito in aula tenga in considerazione la peculiarit\u00e0 rappresentata all\u2019interno del fenomeno referendario dalle istanze della Ladinia bellunese\u201d, spiega Bond. \u201cSe vogliamo sviluppare un confronto reale e [&hellip;]\" \/>\n<meta property=\"og:url\" content=\"https:\/\/www.bellunopress.it\/fr\/2013\/02\/21\/depositata-in-regione-la-mozione-pro-ladinia-bondil-dibattito-di-lunedi-dovra-tenere-jn-considerazione-tale-peculiarita\/\" \/>\n<meta property=\"og:site_name\" content=\"Bellunopress - Dolomiti\" \/>\n<meta property=\"article:publisher\" content=\"https:\/\/www.facebook.com\/profile.php?id=100008943462799\" \/>\n<meta property=\"article:published_time\" content=\"2013-02-21T16:21:25+00:00\" \/>\n<meta property=\"article:modified_time\" content=\"2013-02-22T22:08:20+00:00\" \/>\n<meta property=\"og:image\" content=\"http:\/\/www.bellunopress.it\/wp-content\/uploads\/2012\/09\/bond.jpg\" \/>\n<meta name=\"author\" content=\"redazione\" \/>\n<meta name=\"twitter:card\" content=\"summary_large_image\" \/>\n<meta name=\"twitter:creator\" content=\"@bellunopress\" \/>\n<meta name=\"twitter:site\" content=\"@bellunopress\" \/>\n<meta name=\"twitter:label1\" content=\"\u00c9crit par\" \/>\n\t<meta name=\"twitter:data1\" content=\"redazione\" \/>\n\t<meta name=\"twitter:label2\" content=\"Dur\u00e9e de lecture estim\u00e9e\" \/>\n\t<meta name=\"twitter:data2\" content=\"1 minute\" \/>\n<script type=\"application\/ld+json\" class=\"yoast-schema-graph\">{\"@context\":\"https:\\\/\\\/schema.org\",\"@graph\":[{\"@type\":\"Article\",\"@id\":\"https:\\\/\\\/www.bellunopress.it\\\/2013\\\/02\\\/21\\\/depositata-in-regione-la-mozione-pro-ladinia-bondil-dibattito-di-lunedi-dovra-tenere-jn-considerazione-tale-peculiarita\\\/#article\",\"isPartOf\":{\"@id\":\"https:\\\/\\\/www.bellunopress.it\\\/2013\\\/02\\\/21\\\/depositata-in-regione-la-mozione-pro-ladinia-bondil-dibattito-di-lunedi-dovra-tenere-jn-considerazione-tale-peculiarita\\\/\"},\"author\":{\"name\":\"redazione\",\"@id\":\"https:\\\/\\\/www.bellunopress.it\\\/#\\\/schema\\\/person\\\/79bb06722b37ece1c03d3e94beb30d73\"},\"headline\":\"Depositata in Regione la mozione pro-Ladinia. Bond:&#8221;Il dibattito di luned\u00ec dovr\u00e0 tenere jn considerazione tale peculiarit\u00e0&#8221;\",\"datePublished\":\"2013-02-21T16:21:25+00:00\",\"dateModified\":\"2013-02-22T22:08:20+00:00\",\"mainEntityOfPage\":{\"@id\":\"https:\\\/\\\/www.bellunopress.it\\\/2013\\\/02\\\/21\\\/depositata-in-regione-la-mozione-pro-ladinia-bondil-dibattito-di-lunedi-dovra-tenere-jn-considerazione-tale-peculiarita\\\/\"},\"wordCount\":295,\"publisher\":{\"@id\":\"https:\\\/\\\/www.bellunopress.it\\\/#organization\"},\"image\":{\"@id\":\"https:\\\/\\\/www.bellunopress.it\\\/2013\\\/02\\\/21\\\/depositata-in-regione-la-mozione-pro-ladinia-bondil-dibattito-di-lunedi-dovra-tenere-jn-considerazione-tale-peculiarita\\\/#primaryimage\"},\"thumbnailUrl\":\"http:\\\/\\\/www.bellunopress.it\\\/wp-content\\\/uploads\\\/2012\\\/09\\\/bond.jpg\",\"articleSection\":[\"Cronaca\\\/Politica\",\"Prima Pagina\"],\"inLanguage\":\"fr-FR\"},{\"@type\":\"WebPage\",\"@id\":\"https:\\\/\\\/www.bellunopress.it\\\/2013\\\/02\\\/21\\\/depositata-in-regione-la-mozione-pro-ladinia-bondil-dibattito-di-lunedi-dovra-tenere-jn-considerazione-tale-peculiarita\\\/\",\"url\":\"https:\\\/\\\/www.bellunopress.it\\\/2013\\\/02\\\/21\\\/depositata-in-regione-la-mozione-pro-ladinia-bondil-dibattito-di-lunedi-dovra-tenere-jn-considerazione-tale-peculiarita\\\/\",\"name\":\"Depositata in Regione la mozione pro-Ladinia. Bond:\\\"Il dibattito di luned\u00ec dovr\u00e0 tenere jn considerazione tale peculiarit\u00e0\\\" - Bellunopress - Dolomiti\",\"isPartOf\":{\"@id\":\"https:\\\/\\\/www.bellunopress.it\\\/#website\"},\"primaryImageOfPage\":{\"@id\":\"https:\\\/\\\/www.bellunopress.it\\\/2013\\\/02\\\/21\\\/depositata-in-regione-la-mozione-pro-ladinia-bondil-dibattito-di-lunedi-dovra-tenere-jn-considerazione-tale-peculiarita\\\/#primaryimage\"},\"image\":{\"@id\":\"https:\\\/\\\/www.bellunopress.it\\\/2013\\\/02\\\/21\\\/depositata-in-regione-la-mozione-pro-ladinia-bondil-dibattito-di-lunedi-dovra-tenere-jn-considerazione-tale-peculiarita\\\/#primaryimage\"},\"thumbnailUrl\":\"http:\\\/\\\/www.bellunopress.it\\\/wp-content\\\/uploads\\\/2012\\\/09\\\/bond.jpg\",\"datePublished\":\"2013-02-21T16:21:25+00:00\",\"dateModified\":\"2013-02-22T22:08:20+00:00\",\"breadcrumb\":{\"@id\":\"https:\\\/\\\/www.bellunopress.it\\\/2013\\\/02\\\/21\\\/depositata-in-regione-la-mozione-pro-ladinia-bondil-dibattito-di-lunedi-dovra-tenere-jn-considerazione-tale-peculiarita\\\/#breadcrumb\"},\"inLanguage\":\"fr-FR\",\"potentialAction\":[{\"@type\":\"ReadAction\",\"target\":[\"https:\\\/\\\/www.bellunopress.it\\\/2013\\\/02\\\/21\\\/depositata-in-regione-la-mozione-pro-ladinia-bondil-dibattito-di-lunedi-dovra-tenere-jn-considerazione-tale-peculiarita\\\/\"]}]},{\"@type\":\"ImageObject\",\"inLanguage\":\"fr-FR\",\"@id\":\"https:\\\/\\\/www.bellunopress.it\\\/2013\\\/02\\\/21\\\/depositata-in-regione-la-mozione-pro-ladinia-bondil-dibattito-di-lunedi-dovra-tenere-jn-considerazione-tale-peculiarita\\\/#primaryimage\",\"url\":\"http:\\\/\\\/www.bellunopress.it\\\/wp-content\\\/uploads\\\/2012\\\/09\\\/bond.jpg\",\"contentUrl\":\"http:\\\/\\\/www.bellunopress.it\\\/wp-content\\\/uploads\\\/2012\\\/09\\\/bond.jpg\"},{\"@type\":\"BreadcrumbList\",\"@id\":\"https:\\\/\\\/www.bellunopress.it\\\/2013\\\/02\\\/21\\\/depositata-in-regione-la-mozione-pro-ladinia-bondil-dibattito-di-lunedi-dovra-tenere-jn-considerazione-tale-peculiarita\\\/#breadcrumb\",\"itemListElement\":[{\"@type\":\"ListItem\",\"position\":1,\"name\":\"Home\",\"item\":\"https:\\\/\\\/www.bellunopress.it\\\/\"},{\"@type\":\"ListItem\",\"position\":2,\"name\":\"Depositata in Regione la mozione pro-Ladinia. Bond:&#8221;Il dibattito di luned\u00ec dovr\u00e0 tenere jn considerazione tale peculiarit\u00e0&#8221;\"}]},{\"@type\":\"WebSite\",\"@id\":\"https:\\\/\\\/www.bellunopress.it\\\/#website\",\"url\":\"https:\\\/\\\/www.bellunopress.it\\\/\",\"name\":\"Bellunopress - Dolomiti\",\"description\":\"e-mail: redazione@bellunopress.it\",\"publisher\":{\"@id\":\"https:\\\/\\\/www.bellunopress.it\\\/#organization\"},\"potentialAction\":[{\"@type\":\"SearchAction\",\"target\":{\"@type\":\"EntryPoint\",\"urlTemplate\":\"https:\\\/\\\/www.bellunopress.it\\\/?s={search_term_string}\"},\"query-input\":{\"@type\":\"PropertyValueSpecification\",\"valueRequired\":true,\"valueName\":\"search_term_string\"}}],\"inLanguage\":\"fr-FR\"},{\"@type\":\"Organization\",\"@id\":\"https:\\\/\\\/www.bellunopress.it\\\/#organization\",\"name\":\"Bellunopress\",\"url\":\"https:\\\/\\\/www.bellunopress.it\\\/\",\"logo\":{\"@type\":\"ImageObject\",\"inLanguage\":\"fr-FR\",\"@id\":\"https:\\\/\\\/www.bellunopress.it\\\/#\\\/schema\\\/logo\\\/image\\\/\",\"url\":\"https:\\\/\\\/www.bellunopress.it\\\/wp-content\\\/uploads\\\/2011\\\/05\\\/cropped-logo-bellunopress-.jpg\",\"contentUrl\":\"https:\\\/\\\/www.bellunopress.it\\\/wp-content\\\/uploads\\\/2011\\\/05\\\/cropped-logo-bellunopress-.jpg\",\"width\":512,\"height\":512,\"caption\":\"Bellunopress\"},\"image\":{\"@id\":\"https:\\\/\\\/www.bellunopress.it\\\/#\\\/schema\\\/logo\\\/image\\\/\"},\"sameAs\":[\"https:\\\/\\\/www.facebook.com\\\/profile.php?id=100008943462799\",\"https:\\\/\\\/x.com\\\/bellunopress\",\"https:\\\/\\\/www.linkedin.com\\\/hp\\\/?dnr=JBzUWaJfMUw8vbXJJ2tVW5-I3jZKvC4wsoxE&amp;amp;amp;amp;amp;amp;trk=nav_responsive_tab_home\",\"https:\\\/\\\/www.youtube.com\\\/channel\\\/UCxL0wu1uN0_3_7hGG0306cw\"]},{\"@type\":\"Person\",\"@id\":\"https:\\\/\\\/www.bellunopress.it\\\/#\\\/schema\\\/person\\\/79bb06722b37ece1c03d3e94beb30d73\",\"name\":\"redazione\",\"image\":{\"@type\":\"ImageObject\",\"inLanguage\":\"fr-FR\",\"@id\":\"https:\\\/\\\/secure.gravatar.com\\\/avatar\\\/37d968a2e67a6fd04c169c4bdef102d0bc5d31b2546345219e348575eb80e9a0?s=96&d=mm&r=g\",\"url\":\"https:\\\/\\\/secure.gravatar.com\\\/avatar\\\/37d968a2e67a6fd04c169c4bdef102d0bc5d31b2546345219e348575eb80e9a0?s=96&d=mm&r=g\",\"contentUrl\":\"https:\\\/\\\/secure.gravatar.com\\\/avatar\\\/37d968a2e67a6fd04c169c4bdef102d0bc5d31b2546345219e348575eb80e9a0?s=96&d=mm&r=g\",\"caption\":\"redazione\"},\"sameAs\":[\"http:\\\/\\\/www.bellunopress.it\",\"https:\\\/\\\/x.com\\\/bellunopress\"],\"url\":\"https:\\\/\\\/www.bellunopress.it\\\/fr\\\/author\\\/redazione\\\/\"}]}<\/script>\n<!-- \/ Yoast SEO plugin. -->","yoast_head_json":{"title":"Depositata in Regione la mozione pro-Ladinia. Bond:\"Il dibattito di luned\u00ec dovr\u00e0 tenere jn considerazione tale peculiarit\u00e0\" - Bellunopress - Dolomiti","robots":{"index":"index","follow":"follow","max-snippet":"max-snippet:-1","max-image-preview":"max-image-preview:large","max-video-preview":"max-video-preview:-1"},"canonical":"https:\/\/www.bellunopress.it\/fr\/2013\/02\/21\/depositata-in-regione-la-mozione-pro-ladinia-bondil-dibattito-di-lunedi-dovra-tenere-jn-considerazione-tale-peculiarita\/","og_locale":"fr_FR","og_type":"article","og_title":"Depositata in Regione la mozione pro-Ladinia. Bond:\"Il dibattito di luned\u00ec dovr\u00e0 tenere jn considerazione tale peculiarit\u00e0\" - Bellunopress - Dolomiti","og_description":"Il capogruppo del Pdl Dario Bond ha depositato la mozione pro-Ladinia in vista del dibattito consiliare di luned\u00ec sui referendum per il cambio di Regione. \u201cVoglio che il dibattito in aula tenga in considerazione la peculiarit\u00e0 rappresentata all\u2019interno del fenomeno referendario dalle istanze della Ladinia bellunese\u201d, spiega Bond. \u201cSe vogliamo sviluppare un confronto reale e [&hellip;]","og_url":"https:\/\/www.bellunopress.it\/fr\/2013\/02\/21\/depositata-in-regione-la-mozione-pro-ladinia-bondil-dibattito-di-lunedi-dovra-tenere-jn-considerazione-tale-peculiarita\/","og_site_name":"Bellunopress - Dolomiti","article_publisher":"https:\/\/www.facebook.com\/profile.php?id=100008943462799","article_published_time":"2013-02-21T16:21:25+00:00","article_modified_time":"2013-02-22T22:08:20+00:00","og_image":[{"url":"http:\/\/www.bellunopress.it\/wp-content\/uploads\/2012\/09\/bond.jpg","type":"","width":"","height":""}],"author":"redazione","twitter_card":"summary_large_image","twitter_creator":"@bellunopress","twitter_site":"@bellunopress","twitter_misc":{"\u00c9crit par":"redazione","Dur\u00e9e de lecture estim\u00e9e":"1 minute"},"schema":{"@context":"https:\/\/schema.org","@graph":[{"@type":"Article","@id":"https:\/\/www.bellunopress.it\/2013\/02\/21\/depositata-in-regione-la-mozione-pro-ladinia-bondil-dibattito-di-lunedi-dovra-tenere-jn-considerazione-tale-peculiarita\/#article","isPartOf":{"@id":"https:\/\/www.bellunopress.it\/2013\/02\/21\/depositata-in-regione-la-mozione-pro-ladinia-bondil-dibattito-di-lunedi-dovra-tenere-jn-considerazione-tale-peculiarita\/"},"author":{"name":"redazione","@id":"https:\/\/www.bellunopress.it\/#\/schema\/person\/79bb06722b37ece1c03d3e94beb30d73"},"headline":"Depositata in Regione la mozione pro-Ladinia. Bond:&#8221;Il dibattito di luned\u00ec dovr\u00e0 tenere jn considerazione tale peculiarit\u00e0&#8221;","datePublished":"2013-02-21T16:21:25+00:00","dateModified":"2013-02-22T22:08:20+00:00","mainEntityOfPage":{"@id":"https:\/\/www.bellunopress.it\/2013\/02\/21\/depositata-in-regione-la-mozione-pro-ladinia-bondil-dibattito-di-lunedi-dovra-tenere-jn-considerazione-tale-peculiarita\/"},"wordCount":295,"publisher":{"@id":"https:\/\/www.bellunopress.it\/#organization"},"image":{"@id":"https:\/\/www.bellunopress.it\/2013\/02\/21\/depositata-in-regione-la-mozione-pro-ladinia-bondil-dibattito-di-lunedi-dovra-tenere-jn-considerazione-tale-peculiarita\/#primaryimage"},"thumbnailUrl":"http:\/\/www.bellunopress.it\/wp-content\/uploads\/2012\/09\/bond.jpg","articleSection":["Cronaca\/Politica","Prima Pagina"],"inLanguage":"fr-FR"},{"@type":"WebPage","@id":"https:\/\/www.bellunopress.it\/2013\/02\/21\/depositata-in-regione-la-mozione-pro-ladinia-bondil-dibattito-di-lunedi-dovra-tenere-jn-considerazione-tale-peculiarita\/","url":"https:\/\/www.bellunopress.it\/2013\/02\/21\/depositata-in-regione-la-mozione-pro-ladinia-bondil-dibattito-di-lunedi-dovra-tenere-jn-considerazione-tale-peculiarita\/","name":"Depositata in Regione la mozione pro-Ladinia. Bond:\"Il dibattito di luned\u00ec dovr\u00e0 tenere jn considerazione tale peculiarit\u00e0\" - Bellunopress - Dolomiti","isPartOf":{"@id":"https:\/\/www.bellunopress.it\/#website"},"primaryImageOfPage":{"@id":"https:\/\/www.bellunopress.it\/2013\/02\/21\/depositata-in-regione-la-mozione-pro-ladinia-bondil-dibattito-di-lunedi-dovra-tenere-jn-considerazione-tale-peculiarita\/#primaryimage"},"image":{"@id":"https:\/\/www.bellunopress.it\/2013\/02\/21\/depositata-in-regione-la-mozione-pro-ladinia-bondil-dibattito-di-lunedi-dovra-tenere-jn-considerazione-tale-peculiarita\/#primaryimage"},"thumbnailUrl":"http:\/\/www.bellunopress.it\/wp-content\/uploads\/2012\/09\/bond.jpg","datePublished":"2013-02-21T16:21:25+00:00","dateModified":"2013-02-22T22:08:20+00:00","breadcrumb":{"@id":"https:\/\/www.bellunopress.it\/2013\/02\/21\/depositata-in-regione-la-mozione-pro-ladinia-bondil-dibattito-di-lunedi-dovra-tenere-jn-considerazione-tale-peculiarita\/#breadcrumb"},"inLanguage":"fr-FR","potentialAction":[{"@type":"ReadAction","target":["https:\/\/www.bellunopress.it\/2013\/02\/21\/depositata-in-regione-la-mozione-pro-ladinia-bondil-dibattito-di-lunedi-dovra-tenere-jn-considerazione-tale-peculiarita\/"]}]},{"@type":"ImageObject","inLanguage":"fr-FR","@id":"https:\/\/www.bellunopress.it\/2013\/02\/21\/depositata-in-regione-la-mozione-pro-ladinia-bondil-dibattito-di-lunedi-dovra-tenere-jn-considerazione-tale-peculiarita\/#primaryimage","url":"http:\/\/www.bellunopress.it\/wp-content\/uploads\/2012\/09\/bond.jpg","contentUrl":"http:\/\/www.bellunopress.it\/wp-content\/uploads\/2012\/09\/bond.jpg"},{"@type":"BreadcrumbList","@id":"https:\/\/www.bellunopress.it\/2013\/02\/21\/depositata-in-regione-la-mozione-pro-ladinia-bondil-dibattito-di-lunedi-dovra-tenere-jn-considerazione-tale-peculiarita\/#breadcrumb","itemListElement":[{"@type":"ListItem","position":1,"name":"Home","item":"https:\/\/www.bellunopress.it\/"},{"@type":"ListItem","position":2,"name":"Depositata in Regione la mozione pro-Ladinia. Bond:&#8221;Il dibattito di luned\u00ec dovr\u00e0 tenere jn considerazione tale peculiarit\u00e0&#8221;"}]},{"@type":"WebSite","@id":"https:\/\/www.bellunopress.it\/#website","url":"https:\/\/www.bellunopress.it\/","name":"Bellunopress - Dolomiti","description":"e-mail: redazione@bellunopress.it","publisher":{"@id":"https:\/\/www.bellunopress.it\/#organization"},"potentialAction":[{"@type":"SearchAction","target":{"@type":"EntryPoint","urlTemplate":"https:\/\/www.bellunopress.it\/?s={search_term_string}"},"query-input":{"@type":"PropertyValueSpecification","valueRequired":true,"valueName":"search_term_string"}}],"inLanguage":"fr-FR"},{"@type":"Organization","@id":"https:\/\/www.bellunopress.it\/#organization","name":"Bellunopress","url":"https:\/\/www.bellunopress.it\/","logo":{"@type":"ImageObject","inLanguage":"fr-FR","@id":"https:\/\/www.bellunopress.it\/#\/schema\/logo\/image\/","url":"https:\/\/www.bellunopress.it\/wp-content\/uploads\/2011\/05\/cropped-logo-bellunopress-.jpg","contentUrl":"https:\/\/www.bellunopress.it\/wp-content\/uploads\/2011\/05\/cropped-logo-bellunopress-.jpg","width":512,"height":512,"caption":"Bellunopress"},"image":{"@id":"https:\/\/www.bellunopress.it\/#\/schema\/logo\/image\/"},"sameAs":["https:\/\/www.facebook.com\/profile.php?id=100008943462799","https:\/\/x.com\/bellunopress","https:\/\/www.linkedin.com\/hp\/?dnr=JBzUWaJfMUw8vbXJJ2tVW5-I3jZKvC4wsoxE&amp;amp;amp;amp;amp;amp;trk=nav_responsive_tab_home","https:\/\/www.youtube.com\/channel\/UCxL0wu1uN0_3_7hGG0306cw"]},{"@type":"Person","@id":"https:\/\/www.bellunopress.it\/#\/schema\/person\/79bb06722b37ece1c03d3e94beb30d73","name":"r\u00e9daction","image":{"@type":"ImageObject","inLanguage":"fr-FR","@id":"https:\/\/secure.gravatar.com\/avatar\/37d968a2e67a6fd04c169c4bdef102d0bc5d31b2546345219e348575eb80e9a0?s=96&d=mm&r=g","url":"https:\/\/secure.gravatar.com\/avatar\/37d968a2e67a6fd04c169c4bdef102d0bc5d31b2546345219e348575eb80e9a0?s=96&d=mm&r=g","contentUrl":"https:\/\/secure.gravatar.com\/avatar\/37d968a2e67a6fd04c169c4bdef102d0bc5d31b2546345219e348575eb80e9a0?s=96&d=mm&r=g","caption":"redazione"},"sameAs":["http:\/\/www.bellunopress.it","https:\/\/x.com\/bellunopress"],"url":"https:\/\/www.bellunopress.it\/fr\/author\/redazione\/"}]}},"_links":{"self":[{"href":"https:\/\/www.bellunopress.it\/fr\/wp-json\/wp\/v2\/posts\/47014","targetHints":{"allow":["GET"]}}],"collection":[{"href":"https:\/\/www.bellunopress.it\/fr\/wp-json\/wp\/v2\/posts"}],"about":[{"href":"https:\/\/www.bellunopress.it\/fr\/wp-json\/wp\/v2\/types\/post"}],"author":[{"embeddable":true,"href":"https:\/\/www.bellunopress.it\/fr\/wp-json\/wp\/v2\/users\/2"}],"replies":[{"embeddable":true,"href":"https:\/\/www.bellunopress.it\/fr\/wp-json\/wp\/v2\/comments?post=47014"}],"version-history":[{"count":2,"href":"https:\/\/www.bellunopress.it\/fr\/wp-json\/wp\/v2\/posts\/47014\/revisions"}],"predecessor-version":[{"id":47020,"href":"https:\/\/www.bellunopress.it\/fr\/wp-json\/wp\/v2\/posts\/47014\/revisions\/47020"}],"wp:attachment":[{"href":"https:\/\/www.bellunopress.it\/fr\/wp-json\/wp\/v2\/media?parent=47014"}],"wp:term":[{"taxonomy":"category","embeddable":true,"href":"https:\/\/www.bellunopress.it\/fr\/wp-json\/wp\/v2\/categories?post=47014"},{"taxonomy":"post_tag","embeddable":true,"href":"https:\/\/www.bellunopress.it\/fr\/wp-json\/wp\/v2\/tags?post=47014"}],"curies":[{"name":"wp","href":"https:\/\/api.w.org\/{rel}","templated":true}]}}