{"id":47000,"date":"2013-02-22T16:27:15","date_gmt":"2013-02-22T15:27:15","guid":{"rendered":"http:\/\/www.bellunopress.it\/?p=47000"},"modified":"2013-02-22T16:27:15","modified_gmt":"2013-02-22T15:27:15","slug":"vogliono-insabbiare-la-vicenda-bim-gsp-di-silvano-martini","status":"publish","type":"post","link":"https:\/\/www.bellunopress.it\/fr\/2013\/02\/22\/vogliono-insabbiare-la-vicenda-bim-gsp-di-silvano-martini\/","title":{"rendered":"Vogliono insabbiare la vicenda Bim Gsp  * di Silvano Martini"},"content":{"rendered":"<figure id=\"attachment_37804\" aria-describedby=\"caption-attachment-37804\" style=\"width: 140px\" class=\"wp-caption alignleft\"><a href=\"http:\/\/www.bellunopress.it\/wp-content\/uploads\/2012\/05\/Silvano-Martini.jpg\"><img loading=\"lazy\" decoding=\"async\" class=\"size-full wp-image-37804\" alt=\"Silvano Martini\" src=\"http:\/\/www.bellunopress.it\/wp-content\/uploads\/2012\/05\/Silvano-Martini.jpg\" width=\"140\" height=\"190\" \/><\/a><figcaption id=\"caption-attachment-37804\" class=\"wp-caption-text\">Silvano Martini<\/figcaption><\/figure>\n<p>Riguardo all&#8217;annosa e penosa vicenda della gestione del Servizio Idrico integrato affidato &#8221; In House&#8221; alla GSP gestione servizi pubblici, societ\u00e0 di propriet\u00e0 dei Comuni Bellunesi, credo che a questo punto sia preferibile l&#8217;intervento della magistratura.<\/p>\n<p>L&#8217;esperienza di gestione pubblica per il tramite di una societ\u00e0 a partecipazione pubblica che gestisce &#8220;in House&#8221; il sistema idrico del bellunese \u00e9 fallita miseramente e disonora una intera comunit\u00e0 che appare, al di fuori dei confini bellunesi, incapace di prendersi carico della gestione dell&#8217;acqua nel suo territorio. Meglio dirlo chiaramente perch\u00e9 se non si parte da questa verit\u00e0 non si pu\u00f2 nemmeno pensare di affrontare con seriet\u00e0 la tristissima vicenda.<\/p>\n<p>Il passivo accumulato negli anni dalla societ\u00e0 e la pesantissima situazione debitoria di GSP rischia di trascinare al dissesto molte amministrazioni locali bellunesi che sono creditrici per milioni di euro della societ\u00e0 che gestisce il servizio idrico integrato nella nostra provincia.<\/p>\n<p>Moltissime sono le imprese bellunesi che rischiano il fallimento a causa della mancata esigibilit\u00e0 dei crediti vantati nei confronti della societ\u00e0.<\/p>\n<p>Le responsabilit\u00e0 di quanto accaduto e di quello che ancora oggi accade sono talmente diffuse\u00a0che, in provincia di Belluno, si \u00e9 saldata una rete dei principali partiti e di molti amministratori con il compito precipuo di insabbiare la vicenda BIM GSP.<\/p>\n<p>I cittadini bellunesi pagano perci\u00f2 colpe di altri e sono vessati ogni giorno di pi\u00f9 da aumenti delle tariffe idriche che falcidiano i magrissimi bilanci delle loro famiglie.<\/p>\n<p>Davanti all&#8217;edificio in fiamme si assiste ad un orrido e irresponsabile balletto dei partiti che fanno il gioco delle parti con l&#8217;unico scopo di posticipare il giorno del giudizio.<\/p>\n<p>Che vergogna, che schifo!<\/p>\n<p>Occorre definire una volta per tutte le responsabilit\u00e0 di gestione e il destino del BIM &#8211; GSP e occorre evitare che, come molti che hanno colpe precise vorrebbero, a pagare siano sempre e solo i cittadini Bellunesi.<\/p>\n<p>Occorre soprattutto ripristinare il diritto del popolo Bellunese, terra nella quale l&#8217;acqua abbonda, a pagare il giusto per l&#8217;acqua ed il suo trattamento. Se si continuano ad applicare aumenti tariffari in progressione geometrica c&#8217;\u00e8 il rischio concreto che le bollette diventino insopportabili e che comunque la societ\u00e0 non riesca a far fronte ai suoi impegni come del resto gi\u00e0 oggi avviene.<\/p>\n<p>&#8221; Cronaca di una morte annunciata&#8221;! Qesto potrebbe essere il titolo dello spettacolo che, sotto gli increduli occhi dei bellunesi, va in scena da troppo tempo. Peccato che la morte, insieme a quella della societ\u00e0 BIM-GSP, potrebbe essere quella del territorio bellunese e dell&#8217;onore di un popolo, accusato ingiustamente di non saper gestire, con l&#8217;acqua, nemmeno l&#8217;Autonomia che chiede!<\/p>\n<p>L&#8217;Autonomia \u00e9 prima di tutto responsabilit\u00e0 !<\/p>\n<p>Il tempo della vergogna deve terminare al pi\u00f9 presto ed \u00e9 meglio che a mettere la parola fine alla vicenda GSP e a chiedere conto dell&#8217;accaduto a tutti i soggetti coinvolti intervenga la magistratura.<\/p>\n<p>I cittadini bellunesi non meritano di subire ancora le conseguenze della mala gestione del servizio idrico integrato nel territorio.<\/p>\n<p>Certo \u00e9 triste dover prendere atto del fallimento di questa esperienza ma \u00e9 venuto il momento di togliere la testa dalla sabbia per rialzarla e affermare una volta per tutte il diritto del popolo Bellunese alla verit\u00e0 !<\/p>\n<p>Silvano Martini<\/p>\n<p>Vicepresidente BARD<\/p>\n<p>Candidato &#8220;Scelta Civica&#8221; con Monti per l&#8217;Italia.<\/p>\n<p>&nbsp;<\/p>","protected":false},"excerpt":{"rendered":"<p>Riguardo all&#8217;annosa e penosa vicenda della gestione del Servizio Idrico integrato affidato &#8221; In House&#8221; alla GSP gestione servizi pubblici, societ\u00e0 di propriet\u00e0 dei Comuni Bellunesi, credo che a questo punto sia preferibile l&#8217;intervento della magistratura. L&#8217;esperienza di gestione pubblica per il tramite di una societ\u00e0 a partecipazione pubblica che gestisce &#8220;in House&#8221; il sistema [&hellip;]<\/p>\n","protected":false},"author":2,"featured_media":0,"comment_status":"closed","ping_status":"open","sticky":false,"template":"","format":"standard","meta":{"footnotes":""},"categories":[1,26],"tags":[],"class_list":["post-47000","post","type-post","status-publish","format-standard","category-leo","category-prima-pagina"],"yoast_head":"<!-- This site is optimized with the Yoast SEO plugin v28.4 - https:\/\/yoast.com\/product\/yoast-seo-wordpress\/ -->\n<title>Vogliono insabbiare la vicenda Bim Gsp * di Silvano Martini  - Bellunopress - Dolomiti<\/title>\n<meta name=\"robots\" content=\"index, follow, max-snippet:-1, max-image-preview:large, max-video-preview:-1\" \/>\n<link rel=\"canonical\" href=\"https:\/\/www.bellunopress.it\/fr\/2013\/02\/22\/vogliono-insabbiare-la-vicenda-bim-gsp-di-silvano-martini\/\" \/>\n<meta property=\"og:locale\" content=\"fr_FR\" \/>\n<meta property=\"og:type\" content=\"article\" \/>\n<meta property=\"og:title\" content=\"Vogliono insabbiare la vicenda Bim Gsp * di Silvano Martini  - Bellunopress - Dolomiti\" \/>\n<meta property=\"og:description\" content=\"Riguardo all&#8217;annosa e penosa vicenda della gestione del Servizio Idrico integrato affidato &#8221; In House&#8221; alla GSP gestione servizi pubblici, societ\u00e0 di propriet\u00e0 dei Comuni Bellunesi, credo che a questo punto sia preferibile l&#8217;intervento della magistratura. L&#8217;esperienza di gestione pubblica per il tramite di una societ\u00e0 a partecipazione pubblica che gestisce &#8220;in House&#8221; il sistema [&hellip;]\" \/>\n<meta property=\"og:url\" content=\"https:\/\/www.bellunopress.it\/fr\/2013\/02\/22\/vogliono-insabbiare-la-vicenda-bim-gsp-di-silvano-martini\/\" \/>\n<meta property=\"og:site_name\" content=\"Bellunopress - Dolomiti\" \/>\n<meta property=\"article:publisher\" content=\"https:\/\/www.facebook.com\/profile.php?id=100008943462799\" \/>\n<meta property=\"article:published_time\" content=\"2013-02-22T15:27:15+00:00\" \/>\n<meta property=\"og:image\" content=\"http:\/\/www.bellunopress.it\/wp-content\/uploads\/2012\/05\/Silvano-Martini.jpg\" \/>\n<meta name=\"author\" content=\"redazione\" \/>\n<meta name=\"twitter:card\" content=\"summary_large_image\" \/>\n<meta name=\"twitter:creator\" content=\"@bellunopress\" \/>\n<meta name=\"twitter:site\" content=\"@bellunopress\" \/>\n<meta name=\"twitter:label1\" content=\"\u00c9crit par\" \/>\n\t<meta name=\"twitter:data1\" content=\"redazione\" \/>\n\t<meta name=\"twitter:label2\" content=\"Dur\u00e9e de lecture estim\u00e9e\" \/>\n\t<meta name=\"twitter:data2\" content=\"3 minutes\" \/>\n<script type=\"application\/ld+json\" class=\"yoast-schema-graph\">{\"@context\":\"https:\\\/\\\/schema.org\",\"@graph\":[{\"@type\":\"Article\",\"@id\":\"https:\\\/\\\/www.bellunopress.it\\\/2013\\\/02\\\/22\\\/vogliono-insabbiare-la-vicenda-bim-gsp-di-silvano-martini\\\/#article\",\"isPartOf\":{\"@id\":\"https:\\\/\\\/www.bellunopress.it\\\/2013\\\/02\\\/22\\\/vogliono-insabbiare-la-vicenda-bim-gsp-di-silvano-martini\\\/\"},\"author\":{\"name\":\"redazione\",\"@id\":\"https:\\\/\\\/www.bellunopress.it\\\/#\\\/schema\\\/person\\\/79bb06722b37ece1c03d3e94beb30d73\"},\"headline\":\"Vogliono insabbiare la vicenda Bim Gsp * di Silvano Martini\",\"datePublished\":\"2013-02-22T15:27:15+00:00\",\"mainEntityOfPage\":{\"@id\":\"https:\\\/\\\/www.bellunopress.it\\\/2013\\\/02\\\/22\\\/vogliono-insabbiare-la-vicenda-bim-gsp-di-silvano-martini\\\/\"},\"wordCount\":561,\"publisher\":{\"@id\":\"https:\\\/\\\/www.bellunopress.it\\\/#organization\"},\"image\":{\"@id\":\"https:\\\/\\\/www.bellunopress.it\\\/2013\\\/02\\\/22\\\/vogliono-insabbiare-la-vicenda-bim-gsp-di-silvano-martini\\\/#primaryimage\"},\"thumbnailUrl\":\"http:\\\/\\\/www.bellunopress.it\\\/wp-content\\\/uploads\\\/2012\\\/05\\\/Silvano-Martini.jpg\",\"articleSection\":[\"Lettere Opinioni\",\"Prima Pagina\"],\"inLanguage\":\"fr-FR\"},{\"@type\":\"WebPage\",\"@id\":\"https:\\\/\\\/www.bellunopress.it\\\/2013\\\/02\\\/22\\\/vogliono-insabbiare-la-vicenda-bim-gsp-di-silvano-martini\\\/\",\"url\":\"https:\\\/\\\/www.bellunopress.it\\\/2013\\\/02\\\/22\\\/vogliono-insabbiare-la-vicenda-bim-gsp-di-silvano-martini\\\/\",\"name\":\"Vogliono insabbiare la vicenda Bim Gsp * di Silvano Martini - Bellunopress - Dolomiti\",\"isPartOf\":{\"@id\":\"https:\\\/\\\/www.bellunopress.it\\\/#website\"},\"primaryImageOfPage\":{\"@id\":\"https:\\\/\\\/www.bellunopress.it\\\/2013\\\/02\\\/22\\\/vogliono-insabbiare-la-vicenda-bim-gsp-di-silvano-martini\\\/#primaryimage\"},\"image\":{\"@id\":\"https:\\\/\\\/www.bellunopress.it\\\/2013\\\/02\\\/22\\\/vogliono-insabbiare-la-vicenda-bim-gsp-di-silvano-martini\\\/#primaryimage\"},\"thumbnailUrl\":\"http:\\\/\\\/www.bellunopress.it\\\/wp-content\\\/uploads\\\/2012\\\/05\\\/Silvano-Martini.jpg\",\"datePublished\":\"2013-02-22T15:27:15+00:00\",\"breadcrumb\":{\"@id\":\"https:\\\/\\\/www.bellunopress.it\\\/2013\\\/02\\\/22\\\/vogliono-insabbiare-la-vicenda-bim-gsp-di-silvano-martini\\\/#breadcrumb\"},\"inLanguage\":\"fr-FR\",\"potentialAction\":[{\"@type\":\"ReadAction\",\"target\":[\"https:\\\/\\\/www.bellunopress.it\\\/2013\\\/02\\\/22\\\/vogliono-insabbiare-la-vicenda-bim-gsp-di-silvano-martini\\\/\"]}]},{\"@type\":\"ImageObject\",\"inLanguage\":\"fr-FR\",\"@id\":\"https:\\\/\\\/www.bellunopress.it\\\/2013\\\/02\\\/22\\\/vogliono-insabbiare-la-vicenda-bim-gsp-di-silvano-martini\\\/#primaryimage\",\"url\":\"http:\\\/\\\/www.bellunopress.it\\\/wp-content\\\/uploads\\\/2012\\\/05\\\/Silvano-Martini.jpg\",\"contentUrl\":\"http:\\\/\\\/www.bellunopress.it\\\/wp-content\\\/uploads\\\/2012\\\/05\\\/Silvano-Martini.jpg\"},{\"@type\":\"BreadcrumbList\",\"@id\":\"https:\\\/\\\/www.bellunopress.it\\\/2013\\\/02\\\/22\\\/vogliono-insabbiare-la-vicenda-bim-gsp-di-silvano-martini\\\/#breadcrumb\",\"itemListElement\":[{\"@type\":\"ListItem\",\"position\":1,\"name\":\"Home\",\"item\":\"https:\\\/\\\/www.bellunopress.it\\\/\"},{\"@type\":\"ListItem\",\"position\":2,\"name\":\"Vogliono insabbiare la vicenda Bim Gsp * di Silvano Martini\"}]},{\"@type\":\"WebSite\",\"@id\":\"https:\\\/\\\/www.bellunopress.it\\\/#website\",\"url\":\"https:\\\/\\\/www.bellunopress.it\\\/\",\"name\":\"Bellunopress - Dolomiti\",\"description\":\"e-mail: redazione@bellunopress.it\",\"publisher\":{\"@id\":\"https:\\\/\\\/www.bellunopress.it\\\/#organization\"},\"potentialAction\":[{\"@type\":\"SearchAction\",\"target\":{\"@type\":\"EntryPoint\",\"urlTemplate\":\"https:\\\/\\\/www.bellunopress.it\\\/?s={search_term_string}\"},\"query-input\":{\"@type\":\"PropertyValueSpecification\",\"valueRequired\":true,\"valueName\":\"search_term_string\"}}],\"inLanguage\":\"fr-FR\"},{\"@type\":\"Organization\",\"@id\":\"https:\\\/\\\/www.bellunopress.it\\\/#organization\",\"name\":\"Bellunopress\",\"url\":\"https:\\\/\\\/www.bellunopress.it\\\/\",\"logo\":{\"@type\":\"ImageObject\",\"inLanguage\":\"fr-FR\",\"@id\":\"https:\\\/\\\/www.bellunopress.it\\\/#\\\/schema\\\/logo\\\/image\\\/\",\"url\":\"https:\\\/\\\/www.bellunopress.it\\\/wp-content\\\/uploads\\\/2011\\\/05\\\/cropped-logo-bellunopress-.jpg\",\"contentUrl\":\"https:\\\/\\\/www.bellunopress.it\\\/wp-content\\\/uploads\\\/2011\\\/05\\\/cropped-logo-bellunopress-.jpg\",\"width\":512,\"height\":512,\"caption\":\"Bellunopress\"},\"image\":{\"@id\":\"https:\\\/\\\/www.bellunopress.it\\\/#\\\/schema\\\/logo\\\/image\\\/\"},\"sameAs\":[\"https:\\\/\\\/www.facebook.com\\\/profile.php?id=100008943462799\",\"https:\\\/\\\/x.com\\\/bellunopress\",\"https:\\\/\\\/www.linkedin.com\\\/hp\\\/?dnr=JBzUWaJfMUw8vbXJJ2tVW5-I3jZKvC4wsoxE&amp;amp;amp;amp;amp;amp;trk=nav_responsive_tab_home\",\"https:\\\/\\\/www.youtube.com\\\/channel\\\/UCxL0wu1uN0_3_7hGG0306cw\"]},{\"@type\":\"Person\",\"@id\":\"https:\\\/\\\/www.bellunopress.it\\\/#\\\/schema\\\/person\\\/79bb06722b37ece1c03d3e94beb30d73\",\"name\":\"redazione\",\"image\":{\"@type\":\"ImageObject\",\"inLanguage\":\"fr-FR\",\"@id\":\"https:\\\/\\\/secure.gravatar.com\\\/avatar\\\/37d968a2e67a6fd04c169c4bdef102d0bc5d31b2546345219e348575eb80e9a0?s=96&d=mm&r=g\",\"url\":\"https:\\\/\\\/secure.gravatar.com\\\/avatar\\\/37d968a2e67a6fd04c169c4bdef102d0bc5d31b2546345219e348575eb80e9a0?s=96&d=mm&r=g\",\"contentUrl\":\"https:\\\/\\\/secure.gravatar.com\\\/avatar\\\/37d968a2e67a6fd04c169c4bdef102d0bc5d31b2546345219e348575eb80e9a0?s=96&d=mm&r=g\",\"caption\":\"redazione\"},\"sameAs\":[\"http:\\\/\\\/www.bellunopress.it\",\"https:\\\/\\\/x.com\\\/bellunopress\"],\"url\":\"https:\\\/\\\/www.bellunopress.it\\\/fr\\\/author\\\/redazione\\\/\"}]}<\/script>\n<!-- \/ Yoast SEO plugin. -->","yoast_head_json":{"title":"Vogliono insabbiare la vicenda Bim Gsp * di Silvano Martini  - Bellunopress - Dolomiti","robots":{"index":"index","follow":"follow","max-snippet":"max-snippet:-1","max-image-preview":"max-image-preview:large","max-video-preview":"max-video-preview:-1"},"canonical":"https:\/\/www.bellunopress.it\/fr\/2013\/02\/22\/vogliono-insabbiare-la-vicenda-bim-gsp-di-silvano-martini\/","og_locale":"fr_FR","og_type":"article","og_title":"Vogliono insabbiare la vicenda Bim Gsp * di Silvano Martini  - Bellunopress - Dolomiti","og_description":"Riguardo all&#8217;annosa e penosa vicenda della gestione del Servizio Idrico integrato affidato &#8221; In House&#8221; alla GSP gestione servizi pubblici, societ\u00e0 di propriet\u00e0 dei Comuni Bellunesi, credo che a questo punto sia preferibile l&#8217;intervento della magistratura. L&#8217;esperienza di gestione pubblica per il tramite di una societ\u00e0 a partecipazione pubblica che gestisce &#8220;in House&#8221; il sistema [&hellip;]","og_url":"https:\/\/www.bellunopress.it\/fr\/2013\/02\/22\/vogliono-insabbiare-la-vicenda-bim-gsp-di-silvano-martini\/","og_site_name":"Bellunopress - Dolomiti","article_publisher":"https:\/\/www.facebook.com\/profile.php?id=100008943462799","article_published_time":"2013-02-22T15:27:15+00:00","og_image":[{"url":"http:\/\/www.bellunopress.it\/wp-content\/uploads\/2012\/05\/Silvano-Martini.jpg","type":"","width":"","height":""}],"author":"redazione","twitter_card":"summary_large_image","twitter_creator":"@bellunopress","twitter_site":"@bellunopress","twitter_misc":{"\u00c9crit par":"redazione","Dur\u00e9e de lecture estim\u00e9e":"3 minutes"},"schema":{"@context":"https:\/\/schema.org","@graph":[{"@type":"Article","@id":"https:\/\/www.bellunopress.it\/2013\/02\/22\/vogliono-insabbiare-la-vicenda-bim-gsp-di-silvano-martini\/#article","isPartOf":{"@id":"https:\/\/www.bellunopress.it\/2013\/02\/22\/vogliono-insabbiare-la-vicenda-bim-gsp-di-silvano-martini\/"},"author":{"name":"redazione","@id":"https:\/\/www.bellunopress.it\/#\/schema\/person\/79bb06722b37ece1c03d3e94beb30d73"},"headline":"Vogliono insabbiare la vicenda Bim Gsp * di Silvano Martini","datePublished":"2013-02-22T15:27:15+00:00","mainEntityOfPage":{"@id":"https:\/\/www.bellunopress.it\/2013\/02\/22\/vogliono-insabbiare-la-vicenda-bim-gsp-di-silvano-martini\/"},"wordCount":561,"publisher":{"@id":"https:\/\/www.bellunopress.it\/#organization"},"image":{"@id":"https:\/\/www.bellunopress.it\/2013\/02\/22\/vogliono-insabbiare-la-vicenda-bim-gsp-di-silvano-martini\/#primaryimage"},"thumbnailUrl":"http:\/\/www.bellunopress.it\/wp-content\/uploads\/2012\/05\/Silvano-Martini.jpg","articleSection":["Lettere Opinioni","Prima Pagina"],"inLanguage":"fr-FR"},{"@type":"WebPage","@id":"https:\/\/www.bellunopress.it\/2013\/02\/22\/vogliono-insabbiare-la-vicenda-bim-gsp-di-silvano-martini\/","url":"https:\/\/www.bellunopress.it\/2013\/02\/22\/vogliono-insabbiare-la-vicenda-bim-gsp-di-silvano-martini\/","name":"Vogliono insabbiare la vicenda Bim Gsp * di Silvano Martini - Bellunopress - Dolomiti","isPartOf":{"@id":"https:\/\/www.bellunopress.it\/#website"},"primaryImageOfPage":{"@id":"https:\/\/www.bellunopress.it\/2013\/02\/22\/vogliono-insabbiare-la-vicenda-bim-gsp-di-silvano-martini\/#primaryimage"},"image":{"@id":"https:\/\/www.bellunopress.it\/2013\/02\/22\/vogliono-insabbiare-la-vicenda-bim-gsp-di-silvano-martini\/#primaryimage"},"thumbnailUrl":"http:\/\/www.bellunopress.it\/wp-content\/uploads\/2012\/05\/Silvano-Martini.jpg","datePublished":"2013-02-22T15:27:15+00:00","breadcrumb":{"@id":"https:\/\/www.bellunopress.it\/2013\/02\/22\/vogliono-insabbiare-la-vicenda-bim-gsp-di-silvano-martini\/#breadcrumb"},"inLanguage":"fr-FR","potentialAction":[{"@type":"ReadAction","target":["https:\/\/www.bellunopress.it\/2013\/02\/22\/vogliono-insabbiare-la-vicenda-bim-gsp-di-silvano-martini\/"]}]},{"@type":"ImageObject","inLanguage":"fr-FR","@id":"https:\/\/www.bellunopress.it\/2013\/02\/22\/vogliono-insabbiare-la-vicenda-bim-gsp-di-silvano-martini\/#primaryimage","url":"http:\/\/www.bellunopress.it\/wp-content\/uploads\/2012\/05\/Silvano-Martini.jpg","contentUrl":"http:\/\/www.bellunopress.it\/wp-content\/uploads\/2012\/05\/Silvano-Martini.jpg"},{"@type":"BreadcrumbList","@id":"https:\/\/www.bellunopress.it\/2013\/02\/22\/vogliono-insabbiare-la-vicenda-bim-gsp-di-silvano-martini\/#breadcrumb","itemListElement":[{"@type":"ListItem","position":1,"name":"Home","item":"https:\/\/www.bellunopress.it\/"},{"@type":"ListItem","position":2,"name":"Vogliono insabbiare la vicenda Bim Gsp * di Silvano Martini"}]},{"@type":"WebSite","@id":"https:\/\/www.bellunopress.it\/#website","url":"https:\/\/www.bellunopress.it\/","name":"Bellunopress - Dolomiti","description":"e-mail: redazione@bellunopress.it","publisher":{"@id":"https:\/\/www.bellunopress.it\/#organization"},"potentialAction":[{"@type":"SearchAction","target":{"@type":"EntryPoint","urlTemplate":"https:\/\/www.bellunopress.it\/?s={search_term_string}"},"query-input":{"@type":"PropertyValueSpecification","valueRequired":true,"valueName":"search_term_string"}}],"inLanguage":"fr-FR"},{"@type":"Organization","@id":"https:\/\/www.bellunopress.it\/#organization","name":"Bellunopress","url":"https:\/\/www.bellunopress.it\/","logo":{"@type":"ImageObject","inLanguage":"fr-FR","@id":"https:\/\/www.bellunopress.it\/#\/schema\/logo\/image\/","url":"https:\/\/www.bellunopress.it\/wp-content\/uploads\/2011\/05\/cropped-logo-bellunopress-.jpg","contentUrl":"https:\/\/www.bellunopress.it\/wp-content\/uploads\/2011\/05\/cropped-logo-bellunopress-.jpg","width":512,"height":512,"caption":"Bellunopress"},"image":{"@id":"https:\/\/www.bellunopress.it\/#\/schema\/logo\/image\/"},"sameAs":["https:\/\/www.facebook.com\/profile.php?id=100008943462799","https:\/\/x.com\/bellunopress","https:\/\/www.linkedin.com\/hp\/?dnr=JBzUWaJfMUw8vbXJJ2tVW5-I3jZKvC4wsoxE&amp;amp;amp;amp;amp;amp;trk=nav_responsive_tab_home","https:\/\/www.youtube.com\/channel\/UCxL0wu1uN0_3_7hGG0306cw"]},{"@type":"Person","@id":"https:\/\/www.bellunopress.it\/#\/schema\/person\/79bb06722b37ece1c03d3e94beb30d73","name":"r\u00e9daction","image":{"@type":"ImageObject","inLanguage":"fr-FR","@id":"https:\/\/secure.gravatar.com\/avatar\/37d968a2e67a6fd04c169c4bdef102d0bc5d31b2546345219e348575eb80e9a0?s=96&d=mm&r=g","url":"https:\/\/secure.gravatar.com\/avatar\/37d968a2e67a6fd04c169c4bdef102d0bc5d31b2546345219e348575eb80e9a0?s=96&d=mm&r=g","contentUrl":"https:\/\/secure.gravatar.com\/avatar\/37d968a2e67a6fd04c169c4bdef102d0bc5d31b2546345219e348575eb80e9a0?s=96&d=mm&r=g","caption":"redazione"},"sameAs":["http:\/\/www.bellunopress.it","https:\/\/x.com\/bellunopress"],"url":"https:\/\/www.bellunopress.it\/fr\/author\/redazione\/"}]}},"_links":{"self":[{"href":"https:\/\/www.bellunopress.it\/fr\/wp-json\/wp\/v2\/posts\/47000","targetHints":{"allow":["GET"]}}],"collection":[{"href":"https:\/\/www.bellunopress.it\/fr\/wp-json\/wp\/v2\/posts"}],"about":[{"href":"https:\/\/www.bellunopress.it\/fr\/wp-json\/wp\/v2\/types\/post"}],"author":[{"embeddable":true,"href":"https:\/\/www.bellunopress.it\/fr\/wp-json\/wp\/v2\/users\/2"}],"replies":[{"embeddable":true,"href":"https:\/\/www.bellunopress.it\/fr\/wp-json\/wp\/v2\/comments?post=47000"}],"version-history":[{"count":1,"href":"https:\/\/www.bellunopress.it\/fr\/wp-json\/wp\/v2\/posts\/47000\/revisions"}],"predecessor-version":[{"id":47001,"href":"https:\/\/www.bellunopress.it\/fr\/wp-json\/wp\/v2\/posts\/47000\/revisions\/47001"}],"wp:attachment":[{"href":"https:\/\/www.bellunopress.it\/fr\/wp-json\/wp\/v2\/media?parent=47000"}],"wp:term":[{"taxonomy":"category","embeddable":true,"href":"https:\/\/www.bellunopress.it\/fr\/wp-json\/wp\/v2\/categories?post=47000"},{"taxonomy":"post_tag","embeddable":true,"href":"https:\/\/www.bellunopress.it\/fr\/wp-json\/wp\/v2\/tags?post=47000"}],"curies":[{"name":"wp","href":"https:\/\/api.w.org\/{rel}","templated":true}]}}