{"id":46994,"date":"2013-02-22T09:55:35","date_gmt":"2013-02-22T08:55:35","guid":{"rendered":"http:\/\/www.bellunopress.it\/?p=46994"},"modified":"2013-02-22T09:55:35","modified_gmt":"2013-02-22T08:55:35","slug":"sabato-e-domenica-al-comunale-va-in-scena-gaya","status":"publish","type":"post","link":"https:\/\/www.bellunopress.it\/fr\/2013\/02\/22\/sabato-e-domenica-al-comunale-va-in-scena-gaya\/","title":{"rendered":"Sabato e domenica al Comunale va in scena Gaya"},"content":{"rendered":"<p>Uno spettacolo struggente, di rara intensit\u00e0 e sincerit\u00e0: Gaya, attenzione fragile, \u00e8 in arrivo al Teatro Comunale di Belluno per la Stagione di Prosa sabato 23 e domenica 24 alle 20.45.<\/p>\n<p><a href=\"http:\/\/www.bellunopress.it\/wp-content\/uploads\/2011\/12\/teatro-comunale-notte1.jpg\"><img loading=\"lazy\" decoding=\"async\" class=\"alignleft size-full wp-image-33600\" alt=\"teatro comunale notte\" src=\"http:\/\/www.bellunopress.it\/wp-content\/uploads\/2011\/12\/teatro-comunale-notte1.jpg\" width=\"290\" height=\"193\" \/><\/a>Un monologo che racchiude in s\u00e9 l\u0092essenza stessa del teatro, per testimoniare un tema \u0093scomodo\u0094, quello dell\u0092omosessualit\u00e0 femminile. In una scena scarnificata di ogni orpello &#8211; solo tagli di luci, musiche che segnano la drammaturgia, amplificandone le emozioni &#8211; la parola si staglia con commovente autenticit\u00e0. Un\u0092interpretazione vibrante, della bravissima Elisa Carnelli, testo e regia di Giuseppe Di Bello, per esprimere il bisogno d\u0092amore e il diritto all\u0092amore, nel difficile percorso personale di accettazione della propria \u0093diversit\u00e0\u0094 da parte di se stessi, e del contesto sociale.<\/p>\n<p>\u00abHo aspettato un\u0092eternit\u00e0 che qualcuno mi dicesse una parola affettuosa. Qualcuno che dicesse: ti amo tanto&#8230;\u00bb<\/p>\n<p>Con queste parole comincia il racconto di Gaya, una ragazza vissuta all&#8217;ombra dei propri sentimenti prepotenti e nascosti perch\u00e9 rivolti al suo stesso sesso. Gaya si rivolge al pubblico senza frapporre difese, per narrare in prima persona la propria infanzia fino al momento in cui questa diventa un&#8217;adolescenza goffa e turbata all&#8217;interno di una famiglia incapace di comprendere, e poi ancora fino alla consapevolezza di s\u00e9 e dei propri sentimenti; ed \u00e8 qui che lo spettacolo, si fa via via sempre pi\u00f9 intenso ed emozionante. Agli affetti, al bisogno d\u0092amore negato perch\u00e9 rifiutato dalle convenzioni sociali, fa appello questo monologo che riesce a toccare nel profondo le coscienze degli spettatori, regalando momenti di grande teatralit\u00e0, interrogando il presente e le ragioni dell\u0092etica.<\/p>\n<p>In concomitanza con il debutto dello spettacolo, sabato 23 alle ore 11 al Teatro Comunale, conferenza stampa di presentazione del progetto sui diritti delle coppie di fatto, promosso dal laboratorio cittadino Casa dei Beni Comuni.<\/p>\n<p>Prima e dopo lo spettacolo, come di consueto, per l\u0092iniziativa Buio in salvia presso il Ristorante la Nicchia, cicchetti e cena (su prenotazione t. 327-1750911) con piatto a tema collegato allo spettacolo, in questo caso piatto amore monocromo (risotto pastin e raboso).<\/p>\n<p>Info e prenotazioni spettacolo Tib Teatro 0437-943303 info@tibteatro.it www.tibteatro.it<\/p>\n<p>Biglietteria: Teatro Comunale sabato 23 e domenica 24 ore 11-13 e dalle 17 alle 20.45<\/p>\n<p>&nbsp;<\/p>","protected":false},"excerpt":{"rendered":"<p>Uno spettacolo struggente, di rara intensit\u00e0 e sincerit\u00e0: Gaya, attenzione fragile, \u00e8 in arrivo al Teatro Comunale di Belluno per la Stagione di Prosa sabato 23 e domenica 24 alle 20.45. Un monologo che racchiude in s\u00e9 l\u0092essenza stessa del teatro, per testimoniare un tema \u0093scomodo\u0094, quello dell\u0092omosessualit\u00e0 femminile. In una scena scarnificata di ogni [&hellip;]<\/p>\n","protected":false},"author":2,"featured_media":0,"comment_status":"closed","ping_status":"open","sticky":false,"template":"","format":"standard","meta":{"footnotes":""},"categories":[27,3,25],"tags":[],"class_list":["post-46994","post","type-post","status-publish","format-standard","category-appuntamenti","category-arte-cultura-spettacoli-scienza-archivi","category-pausa-caffe"],"yoast_head":"<!-- This site is optimized with the Yoast SEO plugin v28.4 - https:\/\/yoast.com\/product\/yoast-seo-wordpress\/ -->\n<title>Sabato e domenica al Comunale va in scena Gaya - Bellunopress - Dolomiti<\/title>\n<meta name=\"robots\" content=\"index, follow, max-snippet:-1, max-image-preview:large, max-video-preview:-1\" \/>\n<link rel=\"canonical\" href=\"https:\/\/www.bellunopress.it\/fr\/2013\/02\/22\/sabato-e-domenica-al-comunale-va-in-scena-gaya\/\" \/>\n<meta property=\"og:locale\" content=\"fr_FR\" \/>\n<meta property=\"og:type\" content=\"article\" \/>\n<meta property=\"og:title\" content=\"Sabato e domenica al Comunale va in scena Gaya - Bellunopress - Dolomiti\" \/>\n<meta property=\"og:description\" content=\"Uno spettacolo struggente, di rara intensit\u00e0 e sincerit\u00e0: Gaya, attenzione fragile, \u00e8 in arrivo al Teatro Comunale di Belluno per la Stagione di Prosa sabato 23 e domenica 24 alle 20.45. Un monologo che racchiude in s\u00e9 l\u0092essenza stessa del teatro, per testimoniare un tema \u0093scomodo\u0094, quello dell\u0092omosessualit\u00e0 femminile. In una scena scarnificata di ogni [&hellip;]\" \/>\n<meta property=\"og:url\" content=\"https:\/\/www.bellunopress.it\/fr\/2013\/02\/22\/sabato-e-domenica-al-comunale-va-in-scena-gaya\/\" \/>\n<meta property=\"og:site_name\" content=\"Bellunopress - Dolomiti\" \/>\n<meta property=\"article:publisher\" content=\"https:\/\/www.facebook.com\/profile.php?id=100008943462799\" \/>\n<meta property=\"article:published_time\" content=\"2013-02-22T08:55:35+00:00\" \/>\n<meta property=\"og:image\" content=\"http:\/\/www.bellunopress.it\/wp-content\/uploads\/2011\/12\/teatro-comunale-notte1.jpg\" \/>\n<meta name=\"author\" content=\"redazione\" \/>\n<meta name=\"twitter:card\" content=\"summary_large_image\" \/>\n<meta name=\"twitter:creator\" content=\"@bellunopress\" \/>\n<meta name=\"twitter:site\" content=\"@bellunopress\" \/>\n<meta name=\"twitter:label1\" content=\"Written by\" \/>\n\t<meta name=\"twitter:data1\" content=\"redazione\" \/>\n\t<meta name=\"twitter:label2\" content=\"Est. reading time\" \/>\n\t<meta name=\"twitter:data2\" content=\"2 minutes\" \/>\n<script type=\"application\/ld+json\" class=\"yoast-schema-graph\">{\"@context\":\"https:\\\/\\\/schema.org\",\"@graph\":[{\"@type\":\"Article\",\"@id\":\"https:\\\/\\\/www.bellunopress.it\\\/2013\\\/02\\\/22\\\/sabato-e-domenica-al-comunale-va-in-scena-gaya\\\/#article\",\"isPartOf\":{\"@id\":\"https:\\\/\\\/www.bellunopress.it\\\/2013\\\/02\\\/22\\\/sabato-e-domenica-al-comunale-va-in-scena-gaya\\\/\"},\"author\":{\"name\":\"redazione\",\"@id\":\"https:\\\/\\\/www.bellunopress.it\\\/#\\\/schema\\\/person\\\/79bb06722b37ece1c03d3e94beb30d73\"},\"headline\":\"Sabato e domenica al Comunale va in scena Gaya\",\"datePublished\":\"2013-02-22T08:55:35+00:00\",\"mainEntityOfPage\":{\"@id\":\"https:\\\/\\\/www.bellunopress.it\\\/2013\\\/02\\\/22\\\/sabato-e-domenica-al-comunale-va-in-scena-gaya\\\/\"},\"wordCount\":371,\"publisher\":{\"@id\":\"https:\\\/\\\/www.bellunopress.it\\\/#organization\"},\"image\":{\"@id\":\"https:\\\/\\\/www.bellunopress.it\\\/2013\\\/02\\\/22\\\/sabato-e-domenica-al-comunale-va-in-scena-gaya\\\/#primaryimage\"},\"thumbnailUrl\":\"http:\\\/\\\/www.bellunopress.it\\\/wp-content\\\/uploads\\\/2011\\\/12\\\/teatro-comunale-notte1.jpg\",\"articleSection\":[\"Appuntamenti, Eventi\",\"Arte, Cultura, Spettacoli, Scienza\",\"Pausa Caff\u00e8\"],\"inLanguage\":\"fr-FR\"},{\"@type\":\"WebPage\",\"@id\":\"https:\\\/\\\/www.bellunopress.it\\\/2013\\\/02\\\/22\\\/sabato-e-domenica-al-comunale-va-in-scena-gaya\\\/\",\"url\":\"https:\\\/\\\/www.bellunopress.it\\\/2013\\\/02\\\/22\\\/sabato-e-domenica-al-comunale-va-in-scena-gaya\\\/\",\"name\":\"Sabato e domenica al Comunale va in scena Gaya - Bellunopress - Dolomiti\",\"isPartOf\":{\"@id\":\"https:\\\/\\\/www.bellunopress.it\\\/#website\"},\"primaryImageOfPage\":{\"@id\":\"https:\\\/\\\/www.bellunopress.it\\\/2013\\\/02\\\/22\\\/sabato-e-domenica-al-comunale-va-in-scena-gaya\\\/#primaryimage\"},\"image\":{\"@id\":\"https:\\\/\\\/www.bellunopress.it\\\/2013\\\/02\\\/22\\\/sabato-e-domenica-al-comunale-va-in-scena-gaya\\\/#primaryimage\"},\"thumbnailUrl\":\"http:\\\/\\\/www.bellunopress.it\\\/wp-content\\\/uploads\\\/2011\\\/12\\\/teatro-comunale-notte1.jpg\",\"datePublished\":\"2013-02-22T08:55:35+00:00\",\"breadcrumb\":{\"@id\":\"https:\\\/\\\/www.bellunopress.it\\\/2013\\\/02\\\/22\\\/sabato-e-domenica-al-comunale-va-in-scena-gaya\\\/#breadcrumb\"},\"inLanguage\":\"fr-FR\",\"potentialAction\":[{\"@type\":\"ReadAction\",\"target\":[\"https:\\\/\\\/www.bellunopress.it\\\/2013\\\/02\\\/22\\\/sabato-e-domenica-al-comunale-va-in-scena-gaya\\\/\"]}]},{\"@type\":\"ImageObject\",\"inLanguage\":\"fr-FR\",\"@id\":\"https:\\\/\\\/www.bellunopress.it\\\/2013\\\/02\\\/22\\\/sabato-e-domenica-al-comunale-va-in-scena-gaya\\\/#primaryimage\",\"url\":\"http:\\\/\\\/www.bellunopress.it\\\/wp-content\\\/uploads\\\/2011\\\/12\\\/teatro-comunale-notte1.jpg\",\"contentUrl\":\"http:\\\/\\\/www.bellunopress.it\\\/wp-content\\\/uploads\\\/2011\\\/12\\\/teatro-comunale-notte1.jpg\"},{\"@type\":\"BreadcrumbList\",\"@id\":\"https:\\\/\\\/www.bellunopress.it\\\/2013\\\/02\\\/22\\\/sabato-e-domenica-al-comunale-va-in-scena-gaya\\\/#breadcrumb\",\"itemListElement\":[{\"@type\":\"ListItem\",\"position\":1,\"name\":\"Home\",\"item\":\"https:\\\/\\\/www.bellunopress.it\\\/\"},{\"@type\":\"ListItem\",\"position\":2,\"name\":\"Sabato e domenica al Comunale va in scena Gaya\"}]},{\"@type\":\"WebSite\",\"@id\":\"https:\\\/\\\/www.bellunopress.it\\\/#website\",\"url\":\"https:\\\/\\\/www.bellunopress.it\\\/\",\"name\":\"Bellunopress - Dolomiti\",\"description\":\"e-mail: redazione@bellunopress.it\",\"publisher\":{\"@id\":\"https:\\\/\\\/www.bellunopress.it\\\/#organization\"},\"potentialAction\":[{\"@type\":\"SearchAction\",\"target\":{\"@type\":\"EntryPoint\",\"urlTemplate\":\"https:\\\/\\\/www.bellunopress.it\\\/?s={search_term_string}\"},\"query-input\":{\"@type\":\"PropertyValueSpecification\",\"valueRequired\":true,\"valueName\":\"search_term_string\"}}],\"inLanguage\":\"fr-FR\"},{\"@type\":\"Organization\",\"@id\":\"https:\\\/\\\/www.bellunopress.it\\\/#organization\",\"name\":\"Bellunopress\",\"url\":\"https:\\\/\\\/www.bellunopress.it\\\/\",\"logo\":{\"@type\":\"ImageObject\",\"inLanguage\":\"fr-FR\",\"@id\":\"https:\\\/\\\/www.bellunopress.it\\\/#\\\/schema\\\/logo\\\/image\\\/\",\"url\":\"https:\\\/\\\/www.bellunopress.it\\\/wp-content\\\/uploads\\\/2011\\\/05\\\/cropped-logo-bellunopress-.jpg\",\"contentUrl\":\"https:\\\/\\\/www.bellunopress.it\\\/wp-content\\\/uploads\\\/2011\\\/05\\\/cropped-logo-bellunopress-.jpg\",\"width\":512,\"height\":512,\"caption\":\"Bellunopress\"},\"image\":{\"@id\":\"https:\\\/\\\/www.bellunopress.it\\\/#\\\/schema\\\/logo\\\/image\\\/\"},\"sameAs\":[\"https:\\\/\\\/www.facebook.com\\\/profile.php?id=100008943462799\",\"https:\\\/\\\/x.com\\\/bellunopress\",\"https:\\\/\\\/www.linkedin.com\\\/hp\\\/?dnr=JBzUWaJfMUw8vbXJJ2tVW5-I3jZKvC4wsoxE&amp;amp;amp;amp;amp;amp;trk=nav_responsive_tab_home\",\"https:\\\/\\\/www.youtube.com\\\/channel\\\/UCxL0wu1uN0_3_7hGG0306cw\"]},{\"@type\":\"Person\",\"@id\":\"https:\\\/\\\/www.bellunopress.it\\\/#\\\/schema\\\/person\\\/79bb06722b37ece1c03d3e94beb30d73\",\"name\":\"redazione\",\"image\":{\"@type\":\"ImageObject\",\"inLanguage\":\"fr-FR\",\"@id\":\"https:\\\/\\\/secure.gravatar.com\\\/avatar\\\/37d968a2e67a6fd04c169c4bdef102d0bc5d31b2546345219e348575eb80e9a0?s=96&d=mm&r=g\",\"url\":\"https:\\\/\\\/secure.gravatar.com\\\/avatar\\\/37d968a2e67a6fd04c169c4bdef102d0bc5d31b2546345219e348575eb80e9a0?s=96&d=mm&r=g\",\"contentUrl\":\"https:\\\/\\\/secure.gravatar.com\\\/avatar\\\/37d968a2e67a6fd04c169c4bdef102d0bc5d31b2546345219e348575eb80e9a0?s=96&d=mm&r=g\",\"caption\":\"redazione\"},\"sameAs\":[\"http:\\\/\\\/www.bellunopress.it\",\"https:\\\/\\\/x.com\\\/bellunopress\"],\"url\":\"https:\\\/\\\/www.bellunopress.it\\\/fr\\\/author\\\/redazione\\\/\"}]}<\/script>\n<!-- \/ Yoast SEO plugin. -->","yoast_head_json":{"title":"Sabato e domenica al Comunale va in scena Gaya - Bellunopress - Dolomiti","robots":{"index":"index","follow":"follow","max-snippet":"max-snippet:-1","max-image-preview":"max-image-preview:large","max-video-preview":"max-video-preview:-1"},"canonical":"https:\/\/www.bellunopress.it\/fr\/2013\/02\/22\/sabato-e-domenica-al-comunale-va-in-scena-gaya\/","og_locale":"fr_FR","og_type":"article","og_title":"Sabato e domenica al Comunale va in scena Gaya - Bellunopress - Dolomiti","og_description":"Uno spettacolo struggente, di rara intensit\u00e0 e sincerit\u00e0: Gaya, attenzione fragile, \u00e8 in arrivo al Teatro Comunale di Belluno per la Stagione di Prosa sabato 23 e domenica 24 alle 20.45. Un monologo che racchiude in s\u00e9 l\u0092essenza stessa del teatro, per testimoniare un tema \u0093scomodo\u0094, quello dell\u0092omosessualit\u00e0 femminile. In una scena scarnificata di ogni [&hellip;]","og_url":"https:\/\/www.bellunopress.it\/fr\/2013\/02\/22\/sabato-e-domenica-al-comunale-va-in-scena-gaya\/","og_site_name":"Bellunopress - Dolomiti","article_publisher":"https:\/\/www.facebook.com\/profile.php?id=100008943462799","article_published_time":"2013-02-22T08:55:35+00:00","og_image":[{"url":"http:\/\/www.bellunopress.it\/wp-content\/uploads\/2011\/12\/teatro-comunale-notte1.jpg","type":"","width":"","height":""}],"author":"redazione","twitter_card":"summary_large_image","twitter_creator":"@bellunopress","twitter_site":"@bellunopress","twitter_misc":{"Written by":"redazione","Est. reading time":"2 minutes"},"schema":{"@context":"https:\/\/schema.org","@graph":[{"@type":"Article","@id":"https:\/\/www.bellunopress.it\/2013\/02\/22\/sabato-e-domenica-al-comunale-va-in-scena-gaya\/#article","isPartOf":{"@id":"https:\/\/www.bellunopress.it\/2013\/02\/22\/sabato-e-domenica-al-comunale-va-in-scena-gaya\/"},"author":{"name":"redazione","@id":"https:\/\/www.bellunopress.it\/#\/schema\/person\/79bb06722b37ece1c03d3e94beb30d73"},"headline":"Sabato e domenica al Comunale va in scena Gaya","datePublished":"2013-02-22T08:55:35+00:00","mainEntityOfPage":{"@id":"https:\/\/www.bellunopress.it\/2013\/02\/22\/sabato-e-domenica-al-comunale-va-in-scena-gaya\/"},"wordCount":371,"publisher":{"@id":"https:\/\/www.bellunopress.it\/#organization"},"image":{"@id":"https:\/\/www.bellunopress.it\/2013\/02\/22\/sabato-e-domenica-al-comunale-va-in-scena-gaya\/#primaryimage"},"thumbnailUrl":"http:\/\/www.bellunopress.it\/wp-content\/uploads\/2011\/12\/teatro-comunale-notte1.jpg","articleSection":["Appuntamenti, Eventi","Arte, Cultura, Spettacoli, Scienza","Pausa Caff\u00e8"],"inLanguage":"fr-FR"},{"@type":"WebPage","@id":"https:\/\/www.bellunopress.it\/2013\/02\/22\/sabato-e-domenica-al-comunale-va-in-scena-gaya\/","url":"https:\/\/www.bellunopress.it\/2013\/02\/22\/sabato-e-domenica-al-comunale-va-in-scena-gaya\/","name":"Sabato e domenica al Comunale va in scena Gaya - Bellunopress - Dolomiti","isPartOf":{"@id":"https:\/\/www.bellunopress.it\/#website"},"primaryImageOfPage":{"@id":"https:\/\/www.bellunopress.it\/2013\/02\/22\/sabato-e-domenica-al-comunale-va-in-scena-gaya\/#primaryimage"},"image":{"@id":"https:\/\/www.bellunopress.it\/2013\/02\/22\/sabato-e-domenica-al-comunale-va-in-scena-gaya\/#primaryimage"},"thumbnailUrl":"http:\/\/www.bellunopress.it\/wp-content\/uploads\/2011\/12\/teatro-comunale-notte1.jpg","datePublished":"2013-02-22T08:55:35+00:00","breadcrumb":{"@id":"https:\/\/www.bellunopress.it\/2013\/02\/22\/sabato-e-domenica-al-comunale-va-in-scena-gaya\/#breadcrumb"},"inLanguage":"fr-FR","potentialAction":[{"@type":"ReadAction","target":["https:\/\/www.bellunopress.it\/2013\/02\/22\/sabato-e-domenica-al-comunale-va-in-scena-gaya\/"]}]},{"@type":"ImageObject","inLanguage":"fr-FR","@id":"https:\/\/www.bellunopress.it\/2013\/02\/22\/sabato-e-domenica-al-comunale-va-in-scena-gaya\/#primaryimage","url":"http:\/\/www.bellunopress.it\/wp-content\/uploads\/2011\/12\/teatro-comunale-notte1.jpg","contentUrl":"http:\/\/www.bellunopress.it\/wp-content\/uploads\/2011\/12\/teatro-comunale-notte1.jpg"},{"@type":"BreadcrumbList","@id":"https:\/\/www.bellunopress.it\/2013\/02\/22\/sabato-e-domenica-al-comunale-va-in-scena-gaya\/#breadcrumb","itemListElement":[{"@type":"ListItem","position":1,"name":"Home","item":"https:\/\/www.bellunopress.it\/"},{"@type":"ListItem","position":2,"name":"Sabato e domenica al Comunale va in scena Gaya"}]},{"@type":"WebSite","@id":"https:\/\/www.bellunopress.it\/#website","url":"https:\/\/www.bellunopress.it\/","name":"Bellunopress - Dolomiti","description":"e-mail: redazione@bellunopress.it","publisher":{"@id":"https:\/\/www.bellunopress.it\/#organization"},"potentialAction":[{"@type":"SearchAction","target":{"@type":"EntryPoint","urlTemplate":"https:\/\/www.bellunopress.it\/?s={search_term_string}"},"query-input":{"@type":"PropertyValueSpecification","valueRequired":true,"valueName":"search_term_string"}}],"inLanguage":"fr-FR"},{"@type":"Organization","@id":"https:\/\/www.bellunopress.it\/#organization","name":"Bellunopress","url":"https:\/\/www.bellunopress.it\/","logo":{"@type":"ImageObject","inLanguage":"fr-FR","@id":"https:\/\/www.bellunopress.it\/#\/schema\/logo\/image\/","url":"https:\/\/www.bellunopress.it\/wp-content\/uploads\/2011\/05\/cropped-logo-bellunopress-.jpg","contentUrl":"https:\/\/www.bellunopress.it\/wp-content\/uploads\/2011\/05\/cropped-logo-bellunopress-.jpg","width":512,"height":512,"caption":"Bellunopress"},"image":{"@id":"https:\/\/www.bellunopress.it\/#\/schema\/logo\/image\/"},"sameAs":["https:\/\/www.facebook.com\/profile.php?id=100008943462799","https:\/\/x.com\/bellunopress","https:\/\/www.linkedin.com\/hp\/?dnr=JBzUWaJfMUw8vbXJJ2tVW5-I3jZKvC4wsoxE&amp;amp;amp;amp;amp;amp;trk=nav_responsive_tab_home","https:\/\/www.youtube.com\/channel\/UCxL0wu1uN0_3_7hGG0306cw"]},{"@type":"Person","@id":"https:\/\/www.bellunopress.it\/#\/schema\/person\/79bb06722b37ece1c03d3e94beb30d73","name":"r\u00e9daction","image":{"@type":"ImageObject","inLanguage":"fr-FR","@id":"https:\/\/secure.gravatar.com\/avatar\/37d968a2e67a6fd04c169c4bdef102d0bc5d31b2546345219e348575eb80e9a0?s=96&d=mm&r=g","url":"https:\/\/secure.gravatar.com\/avatar\/37d968a2e67a6fd04c169c4bdef102d0bc5d31b2546345219e348575eb80e9a0?s=96&d=mm&r=g","contentUrl":"https:\/\/secure.gravatar.com\/avatar\/37d968a2e67a6fd04c169c4bdef102d0bc5d31b2546345219e348575eb80e9a0?s=96&d=mm&r=g","caption":"redazione"},"sameAs":["http:\/\/www.bellunopress.it","https:\/\/x.com\/bellunopress"],"url":"https:\/\/www.bellunopress.it\/fr\/author\/redazione\/"}]}},"_links":{"self":[{"href":"https:\/\/www.bellunopress.it\/fr\/wp-json\/wp\/v2\/posts\/46994","targetHints":{"allow":["GET"]}}],"collection":[{"href":"https:\/\/www.bellunopress.it\/fr\/wp-json\/wp\/v2\/posts"}],"about":[{"href":"https:\/\/www.bellunopress.it\/fr\/wp-json\/wp\/v2\/types\/post"}],"author":[{"embeddable":true,"href":"https:\/\/www.bellunopress.it\/fr\/wp-json\/wp\/v2\/users\/2"}],"replies":[{"embeddable":true,"href":"https:\/\/www.bellunopress.it\/fr\/wp-json\/wp\/v2\/comments?post=46994"}],"version-history":[{"count":2,"href":"https:\/\/www.bellunopress.it\/fr\/wp-json\/wp\/v2\/posts\/46994\/revisions"}],"predecessor-version":[{"id":46996,"href":"https:\/\/www.bellunopress.it\/fr\/wp-json\/wp\/v2\/posts\/46994\/revisions\/46996"}],"wp:attachment":[{"href":"https:\/\/www.bellunopress.it\/fr\/wp-json\/wp\/v2\/media?parent=46994"}],"wp:term":[{"taxonomy":"category","embeddable":true,"href":"https:\/\/www.bellunopress.it\/fr\/wp-json\/wp\/v2\/categories?post=46994"},{"taxonomy":"post_tag","embeddable":true,"href":"https:\/\/www.bellunopress.it\/fr\/wp-json\/wp\/v2\/tags?post=46994"}],"curies":[{"name":"wp","href":"https:\/\/api.w.org\/{rel}","templated":true}]}}