{"id":46990,"date":"2013-02-22T09:43:04","date_gmt":"2013-02-22T08:43:04","guid":{"rendered":"http:\/\/www.bellunopress.it\/?p=46990"},"modified":"2013-02-22T09:43:04","modified_gmt":"2013-02-22T08:43:04","slug":"longarone-fiere-dolomiti-aperta-dal-presidente-nazionale-ance-paolo-buzzetti-l8va-edizione-di-costruire-il-salone-delledilizia-e-dellabitare","status":"publish","type":"post","link":"https:\/\/www.bellunopress.it\/fr\/2013\/02\/22\/longarone-fiere-dolomiti-aperta-dal-presidente-nazionale-ance-paolo-buzzetti-l8va-edizione-di-costruire-il-salone-delledilizia-e-dellabitare\/","title":{"rendered":"Longarone fiere Dolomiti. Aperta dal presidente nazionale Ance Paolo Buzzetti l&#8217;8va edizione di Costruire, il salone dell&#8217;edilizia e dell&#8217;abitare"},"content":{"rendered":"<p><a href=\"http:\/\/www.bellunopress.it\/wp-content\/uploads\/2013\/02\/taglio-nastro-costruire-longarone-fiere.jpg\"><img loading=\"lazy\" decoding=\"async\" class=\"alignleft size-full wp-image-46991\" alt=\"taglio nastro costruire longarone fiere\" src=\"http:\/\/www.bellunopress.it\/wp-content\/uploads\/2013\/02\/taglio-nastro-costruire-longarone-fiere.jpg\" width=\"290\" height=\"194\" \/><\/a>\u201cCostruire\u201d non \u00e8 solo il salone dell\u2019edilizia e dell\u2019abitare, ma anche un verbo che guarda al futuro. Come l\u2019edilizia: un settore in grave difficolt\u00e0, ma che non si rassegna ed \u00e8 pronto a rimettersi in moto. \u201cLa politica dovrebbe venire qui, in queste terre di montagna per un\u2019immersione di concretezza. Forse capirebbe che regole cos\u00ec rigide, scritte da burocrati folli e imposte da chi non conosce a fondo la realt\u00e0, porta a una sola conseguenza: quella di far chiudere migliaia e migliaia di piccole e medie imprese con decenni di attivit\u00e0 alle spalle. Imprese che sono a rischio estinzione per colpa di un meteorite economico venuto da lontano. La crisi non \u00e8 figlia dell\u2019incapacit\u00e0 di realizzare prodotti, ma dal fatto che le aziende non vengono pagate: le banche non danno pi\u00f9 credito. Il pareggio di bilancio imposto dal Patto di Stabilit\u00e0 \u00e8 una follia. Sono necessarie azioni mirate per liberare i 30 miliardi che ci sono nelle casse dello Stato, ma che non si possono toccare\u201d Con queste parole Paolo Buzzetti, presidente nazionale dell\u2019ANCE, l\u2019Associazione Nazionale dei Costruttori Edili ha aperto oggi nel quartiere di Longarone Fiere Dolomiti l\u20198^ edizione di Costruire, Salone dell\u2019edilizia e delle costruzioni, che proseguir\u00e0 sino a domenica 24 con orario d\u2019apertura dalle 10 alle 19. Una cerimonia molto partecipata, accompagnata dalla musica dei Cameristi diretti dal maestro Claudio Colmanet e dalle poesie di Loredana Pra Baldi, che ha visto una platea di imprenditori e autorit\u00e0 molto attenta.<\/p>\n<p>Da parte sua il presidente di Longarone Fiere Dolomiti, Oscar De Bona, dopo gli interventi del sindaco di Longarone, Roberto Padrin e del presidente della Camera di Commercio, Luigi Curto, ha ringraziato quanti hanno deciso di aderire ad un\u2019edizione di Costruire che si presenta ancora una volta come uno spaccato straordinario di innovazioni sia nel campo delle attrezzature che dei prodotti. \u201cNonostante il momento congiunturale non certo dei pi\u00f9 facili, Costruire ha messo in campo il meglio di un territorio che crede fermamente nella ripresa e vuole ripartire con fiducia\u201d, ha sottolineato De Bona.<\/p>\n<p>Sono 170 gli espositori diretti, che presentano in fiera oltre 240 marchi nazionali ed esteri di prodotti e servizi del comparto. Si possono trovare proposte relative al risparmio energetico e ai sistemi di costruzione innovativi. Di primo piano anche la presenza di aziende che operano nel settore del riscaldamento e dell\u2019impiantistica, dell\u2019arredo bagno, e poi pavimenti in legno, pitture edili, intonaci, sistemi di sicurezza, isolanti, ferramenta, oltre naturalmente alle attrezzature e alle macchine per il cantiere. Ampio spazio verr\u00e0 poi riservato alle costruzioni in legno sotto la regia del Consorzio Legno Veneto e un\u2019area espositiva dedicata all\u2019ingegneria civile e ambientale, punto di incontro privilegiato dei professionisti del settore, proprio in quel contesto dolomitico che \u00e8 sede di numerosi interventi di assoluto livello quanto a tecnologie applicate.<\/p>\n<p>Venerd\u00ec 22 febbraio, ricchissimo il programma degli eventi collaterali. Si comincia alle ore 10.30 con l\u2019incontro sul tema: \u201cSinergie \u2013 Hotel@Sviluppo\u201d, promosso da Cortina Style e Associazione Albergatori di Cortina. Sempre alle ore 10.30 Incofil, Dolomiti Vertical Service e C.A.M.P. organizzano un incontro sulle barriere paramassi certificate e sulla gestione dei DPI per i lavori in quota ed ambiente ostile. Nel pomeriggio (ore 14.30) spazio all\u2019incontro di aggiornamento professionale sul tema: \u201cLe due diligence per le imprese del legno\u201d, promosso da Confindustria Belluno e sezione Legno e Federlegno Arredo, mentre alle ore 15 si parler\u00e0 di ombrello monoancoraggio e di pavimentazioni stradali eco sostenibili nel corso di un incontro a cura di Incofil \u2013 Biostrasse. La giornata si chiuder\u00e0 alle ore 15 con l\u2019appuntamento organizzato dal Consorzio Legno Veneto sull\u2019evoluzione storica della case in legno.<\/p>\n<p>&nbsp;<\/p>","protected":false},"excerpt":{"rendered":"<p>\u201cCostruire\u201d non \u00e8 solo il salone dell\u2019edilizia e dell\u2019abitare, ma anche un verbo che guarda al futuro. Come l\u2019edilizia: un settore in grave difficolt\u00e0, ma che non si rassegna ed \u00e8 pronto a rimettersi in moto. \u201cLa politica dovrebbe venire qui, in queste terre di montagna per un\u2019immersione di concretezza. Forse capirebbe che regole cos\u00ec [&hellip;]<\/p>\n","protected":false},"author":2,"featured_media":0,"comment_status":"closed","ping_status":"open","sticky":false,"template":"","format":"standard","meta":{"footnotes":""},"categories":[5,8],"tags":[],"class_list":["post-46990","post","type-post","status-publish","format-standard","category-cronaca","category-societa-istituzioni"],"yoast_head":"<!-- This site is optimized with the Yoast SEO plugin v28.4 - https:\/\/yoast.com\/product\/yoast-seo-wordpress\/ -->\n<title>Longarone fiere Dolomiti. Aperta dal presidente nazionale Ance Paolo Buzzetti l&#039;8va edizione di Costruire, il salone dell&#039;edilizia e dell&#039;abitare - Bellunopress - Dolomiti<\/title>\n<meta name=\"robots\" content=\"index, follow, max-snippet:-1, max-image-preview:large, max-video-preview:-1\" \/>\n<link rel=\"canonical\" href=\"https:\/\/www.bellunopress.it\/fr\/2013\/02\/22\/longarone-fiere-dolomiti-aperta-dal-presidente-nazionale-ance-paolo-buzzetti-l8va-edizione-di-costruire-il-salone-delledilizia-e-dellabitare\/\" \/>\n<meta property=\"og:locale\" content=\"fr_FR\" \/>\n<meta property=\"og:type\" content=\"article\" \/>\n<meta property=\"og:title\" content=\"Longarone fiere Dolomiti. Aperta dal presidente nazionale Ance Paolo Buzzetti l&#039;8va edizione di Costruire, il salone dell&#039;edilizia e dell&#039;abitare - Bellunopress - Dolomiti\" \/>\n<meta property=\"og:description\" content=\"\u201cCostruire\u201d non \u00e8 solo il salone dell\u2019edilizia e dell\u2019abitare, ma anche un verbo che guarda al futuro. Come l\u2019edilizia: un settore in grave difficolt\u00e0, ma che non si rassegna ed \u00e8 pronto a rimettersi in moto. \u201cLa politica dovrebbe venire qui, in queste terre di montagna per un\u2019immersione di concretezza. Forse capirebbe che regole cos\u00ec [&hellip;]\" \/>\n<meta property=\"og:url\" content=\"https:\/\/www.bellunopress.it\/fr\/2013\/02\/22\/longarone-fiere-dolomiti-aperta-dal-presidente-nazionale-ance-paolo-buzzetti-l8va-edizione-di-costruire-il-salone-delledilizia-e-dellabitare\/\" \/>\n<meta property=\"og:site_name\" content=\"Bellunopress - Dolomiti\" \/>\n<meta property=\"article:publisher\" content=\"https:\/\/www.facebook.com\/profile.php?id=100008943462799\" \/>\n<meta property=\"article:published_time\" content=\"2013-02-22T08:43:04+00:00\" \/>\n<meta property=\"og:image\" content=\"http:\/\/www.bellunopress.it\/wp-content\/uploads\/2013\/02\/taglio-nastro-costruire-longarone-fiere.jpg\" \/>\n<meta name=\"author\" content=\"redazione\" \/>\n<meta name=\"twitter:card\" content=\"summary_large_image\" \/>\n<meta name=\"twitter:creator\" content=\"@bellunopress\" \/>\n<meta name=\"twitter:site\" content=\"@bellunopress\" \/>\n<meta name=\"twitter:label1\" content=\"Written by\" \/>\n\t<meta name=\"twitter:data1\" content=\"redazione\" \/>\n\t<meta name=\"twitter:label2\" content=\"Est. reading time\" \/>\n\t<meta name=\"twitter:data2\" content=\"3 minutes\" \/>\n<script type=\"application\/ld+json\" class=\"yoast-schema-graph\">{\"@context\":\"https:\\\/\\\/schema.org\",\"@graph\":[{\"@type\":\"Article\",\"@id\":\"https:\\\/\\\/www.bellunopress.it\\\/2013\\\/02\\\/22\\\/longarone-fiere-dolomiti-aperta-dal-presidente-nazionale-ance-paolo-buzzetti-l8va-edizione-di-costruire-il-salone-delledilizia-e-dellabitare\\\/#article\",\"isPartOf\":{\"@id\":\"https:\\\/\\\/www.bellunopress.it\\\/2013\\\/02\\\/22\\\/longarone-fiere-dolomiti-aperta-dal-presidente-nazionale-ance-paolo-buzzetti-l8va-edizione-di-costruire-il-salone-delledilizia-e-dellabitare\\\/\"},\"author\":{\"name\":\"redazione\",\"@id\":\"https:\\\/\\\/www.bellunopress.it\\\/#\\\/schema\\\/person\\\/79bb06722b37ece1c03d3e94beb30d73\"},\"headline\":\"Longarone fiere Dolomiti. Aperta dal presidente nazionale Ance Paolo Buzzetti l&#8217;8va edizione di Costruire, il salone dell&#8217;edilizia e dell&#8217;abitare\",\"datePublished\":\"2013-02-22T08:43:04+00:00\",\"mainEntityOfPage\":{\"@id\":\"https:\\\/\\\/www.bellunopress.it\\\/2013\\\/02\\\/22\\\/longarone-fiere-dolomiti-aperta-dal-presidente-nazionale-ance-paolo-buzzetti-l8va-edizione-di-costruire-il-salone-delledilizia-e-dellabitare\\\/\"},\"wordCount\":623,\"publisher\":{\"@id\":\"https:\\\/\\\/www.bellunopress.it\\\/#organization\"},\"image\":{\"@id\":\"https:\\\/\\\/www.bellunopress.it\\\/2013\\\/02\\\/22\\\/longarone-fiere-dolomiti-aperta-dal-presidente-nazionale-ance-paolo-buzzetti-l8va-edizione-di-costruire-il-salone-delledilizia-e-dellabitare\\\/#primaryimage\"},\"thumbnailUrl\":\"http:\\\/\\\/www.bellunopress.it\\\/wp-content\\\/uploads\\\/2013\\\/02\\\/taglio-nastro-costruire-longarone-fiere.jpg\",\"articleSection\":[\"Cronaca\\\/Politica\",\"Societ\u00e0, Associazioni, Istituzioni\"],\"inLanguage\":\"fr-FR\"},{\"@type\":\"WebPage\",\"@id\":\"https:\\\/\\\/www.bellunopress.it\\\/2013\\\/02\\\/22\\\/longarone-fiere-dolomiti-aperta-dal-presidente-nazionale-ance-paolo-buzzetti-l8va-edizione-di-costruire-il-salone-delledilizia-e-dellabitare\\\/\",\"url\":\"https:\\\/\\\/www.bellunopress.it\\\/2013\\\/02\\\/22\\\/longarone-fiere-dolomiti-aperta-dal-presidente-nazionale-ance-paolo-buzzetti-l8va-edizione-di-costruire-il-salone-delledilizia-e-dellabitare\\\/\",\"name\":\"Longarone fiere Dolomiti. Aperta dal presidente nazionale Ance Paolo Buzzetti l'8va edizione di Costruire, il salone dell'edilizia e dell'abitare - Bellunopress - Dolomiti\",\"isPartOf\":{\"@id\":\"https:\\\/\\\/www.bellunopress.it\\\/#website\"},\"primaryImageOfPage\":{\"@id\":\"https:\\\/\\\/www.bellunopress.it\\\/2013\\\/02\\\/22\\\/longarone-fiere-dolomiti-aperta-dal-presidente-nazionale-ance-paolo-buzzetti-l8va-edizione-di-costruire-il-salone-delledilizia-e-dellabitare\\\/#primaryimage\"},\"image\":{\"@id\":\"https:\\\/\\\/www.bellunopress.it\\\/2013\\\/02\\\/22\\\/longarone-fiere-dolomiti-aperta-dal-presidente-nazionale-ance-paolo-buzzetti-l8va-edizione-di-costruire-il-salone-delledilizia-e-dellabitare\\\/#primaryimage\"},\"thumbnailUrl\":\"http:\\\/\\\/www.bellunopress.it\\\/wp-content\\\/uploads\\\/2013\\\/02\\\/taglio-nastro-costruire-longarone-fiere.jpg\",\"datePublished\":\"2013-02-22T08:43:04+00:00\",\"breadcrumb\":{\"@id\":\"https:\\\/\\\/www.bellunopress.it\\\/2013\\\/02\\\/22\\\/longarone-fiere-dolomiti-aperta-dal-presidente-nazionale-ance-paolo-buzzetti-l8va-edizione-di-costruire-il-salone-delledilizia-e-dellabitare\\\/#breadcrumb\"},\"inLanguage\":\"fr-FR\",\"potentialAction\":[{\"@type\":\"ReadAction\",\"target\":[\"https:\\\/\\\/www.bellunopress.it\\\/2013\\\/02\\\/22\\\/longarone-fiere-dolomiti-aperta-dal-presidente-nazionale-ance-paolo-buzzetti-l8va-edizione-di-costruire-il-salone-delledilizia-e-dellabitare\\\/\"]}]},{\"@type\":\"ImageObject\",\"inLanguage\":\"fr-FR\",\"@id\":\"https:\\\/\\\/www.bellunopress.it\\\/2013\\\/02\\\/22\\\/longarone-fiere-dolomiti-aperta-dal-presidente-nazionale-ance-paolo-buzzetti-l8va-edizione-di-costruire-il-salone-delledilizia-e-dellabitare\\\/#primaryimage\",\"url\":\"http:\\\/\\\/www.bellunopress.it\\\/wp-content\\\/uploads\\\/2013\\\/02\\\/taglio-nastro-costruire-longarone-fiere.jpg\",\"contentUrl\":\"http:\\\/\\\/www.bellunopress.it\\\/wp-content\\\/uploads\\\/2013\\\/02\\\/taglio-nastro-costruire-longarone-fiere.jpg\"},{\"@type\":\"BreadcrumbList\",\"@id\":\"https:\\\/\\\/www.bellunopress.it\\\/2013\\\/02\\\/22\\\/longarone-fiere-dolomiti-aperta-dal-presidente-nazionale-ance-paolo-buzzetti-l8va-edizione-di-costruire-il-salone-delledilizia-e-dellabitare\\\/#breadcrumb\",\"itemListElement\":[{\"@type\":\"ListItem\",\"position\":1,\"name\":\"Home\",\"item\":\"https:\\\/\\\/www.bellunopress.it\\\/\"},{\"@type\":\"ListItem\",\"position\":2,\"name\":\"Longarone fiere Dolomiti. Aperta dal presidente nazionale Ance Paolo Buzzetti l&#8217;8va edizione di Costruire, il salone dell&#8217;edilizia e dell&#8217;abitare\"}]},{\"@type\":\"WebSite\",\"@id\":\"https:\\\/\\\/www.bellunopress.it\\\/#website\",\"url\":\"https:\\\/\\\/www.bellunopress.it\\\/\",\"name\":\"Bellunopress - Dolomiti\",\"description\":\"e-mail: redazione@bellunopress.it\",\"publisher\":{\"@id\":\"https:\\\/\\\/www.bellunopress.it\\\/#organization\"},\"potentialAction\":[{\"@type\":\"SearchAction\",\"target\":{\"@type\":\"EntryPoint\",\"urlTemplate\":\"https:\\\/\\\/www.bellunopress.it\\\/?s={search_term_string}\"},\"query-input\":{\"@type\":\"PropertyValueSpecification\",\"valueRequired\":true,\"valueName\":\"search_term_string\"}}],\"inLanguage\":\"fr-FR\"},{\"@type\":\"Organization\",\"@id\":\"https:\\\/\\\/www.bellunopress.it\\\/#organization\",\"name\":\"Bellunopress\",\"url\":\"https:\\\/\\\/www.bellunopress.it\\\/\",\"logo\":{\"@type\":\"ImageObject\",\"inLanguage\":\"fr-FR\",\"@id\":\"https:\\\/\\\/www.bellunopress.it\\\/#\\\/schema\\\/logo\\\/image\\\/\",\"url\":\"https:\\\/\\\/www.bellunopress.it\\\/wp-content\\\/uploads\\\/2011\\\/05\\\/cropped-logo-bellunopress-.jpg\",\"contentUrl\":\"https:\\\/\\\/www.bellunopress.it\\\/wp-content\\\/uploads\\\/2011\\\/05\\\/cropped-logo-bellunopress-.jpg\",\"width\":512,\"height\":512,\"caption\":\"Bellunopress\"},\"image\":{\"@id\":\"https:\\\/\\\/www.bellunopress.it\\\/#\\\/schema\\\/logo\\\/image\\\/\"},\"sameAs\":[\"https:\\\/\\\/www.facebook.com\\\/profile.php?id=100008943462799\",\"https:\\\/\\\/x.com\\\/bellunopress\",\"https:\\\/\\\/www.linkedin.com\\\/hp\\\/?dnr=JBzUWaJfMUw8vbXJJ2tVW5-I3jZKvC4wsoxE&amp;amp;amp;amp;amp;amp;trk=nav_responsive_tab_home\",\"https:\\\/\\\/www.youtube.com\\\/channel\\\/UCxL0wu1uN0_3_7hGG0306cw\"]},{\"@type\":\"Person\",\"@id\":\"https:\\\/\\\/www.bellunopress.it\\\/#\\\/schema\\\/person\\\/79bb06722b37ece1c03d3e94beb30d73\",\"name\":\"redazione\",\"image\":{\"@type\":\"ImageObject\",\"inLanguage\":\"fr-FR\",\"@id\":\"https:\\\/\\\/secure.gravatar.com\\\/avatar\\\/37d968a2e67a6fd04c169c4bdef102d0bc5d31b2546345219e348575eb80e9a0?s=96&d=mm&r=g\",\"url\":\"https:\\\/\\\/secure.gravatar.com\\\/avatar\\\/37d968a2e67a6fd04c169c4bdef102d0bc5d31b2546345219e348575eb80e9a0?s=96&d=mm&r=g\",\"contentUrl\":\"https:\\\/\\\/secure.gravatar.com\\\/avatar\\\/37d968a2e67a6fd04c169c4bdef102d0bc5d31b2546345219e348575eb80e9a0?s=96&d=mm&r=g\",\"caption\":\"redazione\"},\"sameAs\":[\"http:\\\/\\\/www.bellunopress.it\",\"https:\\\/\\\/x.com\\\/bellunopress\"],\"url\":\"https:\\\/\\\/www.bellunopress.it\\\/fr\\\/author\\\/redazione\\\/\"}]}<\/script>\n<!-- \/ Yoast SEO plugin. -->","yoast_head_json":{"title":"Longarone fiere Dolomiti. Aperta dal presidente nazionale Ance Paolo Buzzetti l'8va edizione di Costruire, il salone dell'edilizia e dell'abitare - Bellunopress - Dolomiti","robots":{"index":"index","follow":"follow","max-snippet":"max-snippet:-1","max-image-preview":"max-image-preview:large","max-video-preview":"max-video-preview:-1"},"canonical":"https:\/\/www.bellunopress.it\/fr\/2013\/02\/22\/longarone-fiere-dolomiti-aperta-dal-presidente-nazionale-ance-paolo-buzzetti-l8va-edizione-di-costruire-il-salone-delledilizia-e-dellabitare\/","og_locale":"fr_FR","og_type":"article","og_title":"Longarone fiere Dolomiti. Aperta dal presidente nazionale Ance Paolo Buzzetti l'8va edizione di Costruire, il salone dell'edilizia e dell'abitare - Bellunopress - Dolomiti","og_description":"\u201cCostruire\u201d non \u00e8 solo il salone dell\u2019edilizia e dell\u2019abitare, ma anche un verbo che guarda al futuro. Come l\u2019edilizia: un settore in grave difficolt\u00e0, ma che non si rassegna ed \u00e8 pronto a rimettersi in moto. \u201cLa politica dovrebbe venire qui, in queste terre di montagna per un\u2019immersione di concretezza. Forse capirebbe che regole cos\u00ec [&hellip;]","og_url":"https:\/\/www.bellunopress.it\/fr\/2013\/02\/22\/longarone-fiere-dolomiti-aperta-dal-presidente-nazionale-ance-paolo-buzzetti-l8va-edizione-di-costruire-il-salone-delledilizia-e-dellabitare\/","og_site_name":"Bellunopress - Dolomiti","article_publisher":"https:\/\/www.facebook.com\/profile.php?id=100008943462799","article_published_time":"2013-02-22T08:43:04+00:00","og_image":[{"url":"http:\/\/www.bellunopress.it\/wp-content\/uploads\/2013\/02\/taglio-nastro-costruire-longarone-fiere.jpg","type":"","width":"","height":""}],"author":"redazione","twitter_card":"summary_large_image","twitter_creator":"@bellunopress","twitter_site":"@bellunopress","twitter_misc":{"Written by":"redazione","Est. reading time":"3 minutes"},"schema":{"@context":"https:\/\/schema.org","@graph":[{"@type":"Article","@id":"https:\/\/www.bellunopress.it\/2013\/02\/22\/longarone-fiere-dolomiti-aperta-dal-presidente-nazionale-ance-paolo-buzzetti-l8va-edizione-di-costruire-il-salone-delledilizia-e-dellabitare\/#article","isPartOf":{"@id":"https:\/\/www.bellunopress.it\/2013\/02\/22\/longarone-fiere-dolomiti-aperta-dal-presidente-nazionale-ance-paolo-buzzetti-l8va-edizione-di-costruire-il-salone-delledilizia-e-dellabitare\/"},"author":{"name":"redazione","@id":"https:\/\/www.bellunopress.it\/#\/schema\/person\/79bb06722b37ece1c03d3e94beb30d73"},"headline":"Longarone fiere Dolomiti. Aperta dal presidente nazionale Ance Paolo Buzzetti l&#8217;8va edizione di Costruire, il salone dell&#8217;edilizia e dell&#8217;abitare","datePublished":"2013-02-22T08:43:04+00:00","mainEntityOfPage":{"@id":"https:\/\/www.bellunopress.it\/2013\/02\/22\/longarone-fiere-dolomiti-aperta-dal-presidente-nazionale-ance-paolo-buzzetti-l8va-edizione-di-costruire-il-salone-delledilizia-e-dellabitare\/"},"wordCount":623,"publisher":{"@id":"https:\/\/www.bellunopress.it\/#organization"},"image":{"@id":"https:\/\/www.bellunopress.it\/2013\/02\/22\/longarone-fiere-dolomiti-aperta-dal-presidente-nazionale-ance-paolo-buzzetti-l8va-edizione-di-costruire-il-salone-delledilizia-e-dellabitare\/#primaryimage"},"thumbnailUrl":"http:\/\/www.bellunopress.it\/wp-content\/uploads\/2013\/02\/taglio-nastro-costruire-longarone-fiere.jpg","articleSection":["Cronaca\/Politica","Societ\u00e0, Associazioni, Istituzioni"],"inLanguage":"fr-FR"},{"@type":"WebPage","@id":"https:\/\/www.bellunopress.it\/2013\/02\/22\/longarone-fiere-dolomiti-aperta-dal-presidente-nazionale-ance-paolo-buzzetti-l8va-edizione-di-costruire-il-salone-delledilizia-e-dellabitare\/","url":"https:\/\/www.bellunopress.it\/2013\/02\/22\/longarone-fiere-dolomiti-aperta-dal-presidente-nazionale-ance-paolo-buzzetti-l8va-edizione-di-costruire-il-salone-delledilizia-e-dellabitare\/","name":"Longarone fiere Dolomiti. Aperta dal presidente nazionale Ance Paolo Buzzetti l'8va edizione di Costruire, il salone dell'edilizia e dell'abitare - Bellunopress - Dolomiti","isPartOf":{"@id":"https:\/\/www.bellunopress.it\/#website"},"primaryImageOfPage":{"@id":"https:\/\/www.bellunopress.it\/2013\/02\/22\/longarone-fiere-dolomiti-aperta-dal-presidente-nazionale-ance-paolo-buzzetti-l8va-edizione-di-costruire-il-salone-delledilizia-e-dellabitare\/#primaryimage"},"image":{"@id":"https:\/\/www.bellunopress.it\/2013\/02\/22\/longarone-fiere-dolomiti-aperta-dal-presidente-nazionale-ance-paolo-buzzetti-l8va-edizione-di-costruire-il-salone-delledilizia-e-dellabitare\/#primaryimage"},"thumbnailUrl":"http:\/\/www.bellunopress.it\/wp-content\/uploads\/2013\/02\/taglio-nastro-costruire-longarone-fiere.jpg","datePublished":"2013-02-22T08:43:04+00:00","breadcrumb":{"@id":"https:\/\/www.bellunopress.it\/2013\/02\/22\/longarone-fiere-dolomiti-aperta-dal-presidente-nazionale-ance-paolo-buzzetti-l8va-edizione-di-costruire-il-salone-delledilizia-e-dellabitare\/#breadcrumb"},"inLanguage":"fr-FR","potentialAction":[{"@type":"ReadAction","target":["https:\/\/www.bellunopress.it\/2013\/02\/22\/longarone-fiere-dolomiti-aperta-dal-presidente-nazionale-ance-paolo-buzzetti-l8va-edizione-di-costruire-il-salone-delledilizia-e-dellabitare\/"]}]},{"@type":"ImageObject","inLanguage":"fr-FR","@id":"https:\/\/www.bellunopress.it\/2013\/02\/22\/longarone-fiere-dolomiti-aperta-dal-presidente-nazionale-ance-paolo-buzzetti-l8va-edizione-di-costruire-il-salone-delledilizia-e-dellabitare\/#primaryimage","url":"http:\/\/www.bellunopress.it\/wp-content\/uploads\/2013\/02\/taglio-nastro-costruire-longarone-fiere.jpg","contentUrl":"http:\/\/www.bellunopress.it\/wp-content\/uploads\/2013\/02\/taglio-nastro-costruire-longarone-fiere.jpg"},{"@type":"BreadcrumbList","@id":"https:\/\/www.bellunopress.it\/2013\/02\/22\/longarone-fiere-dolomiti-aperta-dal-presidente-nazionale-ance-paolo-buzzetti-l8va-edizione-di-costruire-il-salone-delledilizia-e-dellabitare\/#breadcrumb","itemListElement":[{"@type":"ListItem","position":1,"name":"Home","item":"https:\/\/www.bellunopress.it\/"},{"@type":"ListItem","position":2,"name":"Longarone fiere Dolomiti. Aperta dal presidente nazionale Ance Paolo Buzzetti l&#8217;8va edizione di Costruire, il salone dell&#8217;edilizia e dell&#8217;abitare"}]},{"@type":"WebSite","@id":"https:\/\/www.bellunopress.it\/#website","url":"https:\/\/www.bellunopress.it\/","name":"Bellunopress - Dolomiti","description":"e-mail: redazione@bellunopress.it","publisher":{"@id":"https:\/\/www.bellunopress.it\/#organization"},"potentialAction":[{"@type":"SearchAction","target":{"@type":"EntryPoint","urlTemplate":"https:\/\/www.bellunopress.it\/?s={search_term_string}"},"query-input":{"@type":"PropertyValueSpecification","valueRequired":true,"valueName":"search_term_string"}}],"inLanguage":"fr-FR"},{"@type":"Organization","@id":"https:\/\/www.bellunopress.it\/#organization","name":"Bellunopress","url":"https:\/\/www.bellunopress.it\/","logo":{"@type":"ImageObject","inLanguage":"fr-FR","@id":"https:\/\/www.bellunopress.it\/#\/schema\/logo\/image\/","url":"https:\/\/www.bellunopress.it\/wp-content\/uploads\/2011\/05\/cropped-logo-bellunopress-.jpg","contentUrl":"https:\/\/www.bellunopress.it\/wp-content\/uploads\/2011\/05\/cropped-logo-bellunopress-.jpg","width":512,"height":512,"caption":"Bellunopress"},"image":{"@id":"https:\/\/www.bellunopress.it\/#\/schema\/logo\/image\/"},"sameAs":["https:\/\/www.facebook.com\/profile.php?id=100008943462799","https:\/\/x.com\/bellunopress","https:\/\/www.linkedin.com\/hp\/?dnr=JBzUWaJfMUw8vbXJJ2tVW5-I3jZKvC4wsoxE&amp;amp;amp;amp;amp;amp;trk=nav_responsive_tab_home","https:\/\/www.youtube.com\/channel\/UCxL0wu1uN0_3_7hGG0306cw"]},{"@type":"Person","@id":"https:\/\/www.bellunopress.it\/#\/schema\/person\/79bb06722b37ece1c03d3e94beb30d73","name":"r\u00e9daction","image":{"@type":"ImageObject","inLanguage":"fr-FR","@id":"https:\/\/secure.gravatar.com\/avatar\/37d968a2e67a6fd04c169c4bdef102d0bc5d31b2546345219e348575eb80e9a0?s=96&d=mm&r=g","url":"https:\/\/secure.gravatar.com\/avatar\/37d968a2e67a6fd04c169c4bdef102d0bc5d31b2546345219e348575eb80e9a0?s=96&d=mm&r=g","contentUrl":"https:\/\/secure.gravatar.com\/avatar\/37d968a2e67a6fd04c169c4bdef102d0bc5d31b2546345219e348575eb80e9a0?s=96&d=mm&r=g","caption":"redazione"},"sameAs":["http:\/\/www.bellunopress.it","https:\/\/x.com\/bellunopress"],"url":"https:\/\/www.bellunopress.it\/fr\/author\/redazione\/"}]}},"_links":{"self":[{"href":"https:\/\/www.bellunopress.it\/fr\/wp-json\/wp\/v2\/posts\/46990","targetHints":{"allow":["GET"]}}],"collection":[{"href":"https:\/\/www.bellunopress.it\/fr\/wp-json\/wp\/v2\/posts"}],"about":[{"href":"https:\/\/www.bellunopress.it\/fr\/wp-json\/wp\/v2\/types\/post"}],"author":[{"embeddable":true,"href":"https:\/\/www.bellunopress.it\/fr\/wp-json\/wp\/v2\/users\/2"}],"replies":[{"embeddable":true,"href":"https:\/\/www.bellunopress.it\/fr\/wp-json\/wp\/v2\/comments?post=46990"}],"version-history":[{"count":1,"href":"https:\/\/www.bellunopress.it\/fr\/wp-json\/wp\/v2\/posts\/46990\/revisions"}],"predecessor-version":[{"id":46992,"href":"https:\/\/www.bellunopress.it\/fr\/wp-json\/wp\/v2\/posts\/46990\/revisions\/46992"}],"wp:attachment":[{"href":"https:\/\/www.bellunopress.it\/fr\/wp-json\/wp\/v2\/media?parent=46990"}],"wp:term":[{"taxonomy":"category","embeddable":true,"href":"https:\/\/www.bellunopress.it\/fr\/wp-json\/wp\/v2\/categories?post=46990"},{"taxonomy":"post_tag","embeddable":true,"href":"https:\/\/www.bellunopress.it\/fr\/wp-json\/wp\/v2\/tags?post=46990"}],"curies":[{"name":"wp","href":"https:\/\/api.w.org\/{rel}","templated":true}]}}