{"id":46984,"date":"2013-02-20T06:54:19","date_gmt":"2013-02-20T05:54:19","guid":{"rendered":"http:\/\/www.bellunopress.it\/?p=46984"},"modified":"2013-02-21T23:04:49","modified_gmt":"2013-02-21T22:04:49","slug":"anche-per-il-2013-nuove-specialita-dedicate-al-bellunese-da-armando-de-angelis","status":"publish","type":"post","link":"https:\/\/www.bellunopress.it\/fr\/2013\/02\/20\/anche-per-il-2013-nuove-specialita-dedicate-al-bellunese-da-armando-de-angelis\/","title":{"rendered":"Anche per il 2013 nuove specialit\u00e0 dedicate al Bellunese da Armando De Angelis"},"content":{"rendered":"<p>Armando De Angelis chiude il 2012 con un giro di affari pari a 23,5 milioni di euro, cifra che con ogni probabilit\u00e0 verr\u00e0 incrementata del 20% per fine 2013. Una crescita molto positiva per il pastificio veronese, che ha trovato conferme ed incrementi molto soddisfacenti anche sul mercato delle Dolomiti, con Cortina e i suoi rinomati hotels e ristoranti in principio.<\/p>\n<p>Grazie ad alcune specialit\u00e0 create dall&#8217;azienda veronese, destinate a queste zone, la clientela ha compreso in maniera molto positiva l&#8217;importanza di una pasta ripiena che sposa alla perfezione ingredienti e miscele tipicamente montane. Mediante i nomi \u201cArmando De Angelis\u201d e \u201cPi\u00f9 Voglia\u201d, la societ\u00e0 scaligera si rivolge anche al comparto del conto terzi, e delle pizza fresca \u201cI Piaceri del Forno\u201d. e, si sta internazionalizzando sempre pi\u00f9, in tutta Europa, ad esempio, cos\u00ec da essere presente in questo settore con il 18% ( circa \u20ac.4.200.000,00 ) dei ricavi nel corso del 2012, contro il 6% dell\u2019anno precedente.<\/p>\n<p><a href=\"http:\/\/www.bellunopress.it\/wp-content\/uploads\/2013\/02\/emanuele-attanasio-direttore-generale-Armando-De-Angelis-di-Villafranca.jpg\"><img loading=\"lazy\" decoding=\"async\" class=\"alignleft size-full wp-image-46985\" alt=\"emanuele attanasio - direttore generale Armando De Angelis di Villafranca\" src=\"http:\/\/www.bellunopress.it\/wp-content\/uploads\/2013\/02\/emanuele-attanasio-direttore-generale-Armando-De-Angelis-di-Villafranca.jpg\" width=\"270\" height=\"203\" \/><\/a>\u201cImpianti produttivi che lavorano a pieno regime\u201d, spiega Emanuele Attanasio, direttore generale del pastificio De Angelis, \u201c e tanta passione per questo mestiere ci permettono di sognare, tanto che abbiamo in previsione di portare le 8.500 tonnellate di pasta del 2012 a circa 12.000 per l\u2019anno da poco cominciato, suddivise nel 60% relativo al comparto ripieno e il restante 40% da attribuire alla pasta fresca. Con la maggiore internazionalizzazione della societ\u00e0, abbiamo intenzione di lanciare anche all&#8217;estero nuove tipologie di ripieno &#8220;alla cortinese&#8221;, seguendo anche antiche ricette dolomitiche che chiunque pu\u00f2 inviarci anche tramite mail&#8221;.<\/p>\n<p>L\u2019azienda veronese, che sar\u00e0 presente anche all\u2019interno di numerose fiere in Italia e all\u2019estero, proprio iniziando da Tuttofood nella citt\u00e0 del Duomo durante il mese di maggio, ha in programma anche alcune operazioni commerciali proprio nella zona di Cortina e di Belluno, citt\u00e0 dove sta registrando ottime percentuali di vendite relative al marchio &#8220;Pi\u00f9 Voglia&#8221;.<\/p>\n<p>&nbsp;<\/p>","protected":false},"excerpt":{"rendered":"<p>Armando De Angelis chiude il 2012 con un giro di affari pari a 23,5 milioni di euro, cifra che con ogni probabilit\u00e0 verr\u00e0 incrementata del 20% per fine 2013. Una crescita molto positiva per il pastificio veronese, che ha trovato conferme ed incrementi molto soddisfacenti anche sul mercato delle Dolomiti, con Cortina e i suoi [&hellip;]<\/p>\n","protected":false},"author":2,"featured_media":0,"comment_status":"closed","ping_status":"open","sticky":false,"template":"","format":"standard","meta":{"footnotes":""},"categories":[25,50,8],"tags":[],"class_list":["post-46984","post","type-post","status-publish","format-standard","category-pausa-caffe","category-pubbliredazionali","category-societa-istituzioni"],"yoast_head":"<!-- This site is optimized with the Yoast SEO plugin v28.4 - https:\/\/yoast.com\/product\/yoast-seo-wordpress\/ -->\n<title>Anche per il 2013 nuove specialit\u00e0 dedicate al Bellunese da Armando De Angelis  - Bellunopress - Dolomiti<\/title>\n<meta name=\"robots\" content=\"index, follow, max-snippet:-1, max-image-preview:large, max-video-preview:-1\" \/>\n<link rel=\"canonical\" href=\"https:\/\/www.bellunopress.it\/fr\/2013\/02\/20\/anche-per-il-2013-nuove-specialita-dedicate-al-bellunese-da-armando-de-angelis\/\" \/>\n<meta property=\"og:locale\" content=\"fr_FR\" \/>\n<meta property=\"og:type\" content=\"article\" \/>\n<meta property=\"og:title\" content=\"Anche per il 2013 nuove specialit\u00e0 dedicate al Bellunese da Armando De Angelis  - Bellunopress - Dolomiti\" \/>\n<meta property=\"og:description\" content=\"Armando De Angelis chiude il 2012 con un giro di affari pari a 23,5 milioni di euro, cifra che con ogni probabilit\u00e0 verr\u00e0 incrementata del 20% per fine 2013. Una crescita molto positiva per il pastificio veronese, che ha trovato conferme ed incrementi molto soddisfacenti anche sul mercato delle Dolomiti, con Cortina e i suoi [&hellip;]\" \/>\n<meta property=\"og:url\" content=\"https:\/\/www.bellunopress.it\/fr\/2013\/02\/20\/anche-per-il-2013-nuove-specialita-dedicate-al-bellunese-da-armando-de-angelis\/\" \/>\n<meta property=\"og:site_name\" content=\"Bellunopress - Dolomiti\" \/>\n<meta property=\"article:publisher\" content=\"https:\/\/www.facebook.com\/profile.php?id=100008943462799\" \/>\n<meta property=\"article:published_time\" content=\"2013-02-20T05:54:19+00:00\" \/>\n<meta property=\"article:modified_time\" content=\"2013-02-21T22:04:49+00:00\" \/>\n<meta property=\"og:image\" content=\"http:\/\/www.bellunopress.it\/wp-content\/uploads\/2013\/02\/emanuele-attanasio-direttore-generale-Armando-De-Angelis-di-Villafranca.jpg\" \/>\n<meta name=\"author\" content=\"redazione\" \/>\n<meta name=\"twitter:card\" content=\"summary_large_image\" \/>\n<meta name=\"twitter:creator\" content=\"@bellunopress\" \/>\n<meta name=\"twitter:site\" content=\"@bellunopress\" \/>\n<meta name=\"twitter:label1\" content=\"\u00c9crit par\" \/>\n\t<meta name=\"twitter:data1\" content=\"redazione\" \/>\n\t<meta name=\"twitter:label2\" content=\"Dur\u00e9e de lecture estim\u00e9e\" \/>\n\t<meta name=\"twitter:data2\" content=\"1 minute\" \/>\n<script type=\"application\/ld+json\" class=\"yoast-schema-graph\">{\"@context\":\"https:\\\/\\\/schema.org\",\"@graph\":[{\"@type\":\"Article\",\"@id\":\"https:\\\/\\\/www.bellunopress.it\\\/2013\\\/02\\\/20\\\/anche-per-il-2013-nuove-specialita-dedicate-al-bellunese-da-armando-de-angelis\\\/#article\",\"isPartOf\":{\"@id\":\"https:\\\/\\\/www.bellunopress.it\\\/2013\\\/02\\\/20\\\/anche-per-il-2013-nuove-specialita-dedicate-al-bellunese-da-armando-de-angelis\\\/\"},\"author\":{\"name\":\"redazione\",\"@id\":\"https:\\\/\\\/www.bellunopress.it\\\/#\\\/schema\\\/person\\\/79bb06722b37ece1c03d3e94beb30d73\"},\"headline\":\"Anche per il 2013 nuove specialit\u00e0 dedicate al Bellunese da Armando De Angelis\",\"datePublished\":\"2013-02-20T05:54:19+00:00\",\"dateModified\":\"2013-02-21T22:04:49+00:00\",\"mainEntityOfPage\":{\"@id\":\"https:\\\/\\\/www.bellunopress.it\\\/2013\\\/02\\\/20\\\/anche-per-il-2013-nuove-specialita-dedicate-al-bellunese-da-armando-de-angelis\\\/\"},\"wordCount\":313,\"publisher\":{\"@id\":\"https:\\\/\\\/www.bellunopress.it\\\/#organization\"},\"image\":{\"@id\":\"https:\\\/\\\/www.bellunopress.it\\\/2013\\\/02\\\/20\\\/anche-per-il-2013-nuove-specialita-dedicate-al-bellunese-da-armando-de-angelis\\\/#primaryimage\"},\"thumbnailUrl\":\"http:\\\/\\\/www.bellunopress.it\\\/wp-content\\\/uploads\\\/2013\\\/02\\\/emanuele-attanasio-direttore-generale-Armando-De-Angelis-di-Villafranca.jpg\",\"articleSection\":[\"Pausa Caff\u00e8\",\"Pubbliredazionali\",\"Societ\u00e0, Associazioni, Istituzioni\"],\"inLanguage\":\"fr-FR\"},{\"@type\":\"WebPage\",\"@id\":\"https:\\\/\\\/www.bellunopress.it\\\/2013\\\/02\\\/20\\\/anche-per-il-2013-nuove-specialita-dedicate-al-bellunese-da-armando-de-angelis\\\/\",\"url\":\"https:\\\/\\\/www.bellunopress.it\\\/2013\\\/02\\\/20\\\/anche-per-il-2013-nuove-specialita-dedicate-al-bellunese-da-armando-de-angelis\\\/\",\"name\":\"Anche per il 2013 nuove specialit\u00e0 dedicate al Bellunese da Armando De Angelis - Bellunopress - Dolomiti\",\"isPartOf\":{\"@id\":\"https:\\\/\\\/www.bellunopress.it\\\/#website\"},\"primaryImageOfPage\":{\"@id\":\"https:\\\/\\\/www.bellunopress.it\\\/2013\\\/02\\\/20\\\/anche-per-il-2013-nuove-specialita-dedicate-al-bellunese-da-armando-de-angelis\\\/#primaryimage\"},\"image\":{\"@id\":\"https:\\\/\\\/www.bellunopress.it\\\/2013\\\/02\\\/20\\\/anche-per-il-2013-nuove-specialita-dedicate-al-bellunese-da-armando-de-angelis\\\/#primaryimage\"},\"thumbnailUrl\":\"http:\\\/\\\/www.bellunopress.it\\\/wp-content\\\/uploads\\\/2013\\\/02\\\/emanuele-attanasio-direttore-generale-Armando-De-Angelis-di-Villafranca.jpg\",\"datePublished\":\"2013-02-20T05:54:19+00:00\",\"dateModified\":\"2013-02-21T22:04:49+00:00\",\"breadcrumb\":{\"@id\":\"https:\\\/\\\/www.bellunopress.it\\\/2013\\\/02\\\/20\\\/anche-per-il-2013-nuove-specialita-dedicate-al-bellunese-da-armando-de-angelis\\\/#breadcrumb\"},\"inLanguage\":\"fr-FR\",\"potentialAction\":[{\"@type\":\"ReadAction\",\"target\":[\"https:\\\/\\\/www.bellunopress.it\\\/2013\\\/02\\\/20\\\/anche-per-il-2013-nuove-specialita-dedicate-al-bellunese-da-armando-de-angelis\\\/\"]}]},{\"@type\":\"ImageObject\",\"inLanguage\":\"fr-FR\",\"@id\":\"https:\\\/\\\/www.bellunopress.it\\\/2013\\\/02\\\/20\\\/anche-per-il-2013-nuove-specialita-dedicate-al-bellunese-da-armando-de-angelis\\\/#primaryimage\",\"url\":\"http:\\\/\\\/www.bellunopress.it\\\/wp-content\\\/uploads\\\/2013\\\/02\\\/emanuele-attanasio-direttore-generale-Armando-De-Angelis-di-Villafranca.jpg\",\"contentUrl\":\"http:\\\/\\\/www.bellunopress.it\\\/wp-content\\\/uploads\\\/2013\\\/02\\\/emanuele-attanasio-direttore-generale-Armando-De-Angelis-di-Villafranca.jpg\"},{\"@type\":\"BreadcrumbList\",\"@id\":\"https:\\\/\\\/www.bellunopress.it\\\/2013\\\/02\\\/20\\\/anche-per-il-2013-nuove-specialita-dedicate-al-bellunese-da-armando-de-angelis\\\/#breadcrumb\",\"itemListElement\":[{\"@type\":\"ListItem\",\"position\":1,\"name\":\"Home\",\"item\":\"https:\\\/\\\/www.bellunopress.it\\\/\"},{\"@type\":\"ListItem\",\"position\":2,\"name\":\"Anche per il 2013 nuove specialit\u00e0 dedicate al Bellunese da Armando De Angelis\"}]},{\"@type\":\"WebSite\",\"@id\":\"https:\\\/\\\/www.bellunopress.it\\\/#website\",\"url\":\"https:\\\/\\\/www.bellunopress.it\\\/\",\"name\":\"Bellunopress - Dolomiti\",\"description\":\"e-mail: redazione@bellunopress.it\",\"publisher\":{\"@id\":\"https:\\\/\\\/www.bellunopress.it\\\/#organization\"},\"potentialAction\":[{\"@type\":\"SearchAction\",\"target\":{\"@type\":\"EntryPoint\",\"urlTemplate\":\"https:\\\/\\\/www.bellunopress.it\\\/?s={search_term_string}\"},\"query-input\":{\"@type\":\"PropertyValueSpecification\",\"valueRequired\":true,\"valueName\":\"search_term_string\"}}],\"inLanguage\":\"fr-FR\"},{\"@type\":\"Organization\",\"@id\":\"https:\\\/\\\/www.bellunopress.it\\\/#organization\",\"name\":\"Bellunopress\",\"url\":\"https:\\\/\\\/www.bellunopress.it\\\/\",\"logo\":{\"@type\":\"ImageObject\",\"inLanguage\":\"fr-FR\",\"@id\":\"https:\\\/\\\/www.bellunopress.it\\\/#\\\/schema\\\/logo\\\/image\\\/\",\"url\":\"https:\\\/\\\/www.bellunopress.it\\\/wp-content\\\/uploads\\\/2011\\\/05\\\/cropped-logo-bellunopress-.jpg\",\"contentUrl\":\"https:\\\/\\\/www.bellunopress.it\\\/wp-content\\\/uploads\\\/2011\\\/05\\\/cropped-logo-bellunopress-.jpg\",\"width\":512,\"height\":512,\"caption\":\"Bellunopress\"},\"image\":{\"@id\":\"https:\\\/\\\/www.bellunopress.it\\\/#\\\/schema\\\/logo\\\/image\\\/\"},\"sameAs\":[\"https:\\\/\\\/www.facebook.com\\\/profile.php?id=100008943462799\",\"https:\\\/\\\/x.com\\\/bellunopress\",\"https:\\\/\\\/www.linkedin.com\\\/hp\\\/?dnr=JBzUWaJfMUw8vbXJJ2tVW5-I3jZKvC4wsoxE&amp;amp;amp;amp;amp;amp;trk=nav_responsive_tab_home\",\"https:\\\/\\\/www.youtube.com\\\/channel\\\/UCxL0wu1uN0_3_7hGG0306cw\"]},{\"@type\":\"Person\",\"@id\":\"https:\\\/\\\/www.bellunopress.it\\\/#\\\/schema\\\/person\\\/79bb06722b37ece1c03d3e94beb30d73\",\"name\":\"redazione\",\"image\":{\"@type\":\"ImageObject\",\"inLanguage\":\"fr-FR\",\"@id\":\"https:\\\/\\\/secure.gravatar.com\\\/avatar\\\/37d968a2e67a6fd04c169c4bdef102d0bc5d31b2546345219e348575eb80e9a0?s=96&d=mm&r=g\",\"url\":\"https:\\\/\\\/secure.gravatar.com\\\/avatar\\\/37d968a2e67a6fd04c169c4bdef102d0bc5d31b2546345219e348575eb80e9a0?s=96&d=mm&r=g\",\"contentUrl\":\"https:\\\/\\\/secure.gravatar.com\\\/avatar\\\/37d968a2e67a6fd04c169c4bdef102d0bc5d31b2546345219e348575eb80e9a0?s=96&d=mm&r=g\",\"caption\":\"redazione\"},\"sameAs\":[\"http:\\\/\\\/www.bellunopress.it\",\"https:\\\/\\\/x.com\\\/bellunopress\"],\"url\":\"https:\\\/\\\/www.bellunopress.it\\\/fr\\\/author\\\/redazione\\\/\"}]}<\/script>\n<!-- \/ Yoast SEO plugin. -->","yoast_head_json":{"title":"Anche per il 2013 nuove specialit\u00e0 dedicate al Bellunese da Armando De Angelis  - Bellunopress - Dolomiti","robots":{"index":"index","follow":"follow","max-snippet":"max-snippet:-1","max-image-preview":"max-image-preview:large","max-video-preview":"max-video-preview:-1"},"canonical":"https:\/\/www.bellunopress.it\/fr\/2013\/02\/20\/anche-per-il-2013-nuove-specialita-dedicate-al-bellunese-da-armando-de-angelis\/","og_locale":"fr_FR","og_type":"article","og_title":"Anche per il 2013 nuove specialit\u00e0 dedicate al Bellunese da Armando De Angelis  - Bellunopress - Dolomiti","og_description":"Armando De Angelis chiude il 2012 con un giro di affari pari a 23,5 milioni di euro, cifra che con ogni probabilit\u00e0 verr\u00e0 incrementata del 20% per fine 2013. Una crescita molto positiva per il pastificio veronese, che ha trovato conferme ed incrementi molto soddisfacenti anche sul mercato delle Dolomiti, con Cortina e i suoi [&hellip;]","og_url":"https:\/\/www.bellunopress.it\/fr\/2013\/02\/20\/anche-per-il-2013-nuove-specialita-dedicate-al-bellunese-da-armando-de-angelis\/","og_site_name":"Bellunopress - Dolomiti","article_publisher":"https:\/\/www.facebook.com\/profile.php?id=100008943462799","article_published_time":"2013-02-20T05:54:19+00:00","article_modified_time":"2013-02-21T22:04:49+00:00","og_image":[{"url":"http:\/\/www.bellunopress.it\/wp-content\/uploads\/2013\/02\/emanuele-attanasio-direttore-generale-Armando-De-Angelis-di-Villafranca.jpg","type":"","width":"","height":""}],"author":"redazione","twitter_card":"summary_large_image","twitter_creator":"@bellunopress","twitter_site":"@bellunopress","twitter_misc":{"\u00c9crit par":"redazione","Dur\u00e9e de lecture estim\u00e9e":"1 minute"},"schema":{"@context":"https:\/\/schema.org","@graph":[{"@type":"Article","@id":"https:\/\/www.bellunopress.it\/2013\/02\/20\/anche-per-il-2013-nuove-specialita-dedicate-al-bellunese-da-armando-de-angelis\/#article","isPartOf":{"@id":"https:\/\/www.bellunopress.it\/2013\/02\/20\/anche-per-il-2013-nuove-specialita-dedicate-al-bellunese-da-armando-de-angelis\/"},"author":{"name":"redazione","@id":"https:\/\/www.bellunopress.it\/#\/schema\/person\/79bb06722b37ece1c03d3e94beb30d73"},"headline":"Anche per il 2013 nuove specialit\u00e0 dedicate al Bellunese da Armando De Angelis","datePublished":"2013-02-20T05:54:19+00:00","dateModified":"2013-02-21T22:04:49+00:00","mainEntityOfPage":{"@id":"https:\/\/www.bellunopress.it\/2013\/02\/20\/anche-per-il-2013-nuove-specialita-dedicate-al-bellunese-da-armando-de-angelis\/"},"wordCount":313,"publisher":{"@id":"https:\/\/www.bellunopress.it\/#organization"},"image":{"@id":"https:\/\/www.bellunopress.it\/2013\/02\/20\/anche-per-il-2013-nuove-specialita-dedicate-al-bellunese-da-armando-de-angelis\/#primaryimage"},"thumbnailUrl":"http:\/\/www.bellunopress.it\/wp-content\/uploads\/2013\/02\/emanuele-attanasio-direttore-generale-Armando-De-Angelis-di-Villafranca.jpg","articleSection":["Pausa Caff\u00e8","Pubbliredazionali","Societ\u00e0, Associazioni, Istituzioni"],"inLanguage":"fr-FR"},{"@type":"WebPage","@id":"https:\/\/www.bellunopress.it\/2013\/02\/20\/anche-per-il-2013-nuove-specialita-dedicate-al-bellunese-da-armando-de-angelis\/","url":"https:\/\/www.bellunopress.it\/2013\/02\/20\/anche-per-il-2013-nuove-specialita-dedicate-al-bellunese-da-armando-de-angelis\/","name":"Anche per il 2013 nuove specialit\u00e0 dedicate al Bellunese da Armando De Angelis - Bellunopress - Dolomiti","isPartOf":{"@id":"https:\/\/www.bellunopress.it\/#website"},"primaryImageOfPage":{"@id":"https:\/\/www.bellunopress.it\/2013\/02\/20\/anche-per-il-2013-nuove-specialita-dedicate-al-bellunese-da-armando-de-angelis\/#primaryimage"},"image":{"@id":"https:\/\/www.bellunopress.it\/2013\/02\/20\/anche-per-il-2013-nuove-specialita-dedicate-al-bellunese-da-armando-de-angelis\/#primaryimage"},"thumbnailUrl":"http:\/\/www.bellunopress.it\/wp-content\/uploads\/2013\/02\/emanuele-attanasio-direttore-generale-Armando-De-Angelis-di-Villafranca.jpg","datePublished":"2013-02-20T05:54:19+00:00","dateModified":"2013-02-21T22:04:49+00:00","breadcrumb":{"@id":"https:\/\/www.bellunopress.it\/2013\/02\/20\/anche-per-il-2013-nuove-specialita-dedicate-al-bellunese-da-armando-de-angelis\/#breadcrumb"},"inLanguage":"fr-FR","potentialAction":[{"@type":"ReadAction","target":["https:\/\/www.bellunopress.it\/2013\/02\/20\/anche-per-il-2013-nuove-specialita-dedicate-al-bellunese-da-armando-de-angelis\/"]}]},{"@type":"ImageObject","inLanguage":"fr-FR","@id":"https:\/\/www.bellunopress.it\/2013\/02\/20\/anche-per-il-2013-nuove-specialita-dedicate-al-bellunese-da-armando-de-angelis\/#primaryimage","url":"http:\/\/www.bellunopress.it\/wp-content\/uploads\/2013\/02\/emanuele-attanasio-direttore-generale-Armando-De-Angelis-di-Villafranca.jpg","contentUrl":"http:\/\/www.bellunopress.it\/wp-content\/uploads\/2013\/02\/emanuele-attanasio-direttore-generale-Armando-De-Angelis-di-Villafranca.jpg"},{"@type":"BreadcrumbList","@id":"https:\/\/www.bellunopress.it\/2013\/02\/20\/anche-per-il-2013-nuove-specialita-dedicate-al-bellunese-da-armando-de-angelis\/#breadcrumb","itemListElement":[{"@type":"ListItem","position":1,"name":"Home","item":"https:\/\/www.bellunopress.it\/"},{"@type":"ListItem","position":2,"name":"Anche per il 2013 nuove specialit\u00e0 dedicate al Bellunese da Armando De Angelis"}]},{"@type":"WebSite","@id":"https:\/\/www.bellunopress.it\/#website","url":"https:\/\/www.bellunopress.it\/","name":"Bellunopress - Dolomiti","description":"e-mail: redazione@bellunopress.it","publisher":{"@id":"https:\/\/www.bellunopress.it\/#organization"},"potentialAction":[{"@type":"SearchAction","target":{"@type":"EntryPoint","urlTemplate":"https:\/\/www.bellunopress.it\/?s={search_term_string}"},"query-input":{"@type":"PropertyValueSpecification","valueRequired":true,"valueName":"search_term_string"}}],"inLanguage":"fr-FR"},{"@type":"Organization","@id":"https:\/\/www.bellunopress.it\/#organization","name":"Bellunopress","url":"https:\/\/www.bellunopress.it\/","logo":{"@type":"ImageObject","inLanguage":"fr-FR","@id":"https:\/\/www.bellunopress.it\/#\/schema\/logo\/image\/","url":"https:\/\/www.bellunopress.it\/wp-content\/uploads\/2011\/05\/cropped-logo-bellunopress-.jpg","contentUrl":"https:\/\/www.bellunopress.it\/wp-content\/uploads\/2011\/05\/cropped-logo-bellunopress-.jpg","width":512,"height":512,"caption":"Bellunopress"},"image":{"@id":"https:\/\/www.bellunopress.it\/#\/schema\/logo\/image\/"},"sameAs":["https:\/\/www.facebook.com\/profile.php?id=100008943462799","https:\/\/x.com\/bellunopress","https:\/\/www.linkedin.com\/hp\/?dnr=JBzUWaJfMUw8vbXJJ2tVW5-I3jZKvC4wsoxE&amp;amp;amp;amp;amp;amp;trk=nav_responsive_tab_home","https:\/\/www.youtube.com\/channel\/UCxL0wu1uN0_3_7hGG0306cw"]},{"@type":"Person","@id":"https:\/\/www.bellunopress.it\/#\/schema\/person\/79bb06722b37ece1c03d3e94beb30d73","name":"r\u00e9daction","image":{"@type":"ImageObject","inLanguage":"fr-FR","@id":"https:\/\/secure.gravatar.com\/avatar\/37d968a2e67a6fd04c169c4bdef102d0bc5d31b2546345219e348575eb80e9a0?s=96&d=mm&r=g","url":"https:\/\/secure.gravatar.com\/avatar\/37d968a2e67a6fd04c169c4bdef102d0bc5d31b2546345219e348575eb80e9a0?s=96&d=mm&r=g","contentUrl":"https:\/\/secure.gravatar.com\/avatar\/37d968a2e67a6fd04c169c4bdef102d0bc5d31b2546345219e348575eb80e9a0?s=96&d=mm&r=g","caption":"redazione"},"sameAs":["http:\/\/www.bellunopress.it","https:\/\/x.com\/bellunopress"],"url":"https:\/\/www.bellunopress.it\/fr\/author\/redazione\/"}]}},"_links":{"self":[{"href":"https:\/\/www.bellunopress.it\/fr\/wp-json\/wp\/v2\/posts\/46984","targetHints":{"allow":["GET"]}}],"collection":[{"href":"https:\/\/www.bellunopress.it\/fr\/wp-json\/wp\/v2\/posts"}],"about":[{"href":"https:\/\/www.bellunopress.it\/fr\/wp-json\/wp\/v2\/types\/post"}],"author":[{"embeddable":true,"href":"https:\/\/www.bellunopress.it\/fr\/wp-json\/wp\/v2\/users\/2"}],"replies":[{"embeddable":true,"href":"https:\/\/www.bellunopress.it\/fr\/wp-json\/wp\/v2\/comments?post=46984"}],"version-history":[{"count":2,"href":"https:\/\/www.bellunopress.it\/fr\/wp-json\/wp\/v2\/posts\/46984\/revisions"}],"predecessor-version":[{"id":46987,"href":"https:\/\/www.bellunopress.it\/fr\/wp-json\/wp\/v2\/posts\/46984\/revisions\/46987"}],"wp:attachment":[{"href":"https:\/\/www.bellunopress.it\/fr\/wp-json\/wp\/v2\/media?parent=46984"}],"wp:term":[{"taxonomy":"category","embeddable":true,"href":"https:\/\/www.bellunopress.it\/fr\/wp-json\/wp\/v2\/categories?post=46984"},{"taxonomy":"post_tag","embeddable":true,"href":"https:\/\/www.bellunopress.it\/fr\/wp-json\/wp\/v2\/tags?post=46984"}],"curies":[{"name":"wp","href":"https:\/\/api.w.org\/{rel}","templated":true}]}}