{"id":4698,"date":"2009-06-10T20:34:59","date_gmt":"2009-06-10T19:34:59","guid":{"rendered":"http:\/\/www.bellunopress.it\/?p=4698"},"modified":"2009-06-10T20:34:59","modified_gmt":"2009-06-10T19:34:59","slug":"lultimo-saluto-a-giuliano-de-marchi-nel-duomo-gremito","status":"publish","type":"post","link":"https:\/\/www.bellunopress.it\/fr\/2009\/06\/10\/lultimo-saluto-a-giuliano-de-marchi-nel-duomo-gremito\/","title":{"rendered":"L&#8217;ultimo saluto a Giuliano De Marchi nel Duomo gremito"},"content":{"rendered":"<p><a href=\"http:\/\/www.bellunopress.it\/wp-content\/uploads\/2009\/06\/giuliano-de-marchi.jpg\"><img loading=\"lazy\" decoding=\"async\" class=\"alignleft size-medium wp-image-4537\" title=\"giuliano-de-marchi\" src=\"http:\/\/www.bellunopress.it\/wp-content\/uploads\/2009\/06\/giuliano-de-marchi.jpg\" alt=\"\" width=\"104\" height=\"104\" \/><\/a>Si sono svolti oggi pomeriggio nella cattedrale di Belluno i funerali di Giuliano De Marchi, il medico-alpinista bellunese che ha perso la vita in un incidente nell&#8217;Antelao alcuni giorni fa. Durante l&#8217;omelia funebre il parroco di Levego e Sagrogna don Rinaldo Ottone ha ricordato la figura di De Marchi: \u00abGiuliano era un uomo che nel momento del pericolo sorprendeva: quando tutti tremavano lui sfoderava una calma incomprensibile, che gli ha permesso di uscire da circostanze difficili\u00bb. La scoperta della montagna e la solitudine dei ghiacciai nelle parole del sacerdote diventano la metafora della nostra anima. E della montagna di Dio, dove sale chi ha fame di giustizia e gli operatori di pace, per una \u201cindimenticabile scalata\u201d. Al rito funebre, oltre ai familiari c&#8217;erano le autorit\u00e0, i volontari del Soccorso alpino, il Coro Cai, e numerosi alpinisti. Fausto De Stefani in chiesa ha detto \u00absiamo tutti debitori nei confronti di Giuliano, per la sua sobriet\u00e0. Ed io pi\u00f9 di tutti se sono qui oggi\u00bb alludendo al prezioso contributo di Giuliano De Marchi che gli salv\u00f2 la vita. All&#8217;uscita, Manrico Dall&#8217;Agnola preferisce ricordare i momenti felici: \u00abun amico nella vita! Abbiamo passato insieme pi\u00f9 ore al tavolo a festeggiare, che in montagna\u00bb. Alessandro Masucci, anche lui alpinista, ha conosciuto Giuliano De Marchi pi\u00f9 di 40 anni fa, e due giorni prima della sua scomparsa era a cena con lui. Nel &#8217;96 si sono sposati lo stesso giorno facendosi da testimone reciprocamente. \u00abGiuliano era un uomo di cultura e dai mille interessi, si trovava ovunque a suo agio. Amava gli animali, gli uccelli che conosceva perfettamente, era appassionato di astronomia, conosceva le costellazioni, e amava anche il mare, era un bravo nuotatore\u00bb.<\/p>","protected":false},"excerpt":{"rendered":"<p>Si sono svolti oggi pomeriggio nella cattedrale di Belluno i funerali di Giuliano De Marchi, il medico-alpinista bellunese che ha perso la vita in un incidente nell&#8217;Antelao alcuni giorni fa. Durante l&#8217;omelia funebre il parroco di Levego e Sagrogna don Rinaldo Ottone ha ricordato la figura di De Marchi: \u00abGiuliano era un uomo che nel [&hellip;]<\/p>\n","protected":false},"author":2,"featured_media":0,"comment_status":"closed","ping_status":"open","sticky":false,"template":"","format":"standard","meta":{"footnotes":""},"categories":[5,26],"tags":[139],"class_list":["post-4698","post","type-post","status-publish","format-standard","category-cronaca","category-prima-pagina","tag-belluno"],"yoast_head":"<!-- This site is optimized with the Yoast SEO plugin v28.4 - https:\/\/yoast.com\/product\/yoast-seo-wordpress\/ -->\n<title>L&#039;ultimo saluto a Giuliano De Marchi nel Duomo gremito  - Bellunopress - Dolomiti<\/title>\n<meta name=\"robots\" content=\"index, follow, max-snippet:-1, max-image-preview:large, max-video-preview:-1\" \/>\n<link rel=\"canonical\" href=\"https:\/\/www.bellunopress.it\/fr\/2009\/06\/10\/lultimo-saluto-a-giuliano-de-marchi-nel-duomo-gremito\/\" \/>\n<meta property=\"og:locale\" content=\"fr_FR\" \/>\n<meta property=\"og:type\" content=\"article\" \/>\n<meta property=\"og:title\" content=\"L&#039;ultimo saluto a Giuliano De Marchi nel Duomo gremito  - Bellunopress - Dolomiti\" \/>\n<meta property=\"og:description\" content=\"Si sono svolti oggi pomeriggio nella cattedrale di Belluno i funerali di Giuliano De Marchi, il medico-alpinista bellunese che ha perso la vita in un incidente nell&#8217;Antelao alcuni giorni fa. Durante l&#8217;omelia funebre il parroco di Levego e Sagrogna don Rinaldo Ottone ha ricordato la figura di De Marchi: \u00abGiuliano era un uomo che nel [&hellip;]\" \/>\n<meta property=\"og:url\" content=\"https:\/\/www.bellunopress.it\/fr\/2009\/06\/10\/lultimo-saluto-a-giuliano-de-marchi-nel-duomo-gremito\/\" \/>\n<meta property=\"og:site_name\" content=\"Bellunopress - Dolomiti\" \/>\n<meta property=\"article:publisher\" content=\"https:\/\/www.facebook.com\/profile.php?id=100008943462799\" \/>\n<meta property=\"article:published_time\" content=\"2009-06-10T19:34:59+00:00\" \/>\n<meta property=\"og:image\" content=\"http:\/\/www.bellunopress.it\/wp-content\/uploads\/2009\/06\/giuliano-de-marchi.jpg\" \/>\n<meta name=\"author\" content=\"redazione\" \/>\n<meta name=\"twitter:card\" content=\"summary_large_image\" \/>\n<meta name=\"twitter:creator\" content=\"@bellunopress\" \/>\n<meta name=\"twitter:site\" content=\"@bellunopress\" \/>\n<meta name=\"twitter:label1\" content=\"\u00c9crit par\" \/>\n\t<meta name=\"twitter:data1\" content=\"redazione\" \/>\n\t<meta name=\"twitter:label2\" content=\"Dur\u00e9e de lecture estim\u00e9e\" \/>\n\t<meta name=\"twitter:data2\" content=\"1 minute\" \/>\n<script type=\"application\/ld+json\" class=\"yoast-schema-graph\">{\"@context\":\"https:\\\/\\\/schema.org\",\"@graph\":[{\"@type\":\"Article\",\"@id\":\"https:\\\/\\\/www.bellunopress.it\\\/2009\\\/06\\\/10\\\/lultimo-saluto-a-giuliano-de-marchi-nel-duomo-gremito\\\/#article\",\"isPartOf\":{\"@id\":\"https:\\\/\\\/www.bellunopress.it\\\/2009\\\/06\\\/10\\\/lultimo-saluto-a-giuliano-de-marchi-nel-duomo-gremito\\\/\"},\"author\":{\"name\":\"redazione\",\"@id\":\"https:\\\/\\\/www.bellunopress.it\\\/#\\\/schema\\\/person\\\/79bb06722b37ece1c03d3e94beb30d73\"},\"headline\":\"L&#8217;ultimo saluto a Giuliano De Marchi nel Duomo gremito\",\"datePublished\":\"2009-06-10T19:34:59+00:00\",\"mainEntityOfPage\":{\"@id\":\"https:\\\/\\\/www.bellunopress.it\\\/2009\\\/06\\\/10\\\/lultimo-saluto-a-giuliano-de-marchi-nel-duomo-gremito\\\/\"},\"wordCount\":292,\"publisher\":{\"@id\":\"https:\\\/\\\/www.bellunopress.it\\\/#organization\"},\"image\":{\"@id\":\"https:\\\/\\\/www.bellunopress.it\\\/2009\\\/06\\\/10\\\/lultimo-saluto-a-giuliano-de-marchi-nel-duomo-gremito\\\/#primaryimage\"},\"thumbnailUrl\":\"http:\\\/\\\/www.bellunopress.it\\\/wp-content\\\/uploads\\\/2009\\\/06\\\/giuliano-de-marchi.jpg\",\"keywords\":[\"Belluno\"],\"articleSection\":[\"Cronaca\\\/Politica\",\"Prima Pagina\"],\"inLanguage\":\"fr-FR\"},{\"@type\":\"WebPage\",\"@id\":\"https:\\\/\\\/www.bellunopress.it\\\/2009\\\/06\\\/10\\\/lultimo-saluto-a-giuliano-de-marchi-nel-duomo-gremito\\\/\",\"url\":\"https:\\\/\\\/www.bellunopress.it\\\/2009\\\/06\\\/10\\\/lultimo-saluto-a-giuliano-de-marchi-nel-duomo-gremito\\\/\",\"name\":\"L'ultimo saluto a Giuliano De Marchi nel Duomo gremito - Bellunopress - Dolomiti\",\"isPartOf\":{\"@id\":\"https:\\\/\\\/www.bellunopress.it\\\/#website\"},\"primaryImageOfPage\":{\"@id\":\"https:\\\/\\\/www.bellunopress.it\\\/2009\\\/06\\\/10\\\/lultimo-saluto-a-giuliano-de-marchi-nel-duomo-gremito\\\/#primaryimage\"},\"image\":{\"@id\":\"https:\\\/\\\/www.bellunopress.it\\\/2009\\\/06\\\/10\\\/lultimo-saluto-a-giuliano-de-marchi-nel-duomo-gremito\\\/#primaryimage\"},\"thumbnailUrl\":\"http:\\\/\\\/www.bellunopress.it\\\/wp-content\\\/uploads\\\/2009\\\/06\\\/giuliano-de-marchi.jpg\",\"datePublished\":\"2009-06-10T19:34:59+00:00\",\"breadcrumb\":{\"@id\":\"https:\\\/\\\/www.bellunopress.it\\\/2009\\\/06\\\/10\\\/lultimo-saluto-a-giuliano-de-marchi-nel-duomo-gremito\\\/#breadcrumb\"},\"inLanguage\":\"fr-FR\",\"potentialAction\":[{\"@type\":\"ReadAction\",\"target\":[\"https:\\\/\\\/www.bellunopress.it\\\/2009\\\/06\\\/10\\\/lultimo-saluto-a-giuliano-de-marchi-nel-duomo-gremito\\\/\"]}]},{\"@type\":\"ImageObject\",\"inLanguage\":\"fr-FR\",\"@id\":\"https:\\\/\\\/www.bellunopress.it\\\/2009\\\/06\\\/10\\\/lultimo-saluto-a-giuliano-de-marchi-nel-duomo-gremito\\\/#primaryimage\",\"url\":\"http:\\\/\\\/www.bellunopress.it\\\/wp-content\\\/uploads\\\/2009\\\/06\\\/giuliano-de-marchi.jpg\",\"contentUrl\":\"http:\\\/\\\/www.bellunopress.it\\\/wp-content\\\/uploads\\\/2009\\\/06\\\/giuliano-de-marchi.jpg\"},{\"@type\":\"BreadcrumbList\",\"@id\":\"https:\\\/\\\/www.bellunopress.it\\\/2009\\\/06\\\/10\\\/lultimo-saluto-a-giuliano-de-marchi-nel-duomo-gremito\\\/#breadcrumb\",\"itemListElement\":[{\"@type\":\"ListItem\",\"position\":1,\"name\":\"Home\",\"item\":\"https:\\\/\\\/www.bellunopress.it\\\/\"},{\"@type\":\"ListItem\",\"position\":2,\"name\":\"L&#8217;ultimo saluto a Giuliano De Marchi nel Duomo gremito\"}]},{\"@type\":\"WebSite\",\"@id\":\"https:\\\/\\\/www.bellunopress.it\\\/#website\",\"url\":\"https:\\\/\\\/www.bellunopress.it\\\/\",\"name\":\"Bellunopress - Dolomiti\",\"description\":\"e-mail: redazione@bellunopress.it\",\"publisher\":{\"@id\":\"https:\\\/\\\/www.bellunopress.it\\\/#organization\"},\"potentialAction\":[{\"@type\":\"SearchAction\",\"target\":{\"@type\":\"EntryPoint\",\"urlTemplate\":\"https:\\\/\\\/www.bellunopress.it\\\/?s={search_term_string}\"},\"query-input\":{\"@type\":\"PropertyValueSpecification\",\"valueRequired\":true,\"valueName\":\"search_term_string\"}}],\"inLanguage\":\"fr-FR\"},{\"@type\":\"Organization\",\"@id\":\"https:\\\/\\\/www.bellunopress.it\\\/#organization\",\"name\":\"Bellunopress\",\"url\":\"https:\\\/\\\/www.bellunopress.it\\\/\",\"logo\":{\"@type\":\"ImageObject\",\"inLanguage\":\"fr-FR\",\"@id\":\"https:\\\/\\\/www.bellunopress.it\\\/#\\\/schema\\\/logo\\\/image\\\/\",\"url\":\"https:\\\/\\\/www.bellunopress.it\\\/wp-content\\\/uploads\\\/2011\\\/05\\\/cropped-logo-bellunopress-.jpg\",\"contentUrl\":\"https:\\\/\\\/www.bellunopress.it\\\/wp-content\\\/uploads\\\/2011\\\/05\\\/cropped-logo-bellunopress-.jpg\",\"width\":512,\"height\":512,\"caption\":\"Bellunopress\"},\"image\":{\"@id\":\"https:\\\/\\\/www.bellunopress.it\\\/#\\\/schema\\\/logo\\\/image\\\/\"},\"sameAs\":[\"https:\\\/\\\/www.facebook.com\\\/profile.php?id=100008943462799\",\"https:\\\/\\\/x.com\\\/bellunopress\",\"https:\\\/\\\/www.linkedin.com\\\/hp\\\/?dnr=JBzUWaJfMUw8vbXJJ2tVW5-I3jZKvC4wsoxE&amp;amp;amp;amp;amp;amp;trk=nav_responsive_tab_home\",\"https:\\\/\\\/www.youtube.com\\\/channel\\\/UCxL0wu1uN0_3_7hGG0306cw\"]},{\"@type\":\"Person\",\"@id\":\"https:\\\/\\\/www.bellunopress.it\\\/#\\\/schema\\\/person\\\/79bb06722b37ece1c03d3e94beb30d73\",\"name\":\"redazione\",\"image\":{\"@type\":\"ImageObject\",\"inLanguage\":\"fr-FR\",\"@id\":\"https:\\\/\\\/secure.gravatar.com\\\/avatar\\\/37d968a2e67a6fd04c169c4bdef102d0bc5d31b2546345219e348575eb80e9a0?s=96&d=mm&r=g\",\"url\":\"https:\\\/\\\/secure.gravatar.com\\\/avatar\\\/37d968a2e67a6fd04c169c4bdef102d0bc5d31b2546345219e348575eb80e9a0?s=96&d=mm&r=g\",\"contentUrl\":\"https:\\\/\\\/secure.gravatar.com\\\/avatar\\\/37d968a2e67a6fd04c169c4bdef102d0bc5d31b2546345219e348575eb80e9a0?s=96&d=mm&r=g\",\"caption\":\"redazione\"},\"sameAs\":[\"http:\\\/\\\/www.bellunopress.it\",\"https:\\\/\\\/x.com\\\/bellunopress\"],\"url\":\"https:\\\/\\\/www.bellunopress.it\\\/fr\\\/author\\\/redazione\\\/\"}]}<\/script>\n<!-- \/ Yoast SEO plugin. -->","yoast_head_json":{"title":"L'ultimo saluto a Giuliano De Marchi nel Duomo gremito  - Bellunopress - Dolomiti","robots":{"index":"index","follow":"follow","max-snippet":"max-snippet:-1","max-image-preview":"max-image-preview:large","max-video-preview":"max-video-preview:-1"},"canonical":"https:\/\/www.bellunopress.it\/fr\/2009\/06\/10\/lultimo-saluto-a-giuliano-de-marchi-nel-duomo-gremito\/","og_locale":"fr_FR","og_type":"article","og_title":"L'ultimo saluto a Giuliano De Marchi nel Duomo gremito  - Bellunopress - Dolomiti","og_description":"Si sono svolti oggi pomeriggio nella cattedrale di Belluno i funerali di Giuliano De Marchi, il medico-alpinista bellunese che ha perso la vita in un incidente nell&#8217;Antelao alcuni giorni fa. Durante l&#8217;omelia funebre il parroco di Levego e Sagrogna don Rinaldo Ottone ha ricordato la figura di De Marchi: \u00abGiuliano era un uomo che nel [&hellip;]","og_url":"https:\/\/www.bellunopress.it\/fr\/2009\/06\/10\/lultimo-saluto-a-giuliano-de-marchi-nel-duomo-gremito\/","og_site_name":"Bellunopress - Dolomiti","article_publisher":"https:\/\/www.facebook.com\/profile.php?id=100008943462799","article_published_time":"2009-06-10T19:34:59+00:00","og_image":[{"url":"http:\/\/www.bellunopress.it\/wp-content\/uploads\/2009\/06\/giuliano-de-marchi.jpg","type":"","width":"","height":""}],"author":"redazione","twitter_card":"summary_large_image","twitter_creator":"@bellunopress","twitter_site":"@bellunopress","twitter_misc":{"\u00c9crit par":"redazione","Dur\u00e9e de lecture estim\u00e9e":"1 minute"},"schema":{"@context":"https:\/\/schema.org","@graph":[{"@type":"Article","@id":"https:\/\/www.bellunopress.it\/2009\/06\/10\/lultimo-saluto-a-giuliano-de-marchi-nel-duomo-gremito\/#article","isPartOf":{"@id":"https:\/\/www.bellunopress.it\/2009\/06\/10\/lultimo-saluto-a-giuliano-de-marchi-nel-duomo-gremito\/"},"author":{"name":"redazione","@id":"https:\/\/www.bellunopress.it\/#\/schema\/person\/79bb06722b37ece1c03d3e94beb30d73"},"headline":"L&#8217;ultimo saluto a Giuliano De Marchi nel Duomo gremito","datePublished":"2009-06-10T19:34:59+00:00","mainEntityOfPage":{"@id":"https:\/\/www.bellunopress.it\/2009\/06\/10\/lultimo-saluto-a-giuliano-de-marchi-nel-duomo-gremito\/"},"wordCount":292,"publisher":{"@id":"https:\/\/www.bellunopress.it\/#organization"},"image":{"@id":"https:\/\/www.bellunopress.it\/2009\/06\/10\/lultimo-saluto-a-giuliano-de-marchi-nel-duomo-gremito\/#primaryimage"},"thumbnailUrl":"http:\/\/www.bellunopress.it\/wp-content\/uploads\/2009\/06\/giuliano-de-marchi.jpg","keywords":["Belluno"],"articleSection":["Cronaca\/Politica","Prima Pagina"],"inLanguage":"fr-FR"},{"@type":"WebPage","@id":"https:\/\/www.bellunopress.it\/2009\/06\/10\/lultimo-saluto-a-giuliano-de-marchi-nel-duomo-gremito\/","url":"https:\/\/www.bellunopress.it\/2009\/06\/10\/lultimo-saluto-a-giuliano-de-marchi-nel-duomo-gremito\/","name":"L'ultimo saluto a Giuliano De Marchi nel Duomo gremito - Bellunopress - Dolomiti","isPartOf":{"@id":"https:\/\/www.bellunopress.it\/#website"},"primaryImageOfPage":{"@id":"https:\/\/www.bellunopress.it\/2009\/06\/10\/lultimo-saluto-a-giuliano-de-marchi-nel-duomo-gremito\/#primaryimage"},"image":{"@id":"https:\/\/www.bellunopress.it\/2009\/06\/10\/lultimo-saluto-a-giuliano-de-marchi-nel-duomo-gremito\/#primaryimage"},"thumbnailUrl":"http:\/\/www.bellunopress.it\/wp-content\/uploads\/2009\/06\/giuliano-de-marchi.jpg","datePublished":"2009-06-10T19:34:59+00:00","breadcrumb":{"@id":"https:\/\/www.bellunopress.it\/2009\/06\/10\/lultimo-saluto-a-giuliano-de-marchi-nel-duomo-gremito\/#breadcrumb"},"inLanguage":"fr-FR","potentialAction":[{"@type":"ReadAction","target":["https:\/\/www.bellunopress.it\/2009\/06\/10\/lultimo-saluto-a-giuliano-de-marchi-nel-duomo-gremito\/"]}]},{"@type":"ImageObject","inLanguage":"fr-FR","@id":"https:\/\/www.bellunopress.it\/2009\/06\/10\/lultimo-saluto-a-giuliano-de-marchi-nel-duomo-gremito\/#primaryimage","url":"http:\/\/www.bellunopress.it\/wp-content\/uploads\/2009\/06\/giuliano-de-marchi.jpg","contentUrl":"http:\/\/www.bellunopress.it\/wp-content\/uploads\/2009\/06\/giuliano-de-marchi.jpg"},{"@type":"BreadcrumbList","@id":"https:\/\/www.bellunopress.it\/2009\/06\/10\/lultimo-saluto-a-giuliano-de-marchi-nel-duomo-gremito\/#breadcrumb","itemListElement":[{"@type":"ListItem","position":1,"name":"Home","item":"https:\/\/www.bellunopress.it\/"},{"@type":"ListItem","position":2,"name":"L&#8217;ultimo saluto a Giuliano De Marchi nel Duomo gremito"}]},{"@type":"WebSite","@id":"https:\/\/www.bellunopress.it\/#website","url":"https:\/\/www.bellunopress.it\/","name":"Bellunopress - Dolomiti","description":"e-mail: redazione@bellunopress.it","publisher":{"@id":"https:\/\/www.bellunopress.it\/#organization"},"potentialAction":[{"@type":"SearchAction","target":{"@type":"EntryPoint","urlTemplate":"https:\/\/www.bellunopress.it\/?s={search_term_string}"},"query-input":{"@type":"PropertyValueSpecification","valueRequired":true,"valueName":"search_term_string"}}],"inLanguage":"fr-FR"},{"@type":"Organization","@id":"https:\/\/www.bellunopress.it\/#organization","name":"Bellunopress","url":"https:\/\/www.bellunopress.it\/","logo":{"@type":"ImageObject","inLanguage":"fr-FR","@id":"https:\/\/www.bellunopress.it\/#\/schema\/logo\/image\/","url":"https:\/\/www.bellunopress.it\/wp-content\/uploads\/2011\/05\/cropped-logo-bellunopress-.jpg","contentUrl":"https:\/\/www.bellunopress.it\/wp-content\/uploads\/2011\/05\/cropped-logo-bellunopress-.jpg","width":512,"height":512,"caption":"Bellunopress"},"image":{"@id":"https:\/\/www.bellunopress.it\/#\/schema\/logo\/image\/"},"sameAs":["https:\/\/www.facebook.com\/profile.php?id=100008943462799","https:\/\/x.com\/bellunopress","https:\/\/www.linkedin.com\/hp\/?dnr=JBzUWaJfMUw8vbXJJ2tVW5-I3jZKvC4wsoxE&amp;amp;amp;amp;amp;amp;trk=nav_responsive_tab_home","https:\/\/www.youtube.com\/channel\/UCxL0wu1uN0_3_7hGG0306cw"]},{"@type":"Person","@id":"https:\/\/www.bellunopress.it\/#\/schema\/person\/79bb06722b37ece1c03d3e94beb30d73","name":"r\u00e9daction","image":{"@type":"ImageObject","inLanguage":"fr-FR","@id":"https:\/\/secure.gravatar.com\/avatar\/37d968a2e67a6fd04c169c4bdef102d0bc5d31b2546345219e348575eb80e9a0?s=96&d=mm&r=g","url":"https:\/\/secure.gravatar.com\/avatar\/37d968a2e67a6fd04c169c4bdef102d0bc5d31b2546345219e348575eb80e9a0?s=96&d=mm&r=g","contentUrl":"https:\/\/secure.gravatar.com\/avatar\/37d968a2e67a6fd04c169c4bdef102d0bc5d31b2546345219e348575eb80e9a0?s=96&d=mm&r=g","caption":"redazione"},"sameAs":["http:\/\/www.bellunopress.it","https:\/\/x.com\/bellunopress"],"url":"https:\/\/www.bellunopress.it\/fr\/author\/redazione\/"}]}},"_links":{"self":[{"href":"https:\/\/www.bellunopress.it\/fr\/wp-json\/wp\/v2\/posts\/4698","targetHints":{"allow":["GET"]}}],"collection":[{"href":"https:\/\/www.bellunopress.it\/fr\/wp-json\/wp\/v2\/posts"}],"about":[{"href":"https:\/\/www.bellunopress.it\/fr\/wp-json\/wp\/v2\/types\/post"}],"author":[{"embeddable":true,"href":"https:\/\/www.bellunopress.it\/fr\/wp-json\/wp\/v2\/users\/2"}],"replies":[{"embeddable":true,"href":"https:\/\/www.bellunopress.it\/fr\/wp-json\/wp\/v2\/comments?post=4698"}],"version-history":[{"count":1,"href":"https:\/\/www.bellunopress.it\/fr\/wp-json\/wp\/v2\/posts\/4698\/revisions"}],"predecessor-version":[{"id":4699,"href":"https:\/\/www.bellunopress.it\/fr\/wp-json\/wp\/v2\/posts\/4698\/revisions\/4699"}],"wp:attachment":[{"href":"https:\/\/www.bellunopress.it\/fr\/wp-json\/wp\/v2\/media?parent=4698"}],"wp:term":[{"taxonomy":"category","embeddable":true,"href":"https:\/\/www.bellunopress.it\/fr\/wp-json\/wp\/v2\/categories?post=4698"},{"taxonomy":"post_tag","embeddable":true,"href":"https:\/\/www.bellunopress.it\/fr\/wp-json\/wp\/v2\/tags?post=4698"}],"curies":[{"name":"wp","href":"https:\/\/api.w.org\/{rel}","templated":true}]}}