{"id":46975,"date":"2013-02-21T18:56:19","date_gmt":"2013-02-21T17:56:19","guid":{"rendered":"http:\/\/www.bellunopress.it\/?p=46975"},"modified":"2013-02-21T18:56:19","modified_gmt":"2013-02-21T17:56:19","slug":"monsieur-monti-le-nouveau-gaffeur-di-edoardo-varini","status":"publish","type":"post","link":"https:\/\/www.bellunopress.it\/fr\/2013\/02\/21\/monsieur-monti-le-nouveau-gaffeur-di-edoardo-varini\/","title":{"rendered":"Monsieur Monti, le nouveau gaffeur    * di Edoardo Varini"},"content":{"rendered":"<p><a href=\"http:\/\/www.bellunopress.it\/wp-content\/uploads\/2013\/01\/mario-monti.jpg\"><img loading=\"lazy\" decoding=\"async\" class=\"alignleft size-full wp-image-46220\" alt=\"mario monti\" src=\"http:\/\/www.bellunopress.it\/wp-content\/uploads\/2013\/01\/mario-monti.jpg\" width=\"150\" height=\"148\" \/><\/a>Ma non era Berlusconi quello delle gaffe? Ammettiamolo: questa \u00e8 d&#8217;alta scuola. Questa che per tre volte ieri il professore abbia detto che \u00abla Merkel teme l&#8217;affermarsi dei partiti di sinistra soprattutto in un anno preelettorale per lei, credo che non abbia nessuna voglia di vedere arrivare il Pd al governo\u00bb e che immediatamente sia stato smentito dal portavoce della Cancelliera (\u00abNon si \u00e8 espressa sulle elezioni italiane e non lo ha fatto neanche in passato\u00bb) non \u00e8 inferiore alle corna del Berlusca nella foto ufficiale del vertice UE del 2002.<\/p>\n<p>Ora possiamo stare certi di una cosa: Angela di confidenze a Mario non ne far\u00e0 pi\u00f9.<\/p>\n<p>Ieri si vede che per il quasi ex Presidente del Consiglio era un gran giorno, perch\u00e9 a Radio Anch&#8217;io ha prima affermato che \u00abEmma Bonino sarebbe una candidata molto buona al Quirinale\u00bb e poi, prima di mettere le gambe sotto il tavolo per pranzo, ha invertito: \u00abLa Bonino non \u00e8 assolutamente la mia candidata. Tempo fa avevo detto di avere un candidato, non \u00e8 una donna, conosce bene quel Palazzo e si chiama Giorgio Napolitano. Pu\u00f2 sembrare una persona anziana ma non lo \u00e8\u00bb. In effetti, a 88 anni, non lo \u00e8.<\/p>\n<p>In mezzo, tra le due versioni, c&#8217;\u00e8 l&#8217;incazzatura dell&#8217;area cattolica, enorme. Sono intervenuti i finti esegeti, alla Riccardi: \u00abMa, io penso che in realt\u00e0 Monti volesse solo ribadire la sua stima alla Bonino per le grandi battaglie civili\u00bb.<\/p>\n<p>Fossi Monti, magari mi incazzerei quanto Casini prima a vedermi trattato come il vecchio zio troppo rimbambito, o forse troppo poco, che quando arrivano gli ospiti parla ma non voleva dire quel che ha detto, ma si vede che la coercizione della logica politica ha la sua veemenza.<\/p>\n<p>Come l&#8217;avr\u00e0 la logica diplomatica che imporr\u00e0 a Maurice &#8220;Grizzly&#8221; Taylor, presidente e fondatore dell&#8217;azienda di pneumatici Titan, di scusarsi con il governo francese per aver respinto la richiesta di salvataggio dello stabilimento Goodyear di Amiens rivoltagli dal ministro del Rilancio produttivo, Arnaud Montebourg, con una lettera che recita cos\u00ec: \u00abHo visitato la fabbrica di Amiens. Salari alti. Parlano per tre ore e lavorano per altre tre. Signor ministro, ci prende per stupidi?\u00bb. Se lo prendono i sindacalisti francesi gli fanno fare la fine di Emme 13, l&#8217;orso del Brenta abbattuto ieri in Val Poschiavo dagli svizzeri \u00abperch\u00e9 andava verso le case degli uomini senza avere paura\u00bb.<\/p>\n<p>Era pericoloso. Fortuna che Mario ha capito come funziona.<\/p>\n<p>Edoardo Varini<\/p>\n<p><a href=\"http:\/\/www.varinipublishing.com\/index.php?option=com_content&amp;view=article&amp;id=441:monsieur-monti-le-nouveau-gaffeur&amp;catid=4:home&amp;Itemid=22\">http:\/\/www.varinipublishing.com\/index.php?option=com_content&amp;view=article&amp;id=441:monsieur-monti-le-nouveau-gaffeur&amp;catid=4:home&amp;Itemid=22<\/a><\/p>\n<p>&nbsp;<\/p>","protected":false},"excerpt":{"rendered":"<p>Ma non era Berlusconi quello delle gaffe? Ammettiamolo: questa \u00e8 d&#8217;alta scuola. Questa che per tre volte ieri il professore abbia detto che \u00abla Merkel teme l&#8217;affermarsi dei partiti di sinistra soprattutto in un anno preelettorale per lei, credo che non abbia nessuna voglia di vedere arrivare il Pd al governo\u00bb e che immediatamente sia [&hellip;]<\/p>\n","protected":false},"author":2,"featured_media":0,"comment_status":"closed","ping_status":"open","sticky":false,"template":"","format":"standard","meta":{"footnotes":""},"categories":[5,1,26],"tags":[],"class_list":["post-46975","post","type-post","status-publish","format-standard","category-cronaca","category-leo","category-prima-pagina"],"yoast_head":"<!-- This site is optimized with the Yoast SEO plugin v28.4 - https:\/\/yoast.com\/product\/yoast-seo-wordpress\/ -->\n<title>Monsieur Monti, le nouveau gaffeur  * di Edoardo Varini - Bellunopress - Dolomiti<\/title>\n<meta name=\"robots\" content=\"index, follow, max-snippet:-1, max-image-preview:large, max-video-preview:-1\" \/>\n<link rel=\"canonical\" href=\"https:\/\/www.bellunopress.it\/fr\/2013\/02\/21\/monsieur-monti-le-nouveau-gaffeur-di-edoardo-varini\/\" \/>\n<meta property=\"og:locale\" content=\"fr_FR\" \/>\n<meta property=\"og:type\" content=\"article\" \/>\n<meta property=\"og:title\" content=\"Monsieur Monti, le nouveau gaffeur  * di Edoardo Varini - Bellunopress - Dolomiti\" \/>\n<meta property=\"og:description\" content=\"Ma non era Berlusconi quello delle gaffe? Ammettiamolo: questa \u00e8 d&#8217;alta scuola. Questa che per tre volte ieri il professore abbia detto che \u00abla Merkel teme l&#8217;affermarsi dei partiti di sinistra soprattutto in un anno preelettorale per lei, credo che non abbia nessuna voglia di vedere arrivare il Pd al governo\u00bb e che immediatamente sia [&hellip;]\" \/>\n<meta property=\"og:url\" content=\"https:\/\/www.bellunopress.it\/fr\/2013\/02\/21\/monsieur-monti-le-nouveau-gaffeur-di-edoardo-varini\/\" \/>\n<meta property=\"og:site_name\" content=\"Bellunopress - Dolomiti\" \/>\n<meta property=\"article:publisher\" content=\"https:\/\/www.facebook.com\/profile.php?id=100008943462799\" \/>\n<meta property=\"article:published_time\" content=\"2013-02-21T17:56:19+00:00\" \/>\n<meta property=\"og:image\" content=\"http:\/\/www.bellunopress.it\/wp-content\/uploads\/2013\/01\/mario-monti.jpg\" \/>\n<meta name=\"author\" content=\"redazione\" \/>\n<meta name=\"twitter:card\" content=\"summary_large_image\" \/>\n<meta name=\"twitter:creator\" content=\"@bellunopress\" \/>\n<meta name=\"twitter:site\" content=\"@bellunopress\" \/>\n<meta name=\"twitter:label1\" content=\"\u00c9crit par\" \/>\n\t<meta name=\"twitter:data1\" content=\"redazione\" \/>\n\t<meta name=\"twitter:label2\" content=\"Dur\u00e9e de lecture estim\u00e9e\" \/>\n\t<meta name=\"twitter:data2\" content=\"2 minutes\" \/>\n<script type=\"application\/ld+json\" class=\"yoast-schema-graph\">{\"@context\":\"https:\\\/\\\/schema.org\",\"@graph\":[{\"@type\":\"Article\",\"@id\":\"https:\\\/\\\/www.bellunopress.it\\\/2013\\\/02\\\/21\\\/monsieur-monti-le-nouveau-gaffeur-di-edoardo-varini\\\/#article\",\"isPartOf\":{\"@id\":\"https:\\\/\\\/www.bellunopress.it\\\/2013\\\/02\\\/21\\\/monsieur-monti-le-nouveau-gaffeur-di-edoardo-varini\\\/\"},\"author\":{\"name\":\"redazione\",\"@id\":\"https:\\\/\\\/www.bellunopress.it\\\/#\\\/schema\\\/person\\\/79bb06722b37ece1c03d3e94beb30d73\"},\"headline\":\"Monsieur Monti, le nouveau gaffeur * di Edoardo Varini\",\"datePublished\":\"2013-02-21T17:56:19+00:00\",\"mainEntityOfPage\":{\"@id\":\"https:\\\/\\\/www.bellunopress.it\\\/2013\\\/02\\\/21\\\/monsieur-monti-le-nouveau-gaffeur-di-edoardo-varini\\\/\"},\"wordCount\":430,\"publisher\":{\"@id\":\"https:\\\/\\\/www.bellunopress.it\\\/#organization\"},\"image\":{\"@id\":\"https:\\\/\\\/www.bellunopress.it\\\/2013\\\/02\\\/21\\\/monsieur-monti-le-nouveau-gaffeur-di-edoardo-varini\\\/#primaryimage\"},\"thumbnailUrl\":\"http:\\\/\\\/www.bellunopress.it\\\/wp-content\\\/uploads\\\/2013\\\/01\\\/mario-monti.jpg\",\"articleSection\":[\"Cronaca\\\/Politica\",\"Lettere Opinioni\",\"Prima Pagina\"],\"inLanguage\":\"fr-FR\"},{\"@type\":\"WebPage\",\"@id\":\"https:\\\/\\\/www.bellunopress.it\\\/2013\\\/02\\\/21\\\/monsieur-monti-le-nouveau-gaffeur-di-edoardo-varini\\\/\",\"url\":\"https:\\\/\\\/www.bellunopress.it\\\/2013\\\/02\\\/21\\\/monsieur-monti-le-nouveau-gaffeur-di-edoardo-varini\\\/\",\"name\":\"Monsieur Monti, le nouveau gaffeur * di Edoardo Varini - Bellunopress - Dolomiti\",\"isPartOf\":{\"@id\":\"https:\\\/\\\/www.bellunopress.it\\\/#website\"},\"primaryImageOfPage\":{\"@id\":\"https:\\\/\\\/www.bellunopress.it\\\/2013\\\/02\\\/21\\\/monsieur-monti-le-nouveau-gaffeur-di-edoardo-varini\\\/#primaryimage\"},\"image\":{\"@id\":\"https:\\\/\\\/www.bellunopress.it\\\/2013\\\/02\\\/21\\\/monsieur-monti-le-nouveau-gaffeur-di-edoardo-varini\\\/#primaryimage\"},\"thumbnailUrl\":\"http:\\\/\\\/www.bellunopress.it\\\/wp-content\\\/uploads\\\/2013\\\/01\\\/mario-monti.jpg\",\"datePublished\":\"2013-02-21T17:56:19+00:00\",\"breadcrumb\":{\"@id\":\"https:\\\/\\\/www.bellunopress.it\\\/2013\\\/02\\\/21\\\/monsieur-monti-le-nouveau-gaffeur-di-edoardo-varini\\\/#breadcrumb\"},\"inLanguage\":\"fr-FR\",\"potentialAction\":[{\"@type\":\"ReadAction\",\"target\":[\"https:\\\/\\\/www.bellunopress.it\\\/2013\\\/02\\\/21\\\/monsieur-monti-le-nouveau-gaffeur-di-edoardo-varini\\\/\"]}]},{\"@type\":\"ImageObject\",\"inLanguage\":\"fr-FR\",\"@id\":\"https:\\\/\\\/www.bellunopress.it\\\/2013\\\/02\\\/21\\\/monsieur-monti-le-nouveau-gaffeur-di-edoardo-varini\\\/#primaryimage\",\"url\":\"http:\\\/\\\/www.bellunopress.it\\\/wp-content\\\/uploads\\\/2013\\\/01\\\/mario-monti.jpg\",\"contentUrl\":\"http:\\\/\\\/www.bellunopress.it\\\/wp-content\\\/uploads\\\/2013\\\/01\\\/mario-monti.jpg\"},{\"@type\":\"BreadcrumbList\",\"@id\":\"https:\\\/\\\/www.bellunopress.it\\\/2013\\\/02\\\/21\\\/monsieur-monti-le-nouveau-gaffeur-di-edoardo-varini\\\/#breadcrumb\",\"itemListElement\":[{\"@type\":\"ListItem\",\"position\":1,\"name\":\"Home\",\"item\":\"https:\\\/\\\/www.bellunopress.it\\\/\"},{\"@type\":\"ListItem\",\"position\":2,\"name\":\"Monsieur Monti, le nouveau gaffeur * di Edoardo Varini\"}]},{\"@type\":\"WebSite\",\"@id\":\"https:\\\/\\\/www.bellunopress.it\\\/#website\",\"url\":\"https:\\\/\\\/www.bellunopress.it\\\/\",\"name\":\"Bellunopress - Dolomiti\",\"description\":\"e-mail: redazione@bellunopress.it\",\"publisher\":{\"@id\":\"https:\\\/\\\/www.bellunopress.it\\\/#organization\"},\"potentialAction\":[{\"@type\":\"SearchAction\",\"target\":{\"@type\":\"EntryPoint\",\"urlTemplate\":\"https:\\\/\\\/www.bellunopress.it\\\/?s={search_term_string}\"},\"query-input\":{\"@type\":\"PropertyValueSpecification\",\"valueRequired\":true,\"valueName\":\"search_term_string\"}}],\"inLanguage\":\"fr-FR\"},{\"@type\":\"Organization\",\"@id\":\"https:\\\/\\\/www.bellunopress.it\\\/#organization\",\"name\":\"Bellunopress\",\"url\":\"https:\\\/\\\/www.bellunopress.it\\\/\",\"logo\":{\"@type\":\"ImageObject\",\"inLanguage\":\"fr-FR\",\"@id\":\"https:\\\/\\\/www.bellunopress.it\\\/#\\\/schema\\\/logo\\\/image\\\/\",\"url\":\"https:\\\/\\\/www.bellunopress.it\\\/wp-content\\\/uploads\\\/2011\\\/05\\\/cropped-logo-bellunopress-.jpg\",\"contentUrl\":\"https:\\\/\\\/www.bellunopress.it\\\/wp-content\\\/uploads\\\/2011\\\/05\\\/cropped-logo-bellunopress-.jpg\",\"width\":512,\"height\":512,\"caption\":\"Bellunopress\"},\"image\":{\"@id\":\"https:\\\/\\\/www.bellunopress.it\\\/#\\\/schema\\\/logo\\\/image\\\/\"},\"sameAs\":[\"https:\\\/\\\/www.facebook.com\\\/profile.php?id=100008943462799\",\"https:\\\/\\\/x.com\\\/bellunopress\",\"https:\\\/\\\/www.linkedin.com\\\/hp\\\/?dnr=JBzUWaJfMUw8vbXJJ2tVW5-I3jZKvC4wsoxE&amp;amp;amp;amp;amp;amp;trk=nav_responsive_tab_home\",\"https:\\\/\\\/www.youtube.com\\\/channel\\\/UCxL0wu1uN0_3_7hGG0306cw\"]},{\"@type\":\"Person\",\"@id\":\"https:\\\/\\\/www.bellunopress.it\\\/#\\\/schema\\\/person\\\/79bb06722b37ece1c03d3e94beb30d73\",\"name\":\"redazione\",\"image\":{\"@type\":\"ImageObject\",\"inLanguage\":\"fr-FR\",\"@id\":\"https:\\\/\\\/secure.gravatar.com\\\/avatar\\\/37d968a2e67a6fd04c169c4bdef102d0bc5d31b2546345219e348575eb80e9a0?s=96&d=mm&r=g\",\"url\":\"https:\\\/\\\/secure.gravatar.com\\\/avatar\\\/37d968a2e67a6fd04c169c4bdef102d0bc5d31b2546345219e348575eb80e9a0?s=96&d=mm&r=g\",\"contentUrl\":\"https:\\\/\\\/secure.gravatar.com\\\/avatar\\\/37d968a2e67a6fd04c169c4bdef102d0bc5d31b2546345219e348575eb80e9a0?s=96&d=mm&r=g\",\"caption\":\"redazione\"},\"sameAs\":[\"http:\\\/\\\/www.bellunopress.it\",\"https:\\\/\\\/x.com\\\/bellunopress\"],\"url\":\"https:\\\/\\\/www.bellunopress.it\\\/fr\\\/author\\\/redazione\\\/\"}]}<\/script>\n<!-- \/ Yoast SEO plugin. -->","yoast_head_json":{"title":"Monsieur Monti, le nouveau gaffeur  * di Edoardo Varini - Bellunopress - Dolomiti","robots":{"index":"index","follow":"follow","max-snippet":"max-snippet:-1","max-image-preview":"max-image-preview:large","max-video-preview":"max-video-preview:-1"},"canonical":"https:\/\/www.bellunopress.it\/fr\/2013\/02\/21\/monsieur-monti-le-nouveau-gaffeur-di-edoardo-varini\/","og_locale":"fr_FR","og_type":"article","og_title":"Monsieur Monti, le nouveau gaffeur  * di Edoardo Varini - Bellunopress - Dolomiti","og_description":"Ma non era Berlusconi quello delle gaffe? Ammettiamolo: questa \u00e8 d&#8217;alta scuola. Questa che per tre volte ieri il professore abbia detto che \u00abla Merkel teme l&#8217;affermarsi dei partiti di sinistra soprattutto in un anno preelettorale per lei, credo che non abbia nessuna voglia di vedere arrivare il Pd al governo\u00bb e che immediatamente sia [&hellip;]","og_url":"https:\/\/www.bellunopress.it\/fr\/2013\/02\/21\/monsieur-monti-le-nouveau-gaffeur-di-edoardo-varini\/","og_site_name":"Bellunopress - Dolomiti","article_publisher":"https:\/\/www.facebook.com\/profile.php?id=100008943462799","article_published_time":"2013-02-21T17:56:19+00:00","og_image":[{"url":"http:\/\/www.bellunopress.it\/wp-content\/uploads\/2013\/01\/mario-monti.jpg","type":"","width":"","height":""}],"author":"redazione","twitter_card":"summary_large_image","twitter_creator":"@bellunopress","twitter_site":"@bellunopress","twitter_misc":{"\u00c9crit par":"redazione","Dur\u00e9e de lecture estim\u00e9e":"2 minutes"},"schema":{"@context":"https:\/\/schema.org","@graph":[{"@type":"Article","@id":"https:\/\/www.bellunopress.it\/2013\/02\/21\/monsieur-monti-le-nouveau-gaffeur-di-edoardo-varini\/#article","isPartOf":{"@id":"https:\/\/www.bellunopress.it\/2013\/02\/21\/monsieur-monti-le-nouveau-gaffeur-di-edoardo-varini\/"},"author":{"name":"redazione","@id":"https:\/\/www.bellunopress.it\/#\/schema\/person\/79bb06722b37ece1c03d3e94beb30d73"},"headline":"Monsieur Monti, le nouveau gaffeur * di Edoardo Varini","datePublished":"2013-02-21T17:56:19+00:00","mainEntityOfPage":{"@id":"https:\/\/www.bellunopress.it\/2013\/02\/21\/monsieur-monti-le-nouveau-gaffeur-di-edoardo-varini\/"},"wordCount":430,"publisher":{"@id":"https:\/\/www.bellunopress.it\/#organization"},"image":{"@id":"https:\/\/www.bellunopress.it\/2013\/02\/21\/monsieur-monti-le-nouveau-gaffeur-di-edoardo-varini\/#primaryimage"},"thumbnailUrl":"http:\/\/www.bellunopress.it\/wp-content\/uploads\/2013\/01\/mario-monti.jpg","articleSection":["Cronaca\/Politica","Lettere Opinioni","Prima Pagina"],"inLanguage":"fr-FR"},{"@type":"WebPage","@id":"https:\/\/www.bellunopress.it\/2013\/02\/21\/monsieur-monti-le-nouveau-gaffeur-di-edoardo-varini\/","url":"https:\/\/www.bellunopress.it\/2013\/02\/21\/monsieur-monti-le-nouveau-gaffeur-di-edoardo-varini\/","name":"Monsieur Monti, le nouveau gaffeur * di Edoardo Varini - Bellunopress - Dolomiti","isPartOf":{"@id":"https:\/\/www.bellunopress.it\/#website"},"primaryImageOfPage":{"@id":"https:\/\/www.bellunopress.it\/2013\/02\/21\/monsieur-monti-le-nouveau-gaffeur-di-edoardo-varini\/#primaryimage"},"image":{"@id":"https:\/\/www.bellunopress.it\/2013\/02\/21\/monsieur-monti-le-nouveau-gaffeur-di-edoardo-varini\/#primaryimage"},"thumbnailUrl":"http:\/\/www.bellunopress.it\/wp-content\/uploads\/2013\/01\/mario-monti.jpg","datePublished":"2013-02-21T17:56:19+00:00","breadcrumb":{"@id":"https:\/\/www.bellunopress.it\/2013\/02\/21\/monsieur-monti-le-nouveau-gaffeur-di-edoardo-varini\/#breadcrumb"},"inLanguage":"fr-FR","potentialAction":[{"@type":"ReadAction","target":["https:\/\/www.bellunopress.it\/2013\/02\/21\/monsieur-monti-le-nouveau-gaffeur-di-edoardo-varini\/"]}]},{"@type":"ImageObject","inLanguage":"fr-FR","@id":"https:\/\/www.bellunopress.it\/2013\/02\/21\/monsieur-monti-le-nouveau-gaffeur-di-edoardo-varini\/#primaryimage","url":"http:\/\/www.bellunopress.it\/wp-content\/uploads\/2013\/01\/mario-monti.jpg","contentUrl":"http:\/\/www.bellunopress.it\/wp-content\/uploads\/2013\/01\/mario-monti.jpg"},{"@type":"BreadcrumbList","@id":"https:\/\/www.bellunopress.it\/2013\/02\/21\/monsieur-monti-le-nouveau-gaffeur-di-edoardo-varini\/#breadcrumb","itemListElement":[{"@type":"ListItem","position":1,"name":"Home","item":"https:\/\/www.bellunopress.it\/"},{"@type":"ListItem","position":2,"name":"Monsieur Monti, le nouveau gaffeur * di Edoardo Varini"}]},{"@type":"WebSite","@id":"https:\/\/www.bellunopress.it\/#website","url":"https:\/\/www.bellunopress.it\/","name":"Bellunopress - Dolomiti","description":"e-mail: redazione@bellunopress.it","publisher":{"@id":"https:\/\/www.bellunopress.it\/#organization"},"potentialAction":[{"@type":"SearchAction","target":{"@type":"EntryPoint","urlTemplate":"https:\/\/www.bellunopress.it\/?s={search_term_string}"},"query-input":{"@type":"PropertyValueSpecification","valueRequired":true,"valueName":"search_term_string"}}],"inLanguage":"fr-FR"},{"@type":"Organization","@id":"https:\/\/www.bellunopress.it\/#organization","name":"Bellunopress","url":"https:\/\/www.bellunopress.it\/","logo":{"@type":"ImageObject","inLanguage":"fr-FR","@id":"https:\/\/www.bellunopress.it\/#\/schema\/logo\/image\/","url":"https:\/\/www.bellunopress.it\/wp-content\/uploads\/2011\/05\/cropped-logo-bellunopress-.jpg","contentUrl":"https:\/\/www.bellunopress.it\/wp-content\/uploads\/2011\/05\/cropped-logo-bellunopress-.jpg","width":512,"height":512,"caption":"Bellunopress"},"image":{"@id":"https:\/\/www.bellunopress.it\/#\/schema\/logo\/image\/"},"sameAs":["https:\/\/www.facebook.com\/profile.php?id=100008943462799","https:\/\/x.com\/bellunopress","https:\/\/www.linkedin.com\/hp\/?dnr=JBzUWaJfMUw8vbXJJ2tVW5-I3jZKvC4wsoxE&amp;amp;amp;amp;amp;amp;trk=nav_responsive_tab_home","https:\/\/www.youtube.com\/channel\/UCxL0wu1uN0_3_7hGG0306cw"]},{"@type":"Person","@id":"https:\/\/www.bellunopress.it\/#\/schema\/person\/79bb06722b37ece1c03d3e94beb30d73","name":"r\u00e9daction","image":{"@type":"ImageObject","inLanguage":"fr-FR","@id":"https:\/\/secure.gravatar.com\/avatar\/37d968a2e67a6fd04c169c4bdef102d0bc5d31b2546345219e348575eb80e9a0?s=96&d=mm&r=g","url":"https:\/\/secure.gravatar.com\/avatar\/37d968a2e67a6fd04c169c4bdef102d0bc5d31b2546345219e348575eb80e9a0?s=96&d=mm&r=g","contentUrl":"https:\/\/secure.gravatar.com\/avatar\/37d968a2e67a6fd04c169c4bdef102d0bc5d31b2546345219e348575eb80e9a0?s=96&d=mm&r=g","caption":"redazione"},"sameAs":["http:\/\/www.bellunopress.it","https:\/\/x.com\/bellunopress"],"url":"https:\/\/www.bellunopress.it\/fr\/author\/redazione\/"}]}},"_links":{"self":[{"href":"https:\/\/www.bellunopress.it\/fr\/wp-json\/wp\/v2\/posts\/46975","targetHints":{"allow":["GET"]}}],"collection":[{"href":"https:\/\/www.bellunopress.it\/fr\/wp-json\/wp\/v2\/posts"}],"about":[{"href":"https:\/\/www.bellunopress.it\/fr\/wp-json\/wp\/v2\/types\/post"}],"author":[{"embeddable":true,"href":"https:\/\/www.bellunopress.it\/fr\/wp-json\/wp\/v2\/users\/2"}],"replies":[{"embeddable":true,"href":"https:\/\/www.bellunopress.it\/fr\/wp-json\/wp\/v2\/comments?post=46975"}],"version-history":[{"count":1,"href":"https:\/\/www.bellunopress.it\/fr\/wp-json\/wp\/v2\/posts\/46975\/revisions"}],"predecessor-version":[{"id":46976,"href":"https:\/\/www.bellunopress.it\/fr\/wp-json\/wp\/v2\/posts\/46975\/revisions\/46976"}],"wp:attachment":[{"href":"https:\/\/www.bellunopress.it\/fr\/wp-json\/wp\/v2\/media?parent=46975"}],"wp:term":[{"taxonomy":"category","embeddable":true,"href":"https:\/\/www.bellunopress.it\/fr\/wp-json\/wp\/v2\/categories?post=46975"},{"taxonomy":"post_tag","embeddable":true,"href":"https:\/\/www.bellunopress.it\/fr\/wp-json\/wp\/v2\/tags?post=46975"}],"curies":[{"name":"wp","href":"https:\/\/api.w.org\/{rel}","templated":true}]}}