{"id":46971,"date":"2013-02-21T18:40:42","date_gmt":"2013-02-21T17:40:42","guid":{"rendered":"http:\/\/www.bellunopress.it\/?p=46971"},"modified":"2013-02-21T18:40:42","modified_gmt":"2013-02-21T17:40:42","slug":"trasporto-ai-seggi-per-anziani-e-disagiati-anche-in-vista-delle-nevicate-grazie-alla-protezione-civile","status":"publish","type":"post","link":"https:\/\/www.bellunopress.it\/fr\/2013\/02\/21\/trasporto-ai-seggi-per-anziani-e-disagiati-anche-in-vista-delle-nevicate-grazie-alla-protezione-civile\/","title":{"rendered":"Trasporto ai seggi per anziani e disagiati anche in vista delle nevicate grazie alla Protezione civile"},"content":{"rendered":"<p><a href=\"http:\/\/www.bellunopress.it\/wp-content\/uploads\/2011\/06\/comune-belluno.gif\"><img loading=\"lazy\" decoding=\"async\" class=\"alignleft size-full wp-image-27535\" alt=\"comune belluno\" src=\"http:\/\/www.bellunopress.it\/wp-content\/uploads\/2011\/06\/comune-belluno.gif\" width=\"105\" height=\"150\" \/><\/a>Durante lo svolgersi delle elezioni, il gruppo di Protezione Civile del Comune di Belluno sar\u00e0 a disposizione per accompagnare al voto gli anziani o comunque chi sia in difficolt\u00e0, tenuto anche conto che in questi giorni sono previste nevicate che potrebbero rendere difficili gli spostamenti.<\/p>\n<p>Il servizio \u00e8 solo su chiamata, prenotandosi senza limiti di tempo presso l&#8217;ufficio elettorale che in questi giorni sar\u00e0 aperto con orari prolungati<\/p>\n<p>&nbsp;<\/p>\n<p>Ufficio elettorale:<\/p>\n<p>via Mezzaterra 45, palazzina esterna (lato Seminario), piano 1\u00b0<\/p>\n<p>telefono 0437.913133 e-mail: elettorale@comune.belluno.it<\/p>\n<p>Orari di apertura:<\/p>\n<p>gioved\u00ec venerd\u00ec sabato dalle 08.00 alle 13.30 e dalle 14.30 alle 19.00<\/p>\n<p>domenica dalle ore 08.00 alle ore 22.00<\/p>\n<p>luned\u00ec dalle ore 07.00 alle ore 15.00<\/p>\n<p>Tutti gli aggiornamenti nello speciale elezioni 2013<\/p>\n<p>www.comune.belluno.it<\/p>\n<p>&nbsp;<\/p>","protected":false},"excerpt":{"rendered":"<p>Durante lo svolgersi delle elezioni, il gruppo di Protezione Civile del Comune di Belluno sar\u00e0 a disposizione per accompagnare al voto gli anziani o comunque chi sia in difficolt\u00e0, tenuto anche conto che in questi giorni sono previste nevicate che potrebbero rendere difficili gli spostamenti. Il servizio \u00e8 solo su chiamata, prenotandosi senza limiti di [&hellip;]<\/p>\n","protected":false},"author":2,"featured_media":0,"comment_status":"closed","ping_status":"open","sticky":false,"template":"","format":"standard","meta":{"footnotes":""},"categories":[26,8],"tags":[],"class_list":["post-46971","post","type-post","status-publish","format-standard","category-prima-pagina","category-societa-istituzioni"],"yoast_head":"<!-- This site is optimized with the Yoast SEO plugin v28.4 - https:\/\/yoast.com\/product\/yoast-seo-wordpress\/ -->\n<title>Trasporto ai seggi per anziani e disagiati anche in vista delle nevicate grazie alla Protezione civile - Bellunopress - Dolomiti<\/title>\n<meta name=\"robots\" content=\"index, follow, max-snippet:-1, max-image-preview:large, max-video-preview:-1\" \/>\n<link rel=\"canonical\" href=\"https:\/\/www.bellunopress.it\/fr\/2013\/02\/21\/trasporto-ai-seggi-per-anziani-e-disagiati-anche-in-vista-delle-nevicate-grazie-alla-protezione-civile\/\" \/>\n<meta property=\"og:locale\" content=\"fr_FR\" \/>\n<meta property=\"og:type\" content=\"article\" \/>\n<meta property=\"og:title\" content=\"Trasporto ai seggi per anziani e disagiati anche in vista delle nevicate grazie alla Protezione civile - Bellunopress - Dolomiti\" \/>\n<meta property=\"og:description\" content=\"Durante lo svolgersi delle elezioni, il gruppo di Protezione Civile del Comune di Belluno sar\u00e0 a disposizione per accompagnare al voto gli anziani o comunque chi sia in difficolt\u00e0, tenuto anche conto che in questi giorni sono previste nevicate che potrebbero rendere difficili gli spostamenti. Il servizio \u00e8 solo su chiamata, prenotandosi senza limiti di [&hellip;]\" \/>\n<meta property=\"og:url\" content=\"https:\/\/www.bellunopress.it\/fr\/2013\/02\/21\/trasporto-ai-seggi-per-anziani-e-disagiati-anche-in-vista-delle-nevicate-grazie-alla-protezione-civile\/\" \/>\n<meta property=\"og:site_name\" content=\"Bellunopress - Dolomiti\" \/>\n<meta property=\"article:publisher\" content=\"https:\/\/www.facebook.com\/profile.php?id=100008943462799\" \/>\n<meta property=\"article:published_time\" content=\"2013-02-21T17:40:42+00:00\" \/>\n<meta property=\"og:image\" content=\"http:\/\/www.bellunopress.it\/wp-content\/uploads\/2011\/06\/comune-belluno.gif\" \/>\n<meta name=\"author\" content=\"redazione\" \/>\n<meta name=\"twitter:card\" content=\"summary_large_image\" \/>\n<meta name=\"twitter:creator\" content=\"@bellunopress\" \/>\n<meta name=\"twitter:site\" content=\"@bellunopress\" \/>\n<meta name=\"twitter:label1\" content=\"\u00c9crit par\" \/>\n\t<meta name=\"twitter:data1\" content=\"redazione\" \/>\n\t<meta name=\"twitter:label2\" content=\"Dur\u00e9e de lecture estim\u00e9e\" \/>\n\t<meta name=\"twitter:data2\" content=\"1 minute\" \/>\n<script type=\"application\/ld+json\" class=\"yoast-schema-graph\">{\"@context\":\"https:\\\/\\\/schema.org\",\"@graph\":[{\"@type\":\"Article\",\"@id\":\"https:\\\/\\\/www.bellunopress.it\\\/2013\\\/02\\\/21\\\/trasporto-ai-seggi-per-anziani-e-disagiati-anche-in-vista-delle-nevicate-grazie-alla-protezione-civile\\\/#article\",\"isPartOf\":{\"@id\":\"https:\\\/\\\/www.bellunopress.it\\\/2013\\\/02\\\/21\\\/trasporto-ai-seggi-per-anziani-e-disagiati-anche-in-vista-delle-nevicate-grazie-alla-protezione-civile\\\/\"},\"author\":{\"name\":\"redazione\",\"@id\":\"https:\\\/\\\/www.bellunopress.it\\\/#\\\/schema\\\/person\\\/79bb06722b37ece1c03d3e94beb30d73\"},\"headline\":\"Trasporto ai seggi per anziani e disagiati anche in vista delle nevicate grazie alla Protezione civile\",\"datePublished\":\"2013-02-21T17:40:42+00:00\",\"mainEntityOfPage\":{\"@id\":\"https:\\\/\\\/www.bellunopress.it\\\/2013\\\/02\\\/21\\\/trasporto-ai-seggi-per-anziani-e-disagiati-anche-in-vista-delle-nevicate-grazie-alla-protezione-civile\\\/\"},\"wordCount\":132,\"publisher\":{\"@id\":\"https:\\\/\\\/www.bellunopress.it\\\/#organization\"},\"image\":{\"@id\":\"https:\\\/\\\/www.bellunopress.it\\\/2013\\\/02\\\/21\\\/trasporto-ai-seggi-per-anziani-e-disagiati-anche-in-vista-delle-nevicate-grazie-alla-protezione-civile\\\/#primaryimage\"},\"thumbnailUrl\":\"http:\\\/\\\/www.bellunopress.it\\\/wp-content\\\/uploads\\\/2011\\\/06\\\/comune-belluno.gif\",\"articleSection\":[\"Prima Pagina\",\"Societ\u00e0, Associazioni, Istituzioni\"],\"inLanguage\":\"fr-FR\"},{\"@type\":\"WebPage\",\"@id\":\"https:\\\/\\\/www.bellunopress.it\\\/2013\\\/02\\\/21\\\/trasporto-ai-seggi-per-anziani-e-disagiati-anche-in-vista-delle-nevicate-grazie-alla-protezione-civile\\\/\",\"url\":\"https:\\\/\\\/www.bellunopress.it\\\/2013\\\/02\\\/21\\\/trasporto-ai-seggi-per-anziani-e-disagiati-anche-in-vista-delle-nevicate-grazie-alla-protezione-civile\\\/\",\"name\":\"Trasporto ai seggi per anziani e disagiati anche in vista delle nevicate grazie alla Protezione civile - Bellunopress - Dolomiti\",\"isPartOf\":{\"@id\":\"https:\\\/\\\/www.bellunopress.it\\\/#website\"},\"primaryImageOfPage\":{\"@id\":\"https:\\\/\\\/www.bellunopress.it\\\/2013\\\/02\\\/21\\\/trasporto-ai-seggi-per-anziani-e-disagiati-anche-in-vista-delle-nevicate-grazie-alla-protezione-civile\\\/#primaryimage\"},\"image\":{\"@id\":\"https:\\\/\\\/www.bellunopress.it\\\/2013\\\/02\\\/21\\\/trasporto-ai-seggi-per-anziani-e-disagiati-anche-in-vista-delle-nevicate-grazie-alla-protezione-civile\\\/#primaryimage\"},\"thumbnailUrl\":\"http:\\\/\\\/www.bellunopress.it\\\/wp-content\\\/uploads\\\/2011\\\/06\\\/comune-belluno.gif\",\"datePublished\":\"2013-02-21T17:40:42+00:00\",\"breadcrumb\":{\"@id\":\"https:\\\/\\\/www.bellunopress.it\\\/2013\\\/02\\\/21\\\/trasporto-ai-seggi-per-anziani-e-disagiati-anche-in-vista-delle-nevicate-grazie-alla-protezione-civile\\\/#breadcrumb\"},\"inLanguage\":\"fr-FR\",\"potentialAction\":[{\"@type\":\"ReadAction\",\"target\":[\"https:\\\/\\\/www.bellunopress.it\\\/2013\\\/02\\\/21\\\/trasporto-ai-seggi-per-anziani-e-disagiati-anche-in-vista-delle-nevicate-grazie-alla-protezione-civile\\\/\"]}]},{\"@type\":\"ImageObject\",\"inLanguage\":\"fr-FR\",\"@id\":\"https:\\\/\\\/www.bellunopress.it\\\/2013\\\/02\\\/21\\\/trasporto-ai-seggi-per-anziani-e-disagiati-anche-in-vista-delle-nevicate-grazie-alla-protezione-civile\\\/#primaryimage\",\"url\":\"http:\\\/\\\/www.bellunopress.it\\\/wp-content\\\/uploads\\\/2011\\\/06\\\/comune-belluno.gif\",\"contentUrl\":\"http:\\\/\\\/www.bellunopress.it\\\/wp-content\\\/uploads\\\/2011\\\/06\\\/comune-belluno.gif\"},{\"@type\":\"BreadcrumbList\",\"@id\":\"https:\\\/\\\/www.bellunopress.it\\\/2013\\\/02\\\/21\\\/trasporto-ai-seggi-per-anziani-e-disagiati-anche-in-vista-delle-nevicate-grazie-alla-protezione-civile\\\/#breadcrumb\",\"itemListElement\":[{\"@type\":\"ListItem\",\"position\":1,\"name\":\"Home\",\"item\":\"https:\\\/\\\/www.bellunopress.it\\\/\"},{\"@type\":\"ListItem\",\"position\":2,\"name\":\"Trasporto ai seggi per anziani e disagiati anche in vista delle nevicate grazie alla Protezione civile\"}]},{\"@type\":\"WebSite\",\"@id\":\"https:\\\/\\\/www.bellunopress.it\\\/#website\",\"url\":\"https:\\\/\\\/www.bellunopress.it\\\/\",\"name\":\"Bellunopress - Dolomiti\",\"description\":\"e-mail: redazione@bellunopress.it\",\"publisher\":{\"@id\":\"https:\\\/\\\/www.bellunopress.it\\\/#organization\"},\"potentialAction\":[{\"@type\":\"SearchAction\",\"target\":{\"@type\":\"EntryPoint\",\"urlTemplate\":\"https:\\\/\\\/www.bellunopress.it\\\/?s={search_term_string}\"},\"query-input\":{\"@type\":\"PropertyValueSpecification\",\"valueRequired\":true,\"valueName\":\"search_term_string\"}}],\"inLanguage\":\"fr-FR\"},{\"@type\":\"Organization\",\"@id\":\"https:\\\/\\\/www.bellunopress.it\\\/#organization\",\"name\":\"Bellunopress\",\"url\":\"https:\\\/\\\/www.bellunopress.it\\\/\",\"logo\":{\"@type\":\"ImageObject\",\"inLanguage\":\"fr-FR\",\"@id\":\"https:\\\/\\\/www.bellunopress.it\\\/#\\\/schema\\\/logo\\\/image\\\/\",\"url\":\"https:\\\/\\\/www.bellunopress.it\\\/wp-content\\\/uploads\\\/2011\\\/05\\\/cropped-logo-bellunopress-.jpg\",\"contentUrl\":\"https:\\\/\\\/www.bellunopress.it\\\/wp-content\\\/uploads\\\/2011\\\/05\\\/cropped-logo-bellunopress-.jpg\",\"width\":512,\"height\":512,\"caption\":\"Bellunopress\"},\"image\":{\"@id\":\"https:\\\/\\\/www.bellunopress.it\\\/#\\\/schema\\\/logo\\\/image\\\/\"},\"sameAs\":[\"https:\\\/\\\/www.facebook.com\\\/profile.php?id=100008943462799\",\"https:\\\/\\\/x.com\\\/bellunopress\",\"https:\\\/\\\/www.linkedin.com\\\/hp\\\/?dnr=JBzUWaJfMUw8vbXJJ2tVW5-I3jZKvC4wsoxE&amp;amp;amp;amp;amp;amp;trk=nav_responsive_tab_home\",\"https:\\\/\\\/www.youtube.com\\\/channel\\\/UCxL0wu1uN0_3_7hGG0306cw\"]},{\"@type\":\"Person\",\"@id\":\"https:\\\/\\\/www.bellunopress.it\\\/#\\\/schema\\\/person\\\/79bb06722b37ece1c03d3e94beb30d73\",\"name\":\"redazione\",\"image\":{\"@type\":\"ImageObject\",\"inLanguage\":\"fr-FR\",\"@id\":\"https:\\\/\\\/secure.gravatar.com\\\/avatar\\\/37d968a2e67a6fd04c169c4bdef102d0bc5d31b2546345219e348575eb80e9a0?s=96&d=mm&r=g\",\"url\":\"https:\\\/\\\/secure.gravatar.com\\\/avatar\\\/37d968a2e67a6fd04c169c4bdef102d0bc5d31b2546345219e348575eb80e9a0?s=96&d=mm&r=g\",\"contentUrl\":\"https:\\\/\\\/secure.gravatar.com\\\/avatar\\\/37d968a2e67a6fd04c169c4bdef102d0bc5d31b2546345219e348575eb80e9a0?s=96&d=mm&r=g\",\"caption\":\"redazione\"},\"sameAs\":[\"http:\\\/\\\/www.bellunopress.it\",\"https:\\\/\\\/x.com\\\/bellunopress\"],\"url\":\"https:\\\/\\\/www.bellunopress.it\\\/fr\\\/author\\\/redazione\\\/\"}]}<\/script>\n<!-- \/ Yoast SEO plugin. -->","yoast_head_json":{"title":"Trasporto ai seggi per anziani e disagiati anche in vista delle nevicate grazie alla Protezione civile - Bellunopress - Dolomiti","robots":{"index":"index","follow":"follow","max-snippet":"max-snippet:-1","max-image-preview":"max-image-preview:large","max-video-preview":"max-video-preview:-1"},"canonical":"https:\/\/www.bellunopress.it\/fr\/2013\/02\/21\/trasporto-ai-seggi-per-anziani-e-disagiati-anche-in-vista-delle-nevicate-grazie-alla-protezione-civile\/","og_locale":"fr_FR","og_type":"article","og_title":"Trasporto ai seggi per anziani e disagiati anche in vista delle nevicate grazie alla Protezione civile - Bellunopress - Dolomiti","og_description":"Durante lo svolgersi delle elezioni, il gruppo di Protezione Civile del Comune di Belluno sar\u00e0 a disposizione per accompagnare al voto gli anziani o comunque chi sia in difficolt\u00e0, tenuto anche conto che in questi giorni sono previste nevicate che potrebbero rendere difficili gli spostamenti. Il servizio \u00e8 solo su chiamata, prenotandosi senza limiti di [&hellip;]","og_url":"https:\/\/www.bellunopress.it\/fr\/2013\/02\/21\/trasporto-ai-seggi-per-anziani-e-disagiati-anche-in-vista-delle-nevicate-grazie-alla-protezione-civile\/","og_site_name":"Bellunopress - Dolomiti","article_publisher":"https:\/\/www.facebook.com\/profile.php?id=100008943462799","article_published_time":"2013-02-21T17:40:42+00:00","og_image":[{"url":"http:\/\/www.bellunopress.it\/wp-content\/uploads\/2011\/06\/comune-belluno.gif","type":"","width":"","height":""}],"author":"redazione","twitter_card":"summary_large_image","twitter_creator":"@bellunopress","twitter_site":"@bellunopress","twitter_misc":{"\u00c9crit par":"redazione","Dur\u00e9e de lecture estim\u00e9e":"1 minute"},"schema":{"@context":"https:\/\/schema.org","@graph":[{"@type":"Article","@id":"https:\/\/www.bellunopress.it\/2013\/02\/21\/trasporto-ai-seggi-per-anziani-e-disagiati-anche-in-vista-delle-nevicate-grazie-alla-protezione-civile\/#article","isPartOf":{"@id":"https:\/\/www.bellunopress.it\/2013\/02\/21\/trasporto-ai-seggi-per-anziani-e-disagiati-anche-in-vista-delle-nevicate-grazie-alla-protezione-civile\/"},"author":{"name":"redazione","@id":"https:\/\/www.bellunopress.it\/#\/schema\/person\/79bb06722b37ece1c03d3e94beb30d73"},"headline":"Trasporto ai seggi per anziani e disagiati anche in vista delle nevicate grazie alla Protezione civile","datePublished":"2013-02-21T17:40:42+00:00","mainEntityOfPage":{"@id":"https:\/\/www.bellunopress.it\/2013\/02\/21\/trasporto-ai-seggi-per-anziani-e-disagiati-anche-in-vista-delle-nevicate-grazie-alla-protezione-civile\/"},"wordCount":132,"publisher":{"@id":"https:\/\/www.bellunopress.it\/#organization"},"image":{"@id":"https:\/\/www.bellunopress.it\/2013\/02\/21\/trasporto-ai-seggi-per-anziani-e-disagiati-anche-in-vista-delle-nevicate-grazie-alla-protezione-civile\/#primaryimage"},"thumbnailUrl":"http:\/\/www.bellunopress.it\/wp-content\/uploads\/2011\/06\/comune-belluno.gif","articleSection":["Prima Pagina","Societ\u00e0, Associazioni, Istituzioni"],"inLanguage":"fr-FR"},{"@type":"WebPage","@id":"https:\/\/www.bellunopress.it\/2013\/02\/21\/trasporto-ai-seggi-per-anziani-e-disagiati-anche-in-vista-delle-nevicate-grazie-alla-protezione-civile\/","url":"https:\/\/www.bellunopress.it\/2013\/02\/21\/trasporto-ai-seggi-per-anziani-e-disagiati-anche-in-vista-delle-nevicate-grazie-alla-protezione-civile\/","name":"Trasporto ai seggi per anziani e disagiati anche in vista delle nevicate grazie alla Protezione civile - Bellunopress - Dolomiti","isPartOf":{"@id":"https:\/\/www.bellunopress.it\/#website"},"primaryImageOfPage":{"@id":"https:\/\/www.bellunopress.it\/2013\/02\/21\/trasporto-ai-seggi-per-anziani-e-disagiati-anche-in-vista-delle-nevicate-grazie-alla-protezione-civile\/#primaryimage"},"image":{"@id":"https:\/\/www.bellunopress.it\/2013\/02\/21\/trasporto-ai-seggi-per-anziani-e-disagiati-anche-in-vista-delle-nevicate-grazie-alla-protezione-civile\/#primaryimage"},"thumbnailUrl":"http:\/\/www.bellunopress.it\/wp-content\/uploads\/2011\/06\/comune-belluno.gif","datePublished":"2013-02-21T17:40:42+00:00","breadcrumb":{"@id":"https:\/\/www.bellunopress.it\/2013\/02\/21\/trasporto-ai-seggi-per-anziani-e-disagiati-anche-in-vista-delle-nevicate-grazie-alla-protezione-civile\/#breadcrumb"},"inLanguage":"fr-FR","potentialAction":[{"@type":"ReadAction","target":["https:\/\/www.bellunopress.it\/2013\/02\/21\/trasporto-ai-seggi-per-anziani-e-disagiati-anche-in-vista-delle-nevicate-grazie-alla-protezione-civile\/"]}]},{"@type":"ImageObject","inLanguage":"fr-FR","@id":"https:\/\/www.bellunopress.it\/2013\/02\/21\/trasporto-ai-seggi-per-anziani-e-disagiati-anche-in-vista-delle-nevicate-grazie-alla-protezione-civile\/#primaryimage","url":"http:\/\/www.bellunopress.it\/wp-content\/uploads\/2011\/06\/comune-belluno.gif","contentUrl":"http:\/\/www.bellunopress.it\/wp-content\/uploads\/2011\/06\/comune-belluno.gif"},{"@type":"BreadcrumbList","@id":"https:\/\/www.bellunopress.it\/2013\/02\/21\/trasporto-ai-seggi-per-anziani-e-disagiati-anche-in-vista-delle-nevicate-grazie-alla-protezione-civile\/#breadcrumb","itemListElement":[{"@type":"ListItem","position":1,"name":"Home","item":"https:\/\/www.bellunopress.it\/"},{"@type":"ListItem","position":2,"name":"Trasporto ai seggi per anziani e disagiati anche in vista delle nevicate grazie alla Protezione civile"}]},{"@type":"WebSite","@id":"https:\/\/www.bellunopress.it\/#website","url":"https:\/\/www.bellunopress.it\/","name":"Bellunopress - Dolomiti","description":"e-mail: redazione@bellunopress.it","publisher":{"@id":"https:\/\/www.bellunopress.it\/#organization"},"potentialAction":[{"@type":"SearchAction","target":{"@type":"EntryPoint","urlTemplate":"https:\/\/www.bellunopress.it\/?s={search_term_string}"},"query-input":{"@type":"PropertyValueSpecification","valueRequired":true,"valueName":"search_term_string"}}],"inLanguage":"fr-FR"},{"@type":"Organization","@id":"https:\/\/www.bellunopress.it\/#organization","name":"Bellunopress","url":"https:\/\/www.bellunopress.it\/","logo":{"@type":"ImageObject","inLanguage":"fr-FR","@id":"https:\/\/www.bellunopress.it\/#\/schema\/logo\/image\/","url":"https:\/\/www.bellunopress.it\/wp-content\/uploads\/2011\/05\/cropped-logo-bellunopress-.jpg","contentUrl":"https:\/\/www.bellunopress.it\/wp-content\/uploads\/2011\/05\/cropped-logo-bellunopress-.jpg","width":512,"height":512,"caption":"Bellunopress"},"image":{"@id":"https:\/\/www.bellunopress.it\/#\/schema\/logo\/image\/"},"sameAs":["https:\/\/www.facebook.com\/profile.php?id=100008943462799","https:\/\/x.com\/bellunopress","https:\/\/www.linkedin.com\/hp\/?dnr=JBzUWaJfMUw8vbXJJ2tVW5-I3jZKvC4wsoxE&amp;amp;amp;amp;amp;amp;trk=nav_responsive_tab_home","https:\/\/www.youtube.com\/channel\/UCxL0wu1uN0_3_7hGG0306cw"]},{"@type":"Person","@id":"https:\/\/www.bellunopress.it\/#\/schema\/person\/79bb06722b37ece1c03d3e94beb30d73","name":"r\u00e9daction","image":{"@type":"ImageObject","inLanguage":"fr-FR","@id":"https:\/\/secure.gravatar.com\/avatar\/37d968a2e67a6fd04c169c4bdef102d0bc5d31b2546345219e348575eb80e9a0?s=96&d=mm&r=g","url":"https:\/\/secure.gravatar.com\/avatar\/37d968a2e67a6fd04c169c4bdef102d0bc5d31b2546345219e348575eb80e9a0?s=96&d=mm&r=g","contentUrl":"https:\/\/secure.gravatar.com\/avatar\/37d968a2e67a6fd04c169c4bdef102d0bc5d31b2546345219e348575eb80e9a0?s=96&d=mm&r=g","caption":"redazione"},"sameAs":["http:\/\/www.bellunopress.it","https:\/\/x.com\/bellunopress"],"url":"https:\/\/www.bellunopress.it\/fr\/author\/redazione\/"}]}},"_links":{"self":[{"href":"https:\/\/www.bellunopress.it\/fr\/wp-json\/wp\/v2\/posts\/46971","targetHints":{"allow":["GET"]}}],"collection":[{"href":"https:\/\/www.bellunopress.it\/fr\/wp-json\/wp\/v2\/posts"}],"about":[{"href":"https:\/\/www.bellunopress.it\/fr\/wp-json\/wp\/v2\/types\/post"}],"author":[{"embeddable":true,"href":"https:\/\/www.bellunopress.it\/fr\/wp-json\/wp\/v2\/users\/2"}],"replies":[{"embeddable":true,"href":"https:\/\/www.bellunopress.it\/fr\/wp-json\/wp\/v2\/comments?post=46971"}],"version-history":[{"count":1,"href":"https:\/\/www.bellunopress.it\/fr\/wp-json\/wp\/v2\/posts\/46971\/revisions"}],"predecessor-version":[{"id":46972,"href":"https:\/\/www.bellunopress.it\/fr\/wp-json\/wp\/v2\/posts\/46971\/revisions\/46972"}],"wp:attachment":[{"href":"https:\/\/www.bellunopress.it\/fr\/wp-json\/wp\/v2\/media?parent=46971"}],"wp:term":[{"taxonomy":"category","embeddable":true,"href":"https:\/\/www.bellunopress.it\/fr\/wp-json\/wp\/v2\/categories?post=46971"},{"taxonomy":"post_tag","embeddable":true,"href":"https:\/\/www.bellunopress.it\/fr\/wp-json\/wp\/v2\/tags?post=46971"}],"curies":[{"name":"wp","href":"https:\/\/api.w.org\/{rel}","templated":true}]}}