{"id":46958,"date":"2013-02-21T08:48:34","date_gmt":"2013-02-21T07:48:34","guid":{"rendered":"http:\/\/www.bellunopress.it\/?p=46958"},"modified":"2013-02-21T08:48:34","modified_gmt":"2013-02-21T07:48:34","slug":"imprese-agricole-e-microimprese-in-arrivo-i-bandi-di-finanziamento-del-gal","status":"publish","type":"post","link":"https:\/\/www.bellunopress.it\/fr\/2013\/02\/21\/imprese-agricole-e-microimprese-in-arrivo-i-bandi-di-finanziamento-del-gal\/","title":{"rendered":"Imprese agricole e microimprese: in arrivo i bandi di finanziamento del Gal"},"content":{"rendered":"<p><a href=\"http:\/\/www.bellunopress.it\/wp-content\/uploads\/2013\/02\/GAL_Prealpi_Dolomiti.jpg\"><img loading=\"lazy\" decoding=\"async\" class=\"alignleft size-full wp-image-46959\" alt=\"GAL_Prealpi_Dolomiti\" src=\"http:\/\/www.bellunopress.it\/wp-content\/uploads\/2013\/02\/GAL_Prealpi_Dolomiti.jpg\" width=\"170\" height=\"113\" \/><\/a>Il Gal (Gruppo di azione locale) Prealpi e Dolomiti intende procedere con l\u2019apertura di due bandi pubblici sulla mis. 121 \u201cAmmodernamento delle imprese agricole\u201d e sulla mis. 312 \u201cSostegno alla creazione e allo sviluppo di microimprese\u201d az. 1 \u201cCreazione e sviluppo di microimprese\u201d.<\/p>\n<p>I bandi verranno pubblicati non appena la Regione Veneto avr\u00e0 espresso il proprio parere di conformit\u00e0.<\/p>\n<p>Misura 121 \u201cAmmodernamento delle imprese agricole\u201d.<\/p>\n<p>I soggetti richiedenti dovranno essere imprenditori agricoli e gli interventi ammissibili riguarderanno l\u2019ammodernamento strutturale, tecnologico, organizzativo-strategico dell\u2019azienda.<\/p>\n<p>L\u2019importo complessivo che sar\u00e0 messo a bando \u00e8 di circa 250.000 Euro con un livello di aiuto del 50%, elevata al 60% per i giovani imprenditori.<\/p>\n<p>L\u2019importo massimo ammesso a finanziamento sar\u00e0 pari a 100.000 Euro, mentre la spesa minima ammissibile sar\u00e0 fissata a 15.000 Euro.<\/p>\n<p>Misura 312 \u201cSostegno alla creazione e allo sviluppo di microimprese\u201d az. 1 \u201cCreazione e sviluppo di microimprese\u201d.<\/p>\n<p>I soggetti richiedenti saranno le microimprese con riferimento ai settori imprenditoriali dell\u2019artigianato artistico tradizionale locale, dei servizi alla persona, degli esercizi di vicinato, degli esercizi polifunzionali, con specifico riferimento ai codici ATECO riportati nel sito del Gal http:\/\/www.gal2.it\/download.<\/p>\n<p>Gli interventi ammissibili potranno riguardare sia investimenti strutturali sia dotazionali.<\/p>\n<p>L\u2019importo complessivo che sar\u00e0 messo a bando \u00e8 di circa 170.000 Euro con un livello di aiuto variabile a seconda dell\u2019investimento proposto.<\/p>\n<p>L\u2019importo massimo ammesso a finanziamento sar\u00e0 pari a 130.000 Euro.<\/p>\n<p>&nbsp;<\/p>","protected":false},"excerpt":{"rendered":"<p>Il Gal (Gruppo di azione locale) Prealpi e Dolomiti intende procedere con l\u2019apertura di due bandi pubblici sulla mis. 121 \u201cAmmodernamento delle imprese agricole\u201d e sulla mis. 312 \u201cSostegno alla creazione e allo sviluppo di microimprese\u201d az. 1 \u201cCreazione e sviluppo di microimprese\u201d. I bandi verranno pubblicati non appena la Regione Veneto avr\u00e0 espresso il [&hellip;]<\/p>\n","protected":false},"author":2,"featured_media":0,"comment_status":"closed","ping_status":"open","sticky":false,"template":"","format":"standard","meta":{"footnotes":""},"categories":[36,26],"tags":[],"class_list":["post-46958","post","type-post","status-publish","format-standard","category-lavoro-economia","category-prima-pagina"],"yoast_head":"<!-- This site is optimized with the Yoast SEO plugin v28.4 - https:\/\/yoast.com\/product\/yoast-seo-wordpress\/ -->\n<title>Imprese agricole e microimprese: in arrivo i bandi di finanziamento del Gal - Bellunopress - Dolomiti<\/title>\n<meta name=\"robots\" content=\"index, follow, max-snippet:-1, max-image-preview:large, max-video-preview:-1\" \/>\n<link rel=\"canonical\" href=\"https:\/\/www.bellunopress.it\/fr\/2013\/02\/21\/imprese-agricole-e-microimprese-in-arrivo-i-bandi-di-finanziamento-del-gal\/\" \/>\n<meta property=\"og:locale\" content=\"fr_FR\" \/>\n<meta property=\"og:type\" content=\"article\" \/>\n<meta property=\"og:title\" content=\"Imprese agricole e microimprese: in arrivo i bandi di finanziamento del Gal - Bellunopress - Dolomiti\" \/>\n<meta property=\"og:description\" content=\"Il Gal (Gruppo di azione locale) Prealpi e Dolomiti intende procedere con l\u2019apertura di due bandi pubblici sulla mis. 121 \u201cAmmodernamento delle imprese agricole\u201d e sulla mis. 312 \u201cSostegno alla creazione e allo sviluppo di microimprese\u201d az. 1 \u201cCreazione e sviluppo di microimprese\u201d. I bandi verranno pubblicati non appena la Regione Veneto avr\u00e0 espresso il [&hellip;]\" \/>\n<meta property=\"og:url\" content=\"https:\/\/www.bellunopress.it\/fr\/2013\/02\/21\/imprese-agricole-e-microimprese-in-arrivo-i-bandi-di-finanziamento-del-gal\/\" \/>\n<meta property=\"og:site_name\" content=\"Bellunopress - Dolomiti\" \/>\n<meta property=\"article:publisher\" content=\"https:\/\/www.facebook.com\/profile.php?id=100008943462799\" \/>\n<meta property=\"article:published_time\" content=\"2013-02-21T07:48:34+00:00\" \/>\n<meta property=\"og:image\" content=\"http:\/\/www.bellunopress.it\/wp-content\/uploads\/2013\/02\/GAL_Prealpi_Dolomiti.jpg\" \/>\n<meta name=\"author\" content=\"redazione\" \/>\n<meta name=\"twitter:card\" content=\"summary_large_image\" \/>\n<meta name=\"twitter:creator\" content=\"@bellunopress\" \/>\n<meta name=\"twitter:site\" content=\"@bellunopress\" \/>\n<meta name=\"twitter:label1\" content=\"\u00c9crit par\" \/>\n\t<meta name=\"twitter:data1\" content=\"redazione\" \/>\n\t<meta name=\"twitter:label2\" content=\"Dur\u00e9e de lecture estim\u00e9e\" \/>\n\t<meta name=\"twitter:data2\" content=\"1 minute\" \/>\n<script type=\"application\/ld+json\" class=\"yoast-schema-graph\">{\"@context\":\"https:\\\/\\\/schema.org\",\"@graph\":[{\"@type\":\"Article\",\"@id\":\"https:\\\/\\\/www.bellunopress.it\\\/2013\\\/02\\\/21\\\/imprese-agricole-e-microimprese-in-arrivo-i-bandi-di-finanziamento-del-gal\\\/#article\",\"isPartOf\":{\"@id\":\"https:\\\/\\\/www.bellunopress.it\\\/2013\\\/02\\\/21\\\/imprese-agricole-e-microimprese-in-arrivo-i-bandi-di-finanziamento-del-gal\\\/\"},\"author\":{\"name\":\"redazione\",\"@id\":\"https:\\\/\\\/www.bellunopress.it\\\/#\\\/schema\\\/person\\\/79bb06722b37ece1c03d3e94beb30d73\"},\"headline\":\"Imprese agricole e microimprese: in arrivo i bandi di finanziamento del Gal\",\"datePublished\":\"2013-02-21T07:48:34+00:00\",\"mainEntityOfPage\":{\"@id\":\"https:\\\/\\\/www.bellunopress.it\\\/2013\\\/02\\\/21\\\/imprese-agricole-e-microimprese-in-arrivo-i-bandi-di-finanziamento-del-gal\\\/\"},\"wordCount\":236,\"publisher\":{\"@id\":\"https:\\\/\\\/www.bellunopress.it\\\/#organization\"},\"image\":{\"@id\":\"https:\\\/\\\/www.bellunopress.it\\\/2013\\\/02\\\/21\\\/imprese-agricole-e-microimprese-in-arrivo-i-bandi-di-finanziamento-del-gal\\\/#primaryimage\"},\"thumbnailUrl\":\"http:\\\/\\\/www.bellunopress.it\\\/wp-content\\\/uploads\\\/2013\\\/02\\\/GAL_Prealpi_Dolomiti.jpg\",\"articleSection\":[\"Lavoro, Economia, Turismo\",\"Prima Pagina\"],\"inLanguage\":\"fr-FR\"},{\"@type\":\"WebPage\",\"@id\":\"https:\\\/\\\/www.bellunopress.it\\\/2013\\\/02\\\/21\\\/imprese-agricole-e-microimprese-in-arrivo-i-bandi-di-finanziamento-del-gal\\\/\",\"url\":\"https:\\\/\\\/www.bellunopress.it\\\/2013\\\/02\\\/21\\\/imprese-agricole-e-microimprese-in-arrivo-i-bandi-di-finanziamento-del-gal\\\/\",\"name\":\"Imprese agricole e microimprese: in arrivo i bandi di finanziamento del Gal - Bellunopress - Dolomiti\",\"isPartOf\":{\"@id\":\"https:\\\/\\\/www.bellunopress.it\\\/#website\"},\"primaryImageOfPage\":{\"@id\":\"https:\\\/\\\/www.bellunopress.it\\\/2013\\\/02\\\/21\\\/imprese-agricole-e-microimprese-in-arrivo-i-bandi-di-finanziamento-del-gal\\\/#primaryimage\"},\"image\":{\"@id\":\"https:\\\/\\\/www.bellunopress.it\\\/2013\\\/02\\\/21\\\/imprese-agricole-e-microimprese-in-arrivo-i-bandi-di-finanziamento-del-gal\\\/#primaryimage\"},\"thumbnailUrl\":\"http:\\\/\\\/www.bellunopress.it\\\/wp-content\\\/uploads\\\/2013\\\/02\\\/GAL_Prealpi_Dolomiti.jpg\",\"datePublished\":\"2013-02-21T07:48:34+00:00\",\"breadcrumb\":{\"@id\":\"https:\\\/\\\/www.bellunopress.it\\\/2013\\\/02\\\/21\\\/imprese-agricole-e-microimprese-in-arrivo-i-bandi-di-finanziamento-del-gal\\\/#breadcrumb\"},\"inLanguage\":\"fr-FR\",\"potentialAction\":[{\"@type\":\"ReadAction\",\"target\":[\"https:\\\/\\\/www.bellunopress.it\\\/2013\\\/02\\\/21\\\/imprese-agricole-e-microimprese-in-arrivo-i-bandi-di-finanziamento-del-gal\\\/\"]}]},{\"@type\":\"ImageObject\",\"inLanguage\":\"fr-FR\",\"@id\":\"https:\\\/\\\/www.bellunopress.it\\\/2013\\\/02\\\/21\\\/imprese-agricole-e-microimprese-in-arrivo-i-bandi-di-finanziamento-del-gal\\\/#primaryimage\",\"url\":\"http:\\\/\\\/www.bellunopress.it\\\/wp-content\\\/uploads\\\/2013\\\/02\\\/GAL_Prealpi_Dolomiti.jpg\",\"contentUrl\":\"http:\\\/\\\/www.bellunopress.it\\\/wp-content\\\/uploads\\\/2013\\\/02\\\/GAL_Prealpi_Dolomiti.jpg\"},{\"@type\":\"BreadcrumbList\",\"@id\":\"https:\\\/\\\/www.bellunopress.it\\\/2013\\\/02\\\/21\\\/imprese-agricole-e-microimprese-in-arrivo-i-bandi-di-finanziamento-del-gal\\\/#breadcrumb\",\"itemListElement\":[{\"@type\":\"ListItem\",\"position\":1,\"name\":\"Home\",\"item\":\"https:\\\/\\\/www.bellunopress.it\\\/\"},{\"@type\":\"ListItem\",\"position\":2,\"name\":\"Imprese agricole e microimprese: in arrivo i bandi di finanziamento del Gal\"}]},{\"@type\":\"WebSite\",\"@id\":\"https:\\\/\\\/www.bellunopress.it\\\/#website\",\"url\":\"https:\\\/\\\/www.bellunopress.it\\\/\",\"name\":\"Bellunopress - Dolomiti\",\"description\":\"e-mail: redazione@bellunopress.it\",\"publisher\":{\"@id\":\"https:\\\/\\\/www.bellunopress.it\\\/#organization\"},\"potentialAction\":[{\"@type\":\"SearchAction\",\"target\":{\"@type\":\"EntryPoint\",\"urlTemplate\":\"https:\\\/\\\/www.bellunopress.it\\\/?s={search_term_string}\"},\"query-input\":{\"@type\":\"PropertyValueSpecification\",\"valueRequired\":true,\"valueName\":\"search_term_string\"}}],\"inLanguage\":\"fr-FR\"},{\"@type\":\"Organization\",\"@id\":\"https:\\\/\\\/www.bellunopress.it\\\/#organization\",\"name\":\"Bellunopress\",\"url\":\"https:\\\/\\\/www.bellunopress.it\\\/\",\"logo\":{\"@type\":\"ImageObject\",\"inLanguage\":\"fr-FR\",\"@id\":\"https:\\\/\\\/www.bellunopress.it\\\/#\\\/schema\\\/logo\\\/image\\\/\",\"url\":\"https:\\\/\\\/www.bellunopress.it\\\/wp-content\\\/uploads\\\/2011\\\/05\\\/cropped-logo-bellunopress-.jpg\",\"contentUrl\":\"https:\\\/\\\/www.bellunopress.it\\\/wp-content\\\/uploads\\\/2011\\\/05\\\/cropped-logo-bellunopress-.jpg\",\"width\":512,\"height\":512,\"caption\":\"Bellunopress\"},\"image\":{\"@id\":\"https:\\\/\\\/www.bellunopress.it\\\/#\\\/schema\\\/logo\\\/image\\\/\"},\"sameAs\":[\"https:\\\/\\\/www.facebook.com\\\/profile.php?id=100008943462799\",\"https:\\\/\\\/x.com\\\/bellunopress\",\"https:\\\/\\\/www.linkedin.com\\\/hp\\\/?dnr=JBzUWaJfMUw8vbXJJ2tVW5-I3jZKvC4wsoxE&amp;amp;amp;amp;amp;amp;trk=nav_responsive_tab_home\",\"https:\\\/\\\/www.youtube.com\\\/channel\\\/UCxL0wu1uN0_3_7hGG0306cw\"]},{\"@type\":\"Person\",\"@id\":\"https:\\\/\\\/www.bellunopress.it\\\/#\\\/schema\\\/person\\\/79bb06722b37ece1c03d3e94beb30d73\",\"name\":\"redazione\",\"image\":{\"@type\":\"ImageObject\",\"inLanguage\":\"fr-FR\",\"@id\":\"https:\\\/\\\/secure.gravatar.com\\\/avatar\\\/37d968a2e67a6fd04c169c4bdef102d0bc5d31b2546345219e348575eb80e9a0?s=96&d=mm&r=g\",\"url\":\"https:\\\/\\\/secure.gravatar.com\\\/avatar\\\/37d968a2e67a6fd04c169c4bdef102d0bc5d31b2546345219e348575eb80e9a0?s=96&d=mm&r=g\",\"contentUrl\":\"https:\\\/\\\/secure.gravatar.com\\\/avatar\\\/37d968a2e67a6fd04c169c4bdef102d0bc5d31b2546345219e348575eb80e9a0?s=96&d=mm&r=g\",\"caption\":\"redazione\"},\"sameAs\":[\"http:\\\/\\\/www.bellunopress.it\",\"https:\\\/\\\/x.com\\\/bellunopress\"],\"url\":\"https:\\\/\\\/www.bellunopress.it\\\/fr\\\/author\\\/redazione\\\/\"}]}<\/script>\n<!-- \/ Yoast SEO plugin. -->","yoast_head_json":{"title":"Imprese agricole e microimprese: in arrivo i bandi di finanziamento del Gal - Bellunopress - Dolomiti","robots":{"index":"index","follow":"follow","max-snippet":"max-snippet:-1","max-image-preview":"max-image-preview:large","max-video-preview":"max-video-preview:-1"},"canonical":"https:\/\/www.bellunopress.it\/fr\/2013\/02\/21\/imprese-agricole-e-microimprese-in-arrivo-i-bandi-di-finanziamento-del-gal\/","og_locale":"fr_FR","og_type":"article","og_title":"Imprese agricole e microimprese: in arrivo i bandi di finanziamento del Gal - Bellunopress - Dolomiti","og_description":"Il Gal (Gruppo di azione locale) Prealpi e Dolomiti intende procedere con l\u2019apertura di due bandi pubblici sulla mis. 121 \u201cAmmodernamento delle imprese agricole\u201d e sulla mis. 312 \u201cSostegno alla creazione e allo sviluppo di microimprese\u201d az. 1 \u201cCreazione e sviluppo di microimprese\u201d. I bandi verranno pubblicati non appena la Regione Veneto avr\u00e0 espresso il [&hellip;]","og_url":"https:\/\/www.bellunopress.it\/fr\/2013\/02\/21\/imprese-agricole-e-microimprese-in-arrivo-i-bandi-di-finanziamento-del-gal\/","og_site_name":"Bellunopress - Dolomiti","article_publisher":"https:\/\/www.facebook.com\/profile.php?id=100008943462799","article_published_time":"2013-02-21T07:48:34+00:00","og_image":[{"url":"http:\/\/www.bellunopress.it\/wp-content\/uploads\/2013\/02\/GAL_Prealpi_Dolomiti.jpg","type":"","width":"","height":""}],"author":"redazione","twitter_card":"summary_large_image","twitter_creator":"@bellunopress","twitter_site":"@bellunopress","twitter_misc":{"\u00c9crit par":"redazione","Dur\u00e9e de lecture estim\u00e9e":"1 minute"},"schema":{"@context":"https:\/\/schema.org","@graph":[{"@type":"Article","@id":"https:\/\/www.bellunopress.it\/2013\/02\/21\/imprese-agricole-e-microimprese-in-arrivo-i-bandi-di-finanziamento-del-gal\/#article","isPartOf":{"@id":"https:\/\/www.bellunopress.it\/2013\/02\/21\/imprese-agricole-e-microimprese-in-arrivo-i-bandi-di-finanziamento-del-gal\/"},"author":{"name":"redazione","@id":"https:\/\/www.bellunopress.it\/#\/schema\/person\/79bb06722b37ece1c03d3e94beb30d73"},"headline":"Imprese agricole e microimprese: in arrivo i bandi di finanziamento del Gal","datePublished":"2013-02-21T07:48:34+00:00","mainEntityOfPage":{"@id":"https:\/\/www.bellunopress.it\/2013\/02\/21\/imprese-agricole-e-microimprese-in-arrivo-i-bandi-di-finanziamento-del-gal\/"},"wordCount":236,"publisher":{"@id":"https:\/\/www.bellunopress.it\/#organization"},"image":{"@id":"https:\/\/www.bellunopress.it\/2013\/02\/21\/imprese-agricole-e-microimprese-in-arrivo-i-bandi-di-finanziamento-del-gal\/#primaryimage"},"thumbnailUrl":"http:\/\/www.bellunopress.it\/wp-content\/uploads\/2013\/02\/GAL_Prealpi_Dolomiti.jpg","articleSection":["Lavoro, Economia, Turismo","Prima Pagina"],"inLanguage":"fr-FR"},{"@type":"WebPage","@id":"https:\/\/www.bellunopress.it\/2013\/02\/21\/imprese-agricole-e-microimprese-in-arrivo-i-bandi-di-finanziamento-del-gal\/","url":"https:\/\/www.bellunopress.it\/2013\/02\/21\/imprese-agricole-e-microimprese-in-arrivo-i-bandi-di-finanziamento-del-gal\/","name":"Imprese agricole e microimprese: in arrivo i bandi di finanziamento del Gal - Bellunopress - Dolomiti","isPartOf":{"@id":"https:\/\/www.bellunopress.it\/#website"},"primaryImageOfPage":{"@id":"https:\/\/www.bellunopress.it\/2013\/02\/21\/imprese-agricole-e-microimprese-in-arrivo-i-bandi-di-finanziamento-del-gal\/#primaryimage"},"image":{"@id":"https:\/\/www.bellunopress.it\/2013\/02\/21\/imprese-agricole-e-microimprese-in-arrivo-i-bandi-di-finanziamento-del-gal\/#primaryimage"},"thumbnailUrl":"http:\/\/www.bellunopress.it\/wp-content\/uploads\/2013\/02\/GAL_Prealpi_Dolomiti.jpg","datePublished":"2013-02-21T07:48:34+00:00","breadcrumb":{"@id":"https:\/\/www.bellunopress.it\/2013\/02\/21\/imprese-agricole-e-microimprese-in-arrivo-i-bandi-di-finanziamento-del-gal\/#breadcrumb"},"inLanguage":"fr-FR","potentialAction":[{"@type":"ReadAction","target":["https:\/\/www.bellunopress.it\/2013\/02\/21\/imprese-agricole-e-microimprese-in-arrivo-i-bandi-di-finanziamento-del-gal\/"]}]},{"@type":"ImageObject","inLanguage":"fr-FR","@id":"https:\/\/www.bellunopress.it\/2013\/02\/21\/imprese-agricole-e-microimprese-in-arrivo-i-bandi-di-finanziamento-del-gal\/#primaryimage","url":"http:\/\/www.bellunopress.it\/wp-content\/uploads\/2013\/02\/GAL_Prealpi_Dolomiti.jpg","contentUrl":"http:\/\/www.bellunopress.it\/wp-content\/uploads\/2013\/02\/GAL_Prealpi_Dolomiti.jpg"},{"@type":"BreadcrumbList","@id":"https:\/\/www.bellunopress.it\/2013\/02\/21\/imprese-agricole-e-microimprese-in-arrivo-i-bandi-di-finanziamento-del-gal\/#breadcrumb","itemListElement":[{"@type":"ListItem","position":1,"name":"Home","item":"https:\/\/www.bellunopress.it\/"},{"@type":"ListItem","position":2,"name":"Imprese agricole e microimprese: in arrivo i bandi di finanziamento del Gal"}]},{"@type":"WebSite","@id":"https:\/\/www.bellunopress.it\/#website","url":"https:\/\/www.bellunopress.it\/","name":"Bellunopress - Dolomiti","description":"e-mail: redazione@bellunopress.it","publisher":{"@id":"https:\/\/www.bellunopress.it\/#organization"},"potentialAction":[{"@type":"SearchAction","target":{"@type":"EntryPoint","urlTemplate":"https:\/\/www.bellunopress.it\/?s={search_term_string}"},"query-input":{"@type":"PropertyValueSpecification","valueRequired":true,"valueName":"search_term_string"}}],"inLanguage":"fr-FR"},{"@type":"Organization","@id":"https:\/\/www.bellunopress.it\/#organization","name":"Bellunopress","url":"https:\/\/www.bellunopress.it\/","logo":{"@type":"ImageObject","inLanguage":"fr-FR","@id":"https:\/\/www.bellunopress.it\/#\/schema\/logo\/image\/","url":"https:\/\/www.bellunopress.it\/wp-content\/uploads\/2011\/05\/cropped-logo-bellunopress-.jpg","contentUrl":"https:\/\/www.bellunopress.it\/wp-content\/uploads\/2011\/05\/cropped-logo-bellunopress-.jpg","width":512,"height":512,"caption":"Bellunopress"},"image":{"@id":"https:\/\/www.bellunopress.it\/#\/schema\/logo\/image\/"},"sameAs":["https:\/\/www.facebook.com\/profile.php?id=100008943462799","https:\/\/x.com\/bellunopress","https:\/\/www.linkedin.com\/hp\/?dnr=JBzUWaJfMUw8vbXJJ2tVW5-I3jZKvC4wsoxE&amp;amp;amp;amp;amp;amp;trk=nav_responsive_tab_home","https:\/\/www.youtube.com\/channel\/UCxL0wu1uN0_3_7hGG0306cw"]},{"@type":"Person","@id":"https:\/\/www.bellunopress.it\/#\/schema\/person\/79bb06722b37ece1c03d3e94beb30d73","name":"r\u00e9daction","image":{"@type":"ImageObject","inLanguage":"fr-FR","@id":"https:\/\/secure.gravatar.com\/avatar\/37d968a2e67a6fd04c169c4bdef102d0bc5d31b2546345219e348575eb80e9a0?s=96&d=mm&r=g","url":"https:\/\/secure.gravatar.com\/avatar\/37d968a2e67a6fd04c169c4bdef102d0bc5d31b2546345219e348575eb80e9a0?s=96&d=mm&r=g","contentUrl":"https:\/\/secure.gravatar.com\/avatar\/37d968a2e67a6fd04c169c4bdef102d0bc5d31b2546345219e348575eb80e9a0?s=96&d=mm&r=g","caption":"redazione"},"sameAs":["http:\/\/www.bellunopress.it","https:\/\/x.com\/bellunopress"],"url":"https:\/\/www.bellunopress.it\/fr\/author\/redazione\/"}]}},"_links":{"self":[{"href":"https:\/\/www.bellunopress.it\/fr\/wp-json\/wp\/v2\/posts\/46958","targetHints":{"allow":["GET"]}}],"collection":[{"href":"https:\/\/www.bellunopress.it\/fr\/wp-json\/wp\/v2\/posts"}],"about":[{"href":"https:\/\/www.bellunopress.it\/fr\/wp-json\/wp\/v2\/types\/post"}],"author":[{"embeddable":true,"href":"https:\/\/www.bellunopress.it\/fr\/wp-json\/wp\/v2\/users\/2"}],"replies":[{"embeddable":true,"href":"https:\/\/www.bellunopress.it\/fr\/wp-json\/wp\/v2\/comments?post=46958"}],"version-history":[{"count":1,"href":"https:\/\/www.bellunopress.it\/fr\/wp-json\/wp\/v2\/posts\/46958\/revisions"}],"predecessor-version":[{"id":46960,"href":"https:\/\/www.bellunopress.it\/fr\/wp-json\/wp\/v2\/posts\/46958\/revisions\/46960"}],"wp:attachment":[{"href":"https:\/\/www.bellunopress.it\/fr\/wp-json\/wp\/v2\/media?parent=46958"}],"wp:term":[{"taxonomy":"category","embeddable":true,"href":"https:\/\/www.bellunopress.it\/fr\/wp-json\/wp\/v2\/categories?post=46958"},{"taxonomy":"post_tag","embeddable":true,"href":"https:\/\/www.bellunopress.it\/fr\/wp-json\/wp\/v2\/tags?post=46958"}],"curies":[{"name":"wp","href":"https:\/\/api.w.org\/{rel}","templated":true}]}}