{"id":46952,"date":"2013-02-20T20:48:56","date_gmt":"2013-02-20T19:48:56","guid":{"rendered":"http:\/\/www.bellunopress.it\/?p=46952"},"modified":"2013-02-20T20:48:56","modified_gmt":"2013-02-20T19:48:56","slug":"rabbia-cessato-allarme-dopo-3-anni-il-veneto-torna-nello-status-indenne-dalla-malattia","status":"publish","type":"post","link":"https:\/\/www.bellunopress.it\/fr\/2013\/02\/20\/rabbia-cessato-allarme-dopo-3-anni-il-veneto-torna-nello-status-indenne-dalla-malattia\/","title":{"rendered":"Rabbia, cessato allarme. Dopo 3 anni il Veneto torna nello status &#8220;indenne&#8221; dalla malattia"},"content":{"rendered":"<p><a href=\"http:\/\/www.bellunopress.it\/wp-content\/uploads\/2010\/11\/regione-veneto.bmp\"><img decoding=\"async\" class=\"alignleft size-full wp-image-21561\" alt=\"regione-veneto\" src=\"http:\/\/www.bellunopress.it\/wp-content\/uploads\/2010\/11\/regione-veneto.bmp\" \/><\/a>L\u2019intero territorio del Veneto ha riacquisito, dopo oltre 3 anni, lo status di indennit\u00e0 dalla rabbia silvestre che, a partire dal 2008-2009, aveva progressivamente colpito le Regioni Friuli Venezia Giulia, Veneto e parte delle Province Autonome di Bolzano e Trento.<\/p>\n<p>Ne d\u00e0 notizia con soddisfazione l\u2019assessore regionale alla caccia.<\/p>\n<p>\u201cLa novit\u00e0 \u2013 riferisce \u2013 ci \u00e8 stata formalizzata con una nota dal Ministero della Salute, ed \u00e8 una novit\u00e0 molto positiva, perch\u00e9 questa situazione aveva creato molti disagi anche al mondo venatorio per la movimentazione e la vaccinazione dei cani. Un mondo venatorio che ha dato un notevole contributo all\u2019eradicazione della malattia, collaborando al presidio del territorio e monitorando ovunque possibile l\u2019andamento delle campagne vaccinali e la presenza di eventuali animali infetti\u201d.<\/p>\n<p>Tra le azioni adottate per combattere la rabbia era stato adottato un vasto piano di vaccinazione orale antirabbica nelle volpi, oltre alla vaccinazione obbligatoria dei cani introdotti e residenti nelle Regioni coinvolte dall\u2019emergenza e degli animali domestici condotti al pascolo nei territori a rischio.<\/p>\n<p>Nell\u2019ultima riunione della specifica unit\u00e0 di crisi nazionale \u00e8 stato attestato che sono trascorsi i 2 anni di vaccinazione dall\u2019ultimo caso accertato, come richiesto dall\u2019Unione Europea e che i dati di sorveglianza della malattia risultano favorevoli.<\/p>\n<p>&nbsp;<\/p>","protected":false},"excerpt":{"rendered":"<p>L\u2019intero territorio del Veneto ha riacquisito, dopo oltre 3 anni, lo status di indennit\u00e0 dalla rabbia silvestre che, a partire dal 2008-2009, aveva progressivamente colpito le Regioni Friuli Venezia Giulia, Veneto e parte delle Province Autonome di Bolzano e Trento. Ne d\u00e0 notizia con soddisfazione l\u2019assessore regionale alla caccia. \u201cLa novit\u00e0 \u2013 riferisce \u2013 ci [&hellip;]<\/p>\n","protected":false},"author":2,"featured_media":0,"comment_status":"closed","ping_status":"open","sticky":false,"template":"","format":"standard","meta":{"footnotes":""},"categories":[38,26,8],"tags":[],"class_list":["post-46952","post","type-post","status-publish","format-standard","category-natura-ambiente","category-prima-pagina","category-societa-istituzioni"],"yoast_head":"<!-- This site is optimized with the Yoast SEO plugin v28.4 - https:\/\/yoast.com\/product\/yoast-seo-wordpress\/ -->\n<title>Rabbia, cessato allarme. Dopo 3 anni il Veneto torna nello status &quot;indenne&quot; dalla malattia - Bellunopress - Dolomiti<\/title>\n<meta name=\"robots\" content=\"index, follow, max-snippet:-1, max-image-preview:large, max-video-preview:-1\" \/>\n<link rel=\"canonical\" href=\"https:\/\/www.bellunopress.it\/fr\/2013\/02\/20\/rabbia-cessato-allarme-dopo-3-anni-il-veneto-torna-nello-status-indenne-dalla-malattia\/\" \/>\n<meta property=\"og:locale\" content=\"fr_FR\" \/>\n<meta property=\"og:type\" content=\"article\" \/>\n<meta property=\"og:title\" content=\"Rabbia, cessato allarme. Dopo 3 anni il Veneto torna nello status &quot;indenne&quot; dalla malattia - Bellunopress - Dolomiti\" \/>\n<meta property=\"og:description\" content=\"L\u2019intero territorio del Veneto ha riacquisito, dopo oltre 3 anni, lo status di indennit\u00e0 dalla rabbia silvestre che, a partire dal 2008-2009, aveva progressivamente colpito le Regioni Friuli Venezia Giulia, Veneto e parte delle Province Autonome di Bolzano e Trento. Ne d\u00e0 notizia con soddisfazione l\u2019assessore regionale alla caccia. \u201cLa novit\u00e0 \u2013 riferisce \u2013 ci [&hellip;]\" \/>\n<meta property=\"og:url\" content=\"https:\/\/www.bellunopress.it\/fr\/2013\/02\/20\/rabbia-cessato-allarme-dopo-3-anni-il-veneto-torna-nello-status-indenne-dalla-malattia\/\" \/>\n<meta property=\"og:site_name\" content=\"Bellunopress - Dolomiti\" \/>\n<meta property=\"article:publisher\" content=\"https:\/\/www.facebook.com\/profile.php?id=100008943462799\" \/>\n<meta property=\"article:published_time\" content=\"2013-02-20T19:48:56+00:00\" \/>\n<meta property=\"og:image\" content=\"http:\/\/www.bellunopress.it\/wp-content\/uploads\/2010\/11\/regione-veneto.bmp\" \/>\n<meta name=\"author\" content=\"redazione\" \/>\n<meta name=\"twitter:card\" content=\"summary_large_image\" \/>\n<meta name=\"twitter:creator\" content=\"@bellunopress\" \/>\n<meta name=\"twitter:site\" content=\"@bellunopress\" \/>\n<meta name=\"twitter:label1\" content=\"\u00c9crit par\" \/>\n\t<meta name=\"twitter:data1\" content=\"redazione\" \/>\n\t<meta name=\"twitter:label2\" content=\"Dur\u00e9e de lecture estim\u00e9e\" \/>\n\t<meta name=\"twitter:data2\" content=\"1 minute\" \/>\n<script type=\"application\/ld+json\" class=\"yoast-schema-graph\">{\"@context\":\"https:\\\/\\\/schema.org\",\"@graph\":[{\"@type\":\"Article\",\"@id\":\"https:\\\/\\\/www.bellunopress.it\\\/2013\\\/02\\\/20\\\/rabbia-cessato-allarme-dopo-3-anni-il-veneto-torna-nello-status-indenne-dalla-malattia\\\/#article\",\"isPartOf\":{\"@id\":\"https:\\\/\\\/www.bellunopress.it\\\/2013\\\/02\\\/20\\\/rabbia-cessato-allarme-dopo-3-anni-il-veneto-torna-nello-status-indenne-dalla-malattia\\\/\"},\"author\":{\"name\":\"redazione\",\"@id\":\"https:\\\/\\\/www.bellunopress.it\\\/#\\\/schema\\\/person\\\/79bb06722b37ece1c03d3e94beb30d73\"},\"headline\":\"Rabbia, cessato allarme. Dopo 3 anni il Veneto torna nello status &#8220;indenne&#8221; dalla malattia\",\"datePublished\":\"2013-02-20T19:48:56+00:00\",\"mainEntityOfPage\":{\"@id\":\"https:\\\/\\\/www.bellunopress.it\\\/2013\\\/02\\\/20\\\/rabbia-cessato-allarme-dopo-3-anni-il-veneto-torna-nello-status-indenne-dalla-malattia\\\/\"},\"wordCount\":217,\"publisher\":{\"@id\":\"https:\\\/\\\/www.bellunopress.it\\\/#organization\"},\"image\":{\"@id\":\"https:\\\/\\\/www.bellunopress.it\\\/2013\\\/02\\\/20\\\/rabbia-cessato-allarme-dopo-3-anni-il-veneto-torna-nello-status-indenne-dalla-malattia\\\/#primaryimage\"},\"thumbnailUrl\":\"http:\\\/\\\/www.bellunopress.it\\\/wp-content\\\/uploads\\\/2010\\\/11\\\/regione-veneto.bmp\",\"articleSection\":[\"Meteo, natura, ambiente, animali\",\"Prima Pagina\",\"Societ\u00e0, Associazioni, Istituzioni\"],\"inLanguage\":\"fr-FR\"},{\"@type\":\"WebPage\",\"@id\":\"https:\\\/\\\/www.bellunopress.it\\\/2013\\\/02\\\/20\\\/rabbia-cessato-allarme-dopo-3-anni-il-veneto-torna-nello-status-indenne-dalla-malattia\\\/\",\"url\":\"https:\\\/\\\/www.bellunopress.it\\\/2013\\\/02\\\/20\\\/rabbia-cessato-allarme-dopo-3-anni-il-veneto-torna-nello-status-indenne-dalla-malattia\\\/\",\"name\":\"Rabbia, cessato allarme. Dopo 3 anni il Veneto torna nello status \\\"indenne\\\" dalla malattia - Bellunopress - Dolomiti\",\"isPartOf\":{\"@id\":\"https:\\\/\\\/www.bellunopress.it\\\/#website\"},\"primaryImageOfPage\":{\"@id\":\"https:\\\/\\\/www.bellunopress.it\\\/2013\\\/02\\\/20\\\/rabbia-cessato-allarme-dopo-3-anni-il-veneto-torna-nello-status-indenne-dalla-malattia\\\/#primaryimage\"},\"image\":{\"@id\":\"https:\\\/\\\/www.bellunopress.it\\\/2013\\\/02\\\/20\\\/rabbia-cessato-allarme-dopo-3-anni-il-veneto-torna-nello-status-indenne-dalla-malattia\\\/#primaryimage\"},\"thumbnailUrl\":\"http:\\\/\\\/www.bellunopress.it\\\/wp-content\\\/uploads\\\/2010\\\/11\\\/regione-veneto.bmp\",\"datePublished\":\"2013-02-20T19:48:56+00:00\",\"breadcrumb\":{\"@id\":\"https:\\\/\\\/www.bellunopress.it\\\/2013\\\/02\\\/20\\\/rabbia-cessato-allarme-dopo-3-anni-il-veneto-torna-nello-status-indenne-dalla-malattia\\\/#breadcrumb\"},\"inLanguage\":\"fr-FR\",\"potentialAction\":[{\"@type\":\"ReadAction\",\"target\":[\"https:\\\/\\\/www.bellunopress.it\\\/2013\\\/02\\\/20\\\/rabbia-cessato-allarme-dopo-3-anni-il-veneto-torna-nello-status-indenne-dalla-malattia\\\/\"]}]},{\"@type\":\"ImageObject\",\"inLanguage\":\"fr-FR\",\"@id\":\"https:\\\/\\\/www.bellunopress.it\\\/2013\\\/02\\\/20\\\/rabbia-cessato-allarme-dopo-3-anni-il-veneto-torna-nello-status-indenne-dalla-malattia\\\/#primaryimage\",\"url\":\"http:\\\/\\\/www.bellunopress.it\\\/wp-content\\\/uploads\\\/2010\\\/11\\\/regione-veneto.bmp\",\"contentUrl\":\"http:\\\/\\\/www.bellunopress.it\\\/wp-content\\\/uploads\\\/2010\\\/11\\\/regione-veneto.bmp\"},{\"@type\":\"BreadcrumbList\",\"@id\":\"https:\\\/\\\/www.bellunopress.it\\\/2013\\\/02\\\/20\\\/rabbia-cessato-allarme-dopo-3-anni-il-veneto-torna-nello-status-indenne-dalla-malattia\\\/#breadcrumb\",\"itemListElement\":[{\"@type\":\"ListItem\",\"position\":1,\"name\":\"Home\",\"item\":\"https:\\\/\\\/www.bellunopress.it\\\/\"},{\"@type\":\"ListItem\",\"position\":2,\"name\":\"Rabbia, cessato allarme. Dopo 3 anni il Veneto torna nello status &#8220;indenne&#8221; dalla malattia\"}]},{\"@type\":\"WebSite\",\"@id\":\"https:\\\/\\\/www.bellunopress.it\\\/#website\",\"url\":\"https:\\\/\\\/www.bellunopress.it\\\/\",\"name\":\"Bellunopress - Dolomiti\",\"description\":\"e-mail: redazione@bellunopress.it\",\"publisher\":{\"@id\":\"https:\\\/\\\/www.bellunopress.it\\\/#organization\"},\"potentialAction\":[{\"@type\":\"SearchAction\",\"target\":{\"@type\":\"EntryPoint\",\"urlTemplate\":\"https:\\\/\\\/www.bellunopress.it\\\/?s={search_term_string}\"},\"query-input\":{\"@type\":\"PropertyValueSpecification\",\"valueRequired\":true,\"valueName\":\"search_term_string\"}}],\"inLanguage\":\"fr-FR\"},{\"@type\":\"Organization\",\"@id\":\"https:\\\/\\\/www.bellunopress.it\\\/#organization\",\"name\":\"Bellunopress\",\"url\":\"https:\\\/\\\/www.bellunopress.it\\\/\",\"logo\":{\"@type\":\"ImageObject\",\"inLanguage\":\"fr-FR\",\"@id\":\"https:\\\/\\\/www.bellunopress.it\\\/#\\\/schema\\\/logo\\\/image\\\/\",\"url\":\"https:\\\/\\\/www.bellunopress.it\\\/wp-content\\\/uploads\\\/2011\\\/05\\\/cropped-logo-bellunopress-.jpg\",\"contentUrl\":\"https:\\\/\\\/www.bellunopress.it\\\/wp-content\\\/uploads\\\/2011\\\/05\\\/cropped-logo-bellunopress-.jpg\",\"width\":512,\"height\":512,\"caption\":\"Bellunopress\"},\"image\":{\"@id\":\"https:\\\/\\\/www.bellunopress.it\\\/#\\\/schema\\\/logo\\\/image\\\/\"},\"sameAs\":[\"https:\\\/\\\/www.facebook.com\\\/profile.php?id=100008943462799\",\"https:\\\/\\\/x.com\\\/bellunopress\",\"https:\\\/\\\/www.linkedin.com\\\/hp\\\/?dnr=JBzUWaJfMUw8vbXJJ2tVW5-I3jZKvC4wsoxE&amp;amp;amp;amp;amp;amp;trk=nav_responsive_tab_home\",\"https:\\\/\\\/www.youtube.com\\\/channel\\\/UCxL0wu1uN0_3_7hGG0306cw\"]},{\"@type\":\"Person\",\"@id\":\"https:\\\/\\\/www.bellunopress.it\\\/#\\\/schema\\\/person\\\/79bb06722b37ece1c03d3e94beb30d73\",\"name\":\"redazione\",\"image\":{\"@type\":\"ImageObject\",\"inLanguage\":\"fr-FR\",\"@id\":\"https:\\\/\\\/secure.gravatar.com\\\/avatar\\\/37d968a2e67a6fd04c169c4bdef102d0bc5d31b2546345219e348575eb80e9a0?s=96&d=mm&r=g\",\"url\":\"https:\\\/\\\/secure.gravatar.com\\\/avatar\\\/37d968a2e67a6fd04c169c4bdef102d0bc5d31b2546345219e348575eb80e9a0?s=96&d=mm&r=g\",\"contentUrl\":\"https:\\\/\\\/secure.gravatar.com\\\/avatar\\\/37d968a2e67a6fd04c169c4bdef102d0bc5d31b2546345219e348575eb80e9a0?s=96&d=mm&r=g\",\"caption\":\"redazione\"},\"sameAs\":[\"http:\\\/\\\/www.bellunopress.it\",\"https:\\\/\\\/x.com\\\/bellunopress\"],\"url\":\"https:\\\/\\\/www.bellunopress.it\\\/fr\\\/author\\\/redazione\\\/\"}]}<\/script>\n<!-- \/ Yoast SEO plugin. -->","yoast_head_json":{"title":"Rabbia, cessato allarme. Dopo 3 anni il Veneto torna nello status \"indenne\" dalla malattia - Bellunopress - Dolomiti","robots":{"index":"index","follow":"follow","max-snippet":"max-snippet:-1","max-image-preview":"max-image-preview:large","max-video-preview":"max-video-preview:-1"},"canonical":"https:\/\/www.bellunopress.it\/fr\/2013\/02\/20\/rabbia-cessato-allarme-dopo-3-anni-il-veneto-torna-nello-status-indenne-dalla-malattia\/","og_locale":"fr_FR","og_type":"article","og_title":"Rabbia, cessato allarme. Dopo 3 anni il Veneto torna nello status \"indenne\" dalla malattia - Bellunopress - Dolomiti","og_description":"L\u2019intero territorio del Veneto ha riacquisito, dopo oltre 3 anni, lo status di indennit\u00e0 dalla rabbia silvestre che, a partire dal 2008-2009, aveva progressivamente colpito le Regioni Friuli Venezia Giulia, Veneto e parte delle Province Autonome di Bolzano e Trento. Ne d\u00e0 notizia con soddisfazione l\u2019assessore regionale alla caccia. \u201cLa novit\u00e0 \u2013 riferisce \u2013 ci [&hellip;]","og_url":"https:\/\/www.bellunopress.it\/fr\/2013\/02\/20\/rabbia-cessato-allarme-dopo-3-anni-il-veneto-torna-nello-status-indenne-dalla-malattia\/","og_site_name":"Bellunopress - Dolomiti","article_publisher":"https:\/\/www.facebook.com\/profile.php?id=100008943462799","article_published_time":"2013-02-20T19:48:56+00:00","og_image":[{"url":"http:\/\/www.bellunopress.it\/wp-content\/uploads\/2010\/11\/regione-veneto.bmp","type":"","width":"","height":""}],"author":"redazione","twitter_card":"summary_large_image","twitter_creator":"@bellunopress","twitter_site":"@bellunopress","twitter_misc":{"\u00c9crit par":"redazione","Dur\u00e9e de lecture estim\u00e9e":"1 minute"},"schema":{"@context":"https:\/\/schema.org","@graph":[{"@type":"Article","@id":"https:\/\/www.bellunopress.it\/2013\/02\/20\/rabbia-cessato-allarme-dopo-3-anni-il-veneto-torna-nello-status-indenne-dalla-malattia\/#article","isPartOf":{"@id":"https:\/\/www.bellunopress.it\/2013\/02\/20\/rabbia-cessato-allarme-dopo-3-anni-il-veneto-torna-nello-status-indenne-dalla-malattia\/"},"author":{"name":"redazione","@id":"https:\/\/www.bellunopress.it\/#\/schema\/person\/79bb06722b37ece1c03d3e94beb30d73"},"headline":"Rabbia, cessato allarme. Dopo 3 anni il Veneto torna nello status &#8220;indenne&#8221; dalla malattia","datePublished":"2013-02-20T19:48:56+00:00","mainEntityOfPage":{"@id":"https:\/\/www.bellunopress.it\/2013\/02\/20\/rabbia-cessato-allarme-dopo-3-anni-il-veneto-torna-nello-status-indenne-dalla-malattia\/"},"wordCount":217,"publisher":{"@id":"https:\/\/www.bellunopress.it\/#organization"},"image":{"@id":"https:\/\/www.bellunopress.it\/2013\/02\/20\/rabbia-cessato-allarme-dopo-3-anni-il-veneto-torna-nello-status-indenne-dalla-malattia\/#primaryimage"},"thumbnailUrl":"http:\/\/www.bellunopress.it\/wp-content\/uploads\/2010\/11\/regione-veneto.bmp","articleSection":["Meteo, natura, ambiente, animali","Prima Pagina","Societ\u00e0, Associazioni, Istituzioni"],"inLanguage":"fr-FR"},{"@type":"WebPage","@id":"https:\/\/www.bellunopress.it\/2013\/02\/20\/rabbia-cessato-allarme-dopo-3-anni-il-veneto-torna-nello-status-indenne-dalla-malattia\/","url":"https:\/\/www.bellunopress.it\/2013\/02\/20\/rabbia-cessato-allarme-dopo-3-anni-il-veneto-torna-nello-status-indenne-dalla-malattia\/","name":"Rabbia, cessato allarme. Dopo 3 anni il Veneto torna nello status \"indenne\" dalla malattia - Bellunopress - Dolomiti","isPartOf":{"@id":"https:\/\/www.bellunopress.it\/#website"},"primaryImageOfPage":{"@id":"https:\/\/www.bellunopress.it\/2013\/02\/20\/rabbia-cessato-allarme-dopo-3-anni-il-veneto-torna-nello-status-indenne-dalla-malattia\/#primaryimage"},"image":{"@id":"https:\/\/www.bellunopress.it\/2013\/02\/20\/rabbia-cessato-allarme-dopo-3-anni-il-veneto-torna-nello-status-indenne-dalla-malattia\/#primaryimage"},"thumbnailUrl":"http:\/\/www.bellunopress.it\/wp-content\/uploads\/2010\/11\/regione-veneto.bmp","datePublished":"2013-02-20T19:48:56+00:00","breadcrumb":{"@id":"https:\/\/www.bellunopress.it\/2013\/02\/20\/rabbia-cessato-allarme-dopo-3-anni-il-veneto-torna-nello-status-indenne-dalla-malattia\/#breadcrumb"},"inLanguage":"fr-FR","potentialAction":[{"@type":"ReadAction","target":["https:\/\/www.bellunopress.it\/2013\/02\/20\/rabbia-cessato-allarme-dopo-3-anni-il-veneto-torna-nello-status-indenne-dalla-malattia\/"]}]},{"@type":"ImageObject","inLanguage":"fr-FR","@id":"https:\/\/www.bellunopress.it\/2013\/02\/20\/rabbia-cessato-allarme-dopo-3-anni-il-veneto-torna-nello-status-indenne-dalla-malattia\/#primaryimage","url":"http:\/\/www.bellunopress.it\/wp-content\/uploads\/2010\/11\/regione-veneto.bmp","contentUrl":"http:\/\/www.bellunopress.it\/wp-content\/uploads\/2010\/11\/regione-veneto.bmp"},{"@type":"BreadcrumbList","@id":"https:\/\/www.bellunopress.it\/2013\/02\/20\/rabbia-cessato-allarme-dopo-3-anni-il-veneto-torna-nello-status-indenne-dalla-malattia\/#breadcrumb","itemListElement":[{"@type":"ListItem","position":1,"name":"Home","item":"https:\/\/www.bellunopress.it\/"},{"@type":"ListItem","position":2,"name":"Rabbia, cessato allarme. Dopo 3 anni il Veneto torna nello status &#8220;indenne&#8221; dalla malattia"}]},{"@type":"WebSite","@id":"https:\/\/www.bellunopress.it\/#website","url":"https:\/\/www.bellunopress.it\/","name":"Bellunopress - Dolomiti","description":"e-mail: redazione@bellunopress.it","publisher":{"@id":"https:\/\/www.bellunopress.it\/#organization"},"potentialAction":[{"@type":"SearchAction","target":{"@type":"EntryPoint","urlTemplate":"https:\/\/www.bellunopress.it\/?s={search_term_string}"},"query-input":{"@type":"PropertyValueSpecification","valueRequired":true,"valueName":"search_term_string"}}],"inLanguage":"fr-FR"},{"@type":"Organization","@id":"https:\/\/www.bellunopress.it\/#organization","name":"Bellunopress","url":"https:\/\/www.bellunopress.it\/","logo":{"@type":"ImageObject","inLanguage":"fr-FR","@id":"https:\/\/www.bellunopress.it\/#\/schema\/logo\/image\/","url":"https:\/\/www.bellunopress.it\/wp-content\/uploads\/2011\/05\/cropped-logo-bellunopress-.jpg","contentUrl":"https:\/\/www.bellunopress.it\/wp-content\/uploads\/2011\/05\/cropped-logo-bellunopress-.jpg","width":512,"height":512,"caption":"Bellunopress"},"image":{"@id":"https:\/\/www.bellunopress.it\/#\/schema\/logo\/image\/"},"sameAs":["https:\/\/www.facebook.com\/profile.php?id=100008943462799","https:\/\/x.com\/bellunopress","https:\/\/www.linkedin.com\/hp\/?dnr=JBzUWaJfMUw8vbXJJ2tVW5-I3jZKvC4wsoxE&amp;amp;amp;amp;amp;amp;trk=nav_responsive_tab_home","https:\/\/www.youtube.com\/channel\/UCxL0wu1uN0_3_7hGG0306cw"]},{"@type":"Person","@id":"https:\/\/www.bellunopress.it\/#\/schema\/person\/79bb06722b37ece1c03d3e94beb30d73","name":"r\u00e9daction","image":{"@type":"ImageObject","inLanguage":"fr-FR","@id":"https:\/\/secure.gravatar.com\/avatar\/37d968a2e67a6fd04c169c4bdef102d0bc5d31b2546345219e348575eb80e9a0?s=96&d=mm&r=g","url":"https:\/\/secure.gravatar.com\/avatar\/37d968a2e67a6fd04c169c4bdef102d0bc5d31b2546345219e348575eb80e9a0?s=96&d=mm&r=g","contentUrl":"https:\/\/secure.gravatar.com\/avatar\/37d968a2e67a6fd04c169c4bdef102d0bc5d31b2546345219e348575eb80e9a0?s=96&d=mm&r=g","caption":"redazione"},"sameAs":["http:\/\/www.bellunopress.it","https:\/\/x.com\/bellunopress"],"url":"https:\/\/www.bellunopress.it\/fr\/author\/redazione\/"}]}},"_links":{"self":[{"href":"https:\/\/www.bellunopress.it\/fr\/wp-json\/wp\/v2\/posts\/46952","targetHints":{"allow":["GET"]}}],"collection":[{"href":"https:\/\/www.bellunopress.it\/fr\/wp-json\/wp\/v2\/posts"}],"about":[{"href":"https:\/\/www.bellunopress.it\/fr\/wp-json\/wp\/v2\/types\/post"}],"author":[{"embeddable":true,"href":"https:\/\/www.bellunopress.it\/fr\/wp-json\/wp\/v2\/users\/2"}],"replies":[{"embeddable":true,"href":"https:\/\/www.bellunopress.it\/fr\/wp-json\/wp\/v2\/comments?post=46952"}],"version-history":[{"count":1,"href":"https:\/\/www.bellunopress.it\/fr\/wp-json\/wp\/v2\/posts\/46952\/revisions"}],"predecessor-version":[{"id":46953,"href":"https:\/\/www.bellunopress.it\/fr\/wp-json\/wp\/v2\/posts\/46952\/revisions\/46953"}],"wp:attachment":[{"href":"https:\/\/www.bellunopress.it\/fr\/wp-json\/wp\/v2\/media?parent=46952"}],"wp:term":[{"taxonomy":"category","embeddable":true,"href":"https:\/\/www.bellunopress.it\/fr\/wp-json\/wp\/v2\/categories?post=46952"},{"taxonomy":"post_tag","embeddable":true,"href":"https:\/\/www.bellunopress.it\/fr\/wp-json\/wp\/v2\/tags?post=46952"}],"curies":[{"name":"wp","href":"https:\/\/api.w.org\/{rel}","templated":true}]}}