{"id":46947,"date":"2013-02-20T20:27:24","date_gmt":"2013-02-20T19:27:24","guid":{"rendered":"http:\/\/www.bellunopress.it\/?p=46947"},"modified":"2013-02-20T20:27:24","modified_gmt":"2013-02-20T19:27:24","slug":"litalia-se-ridesta-aldo-cazzullo-sabato-a-cortina-racconta-il-viaggio-nel-paese-che-resiste-e-rinasce","status":"publish","type":"post","link":"https:\/\/www.bellunopress.it\/fr\/2013\/02\/20\/litalia-se-ridesta-aldo-cazzullo-sabato-a-cortina-racconta-il-viaggio-nel-paese-che-resiste-e-rinasce\/","title":{"rendered":"L&#8217;Italia s&#8217;\u00e8 ridesta. Aldo Cazzullo sabato a Cortina racconta il viaggio nel paese che resiste e rinasce"},"content":{"rendered":"<p>Cortina d\u2019Ampezzo. Da Torino a Bari, da Roma a Parma, sono quindici le citt\u00e0 che Aldo Cazzullo descrive nel suo viaggio nell\u2019Italia della crisi per capire chi siamo, cosa \u00e8 cambiato e soprattutto cosa possiamo diventare. E\u2019 quanto si legge nel suo ultimo libro L\u2019Italia s\u2019\u00e8 ridesta. Viaggio nel paese che resiste e rinasce (Mondadori). E Cazzullo \u00e8 il protagonista del prossimo incontro di Una Montagna di Libri, la rassegna di incontri con l\u2019autore di Cortina d\u2019Ampezzo. Un&#8217;occasione per chiedere alla grande firma del Corriere della Sera anche la sua previsione per le prossime elezioni politiche.<\/p>\n<p>Appuntamento sabato 23 febbraio alle ore 18, presso la Sala Cultura del Palazzo delle Poste di Cortina. Conduce l\u2019incontro Massimo Mamoli. Ingresso libero.<\/p>\n<p><a href=\"http:\/\/www.bellunopress.it\/wp-content\/uploads\/2013\/02\/aldo-cazzullo.jpg\"><img loading=\"lazy\" decoding=\"async\" class=\"alignleft size-full wp-image-46948\" alt=\"aldo cazzullo\" src=\"http:\/\/www.bellunopress.it\/wp-content\/uploads\/2013\/02\/aldo-cazzullo.jpg\" width=\"115\" height=\"160\" \/><\/a>\u00a0Aldo Cazzullo, giornalista e scrittore, editorialista del Corriere della Sera, ha debuttato come giornalista nel 1988 a La Stampa, dove resta fino al 2003. Si \u00e8 occupato di politica italiana e internazionale. E\u2019 autore di saggi, da Il mal francese. Rivolta sociale e istituzioni nella Francia di Chirac (Ediesse, 1996) e I ragazzi di Via Po (Mondadori, 1997) ai recenti successi di I grandi vecchi (premio Estense 2006) L\u2019Italia de noantri (Mondadori, 2009) e Viva l\u2019Italia (Mondadori, 2010). Da Viva l\u2019Italia \u00e8 stato tratto uno spettacolo teatrale con repliche nelle maggiori citt\u00e0 italiane. Ha scritto il romanzo La mia anima \u00e8 ovunque tu sia (Mondadori 2011).<\/p>\n<p>IL LIBRO. E\u2019 possibile uscire da un viaggio nell\u2019Italia della grande crisi pi\u00f9 ottimisti di prima. Perch\u00e9 c\u2019\u00e8 un paese che alla crisi resiste, e che riparte. Perch\u00e9 il mondo globale \u00e8 una grande opportunit\u00e0 per un paese come il nostro, capitale della bellezza e dell\u2019arte, del design e della creativit\u00e0. Perch\u00e9 il mondo di domani \u00e8 pieno di consumatori che vorrebbero comprare i nostri prodotti, vestirsi come noi, vivere come noi. Per aiutarci a capire chi siamo, Aldo Cazzullo racconta quindici citt\u00e0. Da Torino, che ha cambiato umore e non ha pi\u00f9 pudore dei propri sentimenti, a Bari, dove nascono i nuovi miti della letteratura e dello spettacolo. Milano, \u201cla nostra New York\u201d, Roma, \u201cl\u2019indistruttibile\u201d, e Venezia, morta come citt\u00e0 e risorta come splendida vetrina. Un viaggio che si conclude con il catalogo delle cose da fare, iniziando dalla pi\u00f9 importante: ricominciare a credere in noi stessi e nel nostro paese.<\/p>\n<p>&nbsp;<\/p>","protected":false},"excerpt":{"rendered":"<p>Cortina d\u2019Ampezzo. Da Torino a Bari, da Roma a Parma, sono quindici le citt\u00e0 che Aldo Cazzullo descrive nel suo viaggio nell\u2019Italia della crisi per capire chi siamo, cosa \u00e8 cambiato e soprattutto cosa possiamo diventare. E\u2019 quanto si legge nel suo ultimo libro L\u2019Italia s\u2019\u00e8 ridesta. Viaggio nel paese che resiste e rinasce (Mondadori). [&hellip;]<\/p>\n","protected":false},"author":2,"featured_media":0,"comment_status":"closed","ping_status":"open","sticky":false,"template":"","format":"standard","meta":{"footnotes":""},"categories":[27,3,26],"tags":[],"class_list":["post-46947","post","type-post","status-publish","format-standard","category-appuntamenti","category-arte-cultura-spettacoli-scienza-archivi","category-prima-pagina"],"yoast_head":"<!-- This site is optimized with the Yoast SEO plugin v28.4 - https:\/\/yoast.com\/product\/yoast-seo-wordpress\/ -->\n<title>L&#039;Italia s&#039;\u00e8 ridesta. Aldo Cazzullo sabato a Cortina racconta il viaggio nel paese che resiste e rinasce - Bellunopress - Dolomiti<\/title>\n<meta name=\"robots\" content=\"index, follow, max-snippet:-1, max-image-preview:large, max-video-preview:-1\" \/>\n<link rel=\"canonical\" href=\"https:\/\/www.bellunopress.it\/fr\/2013\/02\/20\/litalia-se-ridesta-aldo-cazzullo-sabato-a-cortina-racconta-il-viaggio-nel-paese-che-resiste-e-rinasce\/\" \/>\n<meta property=\"og:locale\" content=\"fr_FR\" \/>\n<meta property=\"og:type\" content=\"article\" \/>\n<meta property=\"og:title\" content=\"L&#039;Italia s&#039;\u00e8 ridesta. Aldo Cazzullo sabato a Cortina racconta il viaggio nel paese che resiste e rinasce - Bellunopress - Dolomiti\" \/>\n<meta property=\"og:description\" content=\"Cortina d\u2019Ampezzo. Da Torino a Bari, da Roma a Parma, sono quindici le citt\u00e0 che Aldo Cazzullo descrive nel suo viaggio nell\u2019Italia della crisi per capire chi siamo, cosa \u00e8 cambiato e soprattutto cosa possiamo diventare. E\u2019 quanto si legge nel suo ultimo libro L\u2019Italia s\u2019\u00e8 ridesta. Viaggio nel paese che resiste e rinasce (Mondadori). [&hellip;]\" \/>\n<meta property=\"og:url\" content=\"https:\/\/www.bellunopress.it\/fr\/2013\/02\/20\/litalia-se-ridesta-aldo-cazzullo-sabato-a-cortina-racconta-il-viaggio-nel-paese-che-resiste-e-rinasce\/\" \/>\n<meta property=\"og:site_name\" content=\"Bellunopress - Dolomiti\" \/>\n<meta property=\"article:publisher\" content=\"https:\/\/www.facebook.com\/profile.php?id=100008943462799\" \/>\n<meta property=\"article:published_time\" content=\"2013-02-20T19:27:24+00:00\" \/>\n<meta property=\"og:image\" content=\"http:\/\/www.bellunopress.it\/wp-content\/uploads\/2013\/02\/aldo-cazzullo.jpg\" \/>\n<meta name=\"author\" content=\"redazione\" \/>\n<meta name=\"twitter:card\" content=\"summary_large_image\" \/>\n<meta name=\"twitter:creator\" content=\"@bellunopress\" \/>\n<meta name=\"twitter:site\" content=\"@bellunopress\" \/>\n<meta name=\"twitter:label1\" content=\"Written by\" \/>\n\t<meta name=\"twitter:data1\" content=\"redazione\" \/>\n\t<meta name=\"twitter:label2\" content=\"Est. reading time\" \/>\n\t<meta name=\"twitter:data2\" content=\"2 minutes\" \/>\n<script type=\"application\/ld+json\" class=\"yoast-schema-graph\">{\"@context\":\"https:\\\/\\\/schema.org\",\"@graph\":[{\"@type\":\"Article\",\"@id\":\"https:\\\/\\\/www.bellunopress.it\\\/2013\\\/02\\\/20\\\/litalia-se-ridesta-aldo-cazzullo-sabato-a-cortina-racconta-il-viaggio-nel-paese-che-resiste-e-rinasce\\\/#article\",\"isPartOf\":{\"@id\":\"https:\\\/\\\/www.bellunopress.it\\\/2013\\\/02\\\/20\\\/litalia-se-ridesta-aldo-cazzullo-sabato-a-cortina-racconta-il-viaggio-nel-paese-che-resiste-e-rinasce\\\/\"},\"author\":{\"name\":\"redazione\",\"@id\":\"https:\\\/\\\/www.bellunopress.it\\\/#\\\/schema\\\/person\\\/79bb06722b37ece1c03d3e94beb30d73\"},\"headline\":\"L&#8217;Italia s&#8217;\u00e8 ridesta. Aldo Cazzullo sabato a Cortina racconta il viaggio nel paese che resiste e rinasce\",\"datePublished\":\"2013-02-20T19:27:24+00:00\",\"mainEntityOfPage\":{\"@id\":\"https:\\\/\\\/www.bellunopress.it\\\/2013\\\/02\\\/20\\\/litalia-se-ridesta-aldo-cazzullo-sabato-a-cortina-racconta-il-viaggio-nel-paese-che-resiste-e-rinasce\\\/\"},\"wordCount\":392,\"publisher\":{\"@id\":\"https:\\\/\\\/www.bellunopress.it\\\/#organization\"},\"image\":{\"@id\":\"https:\\\/\\\/www.bellunopress.it\\\/2013\\\/02\\\/20\\\/litalia-se-ridesta-aldo-cazzullo-sabato-a-cortina-racconta-il-viaggio-nel-paese-che-resiste-e-rinasce\\\/#primaryimage\"},\"thumbnailUrl\":\"http:\\\/\\\/www.bellunopress.it\\\/wp-content\\\/uploads\\\/2013\\\/02\\\/aldo-cazzullo.jpg\",\"articleSection\":[\"Appuntamenti, Eventi\",\"Arte, Cultura, Spettacoli, Scienza\",\"Prima Pagina\"],\"inLanguage\":\"fr-FR\"},{\"@type\":\"WebPage\",\"@id\":\"https:\\\/\\\/www.bellunopress.it\\\/2013\\\/02\\\/20\\\/litalia-se-ridesta-aldo-cazzullo-sabato-a-cortina-racconta-il-viaggio-nel-paese-che-resiste-e-rinasce\\\/\",\"url\":\"https:\\\/\\\/www.bellunopress.it\\\/2013\\\/02\\\/20\\\/litalia-se-ridesta-aldo-cazzullo-sabato-a-cortina-racconta-il-viaggio-nel-paese-che-resiste-e-rinasce\\\/\",\"name\":\"L'Italia s'\u00e8 ridesta. Aldo Cazzullo sabato a Cortina racconta il viaggio nel paese che resiste e rinasce - Bellunopress - Dolomiti\",\"isPartOf\":{\"@id\":\"https:\\\/\\\/www.bellunopress.it\\\/#website\"},\"primaryImageOfPage\":{\"@id\":\"https:\\\/\\\/www.bellunopress.it\\\/2013\\\/02\\\/20\\\/litalia-se-ridesta-aldo-cazzullo-sabato-a-cortina-racconta-il-viaggio-nel-paese-che-resiste-e-rinasce\\\/#primaryimage\"},\"image\":{\"@id\":\"https:\\\/\\\/www.bellunopress.it\\\/2013\\\/02\\\/20\\\/litalia-se-ridesta-aldo-cazzullo-sabato-a-cortina-racconta-il-viaggio-nel-paese-che-resiste-e-rinasce\\\/#primaryimage\"},\"thumbnailUrl\":\"http:\\\/\\\/www.bellunopress.it\\\/wp-content\\\/uploads\\\/2013\\\/02\\\/aldo-cazzullo.jpg\",\"datePublished\":\"2013-02-20T19:27:24+00:00\",\"breadcrumb\":{\"@id\":\"https:\\\/\\\/www.bellunopress.it\\\/2013\\\/02\\\/20\\\/litalia-se-ridesta-aldo-cazzullo-sabato-a-cortina-racconta-il-viaggio-nel-paese-che-resiste-e-rinasce\\\/#breadcrumb\"},\"inLanguage\":\"fr-FR\",\"potentialAction\":[{\"@type\":\"ReadAction\",\"target\":[\"https:\\\/\\\/www.bellunopress.it\\\/2013\\\/02\\\/20\\\/litalia-se-ridesta-aldo-cazzullo-sabato-a-cortina-racconta-il-viaggio-nel-paese-che-resiste-e-rinasce\\\/\"]}]},{\"@type\":\"ImageObject\",\"inLanguage\":\"fr-FR\",\"@id\":\"https:\\\/\\\/www.bellunopress.it\\\/2013\\\/02\\\/20\\\/litalia-se-ridesta-aldo-cazzullo-sabato-a-cortina-racconta-il-viaggio-nel-paese-che-resiste-e-rinasce\\\/#primaryimage\",\"url\":\"http:\\\/\\\/www.bellunopress.it\\\/wp-content\\\/uploads\\\/2013\\\/02\\\/aldo-cazzullo.jpg\",\"contentUrl\":\"http:\\\/\\\/www.bellunopress.it\\\/wp-content\\\/uploads\\\/2013\\\/02\\\/aldo-cazzullo.jpg\"},{\"@type\":\"BreadcrumbList\",\"@id\":\"https:\\\/\\\/www.bellunopress.it\\\/2013\\\/02\\\/20\\\/litalia-se-ridesta-aldo-cazzullo-sabato-a-cortina-racconta-il-viaggio-nel-paese-che-resiste-e-rinasce\\\/#breadcrumb\",\"itemListElement\":[{\"@type\":\"ListItem\",\"position\":1,\"name\":\"Home\",\"item\":\"https:\\\/\\\/www.bellunopress.it\\\/\"},{\"@type\":\"ListItem\",\"position\":2,\"name\":\"L&#8217;Italia s&#8217;\u00e8 ridesta. Aldo Cazzullo sabato a Cortina racconta il viaggio nel paese che resiste e rinasce\"}]},{\"@type\":\"WebSite\",\"@id\":\"https:\\\/\\\/www.bellunopress.it\\\/#website\",\"url\":\"https:\\\/\\\/www.bellunopress.it\\\/\",\"name\":\"Bellunopress - Dolomiti\",\"description\":\"e-mail: redazione@bellunopress.it\",\"publisher\":{\"@id\":\"https:\\\/\\\/www.bellunopress.it\\\/#organization\"},\"potentialAction\":[{\"@type\":\"SearchAction\",\"target\":{\"@type\":\"EntryPoint\",\"urlTemplate\":\"https:\\\/\\\/www.bellunopress.it\\\/?s={search_term_string}\"},\"query-input\":{\"@type\":\"PropertyValueSpecification\",\"valueRequired\":true,\"valueName\":\"search_term_string\"}}],\"inLanguage\":\"fr-FR\"},{\"@type\":\"Organization\",\"@id\":\"https:\\\/\\\/www.bellunopress.it\\\/#organization\",\"name\":\"Bellunopress\",\"url\":\"https:\\\/\\\/www.bellunopress.it\\\/\",\"logo\":{\"@type\":\"ImageObject\",\"inLanguage\":\"fr-FR\",\"@id\":\"https:\\\/\\\/www.bellunopress.it\\\/#\\\/schema\\\/logo\\\/image\\\/\",\"url\":\"https:\\\/\\\/www.bellunopress.it\\\/wp-content\\\/uploads\\\/2011\\\/05\\\/cropped-logo-bellunopress-.jpg\",\"contentUrl\":\"https:\\\/\\\/www.bellunopress.it\\\/wp-content\\\/uploads\\\/2011\\\/05\\\/cropped-logo-bellunopress-.jpg\",\"width\":512,\"height\":512,\"caption\":\"Bellunopress\"},\"image\":{\"@id\":\"https:\\\/\\\/www.bellunopress.it\\\/#\\\/schema\\\/logo\\\/image\\\/\"},\"sameAs\":[\"https:\\\/\\\/www.facebook.com\\\/profile.php?id=100008943462799\",\"https:\\\/\\\/x.com\\\/bellunopress\",\"https:\\\/\\\/www.linkedin.com\\\/hp\\\/?dnr=JBzUWaJfMUw8vbXJJ2tVW5-I3jZKvC4wsoxE&amp;amp;amp;amp;amp;amp;trk=nav_responsive_tab_home\",\"https:\\\/\\\/www.youtube.com\\\/channel\\\/UCxL0wu1uN0_3_7hGG0306cw\"]},{\"@type\":\"Person\",\"@id\":\"https:\\\/\\\/www.bellunopress.it\\\/#\\\/schema\\\/person\\\/79bb06722b37ece1c03d3e94beb30d73\",\"name\":\"redazione\",\"image\":{\"@type\":\"ImageObject\",\"inLanguage\":\"fr-FR\",\"@id\":\"https:\\\/\\\/secure.gravatar.com\\\/avatar\\\/37d968a2e67a6fd04c169c4bdef102d0bc5d31b2546345219e348575eb80e9a0?s=96&d=mm&r=g\",\"url\":\"https:\\\/\\\/secure.gravatar.com\\\/avatar\\\/37d968a2e67a6fd04c169c4bdef102d0bc5d31b2546345219e348575eb80e9a0?s=96&d=mm&r=g\",\"contentUrl\":\"https:\\\/\\\/secure.gravatar.com\\\/avatar\\\/37d968a2e67a6fd04c169c4bdef102d0bc5d31b2546345219e348575eb80e9a0?s=96&d=mm&r=g\",\"caption\":\"redazione\"},\"sameAs\":[\"http:\\\/\\\/www.bellunopress.it\",\"https:\\\/\\\/x.com\\\/bellunopress\"],\"url\":\"https:\\\/\\\/www.bellunopress.it\\\/fr\\\/author\\\/redazione\\\/\"}]}<\/script>\n<!-- \/ Yoast SEO plugin. -->","yoast_head_json":{"title":"L'Italia s'\u00e8 ridesta. Aldo Cazzullo sabato a Cortina racconta il viaggio nel paese che resiste e rinasce - Bellunopress - Dolomiti","robots":{"index":"index","follow":"follow","max-snippet":"max-snippet:-1","max-image-preview":"max-image-preview:large","max-video-preview":"max-video-preview:-1"},"canonical":"https:\/\/www.bellunopress.it\/fr\/2013\/02\/20\/litalia-se-ridesta-aldo-cazzullo-sabato-a-cortina-racconta-il-viaggio-nel-paese-che-resiste-e-rinasce\/","og_locale":"fr_FR","og_type":"article","og_title":"L'Italia s'\u00e8 ridesta. Aldo Cazzullo sabato a Cortina racconta il viaggio nel paese che resiste e rinasce - Bellunopress - Dolomiti","og_description":"Cortina d\u2019Ampezzo. Da Torino a Bari, da Roma a Parma, sono quindici le citt\u00e0 che Aldo Cazzullo descrive nel suo viaggio nell\u2019Italia della crisi per capire chi siamo, cosa \u00e8 cambiato e soprattutto cosa possiamo diventare. E\u2019 quanto si legge nel suo ultimo libro L\u2019Italia s\u2019\u00e8 ridesta. Viaggio nel paese che resiste e rinasce (Mondadori). [&hellip;]","og_url":"https:\/\/www.bellunopress.it\/fr\/2013\/02\/20\/litalia-se-ridesta-aldo-cazzullo-sabato-a-cortina-racconta-il-viaggio-nel-paese-che-resiste-e-rinasce\/","og_site_name":"Bellunopress - Dolomiti","article_publisher":"https:\/\/www.facebook.com\/profile.php?id=100008943462799","article_published_time":"2013-02-20T19:27:24+00:00","og_image":[{"url":"http:\/\/www.bellunopress.it\/wp-content\/uploads\/2013\/02\/aldo-cazzullo.jpg","type":"","width":"","height":""}],"author":"redazione","twitter_card":"summary_large_image","twitter_creator":"@bellunopress","twitter_site":"@bellunopress","twitter_misc":{"Written by":"redazione","Est. reading time":"2 minutes"},"schema":{"@context":"https:\/\/schema.org","@graph":[{"@type":"Article","@id":"https:\/\/www.bellunopress.it\/2013\/02\/20\/litalia-se-ridesta-aldo-cazzullo-sabato-a-cortina-racconta-il-viaggio-nel-paese-che-resiste-e-rinasce\/#article","isPartOf":{"@id":"https:\/\/www.bellunopress.it\/2013\/02\/20\/litalia-se-ridesta-aldo-cazzullo-sabato-a-cortina-racconta-il-viaggio-nel-paese-che-resiste-e-rinasce\/"},"author":{"name":"redazione","@id":"https:\/\/www.bellunopress.it\/#\/schema\/person\/79bb06722b37ece1c03d3e94beb30d73"},"headline":"L&#8217;Italia s&#8217;\u00e8 ridesta. Aldo Cazzullo sabato a Cortina racconta il viaggio nel paese che resiste e rinasce","datePublished":"2013-02-20T19:27:24+00:00","mainEntityOfPage":{"@id":"https:\/\/www.bellunopress.it\/2013\/02\/20\/litalia-se-ridesta-aldo-cazzullo-sabato-a-cortina-racconta-il-viaggio-nel-paese-che-resiste-e-rinasce\/"},"wordCount":392,"publisher":{"@id":"https:\/\/www.bellunopress.it\/#organization"},"image":{"@id":"https:\/\/www.bellunopress.it\/2013\/02\/20\/litalia-se-ridesta-aldo-cazzullo-sabato-a-cortina-racconta-il-viaggio-nel-paese-che-resiste-e-rinasce\/#primaryimage"},"thumbnailUrl":"http:\/\/www.bellunopress.it\/wp-content\/uploads\/2013\/02\/aldo-cazzullo.jpg","articleSection":["Appuntamenti, Eventi","Arte, Cultura, Spettacoli, Scienza","Prima Pagina"],"inLanguage":"fr-FR"},{"@type":"WebPage","@id":"https:\/\/www.bellunopress.it\/2013\/02\/20\/litalia-se-ridesta-aldo-cazzullo-sabato-a-cortina-racconta-il-viaggio-nel-paese-che-resiste-e-rinasce\/","url":"https:\/\/www.bellunopress.it\/2013\/02\/20\/litalia-se-ridesta-aldo-cazzullo-sabato-a-cortina-racconta-il-viaggio-nel-paese-che-resiste-e-rinasce\/","name":"L'Italia s'\u00e8 ridesta. Aldo Cazzullo sabato a Cortina racconta il viaggio nel paese che resiste e rinasce - Bellunopress - Dolomiti","isPartOf":{"@id":"https:\/\/www.bellunopress.it\/#website"},"primaryImageOfPage":{"@id":"https:\/\/www.bellunopress.it\/2013\/02\/20\/litalia-se-ridesta-aldo-cazzullo-sabato-a-cortina-racconta-il-viaggio-nel-paese-che-resiste-e-rinasce\/#primaryimage"},"image":{"@id":"https:\/\/www.bellunopress.it\/2013\/02\/20\/litalia-se-ridesta-aldo-cazzullo-sabato-a-cortina-racconta-il-viaggio-nel-paese-che-resiste-e-rinasce\/#primaryimage"},"thumbnailUrl":"http:\/\/www.bellunopress.it\/wp-content\/uploads\/2013\/02\/aldo-cazzullo.jpg","datePublished":"2013-02-20T19:27:24+00:00","breadcrumb":{"@id":"https:\/\/www.bellunopress.it\/2013\/02\/20\/litalia-se-ridesta-aldo-cazzullo-sabato-a-cortina-racconta-il-viaggio-nel-paese-che-resiste-e-rinasce\/#breadcrumb"},"inLanguage":"fr-FR","potentialAction":[{"@type":"ReadAction","target":["https:\/\/www.bellunopress.it\/2013\/02\/20\/litalia-se-ridesta-aldo-cazzullo-sabato-a-cortina-racconta-il-viaggio-nel-paese-che-resiste-e-rinasce\/"]}]},{"@type":"ImageObject","inLanguage":"fr-FR","@id":"https:\/\/www.bellunopress.it\/2013\/02\/20\/litalia-se-ridesta-aldo-cazzullo-sabato-a-cortina-racconta-il-viaggio-nel-paese-che-resiste-e-rinasce\/#primaryimage","url":"http:\/\/www.bellunopress.it\/wp-content\/uploads\/2013\/02\/aldo-cazzullo.jpg","contentUrl":"http:\/\/www.bellunopress.it\/wp-content\/uploads\/2013\/02\/aldo-cazzullo.jpg"},{"@type":"BreadcrumbList","@id":"https:\/\/www.bellunopress.it\/2013\/02\/20\/litalia-se-ridesta-aldo-cazzullo-sabato-a-cortina-racconta-il-viaggio-nel-paese-che-resiste-e-rinasce\/#breadcrumb","itemListElement":[{"@type":"ListItem","position":1,"name":"Home","item":"https:\/\/www.bellunopress.it\/"},{"@type":"ListItem","position":2,"name":"L&#8217;Italia s&#8217;\u00e8 ridesta. Aldo Cazzullo sabato a Cortina racconta il viaggio nel paese che resiste e rinasce"}]},{"@type":"WebSite","@id":"https:\/\/www.bellunopress.it\/#website","url":"https:\/\/www.bellunopress.it\/","name":"Bellunopress - Dolomiti","description":"e-mail: redazione@bellunopress.it","publisher":{"@id":"https:\/\/www.bellunopress.it\/#organization"},"potentialAction":[{"@type":"SearchAction","target":{"@type":"EntryPoint","urlTemplate":"https:\/\/www.bellunopress.it\/?s={search_term_string}"},"query-input":{"@type":"PropertyValueSpecification","valueRequired":true,"valueName":"search_term_string"}}],"inLanguage":"fr-FR"},{"@type":"Organization","@id":"https:\/\/www.bellunopress.it\/#organization","name":"Bellunopress","url":"https:\/\/www.bellunopress.it\/","logo":{"@type":"ImageObject","inLanguage":"fr-FR","@id":"https:\/\/www.bellunopress.it\/#\/schema\/logo\/image\/","url":"https:\/\/www.bellunopress.it\/wp-content\/uploads\/2011\/05\/cropped-logo-bellunopress-.jpg","contentUrl":"https:\/\/www.bellunopress.it\/wp-content\/uploads\/2011\/05\/cropped-logo-bellunopress-.jpg","width":512,"height":512,"caption":"Bellunopress"},"image":{"@id":"https:\/\/www.bellunopress.it\/#\/schema\/logo\/image\/"},"sameAs":["https:\/\/www.facebook.com\/profile.php?id=100008943462799","https:\/\/x.com\/bellunopress","https:\/\/www.linkedin.com\/hp\/?dnr=JBzUWaJfMUw8vbXJJ2tVW5-I3jZKvC4wsoxE&amp;amp;amp;amp;amp;amp;trk=nav_responsive_tab_home","https:\/\/www.youtube.com\/channel\/UCxL0wu1uN0_3_7hGG0306cw"]},{"@type":"Person","@id":"https:\/\/www.bellunopress.it\/#\/schema\/person\/79bb06722b37ece1c03d3e94beb30d73","name":"r\u00e9daction","image":{"@type":"ImageObject","inLanguage":"fr-FR","@id":"https:\/\/secure.gravatar.com\/avatar\/37d968a2e67a6fd04c169c4bdef102d0bc5d31b2546345219e348575eb80e9a0?s=96&d=mm&r=g","url":"https:\/\/secure.gravatar.com\/avatar\/37d968a2e67a6fd04c169c4bdef102d0bc5d31b2546345219e348575eb80e9a0?s=96&d=mm&r=g","contentUrl":"https:\/\/secure.gravatar.com\/avatar\/37d968a2e67a6fd04c169c4bdef102d0bc5d31b2546345219e348575eb80e9a0?s=96&d=mm&r=g","caption":"redazione"},"sameAs":["http:\/\/www.bellunopress.it","https:\/\/x.com\/bellunopress"],"url":"https:\/\/www.bellunopress.it\/fr\/author\/redazione\/"}]}},"_links":{"self":[{"href":"https:\/\/www.bellunopress.it\/fr\/wp-json\/wp\/v2\/posts\/46947","targetHints":{"allow":["GET"]}}],"collection":[{"href":"https:\/\/www.bellunopress.it\/fr\/wp-json\/wp\/v2\/posts"}],"about":[{"href":"https:\/\/www.bellunopress.it\/fr\/wp-json\/wp\/v2\/types\/post"}],"author":[{"embeddable":true,"href":"https:\/\/www.bellunopress.it\/fr\/wp-json\/wp\/v2\/users\/2"}],"replies":[{"embeddable":true,"href":"https:\/\/www.bellunopress.it\/fr\/wp-json\/wp\/v2\/comments?post=46947"}],"version-history":[{"count":1,"href":"https:\/\/www.bellunopress.it\/fr\/wp-json\/wp\/v2\/posts\/46947\/revisions"}],"predecessor-version":[{"id":46949,"href":"https:\/\/www.bellunopress.it\/fr\/wp-json\/wp\/v2\/posts\/46947\/revisions\/46949"}],"wp:attachment":[{"href":"https:\/\/www.bellunopress.it\/fr\/wp-json\/wp\/v2\/media?parent=46947"}],"wp:term":[{"taxonomy":"category","embeddable":true,"href":"https:\/\/www.bellunopress.it\/fr\/wp-json\/wp\/v2\/categories?post=46947"},{"taxonomy":"post_tag","embeddable":true,"href":"https:\/\/www.bellunopress.it\/fr\/wp-json\/wp\/v2\/tags?post=46947"}],"curies":[{"name":"wp","href":"https:\/\/api.w.org\/{rel}","templated":true}]}}