{"id":46945,"date":"2013-02-19T20:09:19","date_gmt":"2013-02-19T19:09:19","guid":{"rendered":"http:\/\/www.bellunopress.it\/?p=46945"},"modified":"2013-02-22T09:53:32","modified_gmt":"2013-02-22T08:53:32","slug":"album-di-famiglia-come-conservare-la-memoria-del-materiale-fotografico-venerdi-a-pieve-di-cadore","status":"publish","type":"post","link":"https:\/\/www.bellunopress.it\/fr\/2013\/02\/19\/album-di-famiglia-come-conservare-la-memoria-del-materiale-fotografico-venerdi-a-pieve-di-cadore\/","title":{"rendered":"Album di famiglia, come conservare la memoria del materiale fotografico. Venerd\u00ec a Pieve di Cadore"},"content":{"rendered":"<p><strong>Venerd\u00ec 22 febbraio 2013, ore 18.00 Museo dell&#8217;occhiale di Pieve di Cadore, \u201cAlbum di famiglia. Conservare la memoria, istruzioni per la conservazione e la descrizione del materiale fotografico\u201d incontro, aperto alla cittadinanza, con Luca Majoli della Soprintendenza per i beni Beni Storici Artistici ed Etnoantropologici.<\/strong><\/p>\n<p>Il passato, recente o lontano, comunica attraverso diversi tipi di segni, anche attraverso le &#8220;fotografie di famiglia&#8221;, che oggi sono riconosciute come veri e propri documenti in grado di fornire informazioni relative a un evento e\/o a &#8220;frammenti di storia&#8221; che non sono soltanto domestici ma hanno interesse anche collettivo.<\/p>\n<p>Le fotografie, anche quelle \u201ccasalinghe\u201d concorrono inoltre a fornire dati per un\u2019analisi e una riflessione sulle tecniche e sulle estetiche riferibili a un preciso contesto storico. Conservare correttamente le \u201cfotografie di casa\u201d diventa dunque un compito al quale fare attenzione e dare importanza. Su questo tema il Museo dell\u2019occhiale ha organizzato, venerd\u00ec 22 febbraio alle ore 18.00, in collaborazione con l\u2019associazione \u201cL\u2019isola ricreativa\u201d di Valle di Cadore, che da diversi mesi si dedica alla raccolta di fotografie sui mestieri tradizionali cadorini, un incontro con Luca Majoli della Soprintendena per i beni Beni Storici Artistici ed Etnoantropologici.<\/p>\n<p>Lo scopo \u00e8 quello di fornire a tutti cittadini indicazioni metodologiche utili per una prima e fondamentale conservazione delle fotografie e di evidenziare il ruolo che i musei hanno in questo ambito. I musei infatti hanno come loro missione e prerogativa essere un luogo di raccolta, conservazione, valorizzazione e restituzione del patrimonio culturale del territorio e il Museo dell\u2019occhiale da tempo sta lavorando alla costituzione di un archivio fotografico e delle fonti orali legate alla storia dell\u2019occhialeria in Cadore e nel Bellunese.<\/p>\n<p>L\u2019incontro, aperto a tutti e gratuito, si inserisce in un progetto pi\u00f9 ampio avviato dal Museo dell\u2019occhiale lo scorso ottobre e dal titolo \u201cStorie dietro gli occhiali\u201d. Un progetto che si pone l\u2019obiettivo di documentare attraverso la raccolta di immagini, interviste, documenti cartacei e oggetti la memoria intorno all&#8217;importante attivit\u00e0 di fabbricazione degli occhiali, astucci e accessori sviluppatasi a partire dal 1878 e ancora presente in Cadore. L&#8217;idea nasce dalla semplice constatazione che una buona parte della popolazione cadorina ha lavorato nelle occhialerie, acquisendo conoscenze e saperi, e scandito la propria vita intorno al ritmo delle fabbriche e dei piccoli laboratori familiari. Una storia che merita dunque attenzione perch\u00e9 racconta un aspetto importante delle vicende e della cultura di questo territorio.<\/p>\n<p>Il progetto \u00e8 partito con una campagna di interviste e con la pubblicazione, ogni mese, sul sito del Museo (www.museodellocchiale.it), sulla pagina facebook e sul mensile \u201cIl Cadore\u201d di alcune fotografie storiche allo scopo di raccogliere notizie, informazioni, storie di vita o di lavoro e aneddoti legati a quelle immagini e di avviare dunque una catalogazione partecipata delle immagine stesse.<\/p>\n<p>A tale scopo \u00e8 stato creato un indirizzo mail storiedietrogliocchiali@gmail.com per comunicare con il Museo, che pu\u00f2 essere contattato anche telefonicamente, allo 0435\/32953, per segnalare la disponibilit\u00e0 a raccontare la propria storia, donare o lasciare in deposito al museo oggetti, documenti o fotografie. Il materiale raccolto sar\u00e0 messo a disposizione e sar\u00e0 accessibile a tutti coloro che per motivi di studio e di ricerca ne faranno richiesta o sar\u00e0 utilizzato per mostre temporanee o per rinnovare e aggiornare l&#8217;allestimento permanente del Museo.<\/p>\n<p>&nbsp;<\/p>","protected":false},"excerpt":{"rendered":"<p>Venerd\u00ec 22 febbraio 2013, ore 18.00 Museo dell&#8217;occhiale di Pieve di Cadore, \u201cAlbum di famiglia. Conservare la memoria, istruzioni per la conservazione e la descrizione del materiale fotografico\u201d incontro, aperto alla cittadinanza, con Luca Majoli della Soprintendenza per i beni Beni Storici Artistici ed Etnoantropologici. Il passato, recente o lontano, comunica attraverso diversi tipi di [&hellip;]<\/p>\n","protected":false},"author":2,"featured_media":0,"comment_status":"closed","ping_status":"open","sticky":false,"template":"","format":"standard","meta":{"footnotes":""},"categories":[27,25,8],"tags":[],"class_list":["post-46945","post","type-post","status-publish","format-standard","category-appuntamenti","category-pausa-caffe","category-societa-istituzioni"],"yoast_head":"<!-- This site is optimized with the Yoast SEO plugin v28.4 - https:\/\/yoast.com\/product\/yoast-seo-wordpress\/ -->\n<title>Album di famiglia, come conservare la memoria del materiale fotografico. Venerd\u00ec a Pieve di Cadore - Bellunopress - Dolomiti<\/title>\n<meta name=\"robots\" content=\"index, follow, max-snippet:-1, max-image-preview:large, max-video-preview:-1\" \/>\n<link rel=\"canonical\" href=\"https:\/\/www.bellunopress.it\/fr\/2013\/02\/19\/album-di-famiglia-come-conservare-la-memoria-del-materiale-fotografico-venerdi-a-pieve-di-cadore\/\" \/>\n<meta property=\"og:locale\" content=\"fr_FR\" \/>\n<meta property=\"og:type\" content=\"article\" \/>\n<meta property=\"og:title\" content=\"Album di famiglia, come conservare la memoria del materiale fotografico. Venerd\u00ec a Pieve di Cadore - Bellunopress - Dolomiti\" \/>\n<meta property=\"og:description\" content=\"Venerd\u00ec 22 febbraio 2013, ore 18.00 Museo dell&#8217;occhiale di Pieve di Cadore, \u201cAlbum di famiglia. Conservare la memoria, istruzioni per la conservazione e la descrizione del materiale fotografico\u201d incontro, aperto alla cittadinanza, con Luca Majoli della Soprintendenza per i beni Beni Storici Artistici ed Etnoantropologici. Il passato, recente o lontano, comunica attraverso diversi tipi di [&hellip;]\" \/>\n<meta property=\"og:url\" content=\"https:\/\/www.bellunopress.it\/fr\/2013\/02\/19\/album-di-famiglia-come-conservare-la-memoria-del-materiale-fotografico-venerdi-a-pieve-di-cadore\/\" \/>\n<meta property=\"og:site_name\" content=\"Bellunopress - Dolomiti\" \/>\n<meta property=\"article:publisher\" content=\"https:\/\/www.facebook.com\/profile.php?id=100008943462799\" \/>\n<meta property=\"article:published_time\" content=\"2013-02-19T19:09:19+00:00\" \/>\n<meta property=\"article:modified_time\" content=\"2013-02-22T08:53:32+00:00\" \/>\n<meta property=\"og:image\" content=\"http:\/\/www.bellunopress.it\/wp-content\/uploads\/2012\/07\/logo-bellunopress-250x250-2012.jpg\" \/>\n<meta name=\"author\" content=\"redazione\" \/>\n<meta name=\"twitter:card\" content=\"summary_large_image\" \/>\n<meta name=\"twitter:creator\" content=\"@bellunopress\" \/>\n<meta name=\"twitter:site\" content=\"@bellunopress\" \/>\n<meta name=\"twitter:label1\" content=\"Written by\" \/>\n\t<meta name=\"twitter:data1\" content=\"redazione\" \/>\n\t<meta name=\"twitter:label2\" content=\"Est. reading time\" \/>\n\t<meta name=\"twitter:data2\" content=\"3 minutes\" \/>\n<script type=\"application\/ld+json\" class=\"yoast-schema-graph\">{\"@context\":\"https:\\\/\\\/schema.org\",\"@graph\":[{\"@type\":\"Article\",\"@id\":\"https:\\\/\\\/www.bellunopress.it\\\/2013\\\/02\\\/19\\\/album-di-famiglia-come-conservare-la-memoria-del-materiale-fotografico-venerdi-a-pieve-di-cadore\\\/#article\",\"isPartOf\":{\"@id\":\"https:\\\/\\\/www.bellunopress.it\\\/2013\\\/02\\\/19\\\/album-di-famiglia-come-conservare-la-memoria-del-materiale-fotografico-venerdi-a-pieve-di-cadore\\\/\"},\"author\":{\"name\":\"redazione\",\"@id\":\"https:\\\/\\\/www.bellunopress.it\\\/#\\\/schema\\\/person\\\/79bb06722b37ece1c03d3e94beb30d73\"},\"headline\":\"Album di famiglia, come conservare la memoria del materiale fotografico. Venerd\u00ec a Pieve di Cadore\",\"datePublished\":\"2013-02-19T19:09:19+00:00\",\"dateModified\":\"2013-02-22T08:53:32+00:00\",\"mainEntityOfPage\":{\"@id\":\"https:\\\/\\\/www.bellunopress.it\\\/2013\\\/02\\\/19\\\/album-di-famiglia-come-conservare-la-memoria-del-materiale-fotografico-venerdi-a-pieve-di-cadore\\\/\"},\"wordCount\":560,\"publisher\":{\"@id\":\"https:\\\/\\\/www.bellunopress.it\\\/#organization\"},\"articleSection\":[\"Appuntamenti, Eventi\",\"Pausa Caff\u00e8\",\"Societ\u00e0, Associazioni, Istituzioni\"],\"inLanguage\":\"fr-FR\"},{\"@type\":\"WebPage\",\"@id\":\"https:\\\/\\\/www.bellunopress.it\\\/2013\\\/02\\\/19\\\/album-di-famiglia-come-conservare-la-memoria-del-materiale-fotografico-venerdi-a-pieve-di-cadore\\\/\",\"url\":\"https:\\\/\\\/www.bellunopress.it\\\/2013\\\/02\\\/19\\\/album-di-famiglia-come-conservare-la-memoria-del-materiale-fotografico-venerdi-a-pieve-di-cadore\\\/\",\"name\":\"Album di famiglia, come conservare la memoria del materiale fotografico. Venerd\u00ec a Pieve di Cadore - Bellunopress - Dolomiti\",\"isPartOf\":{\"@id\":\"https:\\\/\\\/www.bellunopress.it\\\/#website\"},\"datePublished\":\"2013-02-19T19:09:19+00:00\",\"dateModified\":\"2013-02-22T08:53:32+00:00\",\"breadcrumb\":{\"@id\":\"https:\\\/\\\/www.bellunopress.it\\\/2013\\\/02\\\/19\\\/album-di-famiglia-come-conservare-la-memoria-del-materiale-fotografico-venerdi-a-pieve-di-cadore\\\/#breadcrumb\"},\"inLanguage\":\"fr-FR\",\"potentialAction\":[{\"@type\":\"ReadAction\",\"target\":[\"https:\\\/\\\/www.bellunopress.it\\\/2013\\\/02\\\/19\\\/album-di-famiglia-come-conservare-la-memoria-del-materiale-fotografico-venerdi-a-pieve-di-cadore\\\/\"]}]},{\"@type\":\"BreadcrumbList\",\"@id\":\"https:\\\/\\\/www.bellunopress.it\\\/2013\\\/02\\\/19\\\/album-di-famiglia-come-conservare-la-memoria-del-materiale-fotografico-venerdi-a-pieve-di-cadore\\\/#breadcrumb\",\"itemListElement\":[{\"@type\":\"ListItem\",\"position\":1,\"name\":\"Home\",\"item\":\"https:\\\/\\\/www.bellunopress.it\\\/\"},{\"@type\":\"ListItem\",\"position\":2,\"name\":\"Album di famiglia, come conservare la memoria del materiale fotografico. Venerd\u00ec a Pieve di Cadore\"}]},{\"@type\":\"WebSite\",\"@id\":\"https:\\\/\\\/www.bellunopress.it\\\/#website\",\"url\":\"https:\\\/\\\/www.bellunopress.it\\\/\",\"name\":\"Bellunopress - Dolomiti\",\"description\":\"e-mail: redazione@bellunopress.it\",\"publisher\":{\"@id\":\"https:\\\/\\\/www.bellunopress.it\\\/#organization\"},\"potentialAction\":[{\"@type\":\"SearchAction\",\"target\":{\"@type\":\"EntryPoint\",\"urlTemplate\":\"https:\\\/\\\/www.bellunopress.it\\\/?s={search_term_string}\"},\"query-input\":{\"@type\":\"PropertyValueSpecification\",\"valueRequired\":true,\"valueName\":\"search_term_string\"}}],\"inLanguage\":\"fr-FR\"},{\"@type\":\"Organization\",\"@id\":\"https:\\\/\\\/www.bellunopress.it\\\/#organization\",\"name\":\"Bellunopress\",\"url\":\"https:\\\/\\\/www.bellunopress.it\\\/\",\"logo\":{\"@type\":\"ImageObject\",\"inLanguage\":\"fr-FR\",\"@id\":\"https:\\\/\\\/www.bellunopress.it\\\/#\\\/schema\\\/logo\\\/image\\\/\",\"url\":\"https:\\\/\\\/www.bellunopress.it\\\/wp-content\\\/uploads\\\/2011\\\/05\\\/cropped-logo-bellunopress-.jpg\",\"contentUrl\":\"https:\\\/\\\/www.bellunopress.it\\\/wp-content\\\/uploads\\\/2011\\\/05\\\/cropped-logo-bellunopress-.jpg\",\"width\":512,\"height\":512,\"caption\":\"Bellunopress\"},\"image\":{\"@id\":\"https:\\\/\\\/www.bellunopress.it\\\/#\\\/schema\\\/logo\\\/image\\\/\"},\"sameAs\":[\"https:\\\/\\\/www.facebook.com\\\/profile.php?id=100008943462799\",\"https:\\\/\\\/x.com\\\/bellunopress\",\"https:\\\/\\\/www.linkedin.com\\\/hp\\\/?dnr=JBzUWaJfMUw8vbXJJ2tVW5-I3jZKvC4wsoxE&amp;amp;amp;amp;amp;amp;trk=nav_responsive_tab_home\",\"https:\\\/\\\/www.youtube.com\\\/channel\\\/UCxL0wu1uN0_3_7hGG0306cw\"]},{\"@type\":\"Person\",\"@id\":\"https:\\\/\\\/www.bellunopress.it\\\/#\\\/schema\\\/person\\\/79bb06722b37ece1c03d3e94beb30d73\",\"name\":\"redazione\",\"image\":{\"@type\":\"ImageObject\",\"inLanguage\":\"fr-FR\",\"@id\":\"https:\\\/\\\/secure.gravatar.com\\\/avatar\\\/37d968a2e67a6fd04c169c4bdef102d0bc5d31b2546345219e348575eb80e9a0?s=96&d=mm&r=g\",\"url\":\"https:\\\/\\\/secure.gravatar.com\\\/avatar\\\/37d968a2e67a6fd04c169c4bdef102d0bc5d31b2546345219e348575eb80e9a0?s=96&d=mm&r=g\",\"contentUrl\":\"https:\\\/\\\/secure.gravatar.com\\\/avatar\\\/37d968a2e67a6fd04c169c4bdef102d0bc5d31b2546345219e348575eb80e9a0?s=96&d=mm&r=g\",\"caption\":\"redazione\"},\"sameAs\":[\"http:\\\/\\\/www.bellunopress.it\",\"https:\\\/\\\/x.com\\\/bellunopress\"],\"url\":\"https:\\\/\\\/www.bellunopress.it\\\/fr\\\/author\\\/redazione\\\/\"}]}<\/script>\n<!-- \/ Yoast SEO plugin. -->","yoast_head_json":{"title":"Album di famiglia, come conservare la memoria del materiale fotografico. Venerd\u00ec a Pieve di Cadore - Bellunopress - Dolomiti","robots":{"index":"index","follow":"follow","max-snippet":"max-snippet:-1","max-image-preview":"max-image-preview:large","max-video-preview":"max-video-preview:-1"},"canonical":"https:\/\/www.bellunopress.it\/fr\/2013\/02\/19\/album-di-famiglia-come-conservare-la-memoria-del-materiale-fotografico-venerdi-a-pieve-di-cadore\/","og_locale":"fr_FR","og_type":"article","og_title":"Album di famiglia, come conservare la memoria del materiale fotografico. Venerd\u00ec a Pieve di Cadore - Bellunopress - Dolomiti","og_description":"Venerd\u00ec 22 febbraio 2013, ore 18.00 Museo dell&#8217;occhiale di Pieve di Cadore, \u201cAlbum di famiglia. Conservare la memoria, istruzioni per la conservazione e la descrizione del materiale fotografico\u201d incontro, aperto alla cittadinanza, con Luca Majoli della Soprintendenza per i beni Beni Storici Artistici ed Etnoantropologici. Il passato, recente o lontano, comunica attraverso diversi tipi di [&hellip;]","og_url":"https:\/\/www.bellunopress.it\/fr\/2013\/02\/19\/album-di-famiglia-come-conservare-la-memoria-del-materiale-fotografico-venerdi-a-pieve-di-cadore\/","og_site_name":"Bellunopress - Dolomiti","article_publisher":"https:\/\/www.facebook.com\/profile.php?id=100008943462799","article_published_time":"2013-02-19T19:09:19+00:00","article_modified_time":"2013-02-22T08:53:32+00:00","og_image":[{"url":"http:\/\/www.bellunopress.it\/wp-content\/uploads\/2012\/07\/logo-bellunopress-250x250-2012.jpg","type":"","width":"","height":""}],"author":"redazione","twitter_card":"summary_large_image","twitter_creator":"@bellunopress","twitter_site":"@bellunopress","twitter_misc":{"Written by":"redazione","Est. reading time":"3 minutes"},"schema":{"@context":"https:\/\/schema.org","@graph":[{"@type":"Article","@id":"https:\/\/www.bellunopress.it\/2013\/02\/19\/album-di-famiglia-come-conservare-la-memoria-del-materiale-fotografico-venerdi-a-pieve-di-cadore\/#article","isPartOf":{"@id":"https:\/\/www.bellunopress.it\/2013\/02\/19\/album-di-famiglia-come-conservare-la-memoria-del-materiale-fotografico-venerdi-a-pieve-di-cadore\/"},"author":{"name":"redazione","@id":"https:\/\/www.bellunopress.it\/#\/schema\/person\/79bb06722b37ece1c03d3e94beb30d73"},"headline":"Album di famiglia, come conservare la memoria del materiale fotografico. Venerd\u00ec a Pieve di Cadore","datePublished":"2013-02-19T19:09:19+00:00","dateModified":"2013-02-22T08:53:32+00:00","mainEntityOfPage":{"@id":"https:\/\/www.bellunopress.it\/2013\/02\/19\/album-di-famiglia-come-conservare-la-memoria-del-materiale-fotografico-venerdi-a-pieve-di-cadore\/"},"wordCount":560,"publisher":{"@id":"https:\/\/www.bellunopress.it\/#organization"},"articleSection":["Appuntamenti, Eventi","Pausa Caff\u00e8","Societ\u00e0, Associazioni, Istituzioni"],"inLanguage":"fr-FR"},{"@type":"WebPage","@id":"https:\/\/www.bellunopress.it\/2013\/02\/19\/album-di-famiglia-come-conservare-la-memoria-del-materiale-fotografico-venerdi-a-pieve-di-cadore\/","url":"https:\/\/www.bellunopress.it\/2013\/02\/19\/album-di-famiglia-come-conservare-la-memoria-del-materiale-fotografico-venerdi-a-pieve-di-cadore\/","name":"Album di famiglia, come conservare la memoria del materiale fotografico. Venerd\u00ec a Pieve di Cadore - Bellunopress - Dolomiti","isPartOf":{"@id":"https:\/\/www.bellunopress.it\/#website"},"datePublished":"2013-02-19T19:09:19+00:00","dateModified":"2013-02-22T08:53:32+00:00","breadcrumb":{"@id":"https:\/\/www.bellunopress.it\/2013\/02\/19\/album-di-famiglia-come-conservare-la-memoria-del-materiale-fotografico-venerdi-a-pieve-di-cadore\/#breadcrumb"},"inLanguage":"fr-FR","potentialAction":[{"@type":"ReadAction","target":["https:\/\/www.bellunopress.it\/2013\/02\/19\/album-di-famiglia-come-conservare-la-memoria-del-materiale-fotografico-venerdi-a-pieve-di-cadore\/"]}]},{"@type":"BreadcrumbList","@id":"https:\/\/www.bellunopress.it\/2013\/02\/19\/album-di-famiglia-come-conservare-la-memoria-del-materiale-fotografico-venerdi-a-pieve-di-cadore\/#breadcrumb","itemListElement":[{"@type":"ListItem","position":1,"name":"Home","item":"https:\/\/www.bellunopress.it\/"},{"@type":"ListItem","position":2,"name":"Album di famiglia, come conservare la memoria del materiale fotografico. Venerd\u00ec a Pieve di Cadore"}]},{"@type":"WebSite","@id":"https:\/\/www.bellunopress.it\/#website","url":"https:\/\/www.bellunopress.it\/","name":"Bellunopress - Dolomiti","description":"e-mail: redazione@bellunopress.it","publisher":{"@id":"https:\/\/www.bellunopress.it\/#organization"},"potentialAction":[{"@type":"SearchAction","target":{"@type":"EntryPoint","urlTemplate":"https:\/\/www.bellunopress.it\/?s={search_term_string}"},"query-input":{"@type":"PropertyValueSpecification","valueRequired":true,"valueName":"search_term_string"}}],"inLanguage":"fr-FR"},{"@type":"Organization","@id":"https:\/\/www.bellunopress.it\/#organization","name":"Bellunopress","url":"https:\/\/www.bellunopress.it\/","logo":{"@type":"ImageObject","inLanguage":"fr-FR","@id":"https:\/\/www.bellunopress.it\/#\/schema\/logo\/image\/","url":"https:\/\/www.bellunopress.it\/wp-content\/uploads\/2011\/05\/cropped-logo-bellunopress-.jpg","contentUrl":"https:\/\/www.bellunopress.it\/wp-content\/uploads\/2011\/05\/cropped-logo-bellunopress-.jpg","width":512,"height":512,"caption":"Bellunopress"},"image":{"@id":"https:\/\/www.bellunopress.it\/#\/schema\/logo\/image\/"},"sameAs":["https:\/\/www.facebook.com\/profile.php?id=100008943462799","https:\/\/x.com\/bellunopress","https:\/\/www.linkedin.com\/hp\/?dnr=JBzUWaJfMUw8vbXJJ2tVW5-I3jZKvC4wsoxE&amp;amp;amp;amp;amp;amp;trk=nav_responsive_tab_home","https:\/\/www.youtube.com\/channel\/UCxL0wu1uN0_3_7hGG0306cw"]},{"@type":"Person","@id":"https:\/\/www.bellunopress.it\/#\/schema\/person\/79bb06722b37ece1c03d3e94beb30d73","name":"r\u00e9daction","image":{"@type":"ImageObject","inLanguage":"fr-FR","@id":"https:\/\/secure.gravatar.com\/avatar\/37d968a2e67a6fd04c169c4bdef102d0bc5d31b2546345219e348575eb80e9a0?s=96&d=mm&r=g","url":"https:\/\/secure.gravatar.com\/avatar\/37d968a2e67a6fd04c169c4bdef102d0bc5d31b2546345219e348575eb80e9a0?s=96&d=mm&r=g","contentUrl":"https:\/\/secure.gravatar.com\/avatar\/37d968a2e67a6fd04c169c4bdef102d0bc5d31b2546345219e348575eb80e9a0?s=96&d=mm&r=g","caption":"redazione"},"sameAs":["http:\/\/www.bellunopress.it","https:\/\/x.com\/bellunopress"],"url":"https:\/\/www.bellunopress.it\/fr\/author\/redazione\/"}]}},"_links":{"self":[{"href":"https:\/\/www.bellunopress.it\/fr\/wp-json\/wp\/v2\/posts\/46945","targetHints":{"allow":["GET"]}}],"collection":[{"href":"https:\/\/www.bellunopress.it\/fr\/wp-json\/wp\/v2\/posts"}],"about":[{"href":"https:\/\/www.bellunopress.it\/fr\/wp-json\/wp\/v2\/types\/post"}],"author":[{"embeddable":true,"href":"https:\/\/www.bellunopress.it\/fr\/wp-json\/wp\/v2\/users\/2"}],"replies":[{"embeddable":true,"href":"https:\/\/www.bellunopress.it\/fr\/wp-json\/wp\/v2\/comments?post=46945"}],"version-history":[{"count":2,"href":"https:\/\/www.bellunopress.it\/fr\/wp-json\/wp\/v2\/posts\/46945\/revisions"}],"predecessor-version":[{"id":46993,"href":"https:\/\/www.bellunopress.it\/fr\/wp-json\/wp\/v2\/posts\/46945\/revisions\/46993"}],"wp:attachment":[{"href":"https:\/\/www.bellunopress.it\/fr\/wp-json\/wp\/v2\/media?parent=46945"}],"wp:term":[{"taxonomy":"category","embeddable":true,"href":"https:\/\/www.bellunopress.it\/fr\/wp-json\/wp\/v2\/categories?post=46945"},{"taxonomy":"post_tag","embeddable":true,"href":"https:\/\/www.bellunopress.it\/fr\/wp-json\/wp\/v2\/tags?post=46945"}],"curies":[{"name":"wp","href":"https:\/\/api.w.org\/{rel}","templated":true}]}}