{"id":46942,"date":"2013-02-20T19:29:13","date_gmt":"2013-02-20T18:29:13","guid":{"rendered":"http:\/\/www.bellunopress.it\/?p=46942"},"modified":"2013-02-20T19:29:13","modified_gmt":"2013-02-20T18:29:13","slug":"giovanni-piccoli-candidato-pdl-al-senato-saro-dalla-parte-dei-sindaci-e-dei-territori","status":"publish","type":"post","link":"https:\/\/www.bellunopress.it\/fr\/2013\/02\/20\/giovanni-piccoli-candidato-pdl-al-senato-saro-dalla-parte-dei-sindaci-e-dei-territori\/","title":{"rendered":"Giovanni Piccoli (candidato Pdl al Senato): &#8220;Sar\u00f2 dalla parte dei sindaci e dei territori&#8221;"},"content":{"rendered":"<figure id=\"attachment_6674\" aria-describedby=\"caption-attachment-6674\" style=\"width: 290px\" class=\"wp-caption alignleft\"><a href=\"http:\/\/www.bellunopress.it\/wp-content\/uploads\/2009\/08\/giovanni-piccoli-290x198.jpg\"><img loading=\"lazy\" decoding=\"async\" class=\"size-full wp-image-6674\" alt=\"Giovanni Piccoli presidente Consorzio Bim Piave\" src=\"http:\/\/www.bellunopress.it\/wp-content\/uploads\/2009\/08\/giovanni-piccoli-290x198.jpg\" width=\"290\" height=\"193\" \/><\/a><figcaption id=\"caption-attachment-6674\" class=\"wp-caption-text\">Giovanni Piccoli presidente Consorzio Bim Piave<\/figcaption><\/figure>\n<p>\u201cSar\u00f2 dalla parte dei sindaci e delle amministrazioni comunali, che\u00a0sono le vere sentinelle del nostro territorio. Voglio essere la\u00a0cinghia di trasmissione tra i primi cittadini bellunesi e i palazzi\u00a0romani. Il mio impegno in tal senso sar\u00e0 totale e incondizionato\u201d.<\/p>\n<p>A dirlo \u00e8 il candidato al Senato per il Pdl Giovanni Piccoli a pochi\u00a0giorni dalle elezioni politiche 2013.<\/p>\n<p>\u201cIn questi anni da sindaco ho capito l\u2019importanza del rapporto coi\u00a0cittadini, rapporto che deve essere schietto, diretto e leale. Solo\u00a0cos\u00ec si pu\u00f2 lavorare davvero per il bene della comunit\u00e0. La sfiducia\u00a0nei confronti della politica \u00e8 nata a causa anche a causa di una\u00a0scarsa e inesatta comunicazione dei problemi reali e di un crescente\u00a0scollamento fra rappresentanti e rappresentati, da una distanza\u00a0divenuta spesso incolmabile. Da qui dobbiamo ripartire. Anche per\u00a0questo come mio slogan personale in questa campagna elettorale ho\u00a0scelto la frase \u201cDal Territorio per il Territorio\u201d.<\/p>\n<p>\u201cParlare di territorio &#8211; concclude Piccoli &#8211; non significa avere una visione localistica\u00a0della cosa pubblica, anzi. Significa costruire qualcosa partendo dal\u00a0basso, ovvero dal livello pi\u00f9 vicino ai cittadini. E\u2019 inutile pensare\u00a0alla politica in grande se gli asili non funzionano, le scuole offrono\u00a0un\u2019educazione inadeguata, se i servizi sociali latitano o se le\u00a0imprese non sono messe nelle condizioni di lavorare perch\u00e9 non c\u2019\u00e8 una\u00a0rete infrastrutturale seria, come avviene nel Bellunese\u201d.<\/p>\n<p>&nbsp;<\/p>","protected":false},"excerpt":{"rendered":"<p>\u201cSar\u00f2 dalla parte dei sindaci e delle amministrazioni comunali, che\u00a0sono le vere sentinelle del nostro territorio. Voglio essere la\u00a0cinghia di trasmissione tra i primi cittadini bellunesi e i palazzi\u00a0romani. Il mio impegno in tal senso sar\u00e0 totale e incondizionato\u201d. A dirlo \u00e8 il candidato al Senato per il Pdl Giovanni Piccoli a pochi\u00a0giorni dalle elezioni [&hellip;]<\/p>\n","protected":false},"author":2,"featured_media":0,"comment_status":"closed","ping_status":"open","sticky":false,"template":"","format":"standard","meta":{"footnotes":""},"categories":[5,26],"tags":[],"class_list":["post-46942","post","type-post","status-publish","format-standard","category-cronaca","category-prima-pagina"],"yoast_head":"<!-- This site is optimized with the Yoast SEO plugin v28.4 - https:\/\/yoast.com\/product\/yoast-seo-wordpress\/ -->\n<title>Giovanni Piccoli (candidato Pdl al Senato): &quot;Sar\u00f2 dalla parte dei sindaci e dei territori&quot; - Bellunopress - Dolomiti<\/title>\n<meta name=\"robots\" content=\"index, follow, max-snippet:-1, max-image-preview:large, max-video-preview:-1\" \/>\n<link rel=\"canonical\" href=\"https:\/\/www.bellunopress.it\/fr\/2013\/02\/20\/giovanni-piccoli-candidato-pdl-al-senato-saro-dalla-parte-dei-sindaci-e-dei-territori\/\" \/>\n<meta property=\"og:locale\" content=\"fr_FR\" \/>\n<meta property=\"og:type\" content=\"article\" \/>\n<meta property=\"og:title\" content=\"Giovanni Piccoli (candidato Pdl al Senato): &quot;Sar\u00f2 dalla parte dei sindaci e dei territori&quot; - Bellunopress - Dolomiti\" \/>\n<meta property=\"og:description\" content=\"\u201cSar\u00f2 dalla parte dei sindaci e delle amministrazioni comunali, che\u00a0sono le vere sentinelle del nostro territorio. Voglio essere la\u00a0cinghia di trasmissione tra i primi cittadini bellunesi e i palazzi\u00a0romani. Il mio impegno in tal senso sar\u00e0 totale e incondizionato\u201d. A dirlo \u00e8 il candidato al Senato per il Pdl Giovanni Piccoli a pochi\u00a0giorni dalle elezioni [&hellip;]\" \/>\n<meta property=\"og:url\" content=\"https:\/\/www.bellunopress.it\/fr\/2013\/02\/20\/giovanni-piccoli-candidato-pdl-al-senato-saro-dalla-parte-dei-sindaci-e-dei-territori\/\" \/>\n<meta property=\"og:site_name\" content=\"Bellunopress - Dolomiti\" \/>\n<meta property=\"article:publisher\" content=\"https:\/\/www.facebook.com\/profile.php?id=100008943462799\" \/>\n<meta property=\"article:published_time\" content=\"2013-02-20T18:29:13+00:00\" \/>\n<meta property=\"og:image\" content=\"http:\/\/www.bellunopress.it\/wp-content\/uploads\/2009\/08\/giovanni-piccoli-290x198.jpg\" \/>\n<meta name=\"author\" content=\"redazione\" \/>\n<meta name=\"twitter:card\" content=\"summary_large_image\" \/>\n<meta name=\"twitter:creator\" content=\"@bellunopress\" \/>\n<meta name=\"twitter:site\" content=\"@bellunopress\" \/>\n<meta name=\"twitter:label1\" content=\"Written by\" \/>\n\t<meta name=\"twitter:data1\" content=\"redazione\" \/>\n\t<meta name=\"twitter:label2\" content=\"Est. reading time\" \/>\n\t<meta name=\"twitter:data2\" content=\"1 minute\" \/>\n<script type=\"application\/ld+json\" class=\"yoast-schema-graph\">{\"@context\":\"https:\\\/\\\/schema.org\",\"@graph\":[{\"@type\":\"Article\",\"@id\":\"https:\\\/\\\/www.bellunopress.it\\\/2013\\\/02\\\/20\\\/giovanni-piccoli-candidato-pdl-al-senato-saro-dalla-parte-dei-sindaci-e-dei-territori\\\/#article\",\"isPartOf\":{\"@id\":\"https:\\\/\\\/www.bellunopress.it\\\/2013\\\/02\\\/20\\\/giovanni-piccoli-candidato-pdl-al-senato-saro-dalla-parte-dei-sindaci-e-dei-territori\\\/\"},\"author\":{\"name\":\"redazione\",\"@id\":\"https:\\\/\\\/www.bellunopress.it\\\/#\\\/schema\\\/person\\\/79bb06722b37ece1c03d3e94beb30d73\"},\"headline\":\"Giovanni Piccoli (candidato Pdl al Senato): &#8220;Sar\u00f2 dalla parte dei sindaci e dei territori&#8221;\",\"datePublished\":\"2013-02-20T18:29:13+00:00\",\"mainEntityOfPage\":{\"@id\":\"https:\\\/\\\/www.bellunopress.it\\\/2013\\\/02\\\/20\\\/giovanni-piccoli-candidato-pdl-al-senato-saro-dalla-parte-dei-sindaci-e-dei-territori\\\/\"},\"wordCount\":254,\"publisher\":{\"@id\":\"https:\\\/\\\/www.bellunopress.it\\\/#organization\"},\"image\":{\"@id\":\"https:\\\/\\\/www.bellunopress.it\\\/2013\\\/02\\\/20\\\/giovanni-piccoli-candidato-pdl-al-senato-saro-dalla-parte-dei-sindaci-e-dei-territori\\\/#primaryimage\"},\"thumbnailUrl\":\"http:\\\/\\\/www.bellunopress.it\\\/wp-content\\\/uploads\\\/2009\\\/08\\\/giovanni-piccoli-290x198.jpg\",\"articleSection\":[\"Cronaca\\\/Politica\",\"Prima Pagina\"],\"inLanguage\":\"fr-FR\"},{\"@type\":\"WebPage\",\"@id\":\"https:\\\/\\\/www.bellunopress.it\\\/2013\\\/02\\\/20\\\/giovanni-piccoli-candidato-pdl-al-senato-saro-dalla-parte-dei-sindaci-e-dei-territori\\\/\",\"url\":\"https:\\\/\\\/www.bellunopress.it\\\/2013\\\/02\\\/20\\\/giovanni-piccoli-candidato-pdl-al-senato-saro-dalla-parte-dei-sindaci-e-dei-territori\\\/\",\"name\":\"Giovanni Piccoli (candidato Pdl al Senato): \\\"Sar\u00f2 dalla parte dei sindaci e dei territori\\\" - Bellunopress - Dolomiti\",\"isPartOf\":{\"@id\":\"https:\\\/\\\/www.bellunopress.it\\\/#website\"},\"primaryImageOfPage\":{\"@id\":\"https:\\\/\\\/www.bellunopress.it\\\/2013\\\/02\\\/20\\\/giovanni-piccoli-candidato-pdl-al-senato-saro-dalla-parte-dei-sindaci-e-dei-territori\\\/#primaryimage\"},\"image\":{\"@id\":\"https:\\\/\\\/www.bellunopress.it\\\/2013\\\/02\\\/20\\\/giovanni-piccoli-candidato-pdl-al-senato-saro-dalla-parte-dei-sindaci-e-dei-territori\\\/#primaryimage\"},\"thumbnailUrl\":\"http:\\\/\\\/www.bellunopress.it\\\/wp-content\\\/uploads\\\/2009\\\/08\\\/giovanni-piccoli-290x198.jpg\",\"datePublished\":\"2013-02-20T18:29:13+00:00\",\"breadcrumb\":{\"@id\":\"https:\\\/\\\/www.bellunopress.it\\\/2013\\\/02\\\/20\\\/giovanni-piccoli-candidato-pdl-al-senato-saro-dalla-parte-dei-sindaci-e-dei-territori\\\/#breadcrumb\"},\"inLanguage\":\"fr-FR\",\"potentialAction\":[{\"@type\":\"ReadAction\",\"target\":[\"https:\\\/\\\/www.bellunopress.it\\\/2013\\\/02\\\/20\\\/giovanni-piccoli-candidato-pdl-al-senato-saro-dalla-parte-dei-sindaci-e-dei-territori\\\/\"]}]},{\"@type\":\"ImageObject\",\"inLanguage\":\"fr-FR\",\"@id\":\"https:\\\/\\\/www.bellunopress.it\\\/2013\\\/02\\\/20\\\/giovanni-piccoli-candidato-pdl-al-senato-saro-dalla-parte-dei-sindaci-e-dei-territori\\\/#primaryimage\",\"url\":\"http:\\\/\\\/www.bellunopress.it\\\/wp-content\\\/uploads\\\/2009\\\/08\\\/giovanni-piccoli-290x198.jpg\",\"contentUrl\":\"http:\\\/\\\/www.bellunopress.it\\\/wp-content\\\/uploads\\\/2009\\\/08\\\/giovanni-piccoli-290x198.jpg\"},{\"@type\":\"BreadcrumbList\",\"@id\":\"https:\\\/\\\/www.bellunopress.it\\\/2013\\\/02\\\/20\\\/giovanni-piccoli-candidato-pdl-al-senato-saro-dalla-parte-dei-sindaci-e-dei-territori\\\/#breadcrumb\",\"itemListElement\":[{\"@type\":\"ListItem\",\"position\":1,\"name\":\"Home\",\"item\":\"https:\\\/\\\/www.bellunopress.it\\\/\"},{\"@type\":\"ListItem\",\"position\":2,\"name\":\"Giovanni Piccoli (candidato Pdl al Senato): &#8220;Sar\u00f2 dalla parte dei sindaci e dei territori&#8221;\"}]},{\"@type\":\"WebSite\",\"@id\":\"https:\\\/\\\/www.bellunopress.it\\\/#website\",\"url\":\"https:\\\/\\\/www.bellunopress.it\\\/\",\"name\":\"Bellunopress - Dolomiti\",\"description\":\"e-mail: redazione@bellunopress.it\",\"publisher\":{\"@id\":\"https:\\\/\\\/www.bellunopress.it\\\/#organization\"},\"potentialAction\":[{\"@type\":\"SearchAction\",\"target\":{\"@type\":\"EntryPoint\",\"urlTemplate\":\"https:\\\/\\\/www.bellunopress.it\\\/?s={search_term_string}\"},\"query-input\":{\"@type\":\"PropertyValueSpecification\",\"valueRequired\":true,\"valueName\":\"search_term_string\"}}],\"inLanguage\":\"fr-FR\"},{\"@type\":\"Organization\",\"@id\":\"https:\\\/\\\/www.bellunopress.it\\\/#organization\",\"name\":\"Bellunopress\",\"url\":\"https:\\\/\\\/www.bellunopress.it\\\/\",\"logo\":{\"@type\":\"ImageObject\",\"inLanguage\":\"fr-FR\",\"@id\":\"https:\\\/\\\/www.bellunopress.it\\\/#\\\/schema\\\/logo\\\/image\\\/\",\"url\":\"https:\\\/\\\/www.bellunopress.it\\\/wp-content\\\/uploads\\\/2011\\\/05\\\/cropped-logo-bellunopress-.jpg\",\"contentUrl\":\"https:\\\/\\\/www.bellunopress.it\\\/wp-content\\\/uploads\\\/2011\\\/05\\\/cropped-logo-bellunopress-.jpg\",\"width\":512,\"height\":512,\"caption\":\"Bellunopress\"},\"image\":{\"@id\":\"https:\\\/\\\/www.bellunopress.it\\\/#\\\/schema\\\/logo\\\/image\\\/\"},\"sameAs\":[\"https:\\\/\\\/www.facebook.com\\\/profile.php?id=100008943462799\",\"https:\\\/\\\/x.com\\\/bellunopress\",\"https:\\\/\\\/www.linkedin.com\\\/hp\\\/?dnr=JBzUWaJfMUw8vbXJJ2tVW5-I3jZKvC4wsoxE&amp;amp;amp;amp;amp;amp;trk=nav_responsive_tab_home\",\"https:\\\/\\\/www.youtube.com\\\/channel\\\/UCxL0wu1uN0_3_7hGG0306cw\"]},{\"@type\":\"Person\",\"@id\":\"https:\\\/\\\/www.bellunopress.it\\\/#\\\/schema\\\/person\\\/79bb06722b37ece1c03d3e94beb30d73\",\"name\":\"redazione\",\"image\":{\"@type\":\"ImageObject\",\"inLanguage\":\"fr-FR\",\"@id\":\"https:\\\/\\\/secure.gravatar.com\\\/avatar\\\/37d968a2e67a6fd04c169c4bdef102d0bc5d31b2546345219e348575eb80e9a0?s=96&d=mm&r=g\",\"url\":\"https:\\\/\\\/secure.gravatar.com\\\/avatar\\\/37d968a2e67a6fd04c169c4bdef102d0bc5d31b2546345219e348575eb80e9a0?s=96&d=mm&r=g\",\"contentUrl\":\"https:\\\/\\\/secure.gravatar.com\\\/avatar\\\/37d968a2e67a6fd04c169c4bdef102d0bc5d31b2546345219e348575eb80e9a0?s=96&d=mm&r=g\",\"caption\":\"redazione\"},\"sameAs\":[\"http:\\\/\\\/www.bellunopress.it\",\"https:\\\/\\\/x.com\\\/bellunopress\"],\"url\":\"https:\\\/\\\/www.bellunopress.it\\\/fr\\\/author\\\/redazione\\\/\"}]}<\/script>\n<!-- \/ Yoast SEO plugin. -->","yoast_head_json":{"title":"Giovanni Piccoli (candidato Pdl al Senato): \"Sar\u00f2 dalla parte dei sindaci e dei territori\" - Bellunopress - Dolomiti","robots":{"index":"index","follow":"follow","max-snippet":"max-snippet:-1","max-image-preview":"max-image-preview:large","max-video-preview":"max-video-preview:-1"},"canonical":"https:\/\/www.bellunopress.it\/fr\/2013\/02\/20\/giovanni-piccoli-candidato-pdl-al-senato-saro-dalla-parte-dei-sindaci-e-dei-territori\/","og_locale":"fr_FR","og_type":"article","og_title":"Giovanni Piccoli (candidato Pdl al Senato): \"Sar\u00f2 dalla parte dei sindaci e dei territori\" - Bellunopress - Dolomiti","og_description":"\u201cSar\u00f2 dalla parte dei sindaci e delle amministrazioni comunali, che\u00a0sono le vere sentinelle del nostro territorio. Voglio essere la\u00a0cinghia di trasmissione tra i primi cittadini bellunesi e i palazzi\u00a0romani. Il mio impegno in tal senso sar\u00e0 totale e incondizionato\u201d. A dirlo \u00e8 il candidato al Senato per il Pdl Giovanni Piccoli a pochi\u00a0giorni dalle elezioni [&hellip;]","og_url":"https:\/\/www.bellunopress.it\/fr\/2013\/02\/20\/giovanni-piccoli-candidato-pdl-al-senato-saro-dalla-parte-dei-sindaci-e-dei-territori\/","og_site_name":"Bellunopress - Dolomiti","article_publisher":"https:\/\/www.facebook.com\/profile.php?id=100008943462799","article_published_time":"2013-02-20T18:29:13+00:00","og_image":[{"url":"http:\/\/www.bellunopress.it\/wp-content\/uploads\/2009\/08\/giovanni-piccoli-290x198.jpg","type":"","width":"","height":""}],"author":"redazione","twitter_card":"summary_large_image","twitter_creator":"@bellunopress","twitter_site":"@bellunopress","twitter_misc":{"Written by":"redazione","Est. reading time":"1 minute"},"schema":{"@context":"https:\/\/schema.org","@graph":[{"@type":"Article","@id":"https:\/\/www.bellunopress.it\/2013\/02\/20\/giovanni-piccoli-candidato-pdl-al-senato-saro-dalla-parte-dei-sindaci-e-dei-territori\/#article","isPartOf":{"@id":"https:\/\/www.bellunopress.it\/2013\/02\/20\/giovanni-piccoli-candidato-pdl-al-senato-saro-dalla-parte-dei-sindaci-e-dei-territori\/"},"author":{"name":"redazione","@id":"https:\/\/www.bellunopress.it\/#\/schema\/person\/79bb06722b37ece1c03d3e94beb30d73"},"headline":"Giovanni Piccoli (candidato Pdl al Senato): &#8220;Sar\u00f2 dalla parte dei sindaci e dei territori&#8221;","datePublished":"2013-02-20T18:29:13+00:00","mainEntityOfPage":{"@id":"https:\/\/www.bellunopress.it\/2013\/02\/20\/giovanni-piccoli-candidato-pdl-al-senato-saro-dalla-parte-dei-sindaci-e-dei-territori\/"},"wordCount":254,"publisher":{"@id":"https:\/\/www.bellunopress.it\/#organization"},"image":{"@id":"https:\/\/www.bellunopress.it\/2013\/02\/20\/giovanni-piccoli-candidato-pdl-al-senato-saro-dalla-parte-dei-sindaci-e-dei-territori\/#primaryimage"},"thumbnailUrl":"http:\/\/www.bellunopress.it\/wp-content\/uploads\/2009\/08\/giovanni-piccoli-290x198.jpg","articleSection":["Cronaca\/Politica","Prima Pagina"],"inLanguage":"fr-FR"},{"@type":"WebPage","@id":"https:\/\/www.bellunopress.it\/2013\/02\/20\/giovanni-piccoli-candidato-pdl-al-senato-saro-dalla-parte-dei-sindaci-e-dei-territori\/","url":"https:\/\/www.bellunopress.it\/2013\/02\/20\/giovanni-piccoli-candidato-pdl-al-senato-saro-dalla-parte-dei-sindaci-e-dei-territori\/","name":"Giovanni Piccoli (candidato Pdl al Senato): \"Sar\u00f2 dalla parte dei sindaci e dei territori\" - Bellunopress - Dolomiti","isPartOf":{"@id":"https:\/\/www.bellunopress.it\/#website"},"primaryImageOfPage":{"@id":"https:\/\/www.bellunopress.it\/2013\/02\/20\/giovanni-piccoli-candidato-pdl-al-senato-saro-dalla-parte-dei-sindaci-e-dei-territori\/#primaryimage"},"image":{"@id":"https:\/\/www.bellunopress.it\/2013\/02\/20\/giovanni-piccoli-candidato-pdl-al-senato-saro-dalla-parte-dei-sindaci-e-dei-territori\/#primaryimage"},"thumbnailUrl":"http:\/\/www.bellunopress.it\/wp-content\/uploads\/2009\/08\/giovanni-piccoli-290x198.jpg","datePublished":"2013-02-20T18:29:13+00:00","breadcrumb":{"@id":"https:\/\/www.bellunopress.it\/2013\/02\/20\/giovanni-piccoli-candidato-pdl-al-senato-saro-dalla-parte-dei-sindaci-e-dei-territori\/#breadcrumb"},"inLanguage":"fr-FR","potentialAction":[{"@type":"ReadAction","target":["https:\/\/www.bellunopress.it\/2013\/02\/20\/giovanni-piccoli-candidato-pdl-al-senato-saro-dalla-parte-dei-sindaci-e-dei-territori\/"]}]},{"@type":"ImageObject","inLanguage":"fr-FR","@id":"https:\/\/www.bellunopress.it\/2013\/02\/20\/giovanni-piccoli-candidato-pdl-al-senato-saro-dalla-parte-dei-sindaci-e-dei-territori\/#primaryimage","url":"http:\/\/www.bellunopress.it\/wp-content\/uploads\/2009\/08\/giovanni-piccoli-290x198.jpg","contentUrl":"http:\/\/www.bellunopress.it\/wp-content\/uploads\/2009\/08\/giovanni-piccoli-290x198.jpg"},{"@type":"BreadcrumbList","@id":"https:\/\/www.bellunopress.it\/2013\/02\/20\/giovanni-piccoli-candidato-pdl-al-senato-saro-dalla-parte-dei-sindaci-e-dei-territori\/#breadcrumb","itemListElement":[{"@type":"ListItem","position":1,"name":"Home","item":"https:\/\/www.bellunopress.it\/"},{"@type":"ListItem","position":2,"name":"Giovanni Piccoli (candidato Pdl al Senato): &#8220;Sar\u00f2 dalla parte dei sindaci e dei territori&#8221;"}]},{"@type":"WebSite","@id":"https:\/\/www.bellunopress.it\/#website","url":"https:\/\/www.bellunopress.it\/","name":"Bellunopress - Dolomiti","description":"e-mail: redazione@bellunopress.it","publisher":{"@id":"https:\/\/www.bellunopress.it\/#organization"},"potentialAction":[{"@type":"SearchAction","target":{"@type":"EntryPoint","urlTemplate":"https:\/\/www.bellunopress.it\/?s={search_term_string}"},"query-input":{"@type":"PropertyValueSpecification","valueRequired":true,"valueName":"search_term_string"}}],"inLanguage":"fr-FR"},{"@type":"Organization","@id":"https:\/\/www.bellunopress.it\/#organization","name":"Bellunopress","url":"https:\/\/www.bellunopress.it\/","logo":{"@type":"ImageObject","inLanguage":"fr-FR","@id":"https:\/\/www.bellunopress.it\/#\/schema\/logo\/image\/","url":"https:\/\/www.bellunopress.it\/wp-content\/uploads\/2011\/05\/cropped-logo-bellunopress-.jpg","contentUrl":"https:\/\/www.bellunopress.it\/wp-content\/uploads\/2011\/05\/cropped-logo-bellunopress-.jpg","width":512,"height":512,"caption":"Bellunopress"},"image":{"@id":"https:\/\/www.bellunopress.it\/#\/schema\/logo\/image\/"},"sameAs":["https:\/\/www.facebook.com\/profile.php?id=100008943462799","https:\/\/x.com\/bellunopress","https:\/\/www.linkedin.com\/hp\/?dnr=JBzUWaJfMUw8vbXJJ2tVW5-I3jZKvC4wsoxE&amp;amp;amp;amp;amp;amp;trk=nav_responsive_tab_home","https:\/\/www.youtube.com\/channel\/UCxL0wu1uN0_3_7hGG0306cw"]},{"@type":"Person","@id":"https:\/\/www.bellunopress.it\/#\/schema\/person\/79bb06722b37ece1c03d3e94beb30d73","name":"r\u00e9daction","image":{"@type":"ImageObject","inLanguage":"fr-FR","@id":"https:\/\/secure.gravatar.com\/avatar\/37d968a2e67a6fd04c169c4bdef102d0bc5d31b2546345219e348575eb80e9a0?s=96&d=mm&r=g","url":"https:\/\/secure.gravatar.com\/avatar\/37d968a2e67a6fd04c169c4bdef102d0bc5d31b2546345219e348575eb80e9a0?s=96&d=mm&r=g","contentUrl":"https:\/\/secure.gravatar.com\/avatar\/37d968a2e67a6fd04c169c4bdef102d0bc5d31b2546345219e348575eb80e9a0?s=96&d=mm&r=g","caption":"redazione"},"sameAs":["http:\/\/www.bellunopress.it","https:\/\/x.com\/bellunopress"],"url":"https:\/\/www.bellunopress.it\/fr\/author\/redazione\/"}]}},"_links":{"self":[{"href":"https:\/\/www.bellunopress.it\/fr\/wp-json\/wp\/v2\/posts\/46942","targetHints":{"allow":["GET"]}}],"collection":[{"href":"https:\/\/www.bellunopress.it\/fr\/wp-json\/wp\/v2\/posts"}],"about":[{"href":"https:\/\/www.bellunopress.it\/fr\/wp-json\/wp\/v2\/types\/post"}],"author":[{"embeddable":true,"href":"https:\/\/www.bellunopress.it\/fr\/wp-json\/wp\/v2\/users\/2"}],"replies":[{"embeddable":true,"href":"https:\/\/www.bellunopress.it\/fr\/wp-json\/wp\/v2\/comments?post=46942"}],"version-history":[{"count":2,"href":"https:\/\/www.bellunopress.it\/fr\/wp-json\/wp\/v2\/posts\/46942\/revisions"}],"predecessor-version":[{"id":46944,"href":"https:\/\/www.bellunopress.it\/fr\/wp-json\/wp\/v2\/posts\/46942\/revisions\/46944"}],"wp:attachment":[{"href":"https:\/\/www.bellunopress.it\/fr\/wp-json\/wp\/v2\/media?parent=46942"}],"wp:term":[{"taxonomy":"category","embeddable":true,"href":"https:\/\/www.bellunopress.it\/fr\/wp-json\/wp\/v2\/categories?post=46942"},{"taxonomy":"post_tag","embeddable":true,"href":"https:\/\/www.bellunopress.it\/fr\/wp-json\/wp\/v2\/tags?post=46942"}],"curies":[{"name":"wp","href":"https:\/\/api.w.org\/{rel}","templated":true}]}}