{"id":46940,"date":"2013-02-20T18:50:57","date_gmt":"2013-02-20T17:50:57","guid":{"rendered":"http:\/\/www.bellunopress.it\/?p=46940"},"modified":"2013-02-20T18:50:57","modified_gmt":"2013-02-20T17:50:57","slug":"patto-dei-sindaci-si-grazie-la-sfida-di-otto-comuni-coordinati-dalla-provincia-per-abbattere-del-20-i-consumi-entro-il-2020-privilegiando-le-energie-rinnovabili","status":"publish","type":"post","link":"https:\/\/www.bellunopress.it\/fr\/2013\/02\/20\/patto-dei-sindaci-si-grazie-la-sfida-di-otto-comuni-coordinati-dalla-provincia-per-abbattere-del-20-i-consumi-entro-il-2020-privilegiando-le-energie-rinnovabili\/","title":{"rendered":"Patto dei sindaci? Si, grazie. La sfida di otto comuni coordinati dalla Provincia per abbattere del 20% i consumi entro il 2020 privilegiando le energie rinnovabili"},"content":{"rendered":"<figure id=\"attachment_1866\" aria-describedby=\"caption-attachment-1866\" style=\"width: 270px\" class=\"wp-caption alignleft\"><a href=\"http:\/\/www.bellunopress.it\/wp-content\/uploads\/2009\/03\/palazzo-piloni-sede-provincia.jpg\"><img loading=\"lazy\" decoding=\"async\" class=\"size-full wp-image-1866\" alt=\"Palazzo Piloni sede della Provincia\" src=\"http:\/\/www.bellunopress.it\/wp-content\/uploads\/2009\/03\/palazzo-piloni-sede-provincia.jpg\" width=\"270\" height=\"180\" \/><\/a><figcaption id=\"caption-attachment-1866\" class=\"wp-caption-text\">Palazzo Piloni sede della Provincia<\/figcaption><\/figure>\n<p>Anche la Provincia di Belluno, come gi\u00e0 molte altre in Europa, si sta attrezzando per raggiungere il desiderato obiettivo della strategia europea del 20-20-20 per la sostenibilit\u00e0 ambientale: riduzione del 20% dei consumi energetici entro il 2020 e aumento 20% nell\u2019uso delle energie rinnovabili.<\/p>\n<p>Negli ultimi mesi hanno preso il via alcune iniziative molto interessanti riguardanti il tema della sostenibilit\u00e0 energetica della provincia bellunese. In particolare l\u2019iniziativa europea che va sotto il nome di \u201cPatto dei sindaci\u201d, uno strumento voluto dalla commissione europea per impegnare le amministrazioni locali nella direzione di azioni sostenibili riguardanti le emissioni climalteranti (CO2) e di efficienza energetica, nel convincimento che l\u2019arma pi\u00f9 efficace per contrastare queste emissioni siano le azioni locali.<\/p>\n<p>Per poter aderire al \u201cPatto dei sindaci\u201d i comuni devono elaborare un Piano di Azione per le Energie Sostenibili (PAES), ovvero interventi concreti per realizzare il contenimento. Non appena i comuni sottoscrivono l\u2019accordo, la provincia interviene attraverso una ricognizione dei dati pi\u00f9 significativi del patrimonio pubblico, in modo da poter assumere delle azione concrete sull\u2019efficientamento energetico.<\/p>\n<p>Dallo scorso autunno i comuni della provincia che hanno gi\u00e0 aderito all\u2019iniziativa sono 8: Belluno, Farra d\u2019Alpago, Feltre, La Valle Agordina, Lentiai, Mel, Ponte nelle Alpi e Sappada. Questi comuni hanno sottoscritto un accordo con la provincia in cui si impegnano entro il 31 maggio ad aderire formalmente al patto dei sindaci tramite delibera consiliare e a redigere quindi un Piano d\u2019Azione per l\u2019Energia Sostenibile comunale. I comuni di Auronzo, Limana e Pedavena inoltre, si sono gi\u00e0 detti interessati a questa iniziativa e si impegneranno nella sottoscrizione. \u00c8 dunque stata raggiunta una percentuale del 20% di comuni bellunesi aderenti al patto, ed essendoci tra questi alcuni tra i comuni pi\u00f9 popolosi della provincia, verr\u00e0 coinvolto un numero significativo di persone.<\/p>\n<p>\u00abIl progetto si concluder\u00e0 ad agosto 2013 ed \u00e8 un peccato che molti comuni non abbiano gi\u00e0 aderito a questa opportunit\u00e0 \u2013 spiega l\u2019ingegnere Luigino Tonus, dell\u2019ufficio provinciale per la pianificazione e gestione energetica \u2013 ma siamo fiduciosi che altri comuni potranno aderire in futuro, non appena le amministrazioni locali si accorgeranno delle opportunit\u00e0 di utilizzare finanziamenti dalla comunit\u00e0 europea in tal senso\u00bb<\/p>\n<p>\u00abIl territorio provinciale ha molto interesse ad esplorare le alternative alle fonti fossili, perch\u00e9 siamo provincia fredda &#8211; aggiunge l\u2019architetto Paola Agostini \u2013 E\u2019 nostro dovere lavorare con le amministrazioni pubbliche nell\u2019ambito di progetti europei sul tema delle energie rinnovabili e sostenibilit\u00e0 ambientale, in modo da sensibilizzare nel territorio provinciale una propensione verso questi temi\u00bb. Proprio per questo sono in atto, accanto al Patto dei Sindaci, anche altre iniziative che coinvolgono la provincia di Belluno. Primo fra tutti il progetto Interreg \u201cAlpine Eco Companies and Building\u201d presentato al pubblico il 19 gennaio scorso, riguardante il tema dell\u2019 efficienza energetica nell\u2019edilizia, rivolto in particolare alle piccole-medie imprese, ma che coinvolge anche tutti i possibili utenti, comprese le amministrazioni comunali.<\/p>\n<p>\u00abLa cosa importante \u2013 conclude l\u2019architetto Agostini \u2013 \u00e8 riconoscere il valore di azioni comuni per le amministrazioni locali, che siano concretizzabili attraverso aiuti finanziari, come ad esempio il patto dei sindaci, che \u00e8 un ambito di attenzione e forte sostegno finanziario a livello europeo in questo momento. E\u2019 importante che i comuni siano attivi e operino in modo coordinato per la valorizzazione e lo sviluppo del nostro territorio. \u00bb<\/p>\n<p>Cristina Da Rold<\/p>\n<p>&nbsp;<\/p>","protected":false},"excerpt":{"rendered":"<p>Anche la Provincia di Belluno, come gi\u00e0 molte altre in Europa, si sta attrezzando per raggiungere il desiderato obiettivo della strategia europea del 20-20-20 per la sostenibilit\u00e0 ambientale: riduzione del 20% dei consumi energetici entro il 2020 e aumento 20% nell\u2019uso delle energie rinnovabili. Negli ultimi mesi hanno preso il via alcune iniziative molto interessanti [&hellip;]<\/p>\n","protected":false},"author":2,"featured_media":0,"comment_status":"closed","ping_status":"open","sticky":false,"template":"","format":"standard","meta":{"footnotes":""},"categories":[5,38,26],"tags":[],"class_list":["post-46940","post","type-post","status-publish","format-standard","category-cronaca","category-natura-ambiente","category-prima-pagina"],"yoast_head":"<!-- This site is optimized with the Yoast SEO plugin v28.4 - https:\/\/yoast.com\/product\/yoast-seo-wordpress\/ -->\n<title>Patto dei sindaci? Si, grazie. La sfida di otto comuni coordinati dalla Provincia per abbattere del 20% i consumi entro il 2020 privilegiando le energie rinnovabili - Bellunopress - Dolomiti<\/title>\n<meta name=\"robots\" content=\"index, follow, max-snippet:-1, max-image-preview:large, max-video-preview:-1\" \/>\n<link rel=\"canonical\" href=\"https:\/\/www.bellunopress.it\/fr\/2013\/02\/20\/patto-dei-sindaci-si-grazie-la-sfida-di-otto-comuni-coordinati-dalla-provincia-per-abbattere-del-20-i-consumi-entro-il-2020-privilegiando-le-energie-rinnovabili\/\" \/>\n<meta property=\"og:locale\" content=\"fr_FR\" \/>\n<meta property=\"og:type\" content=\"article\" \/>\n<meta property=\"og:title\" content=\"Patto dei sindaci? Si, grazie. La sfida di otto comuni coordinati dalla Provincia per abbattere del 20% i consumi entro il 2020 privilegiando le energie rinnovabili - Bellunopress - Dolomiti\" \/>\n<meta property=\"og:description\" content=\"Anche la Provincia di Belluno, come gi\u00e0 molte altre in Europa, si sta attrezzando per raggiungere il desiderato obiettivo della strategia europea del 20-20-20 per la sostenibilit\u00e0 ambientale: riduzione del 20% dei consumi energetici entro il 2020 e aumento 20% nell\u2019uso delle energie rinnovabili. Negli ultimi mesi hanno preso il via alcune iniziative molto interessanti [&hellip;]\" \/>\n<meta property=\"og:url\" content=\"https:\/\/www.bellunopress.it\/fr\/2013\/02\/20\/patto-dei-sindaci-si-grazie-la-sfida-di-otto-comuni-coordinati-dalla-provincia-per-abbattere-del-20-i-consumi-entro-il-2020-privilegiando-le-energie-rinnovabili\/\" \/>\n<meta property=\"og:site_name\" content=\"Bellunopress - Dolomiti\" \/>\n<meta property=\"article:publisher\" content=\"https:\/\/www.facebook.com\/profile.php?id=100008943462799\" \/>\n<meta property=\"article:published_time\" content=\"2013-02-20T17:50:57+00:00\" \/>\n<meta property=\"og:image\" content=\"http:\/\/www.bellunopress.it\/wp-content\/uploads\/2009\/03\/palazzo-piloni-sede-provincia.jpg\" \/>\n<meta name=\"author\" content=\"redazione\" \/>\n<meta name=\"twitter:card\" content=\"summary_large_image\" \/>\n<meta name=\"twitter:creator\" content=\"@bellunopress\" \/>\n<meta name=\"twitter:site\" content=\"@bellunopress\" \/>\n<meta name=\"twitter:label1\" content=\"Written by\" \/>\n\t<meta name=\"twitter:data1\" content=\"redazione\" \/>\n\t<meta name=\"twitter:label2\" content=\"Est. reading time\" \/>\n\t<meta name=\"twitter:data2\" content=\"3 minutes\" \/>\n<script type=\"application\/ld+json\" class=\"yoast-schema-graph\">{\"@context\":\"https:\\\/\\\/schema.org\",\"@graph\":[{\"@type\":\"Article\",\"@id\":\"https:\\\/\\\/www.bellunopress.it\\\/2013\\\/02\\\/20\\\/patto-dei-sindaci-si-grazie-la-sfida-di-otto-comuni-coordinati-dalla-provincia-per-abbattere-del-20-i-consumi-entro-il-2020-privilegiando-le-energie-rinnovabili\\\/#article\",\"isPartOf\":{\"@id\":\"https:\\\/\\\/www.bellunopress.it\\\/2013\\\/02\\\/20\\\/patto-dei-sindaci-si-grazie-la-sfida-di-otto-comuni-coordinati-dalla-provincia-per-abbattere-del-20-i-consumi-entro-il-2020-privilegiando-le-energie-rinnovabili\\\/\"},\"author\":{\"name\":\"redazione\",\"@id\":\"https:\\\/\\\/www.bellunopress.it\\\/#\\\/schema\\\/person\\\/79bb06722b37ece1c03d3e94beb30d73\"},\"headline\":\"Patto dei sindaci? Si, grazie. La sfida di otto comuni coordinati dalla Provincia per abbattere del 20% i consumi entro il 2020 privilegiando le energie rinnovabili\",\"datePublished\":\"2013-02-20T17:50:57+00:00\",\"mainEntityOfPage\":{\"@id\":\"https:\\\/\\\/www.bellunopress.it\\\/2013\\\/02\\\/20\\\/patto-dei-sindaci-si-grazie-la-sfida-di-otto-comuni-coordinati-dalla-provincia-per-abbattere-del-20-i-consumi-entro-il-2020-privilegiando-le-energie-rinnovabili\\\/\"},\"wordCount\":581,\"publisher\":{\"@id\":\"https:\\\/\\\/www.bellunopress.it\\\/#organization\"},\"image\":{\"@id\":\"https:\\\/\\\/www.bellunopress.it\\\/2013\\\/02\\\/20\\\/patto-dei-sindaci-si-grazie-la-sfida-di-otto-comuni-coordinati-dalla-provincia-per-abbattere-del-20-i-consumi-entro-il-2020-privilegiando-le-energie-rinnovabili\\\/#primaryimage\"},\"thumbnailUrl\":\"http:\\\/\\\/www.bellunopress.it\\\/wp-content\\\/uploads\\\/2009\\\/03\\\/palazzo-piloni-sede-provincia.jpg\",\"articleSection\":[\"Cronaca\\\/Politica\",\"Meteo, natura, ambiente, animali\",\"Prima Pagina\"],\"inLanguage\":\"fr-FR\"},{\"@type\":\"WebPage\",\"@id\":\"https:\\\/\\\/www.bellunopress.it\\\/2013\\\/02\\\/20\\\/patto-dei-sindaci-si-grazie-la-sfida-di-otto-comuni-coordinati-dalla-provincia-per-abbattere-del-20-i-consumi-entro-il-2020-privilegiando-le-energie-rinnovabili\\\/\",\"url\":\"https:\\\/\\\/www.bellunopress.it\\\/2013\\\/02\\\/20\\\/patto-dei-sindaci-si-grazie-la-sfida-di-otto-comuni-coordinati-dalla-provincia-per-abbattere-del-20-i-consumi-entro-il-2020-privilegiando-le-energie-rinnovabili\\\/\",\"name\":\"Patto dei sindaci? Si, grazie. La sfida di otto comuni coordinati dalla Provincia per abbattere del 20% i consumi entro il 2020 privilegiando le energie rinnovabili - Bellunopress - Dolomiti\",\"isPartOf\":{\"@id\":\"https:\\\/\\\/www.bellunopress.it\\\/#website\"},\"primaryImageOfPage\":{\"@id\":\"https:\\\/\\\/www.bellunopress.it\\\/2013\\\/02\\\/20\\\/patto-dei-sindaci-si-grazie-la-sfida-di-otto-comuni-coordinati-dalla-provincia-per-abbattere-del-20-i-consumi-entro-il-2020-privilegiando-le-energie-rinnovabili\\\/#primaryimage\"},\"image\":{\"@id\":\"https:\\\/\\\/www.bellunopress.it\\\/2013\\\/02\\\/20\\\/patto-dei-sindaci-si-grazie-la-sfida-di-otto-comuni-coordinati-dalla-provincia-per-abbattere-del-20-i-consumi-entro-il-2020-privilegiando-le-energie-rinnovabili\\\/#primaryimage\"},\"thumbnailUrl\":\"http:\\\/\\\/www.bellunopress.it\\\/wp-content\\\/uploads\\\/2009\\\/03\\\/palazzo-piloni-sede-provincia.jpg\",\"datePublished\":\"2013-02-20T17:50:57+00:00\",\"breadcrumb\":{\"@id\":\"https:\\\/\\\/www.bellunopress.it\\\/2013\\\/02\\\/20\\\/patto-dei-sindaci-si-grazie-la-sfida-di-otto-comuni-coordinati-dalla-provincia-per-abbattere-del-20-i-consumi-entro-il-2020-privilegiando-le-energie-rinnovabili\\\/#breadcrumb\"},\"inLanguage\":\"fr-FR\",\"potentialAction\":[{\"@type\":\"ReadAction\",\"target\":[\"https:\\\/\\\/www.bellunopress.it\\\/2013\\\/02\\\/20\\\/patto-dei-sindaci-si-grazie-la-sfida-di-otto-comuni-coordinati-dalla-provincia-per-abbattere-del-20-i-consumi-entro-il-2020-privilegiando-le-energie-rinnovabili\\\/\"]}]},{\"@type\":\"ImageObject\",\"inLanguage\":\"fr-FR\",\"@id\":\"https:\\\/\\\/www.bellunopress.it\\\/2013\\\/02\\\/20\\\/patto-dei-sindaci-si-grazie-la-sfida-di-otto-comuni-coordinati-dalla-provincia-per-abbattere-del-20-i-consumi-entro-il-2020-privilegiando-le-energie-rinnovabili\\\/#primaryimage\",\"url\":\"http:\\\/\\\/www.bellunopress.it\\\/wp-content\\\/uploads\\\/2009\\\/03\\\/palazzo-piloni-sede-provincia.jpg\",\"contentUrl\":\"http:\\\/\\\/www.bellunopress.it\\\/wp-content\\\/uploads\\\/2009\\\/03\\\/palazzo-piloni-sede-provincia.jpg\"},{\"@type\":\"BreadcrumbList\",\"@id\":\"https:\\\/\\\/www.bellunopress.it\\\/2013\\\/02\\\/20\\\/patto-dei-sindaci-si-grazie-la-sfida-di-otto-comuni-coordinati-dalla-provincia-per-abbattere-del-20-i-consumi-entro-il-2020-privilegiando-le-energie-rinnovabili\\\/#breadcrumb\",\"itemListElement\":[{\"@type\":\"ListItem\",\"position\":1,\"name\":\"Home\",\"item\":\"https:\\\/\\\/www.bellunopress.it\\\/\"},{\"@type\":\"ListItem\",\"position\":2,\"name\":\"Patto dei sindaci? Si, grazie. La sfida di otto comuni coordinati dalla Provincia per abbattere del 20% i consumi entro il 2020 privilegiando le energie rinnovabili\"}]},{\"@type\":\"WebSite\",\"@id\":\"https:\\\/\\\/www.bellunopress.it\\\/#website\",\"url\":\"https:\\\/\\\/www.bellunopress.it\\\/\",\"name\":\"Bellunopress - Dolomiti\",\"description\":\"e-mail: redazione@bellunopress.it\",\"publisher\":{\"@id\":\"https:\\\/\\\/www.bellunopress.it\\\/#organization\"},\"potentialAction\":[{\"@type\":\"SearchAction\",\"target\":{\"@type\":\"EntryPoint\",\"urlTemplate\":\"https:\\\/\\\/www.bellunopress.it\\\/?s={search_term_string}\"},\"query-input\":{\"@type\":\"PropertyValueSpecification\",\"valueRequired\":true,\"valueName\":\"search_term_string\"}}],\"inLanguage\":\"fr-FR\"},{\"@type\":\"Organization\",\"@id\":\"https:\\\/\\\/www.bellunopress.it\\\/#organization\",\"name\":\"Bellunopress\",\"url\":\"https:\\\/\\\/www.bellunopress.it\\\/\",\"logo\":{\"@type\":\"ImageObject\",\"inLanguage\":\"fr-FR\",\"@id\":\"https:\\\/\\\/www.bellunopress.it\\\/#\\\/schema\\\/logo\\\/image\\\/\",\"url\":\"https:\\\/\\\/www.bellunopress.it\\\/wp-content\\\/uploads\\\/2011\\\/05\\\/cropped-logo-bellunopress-.jpg\",\"contentUrl\":\"https:\\\/\\\/www.bellunopress.it\\\/wp-content\\\/uploads\\\/2011\\\/05\\\/cropped-logo-bellunopress-.jpg\",\"width\":512,\"height\":512,\"caption\":\"Bellunopress\"},\"image\":{\"@id\":\"https:\\\/\\\/www.bellunopress.it\\\/#\\\/schema\\\/logo\\\/image\\\/\"},\"sameAs\":[\"https:\\\/\\\/www.facebook.com\\\/profile.php?id=100008943462799\",\"https:\\\/\\\/x.com\\\/bellunopress\",\"https:\\\/\\\/www.linkedin.com\\\/hp\\\/?dnr=JBzUWaJfMUw8vbXJJ2tVW5-I3jZKvC4wsoxE&amp;amp;amp;amp;amp;amp;trk=nav_responsive_tab_home\",\"https:\\\/\\\/www.youtube.com\\\/channel\\\/UCxL0wu1uN0_3_7hGG0306cw\"]},{\"@type\":\"Person\",\"@id\":\"https:\\\/\\\/www.bellunopress.it\\\/#\\\/schema\\\/person\\\/79bb06722b37ece1c03d3e94beb30d73\",\"name\":\"redazione\",\"image\":{\"@type\":\"ImageObject\",\"inLanguage\":\"fr-FR\",\"@id\":\"https:\\\/\\\/secure.gravatar.com\\\/avatar\\\/37d968a2e67a6fd04c169c4bdef102d0bc5d31b2546345219e348575eb80e9a0?s=96&d=mm&r=g\",\"url\":\"https:\\\/\\\/secure.gravatar.com\\\/avatar\\\/37d968a2e67a6fd04c169c4bdef102d0bc5d31b2546345219e348575eb80e9a0?s=96&d=mm&r=g\",\"contentUrl\":\"https:\\\/\\\/secure.gravatar.com\\\/avatar\\\/37d968a2e67a6fd04c169c4bdef102d0bc5d31b2546345219e348575eb80e9a0?s=96&d=mm&r=g\",\"caption\":\"redazione\"},\"sameAs\":[\"http:\\\/\\\/www.bellunopress.it\",\"https:\\\/\\\/x.com\\\/bellunopress\"],\"url\":\"https:\\\/\\\/www.bellunopress.it\\\/fr\\\/author\\\/redazione\\\/\"}]}<\/script>\n<!-- \/ Yoast SEO plugin. -->","yoast_head_json":{"title":"Patto dei sindaci? Si, grazie. La sfida di otto comuni coordinati dalla Provincia per abbattere del 20% i consumi entro il 2020 privilegiando le energie rinnovabili - Bellunopress - Dolomiti","robots":{"index":"index","follow":"follow","max-snippet":"max-snippet:-1","max-image-preview":"max-image-preview:large","max-video-preview":"max-video-preview:-1"},"canonical":"https:\/\/www.bellunopress.it\/fr\/2013\/02\/20\/patto-dei-sindaci-si-grazie-la-sfida-di-otto-comuni-coordinati-dalla-provincia-per-abbattere-del-20-i-consumi-entro-il-2020-privilegiando-le-energie-rinnovabili\/","og_locale":"fr_FR","og_type":"article","og_title":"Patto dei sindaci? Si, grazie. La sfida di otto comuni coordinati dalla Provincia per abbattere del 20% i consumi entro il 2020 privilegiando le energie rinnovabili - Bellunopress - Dolomiti","og_description":"Anche la Provincia di Belluno, come gi\u00e0 molte altre in Europa, si sta attrezzando per raggiungere il desiderato obiettivo della strategia europea del 20-20-20 per la sostenibilit\u00e0 ambientale: riduzione del 20% dei consumi energetici entro il 2020 e aumento 20% nell\u2019uso delle energie rinnovabili. Negli ultimi mesi hanno preso il via alcune iniziative molto interessanti [&hellip;]","og_url":"https:\/\/www.bellunopress.it\/fr\/2013\/02\/20\/patto-dei-sindaci-si-grazie-la-sfida-di-otto-comuni-coordinati-dalla-provincia-per-abbattere-del-20-i-consumi-entro-il-2020-privilegiando-le-energie-rinnovabili\/","og_site_name":"Bellunopress - Dolomiti","article_publisher":"https:\/\/www.facebook.com\/profile.php?id=100008943462799","article_published_time":"2013-02-20T17:50:57+00:00","og_image":[{"url":"http:\/\/www.bellunopress.it\/wp-content\/uploads\/2009\/03\/palazzo-piloni-sede-provincia.jpg","type":"","width":"","height":""}],"author":"redazione","twitter_card":"summary_large_image","twitter_creator":"@bellunopress","twitter_site":"@bellunopress","twitter_misc":{"Written by":"redazione","Est. reading time":"3 minutes"},"schema":{"@context":"https:\/\/schema.org","@graph":[{"@type":"Article","@id":"https:\/\/www.bellunopress.it\/2013\/02\/20\/patto-dei-sindaci-si-grazie-la-sfida-di-otto-comuni-coordinati-dalla-provincia-per-abbattere-del-20-i-consumi-entro-il-2020-privilegiando-le-energie-rinnovabili\/#article","isPartOf":{"@id":"https:\/\/www.bellunopress.it\/2013\/02\/20\/patto-dei-sindaci-si-grazie-la-sfida-di-otto-comuni-coordinati-dalla-provincia-per-abbattere-del-20-i-consumi-entro-il-2020-privilegiando-le-energie-rinnovabili\/"},"author":{"name":"redazione","@id":"https:\/\/www.bellunopress.it\/#\/schema\/person\/79bb06722b37ece1c03d3e94beb30d73"},"headline":"Patto dei sindaci? Si, grazie. La sfida di otto comuni coordinati dalla Provincia per abbattere del 20% i consumi entro il 2020 privilegiando le energie rinnovabili","datePublished":"2013-02-20T17:50:57+00:00","mainEntityOfPage":{"@id":"https:\/\/www.bellunopress.it\/2013\/02\/20\/patto-dei-sindaci-si-grazie-la-sfida-di-otto-comuni-coordinati-dalla-provincia-per-abbattere-del-20-i-consumi-entro-il-2020-privilegiando-le-energie-rinnovabili\/"},"wordCount":581,"publisher":{"@id":"https:\/\/www.bellunopress.it\/#organization"},"image":{"@id":"https:\/\/www.bellunopress.it\/2013\/02\/20\/patto-dei-sindaci-si-grazie-la-sfida-di-otto-comuni-coordinati-dalla-provincia-per-abbattere-del-20-i-consumi-entro-il-2020-privilegiando-le-energie-rinnovabili\/#primaryimage"},"thumbnailUrl":"http:\/\/www.bellunopress.it\/wp-content\/uploads\/2009\/03\/palazzo-piloni-sede-provincia.jpg","articleSection":["Cronaca\/Politica","Meteo, natura, ambiente, animali","Prima Pagina"],"inLanguage":"fr-FR"},{"@type":"WebPage","@id":"https:\/\/www.bellunopress.it\/2013\/02\/20\/patto-dei-sindaci-si-grazie-la-sfida-di-otto-comuni-coordinati-dalla-provincia-per-abbattere-del-20-i-consumi-entro-il-2020-privilegiando-le-energie-rinnovabili\/","url":"https:\/\/www.bellunopress.it\/2013\/02\/20\/patto-dei-sindaci-si-grazie-la-sfida-di-otto-comuni-coordinati-dalla-provincia-per-abbattere-del-20-i-consumi-entro-il-2020-privilegiando-le-energie-rinnovabili\/","name":"Patto dei sindaci? Si, grazie. La sfida di otto comuni coordinati dalla Provincia per abbattere del 20% i consumi entro il 2020 privilegiando le energie rinnovabili - Bellunopress - Dolomiti","isPartOf":{"@id":"https:\/\/www.bellunopress.it\/#website"},"primaryImageOfPage":{"@id":"https:\/\/www.bellunopress.it\/2013\/02\/20\/patto-dei-sindaci-si-grazie-la-sfida-di-otto-comuni-coordinati-dalla-provincia-per-abbattere-del-20-i-consumi-entro-il-2020-privilegiando-le-energie-rinnovabili\/#primaryimage"},"image":{"@id":"https:\/\/www.bellunopress.it\/2013\/02\/20\/patto-dei-sindaci-si-grazie-la-sfida-di-otto-comuni-coordinati-dalla-provincia-per-abbattere-del-20-i-consumi-entro-il-2020-privilegiando-le-energie-rinnovabili\/#primaryimage"},"thumbnailUrl":"http:\/\/www.bellunopress.it\/wp-content\/uploads\/2009\/03\/palazzo-piloni-sede-provincia.jpg","datePublished":"2013-02-20T17:50:57+00:00","breadcrumb":{"@id":"https:\/\/www.bellunopress.it\/2013\/02\/20\/patto-dei-sindaci-si-grazie-la-sfida-di-otto-comuni-coordinati-dalla-provincia-per-abbattere-del-20-i-consumi-entro-il-2020-privilegiando-le-energie-rinnovabili\/#breadcrumb"},"inLanguage":"fr-FR","potentialAction":[{"@type":"ReadAction","target":["https:\/\/www.bellunopress.it\/2013\/02\/20\/patto-dei-sindaci-si-grazie-la-sfida-di-otto-comuni-coordinati-dalla-provincia-per-abbattere-del-20-i-consumi-entro-il-2020-privilegiando-le-energie-rinnovabili\/"]}]},{"@type":"ImageObject","inLanguage":"fr-FR","@id":"https:\/\/www.bellunopress.it\/2013\/02\/20\/patto-dei-sindaci-si-grazie-la-sfida-di-otto-comuni-coordinati-dalla-provincia-per-abbattere-del-20-i-consumi-entro-il-2020-privilegiando-le-energie-rinnovabili\/#primaryimage","url":"http:\/\/www.bellunopress.it\/wp-content\/uploads\/2009\/03\/palazzo-piloni-sede-provincia.jpg","contentUrl":"http:\/\/www.bellunopress.it\/wp-content\/uploads\/2009\/03\/palazzo-piloni-sede-provincia.jpg"},{"@type":"BreadcrumbList","@id":"https:\/\/www.bellunopress.it\/2013\/02\/20\/patto-dei-sindaci-si-grazie-la-sfida-di-otto-comuni-coordinati-dalla-provincia-per-abbattere-del-20-i-consumi-entro-il-2020-privilegiando-le-energie-rinnovabili\/#breadcrumb","itemListElement":[{"@type":"ListItem","position":1,"name":"Home","item":"https:\/\/www.bellunopress.it\/"},{"@type":"ListItem","position":2,"name":"Patto dei sindaci? Si, grazie. La sfida di otto comuni coordinati dalla Provincia per abbattere del 20% i consumi entro il 2020 privilegiando le energie rinnovabili"}]},{"@type":"WebSite","@id":"https:\/\/www.bellunopress.it\/#website","url":"https:\/\/www.bellunopress.it\/","name":"Bellunopress - Dolomiti","description":"e-mail: redazione@bellunopress.it","publisher":{"@id":"https:\/\/www.bellunopress.it\/#organization"},"potentialAction":[{"@type":"SearchAction","target":{"@type":"EntryPoint","urlTemplate":"https:\/\/www.bellunopress.it\/?s={search_term_string}"},"query-input":{"@type":"PropertyValueSpecification","valueRequired":true,"valueName":"search_term_string"}}],"inLanguage":"fr-FR"},{"@type":"Organization","@id":"https:\/\/www.bellunopress.it\/#organization","name":"Bellunopress","url":"https:\/\/www.bellunopress.it\/","logo":{"@type":"ImageObject","inLanguage":"fr-FR","@id":"https:\/\/www.bellunopress.it\/#\/schema\/logo\/image\/","url":"https:\/\/www.bellunopress.it\/wp-content\/uploads\/2011\/05\/cropped-logo-bellunopress-.jpg","contentUrl":"https:\/\/www.bellunopress.it\/wp-content\/uploads\/2011\/05\/cropped-logo-bellunopress-.jpg","width":512,"height":512,"caption":"Bellunopress"},"image":{"@id":"https:\/\/www.bellunopress.it\/#\/schema\/logo\/image\/"},"sameAs":["https:\/\/www.facebook.com\/profile.php?id=100008943462799","https:\/\/x.com\/bellunopress","https:\/\/www.linkedin.com\/hp\/?dnr=JBzUWaJfMUw8vbXJJ2tVW5-I3jZKvC4wsoxE&amp;amp;amp;amp;amp;amp;trk=nav_responsive_tab_home","https:\/\/www.youtube.com\/channel\/UCxL0wu1uN0_3_7hGG0306cw"]},{"@type":"Person","@id":"https:\/\/www.bellunopress.it\/#\/schema\/person\/79bb06722b37ece1c03d3e94beb30d73","name":"r\u00e9daction","image":{"@type":"ImageObject","inLanguage":"fr-FR","@id":"https:\/\/secure.gravatar.com\/avatar\/37d968a2e67a6fd04c169c4bdef102d0bc5d31b2546345219e348575eb80e9a0?s=96&d=mm&r=g","url":"https:\/\/secure.gravatar.com\/avatar\/37d968a2e67a6fd04c169c4bdef102d0bc5d31b2546345219e348575eb80e9a0?s=96&d=mm&r=g","contentUrl":"https:\/\/secure.gravatar.com\/avatar\/37d968a2e67a6fd04c169c4bdef102d0bc5d31b2546345219e348575eb80e9a0?s=96&d=mm&r=g","caption":"redazione"},"sameAs":["http:\/\/www.bellunopress.it","https:\/\/x.com\/bellunopress"],"url":"https:\/\/www.bellunopress.it\/fr\/author\/redazione\/"}]}},"_links":{"self":[{"href":"https:\/\/www.bellunopress.it\/fr\/wp-json\/wp\/v2\/posts\/46940","targetHints":{"allow":["GET"]}}],"collection":[{"href":"https:\/\/www.bellunopress.it\/fr\/wp-json\/wp\/v2\/posts"}],"about":[{"href":"https:\/\/www.bellunopress.it\/fr\/wp-json\/wp\/v2\/types\/post"}],"author":[{"embeddable":true,"href":"https:\/\/www.bellunopress.it\/fr\/wp-json\/wp\/v2\/users\/2"}],"replies":[{"embeddable":true,"href":"https:\/\/www.bellunopress.it\/fr\/wp-json\/wp\/v2\/comments?post=46940"}],"version-history":[{"count":1,"href":"https:\/\/www.bellunopress.it\/fr\/wp-json\/wp\/v2\/posts\/46940\/revisions"}],"predecessor-version":[{"id":46941,"href":"https:\/\/www.bellunopress.it\/fr\/wp-json\/wp\/v2\/posts\/46940\/revisions\/46941"}],"wp:attachment":[{"href":"https:\/\/www.bellunopress.it\/fr\/wp-json\/wp\/v2\/media?parent=46940"}],"wp:term":[{"taxonomy":"category","embeddable":true,"href":"https:\/\/www.bellunopress.it\/fr\/wp-json\/wp\/v2\/categories?post=46940"},{"taxonomy":"post_tag","embeddable":true,"href":"https:\/\/www.bellunopress.it\/fr\/wp-json\/wp\/v2\/tags?post=46940"}],"curies":[{"name":"wp","href":"https:\/\/api.w.org\/{rel}","templated":true}]}}