{"id":46937,"date":"2013-02-20T17:34:04","date_gmt":"2013-02-20T16:34:04","guid":{"rendered":"http:\/\/www.bellunopress.it\/?p=46937"},"modified":"2013-02-20T17:34:04","modified_gmt":"2013-02-20T16:34:04","slug":"sci-di-fondo-sei-ragazzi-veneti-di-cui-4-bellunesi-al-campus-fiamme-gialle-2013","status":"publish","type":"post","link":"https:\/\/www.bellunopress.it\/fr\/2013\/02\/20\/sci-di-fondo-sei-ragazzi-veneti-di-cui-4-bellunesi-al-campus-fiamme-gialle-2013\/","title":{"rendered":"Sci di fondo. Sei ragazzi veneti di cui 4 bellunesi al Campus Fiamme Gialle 2013"},"content":{"rendered":"<p><a href=\"http:\/\/www.bellunopress.it\/wp-content\/uploads\/2013\/02\/veneto-fisi-campus-fiamme-gialle-feb-2013.jpg\"><img loading=\"lazy\" decoding=\"async\" class=\"alignleft size-full wp-image-46938\" alt=\"veneto fisi campus fiamme gialle feb 2013\" src=\"http:\/\/www.bellunopress.it\/wp-content\/uploads\/2013\/02\/veneto-fisi-campus-fiamme-gialle-feb-2013.jpg\" width=\"278\" height=\"290\" \/><\/a>Belluno, 20 febbraio 2013 \u2013 Sono 6 i ragazzi del Comitato Veneto Fisi che da oggi al 26 febbraio parteciperanno al \u201cCampus Fiamme Gialle 2013\u201d, l\u2019iniziativa organizzata dai Gruppi Sportivi Fiamme Gialle in occasione dei Campionati del Mondo di sci nordico \u201cFiemme 2013\u201d che coinvolge 40 ragazzi di tutta Italia.<\/p>\n<p>I ragazzi del Campus, tutti atleti fra i 14 e i 16 anni individuati dai vari Comitati regionali della Fisi, avranno modo di vivere a bordo pista le diverse gare dei Campionati del Mondo della val di Fiemme, vivere momenti di confronto su diversi argomenti (dall\u2019allenamento all\u2019alimentazione) con i campioni e i tecnici delle Fiamme Gialle, allenarsi con gli atleti delle Fiamme Gialle, partecipare a lezioni di inglese sportivo.<\/p>\n<p>In pi\u00f9, il Gruppo Sciatori Fiamme Gialle ha pensato di valorizzare l&#8217;esperienza dei ragazzi coinvolgendoli, in qualit\u00e0 di porta-tabella delle nazioni e in pieno accordo col Comitato Organizzatore, nella cerimonia di apertura dei Campionati del Mondo di Sci Nordico che si terr\u00e0 oggi a Trento con inizio alle 18.<\/p>\n<p>Questi i ragazzi che partecipano al Campus per quanto riguarda Fisi Veneto: Cristina Corona (1998, Gs Centro Cadore \u2013 Belluno), Sara Darman (1997, Sci Nordico Marmolada \u2013 Belluno), Anna Longhini (1998, Us Asiago Sci \u2013 Belluno), Sofia Costantini (1998, Sci club 2A Asiago \u2013 Vicenza), Marco Olivotto (1998, Gs Castionese \u2013 Belluno), Daniele Veccia (1998, Sci club Orsago \u2013 Treviso).<\/p>\n<p>&nbsp;<\/p>\n<p>&nbsp;<\/p>","protected":false},"excerpt":{"rendered":"<p>Belluno, 20 febbraio 2013 \u2013 Sono 6 i ragazzi del Comitato Veneto Fisi che da oggi al 26 febbraio parteciperanno al \u201cCampus Fiamme Gialle 2013\u201d, l\u2019iniziativa organizzata dai Gruppi Sportivi Fiamme Gialle in occasione dei Campionati del Mondo di sci nordico \u201cFiemme 2013\u201d che coinvolge 40 ragazzi di tutta Italia. I ragazzi del Campus, tutti [&hellip;]<\/p>\n","protected":false},"author":2,"featured_media":0,"comment_status":"closed","ping_status":"open","sticky":false,"template":"","format":"standard","meta":{"footnotes":""},"categories":[26,8,4],"tags":[],"class_list":["post-46937","post","type-post","status-publish","format-standard","category-prima-pagina","category-societa-istituzioni","category-sport"],"yoast_head":"<!-- This site is optimized with the Yoast SEO plugin v28.4 - https:\/\/yoast.com\/product\/yoast-seo-wordpress\/ -->\n<title>Sci di fondo. Sei ragazzi veneti di cui 4 bellunesi al Campus Fiamme Gialle 2013 - Bellunopress - Dolomiti<\/title>\n<meta name=\"robots\" content=\"index, follow, max-snippet:-1, max-image-preview:large, max-video-preview:-1\" \/>\n<link rel=\"canonical\" href=\"https:\/\/www.bellunopress.it\/fr\/2013\/02\/20\/sci-di-fondo-sei-ragazzi-veneti-di-cui-4-bellunesi-al-campus-fiamme-gialle-2013\/\" \/>\n<meta property=\"og:locale\" content=\"fr_FR\" \/>\n<meta property=\"og:type\" content=\"article\" \/>\n<meta property=\"og:title\" content=\"Sci di fondo. Sei ragazzi veneti di cui 4 bellunesi al Campus Fiamme Gialle 2013 - Bellunopress - Dolomiti\" \/>\n<meta property=\"og:description\" content=\"Belluno, 20 febbraio 2013 \u2013 Sono 6 i ragazzi del Comitato Veneto Fisi che da oggi al 26 febbraio parteciperanno al \u201cCampus Fiamme Gialle 2013\u201d, l\u2019iniziativa organizzata dai Gruppi Sportivi Fiamme Gialle in occasione dei Campionati del Mondo di sci nordico \u201cFiemme 2013\u201d che coinvolge 40 ragazzi di tutta Italia. I ragazzi del Campus, tutti [&hellip;]\" \/>\n<meta property=\"og:url\" content=\"https:\/\/www.bellunopress.it\/fr\/2013\/02\/20\/sci-di-fondo-sei-ragazzi-veneti-di-cui-4-bellunesi-al-campus-fiamme-gialle-2013\/\" \/>\n<meta property=\"og:site_name\" content=\"Bellunopress - Dolomiti\" \/>\n<meta property=\"article:publisher\" content=\"https:\/\/www.facebook.com\/profile.php?id=100008943462799\" \/>\n<meta property=\"article:published_time\" content=\"2013-02-20T16:34:04+00:00\" \/>\n<meta property=\"og:image\" content=\"http:\/\/www.bellunopress.it\/wp-content\/uploads\/2013\/02\/veneto-fisi-campus-fiamme-gialle-feb-2013.jpg\" \/>\n<meta name=\"author\" content=\"redazione\" \/>\n<meta name=\"twitter:card\" content=\"summary_large_image\" \/>\n<meta name=\"twitter:creator\" content=\"@bellunopress\" \/>\n<meta name=\"twitter:site\" content=\"@bellunopress\" \/>\n<meta name=\"twitter:label1\" content=\"\u00c9crit par\" \/>\n\t<meta name=\"twitter:data1\" content=\"redazione\" \/>\n\t<meta name=\"twitter:label2\" content=\"Dur\u00e9e de lecture estim\u00e9e\" \/>\n\t<meta name=\"twitter:data2\" content=\"1 minute\" \/>\n<script type=\"application\/ld+json\" class=\"yoast-schema-graph\">{\"@context\":\"https:\\\/\\\/schema.org\",\"@graph\":[{\"@type\":\"Article\",\"@id\":\"https:\\\/\\\/www.bellunopress.it\\\/2013\\\/02\\\/20\\\/sci-di-fondo-sei-ragazzi-veneti-di-cui-4-bellunesi-al-campus-fiamme-gialle-2013\\\/#article\",\"isPartOf\":{\"@id\":\"https:\\\/\\\/www.bellunopress.it\\\/2013\\\/02\\\/20\\\/sci-di-fondo-sei-ragazzi-veneti-di-cui-4-bellunesi-al-campus-fiamme-gialle-2013\\\/\"},\"author\":{\"name\":\"redazione\",\"@id\":\"https:\\\/\\\/www.bellunopress.it\\\/#\\\/schema\\\/person\\\/79bb06722b37ece1c03d3e94beb30d73\"},\"headline\":\"Sci di fondo. Sei ragazzi veneti di cui 4 bellunesi al Campus Fiamme Gialle 2013\",\"datePublished\":\"2013-02-20T16:34:04+00:00\",\"mainEntityOfPage\":{\"@id\":\"https:\\\/\\\/www.bellunopress.it\\\/2013\\\/02\\\/20\\\/sci-di-fondo-sei-ragazzi-veneti-di-cui-4-bellunesi-al-campus-fiamme-gialle-2013\\\/\"},\"wordCount\":224,\"publisher\":{\"@id\":\"https:\\\/\\\/www.bellunopress.it\\\/#organization\"},\"image\":{\"@id\":\"https:\\\/\\\/www.bellunopress.it\\\/2013\\\/02\\\/20\\\/sci-di-fondo-sei-ragazzi-veneti-di-cui-4-bellunesi-al-campus-fiamme-gialle-2013\\\/#primaryimage\"},\"thumbnailUrl\":\"http:\\\/\\\/www.bellunopress.it\\\/wp-content\\\/uploads\\\/2013\\\/02\\\/veneto-fisi-campus-fiamme-gialle-feb-2013.jpg\",\"articleSection\":[\"Prima Pagina\",\"Societ\u00e0, Associazioni, Istituzioni\",\"Sport, tempo libero\"],\"inLanguage\":\"fr-FR\"},{\"@type\":\"WebPage\",\"@id\":\"https:\\\/\\\/www.bellunopress.it\\\/2013\\\/02\\\/20\\\/sci-di-fondo-sei-ragazzi-veneti-di-cui-4-bellunesi-al-campus-fiamme-gialle-2013\\\/\",\"url\":\"https:\\\/\\\/www.bellunopress.it\\\/2013\\\/02\\\/20\\\/sci-di-fondo-sei-ragazzi-veneti-di-cui-4-bellunesi-al-campus-fiamme-gialle-2013\\\/\",\"name\":\"Sci di fondo. Sei ragazzi veneti di cui 4 bellunesi al Campus Fiamme Gialle 2013 - Bellunopress - Dolomiti\",\"isPartOf\":{\"@id\":\"https:\\\/\\\/www.bellunopress.it\\\/#website\"},\"primaryImageOfPage\":{\"@id\":\"https:\\\/\\\/www.bellunopress.it\\\/2013\\\/02\\\/20\\\/sci-di-fondo-sei-ragazzi-veneti-di-cui-4-bellunesi-al-campus-fiamme-gialle-2013\\\/#primaryimage\"},\"image\":{\"@id\":\"https:\\\/\\\/www.bellunopress.it\\\/2013\\\/02\\\/20\\\/sci-di-fondo-sei-ragazzi-veneti-di-cui-4-bellunesi-al-campus-fiamme-gialle-2013\\\/#primaryimage\"},\"thumbnailUrl\":\"http:\\\/\\\/www.bellunopress.it\\\/wp-content\\\/uploads\\\/2013\\\/02\\\/veneto-fisi-campus-fiamme-gialle-feb-2013.jpg\",\"datePublished\":\"2013-02-20T16:34:04+00:00\",\"breadcrumb\":{\"@id\":\"https:\\\/\\\/www.bellunopress.it\\\/2013\\\/02\\\/20\\\/sci-di-fondo-sei-ragazzi-veneti-di-cui-4-bellunesi-al-campus-fiamme-gialle-2013\\\/#breadcrumb\"},\"inLanguage\":\"fr-FR\",\"potentialAction\":[{\"@type\":\"ReadAction\",\"target\":[\"https:\\\/\\\/www.bellunopress.it\\\/2013\\\/02\\\/20\\\/sci-di-fondo-sei-ragazzi-veneti-di-cui-4-bellunesi-al-campus-fiamme-gialle-2013\\\/\"]}]},{\"@type\":\"ImageObject\",\"inLanguage\":\"fr-FR\",\"@id\":\"https:\\\/\\\/www.bellunopress.it\\\/2013\\\/02\\\/20\\\/sci-di-fondo-sei-ragazzi-veneti-di-cui-4-bellunesi-al-campus-fiamme-gialle-2013\\\/#primaryimage\",\"url\":\"http:\\\/\\\/www.bellunopress.it\\\/wp-content\\\/uploads\\\/2013\\\/02\\\/veneto-fisi-campus-fiamme-gialle-feb-2013.jpg\",\"contentUrl\":\"http:\\\/\\\/www.bellunopress.it\\\/wp-content\\\/uploads\\\/2013\\\/02\\\/veneto-fisi-campus-fiamme-gialle-feb-2013.jpg\"},{\"@type\":\"BreadcrumbList\",\"@id\":\"https:\\\/\\\/www.bellunopress.it\\\/2013\\\/02\\\/20\\\/sci-di-fondo-sei-ragazzi-veneti-di-cui-4-bellunesi-al-campus-fiamme-gialle-2013\\\/#breadcrumb\",\"itemListElement\":[{\"@type\":\"ListItem\",\"position\":1,\"name\":\"Home\",\"item\":\"https:\\\/\\\/www.bellunopress.it\\\/\"},{\"@type\":\"ListItem\",\"position\":2,\"name\":\"Sci di fondo. Sei ragazzi veneti di cui 4 bellunesi al Campus Fiamme Gialle 2013\"}]},{\"@type\":\"WebSite\",\"@id\":\"https:\\\/\\\/www.bellunopress.it\\\/#website\",\"url\":\"https:\\\/\\\/www.bellunopress.it\\\/\",\"name\":\"Bellunopress - Dolomiti\",\"description\":\"e-mail: redazione@bellunopress.it\",\"publisher\":{\"@id\":\"https:\\\/\\\/www.bellunopress.it\\\/#organization\"},\"potentialAction\":[{\"@type\":\"SearchAction\",\"target\":{\"@type\":\"EntryPoint\",\"urlTemplate\":\"https:\\\/\\\/www.bellunopress.it\\\/?s={search_term_string}\"},\"query-input\":{\"@type\":\"PropertyValueSpecification\",\"valueRequired\":true,\"valueName\":\"search_term_string\"}}],\"inLanguage\":\"fr-FR\"},{\"@type\":\"Organization\",\"@id\":\"https:\\\/\\\/www.bellunopress.it\\\/#organization\",\"name\":\"Bellunopress\",\"url\":\"https:\\\/\\\/www.bellunopress.it\\\/\",\"logo\":{\"@type\":\"ImageObject\",\"inLanguage\":\"fr-FR\",\"@id\":\"https:\\\/\\\/www.bellunopress.it\\\/#\\\/schema\\\/logo\\\/image\\\/\",\"url\":\"https:\\\/\\\/www.bellunopress.it\\\/wp-content\\\/uploads\\\/2011\\\/05\\\/cropped-logo-bellunopress-.jpg\",\"contentUrl\":\"https:\\\/\\\/www.bellunopress.it\\\/wp-content\\\/uploads\\\/2011\\\/05\\\/cropped-logo-bellunopress-.jpg\",\"width\":512,\"height\":512,\"caption\":\"Bellunopress\"},\"image\":{\"@id\":\"https:\\\/\\\/www.bellunopress.it\\\/#\\\/schema\\\/logo\\\/image\\\/\"},\"sameAs\":[\"https:\\\/\\\/www.facebook.com\\\/profile.php?id=100008943462799\",\"https:\\\/\\\/x.com\\\/bellunopress\",\"https:\\\/\\\/www.linkedin.com\\\/hp\\\/?dnr=JBzUWaJfMUw8vbXJJ2tVW5-I3jZKvC4wsoxE&amp;amp;amp;amp;amp;amp;trk=nav_responsive_tab_home\",\"https:\\\/\\\/www.youtube.com\\\/channel\\\/UCxL0wu1uN0_3_7hGG0306cw\"]},{\"@type\":\"Person\",\"@id\":\"https:\\\/\\\/www.bellunopress.it\\\/#\\\/schema\\\/person\\\/79bb06722b37ece1c03d3e94beb30d73\",\"name\":\"redazione\",\"image\":{\"@type\":\"ImageObject\",\"inLanguage\":\"fr-FR\",\"@id\":\"https:\\\/\\\/secure.gravatar.com\\\/avatar\\\/37d968a2e67a6fd04c169c4bdef102d0bc5d31b2546345219e348575eb80e9a0?s=96&d=mm&r=g\",\"url\":\"https:\\\/\\\/secure.gravatar.com\\\/avatar\\\/37d968a2e67a6fd04c169c4bdef102d0bc5d31b2546345219e348575eb80e9a0?s=96&d=mm&r=g\",\"contentUrl\":\"https:\\\/\\\/secure.gravatar.com\\\/avatar\\\/37d968a2e67a6fd04c169c4bdef102d0bc5d31b2546345219e348575eb80e9a0?s=96&d=mm&r=g\",\"caption\":\"redazione\"},\"sameAs\":[\"http:\\\/\\\/www.bellunopress.it\",\"https:\\\/\\\/x.com\\\/bellunopress\"],\"url\":\"https:\\\/\\\/www.bellunopress.it\\\/fr\\\/author\\\/redazione\\\/\"}]}<\/script>\n<!-- \/ Yoast SEO plugin. -->","yoast_head_json":{"title":"Sci di fondo. Sei ragazzi veneti di cui 4 bellunesi al Campus Fiamme Gialle 2013 - Bellunopress - Dolomiti","robots":{"index":"index","follow":"follow","max-snippet":"max-snippet:-1","max-image-preview":"max-image-preview:large","max-video-preview":"max-video-preview:-1"},"canonical":"https:\/\/www.bellunopress.it\/fr\/2013\/02\/20\/sci-di-fondo-sei-ragazzi-veneti-di-cui-4-bellunesi-al-campus-fiamme-gialle-2013\/","og_locale":"fr_FR","og_type":"article","og_title":"Sci di fondo. Sei ragazzi veneti di cui 4 bellunesi al Campus Fiamme Gialle 2013 - Bellunopress - Dolomiti","og_description":"Belluno, 20 febbraio 2013 \u2013 Sono 6 i ragazzi del Comitato Veneto Fisi che da oggi al 26 febbraio parteciperanno al \u201cCampus Fiamme Gialle 2013\u201d, l\u2019iniziativa organizzata dai Gruppi Sportivi Fiamme Gialle in occasione dei Campionati del Mondo di sci nordico \u201cFiemme 2013\u201d che coinvolge 40 ragazzi di tutta Italia. I ragazzi del Campus, tutti [&hellip;]","og_url":"https:\/\/www.bellunopress.it\/fr\/2013\/02\/20\/sci-di-fondo-sei-ragazzi-veneti-di-cui-4-bellunesi-al-campus-fiamme-gialle-2013\/","og_site_name":"Bellunopress - Dolomiti","article_publisher":"https:\/\/www.facebook.com\/profile.php?id=100008943462799","article_published_time":"2013-02-20T16:34:04+00:00","og_image":[{"url":"http:\/\/www.bellunopress.it\/wp-content\/uploads\/2013\/02\/veneto-fisi-campus-fiamme-gialle-feb-2013.jpg","type":"","width":"","height":""}],"author":"redazione","twitter_card":"summary_large_image","twitter_creator":"@bellunopress","twitter_site":"@bellunopress","twitter_misc":{"\u00c9crit par":"redazione","Dur\u00e9e de lecture estim\u00e9e":"1 minute"},"schema":{"@context":"https:\/\/schema.org","@graph":[{"@type":"Article","@id":"https:\/\/www.bellunopress.it\/2013\/02\/20\/sci-di-fondo-sei-ragazzi-veneti-di-cui-4-bellunesi-al-campus-fiamme-gialle-2013\/#article","isPartOf":{"@id":"https:\/\/www.bellunopress.it\/2013\/02\/20\/sci-di-fondo-sei-ragazzi-veneti-di-cui-4-bellunesi-al-campus-fiamme-gialle-2013\/"},"author":{"name":"redazione","@id":"https:\/\/www.bellunopress.it\/#\/schema\/person\/79bb06722b37ece1c03d3e94beb30d73"},"headline":"Sci di fondo. Sei ragazzi veneti di cui 4 bellunesi al Campus Fiamme Gialle 2013","datePublished":"2013-02-20T16:34:04+00:00","mainEntityOfPage":{"@id":"https:\/\/www.bellunopress.it\/2013\/02\/20\/sci-di-fondo-sei-ragazzi-veneti-di-cui-4-bellunesi-al-campus-fiamme-gialle-2013\/"},"wordCount":224,"publisher":{"@id":"https:\/\/www.bellunopress.it\/#organization"},"image":{"@id":"https:\/\/www.bellunopress.it\/2013\/02\/20\/sci-di-fondo-sei-ragazzi-veneti-di-cui-4-bellunesi-al-campus-fiamme-gialle-2013\/#primaryimage"},"thumbnailUrl":"http:\/\/www.bellunopress.it\/wp-content\/uploads\/2013\/02\/veneto-fisi-campus-fiamme-gialle-feb-2013.jpg","articleSection":["Prima Pagina","Societ\u00e0, Associazioni, Istituzioni","Sport, tempo libero"],"inLanguage":"fr-FR"},{"@type":"WebPage","@id":"https:\/\/www.bellunopress.it\/2013\/02\/20\/sci-di-fondo-sei-ragazzi-veneti-di-cui-4-bellunesi-al-campus-fiamme-gialle-2013\/","url":"https:\/\/www.bellunopress.it\/2013\/02\/20\/sci-di-fondo-sei-ragazzi-veneti-di-cui-4-bellunesi-al-campus-fiamme-gialle-2013\/","name":"Sci di fondo. Sei ragazzi veneti di cui 4 bellunesi al Campus Fiamme Gialle 2013 - Bellunopress - Dolomiti","isPartOf":{"@id":"https:\/\/www.bellunopress.it\/#website"},"primaryImageOfPage":{"@id":"https:\/\/www.bellunopress.it\/2013\/02\/20\/sci-di-fondo-sei-ragazzi-veneti-di-cui-4-bellunesi-al-campus-fiamme-gialle-2013\/#primaryimage"},"image":{"@id":"https:\/\/www.bellunopress.it\/2013\/02\/20\/sci-di-fondo-sei-ragazzi-veneti-di-cui-4-bellunesi-al-campus-fiamme-gialle-2013\/#primaryimage"},"thumbnailUrl":"http:\/\/www.bellunopress.it\/wp-content\/uploads\/2013\/02\/veneto-fisi-campus-fiamme-gialle-feb-2013.jpg","datePublished":"2013-02-20T16:34:04+00:00","breadcrumb":{"@id":"https:\/\/www.bellunopress.it\/2013\/02\/20\/sci-di-fondo-sei-ragazzi-veneti-di-cui-4-bellunesi-al-campus-fiamme-gialle-2013\/#breadcrumb"},"inLanguage":"fr-FR","potentialAction":[{"@type":"ReadAction","target":["https:\/\/www.bellunopress.it\/2013\/02\/20\/sci-di-fondo-sei-ragazzi-veneti-di-cui-4-bellunesi-al-campus-fiamme-gialle-2013\/"]}]},{"@type":"ImageObject","inLanguage":"fr-FR","@id":"https:\/\/www.bellunopress.it\/2013\/02\/20\/sci-di-fondo-sei-ragazzi-veneti-di-cui-4-bellunesi-al-campus-fiamme-gialle-2013\/#primaryimage","url":"http:\/\/www.bellunopress.it\/wp-content\/uploads\/2013\/02\/veneto-fisi-campus-fiamme-gialle-feb-2013.jpg","contentUrl":"http:\/\/www.bellunopress.it\/wp-content\/uploads\/2013\/02\/veneto-fisi-campus-fiamme-gialle-feb-2013.jpg"},{"@type":"BreadcrumbList","@id":"https:\/\/www.bellunopress.it\/2013\/02\/20\/sci-di-fondo-sei-ragazzi-veneti-di-cui-4-bellunesi-al-campus-fiamme-gialle-2013\/#breadcrumb","itemListElement":[{"@type":"ListItem","position":1,"name":"Home","item":"https:\/\/www.bellunopress.it\/"},{"@type":"ListItem","position":2,"name":"Sci di fondo. Sei ragazzi veneti di cui 4 bellunesi al Campus Fiamme Gialle 2013"}]},{"@type":"WebSite","@id":"https:\/\/www.bellunopress.it\/#website","url":"https:\/\/www.bellunopress.it\/","name":"Bellunopress - Dolomiti","description":"e-mail: redazione@bellunopress.it","publisher":{"@id":"https:\/\/www.bellunopress.it\/#organization"},"potentialAction":[{"@type":"SearchAction","target":{"@type":"EntryPoint","urlTemplate":"https:\/\/www.bellunopress.it\/?s={search_term_string}"},"query-input":{"@type":"PropertyValueSpecification","valueRequired":true,"valueName":"search_term_string"}}],"inLanguage":"fr-FR"},{"@type":"Organization","@id":"https:\/\/www.bellunopress.it\/#organization","name":"Bellunopress","url":"https:\/\/www.bellunopress.it\/","logo":{"@type":"ImageObject","inLanguage":"fr-FR","@id":"https:\/\/www.bellunopress.it\/#\/schema\/logo\/image\/","url":"https:\/\/www.bellunopress.it\/wp-content\/uploads\/2011\/05\/cropped-logo-bellunopress-.jpg","contentUrl":"https:\/\/www.bellunopress.it\/wp-content\/uploads\/2011\/05\/cropped-logo-bellunopress-.jpg","width":512,"height":512,"caption":"Bellunopress"},"image":{"@id":"https:\/\/www.bellunopress.it\/#\/schema\/logo\/image\/"},"sameAs":["https:\/\/www.facebook.com\/profile.php?id=100008943462799","https:\/\/x.com\/bellunopress","https:\/\/www.linkedin.com\/hp\/?dnr=JBzUWaJfMUw8vbXJJ2tVW5-I3jZKvC4wsoxE&amp;amp;amp;amp;amp;amp;trk=nav_responsive_tab_home","https:\/\/www.youtube.com\/channel\/UCxL0wu1uN0_3_7hGG0306cw"]},{"@type":"Person","@id":"https:\/\/www.bellunopress.it\/#\/schema\/person\/79bb06722b37ece1c03d3e94beb30d73","name":"r\u00e9daction","image":{"@type":"ImageObject","inLanguage":"fr-FR","@id":"https:\/\/secure.gravatar.com\/avatar\/37d968a2e67a6fd04c169c4bdef102d0bc5d31b2546345219e348575eb80e9a0?s=96&d=mm&r=g","url":"https:\/\/secure.gravatar.com\/avatar\/37d968a2e67a6fd04c169c4bdef102d0bc5d31b2546345219e348575eb80e9a0?s=96&d=mm&r=g","contentUrl":"https:\/\/secure.gravatar.com\/avatar\/37d968a2e67a6fd04c169c4bdef102d0bc5d31b2546345219e348575eb80e9a0?s=96&d=mm&r=g","caption":"redazione"},"sameAs":["http:\/\/www.bellunopress.it","https:\/\/x.com\/bellunopress"],"url":"https:\/\/www.bellunopress.it\/fr\/author\/redazione\/"}]}},"_links":{"self":[{"href":"https:\/\/www.bellunopress.it\/fr\/wp-json\/wp\/v2\/posts\/46937","targetHints":{"allow":["GET"]}}],"collection":[{"href":"https:\/\/www.bellunopress.it\/fr\/wp-json\/wp\/v2\/posts"}],"about":[{"href":"https:\/\/www.bellunopress.it\/fr\/wp-json\/wp\/v2\/types\/post"}],"author":[{"embeddable":true,"href":"https:\/\/www.bellunopress.it\/fr\/wp-json\/wp\/v2\/users\/2"}],"replies":[{"embeddable":true,"href":"https:\/\/www.bellunopress.it\/fr\/wp-json\/wp\/v2\/comments?post=46937"}],"version-history":[{"count":1,"href":"https:\/\/www.bellunopress.it\/fr\/wp-json\/wp\/v2\/posts\/46937\/revisions"}],"predecessor-version":[{"id":46939,"href":"https:\/\/www.bellunopress.it\/fr\/wp-json\/wp\/v2\/posts\/46937\/revisions\/46939"}],"wp:attachment":[{"href":"https:\/\/www.bellunopress.it\/fr\/wp-json\/wp\/v2\/media?parent=46937"}],"wp:term":[{"taxonomy":"category","embeddable":true,"href":"https:\/\/www.bellunopress.it\/fr\/wp-json\/wp\/v2\/categories?post=46937"},{"taxonomy":"post_tag","embeddable":true,"href":"https:\/\/www.bellunopress.it\/fr\/wp-json\/wp\/v2\/tags?post=46937"}],"curies":[{"name":"wp","href":"https:\/\/api.w.org\/{rel}","templated":true}]}}