{"id":46933,"date":"2013-02-20T17:06:47","date_gmt":"2013-02-20T16:06:47","guid":{"rendered":"http:\/\/www.bellunopress.it\/?p=46933"},"modified":"2013-02-20T17:06:47","modified_gmt":"2013-02-20T16:06:47","slug":"perche-non-credere-al-pifferaio-magico","status":"publish","type":"post","link":"https:\/\/www.bellunopress.it\/fr\/2013\/02\/20\/perche-non-credere-al-pifferaio-magico\/","title":{"rendered":"Perch\u00e9 non credere al pifferaio magico"},"content":{"rendered":"<p>Il regno di Berlusconi \u00e8 in piedi ormai da 15 anni.<\/p>\n<p>Ha avvelenato la nostra democrazia minando la credibilit\u00e0 delle istituzioni\u00a0e l&#8217;indipendenza dei poteri dello stato.<\/p>\n<p>Ha dato agli italiani, contemporaneamente, un uomo forte e uno Stato\u00a0disarticolato, con poteri di controllo indeboliti, se non neutralizzati.<\/p>\n<p>Ha tentato di varare una costituzione che svuota i poteri del presidente\u00a0della repubblica e quelli di controllo a scapito di uno strapotere del\u00a0presidente del consiglio.<\/p>\n<p>Ha detto che la nostra Costituzione fu scritta &#8220;con la presenza al tavolo di\u00a0forze ideologizzate che hanno guardato alla Costituzione russa come modello&#8221;.<\/p>\n<p>Ha favorito nel paese una cultura del disprezzo delle regole, rendendo\u00a0impossibile un dialogo politico costruttivo.<\/p>\n<p>Ha determinato enormi concentrazioni di potere e di denaro nelle mani di uno\u00a0o di pochi mediante il conflitto di interessi.<\/p>\n<p>Ha mentito agli italiani sulla reale situazione economica del paese,\u00a0lasciandolo sull&#8217;orlo di una catastrofe finanziaria.<\/p>\n<p>Ha dato la fiducia a Monti affinch\u00e9 intervenga su questioni economiche, ma\u00a0non su Rai e giustizia.<\/p>\n<p>Ha mantenuto il potere sulla compravendita dei parlamentari e sull&#8217;aumento\u00a0di incarichi ministeriali di cui nessuno sentiva il bisogno, ed i cui costi\u00a0aggiuntivi hanno pesato sui cittadini.<\/p>\n<p>Ha inasprito la corruzione nel paese e avvallato una gestione del potere\u00a0corrotta in Lombardia, Lazio e Sicilia.<\/p>\n<p>Ha applaudito per il voto che ha negato l&#8217;autorizzazione all&#8217;uso delle\u00a0intercettazioni a carico dell&#8217;ex sottosegretario Cosentino, portandolo in\u00a0trionfo uscendo dall&#8217;Aula, come fosse un eroe.<\/p>\n<p>Ha screditato i pentiti di mafia, giustificando Mangano, condannato per\u00a0estorsione, partecipazione mafiosa e duplice omicidio.<\/p>\n<p>Ha escluso il reato di autoriciclaggio (punito in gran parte d&#8217;Europa), del\u00a0voto di scambio dalla legge anticorruzione ed il reato di falso in bilancio.<\/p>\n<p>Ha mantenuto la possibilit\u00e0 di candidarsi anche per coloro che sono stati\u00a0condannati a livelli precedenti la condanna definitiva, permettendo di governare\u00a0a &#8220;presunti&#8221; innocenti.<\/p>\n<p>Ha creato maggiori disuguaglianze tra ricchi e poveri, ha impoverito le\u00a0famiglie e ha condonato a ricchi ed evasori.<\/p>\n<p>Ha giustificato l&#8217;evasione fiscale come cosa &#8220;naturale&#8221; in un paese con\u00a0circa 100 miliardi di Euro di evasione.<\/p>\n<p>Ha utilizzato il linguaggio del ricatto e della diffamazione verso chi lo\u00a0contestava.<\/p>\n<p>Ha cercato di imbavagliare la stampa e l&#8217;informazione perch\u00e9 i cittadini non\u00a0venissero a conoscenza del malaffare della politica e degli scandali degli\u00a0amici del re.<\/p>\n<p>Ha contribuito sviluppare il piano massonico pronto a far fuori giornali e\u00a0giustizia.<\/p>\n<p>Ha cercato di rendere innocuo il metodo delle intercettazioni, cos\u00ec preziose\u00a0per stanare mafia e poteri occulti.<\/p>\n<p>Ha fatto credere che Ruby fosse la nipote di Mubarak.<\/p>\n<p>Ha liquidato l&#8217;accordo con Air France per la questione Alitalia introducendo\u00a05000 licenziamenti in pi\u00f9 e maggiori costi per gli italiani.<\/p>\n<p>Ha detto che Mussolini &#8220;non ha ammazzato nessuno, ma mandava la gente a far\u00a0vacanza al confino&#8221; (Sett. 2003) e che &#8220;per tanti versi ha fatto bene&#8221; (Gen\u00a02013), eccettuate le leggi razziali.<\/p>\n<p>Sarebbe da chiedergli se fece bene quando uccise Matteotti o incarcer\u00f2 gli\u00a0oppositori. Quando invi\u00f2 l&#8217;esercito in Etiopia, ordinando di usare i gas\u00a0asfissianti a scopo di sterminio. Quando entr\u00f2 in guerra accanto a Hitler.<\/p>\n<p>Oppure se fece bene perch\u00e9 seppe governare accentrando tutti i poteri,\u00a0reintroducendo la pena di morte, soggiogando l&#8217;amministrazione della\u00a0giustizia e la libert\u00e0 degli italiani.<\/p>\n<p>Francesco Masut<\/p>","protected":false},"excerpt":{"rendered":"<p>Il regno di Berlusconi \u00e8 in piedi ormai da 15 anni. Ha avvelenato la nostra democrazia minando la credibilit\u00e0 delle istituzioni\u00a0e l&#8217;indipendenza dei poteri dello stato. Ha dato agli italiani, contemporaneamente, un uomo forte e uno Stato\u00a0disarticolato, con poteri di controllo indeboliti, se non neutralizzati. Ha tentato di varare una costituzione che svuota i poteri [&hellip;]<\/p>\n","protected":false},"author":2,"featured_media":0,"comment_status":"closed","ping_status":"open","sticky":false,"template":"","format":"standard","meta":{"footnotes":""},"categories":[5,1,26],"tags":[],"class_list":["post-46933","post","type-post","status-publish","format-standard","category-cronaca","category-leo","category-prima-pagina"],"yoast_head":"<!-- This site is optimized with the Yoast SEO plugin v28.4 - https:\/\/yoast.com\/product\/yoast-seo-wordpress\/ -->\n<title>Perch\u00e9 non credere al pifferaio magico - Bellunopress - Dolomiti<\/title>\n<meta name=\"robots\" content=\"index, follow, max-snippet:-1, max-image-preview:large, max-video-preview:-1\" \/>\n<link rel=\"canonical\" href=\"https:\/\/www.bellunopress.it\/fr\/2013\/02\/20\/perche-non-credere-al-pifferaio-magico\/\" \/>\n<meta property=\"og:locale\" content=\"fr_FR\" \/>\n<meta property=\"og:type\" content=\"article\" \/>\n<meta property=\"og:title\" content=\"Perch\u00e9 non credere al pifferaio magico - Bellunopress - Dolomiti\" \/>\n<meta property=\"og:description\" content=\"Il regno di Berlusconi \u00e8 in piedi ormai da 15 anni. Ha avvelenato la nostra democrazia minando la credibilit\u00e0 delle istituzioni\u00a0e l&#8217;indipendenza dei poteri dello stato. Ha dato agli italiani, contemporaneamente, un uomo forte e uno Stato\u00a0disarticolato, con poteri di controllo indeboliti, se non neutralizzati. Ha tentato di varare una costituzione che svuota i poteri [&hellip;]\" \/>\n<meta property=\"og:url\" content=\"https:\/\/www.bellunopress.it\/fr\/2013\/02\/20\/perche-non-credere-al-pifferaio-magico\/\" \/>\n<meta property=\"og:site_name\" content=\"Bellunopress - Dolomiti\" \/>\n<meta property=\"article:publisher\" content=\"https:\/\/www.facebook.com\/profile.php?id=100008943462799\" \/>\n<meta property=\"article:published_time\" content=\"2013-02-20T16:06:47+00:00\" \/>\n<meta property=\"og:image\" content=\"http:\/\/www.bellunopress.it\/wp-content\/uploads\/2012\/07\/logo-bellunopress-250x250-2012.jpg\" \/>\n<meta name=\"author\" content=\"redazione\" \/>\n<meta name=\"twitter:card\" content=\"summary_large_image\" \/>\n<meta name=\"twitter:creator\" content=\"@bellunopress\" \/>\n<meta name=\"twitter:site\" content=\"@bellunopress\" \/>\n<meta name=\"twitter:label1\" content=\"\u00c9crit par\" \/>\n\t<meta name=\"twitter:data1\" content=\"redazione\" \/>\n\t<meta name=\"twitter:label2\" content=\"Dur\u00e9e de lecture estim\u00e9e\" \/>\n\t<meta name=\"twitter:data2\" content=\"3 minutes\" \/>\n<script type=\"application\/ld+json\" class=\"yoast-schema-graph\">{\"@context\":\"https:\\\/\\\/schema.org\",\"@graph\":[{\"@type\":\"Article\",\"@id\":\"https:\\\/\\\/www.bellunopress.it\\\/2013\\\/02\\\/20\\\/perche-non-credere-al-pifferaio-magico\\\/#article\",\"isPartOf\":{\"@id\":\"https:\\\/\\\/www.bellunopress.it\\\/2013\\\/02\\\/20\\\/perche-non-credere-al-pifferaio-magico\\\/\"},\"author\":{\"name\":\"redazione\",\"@id\":\"https:\\\/\\\/www.bellunopress.it\\\/#\\\/schema\\\/person\\\/79bb06722b37ece1c03d3e94beb30d73\"},\"headline\":\"Perch\u00e9 non credere al pifferaio magico\",\"datePublished\":\"2013-02-20T16:06:47+00:00\",\"mainEntityOfPage\":{\"@id\":\"https:\\\/\\\/www.bellunopress.it\\\/2013\\\/02\\\/20\\\/perche-non-credere-al-pifferaio-magico\\\/\"},\"wordCount\":551,\"publisher\":{\"@id\":\"https:\\\/\\\/www.bellunopress.it\\\/#organization\"},\"articleSection\":[\"Cronaca\\\/Politica\",\"Lettere Opinioni\",\"Prima Pagina\"],\"inLanguage\":\"fr-FR\"},{\"@type\":\"WebPage\",\"@id\":\"https:\\\/\\\/www.bellunopress.it\\\/2013\\\/02\\\/20\\\/perche-non-credere-al-pifferaio-magico\\\/\",\"url\":\"https:\\\/\\\/www.bellunopress.it\\\/2013\\\/02\\\/20\\\/perche-non-credere-al-pifferaio-magico\\\/\",\"name\":\"Perch\u00e9 non credere al pifferaio magico - Bellunopress - Dolomiti\",\"isPartOf\":{\"@id\":\"https:\\\/\\\/www.bellunopress.it\\\/#website\"},\"datePublished\":\"2013-02-20T16:06:47+00:00\",\"breadcrumb\":{\"@id\":\"https:\\\/\\\/www.bellunopress.it\\\/2013\\\/02\\\/20\\\/perche-non-credere-al-pifferaio-magico\\\/#breadcrumb\"},\"inLanguage\":\"fr-FR\",\"potentialAction\":[{\"@type\":\"ReadAction\",\"target\":[\"https:\\\/\\\/www.bellunopress.it\\\/2013\\\/02\\\/20\\\/perche-non-credere-al-pifferaio-magico\\\/\"]}]},{\"@type\":\"BreadcrumbList\",\"@id\":\"https:\\\/\\\/www.bellunopress.it\\\/2013\\\/02\\\/20\\\/perche-non-credere-al-pifferaio-magico\\\/#breadcrumb\",\"itemListElement\":[{\"@type\":\"ListItem\",\"position\":1,\"name\":\"Home\",\"item\":\"https:\\\/\\\/www.bellunopress.it\\\/\"},{\"@type\":\"ListItem\",\"position\":2,\"name\":\"Perch\u00e9 non credere al pifferaio magico\"}]},{\"@type\":\"WebSite\",\"@id\":\"https:\\\/\\\/www.bellunopress.it\\\/#website\",\"url\":\"https:\\\/\\\/www.bellunopress.it\\\/\",\"name\":\"Bellunopress - Dolomiti\",\"description\":\"e-mail: redazione@bellunopress.it\",\"publisher\":{\"@id\":\"https:\\\/\\\/www.bellunopress.it\\\/#organization\"},\"potentialAction\":[{\"@type\":\"SearchAction\",\"target\":{\"@type\":\"EntryPoint\",\"urlTemplate\":\"https:\\\/\\\/www.bellunopress.it\\\/?s={search_term_string}\"},\"query-input\":{\"@type\":\"PropertyValueSpecification\",\"valueRequired\":true,\"valueName\":\"search_term_string\"}}],\"inLanguage\":\"fr-FR\"},{\"@type\":\"Organization\",\"@id\":\"https:\\\/\\\/www.bellunopress.it\\\/#organization\",\"name\":\"Bellunopress\",\"url\":\"https:\\\/\\\/www.bellunopress.it\\\/\",\"logo\":{\"@type\":\"ImageObject\",\"inLanguage\":\"fr-FR\",\"@id\":\"https:\\\/\\\/www.bellunopress.it\\\/#\\\/schema\\\/logo\\\/image\\\/\",\"url\":\"https:\\\/\\\/www.bellunopress.it\\\/wp-content\\\/uploads\\\/2011\\\/05\\\/cropped-logo-bellunopress-.jpg\",\"contentUrl\":\"https:\\\/\\\/www.bellunopress.it\\\/wp-content\\\/uploads\\\/2011\\\/05\\\/cropped-logo-bellunopress-.jpg\",\"width\":512,\"height\":512,\"caption\":\"Bellunopress\"},\"image\":{\"@id\":\"https:\\\/\\\/www.bellunopress.it\\\/#\\\/schema\\\/logo\\\/image\\\/\"},\"sameAs\":[\"https:\\\/\\\/www.facebook.com\\\/profile.php?id=100008943462799\",\"https:\\\/\\\/x.com\\\/bellunopress\",\"https:\\\/\\\/www.linkedin.com\\\/hp\\\/?dnr=JBzUWaJfMUw8vbXJJ2tVW5-I3jZKvC4wsoxE&amp;amp;amp;amp;amp;amp;trk=nav_responsive_tab_home\",\"https:\\\/\\\/www.youtube.com\\\/channel\\\/UCxL0wu1uN0_3_7hGG0306cw\"]},{\"@type\":\"Person\",\"@id\":\"https:\\\/\\\/www.bellunopress.it\\\/#\\\/schema\\\/person\\\/79bb06722b37ece1c03d3e94beb30d73\",\"name\":\"redazione\",\"image\":{\"@type\":\"ImageObject\",\"inLanguage\":\"fr-FR\",\"@id\":\"https:\\\/\\\/secure.gravatar.com\\\/avatar\\\/37d968a2e67a6fd04c169c4bdef102d0bc5d31b2546345219e348575eb80e9a0?s=96&d=mm&r=g\",\"url\":\"https:\\\/\\\/secure.gravatar.com\\\/avatar\\\/37d968a2e67a6fd04c169c4bdef102d0bc5d31b2546345219e348575eb80e9a0?s=96&d=mm&r=g\",\"contentUrl\":\"https:\\\/\\\/secure.gravatar.com\\\/avatar\\\/37d968a2e67a6fd04c169c4bdef102d0bc5d31b2546345219e348575eb80e9a0?s=96&d=mm&r=g\",\"caption\":\"redazione\"},\"sameAs\":[\"http:\\\/\\\/www.bellunopress.it\",\"https:\\\/\\\/x.com\\\/bellunopress\"],\"url\":\"https:\\\/\\\/www.bellunopress.it\\\/fr\\\/author\\\/redazione\\\/\"}]}<\/script>\n<!-- \/ Yoast SEO plugin. -->","yoast_head_json":{"title":"Perch\u00e9 non credere al pifferaio magico - Bellunopress - Dolomiti","robots":{"index":"index","follow":"follow","max-snippet":"max-snippet:-1","max-image-preview":"max-image-preview:large","max-video-preview":"max-video-preview:-1"},"canonical":"https:\/\/www.bellunopress.it\/fr\/2013\/02\/20\/perche-non-credere-al-pifferaio-magico\/","og_locale":"fr_FR","og_type":"article","og_title":"Perch\u00e9 non credere al pifferaio magico - Bellunopress - Dolomiti","og_description":"Il regno di Berlusconi \u00e8 in piedi ormai da 15 anni. Ha avvelenato la nostra democrazia minando la credibilit\u00e0 delle istituzioni\u00a0e l&#8217;indipendenza dei poteri dello stato. Ha dato agli italiani, contemporaneamente, un uomo forte e uno Stato\u00a0disarticolato, con poteri di controllo indeboliti, se non neutralizzati. Ha tentato di varare una costituzione che svuota i poteri [&hellip;]","og_url":"https:\/\/www.bellunopress.it\/fr\/2013\/02\/20\/perche-non-credere-al-pifferaio-magico\/","og_site_name":"Bellunopress - Dolomiti","article_publisher":"https:\/\/www.facebook.com\/profile.php?id=100008943462799","article_published_time":"2013-02-20T16:06:47+00:00","og_image":[{"url":"http:\/\/www.bellunopress.it\/wp-content\/uploads\/2012\/07\/logo-bellunopress-250x250-2012.jpg","type":"","width":"","height":""}],"author":"redazione","twitter_card":"summary_large_image","twitter_creator":"@bellunopress","twitter_site":"@bellunopress","twitter_misc":{"\u00c9crit par":"redazione","Dur\u00e9e de lecture estim\u00e9e":"3 minutes"},"schema":{"@context":"https:\/\/schema.org","@graph":[{"@type":"Article","@id":"https:\/\/www.bellunopress.it\/2013\/02\/20\/perche-non-credere-al-pifferaio-magico\/#article","isPartOf":{"@id":"https:\/\/www.bellunopress.it\/2013\/02\/20\/perche-non-credere-al-pifferaio-magico\/"},"author":{"name":"redazione","@id":"https:\/\/www.bellunopress.it\/#\/schema\/person\/79bb06722b37ece1c03d3e94beb30d73"},"headline":"Perch\u00e9 non credere al pifferaio magico","datePublished":"2013-02-20T16:06:47+00:00","mainEntityOfPage":{"@id":"https:\/\/www.bellunopress.it\/2013\/02\/20\/perche-non-credere-al-pifferaio-magico\/"},"wordCount":551,"publisher":{"@id":"https:\/\/www.bellunopress.it\/#organization"},"articleSection":["Cronaca\/Politica","Lettere Opinioni","Prima Pagina"],"inLanguage":"fr-FR"},{"@type":"WebPage","@id":"https:\/\/www.bellunopress.it\/2013\/02\/20\/perche-non-credere-al-pifferaio-magico\/","url":"https:\/\/www.bellunopress.it\/2013\/02\/20\/perche-non-credere-al-pifferaio-magico\/","name":"Perch\u00e9 non credere al pifferaio magico - Bellunopress - Dolomiti","isPartOf":{"@id":"https:\/\/www.bellunopress.it\/#website"},"datePublished":"2013-02-20T16:06:47+00:00","breadcrumb":{"@id":"https:\/\/www.bellunopress.it\/2013\/02\/20\/perche-non-credere-al-pifferaio-magico\/#breadcrumb"},"inLanguage":"fr-FR","potentialAction":[{"@type":"ReadAction","target":["https:\/\/www.bellunopress.it\/2013\/02\/20\/perche-non-credere-al-pifferaio-magico\/"]}]},{"@type":"BreadcrumbList","@id":"https:\/\/www.bellunopress.it\/2013\/02\/20\/perche-non-credere-al-pifferaio-magico\/#breadcrumb","itemListElement":[{"@type":"ListItem","position":1,"name":"Home","item":"https:\/\/www.bellunopress.it\/"},{"@type":"ListItem","position":2,"name":"Perch\u00e9 non credere al pifferaio magico"}]},{"@type":"WebSite","@id":"https:\/\/www.bellunopress.it\/#website","url":"https:\/\/www.bellunopress.it\/","name":"Bellunopress - Dolomiti","description":"e-mail: redazione@bellunopress.it","publisher":{"@id":"https:\/\/www.bellunopress.it\/#organization"},"potentialAction":[{"@type":"SearchAction","target":{"@type":"EntryPoint","urlTemplate":"https:\/\/www.bellunopress.it\/?s={search_term_string}"},"query-input":{"@type":"PropertyValueSpecification","valueRequired":true,"valueName":"search_term_string"}}],"inLanguage":"fr-FR"},{"@type":"Organization","@id":"https:\/\/www.bellunopress.it\/#organization","name":"Bellunopress","url":"https:\/\/www.bellunopress.it\/","logo":{"@type":"ImageObject","inLanguage":"fr-FR","@id":"https:\/\/www.bellunopress.it\/#\/schema\/logo\/image\/","url":"https:\/\/www.bellunopress.it\/wp-content\/uploads\/2011\/05\/cropped-logo-bellunopress-.jpg","contentUrl":"https:\/\/www.bellunopress.it\/wp-content\/uploads\/2011\/05\/cropped-logo-bellunopress-.jpg","width":512,"height":512,"caption":"Bellunopress"},"image":{"@id":"https:\/\/www.bellunopress.it\/#\/schema\/logo\/image\/"},"sameAs":["https:\/\/www.facebook.com\/profile.php?id=100008943462799","https:\/\/x.com\/bellunopress","https:\/\/www.linkedin.com\/hp\/?dnr=JBzUWaJfMUw8vbXJJ2tVW5-I3jZKvC4wsoxE&amp;amp;amp;amp;amp;amp;trk=nav_responsive_tab_home","https:\/\/www.youtube.com\/channel\/UCxL0wu1uN0_3_7hGG0306cw"]},{"@type":"Person","@id":"https:\/\/www.bellunopress.it\/#\/schema\/person\/79bb06722b37ece1c03d3e94beb30d73","name":"r\u00e9daction","image":{"@type":"ImageObject","inLanguage":"fr-FR","@id":"https:\/\/secure.gravatar.com\/avatar\/37d968a2e67a6fd04c169c4bdef102d0bc5d31b2546345219e348575eb80e9a0?s=96&d=mm&r=g","url":"https:\/\/secure.gravatar.com\/avatar\/37d968a2e67a6fd04c169c4bdef102d0bc5d31b2546345219e348575eb80e9a0?s=96&d=mm&r=g","contentUrl":"https:\/\/secure.gravatar.com\/avatar\/37d968a2e67a6fd04c169c4bdef102d0bc5d31b2546345219e348575eb80e9a0?s=96&d=mm&r=g","caption":"redazione"},"sameAs":["http:\/\/www.bellunopress.it","https:\/\/x.com\/bellunopress"],"url":"https:\/\/www.bellunopress.it\/fr\/author\/redazione\/"}]}},"_links":{"self":[{"href":"https:\/\/www.bellunopress.it\/fr\/wp-json\/wp\/v2\/posts\/46933","targetHints":{"allow":["GET"]}}],"collection":[{"href":"https:\/\/www.bellunopress.it\/fr\/wp-json\/wp\/v2\/posts"}],"about":[{"href":"https:\/\/www.bellunopress.it\/fr\/wp-json\/wp\/v2\/types\/post"}],"author":[{"embeddable":true,"href":"https:\/\/www.bellunopress.it\/fr\/wp-json\/wp\/v2\/users\/2"}],"replies":[{"embeddable":true,"href":"https:\/\/www.bellunopress.it\/fr\/wp-json\/wp\/v2\/comments?post=46933"}],"version-history":[{"count":1,"href":"https:\/\/www.bellunopress.it\/fr\/wp-json\/wp\/v2\/posts\/46933\/revisions"}],"predecessor-version":[{"id":46934,"href":"https:\/\/www.bellunopress.it\/fr\/wp-json\/wp\/v2\/posts\/46933\/revisions\/46934"}],"wp:attachment":[{"href":"https:\/\/www.bellunopress.it\/fr\/wp-json\/wp\/v2\/media?parent=46933"}],"wp:term":[{"taxonomy":"category","embeddable":true,"href":"https:\/\/www.bellunopress.it\/fr\/wp-json\/wp\/v2\/categories?post=46933"},{"taxonomy":"post_tag","embeddable":true,"href":"https:\/\/www.bellunopress.it\/fr\/wp-json\/wp\/v2\/tags?post=46933"}],"curies":[{"name":"wp","href":"https:\/\/api.w.org\/{rel}","templated":true}]}}