{"id":46926,"date":"2013-02-20T11:45:10","date_gmt":"2013-02-20T10:45:10","guid":{"rendered":"http:\/\/www.bellunopress.it\/?p=46926"},"modified":"2013-02-20T07:47:10","modified_gmt":"2013-02-20T06:47:10","slug":"cerco-lavoro-127","status":"publish","type":"post","link":"https:\/\/www.bellunopress.it\/fr\/2013\/02\/20\/cerco-lavoro-127\/","title":{"rendered":"Cerco lavoro"},"content":{"rendered":"<p><a href=\"http:\/\/www.bellunopress.it\/wp-content\/uploads\/2010\/12\/informagiovani.gif\"><img loading=\"lazy\" decoding=\"async\" class=\"alignleft size-full wp-image-22271\" alt=\"informagiovani\" src=\"http:\/\/www.bellunopress.it\/wp-content\/uploads\/2010\/12\/informagiovani.gif\" width=\"150\" height=\"120\" \/><\/a>In collaborazione con l&#8217;ufficio Informagiovani del Comune di Belluno, pubblichiamo l&#8217;aggiornamento settimanale dei concorsi pubblici.<br \/>\nInformagiovani segnala innanzitutto due corsi di formazione gratuiti del Fondo Sociale Europeo per disoccupati\/inoccupati in possesso di diploma o laurea proposti da Reviviscar in collaborazione con Certottica, Ascom Formazione, Confcommercio e Confindustria Belluno. Il primo \u00e8 un corso della dura di 800 ore di Product Manager dello Sport System (info su www.reviviscar.it), l&#8217;altro, sempre di 800 ore \u00e8 di Tecnico del Management del Turismo di Montagna (info www.formazione.ascombelluno.it). Le domande scadono il 6 marzo. Sempre per il Fondo Sociale Europeo, appena fuori provincia, abbiamo un corso di 730 ore proposto da Unindustria Treviso Servizi &amp; Formazione per Addetto Uffici Tecnico. Scadenza 7 marzo. Info www.unisef.it.<br \/>\nE un avviso dalla Casa delle Regole di Cortina che cerca un addetto alla custodia di \u201cCiasa de ra Regoles\u201d, con contratto di lavoro che preveda sia la sorveglianza diurna e notturna dell\u2019edificio, sia la pulizia degli uffici, dei musei e degli altri locali. L&#8217;offerta scade il 1\u00b0 marzo.<\/p>\n<p>PROVINCIA DI BELLUNO<br \/>\n1) Bando di indizione degli esami di abilitazione, di estensione linguistica e di estensione territoriale alla professione di guida turistica per la provincia di Belluno \u2013 anni 2012\/2013 \u2013 legge regionale 4 novembre 2002, n. 33 e. 24 del 6 luglio 2012.<br \/>\nRequisiti: laurea e conoscenza di due lingue. Per ulteriori dettagli, vedere il bando integrale.<br \/>\nScadenza: 28 febbraio 2013.<\/p>\n<p>AREA SANITARIA<br \/>\nAZIENDA FELTRINA PER I SERVIZI ALLA PERSONA (COMUNE DI FELTRE)<br \/>\nSelezione pubblica per la copertura di un posto a tempo indeterminato e pieno nel profilo di Educatore Professionale cat . C posizione economica C1.<br \/>\nRequisiti specifici: diploma o attestato di qualifica di educatore professionale o di educatore specializzato o altro titolo equipollente conseguito in esito a corsi biennali o triennali post secondari riconosciuti dalla Regione o laurea in scienza dell&#8217;educazione indirizzo educatore professionale extra scolastico o laurea di educatore professionale ai sensi del dm 520\/88.<br \/>\nScadenza: entro le ore 12 del 20 febbraio 2013<\/p>\n<p>CONCORSI NAZIONALI<\/p>\n<p>BANCA D&#8217;ITALIA<br \/>\nConcorsi pubblici per l\u2019assunzione di:<br \/>\nA. 30 Coadiutori con orientamento nelle discipline economico-aziendali;<br \/>\nB. 20 Coadiutori con orientamento nelle discipline giuridiche;<br \/>\nC. 7 Coadiutori con orientamento nelle discipline statistiche e\/o matematico-finanziarie;<br \/>\nD. 19 Coadiutori con orientamento nelle discipline economiche e\/o giuridiche, per le esigenze della funzione di vigilanza ispettiva centrale su intermediari bancari e finanziari.<br \/>\nLa sede di lavoro \u00e8 Roma, ma lo svolgimento dell\u2019attivit\u00e0 richiede la prolungata permanenza presso le sedi dei soggetti ispezionati, a diretto contatto con l\u2019operativit\u00e0 e le dinamiche gestionali degli stessi. E\u2019 pertanto richiesta la predisposizione al lavoro in team e la capacit\u00e0 di adattamento a diversi contesti nonch\u00e9 la disponibilit\u00e0 a spostamenti su tutto il territorio nazionale e all\u2019estero per i quali sono previsti specifici trattamenti economici.<br \/>\nSono richiesti i seguenti requisiti:<br \/>\nlaurea specialistica\/magistrale, conseguita con un punteggio di almeno 105\/110 o votazione equivalente, in una delle seguenti classi: scienze economico-aziendali (84\/S o M\/77); scienze dell\u2019economia (64\/S o M\/56); finanza (19\/S o M\/16); statistica economica, finanziaria ed attuariale (91\/S); scienze statistiche (M\/82); scienze statistiche attuariali e finanziarie (M\/83); ingegneria gestionale (34\/S o M\/31); matematica (45\/S o M\/40); fisica (20\/S o M\/17); giurisprudenza (22\/S o MG\/01); relazioni internazionali (60\/S o M\/52); scienze della politica (70\/S o M\/62); altro diploma equiparato a uno dei suddetti titoli ai sensi del Decreto Interministeriale 9 luglio 2009 ovvero diploma di laurea di \u201cvecchio ordinamento\u201d, conseguito con un punteggio di almeno 105\/110 o votazione equivalente in una delle seguenti discipline: economia e commercio; statistica; matematica; fisica; giurisprudenza; scienze politiche; scienze dell\u2019amministrazione; scienze internazionali e diplomatiche; altra laurea a esso equiparata o equipollente per legge.<br \/>\nPER I DETTAGLI VEDERE IL BANDO.<br \/>\nScadenza: ore 18 del 5 marzo 2013.<\/p>\n<p>CONCORSI IN DIVISA<br \/>\nMINISTERO DELL&#8217;INTERNO<br \/>\nConcorso pubblico, per titoli ed esami, per il conferimento di ottanta posti di commissario del ruolo dei commissari della Polizia di Stato.<br \/>\nRequisiti principali: non aver compiuto i 32 anni di et\u00e0. Non si applicano le disposizioni di legge relative all&#8217;aumento o all&#8217;abrogazione dei limiti di et\u00e0 per l&#8217;ammissione ai pubblici impieghi. Ai sensi del decreto ministeriale 6 aprile 1999, n. 115, non \u00e8 soggetta a limiti di et\u00e0 la partecipazione al concorso degli appartenenti ai ruoli degli agenti ed assistenti e dei sovrintendenti della Polizia di Stato, con almeno tre anni di anzianit\u00e0 alla data del bando, nonch\u00e9 degli appartenenti al ruolo degli ispettori della Polizia di Stato in possesso dei prescritti requisiti. Per gli appartenenti ai ruoli dell&#8217;Amministrazione Civile dell&#8217;Interno, fermi restando gli altri requisiti, il limite d&#8217;et\u00e0 \u00e8 elevato a quaranta anni; titolo di studio: lauree di diverso genere. PER I DETTAGLI, VEDI IL BANDO.<br \/>\nScadenza: 11 marzo 2013.<\/p>\n<p>MINISTERO DELLA DIFESA &#8211; DIREZIONE GENERALE PER IL PERSONALE MILITARE<br \/>\n1) Bando di reclutamento, per il 2013, di 6.300 volontari in ferma prefissata di un anno (vfp 1) nell&#8217;Esercito italiano.<br \/>\nRipartizione blocchi:<br \/>\n&#8211; 1\u00b0 blocco, scaduto;<br \/>\n&#8211; 2\u00b0 blocco,scaduto;<br \/>\n&#8211; 3\u00b0 blocco, prevista incorporazione nel mese di settembre 2013, 1.300 posti.<br \/>\nLa domanda di partecipazione pu\u00f2 essere presentata dal 25 marzo 2013 al 23 aprile 2013, per i nati dal 23 aprile 1988 al 23 aprile 1995, estremi compresi;<br \/>\n&#8211; 4\u00b0 blocco, prevista incorporazione nel mese di dicembre 2013, 1.200 posti.<br \/>\nLa domanda di partecipazione pu\u00f2 essere presentata dal 15 luglio 2013 al 13 agosto 2013, per i nati dal 13 agosto 1988 al 13 agosto 1995, estremi compresi.<br \/>\nRequisiti:<br \/>\n&#8211; cittadinanza italiana;<br \/>\n&#8211; aver compiuto il 18\u00b0 anno di et\u00e0 e non aver superato il giorno del compimento del 25\u00b0 anno di et\u00e0;<br \/>\n&#8211; possesso del diploma di istruzione secondaria di primo grado (ex scuola media inferiore).<br \/>\nLa domanda di partecipazione al concorso, il cui modello \u00e8 pubblicato sul portale dei concorsi on-line del Ministero della Difesa, dovr\u00e0 essere compilata necessariamente on-line.(art. 4 del bando).<\/p>\n<p>2) Bando di reclutamento, per il 2013, di 1.400 volontari in ferma prefissata di un anno (vfp 1) nella Marina militare di cui 450 per le categorie del Corpo Equipaggi Militari Marittimi (CEMM) e 950 per il<br \/>\nCorpo delle Capitanerie di Porto (CP).<br \/>\nScadenza:<br \/>\n&#8211; 1\u00b0 blocco scaduto<br \/>\n&#8211; 2\u00b0 blocco con due distinti incorporamenti: 467 posti di cui 150 per il CEMM e 317 per le CP.<br \/>\nLa domanda di partecipazione pu\u00f2 essere presentata dal 4 febbraio 2013 al 5 marzo 2013 per i nati dal 5 marzo 1988 al 5 marzo 1995, estremi compresi;<br \/>\n&#8211; 3\u00b0 blocco con due distinti incorporamenti: 466 posti di cui 150 per il CEMM e 316 per le CP. La domanda di partecipazione pu\u00f2 essere presentata dal 3 aprile 2013 al 2 maggio 2013 per i nati dal 2 maggio 1988 al 2 maggio 1995, estremi compresi.<br \/>\nRequisiti specifici: aver compiuto il 18\u00b0 anno di et\u00e0 e non aver superato il giorno del compimento del 25\u00b0 anno di et\u00e0;<br \/>\npossesso del diploma di istruzione secondaria di primo grado (ex scuola media inferiore).<br \/>\nLa domanda di partecipazione al concorso, il cui modello \u00e8 pubblicato sul portale dei concorsi on-line del Ministero della Difesa, dovr\u00e0 essere compilata necessariamente on-line.<\/p>\n<p>AVVISI DI MOBILIT\u00c0<\/p>\n<p>COMUNE DI PEDAVENA<br \/>\nAvviso di mobilit\u00e0 per assunzione n. 1 Istruttore tecnico &#8211; area tecnica &#8211; cat. c a tempo pieno ed indeterminato.<br \/>\nRequisiti specifici (oltre a quelli previsti per la procedura di mobilit\u00e0 tra enti pubblici): diploma geometra o perito edile o in alternativa diploma di laurea equipollente.<br \/>\nScadenza: entro il 25 febbraio 2013.<\/p>\n<p>&nbsp;<\/p>","protected":false},"excerpt":{"rendered":"<p>In collaborazione con l&#8217;ufficio Informagiovani del Comune di Belluno, pubblichiamo l&#8217;aggiornamento settimanale dei concorsi pubblici. Informagiovani segnala innanzitutto due corsi di formazione gratuiti del Fondo Sociale Europeo per disoccupati\/inoccupati in possesso di diploma o laurea proposti da Reviviscar in collaborazione con Certottica, Ascom Formazione, Confcommercio e Confindustria Belluno. Il primo \u00e8 un corso della dura [&hellip;]<\/p>\n","protected":false},"author":2,"featured_media":0,"comment_status":"closed","ping_status":"open","sticky":false,"template":"","format":"standard","meta":{"footnotes":""},"categories":[36,26],"tags":[],"class_list":["post-46926","post","type-post","status-publish","format-standard","category-lavoro-economia","category-prima-pagina"],"yoast_head":"<!-- This site is optimized with the Yoast SEO plugin v28.4 - https:\/\/yoast.com\/product\/yoast-seo-wordpress\/ -->\n<title>Cerco lavoro - Bellunopress - Dolomiti<\/title>\n<meta name=\"robots\" content=\"index, follow, max-snippet:-1, max-image-preview:large, max-video-preview:-1\" \/>\n<link rel=\"canonical\" href=\"https:\/\/www.bellunopress.it\/fr\/2013\/02\/20\/cerco-lavoro-127\/\" \/>\n<meta property=\"og:locale\" content=\"fr_FR\" \/>\n<meta property=\"og:type\" content=\"article\" \/>\n<meta property=\"og:title\" content=\"Cerco lavoro - Bellunopress - Dolomiti\" \/>\n<meta property=\"og:description\" content=\"In collaborazione con l&#8217;ufficio Informagiovani del Comune di Belluno, pubblichiamo l&#8217;aggiornamento settimanale dei concorsi pubblici. Informagiovani segnala innanzitutto due corsi di formazione gratuiti del Fondo Sociale Europeo per disoccupati\/inoccupati in possesso di diploma o laurea proposti da Reviviscar in collaborazione con Certottica, Ascom Formazione, Confcommercio e Confindustria Belluno. Il primo \u00e8 un corso della dura [&hellip;]\" \/>\n<meta property=\"og:url\" content=\"https:\/\/www.bellunopress.it\/fr\/2013\/02\/20\/cerco-lavoro-127\/\" \/>\n<meta property=\"og:site_name\" content=\"Bellunopress - Dolomiti\" \/>\n<meta property=\"article:publisher\" content=\"https:\/\/www.facebook.com\/profile.php?id=100008943462799\" \/>\n<meta property=\"article:published_time\" content=\"2013-02-20T10:45:10+00:00\" \/>\n<meta property=\"og:image\" content=\"http:\/\/www.bellunopress.it\/wp-content\/uploads\/2010\/12\/informagiovani.gif\" \/>\n<meta name=\"author\" content=\"redazione\" \/>\n<meta name=\"twitter:card\" content=\"summary_large_image\" \/>\n<meta name=\"twitter:creator\" content=\"@bellunopress\" \/>\n<meta name=\"twitter:site\" content=\"@bellunopress\" \/>\n<meta name=\"twitter:label1\" content=\"\u00c9crit par\" \/>\n\t<meta name=\"twitter:data1\" content=\"redazione\" \/>\n\t<meta name=\"twitter:label2\" content=\"Dur\u00e9e de lecture estim\u00e9e\" \/>\n\t<meta name=\"twitter:data2\" content=\"6 minutes\" \/>\n<script type=\"application\/ld+json\" class=\"yoast-schema-graph\">{\"@context\":\"https:\\\/\\\/schema.org\",\"@graph\":[{\"@type\":\"Article\",\"@id\":\"https:\\\/\\\/www.bellunopress.it\\\/2013\\\/02\\\/20\\\/cerco-lavoro-127\\\/#article\",\"isPartOf\":{\"@id\":\"https:\\\/\\\/www.bellunopress.it\\\/2013\\\/02\\\/20\\\/cerco-lavoro-127\\\/\"},\"author\":{\"name\":\"redazione\",\"@id\":\"https:\\\/\\\/www.bellunopress.it\\\/#\\\/schema\\\/person\\\/79bb06722b37ece1c03d3e94beb30d73\"},\"headline\":\"Cerco lavoro\",\"datePublished\":\"2013-02-20T10:45:10+00:00\",\"mainEntityOfPage\":{\"@id\":\"https:\\\/\\\/www.bellunopress.it\\\/2013\\\/02\\\/20\\\/cerco-lavoro-127\\\/\"},\"wordCount\":1137,\"publisher\":{\"@id\":\"https:\\\/\\\/www.bellunopress.it\\\/#organization\"},\"image\":{\"@id\":\"https:\\\/\\\/www.bellunopress.it\\\/2013\\\/02\\\/20\\\/cerco-lavoro-127\\\/#primaryimage\"},\"thumbnailUrl\":\"http:\\\/\\\/www.bellunopress.it\\\/wp-content\\\/uploads\\\/2010\\\/12\\\/informagiovani.gif\",\"articleSection\":[\"Lavoro, Economia, Turismo\",\"Prima Pagina\"],\"inLanguage\":\"fr-FR\"},{\"@type\":\"WebPage\",\"@id\":\"https:\\\/\\\/www.bellunopress.it\\\/2013\\\/02\\\/20\\\/cerco-lavoro-127\\\/\",\"url\":\"https:\\\/\\\/www.bellunopress.it\\\/2013\\\/02\\\/20\\\/cerco-lavoro-127\\\/\",\"name\":\"Cerco lavoro - Bellunopress - Dolomiti\",\"isPartOf\":{\"@id\":\"https:\\\/\\\/www.bellunopress.it\\\/#website\"},\"primaryImageOfPage\":{\"@id\":\"https:\\\/\\\/www.bellunopress.it\\\/2013\\\/02\\\/20\\\/cerco-lavoro-127\\\/#primaryimage\"},\"image\":{\"@id\":\"https:\\\/\\\/www.bellunopress.it\\\/2013\\\/02\\\/20\\\/cerco-lavoro-127\\\/#primaryimage\"},\"thumbnailUrl\":\"http:\\\/\\\/www.bellunopress.it\\\/wp-content\\\/uploads\\\/2010\\\/12\\\/informagiovani.gif\",\"datePublished\":\"2013-02-20T10:45:10+00:00\",\"breadcrumb\":{\"@id\":\"https:\\\/\\\/www.bellunopress.it\\\/2013\\\/02\\\/20\\\/cerco-lavoro-127\\\/#breadcrumb\"},\"inLanguage\":\"fr-FR\",\"potentialAction\":[{\"@type\":\"ReadAction\",\"target\":[\"https:\\\/\\\/www.bellunopress.it\\\/2013\\\/02\\\/20\\\/cerco-lavoro-127\\\/\"]}]},{\"@type\":\"ImageObject\",\"inLanguage\":\"fr-FR\",\"@id\":\"https:\\\/\\\/www.bellunopress.it\\\/2013\\\/02\\\/20\\\/cerco-lavoro-127\\\/#primaryimage\",\"url\":\"http:\\\/\\\/www.bellunopress.it\\\/wp-content\\\/uploads\\\/2010\\\/12\\\/informagiovani.gif\",\"contentUrl\":\"http:\\\/\\\/www.bellunopress.it\\\/wp-content\\\/uploads\\\/2010\\\/12\\\/informagiovani.gif\"},{\"@type\":\"BreadcrumbList\",\"@id\":\"https:\\\/\\\/www.bellunopress.it\\\/2013\\\/02\\\/20\\\/cerco-lavoro-127\\\/#breadcrumb\",\"itemListElement\":[{\"@type\":\"ListItem\",\"position\":1,\"name\":\"Home\",\"item\":\"https:\\\/\\\/www.bellunopress.it\\\/\"},{\"@type\":\"ListItem\",\"position\":2,\"name\":\"Cerco lavoro\"}]},{\"@type\":\"WebSite\",\"@id\":\"https:\\\/\\\/www.bellunopress.it\\\/#website\",\"url\":\"https:\\\/\\\/www.bellunopress.it\\\/\",\"name\":\"Bellunopress - Dolomiti\",\"description\":\"e-mail: redazione@bellunopress.it\",\"publisher\":{\"@id\":\"https:\\\/\\\/www.bellunopress.it\\\/#organization\"},\"potentialAction\":[{\"@type\":\"SearchAction\",\"target\":{\"@type\":\"EntryPoint\",\"urlTemplate\":\"https:\\\/\\\/www.bellunopress.it\\\/?s={search_term_string}\"},\"query-input\":{\"@type\":\"PropertyValueSpecification\",\"valueRequired\":true,\"valueName\":\"search_term_string\"}}],\"inLanguage\":\"fr-FR\"},{\"@type\":\"Organization\",\"@id\":\"https:\\\/\\\/www.bellunopress.it\\\/#organization\",\"name\":\"Bellunopress\",\"url\":\"https:\\\/\\\/www.bellunopress.it\\\/\",\"logo\":{\"@type\":\"ImageObject\",\"inLanguage\":\"fr-FR\",\"@id\":\"https:\\\/\\\/www.bellunopress.it\\\/#\\\/schema\\\/logo\\\/image\\\/\",\"url\":\"https:\\\/\\\/www.bellunopress.it\\\/wp-content\\\/uploads\\\/2011\\\/05\\\/cropped-logo-bellunopress-.jpg\",\"contentUrl\":\"https:\\\/\\\/www.bellunopress.it\\\/wp-content\\\/uploads\\\/2011\\\/05\\\/cropped-logo-bellunopress-.jpg\",\"width\":512,\"height\":512,\"caption\":\"Bellunopress\"},\"image\":{\"@id\":\"https:\\\/\\\/www.bellunopress.it\\\/#\\\/schema\\\/logo\\\/image\\\/\"},\"sameAs\":[\"https:\\\/\\\/www.facebook.com\\\/profile.php?id=100008943462799\",\"https:\\\/\\\/x.com\\\/bellunopress\",\"https:\\\/\\\/www.linkedin.com\\\/hp\\\/?dnr=JBzUWaJfMUw8vbXJJ2tVW5-I3jZKvC4wsoxE&amp;amp;amp;amp;amp;amp;trk=nav_responsive_tab_home\",\"https:\\\/\\\/www.youtube.com\\\/channel\\\/UCxL0wu1uN0_3_7hGG0306cw\"]},{\"@type\":\"Person\",\"@id\":\"https:\\\/\\\/www.bellunopress.it\\\/#\\\/schema\\\/person\\\/79bb06722b37ece1c03d3e94beb30d73\",\"name\":\"redazione\",\"image\":{\"@type\":\"ImageObject\",\"inLanguage\":\"fr-FR\",\"@id\":\"https:\\\/\\\/secure.gravatar.com\\\/avatar\\\/37d968a2e67a6fd04c169c4bdef102d0bc5d31b2546345219e348575eb80e9a0?s=96&d=mm&r=g\",\"url\":\"https:\\\/\\\/secure.gravatar.com\\\/avatar\\\/37d968a2e67a6fd04c169c4bdef102d0bc5d31b2546345219e348575eb80e9a0?s=96&d=mm&r=g\",\"contentUrl\":\"https:\\\/\\\/secure.gravatar.com\\\/avatar\\\/37d968a2e67a6fd04c169c4bdef102d0bc5d31b2546345219e348575eb80e9a0?s=96&d=mm&r=g\",\"caption\":\"redazione\"},\"sameAs\":[\"http:\\\/\\\/www.bellunopress.it\",\"https:\\\/\\\/x.com\\\/bellunopress\"],\"url\":\"https:\\\/\\\/www.bellunopress.it\\\/fr\\\/author\\\/redazione\\\/\"}]}<\/script>\n<!-- \/ Yoast SEO plugin. -->","yoast_head_json":{"title":"Cerco lavoro - Bellunopress - Dolomiti","robots":{"index":"index","follow":"follow","max-snippet":"max-snippet:-1","max-image-preview":"max-image-preview:large","max-video-preview":"max-video-preview:-1"},"canonical":"https:\/\/www.bellunopress.it\/fr\/2013\/02\/20\/cerco-lavoro-127\/","og_locale":"fr_FR","og_type":"article","og_title":"Cerco lavoro - Bellunopress - Dolomiti","og_description":"In collaborazione con l&#8217;ufficio Informagiovani del Comune di Belluno, pubblichiamo l&#8217;aggiornamento settimanale dei concorsi pubblici. Informagiovani segnala innanzitutto due corsi di formazione gratuiti del Fondo Sociale Europeo per disoccupati\/inoccupati in possesso di diploma o laurea proposti da Reviviscar in collaborazione con Certottica, Ascom Formazione, Confcommercio e Confindustria Belluno. Il primo \u00e8 un corso della dura [&hellip;]","og_url":"https:\/\/www.bellunopress.it\/fr\/2013\/02\/20\/cerco-lavoro-127\/","og_site_name":"Bellunopress - Dolomiti","article_publisher":"https:\/\/www.facebook.com\/profile.php?id=100008943462799","article_published_time":"2013-02-20T10:45:10+00:00","og_image":[{"url":"http:\/\/www.bellunopress.it\/wp-content\/uploads\/2010\/12\/informagiovani.gif","type":"","width":"","height":""}],"author":"redazione","twitter_card":"summary_large_image","twitter_creator":"@bellunopress","twitter_site":"@bellunopress","twitter_misc":{"\u00c9crit par":"redazione","Dur\u00e9e de lecture estim\u00e9e":"6 minutes"},"schema":{"@context":"https:\/\/schema.org","@graph":[{"@type":"Article","@id":"https:\/\/www.bellunopress.it\/2013\/02\/20\/cerco-lavoro-127\/#article","isPartOf":{"@id":"https:\/\/www.bellunopress.it\/2013\/02\/20\/cerco-lavoro-127\/"},"author":{"name":"redazione","@id":"https:\/\/www.bellunopress.it\/#\/schema\/person\/79bb06722b37ece1c03d3e94beb30d73"},"headline":"Cerco lavoro","datePublished":"2013-02-20T10:45:10+00:00","mainEntityOfPage":{"@id":"https:\/\/www.bellunopress.it\/2013\/02\/20\/cerco-lavoro-127\/"},"wordCount":1137,"publisher":{"@id":"https:\/\/www.bellunopress.it\/#organization"},"image":{"@id":"https:\/\/www.bellunopress.it\/2013\/02\/20\/cerco-lavoro-127\/#primaryimage"},"thumbnailUrl":"http:\/\/www.bellunopress.it\/wp-content\/uploads\/2010\/12\/informagiovani.gif","articleSection":["Lavoro, Economia, Turismo","Prima Pagina"],"inLanguage":"fr-FR"},{"@type":"WebPage","@id":"https:\/\/www.bellunopress.it\/2013\/02\/20\/cerco-lavoro-127\/","url":"https:\/\/www.bellunopress.it\/2013\/02\/20\/cerco-lavoro-127\/","name":"Cerco lavoro - Bellunopress - Dolomiti","isPartOf":{"@id":"https:\/\/www.bellunopress.it\/#website"},"primaryImageOfPage":{"@id":"https:\/\/www.bellunopress.it\/2013\/02\/20\/cerco-lavoro-127\/#primaryimage"},"image":{"@id":"https:\/\/www.bellunopress.it\/2013\/02\/20\/cerco-lavoro-127\/#primaryimage"},"thumbnailUrl":"http:\/\/www.bellunopress.it\/wp-content\/uploads\/2010\/12\/informagiovani.gif","datePublished":"2013-02-20T10:45:10+00:00","breadcrumb":{"@id":"https:\/\/www.bellunopress.it\/2013\/02\/20\/cerco-lavoro-127\/#breadcrumb"},"inLanguage":"fr-FR","potentialAction":[{"@type":"ReadAction","target":["https:\/\/www.bellunopress.it\/2013\/02\/20\/cerco-lavoro-127\/"]}]},{"@type":"ImageObject","inLanguage":"fr-FR","@id":"https:\/\/www.bellunopress.it\/2013\/02\/20\/cerco-lavoro-127\/#primaryimage","url":"http:\/\/www.bellunopress.it\/wp-content\/uploads\/2010\/12\/informagiovani.gif","contentUrl":"http:\/\/www.bellunopress.it\/wp-content\/uploads\/2010\/12\/informagiovani.gif"},{"@type":"BreadcrumbList","@id":"https:\/\/www.bellunopress.it\/2013\/02\/20\/cerco-lavoro-127\/#breadcrumb","itemListElement":[{"@type":"ListItem","position":1,"name":"Home","item":"https:\/\/www.bellunopress.it\/"},{"@type":"ListItem","position":2,"name":"Cerco lavoro"}]},{"@type":"WebSite","@id":"https:\/\/www.bellunopress.it\/#website","url":"https:\/\/www.bellunopress.it\/","name":"Bellunopress - Dolomiti","description":"e-mail: redazione@bellunopress.it","publisher":{"@id":"https:\/\/www.bellunopress.it\/#organization"},"potentialAction":[{"@type":"SearchAction","target":{"@type":"EntryPoint","urlTemplate":"https:\/\/www.bellunopress.it\/?s={search_term_string}"},"query-input":{"@type":"PropertyValueSpecification","valueRequired":true,"valueName":"search_term_string"}}],"inLanguage":"fr-FR"},{"@type":"Organization","@id":"https:\/\/www.bellunopress.it\/#organization","name":"Bellunopress","url":"https:\/\/www.bellunopress.it\/","logo":{"@type":"ImageObject","inLanguage":"fr-FR","@id":"https:\/\/www.bellunopress.it\/#\/schema\/logo\/image\/","url":"https:\/\/www.bellunopress.it\/wp-content\/uploads\/2011\/05\/cropped-logo-bellunopress-.jpg","contentUrl":"https:\/\/www.bellunopress.it\/wp-content\/uploads\/2011\/05\/cropped-logo-bellunopress-.jpg","width":512,"height":512,"caption":"Bellunopress"},"image":{"@id":"https:\/\/www.bellunopress.it\/#\/schema\/logo\/image\/"},"sameAs":["https:\/\/www.facebook.com\/profile.php?id=100008943462799","https:\/\/x.com\/bellunopress","https:\/\/www.linkedin.com\/hp\/?dnr=JBzUWaJfMUw8vbXJJ2tVW5-I3jZKvC4wsoxE&amp;amp;amp;amp;amp;amp;trk=nav_responsive_tab_home","https:\/\/www.youtube.com\/channel\/UCxL0wu1uN0_3_7hGG0306cw"]},{"@type":"Person","@id":"https:\/\/www.bellunopress.it\/#\/schema\/person\/79bb06722b37ece1c03d3e94beb30d73","name":"r\u00e9daction","image":{"@type":"ImageObject","inLanguage":"fr-FR","@id":"https:\/\/secure.gravatar.com\/avatar\/37d968a2e67a6fd04c169c4bdef102d0bc5d31b2546345219e348575eb80e9a0?s=96&d=mm&r=g","url":"https:\/\/secure.gravatar.com\/avatar\/37d968a2e67a6fd04c169c4bdef102d0bc5d31b2546345219e348575eb80e9a0?s=96&d=mm&r=g","contentUrl":"https:\/\/secure.gravatar.com\/avatar\/37d968a2e67a6fd04c169c4bdef102d0bc5d31b2546345219e348575eb80e9a0?s=96&d=mm&r=g","caption":"redazione"},"sameAs":["http:\/\/www.bellunopress.it","https:\/\/x.com\/bellunopress"],"url":"https:\/\/www.bellunopress.it\/fr\/author\/redazione\/"}]}},"_links":{"self":[{"href":"https:\/\/www.bellunopress.it\/fr\/wp-json\/wp\/v2\/posts\/46926","targetHints":{"allow":["GET"]}}],"collection":[{"href":"https:\/\/www.bellunopress.it\/fr\/wp-json\/wp\/v2\/posts"}],"about":[{"href":"https:\/\/www.bellunopress.it\/fr\/wp-json\/wp\/v2\/types\/post"}],"author":[{"embeddable":true,"href":"https:\/\/www.bellunopress.it\/fr\/wp-json\/wp\/v2\/users\/2"}],"replies":[{"embeddable":true,"href":"https:\/\/www.bellunopress.it\/fr\/wp-json\/wp\/v2\/comments?post=46926"}],"version-history":[{"count":1,"href":"https:\/\/www.bellunopress.it\/fr\/wp-json\/wp\/v2\/posts\/46926\/revisions"}],"predecessor-version":[{"id":46927,"href":"https:\/\/www.bellunopress.it\/fr\/wp-json\/wp\/v2\/posts\/46926\/revisions\/46927"}],"wp:attachment":[{"href":"https:\/\/www.bellunopress.it\/fr\/wp-json\/wp\/v2\/media?parent=46926"}],"wp:term":[{"taxonomy":"category","embeddable":true,"href":"https:\/\/www.bellunopress.it\/fr\/wp-json\/wp\/v2\/categories?post=46926"},{"taxonomy":"post_tag","embeddable":true,"href":"https:\/\/www.bellunopress.it\/fr\/wp-json\/wp\/v2\/tags?post=46926"}],"curies":[{"name":"wp","href":"https:\/\/api.w.org\/{rel}","templated":true}]}}