{"id":4692,"date":"2009-06-10T18:17:50","date_gmt":"2009-06-10T17:17:50","guid":{"rendered":"http:\/\/www.bellunopress.it\/?p=4692"},"modified":"2009-06-10T18:23:49","modified_gmt":"2009-06-10T17:23:49","slug":"paolo-bampo-su-facebook-dillo-al-pab-per-chi-vuoi-votare","status":"publish","type":"post","link":"https:\/\/www.bellunopress.it\/fr\/2009\/06\/10\/paolo-bampo-su-facebook-dillo-al-pab-per-chi-vuoi-votare\/","title":{"rendered":"Paolo Bampo su Facebook: &#8220;Dillo al Pab&#8221; per chi vuoi votare"},"content":{"rendered":"<p>A seguito della partecipata riunione tenutasi ieri sera, per un&#8217;analisi del voto\u00a0 tra candidati e attivisti del Pab, \u00e8 stato deciso di assumere (qualora emerga dalle risposte degli elettori una tendenza maggioritaria rilevante) una posizione ufficiale in merito al ballottaggio per le elezioni provinciali di Belluno. Cos\u00ec fa sapere Paolo Bampo in un comunicato e continua: &#8220;Essendo quindi prevalso questo senso di responsabilit\u00e0 verso il territorio (che dovr\u00e0 essere amministrato dal rappresentante del &#8220;sistema&#8221; dei partiti che i nostri elettori riterranno &#8220;IL MENO PEGGIO&#8221; tra Reolon e Bottacin), si \u00e8 deciso di aprire un gruppo su FACEBOOK nel quale, il cosidetto &#8220;zoccolo duro&#8221; che, con il proprio voto, ha mantenuto la fiducia al Pab , potr\u00e0 esprimere, in una sorta di mini-sondaggio, la propria preferenza tra i due contendenti alla posizione di Presidente della Provincia. Tutti gli amici e parenti elettori del PAB sono pertanto invitati ad esprimere la propria posizione attraverso un messaggio ufficiale sulla\u00a0 bacheca, od uno privato nella posta ad esso riservata, entrando su FACEBOOK e quindi nel gruppo &#8220;Dillo al Pab&#8221;. La propria posizione potr\u00e0 essere eventualmente resa nota anche inviando una mail a: pab.mov@libero.it, oppure un sms al n\u00b0 366 4310045, oppure una lettera al PAB presso la casella postale n\u00b024 &#8211; 32020 Limana<\/p>","protected":false},"excerpt":{"rendered":"<p>A seguito della partecipata riunione tenutasi ieri sera, per un&#8217;analisi del voto\u00a0 tra candidati e attivisti del Pab, \u00e8 stato deciso di assumere (qualora emerga dalle risposte degli elettori una tendenza maggioritaria rilevante) una posizione ufficiale in merito al ballottaggio per le elezioni provinciali di Belluno. Cos\u00ec fa sapere Paolo Bampo in un comunicato e [&hellip;]<\/p>\n","protected":false},"author":2,"featured_media":0,"comment_status":"closed","ping_status":"open","sticky":false,"template":"","format":"standard","meta":{"footnotes":""},"categories":[5,26],"tags":[139],"class_list":["post-4692","post","type-post","status-publish","format-standard","category-cronaca","category-prima-pagina","tag-belluno"],"yoast_head":"<!-- This site is optimized with the Yoast SEO plugin v28.4 - https:\/\/yoast.com\/product\/yoast-seo-wordpress\/ -->\n<title>Paolo Bampo su Facebook: &quot;Dillo al Pab&quot; per chi vuoi votare - Bellunopress - Dolomiti<\/title>\n<meta name=\"robots\" content=\"index, follow, max-snippet:-1, max-image-preview:large, max-video-preview:-1\" \/>\n<link rel=\"canonical\" href=\"https:\/\/www.bellunopress.it\/fr\/2009\/06\/10\/paolo-bampo-su-facebook-dillo-al-pab-per-chi-vuoi-votare\/\" \/>\n<meta property=\"og:locale\" content=\"fr_FR\" \/>\n<meta property=\"og:type\" content=\"article\" \/>\n<meta property=\"og:title\" content=\"Paolo Bampo su Facebook: &quot;Dillo al Pab&quot; per chi vuoi votare - Bellunopress - Dolomiti\" \/>\n<meta property=\"og:description\" content=\"A seguito della partecipata riunione tenutasi ieri sera, per un&#8217;analisi del voto\u00a0 tra candidati e attivisti del Pab, \u00e8 stato deciso di assumere (qualora emerga dalle risposte degli elettori una tendenza maggioritaria rilevante) una posizione ufficiale in merito al ballottaggio per le elezioni provinciali di Belluno. Cos\u00ec fa sapere Paolo Bampo in un comunicato e [&hellip;]\" \/>\n<meta property=\"og:url\" content=\"https:\/\/www.bellunopress.it\/fr\/2009\/06\/10\/paolo-bampo-su-facebook-dillo-al-pab-per-chi-vuoi-votare\/\" \/>\n<meta property=\"og:site_name\" content=\"Bellunopress - Dolomiti\" \/>\n<meta property=\"article:publisher\" content=\"https:\/\/www.facebook.com\/profile.php?id=100008943462799\" \/>\n<meta property=\"article:published_time\" content=\"2009-06-10T17:17:50+00:00\" \/>\n<meta property=\"article:modified_time\" content=\"2009-06-10T17:23:49+00:00\" \/>\n<meta property=\"og:image\" content=\"http:\/\/www.bellunopress.it\/wp-content\/uploads\/2012\/07\/logo-bellunopress-250x250-2012.jpg\" \/>\n<meta name=\"author\" content=\"redazione\" \/>\n<meta name=\"twitter:card\" content=\"summary_large_image\" \/>\n<meta name=\"twitter:creator\" content=\"@bellunopress\" \/>\n<meta name=\"twitter:site\" content=\"@bellunopress\" \/>\n<meta name=\"twitter:label1\" content=\"\u00c9crit par\" \/>\n\t<meta name=\"twitter:data1\" content=\"redazione\" \/>\n\t<meta name=\"twitter:label2\" content=\"Dur\u00e9e de lecture estim\u00e9e\" \/>\n\t<meta name=\"twitter:data2\" content=\"1 minute\" \/>\n<script type=\"application\/ld+json\" class=\"yoast-schema-graph\">{\"@context\":\"https:\\\/\\\/schema.org\",\"@graph\":[{\"@type\":\"Article\",\"@id\":\"https:\\\/\\\/www.bellunopress.it\\\/2009\\\/06\\\/10\\\/paolo-bampo-su-facebook-dillo-al-pab-per-chi-vuoi-votare\\\/#article\",\"isPartOf\":{\"@id\":\"https:\\\/\\\/www.bellunopress.it\\\/2009\\\/06\\\/10\\\/paolo-bampo-su-facebook-dillo-al-pab-per-chi-vuoi-votare\\\/\"},\"author\":{\"name\":\"redazione\",\"@id\":\"https:\\\/\\\/www.bellunopress.it\\\/#\\\/schema\\\/person\\\/79bb06722b37ece1c03d3e94beb30d73\"},\"headline\":\"Paolo Bampo su Facebook: &#8220;Dillo al Pab&#8221; per chi vuoi votare\",\"datePublished\":\"2009-06-10T17:17:50+00:00\",\"dateModified\":\"2009-06-10T17:23:49+00:00\",\"mainEntityOfPage\":{\"@id\":\"https:\\\/\\\/www.bellunopress.it\\\/2009\\\/06\\\/10\\\/paolo-bampo-su-facebook-dillo-al-pab-per-chi-vuoi-votare\\\/\"},\"wordCount\":218,\"publisher\":{\"@id\":\"https:\\\/\\\/www.bellunopress.it\\\/#organization\"},\"keywords\":[\"Belluno\"],\"articleSection\":[\"Cronaca\\\/Politica\",\"Prima Pagina\"],\"inLanguage\":\"fr-FR\"},{\"@type\":\"WebPage\",\"@id\":\"https:\\\/\\\/www.bellunopress.it\\\/2009\\\/06\\\/10\\\/paolo-bampo-su-facebook-dillo-al-pab-per-chi-vuoi-votare\\\/\",\"url\":\"https:\\\/\\\/www.bellunopress.it\\\/2009\\\/06\\\/10\\\/paolo-bampo-su-facebook-dillo-al-pab-per-chi-vuoi-votare\\\/\",\"name\":\"Paolo Bampo su Facebook: \\\"Dillo al Pab\\\" per chi vuoi votare - Bellunopress - Dolomiti\",\"isPartOf\":{\"@id\":\"https:\\\/\\\/www.bellunopress.it\\\/#website\"},\"datePublished\":\"2009-06-10T17:17:50+00:00\",\"dateModified\":\"2009-06-10T17:23:49+00:00\",\"breadcrumb\":{\"@id\":\"https:\\\/\\\/www.bellunopress.it\\\/2009\\\/06\\\/10\\\/paolo-bampo-su-facebook-dillo-al-pab-per-chi-vuoi-votare\\\/#breadcrumb\"},\"inLanguage\":\"fr-FR\",\"potentialAction\":[{\"@type\":\"ReadAction\",\"target\":[\"https:\\\/\\\/www.bellunopress.it\\\/2009\\\/06\\\/10\\\/paolo-bampo-su-facebook-dillo-al-pab-per-chi-vuoi-votare\\\/\"]}]},{\"@type\":\"BreadcrumbList\",\"@id\":\"https:\\\/\\\/www.bellunopress.it\\\/2009\\\/06\\\/10\\\/paolo-bampo-su-facebook-dillo-al-pab-per-chi-vuoi-votare\\\/#breadcrumb\",\"itemListElement\":[{\"@type\":\"ListItem\",\"position\":1,\"name\":\"Home\",\"item\":\"https:\\\/\\\/www.bellunopress.it\\\/\"},{\"@type\":\"ListItem\",\"position\":2,\"name\":\"Paolo Bampo su Facebook: &#8220;Dillo al Pab&#8221; per chi vuoi votare\"}]},{\"@type\":\"WebSite\",\"@id\":\"https:\\\/\\\/www.bellunopress.it\\\/#website\",\"url\":\"https:\\\/\\\/www.bellunopress.it\\\/\",\"name\":\"Bellunopress - Dolomiti\",\"description\":\"e-mail: redazione@bellunopress.it\",\"publisher\":{\"@id\":\"https:\\\/\\\/www.bellunopress.it\\\/#organization\"},\"potentialAction\":[{\"@type\":\"SearchAction\",\"target\":{\"@type\":\"EntryPoint\",\"urlTemplate\":\"https:\\\/\\\/www.bellunopress.it\\\/?s={search_term_string}\"},\"query-input\":{\"@type\":\"PropertyValueSpecification\",\"valueRequired\":true,\"valueName\":\"search_term_string\"}}],\"inLanguage\":\"fr-FR\"},{\"@type\":\"Organization\",\"@id\":\"https:\\\/\\\/www.bellunopress.it\\\/#organization\",\"name\":\"Bellunopress\",\"url\":\"https:\\\/\\\/www.bellunopress.it\\\/\",\"logo\":{\"@type\":\"ImageObject\",\"inLanguage\":\"fr-FR\",\"@id\":\"https:\\\/\\\/www.bellunopress.it\\\/#\\\/schema\\\/logo\\\/image\\\/\",\"url\":\"https:\\\/\\\/www.bellunopress.it\\\/wp-content\\\/uploads\\\/2011\\\/05\\\/cropped-logo-bellunopress-.jpg\",\"contentUrl\":\"https:\\\/\\\/www.bellunopress.it\\\/wp-content\\\/uploads\\\/2011\\\/05\\\/cropped-logo-bellunopress-.jpg\",\"width\":512,\"height\":512,\"caption\":\"Bellunopress\"},\"image\":{\"@id\":\"https:\\\/\\\/www.bellunopress.it\\\/#\\\/schema\\\/logo\\\/image\\\/\"},\"sameAs\":[\"https:\\\/\\\/www.facebook.com\\\/profile.php?id=100008943462799\",\"https:\\\/\\\/x.com\\\/bellunopress\",\"https:\\\/\\\/www.linkedin.com\\\/hp\\\/?dnr=JBzUWaJfMUw8vbXJJ2tVW5-I3jZKvC4wsoxE&amp;amp;amp;amp;amp;amp;trk=nav_responsive_tab_home\",\"https:\\\/\\\/www.youtube.com\\\/channel\\\/UCxL0wu1uN0_3_7hGG0306cw\"]},{\"@type\":\"Person\",\"@id\":\"https:\\\/\\\/www.bellunopress.it\\\/#\\\/schema\\\/person\\\/79bb06722b37ece1c03d3e94beb30d73\",\"name\":\"redazione\",\"image\":{\"@type\":\"ImageObject\",\"inLanguage\":\"fr-FR\",\"@id\":\"https:\\\/\\\/secure.gravatar.com\\\/avatar\\\/37d968a2e67a6fd04c169c4bdef102d0bc5d31b2546345219e348575eb80e9a0?s=96&d=mm&r=g\",\"url\":\"https:\\\/\\\/secure.gravatar.com\\\/avatar\\\/37d968a2e67a6fd04c169c4bdef102d0bc5d31b2546345219e348575eb80e9a0?s=96&d=mm&r=g\",\"contentUrl\":\"https:\\\/\\\/secure.gravatar.com\\\/avatar\\\/37d968a2e67a6fd04c169c4bdef102d0bc5d31b2546345219e348575eb80e9a0?s=96&d=mm&r=g\",\"caption\":\"redazione\"},\"sameAs\":[\"http:\\\/\\\/www.bellunopress.it\",\"https:\\\/\\\/x.com\\\/bellunopress\"],\"url\":\"https:\\\/\\\/www.bellunopress.it\\\/fr\\\/author\\\/redazione\\\/\"}]}<\/script>\n<!-- \/ Yoast SEO plugin. -->","yoast_head_json":{"title":"Paolo Bampo su Facebook: \"Dillo al Pab\" per chi vuoi votare - Bellunopress - Dolomiti","robots":{"index":"index","follow":"follow","max-snippet":"max-snippet:-1","max-image-preview":"max-image-preview:large","max-video-preview":"max-video-preview:-1"},"canonical":"https:\/\/www.bellunopress.it\/fr\/2009\/06\/10\/paolo-bampo-su-facebook-dillo-al-pab-per-chi-vuoi-votare\/","og_locale":"fr_FR","og_type":"article","og_title":"Paolo Bampo su Facebook: \"Dillo al Pab\" per chi vuoi votare - Bellunopress - Dolomiti","og_description":"A seguito della partecipata riunione tenutasi ieri sera, per un&#8217;analisi del voto\u00a0 tra candidati e attivisti del Pab, \u00e8 stato deciso di assumere (qualora emerga dalle risposte degli elettori una tendenza maggioritaria rilevante) una posizione ufficiale in merito al ballottaggio per le elezioni provinciali di Belluno. Cos\u00ec fa sapere Paolo Bampo in un comunicato e [&hellip;]","og_url":"https:\/\/www.bellunopress.it\/fr\/2009\/06\/10\/paolo-bampo-su-facebook-dillo-al-pab-per-chi-vuoi-votare\/","og_site_name":"Bellunopress - Dolomiti","article_publisher":"https:\/\/www.facebook.com\/profile.php?id=100008943462799","article_published_time":"2009-06-10T17:17:50+00:00","article_modified_time":"2009-06-10T17:23:49+00:00","og_image":[{"url":"http:\/\/www.bellunopress.it\/wp-content\/uploads\/2012\/07\/logo-bellunopress-250x250-2012.jpg","type":"","width":"","height":""}],"author":"redazione","twitter_card":"summary_large_image","twitter_creator":"@bellunopress","twitter_site":"@bellunopress","twitter_misc":{"\u00c9crit par":"redazione","Dur\u00e9e de lecture estim\u00e9e":"1 minute"},"schema":{"@context":"https:\/\/schema.org","@graph":[{"@type":"Article","@id":"https:\/\/www.bellunopress.it\/2009\/06\/10\/paolo-bampo-su-facebook-dillo-al-pab-per-chi-vuoi-votare\/#article","isPartOf":{"@id":"https:\/\/www.bellunopress.it\/2009\/06\/10\/paolo-bampo-su-facebook-dillo-al-pab-per-chi-vuoi-votare\/"},"author":{"name":"redazione","@id":"https:\/\/www.bellunopress.it\/#\/schema\/person\/79bb06722b37ece1c03d3e94beb30d73"},"headline":"Paolo Bampo su Facebook: &#8220;Dillo al Pab&#8221; per chi vuoi votare","datePublished":"2009-06-10T17:17:50+00:00","dateModified":"2009-06-10T17:23:49+00:00","mainEntityOfPage":{"@id":"https:\/\/www.bellunopress.it\/2009\/06\/10\/paolo-bampo-su-facebook-dillo-al-pab-per-chi-vuoi-votare\/"},"wordCount":218,"publisher":{"@id":"https:\/\/www.bellunopress.it\/#organization"},"keywords":["Belluno"],"articleSection":["Cronaca\/Politica","Prima Pagina"],"inLanguage":"fr-FR"},{"@type":"WebPage","@id":"https:\/\/www.bellunopress.it\/2009\/06\/10\/paolo-bampo-su-facebook-dillo-al-pab-per-chi-vuoi-votare\/","url":"https:\/\/www.bellunopress.it\/2009\/06\/10\/paolo-bampo-su-facebook-dillo-al-pab-per-chi-vuoi-votare\/","name":"Paolo Bampo su Facebook: \"Dillo al Pab\" per chi vuoi votare - Bellunopress - Dolomiti","isPartOf":{"@id":"https:\/\/www.bellunopress.it\/#website"},"datePublished":"2009-06-10T17:17:50+00:00","dateModified":"2009-06-10T17:23:49+00:00","breadcrumb":{"@id":"https:\/\/www.bellunopress.it\/2009\/06\/10\/paolo-bampo-su-facebook-dillo-al-pab-per-chi-vuoi-votare\/#breadcrumb"},"inLanguage":"fr-FR","potentialAction":[{"@type":"ReadAction","target":["https:\/\/www.bellunopress.it\/2009\/06\/10\/paolo-bampo-su-facebook-dillo-al-pab-per-chi-vuoi-votare\/"]}]},{"@type":"BreadcrumbList","@id":"https:\/\/www.bellunopress.it\/2009\/06\/10\/paolo-bampo-su-facebook-dillo-al-pab-per-chi-vuoi-votare\/#breadcrumb","itemListElement":[{"@type":"ListItem","position":1,"name":"Home","item":"https:\/\/www.bellunopress.it\/"},{"@type":"ListItem","position":2,"name":"Paolo Bampo su Facebook: &#8220;Dillo al Pab&#8221; per chi vuoi votare"}]},{"@type":"WebSite","@id":"https:\/\/www.bellunopress.it\/#website","url":"https:\/\/www.bellunopress.it\/","name":"Bellunopress - Dolomiti","description":"e-mail: redazione@bellunopress.it","publisher":{"@id":"https:\/\/www.bellunopress.it\/#organization"},"potentialAction":[{"@type":"SearchAction","target":{"@type":"EntryPoint","urlTemplate":"https:\/\/www.bellunopress.it\/?s={search_term_string}"},"query-input":{"@type":"PropertyValueSpecification","valueRequired":true,"valueName":"search_term_string"}}],"inLanguage":"fr-FR"},{"@type":"Organization","@id":"https:\/\/www.bellunopress.it\/#organization","name":"Bellunopress","url":"https:\/\/www.bellunopress.it\/","logo":{"@type":"ImageObject","inLanguage":"fr-FR","@id":"https:\/\/www.bellunopress.it\/#\/schema\/logo\/image\/","url":"https:\/\/www.bellunopress.it\/wp-content\/uploads\/2011\/05\/cropped-logo-bellunopress-.jpg","contentUrl":"https:\/\/www.bellunopress.it\/wp-content\/uploads\/2011\/05\/cropped-logo-bellunopress-.jpg","width":512,"height":512,"caption":"Bellunopress"},"image":{"@id":"https:\/\/www.bellunopress.it\/#\/schema\/logo\/image\/"},"sameAs":["https:\/\/www.facebook.com\/profile.php?id=100008943462799","https:\/\/x.com\/bellunopress","https:\/\/www.linkedin.com\/hp\/?dnr=JBzUWaJfMUw8vbXJJ2tVW5-I3jZKvC4wsoxE&amp;amp;amp;amp;amp;amp;trk=nav_responsive_tab_home","https:\/\/www.youtube.com\/channel\/UCxL0wu1uN0_3_7hGG0306cw"]},{"@type":"Person","@id":"https:\/\/www.bellunopress.it\/#\/schema\/person\/79bb06722b37ece1c03d3e94beb30d73","name":"r\u00e9daction","image":{"@type":"ImageObject","inLanguage":"fr-FR","@id":"https:\/\/secure.gravatar.com\/avatar\/37d968a2e67a6fd04c169c4bdef102d0bc5d31b2546345219e348575eb80e9a0?s=96&d=mm&r=g","url":"https:\/\/secure.gravatar.com\/avatar\/37d968a2e67a6fd04c169c4bdef102d0bc5d31b2546345219e348575eb80e9a0?s=96&d=mm&r=g","contentUrl":"https:\/\/secure.gravatar.com\/avatar\/37d968a2e67a6fd04c169c4bdef102d0bc5d31b2546345219e348575eb80e9a0?s=96&d=mm&r=g","caption":"redazione"},"sameAs":["http:\/\/www.bellunopress.it","https:\/\/x.com\/bellunopress"],"url":"https:\/\/www.bellunopress.it\/fr\/author\/redazione\/"}]}},"_links":{"self":[{"href":"https:\/\/www.bellunopress.it\/fr\/wp-json\/wp\/v2\/posts\/4692","targetHints":{"allow":["GET"]}}],"collection":[{"href":"https:\/\/www.bellunopress.it\/fr\/wp-json\/wp\/v2\/posts"}],"about":[{"href":"https:\/\/www.bellunopress.it\/fr\/wp-json\/wp\/v2\/types\/post"}],"author":[{"embeddable":true,"href":"https:\/\/www.bellunopress.it\/fr\/wp-json\/wp\/v2\/users\/2"}],"replies":[{"embeddable":true,"href":"https:\/\/www.bellunopress.it\/fr\/wp-json\/wp\/v2\/comments?post=4692"}],"version-history":[{"count":4,"href":"https:\/\/www.bellunopress.it\/fr\/wp-json\/wp\/v2\/posts\/4692\/revisions"}],"predecessor-version":[{"id":4696,"href":"https:\/\/www.bellunopress.it\/fr\/wp-json\/wp\/v2\/posts\/4692\/revisions\/4696"}],"wp:attachment":[{"href":"https:\/\/www.bellunopress.it\/fr\/wp-json\/wp\/v2\/media?parent=4692"}],"wp:term":[{"taxonomy":"category","embeddable":true,"href":"https:\/\/www.bellunopress.it\/fr\/wp-json\/wp\/v2\/categories?post=4692"},{"taxonomy":"post_tag","embeddable":true,"href":"https:\/\/www.bellunopress.it\/fr\/wp-json\/wp\/v2\/tags?post=4692"}],"curies":[{"name":"wp","href":"https:\/\/api.w.org\/{rel}","templated":true}]}}