{"id":46912,"date":"2013-02-19T19:41:45","date_gmt":"2013-02-19T18:41:45","guid":{"rendered":"http:\/\/www.bellunopress.it\/?p=46912"},"modified":"2013-02-19T19:41:45","modified_gmt":"2013-02-19T18:41:45","slug":"zaia-eletto-primo-presidente-delleuroregione-oggi-a-klagenfurt","status":"publish","type":"post","link":"https:\/\/www.bellunopress.it\/fr\/2013\/02\/19\/zaia-eletto-primo-presidente-delleuroregione-oggi-a-klagenfurt\/","title":{"rendered":"Zaia eletto primo presidente dell&#8217;Euroregione oggi a Klagenfurt"},"content":{"rendered":"<p><a href=\"http:\/\/www.bellunopress.it\/wp-content\/uploads\/2010\/06\/zaia-leggeriss.jpg\"><img loading=\"lazy\" decoding=\"async\" class=\"alignleft size-full wp-image-15840\" alt=\"zaia-leggeriss\" src=\"http:\/\/www.bellunopress.it\/wp-content\/uploads\/2010\/06\/zaia-leggeriss.jpg\" width=\"130\" height=\"130\" \/><\/a>Klagenfurt (Austria), 19 febbraio 2013\u00a0Klagenfurt, capitale del Land austriaco della Carinzia, ha ospitato oggi l\u2019assemblea costituente dell\u2019Euroregione denominata \u201cEuregio Senza Confini\u201d, nella forma di GECT (Gruppo Europeo di Cooperazione Territoriale). I governatori del Veneto, del Friuli Venezia Giulia e della Carinzia (Gerhard D\u00f6rfler), dopo la dichiarazione congiunta sottoscritta a Trieste nel marzo 2011 nel corso di un incontro trilaterale e dopo la firma, nel novembre dello scorso anno a Venezia, dello Statuto e dell\u2019Atto Costitutivo del GECT, hanno concretamente avviato l\u2019operativit\u00e0 di questo strumento di diritto europeo, nominando il presidente, il direttore \u2018ad interim\u2019, il gruppo tecnico di lavoro, il Collegio dei revisori dei conti e individuando le sedi operative. Primo presidente dell\u2019\u201dEuregio Senza Confini\u201d \u00e8 stato nominato il governatore del Veneto. \u201c<\/p>\n<p>Il GECT \u00e8 uno strumento dell\u2019Unione Europea creato nel 2006 per definire un quadro legislativo unico per le Euroregioni. Grazie al riconoscimento della personalit\u00e0 giuridica, permette a territori regionali e locali di diversi Paesi dell\u2019UE di avviare forme di collaborazione superando gli ostacoli derivanti da differenti strutture giuridiche, contabili e di gestione. I membri di un GECT, ad esempio, potranno concorrere a bandi di finanziamento europeo congiuntamente, favorire l\u2019integrazione dei sistemi di trasporto, cooperare a livello pratico per fornire servizi pubblici e locali.<\/p>\n<p>I GECT finora creati in Europa sono 31, di cui quattro in Italia. Il GECT \u201cEuregio Senza Confini\u201d \u00e8 il primo a cui partecipa una Regione a Statuto Ordinario come il Veneto.<\/p>\n<p>\u201cIl nostro obiettivo \u2013 ha sottolineato il governatore veneto \u2013 \u00e8 di rafforzare quelle esistenti e di promuovere nuove iniziative di cooperazione transfrontaliera tra le tre Regioni, finalizzate allo sviluppo dei territori interessati attraverso comuni azioni in campo economico, sociale e culturale, partecipando insieme ai diversi programmi dell\u2019Unione Europea\u201d. Nello stesso giorno, su proposta del Governatore carinziano, approvata dalle autorit\u00e0 austriache, il Presidente Zaia \u00e8 stato insignito della massima onorificenza del Land, in segno di stima e gratitudine per il fondamentale sostegno da lui garantito nell\u2019ambito della cooperazione transfrontaliera.<\/p>\n<p>&nbsp;<\/p>","protected":false},"excerpt":{"rendered":"<p>Klagenfurt (Austria), 19 febbraio 2013\u00a0Klagenfurt, capitale del Land austriaco della Carinzia, ha ospitato oggi l\u2019assemblea costituente dell\u2019Euroregione denominata \u201cEuregio Senza Confini\u201d, nella forma di GECT (Gruppo Europeo di Cooperazione Territoriale). I governatori del Veneto, del Friuli Venezia Giulia e della Carinzia (Gerhard D\u00f6rfler), dopo la dichiarazione congiunta sottoscritta a Trieste nel marzo 2011 nel corso [&hellip;]<\/p>\n","protected":false},"author":2,"featured_media":0,"comment_status":"closed","ping_status":"open","sticky":false,"template":"","format":"standard","meta":{"footnotes":""},"categories":[5,26],"tags":[],"class_list":["post-46912","post","type-post","status-publish","format-standard","category-cronaca","category-prima-pagina"],"yoast_head":"<!-- This site is optimized with the Yoast SEO plugin v28.4 - https:\/\/yoast.com\/product\/yoast-seo-wordpress\/ -->\n<title>Zaia eletto primo presidente dell&#039;Euroregione oggi a Klagenfurt - Bellunopress - Dolomiti<\/title>\n<meta name=\"robots\" content=\"index, follow, max-snippet:-1, max-image-preview:large, max-video-preview:-1\" \/>\n<link rel=\"canonical\" href=\"https:\/\/www.bellunopress.it\/fr\/2013\/02\/19\/zaia-eletto-primo-presidente-delleuroregione-oggi-a-klagenfurt\/\" \/>\n<meta property=\"og:locale\" content=\"fr_FR\" \/>\n<meta property=\"og:type\" content=\"article\" \/>\n<meta property=\"og:title\" content=\"Zaia eletto primo presidente dell&#039;Euroregione oggi a Klagenfurt - Bellunopress - Dolomiti\" \/>\n<meta property=\"og:description\" content=\"Klagenfurt (Austria), 19 febbraio 2013\u00a0Klagenfurt, capitale del Land austriaco della Carinzia, ha ospitato oggi l\u2019assemblea costituente dell\u2019Euroregione denominata \u201cEuregio Senza Confini\u201d, nella forma di GECT (Gruppo Europeo di Cooperazione Territoriale). I governatori del Veneto, del Friuli Venezia Giulia e della Carinzia (Gerhard D\u00f6rfler), dopo la dichiarazione congiunta sottoscritta a Trieste nel marzo 2011 nel corso [&hellip;]\" \/>\n<meta property=\"og:url\" content=\"https:\/\/www.bellunopress.it\/fr\/2013\/02\/19\/zaia-eletto-primo-presidente-delleuroregione-oggi-a-klagenfurt\/\" \/>\n<meta property=\"og:site_name\" content=\"Bellunopress - Dolomiti\" \/>\n<meta property=\"article:publisher\" content=\"https:\/\/www.facebook.com\/profile.php?id=100008943462799\" \/>\n<meta property=\"article:published_time\" content=\"2013-02-19T18:41:45+00:00\" \/>\n<meta property=\"og:image\" content=\"http:\/\/www.bellunopress.it\/wp-content\/uploads\/2010\/06\/zaia-leggeriss.jpg\" \/>\n<meta name=\"author\" content=\"redazione\" \/>\n<meta name=\"twitter:card\" content=\"summary_large_image\" \/>\n<meta name=\"twitter:creator\" content=\"@bellunopress\" \/>\n<meta name=\"twitter:site\" content=\"@bellunopress\" \/>\n<meta name=\"twitter:label1\" content=\"\u00c9crit par\" \/>\n\t<meta name=\"twitter:data1\" content=\"redazione\" \/>\n\t<meta name=\"twitter:label2\" content=\"Dur\u00e9e de lecture estim\u00e9e\" \/>\n\t<meta name=\"twitter:data2\" content=\"2 minutes\" \/>\n<script type=\"application\/ld+json\" class=\"yoast-schema-graph\">{\"@context\":\"https:\\\/\\\/schema.org\",\"@graph\":[{\"@type\":\"Article\",\"@id\":\"https:\\\/\\\/www.bellunopress.it\\\/2013\\\/02\\\/19\\\/zaia-eletto-primo-presidente-delleuroregione-oggi-a-klagenfurt\\\/#article\",\"isPartOf\":{\"@id\":\"https:\\\/\\\/www.bellunopress.it\\\/2013\\\/02\\\/19\\\/zaia-eletto-primo-presidente-delleuroregione-oggi-a-klagenfurt\\\/\"},\"author\":{\"name\":\"redazione\",\"@id\":\"https:\\\/\\\/www.bellunopress.it\\\/#\\\/schema\\\/person\\\/79bb06722b37ece1c03d3e94beb30d73\"},\"headline\":\"Zaia eletto primo presidente dell&#8217;Euroregione oggi a Klagenfurt\",\"datePublished\":\"2013-02-19T18:41:45+00:00\",\"mainEntityOfPage\":{\"@id\":\"https:\\\/\\\/www.bellunopress.it\\\/2013\\\/02\\\/19\\\/zaia-eletto-primo-presidente-delleuroregione-oggi-a-klagenfurt\\\/\"},\"wordCount\":336,\"publisher\":{\"@id\":\"https:\\\/\\\/www.bellunopress.it\\\/#organization\"},\"image\":{\"@id\":\"https:\\\/\\\/www.bellunopress.it\\\/2013\\\/02\\\/19\\\/zaia-eletto-primo-presidente-delleuroregione-oggi-a-klagenfurt\\\/#primaryimage\"},\"thumbnailUrl\":\"http:\\\/\\\/www.bellunopress.it\\\/wp-content\\\/uploads\\\/2010\\\/06\\\/zaia-leggeriss.jpg\",\"articleSection\":[\"Cronaca\\\/Politica\",\"Prima Pagina\"],\"inLanguage\":\"fr-FR\"},{\"@type\":\"WebPage\",\"@id\":\"https:\\\/\\\/www.bellunopress.it\\\/2013\\\/02\\\/19\\\/zaia-eletto-primo-presidente-delleuroregione-oggi-a-klagenfurt\\\/\",\"url\":\"https:\\\/\\\/www.bellunopress.it\\\/2013\\\/02\\\/19\\\/zaia-eletto-primo-presidente-delleuroregione-oggi-a-klagenfurt\\\/\",\"name\":\"Zaia eletto primo presidente dell'Euroregione oggi a Klagenfurt - Bellunopress - Dolomiti\",\"isPartOf\":{\"@id\":\"https:\\\/\\\/www.bellunopress.it\\\/#website\"},\"primaryImageOfPage\":{\"@id\":\"https:\\\/\\\/www.bellunopress.it\\\/2013\\\/02\\\/19\\\/zaia-eletto-primo-presidente-delleuroregione-oggi-a-klagenfurt\\\/#primaryimage\"},\"image\":{\"@id\":\"https:\\\/\\\/www.bellunopress.it\\\/2013\\\/02\\\/19\\\/zaia-eletto-primo-presidente-delleuroregione-oggi-a-klagenfurt\\\/#primaryimage\"},\"thumbnailUrl\":\"http:\\\/\\\/www.bellunopress.it\\\/wp-content\\\/uploads\\\/2010\\\/06\\\/zaia-leggeriss.jpg\",\"datePublished\":\"2013-02-19T18:41:45+00:00\",\"breadcrumb\":{\"@id\":\"https:\\\/\\\/www.bellunopress.it\\\/2013\\\/02\\\/19\\\/zaia-eletto-primo-presidente-delleuroregione-oggi-a-klagenfurt\\\/#breadcrumb\"},\"inLanguage\":\"fr-FR\",\"potentialAction\":[{\"@type\":\"ReadAction\",\"target\":[\"https:\\\/\\\/www.bellunopress.it\\\/2013\\\/02\\\/19\\\/zaia-eletto-primo-presidente-delleuroregione-oggi-a-klagenfurt\\\/\"]}]},{\"@type\":\"ImageObject\",\"inLanguage\":\"fr-FR\",\"@id\":\"https:\\\/\\\/www.bellunopress.it\\\/2013\\\/02\\\/19\\\/zaia-eletto-primo-presidente-delleuroregione-oggi-a-klagenfurt\\\/#primaryimage\",\"url\":\"http:\\\/\\\/www.bellunopress.it\\\/wp-content\\\/uploads\\\/2010\\\/06\\\/zaia-leggeriss.jpg\",\"contentUrl\":\"http:\\\/\\\/www.bellunopress.it\\\/wp-content\\\/uploads\\\/2010\\\/06\\\/zaia-leggeriss.jpg\"},{\"@type\":\"BreadcrumbList\",\"@id\":\"https:\\\/\\\/www.bellunopress.it\\\/2013\\\/02\\\/19\\\/zaia-eletto-primo-presidente-delleuroregione-oggi-a-klagenfurt\\\/#breadcrumb\",\"itemListElement\":[{\"@type\":\"ListItem\",\"position\":1,\"name\":\"Home\",\"item\":\"https:\\\/\\\/www.bellunopress.it\\\/\"},{\"@type\":\"ListItem\",\"position\":2,\"name\":\"Zaia eletto primo presidente dell&#8217;Euroregione oggi a Klagenfurt\"}]},{\"@type\":\"WebSite\",\"@id\":\"https:\\\/\\\/www.bellunopress.it\\\/#website\",\"url\":\"https:\\\/\\\/www.bellunopress.it\\\/\",\"name\":\"Bellunopress - Dolomiti\",\"description\":\"e-mail: redazione@bellunopress.it\",\"publisher\":{\"@id\":\"https:\\\/\\\/www.bellunopress.it\\\/#organization\"},\"potentialAction\":[{\"@type\":\"SearchAction\",\"target\":{\"@type\":\"EntryPoint\",\"urlTemplate\":\"https:\\\/\\\/www.bellunopress.it\\\/?s={search_term_string}\"},\"query-input\":{\"@type\":\"PropertyValueSpecification\",\"valueRequired\":true,\"valueName\":\"search_term_string\"}}],\"inLanguage\":\"fr-FR\"},{\"@type\":\"Organization\",\"@id\":\"https:\\\/\\\/www.bellunopress.it\\\/#organization\",\"name\":\"Bellunopress\",\"url\":\"https:\\\/\\\/www.bellunopress.it\\\/\",\"logo\":{\"@type\":\"ImageObject\",\"inLanguage\":\"fr-FR\",\"@id\":\"https:\\\/\\\/www.bellunopress.it\\\/#\\\/schema\\\/logo\\\/image\\\/\",\"url\":\"https:\\\/\\\/www.bellunopress.it\\\/wp-content\\\/uploads\\\/2011\\\/05\\\/cropped-logo-bellunopress-.jpg\",\"contentUrl\":\"https:\\\/\\\/www.bellunopress.it\\\/wp-content\\\/uploads\\\/2011\\\/05\\\/cropped-logo-bellunopress-.jpg\",\"width\":512,\"height\":512,\"caption\":\"Bellunopress\"},\"image\":{\"@id\":\"https:\\\/\\\/www.bellunopress.it\\\/#\\\/schema\\\/logo\\\/image\\\/\"},\"sameAs\":[\"https:\\\/\\\/www.facebook.com\\\/profile.php?id=100008943462799\",\"https:\\\/\\\/x.com\\\/bellunopress\",\"https:\\\/\\\/www.linkedin.com\\\/hp\\\/?dnr=JBzUWaJfMUw8vbXJJ2tVW5-I3jZKvC4wsoxE&amp;amp;amp;amp;amp;amp;trk=nav_responsive_tab_home\",\"https:\\\/\\\/www.youtube.com\\\/channel\\\/UCxL0wu1uN0_3_7hGG0306cw\"]},{\"@type\":\"Person\",\"@id\":\"https:\\\/\\\/www.bellunopress.it\\\/#\\\/schema\\\/person\\\/79bb06722b37ece1c03d3e94beb30d73\",\"name\":\"redazione\",\"image\":{\"@type\":\"ImageObject\",\"inLanguage\":\"fr-FR\",\"@id\":\"https:\\\/\\\/secure.gravatar.com\\\/avatar\\\/37d968a2e67a6fd04c169c4bdef102d0bc5d31b2546345219e348575eb80e9a0?s=96&d=mm&r=g\",\"url\":\"https:\\\/\\\/secure.gravatar.com\\\/avatar\\\/37d968a2e67a6fd04c169c4bdef102d0bc5d31b2546345219e348575eb80e9a0?s=96&d=mm&r=g\",\"contentUrl\":\"https:\\\/\\\/secure.gravatar.com\\\/avatar\\\/37d968a2e67a6fd04c169c4bdef102d0bc5d31b2546345219e348575eb80e9a0?s=96&d=mm&r=g\",\"caption\":\"redazione\"},\"sameAs\":[\"http:\\\/\\\/www.bellunopress.it\",\"https:\\\/\\\/x.com\\\/bellunopress\"],\"url\":\"https:\\\/\\\/www.bellunopress.it\\\/fr\\\/author\\\/redazione\\\/\"}]}<\/script>\n<!-- \/ Yoast SEO plugin. -->","yoast_head_json":{"title":"Zaia eletto primo presidente dell'Euroregione oggi a Klagenfurt - Bellunopress - Dolomiti","robots":{"index":"index","follow":"follow","max-snippet":"max-snippet:-1","max-image-preview":"max-image-preview:large","max-video-preview":"max-video-preview:-1"},"canonical":"https:\/\/www.bellunopress.it\/fr\/2013\/02\/19\/zaia-eletto-primo-presidente-delleuroregione-oggi-a-klagenfurt\/","og_locale":"fr_FR","og_type":"article","og_title":"Zaia eletto primo presidente dell'Euroregione oggi a Klagenfurt - Bellunopress - Dolomiti","og_description":"Klagenfurt (Austria), 19 febbraio 2013\u00a0Klagenfurt, capitale del Land austriaco della Carinzia, ha ospitato oggi l\u2019assemblea costituente dell\u2019Euroregione denominata \u201cEuregio Senza Confini\u201d, nella forma di GECT (Gruppo Europeo di Cooperazione Territoriale). I governatori del Veneto, del Friuli Venezia Giulia e della Carinzia (Gerhard D\u00f6rfler), dopo la dichiarazione congiunta sottoscritta a Trieste nel marzo 2011 nel corso [&hellip;]","og_url":"https:\/\/www.bellunopress.it\/fr\/2013\/02\/19\/zaia-eletto-primo-presidente-delleuroregione-oggi-a-klagenfurt\/","og_site_name":"Bellunopress - Dolomiti","article_publisher":"https:\/\/www.facebook.com\/profile.php?id=100008943462799","article_published_time":"2013-02-19T18:41:45+00:00","og_image":[{"url":"http:\/\/www.bellunopress.it\/wp-content\/uploads\/2010\/06\/zaia-leggeriss.jpg","type":"","width":"","height":""}],"author":"redazione","twitter_card":"summary_large_image","twitter_creator":"@bellunopress","twitter_site":"@bellunopress","twitter_misc":{"\u00c9crit par":"redazione","Dur\u00e9e de lecture estim\u00e9e":"2 minutes"},"schema":{"@context":"https:\/\/schema.org","@graph":[{"@type":"Article","@id":"https:\/\/www.bellunopress.it\/2013\/02\/19\/zaia-eletto-primo-presidente-delleuroregione-oggi-a-klagenfurt\/#article","isPartOf":{"@id":"https:\/\/www.bellunopress.it\/2013\/02\/19\/zaia-eletto-primo-presidente-delleuroregione-oggi-a-klagenfurt\/"},"author":{"name":"redazione","@id":"https:\/\/www.bellunopress.it\/#\/schema\/person\/79bb06722b37ece1c03d3e94beb30d73"},"headline":"Zaia eletto primo presidente dell&#8217;Euroregione oggi a Klagenfurt","datePublished":"2013-02-19T18:41:45+00:00","mainEntityOfPage":{"@id":"https:\/\/www.bellunopress.it\/2013\/02\/19\/zaia-eletto-primo-presidente-delleuroregione-oggi-a-klagenfurt\/"},"wordCount":336,"publisher":{"@id":"https:\/\/www.bellunopress.it\/#organization"},"image":{"@id":"https:\/\/www.bellunopress.it\/2013\/02\/19\/zaia-eletto-primo-presidente-delleuroregione-oggi-a-klagenfurt\/#primaryimage"},"thumbnailUrl":"http:\/\/www.bellunopress.it\/wp-content\/uploads\/2010\/06\/zaia-leggeriss.jpg","articleSection":["Cronaca\/Politica","Prima Pagina"],"inLanguage":"fr-FR"},{"@type":"WebPage","@id":"https:\/\/www.bellunopress.it\/2013\/02\/19\/zaia-eletto-primo-presidente-delleuroregione-oggi-a-klagenfurt\/","url":"https:\/\/www.bellunopress.it\/2013\/02\/19\/zaia-eletto-primo-presidente-delleuroregione-oggi-a-klagenfurt\/","name":"Zaia eletto primo presidente dell'Euroregione oggi a Klagenfurt - Bellunopress - Dolomiti","isPartOf":{"@id":"https:\/\/www.bellunopress.it\/#website"},"primaryImageOfPage":{"@id":"https:\/\/www.bellunopress.it\/2013\/02\/19\/zaia-eletto-primo-presidente-delleuroregione-oggi-a-klagenfurt\/#primaryimage"},"image":{"@id":"https:\/\/www.bellunopress.it\/2013\/02\/19\/zaia-eletto-primo-presidente-delleuroregione-oggi-a-klagenfurt\/#primaryimage"},"thumbnailUrl":"http:\/\/www.bellunopress.it\/wp-content\/uploads\/2010\/06\/zaia-leggeriss.jpg","datePublished":"2013-02-19T18:41:45+00:00","breadcrumb":{"@id":"https:\/\/www.bellunopress.it\/2013\/02\/19\/zaia-eletto-primo-presidente-delleuroregione-oggi-a-klagenfurt\/#breadcrumb"},"inLanguage":"fr-FR","potentialAction":[{"@type":"ReadAction","target":["https:\/\/www.bellunopress.it\/2013\/02\/19\/zaia-eletto-primo-presidente-delleuroregione-oggi-a-klagenfurt\/"]}]},{"@type":"ImageObject","inLanguage":"fr-FR","@id":"https:\/\/www.bellunopress.it\/2013\/02\/19\/zaia-eletto-primo-presidente-delleuroregione-oggi-a-klagenfurt\/#primaryimage","url":"http:\/\/www.bellunopress.it\/wp-content\/uploads\/2010\/06\/zaia-leggeriss.jpg","contentUrl":"http:\/\/www.bellunopress.it\/wp-content\/uploads\/2010\/06\/zaia-leggeriss.jpg"},{"@type":"BreadcrumbList","@id":"https:\/\/www.bellunopress.it\/2013\/02\/19\/zaia-eletto-primo-presidente-delleuroregione-oggi-a-klagenfurt\/#breadcrumb","itemListElement":[{"@type":"ListItem","position":1,"name":"Home","item":"https:\/\/www.bellunopress.it\/"},{"@type":"ListItem","position":2,"name":"Zaia eletto primo presidente dell&#8217;Euroregione oggi a Klagenfurt"}]},{"@type":"WebSite","@id":"https:\/\/www.bellunopress.it\/#website","url":"https:\/\/www.bellunopress.it\/","name":"Bellunopress - Dolomiti","description":"e-mail: redazione@bellunopress.it","publisher":{"@id":"https:\/\/www.bellunopress.it\/#organization"},"potentialAction":[{"@type":"SearchAction","target":{"@type":"EntryPoint","urlTemplate":"https:\/\/www.bellunopress.it\/?s={search_term_string}"},"query-input":{"@type":"PropertyValueSpecification","valueRequired":true,"valueName":"search_term_string"}}],"inLanguage":"fr-FR"},{"@type":"Organization","@id":"https:\/\/www.bellunopress.it\/#organization","name":"Bellunopress","url":"https:\/\/www.bellunopress.it\/","logo":{"@type":"ImageObject","inLanguage":"fr-FR","@id":"https:\/\/www.bellunopress.it\/#\/schema\/logo\/image\/","url":"https:\/\/www.bellunopress.it\/wp-content\/uploads\/2011\/05\/cropped-logo-bellunopress-.jpg","contentUrl":"https:\/\/www.bellunopress.it\/wp-content\/uploads\/2011\/05\/cropped-logo-bellunopress-.jpg","width":512,"height":512,"caption":"Bellunopress"},"image":{"@id":"https:\/\/www.bellunopress.it\/#\/schema\/logo\/image\/"},"sameAs":["https:\/\/www.facebook.com\/profile.php?id=100008943462799","https:\/\/x.com\/bellunopress","https:\/\/www.linkedin.com\/hp\/?dnr=JBzUWaJfMUw8vbXJJ2tVW5-I3jZKvC4wsoxE&amp;amp;amp;amp;amp;amp;trk=nav_responsive_tab_home","https:\/\/www.youtube.com\/channel\/UCxL0wu1uN0_3_7hGG0306cw"]},{"@type":"Person","@id":"https:\/\/www.bellunopress.it\/#\/schema\/person\/79bb06722b37ece1c03d3e94beb30d73","name":"r\u00e9daction","image":{"@type":"ImageObject","inLanguage":"fr-FR","@id":"https:\/\/secure.gravatar.com\/avatar\/37d968a2e67a6fd04c169c4bdef102d0bc5d31b2546345219e348575eb80e9a0?s=96&d=mm&r=g","url":"https:\/\/secure.gravatar.com\/avatar\/37d968a2e67a6fd04c169c4bdef102d0bc5d31b2546345219e348575eb80e9a0?s=96&d=mm&r=g","contentUrl":"https:\/\/secure.gravatar.com\/avatar\/37d968a2e67a6fd04c169c4bdef102d0bc5d31b2546345219e348575eb80e9a0?s=96&d=mm&r=g","caption":"redazione"},"sameAs":["http:\/\/www.bellunopress.it","https:\/\/x.com\/bellunopress"],"url":"https:\/\/www.bellunopress.it\/fr\/author\/redazione\/"}]}},"_links":{"self":[{"href":"https:\/\/www.bellunopress.it\/fr\/wp-json\/wp\/v2\/posts\/46912","targetHints":{"allow":["GET"]}}],"collection":[{"href":"https:\/\/www.bellunopress.it\/fr\/wp-json\/wp\/v2\/posts"}],"about":[{"href":"https:\/\/www.bellunopress.it\/fr\/wp-json\/wp\/v2\/types\/post"}],"author":[{"embeddable":true,"href":"https:\/\/www.bellunopress.it\/fr\/wp-json\/wp\/v2\/users\/2"}],"replies":[{"embeddable":true,"href":"https:\/\/www.bellunopress.it\/fr\/wp-json\/wp\/v2\/comments?post=46912"}],"version-history":[{"count":1,"href":"https:\/\/www.bellunopress.it\/fr\/wp-json\/wp\/v2\/posts\/46912\/revisions"}],"predecessor-version":[{"id":46913,"href":"https:\/\/www.bellunopress.it\/fr\/wp-json\/wp\/v2\/posts\/46912\/revisions\/46913"}],"wp:attachment":[{"href":"https:\/\/www.bellunopress.it\/fr\/wp-json\/wp\/v2\/media?parent=46912"}],"wp:term":[{"taxonomy":"category","embeddable":true,"href":"https:\/\/www.bellunopress.it\/fr\/wp-json\/wp\/v2\/categories?post=46912"},{"taxonomy":"post_tag","embeddable":true,"href":"https:\/\/www.bellunopress.it\/fr\/wp-json\/wp\/v2\/tags?post=46912"}],"curies":[{"name":"wp","href":"https:\/\/api.w.org\/{rel}","templated":true}]}}