{"id":46909,"date":"2013-02-19T19:35:56","date_gmt":"2013-02-19T18:35:56","guid":{"rendered":"http:\/\/www.bellunopress.it\/?p=46909"},"modified":"2013-02-19T19:35:56","modified_gmt":"2013-02-19T18:35:56","slug":"cia-confagricoltura-e-confcooperative-belluno-dolomiti-verso-lunificazione","status":"publish","type":"post","link":"https:\/\/www.bellunopress.it\/fr\/2013\/02\/19\/cia-confagricoltura-e-confcooperative-belluno-dolomiti-verso-lunificazione\/","title":{"rendered":"Cia, Confagricoltura e Confcooperative Belluno Dolomiti verso l\u2019unificazione"},"content":{"rendered":"<p><a href=\"http:\/\/www.bellunopress.it\/wp-content\/uploads\/2013\/02\/agrinsieme.jpg\"><img loading=\"lazy\" decoding=\"async\" class=\"alignleft size-full wp-image-46910\" alt=\"agrinsieme\" src=\"http:\/\/www.bellunopress.it\/wp-content\/uploads\/2013\/02\/agrinsieme.jpg\" width=\"190\" height=\"68\" \/><\/a>Oggi, 18 febbraio 2013, a pochi giorni dalla nascita di Agrinsieme Veneto, prove generali di coordinamento territoriale presso la sede bellunese di Confcooperative.<\/p>\n<p>Agrinsieme, l\u2019unione sindacale del settore agricolo nazionale promossa da Cia, Confagricoltura e Alleanza delle cooperative, potenzia e semplifica i processi della rappresentanza di una parte molto significativa del mondo agricolo veneto che, unito, conta 60 mila aziende agricole e quasi 400 cooperative agroalimentari.<\/p>\n<p>E se l\u2019agricoltura \u00e8 un elemento centrale della struttura economica del nostro paese e della nostra regione, ora pi\u00f9 che mai c\u2019\u00e8 bisogno anche nel nostro territorio provinciale di politiche pi\u00f9 attente al settore primario.<\/p>\n<p>Su ci\u00f2 si fonda l\u2019unanime valutazione delle dirigenze provinciali di Cia, Confagricoltura e Confcooperative Belluno Dolomiti che hanno oggi condiviso la necessit\u00e0 di procedere rapidamente verso l\u2019unificazione nel nuovo istituto di rappresentanza per \u201ccontare di pi\u00f9\u201d e stimolare l\u2019attenzione delle Istituzioni sulla centralit\u00e0 del settore agricolo e sulle connessioni che intercorrono tra agricoltura, green economy, ecosostenibilit\u00e0, settore alimentare, salute e turismo. Perch\u00e9 il settore primario ha forti ricadute su diversi ambiti della societ\u00e0: l\u2019agricoltura impegna lavoro qualificato e produce materie prime per il vitale settore alimentare. Ma non solo: ad una corretta gestione dei fondi agricoli si deve la tutela del paesaggio, il contrasto del degrado e dell\u2019aumento della rischiosit\u00e0 idrogeologica e, infine, la promozione socioeconomica dei territori attraverso la valorizzazione dei prodotti locali.<\/p>\n<p>Un progetto che, come espresso da presidenti e direttori delle tra associazioni di rappresentanza dell\u2019agricoltura bellunese, si vuole nasca ambizioso, con una voce comune frutto dell\u2019integrazione s\u00ec di patrimoni ideali diversi ma che, senza uniformarsi, possono incontrarsi con realismo in una strategia che guardi al futuro della nostra provincia.<\/p>\n<p>&nbsp;<\/p>","protected":false},"excerpt":{"rendered":"<p>Oggi, 18 febbraio 2013, a pochi giorni dalla nascita di Agrinsieme Veneto, prove generali di coordinamento territoriale presso la sede bellunese di Confcooperative. Agrinsieme, l\u2019unione sindacale del settore agricolo nazionale promossa da Cia, Confagricoltura e Alleanza delle cooperative, potenzia e semplifica i processi della rappresentanza di una parte molto significativa del mondo agricolo veneto che, [&hellip;]<\/p>\n","protected":false},"author":2,"featured_media":0,"comment_status":"closed","ping_status":"open","sticky":false,"template":"","format":"standard","meta":{"footnotes":""},"categories":[36,26],"tags":[],"class_list":["post-46909","post","type-post","status-publish","format-standard","category-lavoro-economia","category-prima-pagina"],"yoast_head":"<!-- This site is optimized with the Yoast SEO plugin v28.4 - https:\/\/yoast.com\/product\/yoast-seo-wordpress\/ -->\n<title>Cia, Confagricoltura e Confcooperative Belluno Dolomiti verso l\u2019unificazione - Bellunopress - Dolomiti<\/title>\n<meta name=\"robots\" content=\"index, follow, max-snippet:-1, max-image-preview:large, max-video-preview:-1\" \/>\n<link rel=\"canonical\" href=\"https:\/\/www.bellunopress.it\/fr\/2013\/02\/19\/cia-confagricoltura-e-confcooperative-belluno-dolomiti-verso-lunificazione\/\" \/>\n<meta property=\"og:locale\" content=\"fr_FR\" \/>\n<meta property=\"og:type\" content=\"article\" \/>\n<meta property=\"og:title\" content=\"Cia, Confagricoltura e Confcooperative Belluno Dolomiti verso l\u2019unificazione - Bellunopress - Dolomiti\" \/>\n<meta property=\"og:description\" content=\"Oggi, 18 febbraio 2013, a pochi giorni dalla nascita di Agrinsieme Veneto, prove generali di coordinamento territoriale presso la sede bellunese di Confcooperative. Agrinsieme, l\u2019unione sindacale del settore agricolo nazionale promossa da Cia, Confagricoltura e Alleanza delle cooperative, potenzia e semplifica i processi della rappresentanza di una parte molto significativa del mondo agricolo veneto che, [&hellip;]\" \/>\n<meta property=\"og:url\" content=\"https:\/\/www.bellunopress.it\/fr\/2013\/02\/19\/cia-confagricoltura-e-confcooperative-belluno-dolomiti-verso-lunificazione\/\" \/>\n<meta property=\"og:site_name\" content=\"Bellunopress - Dolomiti\" \/>\n<meta property=\"article:publisher\" content=\"https:\/\/www.facebook.com\/profile.php?id=100008943462799\" \/>\n<meta property=\"article:published_time\" content=\"2013-02-19T18:35:56+00:00\" \/>\n<meta property=\"og:image\" content=\"http:\/\/www.bellunopress.it\/wp-content\/uploads\/2013\/02\/agrinsieme.jpg\" \/>\n<meta name=\"author\" content=\"redazione\" \/>\n<meta name=\"twitter:card\" content=\"summary_large_image\" \/>\n<meta name=\"twitter:creator\" content=\"@bellunopress\" \/>\n<meta name=\"twitter:site\" content=\"@bellunopress\" \/>\n<meta name=\"twitter:label1\" content=\"\u00c9crit par\" \/>\n\t<meta name=\"twitter:data1\" content=\"redazione\" \/>\n\t<meta name=\"twitter:label2\" content=\"Dur\u00e9e de lecture estim\u00e9e\" \/>\n\t<meta name=\"twitter:data2\" content=\"1 minute\" \/>\n<script type=\"application\/ld+json\" class=\"yoast-schema-graph\">{\"@context\":\"https:\\\/\\\/schema.org\",\"@graph\":[{\"@type\":\"Article\",\"@id\":\"https:\\\/\\\/www.bellunopress.it\\\/2013\\\/02\\\/19\\\/cia-confagricoltura-e-confcooperative-belluno-dolomiti-verso-lunificazione\\\/#article\",\"isPartOf\":{\"@id\":\"https:\\\/\\\/www.bellunopress.it\\\/2013\\\/02\\\/19\\\/cia-confagricoltura-e-confcooperative-belluno-dolomiti-verso-lunificazione\\\/\"},\"author\":{\"name\":\"redazione\",\"@id\":\"https:\\\/\\\/www.bellunopress.it\\\/#\\\/schema\\\/person\\\/79bb06722b37ece1c03d3e94beb30d73\"},\"headline\":\"Cia, Confagricoltura e Confcooperative Belluno Dolomiti verso l\u2019unificazione\",\"datePublished\":\"2013-02-19T18:35:56+00:00\",\"mainEntityOfPage\":{\"@id\":\"https:\\\/\\\/www.bellunopress.it\\\/2013\\\/02\\\/19\\\/cia-confagricoltura-e-confcooperative-belluno-dolomiti-verso-lunificazione\\\/\"},\"wordCount\":288,\"publisher\":{\"@id\":\"https:\\\/\\\/www.bellunopress.it\\\/#organization\"},\"image\":{\"@id\":\"https:\\\/\\\/www.bellunopress.it\\\/2013\\\/02\\\/19\\\/cia-confagricoltura-e-confcooperative-belluno-dolomiti-verso-lunificazione\\\/#primaryimage\"},\"thumbnailUrl\":\"http:\\\/\\\/www.bellunopress.it\\\/wp-content\\\/uploads\\\/2013\\\/02\\\/agrinsieme.jpg\",\"articleSection\":[\"Lavoro, Economia, Turismo\",\"Prima Pagina\"],\"inLanguage\":\"fr-FR\"},{\"@type\":\"WebPage\",\"@id\":\"https:\\\/\\\/www.bellunopress.it\\\/2013\\\/02\\\/19\\\/cia-confagricoltura-e-confcooperative-belluno-dolomiti-verso-lunificazione\\\/\",\"url\":\"https:\\\/\\\/www.bellunopress.it\\\/2013\\\/02\\\/19\\\/cia-confagricoltura-e-confcooperative-belluno-dolomiti-verso-lunificazione\\\/\",\"name\":\"Cia, Confagricoltura e Confcooperative Belluno Dolomiti verso l\u2019unificazione - Bellunopress - Dolomiti\",\"isPartOf\":{\"@id\":\"https:\\\/\\\/www.bellunopress.it\\\/#website\"},\"primaryImageOfPage\":{\"@id\":\"https:\\\/\\\/www.bellunopress.it\\\/2013\\\/02\\\/19\\\/cia-confagricoltura-e-confcooperative-belluno-dolomiti-verso-lunificazione\\\/#primaryimage\"},\"image\":{\"@id\":\"https:\\\/\\\/www.bellunopress.it\\\/2013\\\/02\\\/19\\\/cia-confagricoltura-e-confcooperative-belluno-dolomiti-verso-lunificazione\\\/#primaryimage\"},\"thumbnailUrl\":\"http:\\\/\\\/www.bellunopress.it\\\/wp-content\\\/uploads\\\/2013\\\/02\\\/agrinsieme.jpg\",\"datePublished\":\"2013-02-19T18:35:56+00:00\",\"breadcrumb\":{\"@id\":\"https:\\\/\\\/www.bellunopress.it\\\/2013\\\/02\\\/19\\\/cia-confagricoltura-e-confcooperative-belluno-dolomiti-verso-lunificazione\\\/#breadcrumb\"},\"inLanguage\":\"fr-FR\",\"potentialAction\":[{\"@type\":\"ReadAction\",\"target\":[\"https:\\\/\\\/www.bellunopress.it\\\/2013\\\/02\\\/19\\\/cia-confagricoltura-e-confcooperative-belluno-dolomiti-verso-lunificazione\\\/\"]}]},{\"@type\":\"ImageObject\",\"inLanguage\":\"fr-FR\",\"@id\":\"https:\\\/\\\/www.bellunopress.it\\\/2013\\\/02\\\/19\\\/cia-confagricoltura-e-confcooperative-belluno-dolomiti-verso-lunificazione\\\/#primaryimage\",\"url\":\"http:\\\/\\\/www.bellunopress.it\\\/wp-content\\\/uploads\\\/2013\\\/02\\\/agrinsieme.jpg\",\"contentUrl\":\"http:\\\/\\\/www.bellunopress.it\\\/wp-content\\\/uploads\\\/2013\\\/02\\\/agrinsieme.jpg\"},{\"@type\":\"BreadcrumbList\",\"@id\":\"https:\\\/\\\/www.bellunopress.it\\\/2013\\\/02\\\/19\\\/cia-confagricoltura-e-confcooperative-belluno-dolomiti-verso-lunificazione\\\/#breadcrumb\",\"itemListElement\":[{\"@type\":\"ListItem\",\"position\":1,\"name\":\"Home\",\"item\":\"https:\\\/\\\/www.bellunopress.it\\\/\"},{\"@type\":\"ListItem\",\"position\":2,\"name\":\"Cia, Confagricoltura e Confcooperative Belluno Dolomiti verso l\u2019unificazione\"}]},{\"@type\":\"WebSite\",\"@id\":\"https:\\\/\\\/www.bellunopress.it\\\/#website\",\"url\":\"https:\\\/\\\/www.bellunopress.it\\\/\",\"name\":\"Bellunopress - Dolomiti\",\"description\":\"e-mail: redazione@bellunopress.it\",\"publisher\":{\"@id\":\"https:\\\/\\\/www.bellunopress.it\\\/#organization\"},\"potentialAction\":[{\"@type\":\"SearchAction\",\"target\":{\"@type\":\"EntryPoint\",\"urlTemplate\":\"https:\\\/\\\/www.bellunopress.it\\\/?s={search_term_string}\"},\"query-input\":{\"@type\":\"PropertyValueSpecification\",\"valueRequired\":true,\"valueName\":\"search_term_string\"}}],\"inLanguage\":\"fr-FR\"},{\"@type\":\"Organization\",\"@id\":\"https:\\\/\\\/www.bellunopress.it\\\/#organization\",\"name\":\"Bellunopress\",\"url\":\"https:\\\/\\\/www.bellunopress.it\\\/\",\"logo\":{\"@type\":\"ImageObject\",\"inLanguage\":\"fr-FR\",\"@id\":\"https:\\\/\\\/www.bellunopress.it\\\/#\\\/schema\\\/logo\\\/image\\\/\",\"url\":\"https:\\\/\\\/www.bellunopress.it\\\/wp-content\\\/uploads\\\/2011\\\/05\\\/cropped-logo-bellunopress-.jpg\",\"contentUrl\":\"https:\\\/\\\/www.bellunopress.it\\\/wp-content\\\/uploads\\\/2011\\\/05\\\/cropped-logo-bellunopress-.jpg\",\"width\":512,\"height\":512,\"caption\":\"Bellunopress\"},\"image\":{\"@id\":\"https:\\\/\\\/www.bellunopress.it\\\/#\\\/schema\\\/logo\\\/image\\\/\"},\"sameAs\":[\"https:\\\/\\\/www.facebook.com\\\/profile.php?id=100008943462799\",\"https:\\\/\\\/x.com\\\/bellunopress\",\"https:\\\/\\\/www.linkedin.com\\\/hp\\\/?dnr=JBzUWaJfMUw8vbXJJ2tVW5-I3jZKvC4wsoxE&amp;amp;amp;amp;amp;amp;trk=nav_responsive_tab_home\",\"https:\\\/\\\/www.youtube.com\\\/channel\\\/UCxL0wu1uN0_3_7hGG0306cw\"]},{\"@type\":\"Person\",\"@id\":\"https:\\\/\\\/www.bellunopress.it\\\/#\\\/schema\\\/person\\\/79bb06722b37ece1c03d3e94beb30d73\",\"name\":\"redazione\",\"image\":{\"@type\":\"ImageObject\",\"inLanguage\":\"fr-FR\",\"@id\":\"https:\\\/\\\/secure.gravatar.com\\\/avatar\\\/37d968a2e67a6fd04c169c4bdef102d0bc5d31b2546345219e348575eb80e9a0?s=96&d=mm&r=g\",\"url\":\"https:\\\/\\\/secure.gravatar.com\\\/avatar\\\/37d968a2e67a6fd04c169c4bdef102d0bc5d31b2546345219e348575eb80e9a0?s=96&d=mm&r=g\",\"contentUrl\":\"https:\\\/\\\/secure.gravatar.com\\\/avatar\\\/37d968a2e67a6fd04c169c4bdef102d0bc5d31b2546345219e348575eb80e9a0?s=96&d=mm&r=g\",\"caption\":\"redazione\"},\"sameAs\":[\"http:\\\/\\\/www.bellunopress.it\",\"https:\\\/\\\/x.com\\\/bellunopress\"],\"url\":\"https:\\\/\\\/www.bellunopress.it\\\/fr\\\/author\\\/redazione\\\/\"}]}<\/script>\n<!-- \/ Yoast SEO plugin. -->","yoast_head_json":{"title":"Cia, Confagricoltura e Confcooperative Belluno Dolomiti verso l\u2019unificazione - Bellunopress - Dolomiti","robots":{"index":"index","follow":"follow","max-snippet":"max-snippet:-1","max-image-preview":"max-image-preview:large","max-video-preview":"max-video-preview:-1"},"canonical":"https:\/\/www.bellunopress.it\/fr\/2013\/02\/19\/cia-confagricoltura-e-confcooperative-belluno-dolomiti-verso-lunificazione\/","og_locale":"fr_FR","og_type":"article","og_title":"Cia, Confagricoltura e Confcooperative Belluno Dolomiti verso l\u2019unificazione - Bellunopress - Dolomiti","og_description":"Oggi, 18 febbraio 2013, a pochi giorni dalla nascita di Agrinsieme Veneto, prove generali di coordinamento territoriale presso la sede bellunese di Confcooperative. Agrinsieme, l\u2019unione sindacale del settore agricolo nazionale promossa da Cia, Confagricoltura e Alleanza delle cooperative, potenzia e semplifica i processi della rappresentanza di una parte molto significativa del mondo agricolo veneto che, [&hellip;]","og_url":"https:\/\/www.bellunopress.it\/fr\/2013\/02\/19\/cia-confagricoltura-e-confcooperative-belluno-dolomiti-verso-lunificazione\/","og_site_name":"Bellunopress - Dolomiti","article_publisher":"https:\/\/www.facebook.com\/profile.php?id=100008943462799","article_published_time":"2013-02-19T18:35:56+00:00","og_image":[{"url":"http:\/\/www.bellunopress.it\/wp-content\/uploads\/2013\/02\/agrinsieme.jpg","type":"","width":"","height":""}],"author":"redazione","twitter_card":"summary_large_image","twitter_creator":"@bellunopress","twitter_site":"@bellunopress","twitter_misc":{"\u00c9crit par":"redazione","Dur\u00e9e de lecture estim\u00e9e":"1 minute"},"schema":{"@context":"https:\/\/schema.org","@graph":[{"@type":"Article","@id":"https:\/\/www.bellunopress.it\/2013\/02\/19\/cia-confagricoltura-e-confcooperative-belluno-dolomiti-verso-lunificazione\/#article","isPartOf":{"@id":"https:\/\/www.bellunopress.it\/2013\/02\/19\/cia-confagricoltura-e-confcooperative-belluno-dolomiti-verso-lunificazione\/"},"author":{"name":"redazione","@id":"https:\/\/www.bellunopress.it\/#\/schema\/person\/79bb06722b37ece1c03d3e94beb30d73"},"headline":"Cia, Confagricoltura e Confcooperative Belluno Dolomiti verso l\u2019unificazione","datePublished":"2013-02-19T18:35:56+00:00","mainEntityOfPage":{"@id":"https:\/\/www.bellunopress.it\/2013\/02\/19\/cia-confagricoltura-e-confcooperative-belluno-dolomiti-verso-lunificazione\/"},"wordCount":288,"publisher":{"@id":"https:\/\/www.bellunopress.it\/#organization"},"image":{"@id":"https:\/\/www.bellunopress.it\/2013\/02\/19\/cia-confagricoltura-e-confcooperative-belluno-dolomiti-verso-lunificazione\/#primaryimage"},"thumbnailUrl":"http:\/\/www.bellunopress.it\/wp-content\/uploads\/2013\/02\/agrinsieme.jpg","articleSection":["Lavoro, Economia, Turismo","Prima Pagina"],"inLanguage":"fr-FR"},{"@type":"WebPage","@id":"https:\/\/www.bellunopress.it\/2013\/02\/19\/cia-confagricoltura-e-confcooperative-belluno-dolomiti-verso-lunificazione\/","url":"https:\/\/www.bellunopress.it\/2013\/02\/19\/cia-confagricoltura-e-confcooperative-belluno-dolomiti-verso-lunificazione\/","name":"Cia, Confagricoltura e Confcooperative Belluno Dolomiti verso l\u2019unificazione - Bellunopress - Dolomiti","isPartOf":{"@id":"https:\/\/www.bellunopress.it\/#website"},"primaryImageOfPage":{"@id":"https:\/\/www.bellunopress.it\/2013\/02\/19\/cia-confagricoltura-e-confcooperative-belluno-dolomiti-verso-lunificazione\/#primaryimage"},"image":{"@id":"https:\/\/www.bellunopress.it\/2013\/02\/19\/cia-confagricoltura-e-confcooperative-belluno-dolomiti-verso-lunificazione\/#primaryimage"},"thumbnailUrl":"http:\/\/www.bellunopress.it\/wp-content\/uploads\/2013\/02\/agrinsieme.jpg","datePublished":"2013-02-19T18:35:56+00:00","breadcrumb":{"@id":"https:\/\/www.bellunopress.it\/2013\/02\/19\/cia-confagricoltura-e-confcooperative-belluno-dolomiti-verso-lunificazione\/#breadcrumb"},"inLanguage":"fr-FR","potentialAction":[{"@type":"ReadAction","target":["https:\/\/www.bellunopress.it\/2013\/02\/19\/cia-confagricoltura-e-confcooperative-belluno-dolomiti-verso-lunificazione\/"]}]},{"@type":"ImageObject","inLanguage":"fr-FR","@id":"https:\/\/www.bellunopress.it\/2013\/02\/19\/cia-confagricoltura-e-confcooperative-belluno-dolomiti-verso-lunificazione\/#primaryimage","url":"http:\/\/www.bellunopress.it\/wp-content\/uploads\/2013\/02\/agrinsieme.jpg","contentUrl":"http:\/\/www.bellunopress.it\/wp-content\/uploads\/2013\/02\/agrinsieme.jpg"},{"@type":"BreadcrumbList","@id":"https:\/\/www.bellunopress.it\/2013\/02\/19\/cia-confagricoltura-e-confcooperative-belluno-dolomiti-verso-lunificazione\/#breadcrumb","itemListElement":[{"@type":"ListItem","position":1,"name":"Home","item":"https:\/\/www.bellunopress.it\/"},{"@type":"ListItem","position":2,"name":"Cia, Confagricoltura e Confcooperative Belluno Dolomiti verso l\u2019unificazione"}]},{"@type":"WebSite","@id":"https:\/\/www.bellunopress.it\/#website","url":"https:\/\/www.bellunopress.it\/","name":"Bellunopress - Dolomiti","description":"e-mail: redazione@bellunopress.it","publisher":{"@id":"https:\/\/www.bellunopress.it\/#organization"},"potentialAction":[{"@type":"SearchAction","target":{"@type":"EntryPoint","urlTemplate":"https:\/\/www.bellunopress.it\/?s={search_term_string}"},"query-input":{"@type":"PropertyValueSpecification","valueRequired":true,"valueName":"search_term_string"}}],"inLanguage":"fr-FR"},{"@type":"Organization","@id":"https:\/\/www.bellunopress.it\/#organization","name":"Bellunopress","url":"https:\/\/www.bellunopress.it\/","logo":{"@type":"ImageObject","inLanguage":"fr-FR","@id":"https:\/\/www.bellunopress.it\/#\/schema\/logo\/image\/","url":"https:\/\/www.bellunopress.it\/wp-content\/uploads\/2011\/05\/cropped-logo-bellunopress-.jpg","contentUrl":"https:\/\/www.bellunopress.it\/wp-content\/uploads\/2011\/05\/cropped-logo-bellunopress-.jpg","width":512,"height":512,"caption":"Bellunopress"},"image":{"@id":"https:\/\/www.bellunopress.it\/#\/schema\/logo\/image\/"},"sameAs":["https:\/\/www.facebook.com\/profile.php?id=100008943462799","https:\/\/x.com\/bellunopress","https:\/\/www.linkedin.com\/hp\/?dnr=JBzUWaJfMUw8vbXJJ2tVW5-I3jZKvC4wsoxE&amp;amp;amp;amp;amp;amp;trk=nav_responsive_tab_home","https:\/\/www.youtube.com\/channel\/UCxL0wu1uN0_3_7hGG0306cw"]},{"@type":"Person","@id":"https:\/\/www.bellunopress.it\/#\/schema\/person\/79bb06722b37ece1c03d3e94beb30d73","name":"r\u00e9daction","image":{"@type":"ImageObject","inLanguage":"fr-FR","@id":"https:\/\/secure.gravatar.com\/avatar\/37d968a2e67a6fd04c169c4bdef102d0bc5d31b2546345219e348575eb80e9a0?s=96&d=mm&r=g","url":"https:\/\/secure.gravatar.com\/avatar\/37d968a2e67a6fd04c169c4bdef102d0bc5d31b2546345219e348575eb80e9a0?s=96&d=mm&r=g","contentUrl":"https:\/\/secure.gravatar.com\/avatar\/37d968a2e67a6fd04c169c4bdef102d0bc5d31b2546345219e348575eb80e9a0?s=96&d=mm&r=g","caption":"redazione"},"sameAs":["http:\/\/www.bellunopress.it","https:\/\/x.com\/bellunopress"],"url":"https:\/\/www.bellunopress.it\/fr\/author\/redazione\/"}]}},"_links":{"self":[{"href":"https:\/\/www.bellunopress.it\/fr\/wp-json\/wp\/v2\/posts\/46909","targetHints":{"allow":["GET"]}}],"collection":[{"href":"https:\/\/www.bellunopress.it\/fr\/wp-json\/wp\/v2\/posts"}],"about":[{"href":"https:\/\/www.bellunopress.it\/fr\/wp-json\/wp\/v2\/types\/post"}],"author":[{"embeddable":true,"href":"https:\/\/www.bellunopress.it\/fr\/wp-json\/wp\/v2\/users\/2"}],"replies":[{"embeddable":true,"href":"https:\/\/www.bellunopress.it\/fr\/wp-json\/wp\/v2\/comments?post=46909"}],"version-history":[{"count":1,"href":"https:\/\/www.bellunopress.it\/fr\/wp-json\/wp\/v2\/posts\/46909\/revisions"}],"predecessor-version":[{"id":46911,"href":"https:\/\/www.bellunopress.it\/fr\/wp-json\/wp\/v2\/posts\/46909\/revisions\/46911"}],"wp:attachment":[{"href":"https:\/\/www.bellunopress.it\/fr\/wp-json\/wp\/v2\/media?parent=46909"}],"wp:term":[{"taxonomy":"category","embeddable":true,"href":"https:\/\/www.bellunopress.it\/fr\/wp-json\/wp\/v2\/categories?post=46909"},{"taxonomy":"post_tag","embeddable":true,"href":"https:\/\/www.bellunopress.it\/fr\/wp-json\/wp\/v2\/tags?post=46909"}],"curies":[{"name":"wp","href":"https:\/\/api.w.org\/{rel}","templated":true}]}}