{"id":46903,"date":"2013-02-19T19:15:04","date_gmt":"2013-02-19T18:15:04","guid":{"rendered":"http:\/\/www.bellunopress.it\/?p=46903"},"modified":"2013-02-19T19:15:04","modified_gmt":"2013-02-19T18:15:04","slug":"in-partenza-i-primi-tirocinanti-allestero-e-avviato-il-secondo-bando-del-progetto-tict","status":"publish","type":"post","link":"https:\/\/www.bellunopress.it\/fr\/2013\/02\/19\/in-partenza-i-primi-tirocinanti-allestero-e-avviato-il-secondo-bando-del-progetto-tict\/","title":{"rendered":"In partenza i primi tirocinanti all&#8217;estero e avviato il secondo bando del progetto Tict"},"content":{"rendered":"<p><strong>In partenza per i Paesi di destinazione dei primi 29 tirocinanti selezionati dal progetto \u201cTICT: tourism and ICT for a sustainable development\u201d, finanziato dal programma Leonardo da Vinci. Pubblicato il bando per ulteriori 30 tirocini. La scadenza per presentare le candidature fissata per il 15 marzo prossimo.<\/strong><\/p>\n<figure id=\"attachment_1866\" aria-describedby=\"caption-attachment-1866\" style=\"width: 270px\" class=\"wp-caption alignleft\"><a href=\"http:\/\/www.bellunopress.it\/wp-content\/uploads\/2009\/03\/palazzo-piloni-sede-provincia.jpg\"><img loading=\"lazy\" decoding=\"async\" class=\"size-full wp-image-1866\" alt=\"Palazzo Piloni sede della Provincia\" src=\"http:\/\/www.bellunopress.it\/wp-content\/uploads\/2009\/03\/palazzo-piloni-sede-provincia.jpg\" width=\"270\" height=\"180\" \/><\/a><figcaption id=\"caption-attachment-1866\" class=\"wp-caption-text\">Palazzo Piloni sede della Provincia<\/figcaption><\/figure>\n<p>Entro il 24 febbraio tutti e 29 i tirocinanti selezionati con il primo bando del progetto \u201cTICT: tourism and ICT for a sustainable development\u201d arriveranno nei Paesi di destinazione dove svolgeranno il proprio tirocinio formativo nei settori del turismo e dell&#8217;Information Tecnology.<\/p>\n<p>Finalit\u00e0 del progetto, finanziato dal programma comunitario LLP-Leonardo da Vinci, \u00e8 quella di sostenere coloro che partecipano ad attivit\u00e0 di formazione e apprendimento continuo nell&#8217;acquisizione di conoscenze, competenze e qualifiche per facilitare lo sviluppo personale, l&#8217;occupabilit\u00e0 e la partecipazione al mercato del lavoro europeo.<\/p>\n<p>Grazie a questo progetto l&#8217;Amministrazione provinciale di Belluno ha potuto mettere a bando le borse di tirocinio all&#8217;estero della durata di 13 settimane che sono state assegnate a 17 ragazze e 12 ragazzi dai 18 ai 35 anni che hanno superato tutte le selezioni previste dal bando. Infatti, sono state in totale 247 le domande di candidatura arrivate ed i 29 giovani sono stati selezionati dopo aver accertato il possesso dei requisiti richiesti dal bando (titolo di studio, esperienze professionali e non, livello linguistico, ecc.) sia mediante l&#8217;analisi dei curriculum che attraverso colloqui individuali. Le partenze per questa prima selezione avverranno tra il 21 e il 24 febbraio 2013 per cinque destinazioni europee differenti: Irlanda, Spagna, Repubblica Ceca, Ungheria e Grecia.<\/p>\n<p>&nbsp;<\/p>\n<p>Il progetto per\u00f2 non si \u00e8 concluso: da venerd\u00ec 15 febbraio \u00e8 pubblicato sul sito della Provincia il secondo bando per ulteriori 30 tirocini che si svolgeranno nei seguenti Paesi: Spagna, Repubblica Ceca, Grecia, Lituania e Inghilterra.<\/p>\n<p>&nbsp;<\/p>\n<p>La scadenza per presentare le domande di candidatura \u00e8 prevista per il 15 marzo mentre le partenze dei tirocini per questo secondo bando avverranno tra il 18 e il 26 maggio prossimo.<\/p>\n<p>&nbsp;<\/p>\n<p>Per eventuali informazioni \u00e8 possibile rivolgersi all&#8217;Ufficio Politiche Giovanili, telefono 0437.959207, e-mail: g.demarchi@provincia.belluno.it.<\/p>\n<p>&nbsp;<\/p>","protected":false},"excerpt":{"rendered":"<p>In partenza per i Paesi di destinazione dei primi 29 tirocinanti selezionati dal progetto \u201cTICT: tourism and ICT for a sustainable development\u201d, finanziato dal programma Leonardo da Vinci. Pubblicato il bando per ulteriori 30 tirocini. La scadenza per presentare le candidature fissata per il 15 marzo prossimo. Entro il 24 febbraio tutti e 29 i [&hellip;]<\/p>\n","protected":false},"author":2,"featured_media":0,"comment_status":"closed","ping_status":"open","sticky":false,"template":"","format":"standard","meta":{"footnotes":""},"categories":[36,26,15],"tags":[],"class_list":["post-46903","post","type-post","status-publish","format-standard","category-lavoro-economia","category-prima-pagina","category-scuola"],"yoast_head":"<!-- This site is optimized with the Yoast SEO plugin v28.4 - https:\/\/yoast.com\/product\/yoast-seo-wordpress\/ -->\n<title>In partenza i primi tirocinanti all&#039;estero e avviato il secondo bando del progetto Tict - Bellunopress - Dolomiti<\/title>\n<meta name=\"robots\" content=\"index, follow, max-snippet:-1, max-image-preview:large, max-video-preview:-1\" \/>\n<link rel=\"canonical\" href=\"https:\/\/www.bellunopress.it\/fr\/2013\/02\/19\/in-partenza-i-primi-tirocinanti-allestero-e-avviato-il-secondo-bando-del-progetto-tict\/\" \/>\n<meta property=\"og:locale\" content=\"fr_FR\" \/>\n<meta property=\"og:type\" content=\"article\" \/>\n<meta property=\"og:title\" content=\"In partenza i primi tirocinanti all&#039;estero e avviato il secondo bando del progetto Tict - Bellunopress - Dolomiti\" \/>\n<meta property=\"og:description\" content=\"In partenza per i Paesi di destinazione dei primi 29 tirocinanti selezionati dal progetto \u201cTICT: tourism and ICT for a sustainable development\u201d, finanziato dal programma Leonardo da Vinci. Pubblicato il bando per ulteriori 30 tirocini. La scadenza per presentare le candidature fissata per il 15 marzo prossimo. Entro il 24 febbraio tutti e 29 i [&hellip;]\" \/>\n<meta property=\"og:url\" content=\"https:\/\/www.bellunopress.it\/fr\/2013\/02\/19\/in-partenza-i-primi-tirocinanti-allestero-e-avviato-il-secondo-bando-del-progetto-tict\/\" \/>\n<meta property=\"og:site_name\" content=\"Bellunopress - Dolomiti\" \/>\n<meta property=\"article:publisher\" content=\"https:\/\/www.facebook.com\/profile.php?id=100008943462799\" \/>\n<meta property=\"article:published_time\" content=\"2013-02-19T18:15:04+00:00\" \/>\n<meta property=\"og:image\" content=\"http:\/\/www.bellunopress.it\/wp-content\/uploads\/2009\/03\/palazzo-piloni-sede-provincia.jpg\" \/>\n<meta name=\"author\" content=\"redazione\" \/>\n<meta name=\"twitter:card\" content=\"summary_large_image\" \/>\n<meta name=\"twitter:creator\" content=\"@bellunopress\" \/>\n<meta name=\"twitter:site\" content=\"@bellunopress\" \/>\n<meta name=\"twitter:label1\" content=\"\u00c9crit par\" \/>\n\t<meta name=\"twitter:data1\" content=\"redazione\" \/>\n\t<meta name=\"twitter:label2\" content=\"Dur\u00e9e de lecture estim\u00e9e\" \/>\n\t<meta name=\"twitter:data2\" content=\"2 minutes\" \/>\n<script type=\"application\/ld+json\" class=\"yoast-schema-graph\">{\"@context\":\"https:\\\/\\\/schema.org\",\"@graph\":[{\"@type\":\"Article\",\"@id\":\"https:\\\/\\\/www.bellunopress.it\\\/2013\\\/02\\\/19\\\/in-partenza-i-primi-tirocinanti-allestero-e-avviato-il-secondo-bando-del-progetto-tict\\\/#article\",\"isPartOf\":{\"@id\":\"https:\\\/\\\/www.bellunopress.it\\\/2013\\\/02\\\/19\\\/in-partenza-i-primi-tirocinanti-allestero-e-avviato-il-secondo-bando-del-progetto-tict\\\/\"},\"author\":{\"name\":\"redazione\",\"@id\":\"https:\\\/\\\/www.bellunopress.it\\\/#\\\/schema\\\/person\\\/79bb06722b37ece1c03d3e94beb30d73\"},\"headline\":\"In partenza i primi tirocinanti all&#8217;estero e avviato il secondo bando del progetto Tict\",\"datePublished\":\"2013-02-19T18:15:04+00:00\",\"mainEntityOfPage\":{\"@id\":\"https:\\\/\\\/www.bellunopress.it\\\/2013\\\/02\\\/19\\\/in-partenza-i-primi-tirocinanti-allestero-e-avviato-il-secondo-bando-del-progetto-tict\\\/\"},\"wordCount\":352,\"publisher\":{\"@id\":\"https:\\\/\\\/www.bellunopress.it\\\/#organization\"},\"image\":{\"@id\":\"https:\\\/\\\/www.bellunopress.it\\\/2013\\\/02\\\/19\\\/in-partenza-i-primi-tirocinanti-allestero-e-avviato-il-secondo-bando-del-progetto-tict\\\/#primaryimage\"},\"thumbnailUrl\":\"http:\\\/\\\/www.bellunopress.it\\\/wp-content\\\/uploads\\\/2009\\\/03\\\/palazzo-piloni-sede-provincia.jpg\",\"articleSection\":[\"Lavoro, Economia, Turismo\",\"Prima Pagina\",\"Scuola\"],\"inLanguage\":\"fr-FR\"},{\"@type\":\"WebPage\",\"@id\":\"https:\\\/\\\/www.bellunopress.it\\\/2013\\\/02\\\/19\\\/in-partenza-i-primi-tirocinanti-allestero-e-avviato-il-secondo-bando-del-progetto-tict\\\/\",\"url\":\"https:\\\/\\\/www.bellunopress.it\\\/2013\\\/02\\\/19\\\/in-partenza-i-primi-tirocinanti-allestero-e-avviato-il-secondo-bando-del-progetto-tict\\\/\",\"name\":\"In partenza i primi tirocinanti all'estero e avviato il secondo bando del progetto Tict - Bellunopress - Dolomiti\",\"isPartOf\":{\"@id\":\"https:\\\/\\\/www.bellunopress.it\\\/#website\"},\"primaryImageOfPage\":{\"@id\":\"https:\\\/\\\/www.bellunopress.it\\\/2013\\\/02\\\/19\\\/in-partenza-i-primi-tirocinanti-allestero-e-avviato-il-secondo-bando-del-progetto-tict\\\/#primaryimage\"},\"image\":{\"@id\":\"https:\\\/\\\/www.bellunopress.it\\\/2013\\\/02\\\/19\\\/in-partenza-i-primi-tirocinanti-allestero-e-avviato-il-secondo-bando-del-progetto-tict\\\/#primaryimage\"},\"thumbnailUrl\":\"http:\\\/\\\/www.bellunopress.it\\\/wp-content\\\/uploads\\\/2009\\\/03\\\/palazzo-piloni-sede-provincia.jpg\",\"datePublished\":\"2013-02-19T18:15:04+00:00\",\"breadcrumb\":{\"@id\":\"https:\\\/\\\/www.bellunopress.it\\\/2013\\\/02\\\/19\\\/in-partenza-i-primi-tirocinanti-allestero-e-avviato-il-secondo-bando-del-progetto-tict\\\/#breadcrumb\"},\"inLanguage\":\"fr-FR\",\"potentialAction\":[{\"@type\":\"ReadAction\",\"target\":[\"https:\\\/\\\/www.bellunopress.it\\\/2013\\\/02\\\/19\\\/in-partenza-i-primi-tirocinanti-allestero-e-avviato-il-secondo-bando-del-progetto-tict\\\/\"]}]},{\"@type\":\"ImageObject\",\"inLanguage\":\"fr-FR\",\"@id\":\"https:\\\/\\\/www.bellunopress.it\\\/2013\\\/02\\\/19\\\/in-partenza-i-primi-tirocinanti-allestero-e-avviato-il-secondo-bando-del-progetto-tict\\\/#primaryimage\",\"url\":\"http:\\\/\\\/www.bellunopress.it\\\/wp-content\\\/uploads\\\/2009\\\/03\\\/palazzo-piloni-sede-provincia.jpg\",\"contentUrl\":\"http:\\\/\\\/www.bellunopress.it\\\/wp-content\\\/uploads\\\/2009\\\/03\\\/palazzo-piloni-sede-provincia.jpg\"},{\"@type\":\"BreadcrumbList\",\"@id\":\"https:\\\/\\\/www.bellunopress.it\\\/2013\\\/02\\\/19\\\/in-partenza-i-primi-tirocinanti-allestero-e-avviato-il-secondo-bando-del-progetto-tict\\\/#breadcrumb\",\"itemListElement\":[{\"@type\":\"ListItem\",\"position\":1,\"name\":\"Home\",\"item\":\"https:\\\/\\\/www.bellunopress.it\\\/\"},{\"@type\":\"ListItem\",\"position\":2,\"name\":\"In partenza i primi tirocinanti all&#8217;estero e avviato il secondo bando del progetto Tict\"}]},{\"@type\":\"WebSite\",\"@id\":\"https:\\\/\\\/www.bellunopress.it\\\/#website\",\"url\":\"https:\\\/\\\/www.bellunopress.it\\\/\",\"name\":\"Bellunopress - Dolomiti\",\"description\":\"e-mail: redazione@bellunopress.it\",\"publisher\":{\"@id\":\"https:\\\/\\\/www.bellunopress.it\\\/#organization\"},\"potentialAction\":[{\"@type\":\"SearchAction\",\"target\":{\"@type\":\"EntryPoint\",\"urlTemplate\":\"https:\\\/\\\/www.bellunopress.it\\\/?s={search_term_string}\"},\"query-input\":{\"@type\":\"PropertyValueSpecification\",\"valueRequired\":true,\"valueName\":\"search_term_string\"}}],\"inLanguage\":\"fr-FR\"},{\"@type\":\"Organization\",\"@id\":\"https:\\\/\\\/www.bellunopress.it\\\/#organization\",\"name\":\"Bellunopress\",\"url\":\"https:\\\/\\\/www.bellunopress.it\\\/\",\"logo\":{\"@type\":\"ImageObject\",\"inLanguage\":\"fr-FR\",\"@id\":\"https:\\\/\\\/www.bellunopress.it\\\/#\\\/schema\\\/logo\\\/image\\\/\",\"url\":\"https:\\\/\\\/www.bellunopress.it\\\/wp-content\\\/uploads\\\/2011\\\/05\\\/cropped-logo-bellunopress-.jpg\",\"contentUrl\":\"https:\\\/\\\/www.bellunopress.it\\\/wp-content\\\/uploads\\\/2011\\\/05\\\/cropped-logo-bellunopress-.jpg\",\"width\":512,\"height\":512,\"caption\":\"Bellunopress\"},\"image\":{\"@id\":\"https:\\\/\\\/www.bellunopress.it\\\/#\\\/schema\\\/logo\\\/image\\\/\"},\"sameAs\":[\"https:\\\/\\\/www.facebook.com\\\/profile.php?id=100008943462799\",\"https:\\\/\\\/x.com\\\/bellunopress\",\"https:\\\/\\\/www.linkedin.com\\\/hp\\\/?dnr=JBzUWaJfMUw8vbXJJ2tVW5-I3jZKvC4wsoxE&amp;amp;amp;amp;amp;amp;trk=nav_responsive_tab_home\",\"https:\\\/\\\/www.youtube.com\\\/channel\\\/UCxL0wu1uN0_3_7hGG0306cw\"]},{\"@type\":\"Person\",\"@id\":\"https:\\\/\\\/www.bellunopress.it\\\/#\\\/schema\\\/person\\\/79bb06722b37ece1c03d3e94beb30d73\",\"name\":\"redazione\",\"image\":{\"@type\":\"ImageObject\",\"inLanguage\":\"fr-FR\",\"@id\":\"https:\\\/\\\/secure.gravatar.com\\\/avatar\\\/37d968a2e67a6fd04c169c4bdef102d0bc5d31b2546345219e348575eb80e9a0?s=96&d=mm&r=g\",\"url\":\"https:\\\/\\\/secure.gravatar.com\\\/avatar\\\/37d968a2e67a6fd04c169c4bdef102d0bc5d31b2546345219e348575eb80e9a0?s=96&d=mm&r=g\",\"contentUrl\":\"https:\\\/\\\/secure.gravatar.com\\\/avatar\\\/37d968a2e67a6fd04c169c4bdef102d0bc5d31b2546345219e348575eb80e9a0?s=96&d=mm&r=g\",\"caption\":\"redazione\"},\"sameAs\":[\"http:\\\/\\\/www.bellunopress.it\",\"https:\\\/\\\/x.com\\\/bellunopress\"],\"url\":\"https:\\\/\\\/www.bellunopress.it\\\/fr\\\/author\\\/redazione\\\/\"}]}<\/script>\n<!-- \/ Yoast SEO plugin. -->","yoast_head_json":{"title":"In partenza i primi tirocinanti all'estero e avviato il secondo bando del progetto Tict - Bellunopress - Dolomiti","robots":{"index":"index","follow":"follow","max-snippet":"max-snippet:-1","max-image-preview":"max-image-preview:large","max-video-preview":"max-video-preview:-1"},"canonical":"https:\/\/www.bellunopress.it\/fr\/2013\/02\/19\/in-partenza-i-primi-tirocinanti-allestero-e-avviato-il-secondo-bando-del-progetto-tict\/","og_locale":"fr_FR","og_type":"article","og_title":"In partenza i primi tirocinanti all'estero e avviato il secondo bando del progetto Tict - Bellunopress - Dolomiti","og_description":"In partenza per i Paesi di destinazione dei primi 29 tirocinanti selezionati dal progetto \u201cTICT: tourism and ICT for a sustainable development\u201d, finanziato dal programma Leonardo da Vinci. Pubblicato il bando per ulteriori 30 tirocini. La scadenza per presentare le candidature fissata per il 15 marzo prossimo. Entro il 24 febbraio tutti e 29 i [&hellip;]","og_url":"https:\/\/www.bellunopress.it\/fr\/2013\/02\/19\/in-partenza-i-primi-tirocinanti-allestero-e-avviato-il-secondo-bando-del-progetto-tict\/","og_site_name":"Bellunopress - Dolomiti","article_publisher":"https:\/\/www.facebook.com\/profile.php?id=100008943462799","article_published_time":"2013-02-19T18:15:04+00:00","og_image":[{"url":"http:\/\/www.bellunopress.it\/wp-content\/uploads\/2009\/03\/palazzo-piloni-sede-provincia.jpg","type":"","width":"","height":""}],"author":"redazione","twitter_card":"summary_large_image","twitter_creator":"@bellunopress","twitter_site":"@bellunopress","twitter_misc":{"\u00c9crit par":"redazione","Dur\u00e9e de lecture estim\u00e9e":"2 minutes"},"schema":{"@context":"https:\/\/schema.org","@graph":[{"@type":"Article","@id":"https:\/\/www.bellunopress.it\/2013\/02\/19\/in-partenza-i-primi-tirocinanti-allestero-e-avviato-il-secondo-bando-del-progetto-tict\/#article","isPartOf":{"@id":"https:\/\/www.bellunopress.it\/2013\/02\/19\/in-partenza-i-primi-tirocinanti-allestero-e-avviato-il-secondo-bando-del-progetto-tict\/"},"author":{"name":"redazione","@id":"https:\/\/www.bellunopress.it\/#\/schema\/person\/79bb06722b37ece1c03d3e94beb30d73"},"headline":"In partenza i primi tirocinanti all&#8217;estero e avviato il secondo bando del progetto Tict","datePublished":"2013-02-19T18:15:04+00:00","mainEntityOfPage":{"@id":"https:\/\/www.bellunopress.it\/2013\/02\/19\/in-partenza-i-primi-tirocinanti-allestero-e-avviato-il-secondo-bando-del-progetto-tict\/"},"wordCount":352,"publisher":{"@id":"https:\/\/www.bellunopress.it\/#organization"},"image":{"@id":"https:\/\/www.bellunopress.it\/2013\/02\/19\/in-partenza-i-primi-tirocinanti-allestero-e-avviato-il-secondo-bando-del-progetto-tict\/#primaryimage"},"thumbnailUrl":"http:\/\/www.bellunopress.it\/wp-content\/uploads\/2009\/03\/palazzo-piloni-sede-provincia.jpg","articleSection":["Lavoro, Economia, Turismo","Prima Pagina","Scuola"],"inLanguage":"fr-FR"},{"@type":"WebPage","@id":"https:\/\/www.bellunopress.it\/2013\/02\/19\/in-partenza-i-primi-tirocinanti-allestero-e-avviato-il-secondo-bando-del-progetto-tict\/","url":"https:\/\/www.bellunopress.it\/2013\/02\/19\/in-partenza-i-primi-tirocinanti-allestero-e-avviato-il-secondo-bando-del-progetto-tict\/","name":"In partenza i primi tirocinanti all'estero e avviato il secondo bando del progetto Tict - Bellunopress - Dolomiti","isPartOf":{"@id":"https:\/\/www.bellunopress.it\/#website"},"primaryImageOfPage":{"@id":"https:\/\/www.bellunopress.it\/2013\/02\/19\/in-partenza-i-primi-tirocinanti-allestero-e-avviato-il-secondo-bando-del-progetto-tict\/#primaryimage"},"image":{"@id":"https:\/\/www.bellunopress.it\/2013\/02\/19\/in-partenza-i-primi-tirocinanti-allestero-e-avviato-il-secondo-bando-del-progetto-tict\/#primaryimage"},"thumbnailUrl":"http:\/\/www.bellunopress.it\/wp-content\/uploads\/2009\/03\/palazzo-piloni-sede-provincia.jpg","datePublished":"2013-02-19T18:15:04+00:00","breadcrumb":{"@id":"https:\/\/www.bellunopress.it\/2013\/02\/19\/in-partenza-i-primi-tirocinanti-allestero-e-avviato-il-secondo-bando-del-progetto-tict\/#breadcrumb"},"inLanguage":"fr-FR","potentialAction":[{"@type":"ReadAction","target":["https:\/\/www.bellunopress.it\/2013\/02\/19\/in-partenza-i-primi-tirocinanti-allestero-e-avviato-il-secondo-bando-del-progetto-tict\/"]}]},{"@type":"ImageObject","inLanguage":"fr-FR","@id":"https:\/\/www.bellunopress.it\/2013\/02\/19\/in-partenza-i-primi-tirocinanti-allestero-e-avviato-il-secondo-bando-del-progetto-tict\/#primaryimage","url":"http:\/\/www.bellunopress.it\/wp-content\/uploads\/2009\/03\/palazzo-piloni-sede-provincia.jpg","contentUrl":"http:\/\/www.bellunopress.it\/wp-content\/uploads\/2009\/03\/palazzo-piloni-sede-provincia.jpg"},{"@type":"BreadcrumbList","@id":"https:\/\/www.bellunopress.it\/2013\/02\/19\/in-partenza-i-primi-tirocinanti-allestero-e-avviato-il-secondo-bando-del-progetto-tict\/#breadcrumb","itemListElement":[{"@type":"ListItem","position":1,"name":"Home","item":"https:\/\/www.bellunopress.it\/"},{"@type":"ListItem","position":2,"name":"In partenza i primi tirocinanti all&#8217;estero e avviato il secondo bando del progetto Tict"}]},{"@type":"WebSite","@id":"https:\/\/www.bellunopress.it\/#website","url":"https:\/\/www.bellunopress.it\/","name":"Bellunopress - Dolomiti","description":"e-mail: redazione@bellunopress.it","publisher":{"@id":"https:\/\/www.bellunopress.it\/#organization"},"potentialAction":[{"@type":"SearchAction","target":{"@type":"EntryPoint","urlTemplate":"https:\/\/www.bellunopress.it\/?s={search_term_string}"},"query-input":{"@type":"PropertyValueSpecification","valueRequired":true,"valueName":"search_term_string"}}],"inLanguage":"fr-FR"},{"@type":"Organization","@id":"https:\/\/www.bellunopress.it\/#organization","name":"Bellunopress","url":"https:\/\/www.bellunopress.it\/","logo":{"@type":"ImageObject","inLanguage":"fr-FR","@id":"https:\/\/www.bellunopress.it\/#\/schema\/logo\/image\/","url":"https:\/\/www.bellunopress.it\/wp-content\/uploads\/2011\/05\/cropped-logo-bellunopress-.jpg","contentUrl":"https:\/\/www.bellunopress.it\/wp-content\/uploads\/2011\/05\/cropped-logo-bellunopress-.jpg","width":512,"height":512,"caption":"Bellunopress"},"image":{"@id":"https:\/\/www.bellunopress.it\/#\/schema\/logo\/image\/"},"sameAs":["https:\/\/www.facebook.com\/profile.php?id=100008943462799","https:\/\/x.com\/bellunopress","https:\/\/www.linkedin.com\/hp\/?dnr=JBzUWaJfMUw8vbXJJ2tVW5-I3jZKvC4wsoxE&amp;amp;amp;amp;amp;amp;trk=nav_responsive_tab_home","https:\/\/www.youtube.com\/channel\/UCxL0wu1uN0_3_7hGG0306cw"]},{"@type":"Person","@id":"https:\/\/www.bellunopress.it\/#\/schema\/person\/79bb06722b37ece1c03d3e94beb30d73","name":"r\u00e9daction","image":{"@type":"ImageObject","inLanguage":"fr-FR","@id":"https:\/\/secure.gravatar.com\/avatar\/37d968a2e67a6fd04c169c4bdef102d0bc5d31b2546345219e348575eb80e9a0?s=96&d=mm&r=g","url":"https:\/\/secure.gravatar.com\/avatar\/37d968a2e67a6fd04c169c4bdef102d0bc5d31b2546345219e348575eb80e9a0?s=96&d=mm&r=g","contentUrl":"https:\/\/secure.gravatar.com\/avatar\/37d968a2e67a6fd04c169c4bdef102d0bc5d31b2546345219e348575eb80e9a0?s=96&d=mm&r=g","caption":"redazione"},"sameAs":["http:\/\/www.bellunopress.it","https:\/\/x.com\/bellunopress"],"url":"https:\/\/www.bellunopress.it\/fr\/author\/redazione\/"}]}},"_links":{"self":[{"href":"https:\/\/www.bellunopress.it\/fr\/wp-json\/wp\/v2\/posts\/46903","targetHints":{"allow":["GET"]}}],"collection":[{"href":"https:\/\/www.bellunopress.it\/fr\/wp-json\/wp\/v2\/posts"}],"about":[{"href":"https:\/\/www.bellunopress.it\/fr\/wp-json\/wp\/v2\/types\/post"}],"author":[{"embeddable":true,"href":"https:\/\/www.bellunopress.it\/fr\/wp-json\/wp\/v2\/users\/2"}],"replies":[{"embeddable":true,"href":"https:\/\/www.bellunopress.it\/fr\/wp-json\/wp\/v2\/comments?post=46903"}],"version-history":[{"count":1,"href":"https:\/\/www.bellunopress.it\/fr\/wp-json\/wp\/v2\/posts\/46903\/revisions"}],"predecessor-version":[{"id":46904,"href":"https:\/\/www.bellunopress.it\/fr\/wp-json\/wp\/v2\/posts\/46903\/revisions\/46904"}],"wp:attachment":[{"href":"https:\/\/www.bellunopress.it\/fr\/wp-json\/wp\/v2\/media?parent=46903"}],"wp:term":[{"taxonomy":"category","embeddable":true,"href":"https:\/\/www.bellunopress.it\/fr\/wp-json\/wp\/v2\/categories?post=46903"},{"taxonomy":"post_tag","embeddable":true,"href":"https:\/\/www.bellunopress.it\/fr\/wp-json\/wp\/v2\/tags?post=46903"}],"curies":[{"name":"wp","href":"https:\/\/api.w.org\/{rel}","templated":true}]}}