{"id":46900,"date":"2013-02-21T06:53:43","date_gmt":"2013-02-21T05:53:43","guid":{"rendered":"http:\/\/www.bellunopress.it\/?p=46900"},"modified":"2013-02-21T10:38:07","modified_gmt":"2013-02-21T09:38:07","slug":"opel-adam-in-tour-questo-fine-settimana-la-concessionaria-rova-presenta-la-nuova-citycar-a-belluno-e-ponte-nelle-alpi","status":"publish","type":"post","link":"https:\/\/www.bellunopress.it\/fr\/2013\/02\/21\/opel-adam-in-tour-questo-fine-settimana-la-concessionaria-rova-presenta-la-nuova-citycar-a-belluno-e-ponte-nelle-alpi\/","title":{"rendered":"Opel Adam in tour. Questo fine settimana la Concessionaria Rova presenta la nuova citycar a Belluno e Ponte nelle Alpi"},"content":{"rendered":"<p>Rova srl, concessionario Opel per la provincia di Belluno dal 1967 con salone in via Tiziano Vecellio, n. 77, presenta la nuova e sorprendente Opel Adam.<\/p>\n<p>Questo fine settimana la nuova citycar della Opel dalle innumerevoli personalizzazioni effettuer\u00e0 il tour bellunese con 4 tappe:<\/p>\n<p><strong>&#8211; venerd\u00ec 22 febbraio alle ore 18.00 al Bar Mendoza di Belluno, in via Vittorio Veneto (Baldenich);<\/strong><\/p>\n<p><strong>&#8211; sabato 23 febbraio alle ore 10.30 nella centrale piazza dei Martiri a Belluno;<\/strong><\/p>\n<p><strong>&#8211; sabato 23 febbraio alle ore 17.00 al Bar Bivio di Ponte nelle Alpi;<\/strong><\/p>\n<p><strong>&#8211; sabato 23 febbraio alle ore 19.30 al caff\u00e8 Deon in piazza dei Martiri a Belluno;<\/strong><\/p>\n<p><a href=\"http:\/\/www.bellunopress.it\/wp-content\/uploads\/2013\/02\/opel-adam.jpg\"><img loading=\"lazy\" decoding=\"async\" class=\"alignleft size-full wp-image-46901\" alt=\"opel adam\" src=\"http:\/\/www.bellunopress.it\/wp-content\/uploads\/2013\/02\/opel-adam.jpg\" width=\"300\" height=\"115\" \/><\/a>La nuova Opel Adam ne ha da raccontate di tutti i colori. Con la sua formidabile scala di combinazioni cromatiche e le sue molteplici personalizzazioni sar\u00e0 in grado di soddisfare i vostri desideri. La carrozzeria si pu\u00f2 scegliere tra 12 tinte, con 3 colorazioni del tetto che a sua volta pu\u00f2 essere semplice o panoramico oscurato. E pi\u00f9 di 30 disegni dei cerchi ruota, con sei clip colorate. L&#8217;abitacolo premium offre 4 colori base, 15 disegni dei sedili, 19 rivestimenti di vario genere (il tetto in 3 motivi stampati e uno illuminato da 64 led con effetto cielo stellato), + 8 colori a scelta per dare luce all&#8217;abitacolo, cambiandone l&#8217;atmosfera.<\/p>\n<p>L&#8217;Opel Adam \u00e8 disponibile in due motorizzazioni a benzina 1.2 da 70 cv e 1.4 da 100 cv. E&#8217; lunga 3,70 metri e larga 1,72. Nella dotazione, di serie e a richiesta, ci sono vari dispositivi elettronici per il comfort e la sicurezza, quali l&#8217;Esp Plus (multifunzione), il Traction Control, l&#8217;Hill Start Assist, l&#8217;Advanced Park Assistant, il Side Blind Spot Alert e l&#8217;IntelliLink (sistema che integra gli smartphone a base iPhone\/Android con connettivit\u00e0 da USB o Bluetooth per MP3, iPod e iPad ed anche il navigatore BringGo). A listino, la Adam \u00e8 proposta in tre allestimenti, Jam, Glam e Slam, ovviamente colorati. Ad un prezzo base di 11.750 euro chiavi in mano, e la Slam 1.4 a 15.250.<\/p>\n<p><a href=\"http:\/\/www.rovasrl.it\/\">http:\/\/www.rovasrl.it\/<\/a><\/p>\n<p>per saperne di pi\u00f9 <a href=\"http:\/\/www.opel.it\">www.opel.it<\/a><\/p>\n<p>&nbsp;<\/p>","protected":false},"excerpt":{"rendered":"<p>Rova srl, concessionario Opel per la provincia di Belluno dal 1967 con salone in via Tiziano Vecellio, n. 77, presenta la nuova e sorprendente Opel Adam. Questo fine settimana la nuova citycar della Opel dalle innumerevoli personalizzazioni effettuer\u00e0 il tour bellunese con 4 tappe: &#8211; venerd\u00ec 22 febbraio alle ore 18.00 al Bar Mendoza di [&hellip;]<\/p>\n","protected":false},"author":2,"featured_media":0,"comment_status":"closed","ping_status":"open","sticky":false,"template":"","format":"standard","meta":{"footnotes":""},"categories":[27,25,50],"tags":[],"class_list":["post-46900","post","type-post","status-publish","format-standard","category-appuntamenti","category-pausa-caffe","category-pubbliredazionali"],"yoast_head":"<!-- This site is optimized with the Yoast SEO plugin v28.4 - https:\/\/yoast.com\/product\/yoast-seo-wordpress\/ -->\n<title>Opel Adam in tour. Questo fine settimana la Concessionaria Rova presenta la nuova citycar a Belluno e Ponte nelle Alpi - Bellunopress - Dolomiti<\/title>\n<meta name=\"robots\" content=\"index, follow, max-snippet:-1, max-image-preview:large, max-video-preview:-1\" \/>\n<link rel=\"canonical\" href=\"https:\/\/www.bellunopress.it\/fr\/2013\/02\/21\/opel-adam-in-tour-questo-fine-settimana-la-concessionaria-rova-presenta-la-nuova-citycar-a-belluno-e-ponte-nelle-alpi\/\" \/>\n<meta property=\"og:locale\" content=\"fr_FR\" \/>\n<meta property=\"og:type\" content=\"article\" \/>\n<meta property=\"og:title\" content=\"Opel Adam in tour. Questo fine settimana la Concessionaria Rova presenta la nuova citycar a Belluno e Ponte nelle Alpi - Bellunopress - Dolomiti\" \/>\n<meta property=\"og:description\" content=\"Rova srl, concessionario Opel per la provincia di Belluno dal 1967 con salone in via Tiziano Vecellio, n. 77, presenta la nuova e sorprendente Opel Adam. Questo fine settimana la nuova citycar della Opel dalle innumerevoli personalizzazioni effettuer\u00e0 il tour bellunese con 4 tappe: &#8211; venerd\u00ec 22 febbraio alle ore 18.00 al Bar Mendoza di [&hellip;]\" \/>\n<meta property=\"og:url\" content=\"https:\/\/www.bellunopress.it\/fr\/2013\/02\/21\/opel-adam-in-tour-questo-fine-settimana-la-concessionaria-rova-presenta-la-nuova-citycar-a-belluno-e-ponte-nelle-alpi\/\" \/>\n<meta property=\"og:site_name\" content=\"Bellunopress - Dolomiti\" \/>\n<meta property=\"article:publisher\" content=\"https:\/\/www.facebook.com\/profile.php?id=100008943462799\" \/>\n<meta property=\"article:published_time\" content=\"2013-02-21T05:53:43+00:00\" \/>\n<meta property=\"article:modified_time\" content=\"2013-02-21T09:38:07+00:00\" \/>\n<meta property=\"og:image\" content=\"http:\/\/www.bellunopress.it\/wp-content\/uploads\/2013\/02\/opel-adam.jpg\" \/>\n<meta name=\"author\" content=\"redazione\" \/>\n<meta name=\"twitter:card\" content=\"summary_large_image\" \/>\n<meta name=\"twitter:creator\" content=\"@bellunopress\" \/>\n<meta name=\"twitter:site\" content=\"@bellunopress\" \/>\n<meta name=\"twitter:label1\" content=\"Written by\" \/>\n\t<meta name=\"twitter:data1\" content=\"redazione\" \/>\n\t<meta name=\"twitter:label2\" content=\"Est. reading time\" \/>\n\t<meta name=\"twitter:data2\" content=\"2 minutes\" \/>\n<script type=\"application\/ld+json\" class=\"yoast-schema-graph\">{\"@context\":\"https:\\\/\\\/schema.org\",\"@graph\":[{\"@type\":\"Article\",\"@id\":\"https:\\\/\\\/www.bellunopress.it\\\/2013\\\/02\\\/21\\\/opel-adam-in-tour-questo-fine-settimana-la-concessionaria-rova-presenta-la-nuova-citycar-a-belluno-e-ponte-nelle-alpi\\\/#article\",\"isPartOf\":{\"@id\":\"https:\\\/\\\/www.bellunopress.it\\\/2013\\\/02\\\/21\\\/opel-adam-in-tour-questo-fine-settimana-la-concessionaria-rova-presenta-la-nuova-citycar-a-belluno-e-ponte-nelle-alpi\\\/\"},\"author\":{\"name\":\"redazione\",\"@id\":\"https:\\\/\\\/www.bellunopress.it\\\/#\\\/schema\\\/person\\\/79bb06722b37ece1c03d3e94beb30d73\"},\"headline\":\"Opel Adam in tour. Questo fine settimana la Concessionaria Rova presenta la nuova citycar a Belluno e Ponte nelle Alpi\",\"datePublished\":\"2013-02-21T05:53:43+00:00\",\"dateModified\":\"2013-02-21T09:38:07+00:00\",\"mainEntityOfPage\":{\"@id\":\"https:\\\/\\\/www.bellunopress.it\\\/2013\\\/02\\\/21\\\/opel-adam-in-tour-questo-fine-settimana-la-concessionaria-rova-presenta-la-nuova-citycar-a-belluno-e-ponte-nelle-alpi\\\/\"},\"wordCount\":342,\"publisher\":{\"@id\":\"https:\\\/\\\/www.bellunopress.it\\\/#organization\"},\"image\":{\"@id\":\"https:\\\/\\\/www.bellunopress.it\\\/2013\\\/02\\\/21\\\/opel-adam-in-tour-questo-fine-settimana-la-concessionaria-rova-presenta-la-nuova-citycar-a-belluno-e-ponte-nelle-alpi\\\/#primaryimage\"},\"thumbnailUrl\":\"http:\\\/\\\/www.bellunopress.it\\\/wp-content\\\/uploads\\\/2013\\\/02\\\/opel-adam.jpg\",\"articleSection\":[\"Appuntamenti, Eventi\",\"Pausa Caff\u00e8\",\"Pubbliredazionali\"],\"inLanguage\":\"fr-FR\"},{\"@type\":\"WebPage\",\"@id\":\"https:\\\/\\\/www.bellunopress.it\\\/2013\\\/02\\\/21\\\/opel-adam-in-tour-questo-fine-settimana-la-concessionaria-rova-presenta-la-nuova-citycar-a-belluno-e-ponte-nelle-alpi\\\/\",\"url\":\"https:\\\/\\\/www.bellunopress.it\\\/2013\\\/02\\\/21\\\/opel-adam-in-tour-questo-fine-settimana-la-concessionaria-rova-presenta-la-nuova-citycar-a-belluno-e-ponte-nelle-alpi\\\/\",\"name\":\"Opel Adam in tour. Questo fine settimana la Concessionaria Rova presenta la nuova citycar a Belluno e Ponte nelle Alpi - Bellunopress - Dolomiti\",\"isPartOf\":{\"@id\":\"https:\\\/\\\/www.bellunopress.it\\\/#website\"},\"primaryImageOfPage\":{\"@id\":\"https:\\\/\\\/www.bellunopress.it\\\/2013\\\/02\\\/21\\\/opel-adam-in-tour-questo-fine-settimana-la-concessionaria-rova-presenta-la-nuova-citycar-a-belluno-e-ponte-nelle-alpi\\\/#primaryimage\"},\"image\":{\"@id\":\"https:\\\/\\\/www.bellunopress.it\\\/2013\\\/02\\\/21\\\/opel-adam-in-tour-questo-fine-settimana-la-concessionaria-rova-presenta-la-nuova-citycar-a-belluno-e-ponte-nelle-alpi\\\/#primaryimage\"},\"thumbnailUrl\":\"http:\\\/\\\/www.bellunopress.it\\\/wp-content\\\/uploads\\\/2013\\\/02\\\/opel-adam.jpg\",\"datePublished\":\"2013-02-21T05:53:43+00:00\",\"dateModified\":\"2013-02-21T09:38:07+00:00\",\"breadcrumb\":{\"@id\":\"https:\\\/\\\/www.bellunopress.it\\\/2013\\\/02\\\/21\\\/opel-adam-in-tour-questo-fine-settimana-la-concessionaria-rova-presenta-la-nuova-citycar-a-belluno-e-ponte-nelle-alpi\\\/#breadcrumb\"},\"inLanguage\":\"fr-FR\",\"potentialAction\":[{\"@type\":\"ReadAction\",\"target\":[\"https:\\\/\\\/www.bellunopress.it\\\/2013\\\/02\\\/21\\\/opel-adam-in-tour-questo-fine-settimana-la-concessionaria-rova-presenta-la-nuova-citycar-a-belluno-e-ponte-nelle-alpi\\\/\"]}]},{\"@type\":\"ImageObject\",\"inLanguage\":\"fr-FR\",\"@id\":\"https:\\\/\\\/www.bellunopress.it\\\/2013\\\/02\\\/21\\\/opel-adam-in-tour-questo-fine-settimana-la-concessionaria-rova-presenta-la-nuova-citycar-a-belluno-e-ponte-nelle-alpi\\\/#primaryimage\",\"url\":\"http:\\\/\\\/www.bellunopress.it\\\/wp-content\\\/uploads\\\/2013\\\/02\\\/opel-adam.jpg\",\"contentUrl\":\"http:\\\/\\\/www.bellunopress.it\\\/wp-content\\\/uploads\\\/2013\\\/02\\\/opel-adam.jpg\"},{\"@type\":\"BreadcrumbList\",\"@id\":\"https:\\\/\\\/www.bellunopress.it\\\/2013\\\/02\\\/21\\\/opel-adam-in-tour-questo-fine-settimana-la-concessionaria-rova-presenta-la-nuova-citycar-a-belluno-e-ponte-nelle-alpi\\\/#breadcrumb\",\"itemListElement\":[{\"@type\":\"ListItem\",\"position\":1,\"name\":\"Home\",\"item\":\"https:\\\/\\\/www.bellunopress.it\\\/\"},{\"@type\":\"ListItem\",\"position\":2,\"name\":\"Opel Adam in tour. Questo fine settimana la Concessionaria Rova presenta la nuova citycar a Belluno e Ponte nelle Alpi\"}]},{\"@type\":\"WebSite\",\"@id\":\"https:\\\/\\\/www.bellunopress.it\\\/#website\",\"url\":\"https:\\\/\\\/www.bellunopress.it\\\/\",\"name\":\"Bellunopress - Dolomiti\",\"description\":\"e-mail: redazione@bellunopress.it\",\"publisher\":{\"@id\":\"https:\\\/\\\/www.bellunopress.it\\\/#organization\"},\"potentialAction\":[{\"@type\":\"SearchAction\",\"target\":{\"@type\":\"EntryPoint\",\"urlTemplate\":\"https:\\\/\\\/www.bellunopress.it\\\/?s={search_term_string}\"},\"query-input\":{\"@type\":\"PropertyValueSpecification\",\"valueRequired\":true,\"valueName\":\"search_term_string\"}}],\"inLanguage\":\"fr-FR\"},{\"@type\":\"Organization\",\"@id\":\"https:\\\/\\\/www.bellunopress.it\\\/#organization\",\"name\":\"Bellunopress\",\"url\":\"https:\\\/\\\/www.bellunopress.it\\\/\",\"logo\":{\"@type\":\"ImageObject\",\"inLanguage\":\"fr-FR\",\"@id\":\"https:\\\/\\\/www.bellunopress.it\\\/#\\\/schema\\\/logo\\\/image\\\/\",\"url\":\"https:\\\/\\\/www.bellunopress.it\\\/wp-content\\\/uploads\\\/2011\\\/05\\\/cropped-logo-bellunopress-.jpg\",\"contentUrl\":\"https:\\\/\\\/www.bellunopress.it\\\/wp-content\\\/uploads\\\/2011\\\/05\\\/cropped-logo-bellunopress-.jpg\",\"width\":512,\"height\":512,\"caption\":\"Bellunopress\"},\"image\":{\"@id\":\"https:\\\/\\\/www.bellunopress.it\\\/#\\\/schema\\\/logo\\\/image\\\/\"},\"sameAs\":[\"https:\\\/\\\/www.facebook.com\\\/profile.php?id=100008943462799\",\"https:\\\/\\\/x.com\\\/bellunopress\",\"https:\\\/\\\/www.linkedin.com\\\/hp\\\/?dnr=JBzUWaJfMUw8vbXJJ2tVW5-I3jZKvC4wsoxE&amp;amp;amp;amp;amp;amp;trk=nav_responsive_tab_home\",\"https:\\\/\\\/www.youtube.com\\\/channel\\\/UCxL0wu1uN0_3_7hGG0306cw\"]},{\"@type\":\"Person\",\"@id\":\"https:\\\/\\\/www.bellunopress.it\\\/#\\\/schema\\\/person\\\/79bb06722b37ece1c03d3e94beb30d73\",\"name\":\"redazione\",\"image\":{\"@type\":\"ImageObject\",\"inLanguage\":\"fr-FR\",\"@id\":\"https:\\\/\\\/secure.gravatar.com\\\/avatar\\\/37d968a2e67a6fd04c169c4bdef102d0bc5d31b2546345219e348575eb80e9a0?s=96&d=mm&r=g\",\"url\":\"https:\\\/\\\/secure.gravatar.com\\\/avatar\\\/37d968a2e67a6fd04c169c4bdef102d0bc5d31b2546345219e348575eb80e9a0?s=96&d=mm&r=g\",\"contentUrl\":\"https:\\\/\\\/secure.gravatar.com\\\/avatar\\\/37d968a2e67a6fd04c169c4bdef102d0bc5d31b2546345219e348575eb80e9a0?s=96&d=mm&r=g\",\"caption\":\"redazione\"},\"sameAs\":[\"http:\\\/\\\/www.bellunopress.it\",\"https:\\\/\\\/x.com\\\/bellunopress\"],\"url\":\"https:\\\/\\\/www.bellunopress.it\\\/fr\\\/author\\\/redazione\\\/\"}]}<\/script>\n<!-- \/ Yoast SEO plugin. -->","yoast_head_json":{"title":"Opel Adam in tour. Questo fine settimana la Concessionaria Rova presenta la nuova citycar a Belluno e Ponte nelle Alpi - Bellunopress - Dolomiti","robots":{"index":"index","follow":"follow","max-snippet":"max-snippet:-1","max-image-preview":"max-image-preview:large","max-video-preview":"max-video-preview:-1"},"canonical":"https:\/\/www.bellunopress.it\/fr\/2013\/02\/21\/opel-adam-in-tour-questo-fine-settimana-la-concessionaria-rova-presenta-la-nuova-citycar-a-belluno-e-ponte-nelle-alpi\/","og_locale":"fr_FR","og_type":"article","og_title":"Opel Adam in tour. Questo fine settimana la Concessionaria Rova presenta la nuova citycar a Belluno e Ponte nelle Alpi - Bellunopress - Dolomiti","og_description":"Rova srl, concessionario Opel per la provincia di Belluno dal 1967 con salone in via Tiziano Vecellio, n. 77, presenta la nuova e sorprendente Opel Adam. Questo fine settimana la nuova citycar della Opel dalle innumerevoli personalizzazioni effettuer\u00e0 il tour bellunese con 4 tappe: &#8211; venerd\u00ec 22 febbraio alle ore 18.00 al Bar Mendoza di [&hellip;]","og_url":"https:\/\/www.bellunopress.it\/fr\/2013\/02\/21\/opel-adam-in-tour-questo-fine-settimana-la-concessionaria-rova-presenta-la-nuova-citycar-a-belluno-e-ponte-nelle-alpi\/","og_site_name":"Bellunopress - Dolomiti","article_publisher":"https:\/\/www.facebook.com\/profile.php?id=100008943462799","article_published_time":"2013-02-21T05:53:43+00:00","article_modified_time":"2013-02-21T09:38:07+00:00","og_image":[{"url":"http:\/\/www.bellunopress.it\/wp-content\/uploads\/2013\/02\/opel-adam.jpg","type":"","width":"","height":""}],"author":"redazione","twitter_card":"summary_large_image","twitter_creator":"@bellunopress","twitter_site":"@bellunopress","twitter_misc":{"Written by":"redazione","Est. reading time":"2 minutes"},"schema":{"@context":"https:\/\/schema.org","@graph":[{"@type":"Article","@id":"https:\/\/www.bellunopress.it\/2013\/02\/21\/opel-adam-in-tour-questo-fine-settimana-la-concessionaria-rova-presenta-la-nuova-citycar-a-belluno-e-ponte-nelle-alpi\/#article","isPartOf":{"@id":"https:\/\/www.bellunopress.it\/2013\/02\/21\/opel-adam-in-tour-questo-fine-settimana-la-concessionaria-rova-presenta-la-nuova-citycar-a-belluno-e-ponte-nelle-alpi\/"},"author":{"name":"redazione","@id":"https:\/\/www.bellunopress.it\/#\/schema\/person\/79bb06722b37ece1c03d3e94beb30d73"},"headline":"Opel Adam in tour. Questo fine settimana la Concessionaria Rova presenta la nuova citycar a Belluno e Ponte nelle Alpi","datePublished":"2013-02-21T05:53:43+00:00","dateModified":"2013-02-21T09:38:07+00:00","mainEntityOfPage":{"@id":"https:\/\/www.bellunopress.it\/2013\/02\/21\/opel-adam-in-tour-questo-fine-settimana-la-concessionaria-rova-presenta-la-nuova-citycar-a-belluno-e-ponte-nelle-alpi\/"},"wordCount":342,"publisher":{"@id":"https:\/\/www.bellunopress.it\/#organization"},"image":{"@id":"https:\/\/www.bellunopress.it\/2013\/02\/21\/opel-adam-in-tour-questo-fine-settimana-la-concessionaria-rova-presenta-la-nuova-citycar-a-belluno-e-ponte-nelle-alpi\/#primaryimage"},"thumbnailUrl":"http:\/\/www.bellunopress.it\/wp-content\/uploads\/2013\/02\/opel-adam.jpg","articleSection":["Appuntamenti, Eventi","Pausa Caff\u00e8","Pubbliredazionali"],"inLanguage":"fr-FR"},{"@type":"WebPage","@id":"https:\/\/www.bellunopress.it\/2013\/02\/21\/opel-adam-in-tour-questo-fine-settimana-la-concessionaria-rova-presenta-la-nuova-citycar-a-belluno-e-ponte-nelle-alpi\/","url":"https:\/\/www.bellunopress.it\/2013\/02\/21\/opel-adam-in-tour-questo-fine-settimana-la-concessionaria-rova-presenta-la-nuova-citycar-a-belluno-e-ponte-nelle-alpi\/","name":"Opel Adam in tour. Questo fine settimana la Concessionaria Rova presenta la nuova citycar a Belluno e Ponte nelle Alpi - Bellunopress - Dolomiti","isPartOf":{"@id":"https:\/\/www.bellunopress.it\/#website"},"primaryImageOfPage":{"@id":"https:\/\/www.bellunopress.it\/2013\/02\/21\/opel-adam-in-tour-questo-fine-settimana-la-concessionaria-rova-presenta-la-nuova-citycar-a-belluno-e-ponte-nelle-alpi\/#primaryimage"},"image":{"@id":"https:\/\/www.bellunopress.it\/2013\/02\/21\/opel-adam-in-tour-questo-fine-settimana-la-concessionaria-rova-presenta-la-nuova-citycar-a-belluno-e-ponte-nelle-alpi\/#primaryimage"},"thumbnailUrl":"http:\/\/www.bellunopress.it\/wp-content\/uploads\/2013\/02\/opel-adam.jpg","datePublished":"2013-02-21T05:53:43+00:00","dateModified":"2013-02-21T09:38:07+00:00","breadcrumb":{"@id":"https:\/\/www.bellunopress.it\/2013\/02\/21\/opel-adam-in-tour-questo-fine-settimana-la-concessionaria-rova-presenta-la-nuova-citycar-a-belluno-e-ponte-nelle-alpi\/#breadcrumb"},"inLanguage":"fr-FR","potentialAction":[{"@type":"ReadAction","target":["https:\/\/www.bellunopress.it\/2013\/02\/21\/opel-adam-in-tour-questo-fine-settimana-la-concessionaria-rova-presenta-la-nuova-citycar-a-belluno-e-ponte-nelle-alpi\/"]}]},{"@type":"ImageObject","inLanguage":"fr-FR","@id":"https:\/\/www.bellunopress.it\/2013\/02\/21\/opel-adam-in-tour-questo-fine-settimana-la-concessionaria-rova-presenta-la-nuova-citycar-a-belluno-e-ponte-nelle-alpi\/#primaryimage","url":"http:\/\/www.bellunopress.it\/wp-content\/uploads\/2013\/02\/opel-adam.jpg","contentUrl":"http:\/\/www.bellunopress.it\/wp-content\/uploads\/2013\/02\/opel-adam.jpg"},{"@type":"BreadcrumbList","@id":"https:\/\/www.bellunopress.it\/2013\/02\/21\/opel-adam-in-tour-questo-fine-settimana-la-concessionaria-rova-presenta-la-nuova-citycar-a-belluno-e-ponte-nelle-alpi\/#breadcrumb","itemListElement":[{"@type":"ListItem","position":1,"name":"Home","item":"https:\/\/www.bellunopress.it\/"},{"@type":"ListItem","position":2,"name":"Opel Adam in tour. Questo fine settimana la Concessionaria Rova presenta la nuova citycar a Belluno e Ponte nelle Alpi"}]},{"@type":"WebSite","@id":"https:\/\/www.bellunopress.it\/#website","url":"https:\/\/www.bellunopress.it\/","name":"Bellunopress - Dolomiti","description":"e-mail: redazione@bellunopress.it","publisher":{"@id":"https:\/\/www.bellunopress.it\/#organization"},"potentialAction":[{"@type":"SearchAction","target":{"@type":"EntryPoint","urlTemplate":"https:\/\/www.bellunopress.it\/?s={search_term_string}"},"query-input":{"@type":"PropertyValueSpecification","valueRequired":true,"valueName":"search_term_string"}}],"inLanguage":"fr-FR"},{"@type":"Organization","@id":"https:\/\/www.bellunopress.it\/#organization","name":"Bellunopress","url":"https:\/\/www.bellunopress.it\/","logo":{"@type":"ImageObject","inLanguage":"fr-FR","@id":"https:\/\/www.bellunopress.it\/#\/schema\/logo\/image\/","url":"https:\/\/www.bellunopress.it\/wp-content\/uploads\/2011\/05\/cropped-logo-bellunopress-.jpg","contentUrl":"https:\/\/www.bellunopress.it\/wp-content\/uploads\/2011\/05\/cropped-logo-bellunopress-.jpg","width":512,"height":512,"caption":"Bellunopress"},"image":{"@id":"https:\/\/www.bellunopress.it\/#\/schema\/logo\/image\/"},"sameAs":["https:\/\/www.facebook.com\/profile.php?id=100008943462799","https:\/\/x.com\/bellunopress","https:\/\/www.linkedin.com\/hp\/?dnr=JBzUWaJfMUw8vbXJJ2tVW5-I3jZKvC4wsoxE&amp;amp;amp;amp;amp;amp;trk=nav_responsive_tab_home","https:\/\/www.youtube.com\/channel\/UCxL0wu1uN0_3_7hGG0306cw"]},{"@type":"Person","@id":"https:\/\/www.bellunopress.it\/#\/schema\/person\/79bb06722b37ece1c03d3e94beb30d73","name":"r\u00e9daction","image":{"@type":"ImageObject","inLanguage":"fr-FR","@id":"https:\/\/secure.gravatar.com\/avatar\/37d968a2e67a6fd04c169c4bdef102d0bc5d31b2546345219e348575eb80e9a0?s=96&d=mm&r=g","url":"https:\/\/secure.gravatar.com\/avatar\/37d968a2e67a6fd04c169c4bdef102d0bc5d31b2546345219e348575eb80e9a0?s=96&d=mm&r=g","contentUrl":"https:\/\/secure.gravatar.com\/avatar\/37d968a2e67a6fd04c169c4bdef102d0bc5d31b2546345219e348575eb80e9a0?s=96&d=mm&r=g","caption":"redazione"},"sameAs":["http:\/\/www.bellunopress.it","https:\/\/x.com\/bellunopress"],"url":"https:\/\/www.bellunopress.it\/fr\/author\/redazione\/"}]}},"_links":{"self":[{"href":"https:\/\/www.bellunopress.it\/fr\/wp-json\/wp\/v2\/posts\/46900","targetHints":{"allow":["GET"]}}],"collection":[{"href":"https:\/\/www.bellunopress.it\/fr\/wp-json\/wp\/v2\/posts"}],"about":[{"href":"https:\/\/www.bellunopress.it\/fr\/wp-json\/wp\/v2\/types\/post"}],"author":[{"embeddable":true,"href":"https:\/\/www.bellunopress.it\/fr\/wp-json\/wp\/v2\/users\/2"}],"replies":[{"embeddable":true,"href":"https:\/\/www.bellunopress.it\/fr\/wp-json\/wp\/v2\/comments?post=46900"}],"version-history":[{"count":2,"href":"https:\/\/www.bellunopress.it\/fr\/wp-json\/wp\/v2\/posts\/46900\/revisions"}],"predecessor-version":[{"id":46963,"href":"https:\/\/www.bellunopress.it\/fr\/wp-json\/wp\/v2\/posts\/46900\/revisions\/46963"}],"wp:attachment":[{"href":"https:\/\/www.bellunopress.it\/fr\/wp-json\/wp\/v2\/media?parent=46900"}],"wp:term":[{"taxonomy":"category","embeddable":true,"href":"https:\/\/www.bellunopress.it\/fr\/wp-json\/wp\/v2\/categories?post=46900"},{"taxonomy":"post_tag","embeddable":true,"href":"https:\/\/www.bellunopress.it\/fr\/wp-json\/wp\/v2\/tags?post=46900"}],"curies":[{"name":"wp","href":"https:\/\/api.w.org\/{rel}","templated":true}]}}