{"id":46886,"date":"2013-02-19T13:56:17","date_gmt":"2013-02-19T12:56:17","guid":{"rendered":"http:\/\/www.bellunopress.it\/?p=46886"},"modified":"2013-02-19T13:56:17","modified_gmt":"2013-02-19T12:56:17","slug":"comitato-referendario-rocca-pietore-daniel-sirena-chiedo-ai-perenzin-ai-de-menech-ai-piccoli-ai-paniz-ai-reolon-ai-bond-ai-toscani-che-hanno-sostenuto-e-promosso-linutilita-dei-referendum","status":"publish","type":"post","link":"https:\/\/www.bellunopress.it\/fr\/2013\/02\/19\/comitato-referendario-rocca-pietore-daniel-sirena-chiedo-ai-perenzin-ai-de-menech-ai-piccoli-ai-paniz-ai-reolon-ai-bond-ai-toscani-che-hanno-sostenuto-e-promosso-linutilita-dei-referendum\/","title":{"rendered":"Comitato referendario Rocca Pietore. Daniel Sirena: &#8220;Chiedo ai Perenzin, ai De Menech, ai Piccoli, ai Paniz, ai Reolon, ai Bond, ai Toscani che hanno sostenuto e promosso l&#8217;inutilit\u00e0 dei referendum, risolveranno loro i problemi della montagna?&#8221;"},"content":{"rendered":"<p><a href=\"http:\/\/www.bellunopress.it\/wp-content\/uploads\/2013\/02\/daniel-sirena.jpg\"><img loading=\"lazy\" decoding=\"async\" class=\"alignleft size-full wp-image-46887\" alt=\"daniel sirena\" src=\"http:\/\/www.bellunopress.it\/wp-content\/uploads\/2013\/02\/daniel-sirena.jpg\" width=\"106\" height=\"158\" \/><\/a>Sopraffatti dall\u2019elevato numero di residenti all\u2019estero (22% per l\u2019Agordino), i sette comuni promotori dei referendum del 10-11 febbraio scorso si sono trovati a fare i conti con una battaglia persa sul piano legale,\u00a0ma non hanno mai pensato alla resa.<\/p>\n<p>I tempi di propaganda brevi hanno messo a dura prova i giovani comitati che non possono sicuramente rimproverarsi nulla vista la capillarit\u00e0 delle informazioni date al cittadino per mezzo di stampa internet, serate informative e opuscoli portati casa per casa.<\/p>\n<p>La corte di cassazione ha infatti confermato solo un mese e mezzo prima la data dei referendum con l\u2019impossibilit\u00e0 di accorparli alle elezioni amministrative . (alla faccia della spending review)<\/p>\n<p>Non vogliamo piangerci addosso perch\u00e9, il numero dei bellunesi che ci hanno sostenuto \u00e8 importante e a noi sta ora dargli un significato.<\/p>\n<p>I due prossimi obiettivi sono i referendum di Taibon e Pieve di Cadore il 21-22 aprile.<\/p>\n<p>Qui concentreremo le nostre forze per dare una rivincita ai quorum mancati e far capire che se ci viene dato il tempo di promuovere e spiegare il nostro progetto di salvaguardia del territorio basato sull\u2019autonomia del Bellunese contestualizzata in una regione macro-alpina, la gente c\u2019\u00e8 e ci sostiene.<\/p>\n<p>Dobbiamo smettere di lamentarci di ci\u00f2 che non cambia se non siamo noi per primi a cambiare mentalit\u00e0, ad aprire il cancello dell\u2019orto e ad abbattere i campanili.<\/p>\n<p>L\u2019arma pi\u00f9 forte a nostra disposizione \u00e8 fare rete e unirci nel sostenere progetti mirati che facciano valere i nostri diritti.<\/p>\n<p>Non basta pi\u00f9 votare questo o quel politico nella speranza che faccia i nostri interessi,\u00a0se sono nostri, sta a noi, per definizione prendercene cura .<\/p>\n<p>Non ci illudiamo di stare ancora bene..<\/p>\n<p>Se si guarda, non a domani ma a dopodomani, le prospettive non fanno certo dormire sonni tranquilli.<\/p>\n<p>Il calo del 9.3 % di presenze turistiche nelle dolomiti venete nel corso del 2012 fa ben capire la gravit\u00e0 della situazione.<\/p>\n<p>La quotidiana riduzione di servizi che vive tutto il bellunese \u00e8 sotto gli occhi di tutti ed \u00e8 pressoch\u00e9 inarrestabile.<\/p>\n<p>Ora chiedo ai Perenzin, ai De Menech, ai Piccoli, ai Paniz, ai Reolon, ai Bond, ai Toscani che hanno sostenuto e promosso l&#8217;inutilit\u00e0 dei referendum, risolveranno loro i problemi della montagna? se cos\u00ec fosse li ringrazieremo tutti, ma la responsabilit\u00e0 che si prendono \u00e8 importante e permettetemi di avere qualche dubbio vista la facilit\u00e0 con cui si regalano promesse e speranze in campagna elettorale ..<\/p>\n<p>In ogni caso sappiano che la nostra azione non si conclude qui, ci sono 11.000 elettori che chiedono risposte concrete per poter continuare a vivere nella propria terra.<\/p>\n<p>Questo \u00e8 il senso che va dato ora ai referendum .<\/p>\n<p>Ai comuni che hanno intrapreso la campagna referendaria prima di noi con esito positivo dico con fermezza che non \u00e8 questo il momento di farsi belli i capelli, dobbiamo adesso lottare uniti per distinguere chi fa politica per il bene delle nostre comunit\u00e0 da chi racconta le menzogne e guadagnare cos\u00ec la libert\u00e0 di decidere per ciascuno di noi il futuro migliore.<\/p>\n<p>Daniel Sirena &#8211;\u00a0Comitato Referendario Rocca Pietore<\/p>\n<p>&nbsp;<\/p>","protected":false},"excerpt":{"rendered":"<p>Sopraffatti dall\u2019elevato numero di residenti all\u2019estero (22% per l\u2019Agordino), i sette comuni promotori dei referendum del 10-11 febbraio scorso si sono trovati a fare i conti con una battaglia persa sul piano legale,\u00a0ma non hanno mai pensato alla resa. I tempi di propaganda brevi hanno messo a dura prova i giovani comitati che non possono [&hellip;]<\/p>\n","protected":false},"author":2,"featured_media":0,"comment_status":"closed","ping_status":"open","sticky":false,"template":"","format":"standard","meta":{"footnotes":""},"categories":[5,26],"tags":[],"class_list":["post-46886","post","type-post","status-publish","format-standard","category-cronaca","category-prima-pagina"],"yoast_head":"<!-- This site is optimized with the Yoast SEO plugin v28.4 - https:\/\/yoast.com\/product\/yoast-seo-wordpress\/ -->\n<title>Comitato referendario Rocca Pietore. Daniel Sirena: &quot;Chiedo ai Perenzin, ai De Menech, ai Piccoli, ai Paniz, ai Reolon, ai Bond, ai Toscani che hanno sostenuto e promosso l&#039;inutilit\u00e0 dei referendum, risolveranno loro i problemi della montagna?&quot;  - Bellunopress - Dolomiti<\/title>\n<meta name=\"robots\" content=\"index, follow, max-snippet:-1, max-image-preview:large, max-video-preview:-1\" \/>\n<link rel=\"canonical\" href=\"https:\/\/www.bellunopress.it\/fr\/2013\/02\/19\/comitato-referendario-rocca-pietore-daniel-sirena-chiedo-ai-perenzin-ai-de-menech-ai-piccoli-ai-paniz-ai-reolon-ai-bond-ai-toscani-che-hanno-sostenuto-e-promosso-linutilita-dei-referendum\/\" \/>\n<meta property=\"og:locale\" content=\"fr_FR\" \/>\n<meta property=\"og:type\" content=\"article\" \/>\n<meta property=\"og:title\" content=\"Comitato referendario Rocca Pietore. Daniel Sirena: &quot;Chiedo ai Perenzin, ai De Menech, ai Piccoli, ai Paniz, ai Reolon, ai Bond, ai Toscani che hanno sostenuto e promosso l&#039;inutilit\u00e0 dei referendum, risolveranno loro i problemi della montagna?&quot;  - Bellunopress - Dolomiti\" \/>\n<meta property=\"og:description\" content=\"Sopraffatti dall\u2019elevato numero di residenti all\u2019estero (22% per l\u2019Agordino), i sette comuni promotori dei referendum del 10-11 febbraio scorso si sono trovati a fare i conti con una battaglia persa sul piano legale,\u00a0ma non hanno mai pensato alla resa. I tempi di propaganda brevi hanno messo a dura prova i giovani comitati che non possono [&hellip;]\" \/>\n<meta property=\"og:url\" content=\"https:\/\/www.bellunopress.it\/fr\/2013\/02\/19\/comitato-referendario-rocca-pietore-daniel-sirena-chiedo-ai-perenzin-ai-de-menech-ai-piccoli-ai-paniz-ai-reolon-ai-bond-ai-toscani-che-hanno-sostenuto-e-promosso-linutilita-dei-referendum\/\" \/>\n<meta property=\"og:site_name\" content=\"Bellunopress - Dolomiti\" \/>\n<meta property=\"article:publisher\" content=\"https:\/\/www.facebook.com\/profile.php?id=100008943462799\" \/>\n<meta property=\"article:published_time\" content=\"2013-02-19T12:56:17+00:00\" \/>\n<meta property=\"og:image\" content=\"http:\/\/www.bellunopress.it\/wp-content\/uploads\/2013\/02\/daniel-sirena.jpg\" \/>\n<meta name=\"author\" content=\"redazione\" \/>\n<meta name=\"twitter:card\" content=\"summary_large_image\" \/>\n<meta name=\"twitter:creator\" content=\"@bellunopress\" \/>\n<meta name=\"twitter:site\" content=\"@bellunopress\" \/>\n<meta name=\"twitter:label1\" content=\"Written by\" \/>\n\t<meta name=\"twitter:data1\" content=\"redazione\" \/>\n\t<meta name=\"twitter:label2\" content=\"Est. reading time\" \/>\n\t<meta name=\"twitter:data2\" content=\"3 minutes\" \/>\n<script type=\"application\/ld+json\" class=\"yoast-schema-graph\">{\"@context\":\"https:\\\/\\\/schema.org\",\"@graph\":[{\"@type\":\"Article\",\"@id\":\"https:\\\/\\\/www.bellunopress.it\\\/2013\\\/02\\\/19\\\/comitato-referendario-rocca-pietore-daniel-sirena-chiedo-ai-perenzin-ai-de-menech-ai-piccoli-ai-paniz-ai-reolon-ai-bond-ai-toscani-che-hanno-sostenuto-e-promosso-linutilita-dei-referendum\\\/#article\",\"isPartOf\":{\"@id\":\"https:\\\/\\\/www.bellunopress.it\\\/2013\\\/02\\\/19\\\/comitato-referendario-rocca-pietore-daniel-sirena-chiedo-ai-perenzin-ai-de-menech-ai-piccoli-ai-paniz-ai-reolon-ai-bond-ai-toscani-che-hanno-sostenuto-e-promosso-linutilita-dei-referendum\\\/\"},\"author\":{\"name\":\"redazione\",\"@id\":\"https:\\\/\\\/www.bellunopress.it\\\/#\\\/schema\\\/person\\\/79bb06722b37ece1c03d3e94beb30d73\"},\"headline\":\"Comitato referendario Rocca Pietore. Daniel Sirena: &#8220;Chiedo ai Perenzin, ai De Menech, ai Piccoli, ai Paniz, ai Reolon, ai Bond, ai Toscani che hanno sostenuto e promosso l&#8217;inutilit\u00e0 dei referendum, risolveranno loro i problemi della montagna?&#8221;\",\"datePublished\":\"2013-02-19T12:56:17+00:00\",\"mainEntityOfPage\":{\"@id\":\"https:\\\/\\\/www.bellunopress.it\\\/2013\\\/02\\\/19\\\/comitato-referendario-rocca-pietore-daniel-sirena-chiedo-ai-perenzin-ai-de-menech-ai-piccoli-ai-paniz-ai-reolon-ai-bond-ai-toscani-che-hanno-sostenuto-e-promosso-linutilita-dei-referendum\\\/\"},\"wordCount\":541,\"publisher\":{\"@id\":\"https:\\\/\\\/www.bellunopress.it\\\/#organization\"},\"image\":{\"@id\":\"https:\\\/\\\/www.bellunopress.it\\\/2013\\\/02\\\/19\\\/comitato-referendario-rocca-pietore-daniel-sirena-chiedo-ai-perenzin-ai-de-menech-ai-piccoli-ai-paniz-ai-reolon-ai-bond-ai-toscani-che-hanno-sostenuto-e-promosso-linutilita-dei-referendum\\\/#primaryimage\"},\"thumbnailUrl\":\"http:\\\/\\\/www.bellunopress.it\\\/wp-content\\\/uploads\\\/2013\\\/02\\\/daniel-sirena.jpg\",\"articleSection\":[\"Cronaca\\\/Politica\",\"Prima Pagina\"],\"inLanguage\":\"fr-FR\"},{\"@type\":\"WebPage\",\"@id\":\"https:\\\/\\\/www.bellunopress.it\\\/2013\\\/02\\\/19\\\/comitato-referendario-rocca-pietore-daniel-sirena-chiedo-ai-perenzin-ai-de-menech-ai-piccoli-ai-paniz-ai-reolon-ai-bond-ai-toscani-che-hanno-sostenuto-e-promosso-linutilita-dei-referendum\\\/\",\"url\":\"https:\\\/\\\/www.bellunopress.it\\\/2013\\\/02\\\/19\\\/comitato-referendario-rocca-pietore-daniel-sirena-chiedo-ai-perenzin-ai-de-menech-ai-piccoli-ai-paniz-ai-reolon-ai-bond-ai-toscani-che-hanno-sostenuto-e-promosso-linutilita-dei-referendum\\\/\",\"name\":\"Comitato referendario Rocca Pietore. Daniel Sirena: \\\"Chiedo ai Perenzin, ai De Menech, ai Piccoli, ai Paniz, ai Reolon, ai Bond, ai Toscani che hanno sostenuto e promosso l'inutilit\u00e0 dei referendum, risolveranno loro i problemi della montagna?\\\" - Bellunopress - Dolomiti\",\"isPartOf\":{\"@id\":\"https:\\\/\\\/www.bellunopress.it\\\/#website\"},\"primaryImageOfPage\":{\"@id\":\"https:\\\/\\\/www.bellunopress.it\\\/2013\\\/02\\\/19\\\/comitato-referendario-rocca-pietore-daniel-sirena-chiedo-ai-perenzin-ai-de-menech-ai-piccoli-ai-paniz-ai-reolon-ai-bond-ai-toscani-che-hanno-sostenuto-e-promosso-linutilita-dei-referendum\\\/#primaryimage\"},\"image\":{\"@id\":\"https:\\\/\\\/www.bellunopress.it\\\/2013\\\/02\\\/19\\\/comitato-referendario-rocca-pietore-daniel-sirena-chiedo-ai-perenzin-ai-de-menech-ai-piccoli-ai-paniz-ai-reolon-ai-bond-ai-toscani-che-hanno-sostenuto-e-promosso-linutilita-dei-referendum\\\/#primaryimage\"},\"thumbnailUrl\":\"http:\\\/\\\/www.bellunopress.it\\\/wp-content\\\/uploads\\\/2013\\\/02\\\/daniel-sirena.jpg\",\"datePublished\":\"2013-02-19T12:56:17+00:00\",\"breadcrumb\":{\"@id\":\"https:\\\/\\\/www.bellunopress.it\\\/2013\\\/02\\\/19\\\/comitato-referendario-rocca-pietore-daniel-sirena-chiedo-ai-perenzin-ai-de-menech-ai-piccoli-ai-paniz-ai-reolon-ai-bond-ai-toscani-che-hanno-sostenuto-e-promosso-linutilita-dei-referendum\\\/#breadcrumb\"},\"inLanguage\":\"fr-FR\",\"potentialAction\":[{\"@type\":\"ReadAction\",\"target\":[\"https:\\\/\\\/www.bellunopress.it\\\/2013\\\/02\\\/19\\\/comitato-referendario-rocca-pietore-daniel-sirena-chiedo-ai-perenzin-ai-de-menech-ai-piccoli-ai-paniz-ai-reolon-ai-bond-ai-toscani-che-hanno-sostenuto-e-promosso-linutilita-dei-referendum\\\/\"]}]},{\"@type\":\"ImageObject\",\"inLanguage\":\"fr-FR\",\"@id\":\"https:\\\/\\\/www.bellunopress.it\\\/2013\\\/02\\\/19\\\/comitato-referendario-rocca-pietore-daniel-sirena-chiedo-ai-perenzin-ai-de-menech-ai-piccoli-ai-paniz-ai-reolon-ai-bond-ai-toscani-che-hanno-sostenuto-e-promosso-linutilita-dei-referendum\\\/#primaryimage\",\"url\":\"http:\\\/\\\/www.bellunopress.it\\\/wp-content\\\/uploads\\\/2013\\\/02\\\/daniel-sirena.jpg\",\"contentUrl\":\"http:\\\/\\\/www.bellunopress.it\\\/wp-content\\\/uploads\\\/2013\\\/02\\\/daniel-sirena.jpg\"},{\"@type\":\"BreadcrumbList\",\"@id\":\"https:\\\/\\\/www.bellunopress.it\\\/2013\\\/02\\\/19\\\/comitato-referendario-rocca-pietore-daniel-sirena-chiedo-ai-perenzin-ai-de-menech-ai-piccoli-ai-paniz-ai-reolon-ai-bond-ai-toscani-che-hanno-sostenuto-e-promosso-linutilita-dei-referendum\\\/#breadcrumb\",\"itemListElement\":[{\"@type\":\"ListItem\",\"position\":1,\"name\":\"Home\",\"item\":\"https:\\\/\\\/www.bellunopress.it\\\/\"},{\"@type\":\"ListItem\",\"position\":2,\"name\":\"Comitato referendario Rocca Pietore. Daniel Sirena: &#8220;Chiedo ai Perenzin, ai De Menech, ai Piccoli, ai Paniz, ai Reolon, ai Bond, ai Toscani che hanno sostenuto e promosso l&#8217;inutilit\u00e0 dei referendum, risolveranno loro i problemi della montagna?&#8221;\"}]},{\"@type\":\"WebSite\",\"@id\":\"https:\\\/\\\/www.bellunopress.it\\\/#website\",\"url\":\"https:\\\/\\\/www.bellunopress.it\\\/\",\"name\":\"Bellunopress - Dolomiti\",\"description\":\"e-mail: redazione@bellunopress.it\",\"publisher\":{\"@id\":\"https:\\\/\\\/www.bellunopress.it\\\/#organization\"},\"potentialAction\":[{\"@type\":\"SearchAction\",\"target\":{\"@type\":\"EntryPoint\",\"urlTemplate\":\"https:\\\/\\\/www.bellunopress.it\\\/?s={search_term_string}\"},\"query-input\":{\"@type\":\"PropertyValueSpecification\",\"valueRequired\":true,\"valueName\":\"search_term_string\"}}],\"inLanguage\":\"fr-FR\"},{\"@type\":\"Organization\",\"@id\":\"https:\\\/\\\/www.bellunopress.it\\\/#organization\",\"name\":\"Bellunopress\",\"url\":\"https:\\\/\\\/www.bellunopress.it\\\/\",\"logo\":{\"@type\":\"ImageObject\",\"inLanguage\":\"fr-FR\",\"@id\":\"https:\\\/\\\/www.bellunopress.it\\\/#\\\/schema\\\/logo\\\/image\\\/\",\"url\":\"https:\\\/\\\/www.bellunopress.it\\\/wp-content\\\/uploads\\\/2011\\\/05\\\/cropped-logo-bellunopress-.jpg\",\"contentUrl\":\"https:\\\/\\\/www.bellunopress.it\\\/wp-content\\\/uploads\\\/2011\\\/05\\\/cropped-logo-bellunopress-.jpg\",\"width\":512,\"height\":512,\"caption\":\"Bellunopress\"},\"image\":{\"@id\":\"https:\\\/\\\/www.bellunopress.it\\\/#\\\/schema\\\/logo\\\/image\\\/\"},\"sameAs\":[\"https:\\\/\\\/www.facebook.com\\\/profile.php?id=100008943462799\",\"https:\\\/\\\/x.com\\\/bellunopress\",\"https:\\\/\\\/www.linkedin.com\\\/hp\\\/?dnr=JBzUWaJfMUw8vbXJJ2tVW5-I3jZKvC4wsoxE&amp;amp;amp;amp;amp;amp;trk=nav_responsive_tab_home\",\"https:\\\/\\\/www.youtube.com\\\/channel\\\/UCxL0wu1uN0_3_7hGG0306cw\"]},{\"@type\":\"Person\",\"@id\":\"https:\\\/\\\/www.bellunopress.it\\\/#\\\/schema\\\/person\\\/79bb06722b37ece1c03d3e94beb30d73\",\"name\":\"redazione\",\"image\":{\"@type\":\"ImageObject\",\"inLanguage\":\"fr-FR\",\"@id\":\"https:\\\/\\\/secure.gravatar.com\\\/avatar\\\/37d968a2e67a6fd04c169c4bdef102d0bc5d31b2546345219e348575eb80e9a0?s=96&d=mm&r=g\",\"url\":\"https:\\\/\\\/secure.gravatar.com\\\/avatar\\\/37d968a2e67a6fd04c169c4bdef102d0bc5d31b2546345219e348575eb80e9a0?s=96&d=mm&r=g\",\"contentUrl\":\"https:\\\/\\\/secure.gravatar.com\\\/avatar\\\/37d968a2e67a6fd04c169c4bdef102d0bc5d31b2546345219e348575eb80e9a0?s=96&d=mm&r=g\",\"caption\":\"redazione\"},\"sameAs\":[\"http:\\\/\\\/www.bellunopress.it\",\"https:\\\/\\\/x.com\\\/bellunopress\"],\"url\":\"https:\\\/\\\/www.bellunopress.it\\\/fr\\\/author\\\/redazione\\\/\"}]}<\/script>\n<!-- \/ Yoast SEO plugin. -->","yoast_head_json":{"title":"Comitato referendario Rocca Pietore. Daniel Sirena: \"Chiedo ai Perenzin, ai De Menech, ai Piccoli, ai Paniz, ai Reolon, ai Bond, ai Toscani che hanno sostenuto e promosso l'inutilit\u00e0 dei referendum, risolveranno loro i problemi della montagna?\"  - Bellunopress - Dolomiti","robots":{"index":"index","follow":"follow","max-snippet":"max-snippet:-1","max-image-preview":"max-image-preview:large","max-video-preview":"max-video-preview:-1"},"canonical":"https:\/\/www.bellunopress.it\/fr\/2013\/02\/19\/comitato-referendario-rocca-pietore-daniel-sirena-chiedo-ai-perenzin-ai-de-menech-ai-piccoli-ai-paniz-ai-reolon-ai-bond-ai-toscani-che-hanno-sostenuto-e-promosso-linutilita-dei-referendum\/","og_locale":"fr_FR","og_type":"article","og_title":"Comitato referendario Rocca Pietore. Daniel Sirena: \"Chiedo ai Perenzin, ai De Menech, ai Piccoli, ai Paniz, ai Reolon, ai Bond, ai Toscani che hanno sostenuto e promosso l'inutilit\u00e0 dei referendum, risolveranno loro i problemi della montagna?\"  - Bellunopress - Dolomiti","og_description":"Sopraffatti dall\u2019elevato numero di residenti all\u2019estero (22% per l\u2019Agordino), i sette comuni promotori dei referendum del 10-11 febbraio scorso si sono trovati a fare i conti con una battaglia persa sul piano legale,\u00a0ma non hanno mai pensato alla resa. I tempi di propaganda brevi hanno messo a dura prova i giovani comitati che non possono [&hellip;]","og_url":"https:\/\/www.bellunopress.it\/fr\/2013\/02\/19\/comitato-referendario-rocca-pietore-daniel-sirena-chiedo-ai-perenzin-ai-de-menech-ai-piccoli-ai-paniz-ai-reolon-ai-bond-ai-toscani-che-hanno-sostenuto-e-promosso-linutilita-dei-referendum\/","og_site_name":"Bellunopress - Dolomiti","article_publisher":"https:\/\/www.facebook.com\/profile.php?id=100008943462799","article_published_time":"2013-02-19T12:56:17+00:00","og_image":[{"url":"http:\/\/www.bellunopress.it\/wp-content\/uploads\/2013\/02\/daniel-sirena.jpg","type":"","width":"","height":""}],"author":"redazione","twitter_card":"summary_large_image","twitter_creator":"@bellunopress","twitter_site":"@bellunopress","twitter_misc":{"Written by":"redazione","Est. reading time":"3 minutes"},"schema":{"@context":"https:\/\/schema.org","@graph":[{"@type":"Article","@id":"https:\/\/www.bellunopress.it\/2013\/02\/19\/comitato-referendario-rocca-pietore-daniel-sirena-chiedo-ai-perenzin-ai-de-menech-ai-piccoli-ai-paniz-ai-reolon-ai-bond-ai-toscani-che-hanno-sostenuto-e-promosso-linutilita-dei-referendum\/#article","isPartOf":{"@id":"https:\/\/www.bellunopress.it\/2013\/02\/19\/comitato-referendario-rocca-pietore-daniel-sirena-chiedo-ai-perenzin-ai-de-menech-ai-piccoli-ai-paniz-ai-reolon-ai-bond-ai-toscani-che-hanno-sostenuto-e-promosso-linutilita-dei-referendum\/"},"author":{"name":"redazione","@id":"https:\/\/www.bellunopress.it\/#\/schema\/person\/79bb06722b37ece1c03d3e94beb30d73"},"headline":"Comitato referendario Rocca Pietore. Daniel Sirena: &#8220;Chiedo ai Perenzin, ai De Menech, ai Piccoli, ai Paniz, ai Reolon, ai Bond, ai Toscani che hanno sostenuto e promosso l&#8217;inutilit\u00e0 dei referendum, risolveranno loro i problemi della montagna?&#8221;","datePublished":"2013-02-19T12:56:17+00:00","mainEntityOfPage":{"@id":"https:\/\/www.bellunopress.it\/2013\/02\/19\/comitato-referendario-rocca-pietore-daniel-sirena-chiedo-ai-perenzin-ai-de-menech-ai-piccoli-ai-paniz-ai-reolon-ai-bond-ai-toscani-che-hanno-sostenuto-e-promosso-linutilita-dei-referendum\/"},"wordCount":541,"publisher":{"@id":"https:\/\/www.bellunopress.it\/#organization"},"image":{"@id":"https:\/\/www.bellunopress.it\/2013\/02\/19\/comitato-referendario-rocca-pietore-daniel-sirena-chiedo-ai-perenzin-ai-de-menech-ai-piccoli-ai-paniz-ai-reolon-ai-bond-ai-toscani-che-hanno-sostenuto-e-promosso-linutilita-dei-referendum\/#primaryimage"},"thumbnailUrl":"http:\/\/www.bellunopress.it\/wp-content\/uploads\/2013\/02\/daniel-sirena.jpg","articleSection":["Cronaca\/Politica","Prima Pagina"],"inLanguage":"fr-FR"},{"@type":"WebPage","@id":"https:\/\/www.bellunopress.it\/2013\/02\/19\/comitato-referendario-rocca-pietore-daniel-sirena-chiedo-ai-perenzin-ai-de-menech-ai-piccoli-ai-paniz-ai-reolon-ai-bond-ai-toscani-che-hanno-sostenuto-e-promosso-linutilita-dei-referendum\/","url":"https:\/\/www.bellunopress.it\/2013\/02\/19\/comitato-referendario-rocca-pietore-daniel-sirena-chiedo-ai-perenzin-ai-de-menech-ai-piccoli-ai-paniz-ai-reolon-ai-bond-ai-toscani-che-hanno-sostenuto-e-promosso-linutilita-dei-referendum\/","name":"Comitato referendario Rocca Pietore. Daniel Sirena: \"Chiedo ai Perenzin, ai De Menech, ai Piccoli, ai Paniz, ai Reolon, ai Bond, ai Toscani che hanno sostenuto e promosso l'inutilit\u00e0 dei referendum, risolveranno loro i problemi della montagna?\" - Bellunopress - Dolomiti","isPartOf":{"@id":"https:\/\/www.bellunopress.it\/#website"},"primaryImageOfPage":{"@id":"https:\/\/www.bellunopress.it\/2013\/02\/19\/comitato-referendario-rocca-pietore-daniel-sirena-chiedo-ai-perenzin-ai-de-menech-ai-piccoli-ai-paniz-ai-reolon-ai-bond-ai-toscani-che-hanno-sostenuto-e-promosso-linutilita-dei-referendum\/#primaryimage"},"image":{"@id":"https:\/\/www.bellunopress.it\/2013\/02\/19\/comitato-referendario-rocca-pietore-daniel-sirena-chiedo-ai-perenzin-ai-de-menech-ai-piccoli-ai-paniz-ai-reolon-ai-bond-ai-toscani-che-hanno-sostenuto-e-promosso-linutilita-dei-referendum\/#primaryimage"},"thumbnailUrl":"http:\/\/www.bellunopress.it\/wp-content\/uploads\/2013\/02\/daniel-sirena.jpg","datePublished":"2013-02-19T12:56:17+00:00","breadcrumb":{"@id":"https:\/\/www.bellunopress.it\/2013\/02\/19\/comitato-referendario-rocca-pietore-daniel-sirena-chiedo-ai-perenzin-ai-de-menech-ai-piccoli-ai-paniz-ai-reolon-ai-bond-ai-toscani-che-hanno-sostenuto-e-promosso-linutilita-dei-referendum\/#breadcrumb"},"inLanguage":"fr-FR","potentialAction":[{"@type":"ReadAction","target":["https:\/\/www.bellunopress.it\/2013\/02\/19\/comitato-referendario-rocca-pietore-daniel-sirena-chiedo-ai-perenzin-ai-de-menech-ai-piccoli-ai-paniz-ai-reolon-ai-bond-ai-toscani-che-hanno-sostenuto-e-promosso-linutilita-dei-referendum\/"]}]},{"@type":"ImageObject","inLanguage":"fr-FR","@id":"https:\/\/www.bellunopress.it\/2013\/02\/19\/comitato-referendario-rocca-pietore-daniel-sirena-chiedo-ai-perenzin-ai-de-menech-ai-piccoli-ai-paniz-ai-reolon-ai-bond-ai-toscani-che-hanno-sostenuto-e-promosso-linutilita-dei-referendum\/#primaryimage","url":"http:\/\/www.bellunopress.it\/wp-content\/uploads\/2013\/02\/daniel-sirena.jpg","contentUrl":"http:\/\/www.bellunopress.it\/wp-content\/uploads\/2013\/02\/daniel-sirena.jpg"},{"@type":"BreadcrumbList","@id":"https:\/\/www.bellunopress.it\/2013\/02\/19\/comitato-referendario-rocca-pietore-daniel-sirena-chiedo-ai-perenzin-ai-de-menech-ai-piccoli-ai-paniz-ai-reolon-ai-bond-ai-toscani-che-hanno-sostenuto-e-promosso-linutilita-dei-referendum\/#breadcrumb","itemListElement":[{"@type":"ListItem","position":1,"name":"Home","item":"https:\/\/www.bellunopress.it\/"},{"@type":"ListItem","position":2,"name":"Comitato referendario Rocca Pietore. Daniel Sirena: &#8220;Chiedo ai Perenzin, ai De Menech, ai Piccoli, ai Paniz, ai Reolon, ai Bond, ai Toscani che hanno sostenuto e promosso l&#8217;inutilit\u00e0 dei referendum, risolveranno loro i problemi della montagna?&#8221;"}]},{"@type":"WebSite","@id":"https:\/\/www.bellunopress.it\/#website","url":"https:\/\/www.bellunopress.it\/","name":"Bellunopress - Dolomiti","description":"e-mail: redazione@bellunopress.it","publisher":{"@id":"https:\/\/www.bellunopress.it\/#organization"},"potentialAction":[{"@type":"SearchAction","target":{"@type":"EntryPoint","urlTemplate":"https:\/\/www.bellunopress.it\/?s={search_term_string}"},"query-input":{"@type":"PropertyValueSpecification","valueRequired":true,"valueName":"search_term_string"}}],"inLanguage":"fr-FR"},{"@type":"Organization","@id":"https:\/\/www.bellunopress.it\/#organization","name":"Bellunopress","url":"https:\/\/www.bellunopress.it\/","logo":{"@type":"ImageObject","inLanguage":"fr-FR","@id":"https:\/\/www.bellunopress.it\/#\/schema\/logo\/image\/","url":"https:\/\/www.bellunopress.it\/wp-content\/uploads\/2011\/05\/cropped-logo-bellunopress-.jpg","contentUrl":"https:\/\/www.bellunopress.it\/wp-content\/uploads\/2011\/05\/cropped-logo-bellunopress-.jpg","width":512,"height":512,"caption":"Bellunopress"},"image":{"@id":"https:\/\/www.bellunopress.it\/#\/schema\/logo\/image\/"},"sameAs":["https:\/\/www.facebook.com\/profile.php?id=100008943462799","https:\/\/x.com\/bellunopress","https:\/\/www.linkedin.com\/hp\/?dnr=JBzUWaJfMUw8vbXJJ2tVW5-I3jZKvC4wsoxE&amp;amp;amp;amp;amp;amp;trk=nav_responsive_tab_home","https:\/\/www.youtube.com\/channel\/UCxL0wu1uN0_3_7hGG0306cw"]},{"@type":"Person","@id":"https:\/\/www.bellunopress.it\/#\/schema\/person\/79bb06722b37ece1c03d3e94beb30d73","name":"r\u00e9daction","image":{"@type":"ImageObject","inLanguage":"fr-FR","@id":"https:\/\/secure.gravatar.com\/avatar\/37d968a2e67a6fd04c169c4bdef102d0bc5d31b2546345219e348575eb80e9a0?s=96&d=mm&r=g","url":"https:\/\/secure.gravatar.com\/avatar\/37d968a2e67a6fd04c169c4bdef102d0bc5d31b2546345219e348575eb80e9a0?s=96&d=mm&r=g","contentUrl":"https:\/\/secure.gravatar.com\/avatar\/37d968a2e67a6fd04c169c4bdef102d0bc5d31b2546345219e348575eb80e9a0?s=96&d=mm&r=g","caption":"redazione"},"sameAs":["http:\/\/www.bellunopress.it","https:\/\/x.com\/bellunopress"],"url":"https:\/\/www.bellunopress.it\/fr\/author\/redazione\/"}]}},"_links":{"self":[{"href":"https:\/\/www.bellunopress.it\/fr\/wp-json\/wp\/v2\/posts\/46886","targetHints":{"allow":["GET"]}}],"collection":[{"href":"https:\/\/www.bellunopress.it\/fr\/wp-json\/wp\/v2\/posts"}],"about":[{"href":"https:\/\/www.bellunopress.it\/fr\/wp-json\/wp\/v2\/types\/post"}],"author":[{"embeddable":true,"href":"https:\/\/www.bellunopress.it\/fr\/wp-json\/wp\/v2\/users\/2"}],"replies":[{"embeddable":true,"href":"https:\/\/www.bellunopress.it\/fr\/wp-json\/wp\/v2\/comments?post=46886"}],"version-history":[{"count":2,"href":"https:\/\/www.bellunopress.it\/fr\/wp-json\/wp\/v2\/posts\/46886\/revisions"}],"predecessor-version":[{"id":46889,"href":"https:\/\/www.bellunopress.it\/fr\/wp-json\/wp\/v2\/posts\/46886\/revisions\/46889"}],"wp:attachment":[{"href":"https:\/\/www.bellunopress.it\/fr\/wp-json\/wp\/v2\/media?parent=46886"}],"wp:term":[{"taxonomy":"category","embeddable":true,"href":"https:\/\/www.bellunopress.it\/fr\/wp-json\/wp\/v2\/categories?post=46886"},{"taxonomy":"post_tag","embeddable":true,"href":"https:\/\/www.bellunopress.it\/fr\/wp-json\/wp\/v2\/tags?post=46886"}],"curies":[{"name":"wp","href":"https:\/\/api.w.org\/{rel}","templated":true}]}}