{"id":46882,"date":"2013-02-19T13:14:55","date_gmt":"2013-02-19T12:14:55","guid":{"rendered":"http:\/\/www.bellunopress.it\/?p=46882"},"modified":"2013-02-19T13:14:55","modified_gmt":"2013-02-19T12:14:55","slug":"polo-e-fondo-inedita-staffetta-tra-sciatori-e-cavalli-a-fiames-con-le-campionesse-paruzzi-e-santer","status":"publish","type":"post","link":"https:\/\/www.bellunopress.it\/fr\/2013\/02\/19\/polo-e-fondo-inedita-staffetta-tra-sciatori-e-cavalli-a-fiames-con-le-campionesse-paruzzi-e-santer\/","title":{"rendered":"Polo e fondo: inedita staffetta tra sciatori e cavalli a Fiames con le campionesse Paruzzi e Santer"},"content":{"rendered":"<p><a href=\"http:\/\/www.bellunopress.it\/wp-content\/uploads\/2013\/02\/cortina-winter-polo-fiames.jpg\"><img loading=\"lazy\" decoding=\"async\" class=\"alignleft size-full wp-image-46883\" alt=\"cortina winter polo fiames\" src=\"http:\/\/www.bellunopress.it\/wp-content\/uploads\/2013\/02\/cortina-winter-polo-fiames.jpg\" width=\"300\" height=\"169\" \/><\/a>Due antiche discipline, il polo e lo sci di fondo, si incontrano per la prima volta a Fiames, mercoled\u00ec 20 febbraio, in un evento-esibizione tanto inedito quanto storico. Il \u201cPolo &amp; Crosscountry Ski Challenge\u201d vedr\u00e0 infatti impegnati per la prima volta insieme i polo-player che partecipano al Cortina Winter Polo Audi Gold Cup e i maestri della Scuola Fondo Ski Cortina e Scuola Fondo Marotto. Cinque squadre, come quelle che partecipano al torneo su neve, composte da un cavaliere e due maestri di fondo per dar vita ad una divertente staffetta.<\/p>\n<p>La manifestazione sar\u00e0 impreziosita dalla presenza di due grandi stelle dello sci nordico la campionessa olimpica e mondiale Gabriella Paruzzi e la vincitrice della marcialonga Anna Santer, che parteciperanno in prima persona all\u2019evento. \u201cIl campo di Polo nasce proprio sulla partenza delle piste di fondo di Cortina, dove partono le gare di Coppa del Mondo di sci nordico. Abbiamo quindi deciso con il comitato organizzatore dell\u2019Audi Polo Gold Cup Circuit di dar vita un evento ludico-sportivo, uno show, che potesse valorizzare la bellezza di questi due sport\u201d, spiega Antonio Colli, responsabile manifestazioni del GIS (Gestione Impianti Sportivi Cortina), \u201cDobbiamo ringraziare il Corpo Forestale dello Stato che ogni giorno ci\u00a0supporta nella nostra attivit\u00e0 e soprattutto il Comandate Provinciale Flavio De Nicol\u00f2 per averci dato la possibilit\u00e0 di avere con noi due campionesse di questo calibro\u201d.<\/p>\n<p>Cavalieri e cavalli dovranno fare uno slalom tra i birilli posti al centro del campo e culminare la loro prova con un tiro in porta. Solo a goal realizzato partir\u00e0 la staffetta con i maestri di fondo che dovranno percorrere tutto il campo di polo tra i birilli. Conquister\u00e0 la vittoria la squadra che avr\u00e0 compiuto l\u2019intero percorso (a cavallo e con gli sci) nel minor tempo possibile. Alla fine \u201cterzo tempo\u201d con frittelle e vin brul\u00e8 per tutti.<\/p>\n<p><strong>Il programma di mercoled\u00ec 20 febbraio<\/strong><\/p>\n<p>CAMPO GARA \u2013 FIAMES<\/p>\n<p>Ore 13.00: U.S. Polo Assn. Team vs John Taylor Montecarlo.<\/p>\n<p>A seguire: Polo &amp; Crosscountry Ski Challenge<\/p>\n<p>&nbsp;<\/p>","protected":false},"excerpt":{"rendered":"<p>Due antiche discipline, il polo e lo sci di fondo, si incontrano per la prima volta a Fiames, mercoled\u00ec 20 febbraio, in un evento-esibizione tanto inedito quanto storico. Il \u201cPolo &amp; Crosscountry Ski Challenge\u201d vedr\u00e0 infatti impegnati per la prima volta insieme i polo-player che partecipano al Cortina Winter Polo Audi Gold Cup e i [&hellip;]<\/p>\n","protected":false},"author":2,"featured_media":0,"comment_status":"closed","ping_status":"open","sticky":false,"template":"","format":"standard","meta":{"footnotes":""},"categories":[26,8,4],"tags":[],"class_list":["post-46882","post","type-post","status-publish","format-standard","category-prima-pagina","category-societa-istituzioni","category-sport"],"yoast_head":"<!-- This site is optimized with the Yoast SEO plugin v28.4 - https:\/\/yoast.com\/product\/yoast-seo-wordpress\/ -->\n<title>Polo e fondo: inedita staffetta tra sciatori e cavalli a Fiames con le campionesse Paruzzi e Santer - Bellunopress - Dolomiti<\/title>\n<meta name=\"robots\" content=\"index, follow, max-snippet:-1, max-image-preview:large, max-video-preview:-1\" \/>\n<link rel=\"canonical\" href=\"https:\/\/www.bellunopress.it\/fr\/2013\/02\/19\/polo-e-fondo-inedita-staffetta-tra-sciatori-e-cavalli-a-fiames-con-le-campionesse-paruzzi-e-santer\/\" \/>\n<meta property=\"og:locale\" content=\"fr_FR\" \/>\n<meta property=\"og:type\" content=\"article\" \/>\n<meta property=\"og:title\" content=\"Polo e fondo: inedita staffetta tra sciatori e cavalli a Fiames con le campionesse Paruzzi e Santer - Bellunopress - Dolomiti\" \/>\n<meta property=\"og:description\" content=\"Due antiche discipline, il polo e lo sci di fondo, si incontrano per la prima volta a Fiames, mercoled\u00ec 20 febbraio, in un evento-esibizione tanto inedito quanto storico. Il \u201cPolo &amp; Crosscountry Ski Challenge\u201d vedr\u00e0 infatti impegnati per la prima volta insieme i polo-player che partecipano al Cortina Winter Polo Audi Gold Cup e i [&hellip;]\" \/>\n<meta property=\"og:url\" content=\"https:\/\/www.bellunopress.it\/fr\/2013\/02\/19\/polo-e-fondo-inedita-staffetta-tra-sciatori-e-cavalli-a-fiames-con-le-campionesse-paruzzi-e-santer\/\" \/>\n<meta property=\"og:site_name\" content=\"Bellunopress - Dolomiti\" \/>\n<meta property=\"article:publisher\" content=\"https:\/\/www.facebook.com\/profile.php?id=100008943462799\" \/>\n<meta property=\"article:published_time\" content=\"2013-02-19T12:14:55+00:00\" \/>\n<meta property=\"og:image\" content=\"http:\/\/www.bellunopress.it\/wp-content\/uploads\/2013\/02\/cortina-winter-polo-fiames.jpg\" \/>\n<meta name=\"author\" content=\"redazione\" \/>\n<meta name=\"twitter:card\" content=\"summary_large_image\" \/>\n<meta name=\"twitter:creator\" content=\"@bellunopress\" \/>\n<meta name=\"twitter:site\" content=\"@bellunopress\" \/>\n<meta name=\"twitter:label1\" content=\"Written by\" \/>\n\t<meta name=\"twitter:data1\" content=\"redazione\" \/>\n\t<meta name=\"twitter:label2\" content=\"Est. reading time\" \/>\n\t<meta name=\"twitter:data2\" content=\"2 minutes\" \/>\n<script type=\"application\/ld+json\" class=\"yoast-schema-graph\">{\"@context\":\"https:\\\/\\\/schema.org\",\"@graph\":[{\"@type\":\"Article\",\"@id\":\"https:\\\/\\\/www.bellunopress.it\\\/2013\\\/02\\\/19\\\/polo-e-fondo-inedita-staffetta-tra-sciatori-e-cavalli-a-fiames-con-le-campionesse-paruzzi-e-santer\\\/#article\",\"isPartOf\":{\"@id\":\"https:\\\/\\\/www.bellunopress.it\\\/2013\\\/02\\\/19\\\/polo-e-fondo-inedita-staffetta-tra-sciatori-e-cavalli-a-fiames-con-le-campionesse-paruzzi-e-santer\\\/\"},\"author\":{\"name\":\"redazione\",\"@id\":\"https:\\\/\\\/www.bellunopress.it\\\/#\\\/schema\\\/person\\\/79bb06722b37ece1c03d3e94beb30d73\"},\"headline\":\"Polo e fondo: inedita staffetta tra sciatori e cavalli a Fiames con le campionesse Paruzzi e Santer\",\"datePublished\":\"2013-02-19T12:14:55+00:00\",\"mainEntityOfPage\":{\"@id\":\"https:\\\/\\\/www.bellunopress.it\\\/2013\\\/02\\\/19\\\/polo-e-fondo-inedita-staffetta-tra-sciatori-e-cavalli-a-fiames-con-le-campionesse-paruzzi-e-santer\\\/\"},\"wordCount\":350,\"publisher\":{\"@id\":\"https:\\\/\\\/www.bellunopress.it\\\/#organization\"},\"image\":{\"@id\":\"https:\\\/\\\/www.bellunopress.it\\\/2013\\\/02\\\/19\\\/polo-e-fondo-inedita-staffetta-tra-sciatori-e-cavalli-a-fiames-con-le-campionesse-paruzzi-e-santer\\\/#primaryimage\"},\"thumbnailUrl\":\"http:\\\/\\\/www.bellunopress.it\\\/wp-content\\\/uploads\\\/2013\\\/02\\\/cortina-winter-polo-fiames.jpg\",\"articleSection\":[\"Prima Pagina\",\"Societ\u00e0, Associazioni, Istituzioni\",\"Sport, tempo libero\"],\"inLanguage\":\"fr-FR\"},{\"@type\":\"WebPage\",\"@id\":\"https:\\\/\\\/www.bellunopress.it\\\/2013\\\/02\\\/19\\\/polo-e-fondo-inedita-staffetta-tra-sciatori-e-cavalli-a-fiames-con-le-campionesse-paruzzi-e-santer\\\/\",\"url\":\"https:\\\/\\\/www.bellunopress.it\\\/2013\\\/02\\\/19\\\/polo-e-fondo-inedita-staffetta-tra-sciatori-e-cavalli-a-fiames-con-le-campionesse-paruzzi-e-santer\\\/\",\"name\":\"Polo e fondo: inedita staffetta tra sciatori e cavalli a Fiames con le campionesse Paruzzi e Santer - Bellunopress - Dolomiti\",\"isPartOf\":{\"@id\":\"https:\\\/\\\/www.bellunopress.it\\\/#website\"},\"primaryImageOfPage\":{\"@id\":\"https:\\\/\\\/www.bellunopress.it\\\/2013\\\/02\\\/19\\\/polo-e-fondo-inedita-staffetta-tra-sciatori-e-cavalli-a-fiames-con-le-campionesse-paruzzi-e-santer\\\/#primaryimage\"},\"image\":{\"@id\":\"https:\\\/\\\/www.bellunopress.it\\\/2013\\\/02\\\/19\\\/polo-e-fondo-inedita-staffetta-tra-sciatori-e-cavalli-a-fiames-con-le-campionesse-paruzzi-e-santer\\\/#primaryimage\"},\"thumbnailUrl\":\"http:\\\/\\\/www.bellunopress.it\\\/wp-content\\\/uploads\\\/2013\\\/02\\\/cortina-winter-polo-fiames.jpg\",\"datePublished\":\"2013-02-19T12:14:55+00:00\",\"breadcrumb\":{\"@id\":\"https:\\\/\\\/www.bellunopress.it\\\/2013\\\/02\\\/19\\\/polo-e-fondo-inedita-staffetta-tra-sciatori-e-cavalli-a-fiames-con-le-campionesse-paruzzi-e-santer\\\/#breadcrumb\"},\"inLanguage\":\"fr-FR\",\"potentialAction\":[{\"@type\":\"ReadAction\",\"target\":[\"https:\\\/\\\/www.bellunopress.it\\\/2013\\\/02\\\/19\\\/polo-e-fondo-inedita-staffetta-tra-sciatori-e-cavalli-a-fiames-con-le-campionesse-paruzzi-e-santer\\\/\"]}]},{\"@type\":\"ImageObject\",\"inLanguage\":\"fr-FR\",\"@id\":\"https:\\\/\\\/www.bellunopress.it\\\/2013\\\/02\\\/19\\\/polo-e-fondo-inedita-staffetta-tra-sciatori-e-cavalli-a-fiames-con-le-campionesse-paruzzi-e-santer\\\/#primaryimage\",\"url\":\"http:\\\/\\\/www.bellunopress.it\\\/wp-content\\\/uploads\\\/2013\\\/02\\\/cortina-winter-polo-fiames.jpg\",\"contentUrl\":\"http:\\\/\\\/www.bellunopress.it\\\/wp-content\\\/uploads\\\/2013\\\/02\\\/cortina-winter-polo-fiames.jpg\"},{\"@type\":\"BreadcrumbList\",\"@id\":\"https:\\\/\\\/www.bellunopress.it\\\/2013\\\/02\\\/19\\\/polo-e-fondo-inedita-staffetta-tra-sciatori-e-cavalli-a-fiames-con-le-campionesse-paruzzi-e-santer\\\/#breadcrumb\",\"itemListElement\":[{\"@type\":\"ListItem\",\"position\":1,\"name\":\"Home\",\"item\":\"https:\\\/\\\/www.bellunopress.it\\\/\"},{\"@type\":\"ListItem\",\"position\":2,\"name\":\"Polo e fondo: inedita staffetta tra sciatori e cavalli a Fiames con le campionesse Paruzzi e Santer\"}]},{\"@type\":\"WebSite\",\"@id\":\"https:\\\/\\\/www.bellunopress.it\\\/#website\",\"url\":\"https:\\\/\\\/www.bellunopress.it\\\/\",\"name\":\"Bellunopress - Dolomiti\",\"description\":\"e-mail: redazione@bellunopress.it\",\"publisher\":{\"@id\":\"https:\\\/\\\/www.bellunopress.it\\\/#organization\"},\"potentialAction\":[{\"@type\":\"SearchAction\",\"target\":{\"@type\":\"EntryPoint\",\"urlTemplate\":\"https:\\\/\\\/www.bellunopress.it\\\/?s={search_term_string}\"},\"query-input\":{\"@type\":\"PropertyValueSpecification\",\"valueRequired\":true,\"valueName\":\"search_term_string\"}}],\"inLanguage\":\"fr-FR\"},{\"@type\":\"Organization\",\"@id\":\"https:\\\/\\\/www.bellunopress.it\\\/#organization\",\"name\":\"Bellunopress\",\"url\":\"https:\\\/\\\/www.bellunopress.it\\\/\",\"logo\":{\"@type\":\"ImageObject\",\"inLanguage\":\"fr-FR\",\"@id\":\"https:\\\/\\\/www.bellunopress.it\\\/#\\\/schema\\\/logo\\\/image\\\/\",\"url\":\"https:\\\/\\\/www.bellunopress.it\\\/wp-content\\\/uploads\\\/2011\\\/05\\\/cropped-logo-bellunopress-.jpg\",\"contentUrl\":\"https:\\\/\\\/www.bellunopress.it\\\/wp-content\\\/uploads\\\/2011\\\/05\\\/cropped-logo-bellunopress-.jpg\",\"width\":512,\"height\":512,\"caption\":\"Bellunopress\"},\"image\":{\"@id\":\"https:\\\/\\\/www.bellunopress.it\\\/#\\\/schema\\\/logo\\\/image\\\/\"},\"sameAs\":[\"https:\\\/\\\/www.facebook.com\\\/profile.php?id=100008943462799\",\"https:\\\/\\\/x.com\\\/bellunopress\",\"https:\\\/\\\/www.linkedin.com\\\/hp\\\/?dnr=JBzUWaJfMUw8vbXJJ2tVW5-I3jZKvC4wsoxE&amp;amp;amp;amp;amp;amp;trk=nav_responsive_tab_home\",\"https:\\\/\\\/www.youtube.com\\\/channel\\\/UCxL0wu1uN0_3_7hGG0306cw\"]},{\"@type\":\"Person\",\"@id\":\"https:\\\/\\\/www.bellunopress.it\\\/#\\\/schema\\\/person\\\/79bb06722b37ece1c03d3e94beb30d73\",\"name\":\"redazione\",\"image\":{\"@type\":\"ImageObject\",\"inLanguage\":\"fr-FR\",\"@id\":\"https:\\\/\\\/secure.gravatar.com\\\/avatar\\\/37d968a2e67a6fd04c169c4bdef102d0bc5d31b2546345219e348575eb80e9a0?s=96&d=mm&r=g\",\"url\":\"https:\\\/\\\/secure.gravatar.com\\\/avatar\\\/37d968a2e67a6fd04c169c4bdef102d0bc5d31b2546345219e348575eb80e9a0?s=96&d=mm&r=g\",\"contentUrl\":\"https:\\\/\\\/secure.gravatar.com\\\/avatar\\\/37d968a2e67a6fd04c169c4bdef102d0bc5d31b2546345219e348575eb80e9a0?s=96&d=mm&r=g\",\"caption\":\"redazione\"},\"sameAs\":[\"http:\\\/\\\/www.bellunopress.it\",\"https:\\\/\\\/x.com\\\/bellunopress\"],\"url\":\"https:\\\/\\\/www.bellunopress.it\\\/fr\\\/author\\\/redazione\\\/\"}]}<\/script>\n<!-- \/ Yoast SEO plugin. -->","yoast_head_json":{"title":"Polo e fondo: inedita staffetta tra sciatori e cavalli a Fiames con le campionesse Paruzzi e Santer - Bellunopress - Dolomiti","robots":{"index":"index","follow":"follow","max-snippet":"max-snippet:-1","max-image-preview":"max-image-preview:large","max-video-preview":"max-video-preview:-1"},"canonical":"https:\/\/www.bellunopress.it\/fr\/2013\/02\/19\/polo-e-fondo-inedita-staffetta-tra-sciatori-e-cavalli-a-fiames-con-le-campionesse-paruzzi-e-santer\/","og_locale":"fr_FR","og_type":"article","og_title":"Polo e fondo: inedita staffetta tra sciatori e cavalli a Fiames con le campionesse Paruzzi e Santer - Bellunopress - Dolomiti","og_description":"Due antiche discipline, il polo e lo sci di fondo, si incontrano per la prima volta a Fiames, mercoled\u00ec 20 febbraio, in un evento-esibizione tanto inedito quanto storico. Il \u201cPolo &amp; Crosscountry Ski Challenge\u201d vedr\u00e0 infatti impegnati per la prima volta insieme i polo-player che partecipano al Cortina Winter Polo Audi Gold Cup e i [&hellip;]","og_url":"https:\/\/www.bellunopress.it\/fr\/2013\/02\/19\/polo-e-fondo-inedita-staffetta-tra-sciatori-e-cavalli-a-fiames-con-le-campionesse-paruzzi-e-santer\/","og_site_name":"Bellunopress - Dolomiti","article_publisher":"https:\/\/www.facebook.com\/profile.php?id=100008943462799","article_published_time":"2013-02-19T12:14:55+00:00","og_image":[{"url":"http:\/\/www.bellunopress.it\/wp-content\/uploads\/2013\/02\/cortina-winter-polo-fiames.jpg","type":"","width":"","height":""}],"author":"redazione","twitter_card":"summary_large_image","twitter_creator":"@bellunopress","twitter_site":"@bellunopress","twitter_misc":{"Written by":"redazione","Est. reading time":"2 minutes"},"schema":{"@context":"https:\/\/schema.org","@graph":[{"@type":"Article","@id":"https:\/\/www.bellunopress.it\/2013\/02\/19\/polo-e-fondo-inedita-staffetta-tra-sciatori-e-cavalli-a-fiames-con-le-campionesse-paruzzi-e-santer\/#article","isPartOf":{"@id":"https:\/\/www.bellunopress.it\/2013\/02\/19\/polo-e-fondo-inedita-staffetta-tra-sciatori-e-cavalli-a-fiames-con-le-campionesse-paruzzi-e-santer\/"},"author":{"name":"redazione","@id":"https:\/\/www.bellunopress.it\/#\/schema\/person\/79bb06722b37ece1c03d3e94beb30d73"},"headline":"Polo e fondo: inedita staffetta tra sciatori e cavalli a Fiames con le campionesse Paruzzi e Santer","datePublished":"2013-02-19T12:14:55+00:00","mainEntityOfPage":{"@id":"https:\/\/www.bellunopress.it\/2013\/02\/19\/polo-e-fondo-inedita-staffetta-tra-sciatori-e-cavalli-a-fiames-con-le-campionesse-paruzzi-e-santer\/"},"wordCount":350,"publisher":{"@id":"https:\/\/www.bellunopress.it\/#organization"},"image":{"@id":"https:\/\/www.bellunopress.it\/2013\/02\/19\/polo-e-fondo-inedita-staffetta-tra-sciatori-e-cavalli-a-fiames-con-le-campionesse-paruzzi-e-santer\/#primaryimage"},"thumbnailUrl":"http:\/\/www.bellunopress.it\/wp-content\/uploads\/2013\/02\/cortina-winter-polo-fiames.jpg","articleSection":["Prima Pagina","Societ\u00e0, Associazioni, Istituzioni","Sport, tempo libero"],"inLanguage":"fr-FR"},{"@type":"WebPage","@id":"https:\/\/www.bellunopress.it\/2013\/02\/19\/polo-e-fondo-inedita-staffetta-tra-sciatori-e-cavalli-a-fiames-con-le-campionesse-paruzzi-e-santer\/","url":"https:\/\/www.bellunopress.it\/2013\/02\/19\/polo-e-fondo-inedita-staffetta-tra-sciatori-e-cavalli-a-fiames-con-le-campionesse-paruzzi-e-santer\/","name":"Polo e fondo: inedita staffetta tra sciatori e cavalli a Fiames con le campionesse Paruzzi e Santer - Bellunopress - Dolomiti","isPartOf":{"@id":"https:\/\/www.bellunopress.it\/#website"},"primaryImageOfPage":{"@id":"https:\/\/www.bellunopress.it\/2013\/02\/19\/polo-e-fondo-inedita-staffetta-tra-sciatori-e-cavalli-a-fiames-con-le-campionesse-paruzzi-e-santer\/#primaryimage"},"image":{"@id":"https:\/\/www.bellunopress.it\/2013\/02\/19\/polo-e-fondo-inedita-staffetta-tra-sciatori-e-cavalli-a-fiames-con-le-campionesse-paruzzi-e-santer\/#primaryimage"},"thumbnailUrl":"http:\/\/www.bellunopress.it\/wp-content\/uploads\/2013\/02\/cortina-winter-polo-fiames.jpg","datePublished":"2013-02-19T12:14:55+00:00","breadcrumb":{"@id":"https:\/\/www.bellunopress.it\/2013\/02\/19\/polo-e-fondo-inedita-staffetta-tra-sciatori-e-cavalli-a-fiames-con-le-campionesse-paruzzi-e-santer\/#breadcrumb"},"inLanguage":"fr-FR","potentialAction":[{"@type":"ReadAction","target":["https:\/\/www.bellunopress.it\/2013\/02\/19\/polo-e-fondo-inedita-staffetta-tra-sciatori-e-cavalli-a-fiames-con-le-campionesse-paruzzi-e-santer\/"]}]},{"@type":"ImageObject","inLanguage":"fr-FR","@id":"https:\/\/www.bellunopress.it\/2013\/02\/19\/polo-e-fondo-inedita-staffetta-tra-sciatori-e-cavalli-a-fiames-con-le-campionesse-paruzzi-e-santer\/#primaryimage","url":"http:\/\/www.bellunopress.it\/wp-content\/uploads\/2013\/02\/cortina-winter-polo-fiames.jpg","contentUrl":"http:\/\/www.bellunopress.it\/wp-content\/uploads\/2013\/02\/cortina-winter-polo-fiames.jpg"},{"@type":"BreadcrumbList","@id":"https:\/\/www.bellunopress.it\/2013\/02\/19\/polo-e-fondo-inedita-staffetta-tra-sciatori-e-cavalli-a-fiames-con-le-campionesse-paruzzi-e-santer\/#breadcrumb","itemListElement":[{"@type":"ListItem","position":1,"name":"Home","item":"https:\/\/www.bellunopress.it\/"},{"@type":"ListItem","position":2,"name":"Polo e fondo: inedita staffetta tra sciatori e cavalli a Fiames con le campionesse Paruzzi e Santer"}]},{"@type":"WebSite","@id":"https:\/\/www.bellunopress.it\/#website","url":"https:\/\/www.bellunopress.it\/","name":"Bellunopress - Dolomiti","description":"e-mail: redazione@bellunopress.it","publisher":{"@id":"https:\/\/www.bellunopress.it\/#organization"},"potentialAction":[{"@type":"SearchAction","target":{"@type":"EntryPoint","urlTemplate":"https:\/\/www.bellunopress.it\/?s={search_term_string}"},"query-input":{"@type":"PropertyValueSpecification","valueRequired":true,"valueName":"search_term_string"}}],"inLanguage":"fr-FR"},{"@type":"Organization","@id":"https:\/\/www.bellunopress.it\/#organization","name":"Bellunopress","url":"https:\/\/www.bellunopress.it\/","logo":{"@type":"ImageObject","inLanguage":"fr-FR","@id":"https:\/\/www.bellunopress.it\/#\/schema\/logo\/image\/","url":"https:\/\/www.bellunopress.it\/wp-content\/uploads\/2011\/05\/cropped-logo-bellunopress-.jpg","contentUrl":"https:\/\/www.bellunopress.it\/wp-content\/uploads\/2011\/05\/cropped-logo-bellunopress-.jpg","width":512,"height":512,"caption":"Bellunopress"},"image":{"@id":"https:\/\/www.bellunopress.it\/#\/schema\/logo\/image\/"},"sameAs":["https:\/\/www.facebook.com\/profile.php?id=100008943462799","https:\/\/x.com\/bellunopress","https:\/\/www.linkedin.com\/hp\/?dnr=JBzUWaJfMUw8vbXJJ2tVW5-I3jZKvC4wsoxE&amp;amp;amp;amp;amp;amp;trk=nav_responsive_tab_home","https:\/\/www.youtube.com\/channel\/UCxL0wu1uN0_3_7hGG0306cw"]},{"@type":"Person","@id":"https:\/\/www.bellunopress.it\/#\/schema\/person\/79bb06722b37ece1c03d3e94beb30d73","name":"r\u00e9daction","image":{"@type":"ImageObject","inLanguage":"fr-FR","@id":"https:\/\/secure.gravatar.com\/avatar\/37d968a2e67a6fd04c169c4bdef102d0bc5d31b2546345219e348575eb80e9a0?s=96&d=mm&r=g","url":"https:\/\/secure.gravatar.com\/avatar\/37d968a2e67a6fd04c169c4bdef102d0bc5d31b2546345219e348575eb80e9a0?s=96&d=mm&r=g","contentUrl":"https:\/\/secure.gravatar.com\/avatar\/37d968a2e67a6fd04c169c4bdef102d0bc5d31b2546345219e348575eb80e9a0?s=96&d=mm&r=g","caption":"redazione"},"sameAs":["http:\/\/www.bellunopress.it","https:\/\/x.com\/bellunopress"],"url":"https:\/\/www.bellunopress.it\/fr\/author\/redazione\/"}]}},"_links":{"self":[{"href":"https:\/\/www.bellunopress.it\/fr\/wp-json\/wp\/v2\/posts\/46882","targetHints":{"allow":["GET"]}}],"collection":[{"href":"https:\/\/www.bellunopress.it\/fr\/wp-json\/wp\/v2\/posts"}],"about":[{"href":"https:\/\/www.bellunopress.it\/fr\/wp-json\/wp\/v2\/types\/post"}],"author":[{"embeddable":true,"href":"https:\/\/www.bellunopress.it\/fr\/wp-json\/wp\/v2\/users\/2"}],"replies":[{"embeddable":true,"href":"https:\/\/www.bellunopress.it\/fr\/wp-json\/wp\/v2\/comments?post=46882"}],"version-history":[{"count":1,"href":"https:\/\/www.bellunopress.it\/fr\/wp-json\/wp\/v2\/posts\/46882\/revisions"}],"predecessor-version":[{"id":46885,"href":"https:\/\/www.bellunopress.it\/fr\/wp-json\/wp\/v2\/posts\/46882\/revisions\/46885"}],"wp:attachment":[{"href":"https:\/\/www.bellunopress.it\/fr\/wp-json\/wp\/v2\/media?parent=46882"}],"wp:term":[{"taxonomy":"category","embeddable":true,"href":"https:\/\/www.bellunopress.it\/fr\/wp-json\/wp\/v2\/categories?post=46882"},{"taxonomy":"post_tag","embeddable":true,"href":"https:\/\/www.bellunopress.it\/fr\/wp-json\/wp\/v2\/tags?post=46882"}],"curies":[{"name":"wp","href":"https:\/\/api.w.org\/{rel}","templated":true}]}}