{"id":46873,"date":"2013-02-18T19:20:11","date_gmt":"2013-02-18T18:20:11","guid":{"rendered":"http:\/\/www.bellunopress.it\/?p=46873"},"modified":"2013-02-18T19:20:11","modified_gmt":"2013-02-18T18:20:11","slug":"referendum-daniele-trabucco-il-mancato-raggiungimento-del-quorum-e-imputabile-anche-ai-cittadini-residenti-allestero","status":"publish","type":"post","link":"https:\/\/www.bellunopress.it\/fr\/2013\/02\/18\/referendum-daniele-trabucco-il-mancato-raggiungimento-del-quorum-e-imputabile-anche-ai-cittadini-residenti-allestero\/","title":{"rendered":"Referendum. Daniele Trabucco: &#8220;il mancato raggiungimento del quorum \u00e8 imputabile anche ai cittadini residenti all\u2019estero&#8221;"},"content":{"rendered":"<p><a href=\"http:\/\/www.bellunopress.it\/wp-content\/uploads\/2012\/07\/daniele-trabucco-150.jpg\"><img loading=\"lazy\" decoding=\"async\" class=\"alignleft size-full wp-image-39795\" alt=\"daniele trabucco 150\" src=\"http:\/\/www.bellunopress.it\/wp-content\/uploads\/2012\/07\/daniele-trabucco-150.jpg\" width=\"136\" height=\"150\" \/><\/a>&#8220;Come consulente tecnico che ha seguito i comitati per i referendum di variazione territoriali, mi sento in dovere, senza entrare in valutazioni politiche che non mi competono, svolgere alcune brevi considerazioni&#8221;. Lo scrive in una nota Daniele Trabucco &#8211; \u00a0Universit\u00e0 degli Studi di Padova.<\/p>\n<p>&#8220;In primo luogo, il mancato raggiungimento del quorum \u00e8 imputabile, anche, al mancato esercizio del voto da parte di quei cittadini residenti all\u2019estero i quali, diversamente da quanto avviene per altre consultazioni elettorali (come le politiche), per esprimere il proprio punto di vista sarebbero dovuti rientrare in Italia. Si tratta di una carenza normativa grave che, in pi\u00f9 di un\u2019occasione, ha portato molti studiosi a dubitare della costituzionalit\u00e0 della norma che non consente la possibilit\u00e0 di votare dall\u2019estero per referendum di questo tipo. In secondo luogo, non credo che la sfida dell\u2019autonomia per la Provincia di Belluno passi solo dal nuovo Statuto regionale e dall\u2019attuazione dell\u2019art. 116, comma 3, della Costituzione. Il fatto che l\u2019art. 15, comma 5, dello Statuto veneto parli di conferimento di funzioni amministrative e regolamentari su materie particolarmente strategiche per il territorio bellunese, con contestuale trasferimento delle risorse finanziarie, sottende un\u2019idea di autonomia calata dall\u2019alto e, come tale, almeno potenzialmente revocabile.<\/p>\n<p>L\u2019autonomia, invece, e su questo non si pu\u00f2 non concordare il prof. Gian Candido De Martin, deve essere elemento costitutivo dell\u2019ente locale territoriale. A questo si aggiungano le difficolt\u00e0 di attuazione della specificit\u00e0 bellunese, su cui peraltro alcuni autorevoli costituzionalisti hanno addirittura dubitato della compatibilit\u00e0 a Costituzione. Infatti, ci si potrebbe chiedere se lo Statuto regionale \u00e8 davvero la fonte idonea ad attribuire un particolare status giuridico alle Province, poich\u00e9, sostengono, dovrebbe essere invece lo Stato a dettare l\u2019ordinamento complessivo degli enti locali territoriali.<\/p>\n<p>Il Governo Monti, comunque, sul punto, non aveva sollevato alcuna questione di costituzionalit\u00e0 davanti alla Corte. Quanto, all\u2019art. 116, comma 3, Cost., in attesa di fornire un giudizio pi\u00f9 preciso e completo dopo aver esaminato la proposta contenuta nel Libro Bianco sulla montagna, sono del parere che per la complessit\u00e0 procedurale della norma, difficilmente si potr\u00e0 arrivare a esito favorevole. N\u00e9 Veneto, n\u00e9 Lombardia, n\u00e9 Piemonte, che avevano avviato l\u2019iter, hanno a oggi ottenuto risposte concrete. Per non parlare poi dei problemi immensi che l\u2019art. 116, comma 3, della Costituzione pone e sui quali valgano le brillanti considerazioni del prof. Pizzetti dell\u2019Universit\u00e0 di Torino. Dove si gioca allora l\u2019autonomia?<\/p>\n<p>Credo su un nuovo modo di concepire l\u2019ordinamento regionale, superando il modello storico-statistico recepito dalla Costituzione per le Regioni ordinarie, al fine di pervenire a un\u2019area dolomitica omogenea, dotata di autonomia legislativa piena, amministrativa e finanziaria.<\/p>\n<p>In questo senso &#8211; conclude Trabucco &#8211; , sar\u00e0 opportuno riprendere tutti i progetti di legge costituzionali presentati in questi anni (Almirante, Collino, Dussin, Paniz ecc.) e arrivare a una proposta sulla quale tutte le forze politiche del territorio possano concordare&#8221;.<\/p>\n<p>&nbsp;<\/p>\n<p>&nbsp;<\/p>\n<p>&nbsp;<\/p>","protected":false},"excerpt":{"rendered":"<p>&#8220;Come consulente tecnico che ha seguito i comitati per i referendum di variazione territoriali, mi sento in dovere, senza entrare in valutazioni politiche che non mi competono, svolgere alcune brevi considerazioni&#8221;. Lo scrive in una nota Daniele Trabucco &#8211; \u00a0Universit\u00e0 degli Studi di Padova. &#8220;In primo luogo, il mancato raggiungimento del quorum \u00e8 imputabile, anche, [&hellip;]<\/p>\n","protected":false},"author":2,"featured_media":0,"comment_status":"closed","ping_status":"open","sticky":false,"template":"","format":"standard","meta":{"footnotes":""},"categories":[5,1,26],"tags":[],"class_list":["post-46873","post","type-post","status-publish","format-standard","category-cronaca","category-leo","category-prima-pagina"],"yoast_head":"<!-- This site is optimized with the Yoast SEO plugin v28.4 - https:\/\/yoast.com\/product\/yoast-seo-wordpress\/ -->\n<title>Referendum. Daniele Trabucco: &quot;il mancato raggiungimento del quorum \u00e8 imputabile anche ai cittadini residenti all\u2019estero&quot;  - Bellunopress - Dolomiti<\/title>\n<meta name=\"robots\" content=\"index, follow, max-snippet:-1, max-image-preview:large, max-video-preview:-1\" \/>\n<link rel=\"canonical\" href=\"https:\/\/www.bellunopress.it\/fr\/2013\/02\/18\/referendum-daniele-trabucco-il-mancato-raggiungimento-del-quorum-e-imputabile-anche-ai-cittadini-residenti-allestero\/\" \/>\n<meta property=\"og:locale\" content=\"fr_FR\" \/>\n<meta property=\"og:type\" content=\"article\" \/>\n<meta property=\"og:title\" content=\"Referendum. Daniele Trabucco: &quot;il mancato raggiungimento del quorum \u00e8 imputabile anche ai cittadini residenti all\u2019estero&quot;  - Bellunopress - Dolomiti\" \/>\n<meta property=\"og:description\" content=\"&#8220;Come consulente tecnico che ha seguito i comitati per i referendum di variazione territoriali, mi sento in dovere, senza entrare in valutazioni politiche che non mi competono, svolgere alcune brevi considerazioni&#8221;. Lo scrive in una nota Daniele Trabucco &#8211; \u00a0Universit\u00e0 degli Studi di Padova. &#8220;In primo luogo, il mancato raggiungimento del quorum \u00e8 imputabile, anche, [&hellip;]\" \/>\n<meta property=\"og:url\" content=\"https:\/\/www.bellunopress.it\/fr\/2013\/02\/18\/referendum-daniele-trabucco-il-mancato-raggiungimento-del-quorum-e-imputabile-anche-ai-cittadini-residenti-allestero\/\" \/>\n<meta property=\"og:site_name\" content=\"Bellunopress - Dolomiti\" \/>\n<meta property=\"article:publisher\" content=\"https:\/\/www.facebook.com\/profile.php?id=100008943462799\" \/>\n<meta property=\"article:published_time\" content=\"2013-02-18T18:20:11+00:00\" \/>\n<meta property=\"og:image\" content=\"http:\/\/www.bellunopress.it\/wp-content\/uploads\/2012\/07\/daniele-trabucco-150.jpg\" \/>\n<meta name=\"author\" content=\"redazione\" \/>\n<meta name=\"twitter:card\" content=\"summary_large_image\" \/>\n<meta name=\"twitter:creator\" content=\"@bellunopress\" \/>\n<meta name=\"twitter:site\" content=\"@bellunopress\" \/>\n<meta name=\"twitter:label1\" content=\"\u00c9crit par\" \/>\n\t<meta name=\"twitter:data1\" content=\"redazione\" \/>\n\t<meta name=\"twitter:label2\" content=\"Dur\u00e9e de lecture estim\u00e9e\" \/>\n\t<meta name=\"twitter:data2\" content=\"2 minutes\" \/>\n<script type=\"application\/ld+json\" class=\"yoast-schema-graph\">{\"@context\":\"https:\\\/\\\/schema.org\",\"@graph\":[{\"@type\":\"Article\",\"@id\":\"https:\\\/\\\/www.bellunopress.it\\\/2013\\\/02\\\/18\\\/referendum-daniele-trabucco-il-mancato-raggiungimento-del-quorum-e-imputabile-anche-ai-cittadini-residenti-allestero\\\/#article\",\"isPartOf\":{\"@id\":\"https:\\\/\\\/www.bellunopress.it\\\/2013\\\/02\\\/18\\\/referendum-daniele-trabucco-il-mancato-raggiungimento-del-quorum-e-imputabile-anche-ai-cittadini-residenti-allestero\\\/\"},\"author\":{\"name\":\"redazione\",\"@id\":\"https:\\\/\\\/www.bellunopress.it\\\/#\\\/schema\\\/person\\\/79bb06722b37ece1c03d3e94beb30d73\"},\"headline\":\"Referendum. Daniele Trabucco: &#8220;il mancato raggiungimento del quorum \u00e8 imputabile anche ai cittadini residenti all\u2019estero&#8221;\",\"datePublished\":\"2013-02-18T18:20:11+00:00\",\"mainEntityOfPage\":{\"@id\":\"https:\\\/\\\/www.bellunopress.it\\\/2013\\\/02\\\/18\\\/referendum-daniele-trabucco-il-mancato-raggiungimento-del-quorum-e-imputabile-anche-ai-cittadini-residenti-allestero\\\/\"},\"wordCount\":495,\"publisher\":{\"@id\":\"https:\\\/\\\/www.bellunopress.it\\\/#organization\"},\"image\":{\"@id\":\"https:\\\/\\\/www.bellunopress.it\\\/2013\\\/02\\\/18\\\/referendum-daniele-trabucco-il-mancato-raggiungimento-del-quorum-e-imputabile-anche-ai-cittadini-residenti-allestero\\\/#primaryimage\"},\"thumbnailUrl\":\"http:\\\/\\\/www.bellunopress.it\\\/wp-content\\\/uploads\\\/2012\\\/07\\\/daniele-trabucco-150.jpg\",\"articleSection\":[\"Cronaca\\\/Politica\",\"Lettere Opinioni\",\"Prima Pagina\"],\"inLanguage\":\"fr-FR\"},{\"@type\":\"WebPage\",\"@id\":\"https:\\\/\\\/www.bellunopress.it\\\/2013\\\/02\\\/18\\\/referendum-daniele-trabucco-il-mancato-raggiungimento-del-quorum-e-imputabile-anche-ai-cittadini-residenti-allestero\\\/\",\"url\":\"https:\\\/\\\/www.bellunopress.it\\\/2013\\\/02\\\/18\\\/referendum-daniele-trabucco-il-mancato-raggiungimento-del-quorum-e-imputabile-anche-ai-cittadini-residenti-allestero\\\/\",\"name\":\"Referendum. Daniele Trabucco: \\\"il mancato raggiungimento del quorum \u00e8 imputabile anche ai cittadini residenti all\u2019estero\\\" - Bellunopress - Dolomiti\",\"isPartOf\":{\"@id\":\"https:\\\/\\\/www.bellunopress.it\\\/#website\"},\"primaryImageOfPage\":{\"@id\":\"https:\\\/\\\/www.bellunopress.it\\\/2013\\\/02\\\/18\\\/referendum-daniele-trabucco-il-mancato-raggiungimento-del-quorum-e-imputabile-anche-ai-cittadini-residenti-allestero\\\/#primaryimage\"},\"image\":{\"@id\":\"https:\\\/\\\/www.bellunopress.it\\\/2013\\\/02\\\/18\\\/referendum-daniele-trabucco-il-mancato-raggiungimento-del-quorum-e-imputabile-anche-ai-cittadini-residenti-allestero\\\/#primaryimage\"},\"thumbnailUrl\":\"http:\\\/\\\/www.bellunopress.it\\\/wp-content\\\/uploads\\\/2012\\\/07\\\/daniele-trabucco-150.jpg\",\"datePublished\":\"2013-02-18T18:20:11+00:00\",\"breadcrumb\":{\"@id\":\"https:\\\/\\\/www.bellunopress.it\\\/2013\\\/02\\\/18\\\/referendum-daniele-trabucco-il-mancato-raggiungimento-del-quorum-e-imputabile-anche-ai-cittadini-residenti-allestero\\\/#breadcrumb\"},\"inLanguage\":\"fr-FR\",\"potentialAction\":[{\"@type\":\"ReadAction\",\"target\":[\"https:\\\/\\\/www.bellunopress.it\\\/2013\\\/02\\\/18\\\/referendum-daniele-trabucco-il-mancato-raggiungimento-del-quorum-e-imputabile-anche-ai-cittadini-residenti-allestero\\\/\"]}]},{\"@type\":\"ImageObject\",\"inLanguage\":\"fr-FR\",\"@id\":\"https:\\\/\\\/www.bellunopress.it\\\/2013\\\/02\\\/18\\\/referendum-daniele-trabucco-il-mancato-raggiungimento-del-quorum-e-imputabile-anche-ai-cittadini-residenti-allestero\\\/#primaryimage\",\"url\":\"http:\\\/\\\/www.bellunopress.it\\\/wp-content\\\/uploads\\\/2012\\\/07\\\/daniele-trabucco-150.jpg\",\"contentUrl\":\"http:\\\/\\\/www.bellunopress.it\\\/wp-content\\\/uploads\\\/2012\\\/07\\\/daniele-trabucco-150.jpg\"},{\"@type\":\"BreadcrumbList\",\"@id\":\"https:\\\/\\\/www.bellunopress.it\\\/2013\\\/02\\\/18\\\/referendum-daniele-trabucco-il-mancato-raggiungimento-del-quorum-e-imputabile-anche-ai-cittadini-residenti-allestero\\\/#breadcrumb\",\"itemListElement\":[{\"@type\":\"ListItem\",\"position\":1,\"name\":\"Home\",\"item\":\"https:\\\/\\\/www.bellunopress.it\\\/\"},{\"@type\":\"ListItem\",\"position\":2,\"name\":\"Referendum. Daniele Trabucco: &#8220;il mancato raggiungimento del quorum \u00e8 imputabile anche ai cittadini residenti all\u2019estero&#8221;\"}]},{\"@type\":\"WebSite\",\"@id\":\"https:\\\/\\\/www.bellunopress.it\\\/#website\",\"url\":\"https:\\\/\\\/www.bellunopress.it\\\/\",\"name\":\"Bellunopress - Dolomiti\",\"description\":\"e-mail: redazione@bellunopress.it\",\"publisher\":{\"@id\":\"https:\\\/\\\/www.bellunopress.it\\\/#organization\"},\"potentialAction\":[{\"@type\":\"SearchAction\",\"target\":{\"@type\":\"EntryPoint\",\"urlTemplate\":\"https:\\\/\\\/www.bellunopress.it\\\/?s={search_term_string}\"},\"query-input\":{\"@type\":\"PropertyValueSpecification\",\"valueRequired\":true,\"valueName\":\"search_term_string\"}}],\"inLanguage\":\"fr-FR\"},{\"@type\":\"Organization\",\"@id\":\"https:\\\/\\\/www.bellunopress.it\\\/#organization\",\"name\":\"Bellunopress\",\"url\":\"https:\\\/\\\/www.bellunopress.it\\\/\",\"logo\":{\"@type\":\"ImageObject\",\"inLanguage\":\"fr-FR\",\"@id\":\"https:\\\/\\\/www.bellunopress.it\\\/#\\\/schema\\\/logo\\\/image\\\/\",\"url\":\"https:\\\/\\\/www.bellunopress.it\\\/wp-content\\\/uploads\\\/2011\\\/05\\\/cropped-logo-bellunopress-.jpg\",\"contentUrl\":\"https:\\\/\\\/www.bellunopress.it\\\/wp-content\\\/uploads\\\/2011\\\/05\\\/cropped-logo-bellunopress-.jpg\",\"width\":512,\"height\":512,\"caption\":\"Bellunopress\"},\"image\":{\"@id\":\"https:\\\/\\\/www.bellunopress.it\\\/#\\\/schema\\\/logo\\\/image\\\/\"},\"sameAs\":[\"https:\\\/\\\/www.facebook.com\\\/profile.php?id=100008943462799\",\"https:\\\/\\\/x.com\\\/bellunopress\",\"https:\\\/\\\/www.linkedin.com\\\/hp\\\/?dnr=JBzUWaJfMUw8vbXJJ2tVW5-I3jZKvC4wsoxE&amp;amp;amp;amp;amp;amp;trk=nav_responsive_tab_home\",\"https:\\\/\\\/www.youtube.com\\\/channel\\\/UCxL0wu1uN0_3_7hGG0306cw\"]},{\"@type\":\"Person\",\"@id\":\"https:\\\/\\\/www.bellunopress.it\\\/#\\\/schema\\\/person\\\/79bb06722b37ece1c03d3e94beb30d73\",\"name\":\"redazione\",\"image\":{\"@type\":\"ImageObject\",\"inLanguage\":\"fr-FR\",\"@id\":\"https:\\\/\\\/secure.gravatar.com\\\/avatar\\\/37d968a2e67a6fd04c169c4bdef102d0bc5d31b2546345219e348575eb80e9a0?s=96&d=mm&r=g\",\"url\":\"https:\\\/\\\/secure.gravatar.com\\\/avatar\\\/37d968a2e67a6fd04c169c4bdef102d0bc5d31b2546345219e348575eb80e9a0?s=96&d=mm&r=g\",\"contentUrl\":\"https:\\\/\\\/secure.gravatar.com\\\/avatar\\\/37d968a2e67a6fd04c169c4bdef102d0bc5d31b2546345219e348575eb80e9a0?s=96&d=mm&r=g\",\"caption\":\"redazione\"},\"sameAs\":[\"http:\\\/\\\/www.bellunopress.it\",\"https:\\\/\\\/x.com\\\/bellunopress\"],\"url\":\"https:\\\/\\\/www.bellunopress.it\\\/fr\\\/author\\\/redazione\\\/\"}]}<\/script>\n<!-- \/ Yoast SEO plugin. -->","yoast_head_json":{"title":"Referendum. Daniele Trabucco: \"il mancato raggiungimento del quorum \u00e8 imputabile anche ai cittadini residenti all\u2019estero\"  - Bellunopress - Dolomiti","robots":{"index":"index","follow":"follow","max-snippet":"max-snippet:-1","max-image-preview":"max-image-preview:large","max-video-preview":"max-video-preview:-1"},"canonical":"https:\/\/www.bellunopress.it\/fr\/2013\/02\/18\/referendum-daniele-trabucco-il-mancato-raggiungimento-del-quorum-e-imputabile-anche-ai-cittadini-residenti-allestero\/","og_locale":"fr_FR","og_type":"article","og_title":"Referendum. Daniele Trabucco: \"il mancato raggiungimento del quorum \u00e8 imputabile anche ai cittadini residenti all\u2019estero\"  - Bellunopress - Dolomiti","og_description":"&#8220;Come consulente tecnico che ha seguito i comitati per i referendum di variazione territoriali, mi sento in dovere, senza entrare in valutazioni politiche che non mi competono, svolgere alcune brevi considerazioni&#8221;. Lo scrive in una nota Daniele Trabucco &#8211; \u00a0Universit\u00e0 degli Studi di Padova. &#8220;In primo luogo, il mancato raggiungimento del quorum \u00e8 imputabile, anche, [&hellip;]","og_url":"https:\/\/www.bellunopress.it\/fr\/2013\/02\/18\/referendum-daniele-trabucco-il-mancato-raggiungimento-del-quorum-e-imputabile-anche-ai-cittadini-residenti-allestero\/","og_site_name":"Bellunopress - Dolomiti","article_publisher":"https:\/\/www.facebook.com\/profile.php?id=100008943462799","article_published_time":"2013-02-18T18:20:11+00:00","og_image":[{"url":"http:\/\/www.bellunopress.it\/wp-content\/uploads\/2012\/07\/daniele-trabucco-150.jpg","type":"","width":"","height":""}],"author":"redazione","twitter_card":"summary_large_image","twitter_creator":"@bellunopress","twitter_site":"@bellunopress","twitter_misc":{"\u00c9crit par":"redazione","Dur\u00e9e de lecture estim\u00e9e":"2 minutes"},"schema":{"@context":"https:\/\/schema.org","@graph":[{"@type":"Article","@id":"https:\/\/www.bellunopress.it\/2013\/02\/18\/referendum-daniele-trabucco-il-mancato-raggiungimento-del-quorum-e-imputabile-anche-ai-cittadini-residenti-allestero\/#article","isPartOf":{"@id":"https:\/\/www.bellunopress.it\/2013\/02\/18\/referendum-daniele-trabucco-il-mancato-raggiungimento-del-quorum-e-imputabile-anche-ai-cittadini-residenti-allestero\/"},"author":{"name":"redazione","@id":"https:\/\/www.bellunopress.it\/#\/schema\/person\/79bb06722b37ece1c03d3e94beb30d73"},"headline":"Referendum. Daniele Trabucco: &#8220;il mancato raggiungimento del quorum \u00e8 imputabile anche ai cittadini residenti all\u2019estero&#8221;","datePublished":"2013-02-18T18:20:11+00:00","mainEntityOfPage":{"@id":"https:\/\/www.bellunopress.it\/2013\/02\/18\/referendum-daniele-trabucco-il-mancato-raggiungimento-del-quorum-e-imputabile-anche-ai-cittadini-residenti-allestero\/"},"wordCount":495,"publisher":{"@id":"https:\/\/www.bellunopress.it\/#organization"},"image":{"@id":"https:\/\/www.bellunopress.it\/2013\/02\/18\/referendum-daniele-trabucco-il-mancato-raggiungimento-del-quorum-e-imputabile-anche-ai-cittadini-residenti-allestero\/#primaryimage"},"thumbnailUrl":"http:\/\/www.bellunopress.it\/wp-content\/uploads\/2012\/07\/daniele-trabucco-150.jpg","articleSection":["Cronaca\/Politica","Lettere Opinioni","Prima Pagina"],"inLanguage":"fr-FR"},{"@type":"WebPage","@id":"https:\/\/www.bellunopress.it\/2013\/02\/18\/referendum-daniele-trabucco-il-mancato-raggiungimento-del-quorum-e-imputabile-anche-ai-cittadini-residenti-allestero\/","url":"https:\/\/www.bellunopress.it\/2013\/02\/18\/referendum-daniele-trabucco-il-mancato-raggiungimento-del-quorum-e-imputabile-anche-ai-cittadini-residenti-allestero\/","name":"Referendum. Daniele Trabucco: \"il mancato raggiungimento del quorum \u00e8 imputabile anche ai cittadini residenti all\u2019estero\" - Bellunopress - Dolomiti","isPartOf":{"@id":"https:\/\/www.bellunopress.it\/#website"},"primaryImageOfPage":{"@id":"https:\/\/www.bellunopress.it\/2013\/02\/18\/referendum-daniele-trabucco-il-mancato-raggiungimento-del-quorum-e-imputabile-anche-ai-cittadini-residenti-allestero\/#primaryimage"},"image":{"@id":"https:\/\/www.bellunopress.it\/2013\/02\/18\/referendum-daniele-trabucco-il-mancato-raggiungimento-del-quorum-e-imputabile-anche-ai-cittadini-residenti-allestero\/#primaryimage"},"thumbnailUrl":"http:\/\/www.bellunopress.it\/wp-content\/uploads\/2012\/07\/daniele-trabucco-150.jpg","datePublished":"2013-02-18T18:20:11+00:00","breadcrumb":{"@id":"https:\/\/www.bellunopress.it\/2013\/02\/18\/referendum-daniele-trabucco-il-mancato-raggiungimento-del-quorum-e-imputabile-anche-ai-cittadini-residenti-allestero\/#breadcrumb"},"inLanguage":"fr-FR","potentialAction":[{"@type":"ReadAction","target":["https:\/\/www.bellunopress.it\/2013\/02\/18\/referendum-daniele-trabucco-il-mancato-raggiungimento-del-quorum-e-imputabile-anche-ai-cittadini-residenti-allestero\/"]}]},{"@type":"ImageObject","inLanguage":"fr-FR","@id":"https:\/\/www.bellunopress.it\/2013\/02\/18\/referendum-daniele-trabucco-il-mancato-raggiungimento-del-quorum-e-imputabile-anche-ai-cittadini-residenti-allestero\/#primaryimage","url":"http:\/\/www.bellunopress.it\/wp-content\/uploads\/2012\/07\/daniele-trabucco-150.jpg","contentUrl":"http:\/\/www.bellunopress.it\/wp-content\/uploads\/2012\/07\/daniele-trabucco-150.jpg"},{"@type":"BreadcrumbList","@id":"https:\/\/www.bellunopress.it\/2013\/02\/18\/referendum-daniele-trabucco-il-mancato-raggiungimento-del-quorum-e-imputabile-anche-ai-cittadini-residenti-allestero\/#breadcrumb","itemListElement":[{"@type":"ListItem","position":1,"name":"Home","item":"https:\/\/www.bellunopress.it\/"},{"@type":"ListItem","position":2,"name":"Referendum. Daniele Trabucco: &#8220;il mancato raggiungimento del quorum \u00e8 imputabile anche ai cittadini residenti all\u2019estero&#8221;"}]},{"@type":"WebSite","@id":"https:\/\/www.bellunopress.it\/#website","url":"https:\/\/www.bellunopress.it\/","name":"Bellunopress - Dolomiti","description":"e-mail: redazione@bellunopress.it","publisher":{"@id":"https:\/\/www.bellunopress.it\/#organization"},"potentialAction":[{"@type":"SearchAction","target":{"@type":"EntryPoint","urlTemplate":"https:\/\/www.bellunopress.it\/?s={search_term_string}"},"query-input":{"@type":"PropertyValueSpecification","valueRequired":true,"valueName":"search_term_string"}}],"inLanguage":"fr-FR"},{"@type":"Organization","@id":"https:\/\/www.bellunopress.it\/#organization","name":"Bellunopress","url":"https:\/\/www.bellunopress.it\/","logo":{"@type":"ImageObject","inLanguage":"fr-FR","@id":"https:\/\/www.bellunopress.it\/#\/schema\/logo\/image\/","url":"https:\/\/www.bellunopress.it\/wp-content\/uploads\/2011\/05\/cropped-logo-bellunopress-.jpg","contentUrl":"https:\/\/www.bellunopress.it\/wp-content\/uploads\/2011\/05\/cropped-logo-bellunopress-.jpg","width":512,"height":512,"caption":"Bellunopress"},"image":{"@id":"https:\/\/www.bellunopress.it\/#\/schema\/logo\/image\/"},"sameAs":["https:\/\/www.facebook.com\/profile.php?id=100008943462799","https:\/\/x.com\/bellunopress","https:\/\/www.linkedin.com\/hp\/?dnr=JBzUWaJfMUw8vbXJJ2tVW5-I3jZKvC4wsoxE&amp;amp;amp;amp;amp;amp;trk=nav_responsive_tab_home","https:\/\/www.youtube.com\/channel\/UCxL0wu1uN0_3_7hGG0306cw"]},{"@type":"Person","@id":"https:\/\/www.bellunopress.it\/#\/schema\/person\/79bb06722b37ece1c03d3e94beb30d73","name":"r\u00e9daction","image":{"@type":"ImageObject","inLanguage":"fr-FR","@id":"https:\/\/secure.gravatar.com\/avatar\/37d968a2e67a6fd04c169c4bdef102d0bc5d31b2546345219e348575eb80e9a0?s=96&d=mm&r=g","url":"https:\/\/secure.gravatar.com\/avatar\/37d968a2e67a6fd04c169c4bdef102d0bc5d31b2546345219e348575eb80e9a0?s=96&d=mm&r=g","contentUrl":"https:\/\/secure.gravatar.com\/avatar\/37d968a2e67a6fd04c169c4bdef102d0bc5d31b2546345219e348575eb80e9a0?s=96&d=mm&r=g","caption":"redazione"},"sameAs":["http:\/\/www.bellunopress.it","https:\/\/x.com\/bellunopress"],"url":"https:\/\/www.bellunopress.it\/fr\/author\/redazione\/"}]}},"_links":{"self":[{"href":"https:\/\/www.bellunopress.it\/fr\/wp-json\/wp\/v2\/posts\/46873","targetHints":{"allow":["GET"]}}],"collection":[{"href":"https:\/\/www.bellunopress.it\/fr\/wp-json\/wp\/v2\/posts"}],"about":[{"href":"https:\/\/www.bellunopress.it\/fr\/wp-json\/wp\/v2\/types\/post"}],"author":[{"embeddable":true,"href":"https:\/\/www.bellunopress.it\/fr\/wp-json\/wp\/v2\/users\/2"}],"replies":[{"embeddable":true,"href":"https:\/\/www.bellunopress.it\/fr\/wp-json\/wp\/v2\/comments?post=46873"}],"version-history":[{"count":1,"href":"https:\/\/www.bellunopress.it\/fr\/wp-json\/wp\/v2\/posts\/46873\/revisions"}],"predecessor-version":[{"id":46874,"href":"https:\/\/www.bellunopress.it\/fr\/wp-json\/wp\/v2\/posts\/46873\/revisions\/46874"}],"wp:attachment":[{"href":"https:\/\/www.bellunopress.it\/fr\/wp-json\/wp\/v2\/media?parent=46873"}],"wp:term":[{"taxonomy":"category","embeddable":true,"href":"https:\/\/www.bellunopress.it\/fr\/wp-json\/wp\/v2\/categories?post=46873"},{"taxonomy":"post_tag","embeddable":true,"href":"https:\/\/www.bellunopress.it\/fr\/wp-json\/wp\/v2\/tags?post=46873"}],"curies":[{"name":"wp","href":"https:\/\/api.w.org\/{rel}","templated":true}]}}