{"id":46870,"date":"2013-02-18T18:16:53","date_gmt":"2013-02-18T17:16:53","guid":{"rendered":"http:\/\/www.bellunopress.it\/?p=46870"},"modified":"2013-02-18T18:16:53","modified_gmt":"2013-02-18T17:16:53","slug":"liniziativa-di-confcooperative-belluno-dolomiti-sul-dibattito-politico","status":"publish","type":"post","link":"https:\/\/www.bellunopress.it\/fr\/2013\/02\/18\/liniziativa-di-confcooperative-belluno-dolomiti-sul-dibattito-politico\/","title":{"rendered":"L&#8217;iniziativa di Confcooperative Belluno Dolomiti sul dibattito politico"},"content":{"rendered":"<p><a href=\"http:\/\/www.bellunopress.it\/wp-content\/uploads\/2012\/03\/confcooperative-belluno.gif\"><img loading=\"lazy\" decoding=\"async\" class=\"alignleft size-full wp-image-35883\" alt=\"confcooperative belluno\" src=\"http:\/\/www.bellunopress.it\/wp-content\/uploads\/2012\/03\/confcooperative-belluno.gif\" width=\"300\" height=\"71\" \/><\/a>In vista delle prossime elezioni politiche, per tre pomeriggi consecutivi a partire da marted\u00ec 19 febbraio, Confcooperative Belluno Dolomiti incontrer\u00e0 presso la propria sede provinciale le principali forze del nostro territorio che ce ne hanno dato la disponibilit\u00e0.<\/p>\n<p>Il confronto sar\u00e0 non competitivo, sui temi dello sviluppo del paese e del nostro territorio, e servir\u00e0 da un lato ad approfondire le proposte ed i programmi politici dei nostri interlocutori, dall\u2019altro a presentare le istanze delle nostre cooperative associate.<\/p>\n<p>Poich\u00e9 l\u2019impressione diffusa e condivisa sembra essere che questa campagna elettorale possa rivelarsi un\u2019occasione sprecata nella crescita civile del nostro paese, ci piacerebbe portare il confronto su temi di rilievo.<\/p>\n<p>Le prime domande da rivolgere ai soggetti politici, a parte un semplice e banale ma pesantissimo \u201ccome ne usciamo?\u201d, potrebbero essere:<\/p>\n<p>sui temi dell\u2019economia e del lavoro<\/p>\n<p>&#8211; Business ed etica, un ossimoro?<\/p>\n<p>&#8211; Come conciliare equit\u00e0 e lavoro?<\/p>\n<p>&#8211; Come aumentare la competitivit\u00e0 delle nostre imprese?<\/p>\n<p>&#8211; Come affrontare le sfide che vengono dalla globalizzazione e dal cambiamento?<\/p>\n<p>sui temi del rinnovamento del welfare<\/p>\n<p>&#8211; Quale risorse e quale welfare ci aspetta?<\/p>\n<p>&#8211; Quale innovazione e sperimentazione per invertire il processo di razionalizzazione e impoverimento delle politiche di welfare regionali e nazionali?<\/p>\n<p>&#8211; Sussidiariet\u00e0 o privatizzazione dei servizi?<\/p>\n<p>sui temi del rinnovamento della buona politica e delle Istituzioni<\/p>\n<p>&#8211; Quale rinnovamento istituzionale?<\/p>\n<p>&#8211; Quale strada percorrere per una politica che produca beni collettivi fruibili da tutti, che sia garante di diritti uguali per tutti, che sappia promuovere la coesione sociale e territoriale del Paese?<\/p>\n<p>Il contributo \u00e8 aperto.<\/p>\n<p>&nbsp;<\/p>","protected":false},"excerpt":{"rendered":"<p>In vista delle prossime elezioni politiche, per tre pomeriggi consecutivi a partire da marted\u00ec 19 febbraio, Confcooperative Belluno Dolomiti incontrer\u00e0 presso la propria sede provinciale le principali forze del nostro territorio che ce ne hanno dato la disponibilit\u00e0. Il confronto sar\u00e0 non competitivo, sui temi dello sviluppo del paese e del nostro territorio, e servir\u00e0 [&hellip;]<\/p>\n","protected":false},"author":2,"featured_media":0,"comment_status":"closed","ping_status":"open","sticky":false,"template":"","format":"standard","meta":{"footnotes":""},"categories":[27,5,26,8],"tags":[],"class_list":["post-46870","post","type-post","status-publish","format-standard","category-appuntamenti","category-cronaca","category-prima-pagina","category-societa-istituzioni"],"yoast_head":"<!-- This site is optimized with the Yoast SEO plugin v28.4 - https:\/\/yoast.com\/product\/yoast-seo-wordpress\/ -->\n<title>L&#039;iniziativa di Confcooperative Belluno Dolomiti sul dibattito politico - Bellunopress - Dolomiti<\/title>\n<meta name=\"robots\" content=\"index, follow, max-snippet:-1, max-image-preview:large, max-video-preview:-1\" \/>\n<link rel=\"canonical\" href=\"https:\/\/www.bellunopress.it\/fr\/2013\/02\/18\/liniziativa-di-confcooperative-belluno-dolomiti-sul-dibattito-politico\/\" \/>\n<meta property=\"og:locale\" content=\"fr_FR\" \/>\n<meta property=\"og:type\" content=\"article\" \/>\n<meta property=\"og:title\" content=\"L&#039;iniziativa di Confcooperative Belluno Dolomiti sul dibattito politico - Bellunopress - Dolomiti\" \/>\n<meta property=\"og:description\" content=\"In vista delle prossime elezioni politiche, per tre pomeriggi consecutivi a partire da marted\u00ec 19 febbraio, Confcooperative Belluno Dolomiti incontrer\u00e0 presso la propria sede provinciale le principali forze del nostro territorio che ce ne hanno dato la disponibilit\u00e0. Il confronto sar\u00e0 non competitivo, sui temi dello sviluppo del paese e del nostro territorio, e servir\u00e0 [&hellip;]\" \/>\n<meta property=\"og:url\" content=\"https:\/\/www.bellunopress.it\/fr\/2013\/02\/18\/liniziativa-di-confcooperative-belluno-dolomiti-sul-dibattito-politico\/\" \/>\n<meta property=\"og:site_name\" content=\"Bellunopress - Dolomiti\" \/>\n<meta property=\"article:publisher\" content=\"https:\/\/www.facebook.com\/profile.php?id=100008943462799\" \/>\n<meta property=\"article:published_time\" content=\"2013-02-18T17:16:53+00:00\" \/>\n<meta property=\"og:image\" content=\"http:\/\/www.bellunopress.it\/wp-content\/uploads\/2012\/03\/confcooperative-belluno.gif\" \/>\n<meta name=\"author\" content=\"redazione\" \/>\n<meta name=\"twitter:card\" content=\"summary_large_image\" \/>\n<meta name=\"twitter:creator\" content=\"@bellunopress\" \/>\n<meta name=\"twitter:site\" content=\"@bellunopress\" \/>\n<meta name=\"twitter:label1\" content=\"\u00c9crit par\" \/>\n\t<meta name=\"twitter:data1\" content=\"redazione\" \/>\n\t<meta name=\"twitter:label2\" content=\"Dur\u00e9e de lecture estim\u00e9e\" \/>\n\t<meta name=\"twitter:data2\" content=\"1 minute\" \/>\n<script type=\"application\/ld+json\" class=\"yoast-schema-graph\">{\"@context\":\"https:\\\/\\\/schema.org\",\"@graph\":[{\"@type\":\"Article\",\"@id\":\"https:\\\/\\\/www.bellunopress.it\\\/2013\\\/02\\\/18\\\/liniziativa-di-confcooperative-belluno-dolomiti-sul-dibattito-politico\\\/#article\",\"isPartOf\":{\"@id\":\"https:\\\/\\\/www.bellunopress.it\\\/2013\\\/02\\\/18\\\/liniziativa-di-confcooperative-belluno-dolomiti-sul-dibattito-politico\\\/\"},\"author\":{\"name\":\"redazione\",\"@id\":\"https:\\\/\\\/www.bellunopress.it\\\/#\\\/schema\\\/person\\\/79bb06722b37ece1c03d3e94beb30d73\"},\"headline\":\"L&#8217;iniziativa di Confcooperative Belluno Dolomiti sul dibattito politico\",\"datePublished\":\"2013-02-18T17:16:53+00:00\",\"mainEntityOfPage\":{\"@id\":\"https:\\\/\\\/www.bellunopress.it\\\/2013\\\/02\\\/18\\\/liniziativa-di-confcooperative-belluno-dolomiti-sul-dibattito-politico\\\/\"},\"wordCount\":269,\"publisher\":{\"@id\":\"https:\\\/\\\/www.bellunopress.it\\\/#organization\"},\"image\":{\"@id\":\"https:\\\/\\\/www.bellunopress.it\\\/2013\\\/02\\\/18\\\/liniziativa-di-confcooperative-belluno-dolomiti-sul-dibattito-politico\\\/#primaryimage\"},\"thumbnailUrl\":\"http:\\\/\\\/www.bellunopress.it\\\/wp-content\\\/uploads\\\/2012\\\/03\\\/confcooperative-belluno.gif\",\"articleSection\":[\"Appuntamenti, Eventi\",\"Cronaca\\\/Politica\",\"Prima Pagina\",\"Societ\u00e0, Associazioni, Istituzioni\"],\"inLanguage\":\"fr-FR\"},{\"@type\":\"WebPage\",\"@id\":\"https:\\\/\\\/www.bellunopress.it\\\/2013\\\/02\\\/18\\\/liniziativa-di-confcooperative-belluno-dolomiti-sul-dibattito-politico\\\/\",\"url\":\"https:\\\/\\\/www.bellunopress.it\\\/2013\\\/02\\\/18\\\/liniziativa-di-confcooperative-belluno-dolomiti-sul-dibattito-politico\\\/\",\"name\":\"L'iniziativa di Confcooperative Belluno Dolomiti sul dibattito politico - Bellunopress - Dolomiti\",\"isPartOf\":{\"@id\":\"https:\\\/\\\/www.bellunopress.it\\\/#website\"},\"primaryImageOfPage\":{\"@id\":\"https:\\\/\\\/www.bellunopress.it\\\/2013\\\/02\\\/18\\\/liniziativa-di-confcooperative-belluno-dolomiti-sul-dibattito-politico\\\/#primaryimage\"},\"image\":{\"@id\":\"https:\\\/\\\/www.bellunopress.it\\\/2013\\\/02\\\/18\\\/liniziativa-di-confcooperative-belluno-dolomiti-sul-dibattito-politico\\\/#primaryimage\"},\"thumbnailUrl\":\"http:\\\/\\\/www.bellunopress.it\\\/wp-content\\\/uploads\\\/2012\\\/03\\\/confcooperative-belluno.gif\",\"datePublished\":\"2013-02-18T17:16:53+00:00\",\"breadcrumb\":{\"@id\":\"https:\\\/\\\/www.bellunopress.it\\\/2013\\\/02\\\/18\\\/liniziativa-di-confcooperative-belluno-dolomiti-sul-dibattito-politico\\\/#breadcrumb\"},\"inLanguage\":\"fr-FR\",\"potentialAction\":[{\"@type\":\"ReadAction\",\"target\":[\"https:\\\/\\\/www.bellunopress.it\\\/2013\\\/02\\\/18\\\/liniziativa-di-confcooperative-belluno-dolomiti-sul-dibattito-politico\\\/\"]}]},{\"@type\":\"ImageObject\",\"inLanguage\":\"fr-FR\",\"@id\":\"https:\\\/\\\/www.bellunopress.it\\\/2013\\\/02\\\/18\\\/liniziativa-di-confcooperative-belluno-dolomiti-sul-dibattito-politico\\\/#primaryimage\",\"url\":\"http:\\\/\\\/www.bellunopress.it\\\/wp-content\\\/uploads\\\/2012\\\/03\\\/confcooperative-belluno.gif\",\"contentUrl\":\"http:\\\/\\\/www.bellunopress.it\\\/wp-content\\\/uploads\\\/2012\\\/03\\\/confcooperative-belluno.gif\"},{\"@type\":\"BreadcrumbList\",\"@id\":\"https:\\\/\\\/www.bellunopress.it\\\/2013\\\/02\\\/18\\\/liniziativa-di-confcooperative-belluno-dolomiti-sul-dibattito-politico\\\/#breadcrumb\",\"itemListElement\":[{\"@type\":\"ListItem\",\"position\":1,\"name\":\"Home\",\"item\":\"https:\\\/\\\/www.bellunopress.it\\\/\"},{\"@type\":\"ListItem\",\"position\":2,\"name\":\"L&#8217;iniziativa di Confcooperative Belluno Dolomiti sul dibattito politico\"}]},{\"@type\":\"WebSite\",\"@id\":\"https:\\\/\\\/www.bellunopress.it\\\/#website\",\"url\":\"https:\\\/\\\/www.bellunopress.it\\\/\",\"name\":\"Bellunopress - Dolomiti\",\"description\":\"e-mail: redazione@bellunopress.it\",\"publisher\":{\"@id\":\"https:\\\/\\\/www.bellunopress.it\\\/#organization\"},\"potentialAction\":[{\"@type\":\"SearchAction\",\"target\":{\"@type\":\"EntryPoint\",\"urlTemplate\":\"https:\\\/\\\/www.bellunopress.it\\\/?s={search_term_string}\"},\"query-input\":{\"@type\":\"PropertyValueSpecification\",\"valueRequired\":true,\"valueName\":\"search_term_string\"}}],\"inLanguage\":\"fr-FR\"},{\"@type\":\"Organization\",\"@id\":\"https:\\\/\\\/www.bellunopress.it\\\/#organization\",\"name\":\"Bellunopress\",\"url\":\"https:\\\/\\\/www.bellunopress.it\\\/\",\"logo\":{\"@type\":\"ImageObject\",\"inLanguage\":\"fr-FR\",\"@id\":\"https:\\\/\\\/www.bellunopress.it\\\/#\\\/schema\\\/logo\\\/image\\\/\",\"url\":\"https:\\\/\\\/www.bellunopress.it\\\/wp-content\\\/uploads\\\/2011\\\/05\\\/cropped-logo-bellunopress-.jpg\",\"contentUrl\":\"https:\\\/\\\/www.bellunopress.it\\\/wp-content\\\/uploads\\\/2011\\\/05\\\/cropped-logo-bellunopress-.jpg\",\"width\":512,\"height\":512,\"caption\":\"Bellunopress\"},\"image\":{\"@id\":\"https:\\\/\\\/www.bellunopress.it\\\/#\\\/schema\\\/logo\\\/image\\\/\"},\"sameAs\":[\"https:\\\/\\\/www.facebook.com\\\/profile.php?id=100008943462799\",\"https:\\\/\\\/x.com\\\/bellunopress\",\"https:\\\/\\\/www.linkedin.com\\\/hp\\\/?dnr=JBzUWaJfMUw8vbXJJ2tVW5-I3jZKvC4wsoxE&amp;amp;amp;amp;amp;amp;trk=nav_responsive_tab_home\",\"https:\\\/\\\/www.youtube.com\\\/channel\\\/UCxL0wu1uN0_3_7hGG0306cw\"]},{\"@type\":\"Person\",\"@id\":\"https:\\\/\\\/www.bellunopress.it\\\/#\\\/schema\\\/person\\\/79bb06722b37ece1c03d3e94beb30d73\",\"name\":\"redazione\",\"image\":{\"@type\":\"ImageObject\",\"inLanguage\":\"fr-FR\",\"@id\":\"https:\\\/\\\/secure.gravatar.com\\\/avatar\\\/37d968a2e67a6fd04c169c4bdef102d0bc5d31b2546345219e348575eb80e9a0?s=96&d=mm&r=g\",\"url\":\"https:\\\/\\\/secure.gravatar.com\\\/avatar\\\/37d968a2e67a6fd04c169c4bdef102d0bc5d31b2546345219e348575eb80e9a0?s=96&d=mm&r=g\",\"contentUrl\":\"https:\\\/\\\/secure.gravatar.com\\\/avatar\\\/37d968a2e67a6fd04c169c4bdef102d0bc5d31b2546345219e348575eb80e9a0?s=96&d=mm&r=g\",\"caption\":\"redazione\"},\"sameAs\":[\"http:\\\/\\\/www.bellunopress.it\",\"https:\\\/\\\/x.com\\\/bellunopress\"],\"url\":\"https:\\\/\\\/www.bellunopress.it\\\/fr\\\/author\\\/redazione\\\/\"}]}<\/script>\n<!-- \/ Yoast SEO plugin. -->","yoast_head_json":{"title":"L'iniziativa di Confcooperative Belluno Dolomiti sul dibattito politico - Bellunopress - Dolomiti","robots":{"index":"index","follow":"follow","max-snippet":"max-snippet:-1","max-image-preview":"max-image-preview:large","max-video-preview":"max-video-preview:-1"},"canonical":"https:\/\/www.bellunopress.it\/fr\/2013\/02\/18\/liniziativa-di-confcooperative-belluno-dolomiti-sul-dibattito-politico\/","og_locale":"fr_FR","og_type":"article","og_title":"L'iniziativa di Confcooperative Belluno Dolomiti sul dibattito politico - Bellunopress - Dolomiti","og_description":"In vista delle prossime elezioni politiche, per tre pomeriggi consecutivi a partire da marted\u00ec 19 febbraio, Confcooperative Belluno Dolomiti incontrer\u00e0 presso la propria sede provinciale le principali forze del nostro territorio che ce ne hanno dato la disponibilit\u00e0. Il confronto sar\u00e0 non competitivo, sui temi dello sviluppo del paese e del nostro territorio, e servir\u00e0 [&hellip;]","og_url":"https:\/\/www.bellunopress.it\/fr\/2013\/02\/18\/liniziativa-di-confcooperative-belluno-dolomiti-sul-dibattito-politico\/","og_site_name":"Bellunopress - Dolomiti","article_publisher":"https:\/\/www.facebook.com\/profile.php?id=100008943462799","article_published_time":"2013-02-18T17:16:53+00:00","og_image":[{"url":"http:\/\/www.bellunopress.it\/wp-content\/uploads\/2012\/03\/confcooperative-belluno.gif","type":"","width":"","height":""}],"author":"redazione","twitter_card":"summary_large_image","twitter_creator":"@bellunopress","twitter_site":"@bellunopress","twitter_misc":{"\u00c9crit par":"redazione","Dur\u00e9e de lecture estim\u00e9e":"1 minute"},"schema":{"@context":"https:\/\/schema.org","@graph":[{"@type":"Article","@id":"https:\/\/www.bellunopress.it\/2013\/02\/18\/liniziativa-di-confcooperative-belluno-dolomiti-sul-dibattito-politico\/#article","isPartOf":{"@id":"https:\/\/www.bellunopress.it\/2013\/02\/18\/liniziativa-di-confcooperative-belluno-dolomiti-sul-dibattito-politico\/"},"author":{"name":"redazione","@id":"https:\/\/www.bellunopress.it\/#\/schema\/person\/79bb06722b37ece1c03d3e94beb30d73"},"headline":"L&#8217;iniziativa di Confcooperative Belluno Dolomiti sul dibattito politico","datePublished":"2013-02-18T17:16:53+00:00","mainEntityOfPage":{"@id":"https:\/\/www.bellunopress.it\/2013\/02\/18\/liniziativa-di-confcooperative-belluno-dolomiti-sul-dibattito-politico\/"},"wordCount":269,"publisher":{"@id":"https:\/\/www.bellunopress.it\/#organization"},"image":{"@id":"https:\/\/www.bellunopress.it\/2013\/02\/18\/liniziativa-di-confcooperative-belluno-dolomiti-sul-dibattito-politico\/#primaryimage"},"thumbnailUrl":"http:\/\/www.bellunopress.it\/wp-content\/uploads\/2012\/03\/confcooperative-belluno.gif","articleSection":["Appuntamenti, Eventi","Cronaca\/Politica","Prima Pagina","Societ\u00e0, Associazioni, Istituzioni"],"inLanguage":"fr-FR"},{"@type":"WebPage","@id":"https:\/\/www.bellunopress.it\/2013\/02\/18\/liniziativa-di-confcooperative-belluno-dolomiti-sul-dibattito-politico\/","url":"https:\/\/www.bellunopress.it\/2013\/02\/18\/liniziativa-di-confcooperative-belluno-dolomiti-sul-dibattito-politico\/","name":"L'iniziativa di Confcooperative Belluno Dolomiti sul dibattito politico - Bellunopress - Dolomiti","isPartOf":{"@id":"https:\/\/www.bellunopress.it\/#website"},"primaryImageOfPage":{"@id":"https:\/\/www.bellunopress.it\/2013\/02\/18\/liniziativa-di-confcooperative-belluno-dolomiti-sul-dibattito-politico\/#primaryimage"},"image":{"@id":"https:\/\/www.bellunopress.it\/2013\/02\/18\/liniziativa-di-confcooperative-belluno-dolomiti-sul-dibattito-politico\/#primaryimage"},"thumbnailUrl":"http:\/\/www.bellunopress.it\/wp-content\/uploads\/2012\/03\/confcooperative-belluno.gif","datePublished":"2013-02-18T17:16:53+00:00","breadcrumb":{"@id":"https:\/\/www.bellunopress.it\/2013\/02\/18\/liniziativa-di-confcooperative-belluno-dolomiti-sul-dibattito-politico\/#breadcrumb"},"inLanguage":"fr-FR","potentialAction":[{"@type":"ReadAction","target":["https:\/\/www.bellunopress.it\/2013\/02\/18\/liniziativa-di-confcooperative-belluno-dolomiti-sul-dibattito-politico\/"]}]},{"@type":"ImageObject","inLanguage":"fr-FR","@id":"https:\/\/www.bellunopress.it\/2013\/02\/18\/liniziativa-di-confcooperative-belluno-dolomiti-sul-dibattito-politico\/#primaryimage","url":"http:\/\/www.bellunopress.it\/wp-content\/uploads\/2012\/03\/confcooperative-belluno.gif","contentUrl":"http:\/\/www.bellunopress.it\/wp-content\/uploads\/2012\/03\/confcooperative-belluno.gif"},{"@type":"BreadcrumbList","@id":"https:\/\/www.bellunopress.it\/2013\/02\/18\/liniziativa-di-confcooperative-belluno-dolomiti-sul-dibattito-politico\/#breadcrumb","itemListElement":[{"@type":"ListItem","position":1,"name":"Home","item":"https:\/\/www.bellunopress.it\/"},{"@type":"ListItem","position":2,"name":"L&#8217;iniziativa di Confcooperative Belluno Dolomiti sul dibattito politico"}]},{"@type":"WebSite","@id":"https:\/\/www.bellunopress.it\/#website","url":"https:\/\/www.bellunopress.it\/","name":"Bellunopress - Dolomiti","description":"e-mail: redazione@bellunopress.it","publisher":{"@id":"https:\/\/www.bellunopress.it\/#organization"},"potentialAction":[{"@type":"SearchAction","target":{"@type":"EntryPoint","urlTemplate":"https:\/\/www.bellunopress.it\/?s={search_term_string}"},"query-input":{"@type":"PropertyValueSpecification","valueRequired":true,"valueName":"search_term_string"}}],"inLanguage":"fr-FR"},{"@type":"Organization","@id":"https:\/\/www.bellunopress.it\/#organization","name":"Bellunopress","url":"https:\/\/www.bellunopress.it\/","logo":{"@type":"ImageObject","inLanguage":"fr-FR","@id":"https:\/\/www.bellunopress.it\/#\/schema\/logo\/image\/","url":"https:\/\/www.bellunopress.it\/wp-content\/uploads\/2011\/05\/cropped-logo-bellunopress-.jpg","contentUrl":"https:\/\/www.bellunopress.it\/wp-content\/uploads\/2011\/05\/cropped-logo-bellunopress-.jpg","width":512,"height":512,"caption":"Bellunopress"},"image":{"@id":"https:\/\/www.bellunopress.it\/#\/schema\/logo\/image\/"},"sameAs":["https:\/\/www.facebook.com\/profile.php?id=100008943462799","https:\/\/x.com\/bellunopress","https:\/\/www.linkedin.com\/hp\/?dnr=JBzUWaJfMUw8vbXJJ2tVW5-I3jZKvC4wsoxE&amp;amp;amp;amp;amp;amp;trk=nav_responsive_tab_home","https:\/\/www.youtube.com\/channel\/UCxL0wu1uN0_3_7hGG0306cw"]},{"@type":"Person","@id":"https:\/\/www.bellunopress.it\/#\/schema\/person\/79bb06722b37ece1c03d3e94beb30d73","name":"r\u00e9daction","image":{"@type":"ImageObject","inLanguage":"fr-FR","@id":"https:\/\/secure.gravatar.com\/avatar\/37d968a2e67a6fd04c169c4bdef102d0bc5d31b2546345219e348575eb80e9a0?s=96&d=mm&r=g","url":"https:\/\/secure.gravatar.com\/avatar\/37d968a2e67a6fd04c169c4bdef102d0bc5d31b2546345219e348575eb80e9a0?s=96&d=mm&r=g","contentUrl":"https:\/\/secure.gravatar.com\/avatar\/37d968a2e67a6fd04c169c4bdef102d0bc5d31b2546345219e348575eb80e9a0?s=96&d=mm&r=g","caption":"redazione"},"sameAs":["http:\/\/www.bellunopress.it","https:\/\/x.com\/bellunopress"],"url":"https:\/\/www.bellunopress.it\/fr\/author\/redazione\/"}]}},"_links":{"self":[{"href":"https:\/\/www.bellunopress.it\/fr\/wp-json\/wp\/v2\/posts\/46870","targetHints":{"allow":["GET"]}}],"collection":[{"href":"https:\/\/www.bellunopress.it\/fr\/wp-json\/wp\/v2\/posts"}],"about":[{"href":"https:\/\/www.bellunopress.it\/fr\/wp-json\/wp\/v2\/types\/post"}],"author":[{"embeddable":true,"href":"https:\/\/www.bellunopress.it\/fr\/wp-json\/wp\/v2\/users\/2"}],"replies":[{"embeddable":true,"href":"https:\/\/www.bellunopress.it\/fr\/wp-json\/wp\/v2\/comments?post=46870"}],"version-history":[{"count":2,"href":"https:\/\/www.bellunopress.it\/fr\/wp-json\/wp\/v2\/posts\/46870\/revisions"}],"predecessor-version":[{"id":46872,"href":"https:\/\/www.bellunopress.it\/fr\/wp-json\/wp\/v2\/posts\/46870\/revisions\/46872"}],"wp:attachment":[{"href":"https:\/\/www.bellunopress.it\/fr\/wp-json\/wp\/v2\/media?parent=46870"}],"wp:term":[{"taxonomy":"category","embeddable":true,"href":"https:\/\/www.bellunopress.it\/fr\/wp-json\/wp\/v2\/categories?post=46870"},{"taxonomy":"post_tag","embeddable":true,"href":"https:\/\/www.bellunopress.it\/fr\/wp-json\/wp\/v2\/tags?post=46870"}],"curies":[{"name":"wp","href":"https:\/\/api.w.org\/{rel}","templated":true}]}}