{"id":46868,"date":"2013-02-18T21:18:58","date_gmt":"2013-02-18T20:18:58","guid":{"rendered":"http:\/\/www.bellunopress.it\/?p=46868"},"modified":"2013-02-18T17:19:53","modified_gmt":"2013-02-18T16:19:53","slug":"foibe-altri-due-appuntamenti-a-calalzo-spettacolo-per-gli-studenti-e-serata-con-guido-rumici-per-lintitolazione-ufficiale-della-sala-consiliare-a-norma-cossetto","status":"publish","type":"post","link":"https:\/\/www.bellunopress.it\/fr\/2013\/02\/18\/foibe-altri-due-appuntamenti-a-calalzo-spettacolo-per-gli-studenti-e-serata-con-guido-rumici-per-lintitolazione-ufficiale-della-sala-consiliare-a-norma-cossetto\/","title":{"rendered":"Foibe, altri due appuntamenti a Calalzo: spettacolo per gli studenti e serata con Guido Rumici per l\u2019intitolazione ufficiale della sala consiliare a Norma Cossetto"},"content":{"rendered":"<p>Calalzo continua a ricordare i martiri delle foibe, trasmettendone la memoria anche alle pi\u00f9 giovani generazioni. Domani, marted\u00ec 19 febbraio, e mercoled\u00ec 20 si svolgeranno due eventi a partecipazione libera, che tratteranno il dramma del confine orientale d\u2019Italia e delle vittime del criminale Tito. Domani alle ore 11, presso il Teatro San Giorgio di Domegge, in collaborazione con l\u2019Istituto Comprensivo ed il Comune di Domegge si svolger\u00e0 la rappresentazione teatrale \u201cIl sentiero del padre. Viaggio tra i segreti delle foibe carsiche\u201d, scritto e interpretato da Davide Giandrini per la regia di Franco Palmieri. Lo spettacolo \u00e8 dedicato agli studenti ma \u00e8 aperto liberamente a tutta la cittadinanza.<\/p>\n<p>Il protagonista della storia, Francesco, \u00e8 un bambino di 10 anni nato a Pola, in Italia, nel 1936 da mamma Maria e pap\u00e0 Gianni Tra il 1945 e il 1947 Pola \u00e8 occupata dagli slavi, che rapinano, violentano e infoibano gli italiani senza che lo Stato intervenga. Molti hanno deciso di scappare, ma Maria no. Gianni e il piccolo Francesco fuggono quindi nella notte; con s\u00e9 non hanno nulla. Camminano per 7 giorni per salvarsi.<\/p>\n<p>Mercoled\u00ec sera, alle 20.30, la sala consiliare del municipio sar\u00e0 ufficialmente intitolata a Norma Cossetto, la studentessa violentata e uccisa dalle milizie titine a 23 anni nel 1943. Alla serata, in collaborazione con la Lega Italiana delegazione di Belluno, interverr\u00e0 oltre al sindaco Luca De Carlo lo studioso, accademico e giornalista Guido Rumici, autore di numerosissime pubblicazioni sui massacri titini e in particolare di \u201cInfoibati\u201d (2002) con cui ricostruisce su fonti documentali nomi, luoghi e vittime della follia slava. \u201cQuando si parla di foibe \u2013 ha scritto Rumici -, si tende a generalizzare il fenomeno. Un fenomeno che pu\u00f2 essere invece distinto in tre fasi. Ci furono i fucilati. Ci furono i deportati in campi di concentramento, dove rimasero anche a lungo, morendo di stenti, sevizie, malattie. Infine ci furono gli infoibati. Questi ultimi in linea di massima venivano spintonati a calci e pugni fino all&#8217;orlo della cavit\u00e0. Avevano i polsi legati col fil di ferro. Spesso erano messi a due a due. Cos\u00ec si sparava al primo, che precipitava nella foiba, portandosi appresso quello vivo. La foiba era fonda decine, anche centinaia di metri. Potevano morire, i vivi, dopo lunga agonia. Testimonianze riferiscono di urla, di strazianti richieste di aiuto che arrivavano dal ventre della terra anche uno, due giorni dopo gli eccidi\u201d. L\u2019ingresso alla serata \u00e8 ovviamente libero, auspicando la partecipazione dell\u2019intera cittadinanza come momento di memoria comunitario.<\/p>\n<p>&nbsp;<\/p>","protected":false},"excerpt":{"rendered":"<p>Calalzo continua a ricordare i martiri delle foibe, trasmettendone la memoria anche alle pi\u00f9 giovani generazioni. Domani, marted\u00ec 19 febbraio, e mercoled\u00ec 20 si svolgeranno due eventi a partecipazione libera, che tratteranno il dramma del confine orientale d\u2019Italia e delle vittime del criminale Tito. Domani alle ore 11, presso il Teatro San Giorgio di Domegge, [&hellip;]<\/p>\n","protected":false},"author":2,"featured_media":0,"comment_status":"closed","ping_status":"open","sticky":false,"template":"","format":"standard","meta":{"footnotes":""},"categories":[27,3,25],"tags":[],"class_list":["post-46868","post","type-post","status-publish","format-standard","category-appuntamenti","category-arte-cultura-spettacoli-scienza-archivi","category-pausa-caffe"],"yoast_head":"<!-- This site is optimized with the Yoast SEO plugin v28.4 - https:\/\/yoast.com\/product\/yoast-seo-wordpress\/ -->\n<title>Foibe, altri due appuntamenti a Calalzo: spettacolo per gli studenti e serata con Guido Rumici per l\u2019intitolazione ufficiale della sala consiliare a Norma Cossetto - Bellunopress - Dolomiti<\/title>\n<meta name=\"robots\" content=\"index, follow, max-snippet:-1, max-image-preview:large, max-video-preview:-1\" \/>\n<link rel=\"canonical\" href=\"https:\/\/www.bellunopress.it\/fr\/2013\/02\/18\/foibe-altri-due-appuntamenti-a-calalzo-spettacolo-per-gli-studenti-e-serata-con-guido-rumici-per-lintitolazione-ufficiale-della-sala-consiliare-a-norma-cossetto\/\" \/>\n<meta property=\"og:locale\" content=\"fr_FR\" \/>\n<meta property=\"og:type\" content=\"article\" \/>\n<meta property=\"og:title\" content=\"Foibe, altri due appuntamenti a Calalzo: spettacolo per gli studenti e serata con Guido Rumici per l\u2019intitolazione ufficiale della sala consiliare a Norma Cossetto - Bellunopress - Dolomiti\" \/>\n<meta property=\"og:description\" content=\"Calalzo continua a ricordare i martiri delle foibe, trasmettendone la memoria anche alle pi\u00f9 giovani generazioni. Domani, marted\u00ec 19 febbraio, e mercoled\u00ec 20 si svolgeranno due eventi a partecipazione libera, che tratteranno il dramma del confine orientale d\u2019Italia e delle vittime del criminale Tito. Domani alle ore 11, presso il Teatro San Giorgio di Domegge, [&hellip;]\" \/>\n<meta property=\"og:url\" content=\"https:\/\/www.bellunopress.it\/fr\/2013\/02\/18\/foibe-altri-due-appuntamenti-a-calalzo-spettacolo-per-gli-studenti-e-serata-con-guido-rumici-per-lintitolazione-ufficiale-della-sala-consiliare-a-norma-cossetto\/\" \/>\n<meta property=\"og:site_name\" content=\"Bellunopress - Dolomiti\" \/>\n<meta property=\"article:publisher\" content=\"https:\/\/www.facebook.com\/profile.php?id=100008943462799\" \/>\n<meta property=\"article:published_time\" content=\"2013-02-18T20:18:58+00:00\" \/>\n<meta property=\"og:image\" content=\"http:\/\/www.bellunopress.it\/wp-content\/uploads\/2012\/07\/logo-bellunopress-250x250-2012.jpg\" \/>\n<meta name=\"author\" content=\"redazione\" \/>\n<meta name=\"twitter:card\" content=\"summary_large_image\" \/>\n<meta name=\"twitter:creator\" content=\"@bellunopress\" \/>\n<meta name=\"twitter:site\" content=\"@bellunopress\" \/>\n<meta name=\"twitter:label1\" content=\"Written by\" \/>\n\t<meta name=\"twitter:data1\" content=\"redazione\" \/>\n\t<meta name=\"twitter:label2\" content=\"Est. reading time\" \/>\n\t<meta name=\"twitter:data2\" content=\"2 minutes\" \/>\n<script type=\"application\/ld+json\" class=\"yoast-schema-graph\">{\"@context\":\"https:\\\/\\\/schema.org\",\"@graph\":[{\"@type\":\"Article\",\"@id\":\"https:\\\/\\\/www.bellunopress.it\\\/2013\\\/02\\\/18\\\/foibe-altri-due-appuntamenti-a-calalzo-spettacolo-per-gli-studenti-e-serata-con-guido-rumici-per-lintitolazione-ufficiale-della-sala-consiliare-a-norma-cossetto\\\/#article\",\"isPartOf\":{\"@id\":\"https:\\\/\\\/www.bellunopress.it\\\/2013\\\/02\\\/18\\\/foibe-altri-due-appuntamenti-a-calalzo-spettacolo-per-gli-studenti-e-serata-con-guido-rumici-per-lintitolazione-ufficiale-della-sala-consiliare-a-norma-cossetto\\\/\"},\"author\":{\"name\":\"redazione\",\"@id\":\"https:\\\/\\\/www.bellunopress.it\\\/#\\\/schema\\\/person\\\/79bb06722b37ece1c03d3e94beb30d73\"},\"headline\":\"Foibe, altri due appuntamenti a Calalzo: spettacolo per gli studenti e serata con Guido Rumici per l\u2019intitolazione ufficiale della sala consiliare a Norma Cossetto\",\"datePublished\":\"2013-02-18T20:18:58+00:00\",\"mainEntityOfPage\":{\"@id\":\"https:\\\/\\\/www.bellunopress.it\\\/2013\\\/02\\\/18\\\/foibe-altri-due-appuntamenti-a-calalzo-spettacolo-per-gli-studenti-e-serata-con-guido-rumici-per-lintitolazione-ufficiale-della-sala-consiliare-a-norma-cossetto\\\/\"},\"wordCount\":425,\"publisher\":{\"@id\":\"https:\\\/\\\/www.bellunopress.it\\\/#organization\"},\"articleSection\":[\"Appuntamenti, Eventi\",\"Arte, Cultura, Spettacoli, Scienza\",\"Pausa Caff\u00e8\"],\"inLanguage\":\"fr-FR\"},{\"@type\":\"WebPage\",\"@id\":\"https:\\\/\\\/www.bellunopress.it\\\/2013\\\/02\\\/18\\\/foibe-altri-due-appuntamenti-a-calalzo-spettacolo-per-gli-studenti-e-serata-con-guido-rumici-per-lintitolazione-ufficiale-della-sala-consiliare-a-norma-cossetto\\\/\",\"url\":\"https:\\\/\\\/www.bellunopress.it\\\/2013\\\/02\\\/18\\\/foibe-altri-due-appuntamenti-a-calalzo-spettacolo-per-gli-studenti-e-serata-con-guido-rumici-per-lintitolazione-ufficiale-della-sala-consiliare-a-norma-cossetto\\\/\",\"name\":\"Foibe, altri due appuntamenti a Calalzo: spettacolo per gli studenti e serata con Guido Rumici per l\u2019intitolazione ufficiale della sala consiliare a Norma Cossetto - Bellunopress - Dolomiti\",\"isPartOf\":{\"@id\":\"https:\\\/\\\/www.bellunopress.it\\\/#website\"},\"datePublished\":\"2013-02-18T20:18:58+00:00\",\"breadcrumb\":{\"@id\":\"https:\\\/\\\/www.bellunopress.it\\\/2013\\\/02\\\/18\\\/foibe-altri-due-appuntamenti-a-calalzo-spettacolo-per-gli-studenti-e-serata-con-guido-rumici-per-lintitolazione-ufficiale-della-sala-consiliare-a-norma-cossetto\\\/#breadcrumb\"},\"inLanguage\":\"fr-FR\",\"potentialAction\":[{\"@type\":\"ReadAction\",\"target\":[\"https:\\\/\\\/www.bellunopress.it\\\/2013\\\/02\\\/18\\\/foibe-altri-due-appuntamenti-a-calalzo-spettacolo-per-gli-studenti-e-serata-con-guido-rumici-per-lintitolazione-ufficiale-della-sala-consiliare-a-norma-cossetto\\\/\"]}]},{\"@type\":\"BreadcrumbList\",\"@id\":\"https:\\\/\\\/www.bellunopress.it\\\/2013\\\/02\\\/18\\\/foibe-altri-due-appuntamenti-a-calalzo-spettacolo-per-gli-studenti-e-serata-con-guido-rumici-per-lintitolazione-ufficiale-della-sala-consiliare-a-norma-cossetto\\\/#breadcrumb\",\"itemListElement\":[{\"@type\":\"ListItem\",\"position\":1,\"name\":\"Home\",\"item\":\"https:\\\/\\\/www.bellunopress.it\\\/\"},{\"@type\":\"ListItem\",\"position\":2,\"name\":\"Foibe, altri due appuntamenti a Calalzo: spettacolo per gli studenti e serata con Guido Rumici per l\u2019intitolazione ufficiale della sala consiliare a Norma Cossetto\"}]},{\"@type\":\"WebSite\",\"@id\":\"https:\\\/\\\/www.bellunopress.it\\\/#website\",\"url\":\"https:\\\/\\\/www.bellunopress.it\\\/\",\"name\":\"Bellunopress - Dolomiti\",\"description\":\"e-mail: redazione@bellunopress.it\",\"publisher\":{\"@id\":\"https:\\\/\\\/www.bellunopress.it\\\/#organization\"},\"potentialAction\":[{\"@type\":\"SearchAction\",\"target\":{\"@type\":\"EntryPoint\",\"urlTemplate\":\"https:\\\/\\\/www.bellunopress.it\\\/?s={search_term_string}\"},\"query-input\":{\"@type\":\"PropertyValueSpecification\",\"valueRequired\":true,\"valueName\":\"search_term_string\"}}],\"inLanguage\":\"fr-FR\"},{\"@type\":\"Organization\",\"@id\":\"https:\\\/\\\/www.bellunopress.it\\\/#organization\",\"name\":\"Bellunopress\",\"url\":\"https:\\\/\\\/www.bellunopress.it\\\/\",\"logo\":{\"@type\":\"ImageObject\",\"inLanguage\":\"fr-FR\",\"@id\":\"https:\\\/\\\/www.bellunopress.it\\\/#\\\/schema\\\/logo\\\/image\\\/\",\"url\":\"https:\\\/\\\/www.bellunopress.it\\\/wp-content\\\/uploads\\\/2011\\\/05\\\/cropped-logo-bellunopress-.jpg\",\"contentUrl\":\"https:\\\/\\\/www.bellunopress.it\\\/wp-content\\\/uploads\\\/2011\\\/05\\\/cropped-logo-bellunopress-.jpg\",\"width\":512,\"height\":512,\"caption\":\"Bellunopress\"},\"image\":{\"@id\":\"https:\\\/\\\/www.bellunopress.it\\\/#\\\/schema\\\/logo\\\/image\\\/\"},\"sameAs\":[\"https:\\\/\\\/www.facebook.com\\\/profile.php?id=100008943462799\",\"https:\\\/\\\/x.com\\\/bellunopress\",\"https:\\\/\\\/www.linkedin.com\\\/hp\\\/?dnr=JBzUWaJfMUw8vbXJJ2tVW5-I3jZKvC4wsoxE&amp;amp;amp;amp;amp;amp;trk=nav_responsive_tab_home\",\"https:\\\/\\\/www.youtube.com\\\/channel\\\/UCxL0wu1uN0_3_7hGG0306cw\"]},{\"@type\":\"Person\",\"@id\":\"https:\\\/\\\/www.bellunopress.it\\\/#\\\/schema\\\/person\\\/79bb06722b37ece1c03d3e94beb30d73\",\"name\":\"redazione\",\"image\":{\"@type\":\"ImageObject\",\"inLanguage\":\"fr-FR\",\"@id\":\"https:\\\/\\\/secure.gravatar.com\\\/avatar\\\/37d968a2e67a6fd04c169c4bdef102d0bc5d31b2546345219e348575eb80e9a0?s=96&d=mm&r=g\",\"url\":\"https:\\\/\\\/secure.gravatar.com\\\/avatar\\\/37d968a2e67a6fd04c169c4bdef102d0bc5d31b2546345219e348575eb80e9a0?s=96&d=mm&r=g\",\"contentUrl\":\"https:\\\/\\\/secure.gravatar.com\\\/avatar\\\/37d968a2e67a6fd04c169c4bdef102d0bc5d31b2546345219e348575eb80e9a0?s=96&d=mm&r=g\",\"caption\":\"redazione\"},\"sameAs\":[\"http:\\\/\\\/www.bellunopress.it\",\"https:\\\/\\\/x.com\\\/bellunopress\"],\"url\":\"https:\\\/\\\/www.bellunopress.it\\\/fr\\\/author\\\/redazione\\\/\"}]}<\/script>\n<!-- \/ Yoast SEO plugin. -->","yoast_head_json":{"title":"Foibe, altri due appuntamenti a Calalzo: spettacolo per gli studenti e serata con Guido Rumici per l\u2019intitolazione ufficiale della sala consiliare a Norma Cossetto - Bellunopress - Dolomiti","robots":{"index":"index","follow":"follow","max-snippet":"max-snippet:-1","max-image-preview":"max-image-preview:large","max-video-preview":"max-video-preview:-1"},"canonical":"https:\/\/www.bellunopress.it\/fr\/2013\/02\/18\/foibe-altri-due-appuntamenti-a-calalzo-spettacolo-per-gli-studenti-e-serata-con-guido-rumici-per-lintitolazione-ufficiale-della-sala-consiliare-a-norma-cossetto\/","og_locale":"fr_FR","og_type":"article","og_title":"Foibe, altri due appuntamenti a Calalzo: spettacolo per gli studenti e serata con Guido Rumici per l\u2019intitolazione ufficiale della sala consiliare a Norma Cossetto - Bellunopress - Dolomiti","og_description":"Calalzo continua a ricordare i martiri delle foibe, trasmettendone la memoria anche alle pi\u00f9 giovani generazioni. Domani, marted\u00ec 19 febbraio, e mercoled\u00ec 20 si svolgeranno due eventi a partecipazione libera, che tratteranno il dramma del confine orientale d\u2019Italia e delle vittime del criminale Tito. Domani alle ore 11, presso il Teatro San Giorgio di Domegge, [&hellip;]","og_url":"https:\/\/www.bellunopress.it\/fr\/2013\/02\/18\/foibe-altri-due-appuntamenti-a-calalzo-spettacolo-per-gli-studenti-e-serata-con-guido-rumici-per-lintitolazione-ufficiale-della-sala-consiliare-a-norma-cossetto\/","og_site_name":"Bellunopress - Dolomiti","article_publisher":"https:\/\/www.facebook.com\/profile.php?id=100008943462799","article_published_time":"2013-02-18T20:18:58+00:00","og_image":[{"url":"http:\/\/www.bellunopress.it\/wp-content\/uploads\/2012\/07\/logo-bellunopress-250x250-2012.jpg","type":"","width":"","height":""}],"author":"redazione","twitter_card":"summary_large_image","twitter_creator":"@bellunopress","twitter_site":"@bellunopress","twitter_misc":{"Written by":"redazione","Est. reading time":"2 minutes"},"schema":{"@context":"https:\/\/schema.org","@graph":[{"@type":"Article","@id":"https:\/\/www.bellunopress.it\/2013\/02\/18\/foibe-altri-due-appuntamenti-a-calalzo-spettacolo-per-gli-studenti-e-serata-con-guido-rumici-per-lintitolazione-ufficiale-della-sala-consiliare-a-norma-cossetto\/#article","isPartOf":{"@id":"https:\/\/www.bellunopress.it\/2013\/02\/18\/foibe-altri-due-appuntamenti-a-calalzo-spettacolo-per-gli-studenti-e-serata-con-guido-rumici-per-lintitolazione-ufficiale-della-sala-consiliare-a-norma-cossetto\/"},"author":{"name":"redazione","@id":"https:\/\/www.bellunopress.it\/#\/schema\/person\/79bb06722b37ece1c03d3e94beb30d73"},"headline":"Foibe, altri due appuntamenti a Calalzo: spettacolo per gli studenti e serata con Guido Rumici per l\u2019intitolazione ufficiale della sala consiliare a Norma Cossetto","datePublished":"2013-02-18T20:18:58+00:00","mainEntityOfPage":{"@id":"https:\/\/www.bellunopress.it\/2013\/02\/18\/foibe-altri-due-appuntamenti-a-calalzo-spettacolo-per-gli-studenti-e-serata-con-guido-rumici-per-lintitolazione-ufficiale-della-sala-consiliare-a-norma-cossetto\/"},"wordCount":425,"publisher":{"@id":"https:\/\/www.bellunopress.it\/#organization"},"articleSection":["Appuntamenti, Eventi","Arte, Cultura, Spettacoli, Scienza","Pausa Caff\u00e8"],"inLanguage":"fr-FR"},{"@type":"WebPage","@id":"https:\/\/www.bellunopress.it\/2013\/02\/18\/foibe-altri-due-appuntamenti-a-calalzo-spettacolo-per-gli-studenti-e-serata-con-guido-rumici-per-lintitolazione-ufficiale-della-sala-consiliare-a-norma-cossetto\/","url":"https:\/\/www.bellunopress.it\/2013\/02\/18\/foibe-altri-due-appuntamenti-a-calalzo-spettacolo-per-gli-studenti-e-serata-con-guido-rumici-per-lintitolazione-ufficiale-della-sala-consiliare-a-norma-cossetto\/","name":"Foibe, altri due appuntamenti a Calalzo: spettacolo per gli studenti e serata con Guido Rumici per l\u2019intitolazione ufficiale della sala consiliare a Norma Cossetto - Bellunopress - Dolomiti","isPartOf":{"@id":"https:\/\/www.bellunopress.it\/#website"},"datePublished":"2013-02-18T20:18:58+00:00","breadcrumb":{"@id":"https:\/\/www.bellunopress.it\/2013\/02\/18\/foibe-altri-due-appuntamenti-a-calalzo-spettacolo-per-gli-studenti-e-serata-con-guido-rumici-per-lintitolazione-ufficiale-della-sala-consiliare-a-norma-cossetto\/#breadcrumb"},"inLanguage":"fr-FR","potentialAction":[{"@type":"ReadAction","target":["https:\/\/www.bellunopress.it\/2013\/02\/18\/foibe-altri-due-appuntamenti-a-calalzo-spettacolo-per-gli-studenti-e-serata-con-guido-rumici-per-lintitolazione-ufficiale-della-sala-consiliare-a-norma-cossetto\/"]}]},{"@type":"BreadcrumbList","@id":"https:\/\/www.bellunopress.it\/2013\/02\/18\/foibe-altri-due-appuntamenti-a-calalzo-spettacolo-per-gli-studenti-e-serata-con-guido-rumici-per-lintitolazione-ufficiale-della-sala-consiliare-a-norma-cossetto\/#breadcrumb","itemListElement":[{"@type":"ListItem","position":1,"name":"Home","item":"https:\/\/www.bellunopress.it\/"},{"@type":"ListItem","position":2,"name":"Foibe, altri due appuntamenti a Calalzo: spettacolo per gli studenti e serata con Guido Rumici per l\u2019intitolazione ufficiale della sala consiliare a Norma Cossetto"}]},{"@type":"WebSite","@id":"https:\/\/www.bellunopress.it\/#website","url":"https:\/\/www.bellunopress.it\/","name":"Bellunopress - Dolomiti","description":"e-mail: redazione@bellunopress.it","publisher":{"@id":"https:\/\/www.bellunopress.it\/#organization"},"potentialAction":[{"@type":"SearchAction","target":{"@type":"EntryPoint","urlTemplate":"https:\/\/www.bellunopress.it\/?s={search_term_string}"},"query-input":{"@type":"PropertyValueSpecification","valueRequired":true,"valueName":"search_term_string"}}],"inLanguage":"fr-FR"},{"@type":"Organization","@id":"https:\/\/www.bellunopress.it\/#organization","name":"Bellunopress","url":"https:\/\/www.bellunopress.it\/","logo":{"@type":"ImageObject","inLanguage":"fr-FR","@id":"https:\/\/www.bellunopress.it\/#\/schema\/logo\/image\/","url":"https:\/\/www.bellunopress.it\/wp-content\/uploads\/2011\/05\/cropped-logo-bellunopress-.jpg","contentUrl":"https:\/\/www.bellunopress.it\/wp-content\/uploads\/2011\/05\/cropped-logo-bellunopress-.jpg","width":512,"height":512,"caption":"Bellunopress"},"image":{"@id":"https:\/\/www.bellunopress.it\/#\/schema\/logo\/image\/"},"sameAs":["https:\/\/www.facebook.com\/profile.php?id=100008943462799","https:\/\/x.com\/bellunopress","https:\/\/www.linkedin.com\/hp\/?dnr=JBzUWaJfMUw8vbXJJ2tVW5-I3jZKvC4wsoxE&amp;amp;amp;amp;amp;amp;trk=nav_responsive_tab_home","https:\/\/www.youtube.com\/channel\/UCxL0wu1uN0_3_7hGG0306cw"]},{"@type":"Person","@id":"https:\/\/www.bellunopress.it\/#\/schema\/person\/79bb06722b37ece1c03d3e94beb30d73","name":"r\u00e9daction","image":{"@type":"ImageObject","inLanguage":"fr-FR","@id":"https:\/\/secure.gravatar.com\/avatar\/37d968a2e67a6fd04c169c4bdef102d0bc5d31b2546345219e348575eb80e9a0?s=96&d=mm&r=g","url":"https:\/\/secure.gravatar.com\/avatar\/37d968a2e67a6fd04c169c4bdef102d0bc5d31b2546345219e348575eb80e9a0?s=96&d=mm&r=g","contentUrl":"https:\/\/secure.gravatar.com\/avatar\/37d968a2e67a6fd04c169c4bdef102d0bc5d31b2546345219e348575eb80e9a0?s=96&d=mm&r=g","caption":"redazione"},"sameAs":["http:\/\/www.bellunopress.it","https:\/\/x.com\/bellunopress"],"url":"https:\/\/www.bellunopress.it\/fr\/author\/redazione\/"}]}},"_links":{"self":[{"href":"https:\/\/www.bellunopress.it\/fr\/wp-json\/wp\/v2\/posts\/46868","targetHints":{"allow":["GET"]}}],"collection":[{"href":"https:\/\/www.bellunopress.it\/fr\/wp-json\/wp\/v2\/posts"}],"about":[{"href":"https:\/\/www.bellunopress.it\/fr\/wp-json\/wp\/v2\/types\/post"}],"author":[{"embeddable":true,"href":"https:\/\/www.bellunopress.it\/fr\/wp-json\/wp\/v2\/users\/2"}],"replies":[{"embeddable":true,"href":"https:\/\/www.bellunopress.it\/fr\/wp-json\/wp\/v2\/comments?post=46868"}],"version-history":[{"count":1,"href":"https:\/\/www.bellunopress.it\/fr\/wp-json\/wp\/v2\/posts\/46868\/revisions"}],"predecessor-version":[{"id":46869,"href":"https:\/\/www.bellunopress.it\/fr\/wp-json\/wp\/v2\/posts\/46868\/revisions\/46869"}],"wp:attachment":[{"href":"https:\/\/www.bellunopress.it\/fr\/wp-json\/wp\/v2\/media?parent=46868"}],"wp:term":[{"taxonomy":"category","embeddable":true,"href":"https:\/\/www.bellunopress.it\/fr\/wp-json\/wp\/v2\/categories?post=46868"},{"taxonomy":"post_tag","embeddable":true,"href":"https:\/\/www.bellunopress.it\/fr\/wp-json\/wp\/v2\/tags?post=46868"}],"curies":[{"name":"wp","href":"https:\/\/api.w.org\/{rel}","templated":true}]}}