{"id":46862,"date":"2013-02-18T14:59:35","date_gmt":"2013-02-18T13:59:35","guid":{"rendered":"http:\/\/www.bellunopress.it\/?p=46862"},"modified":"2013-02-18T14:59:35","modified_gmt":"2013-02-18T13:59:35","slug":"aria-di-elezioni-assemblea-bim-gsp-rinviata-di-un-mese","status":"publish","type":"post","link":"https:\/\/www.bellunopress.it\/fr\/2013\/02\/18\/aria-di-elezioni-assemblea-bim-gsp-rinviata-di-un-mese\/","title":{"rendered":"Aria di elezioni. Assemblea Bim Gsp rinviata di un mese"},"content":{"rendered":"<p><a href=\"http:\/\/www.bellunopress.it\/wp-content\/uploads\/2009\/08\/gsp-gestione-servizi-pubblici.jpg\"><img loading=\"lazy\" decoding=\"async\" class=\"alignleft size-full wp-image-6957\" alt=\"gsp-gestione-servizi-pubblici\" src=\"http:\/\/www.bellunopress.it\/wp-content\/uploads\/2009\/08\/gsp-gestione-servizi-pubblici.jpg\" width=\"140\" height=\"89\" \/><\/a>Rinviata di un mese l\u2019Assemblea ordinaria di Bim Gsp. L\u2019incontro previsto per oggi pomeriggio alle 15.30 si terr\u00e0 il 18 marzo prossimo, come richiesto dalla quasi totalit\u00e0 dei sindaci (57 comuni su 67 soci). Questa mattina dagli uffici della societ\u00e0 \u00e8 stata diramata via fax una nota a tutti i soci, con la quale il presidente Mario Leonardi conferma l\u2019accoglimento della richiesta di spostamento pervenuta nei giorni scorsi e fissa la nuova data tra un mese esatto. Invariati l\u2019orario della riunione, alle 15.30, la sede, l\u2019istituto Catullo di Belluno, e l\u2019ordine del giorno, che ricordiamo \u00e8 assai denso di contenuti: 1) Valorizzazione delle azioni Ascotrade e possibile collocazione sul mercato. 2) Valorizzazione del ramo d\u2019azienda per la gestione delle centraline idroelettriche e delle quote della societ\u00e0 Energie Comuni srl per la loro cessione a \u201cBIM Belluno Infrastrutture S.p.A.\u201d. 3) Riorganizzazione aziendale: definizione degli obiettivi, definizione dei benefici e condivisione con i Sindacati. 4) Indicazioni di massima per la partecipazione alla futura gara per la distribuzione del gas. 5) Aggiornamento sull\u2019evoluzione del sistema tariffario e riflessi sull\u2019equilibrio costi\/ricavi. 6) Deliberazioni ai sensi dell\u2019art. 13 dello Statuto sociale.<\/p>","protected":false},"excerpt":{"rendered":"<p>Rinviata di un mese l\u2019Assemblea ordinaria di Bim Gsp. L\u2019incontro previsto per oggi pomeriggio alle 15.30 si terr\u00e0 il 18 marzo prossimo, come richiesto dalla quasi totalit\u00e0 dei sindaci (57 comuni su 67 soci). Questa mattina dagli uffici della societ\u00e0 \u00e8 stata diramata via fax una nota a tutti i soci, con la quale il [&hellip;]<\/p>\n","protected":false},"author":2,"featured_media":0,"comment_status":"closed","ping_status":"open","sticky":false,"template":"","format":"standard","meta":{"footnotes":""},"categories":[5,26],"tags":[],"class_list":["post-46862","post","type-post","status-publish","format-standard","category-cronaca","category-prima-pagina"],"yoast_head":"<!-- This site is optimized with the Yoast SEO plugin v28.4 - https:\/\/yoast.com\/product\/yoast-seo-wordpress\/ -->\n<title>Aria di elezioni. Assemblea Bim Gsp rinviata di un mese - Bellunopress - Dolomiti<\/title>\n<meta name=\"robots\" content=\"index, follow, max-snippet:-1, max-image-preview:large, max-video-preview:-1\" \/>\n<link rel=\"canonical\" href=\"https:\/\/www.bellunopress.it\/fr\/2013\/02\/18\/aria-di-elezioni-assemblea-bim-gsp-rinviata-di-un-mese\/\" \/>\n<meta property=\"og:locale\" content=\"fr_FR\" \/>\n<meta property=\"og:type\" content=\"article\" \/>\n<meta property=\"og:title\" content=\"Aria di elezioni. Assemblea Bim Gsp rinviata di un mese - Bellunopress - Dolomiti\" \/>\n<meta property=\"og:description\" content=\"Rinviata di un mese l\u2019Assemblea ordinaria di Bim Gsp. L\u2019incontro previsto per oggi pomeriggio alle 15.30 si terr\u00e0 il 18 marzo prossimo, come richiesto dalla quasi totalit\u00e0 dei sindaci (57 comuni su 67 soci). Questa mattina dagli uffici della societ\u00e0 \u00e8 stata diramata via fax una nota a tutti i soci, con la quale il [&hellip;]\" \/>\n<meta property=\"og:url\" content=\"https:\/\/www.bellunopress.it\/fr\/2013\/02\/18\/aria-di-elezioni-assemblea-bim-gsp-rinviata-di-un-mese\/\" \/>\n<meta property=\"og:site_name\" content=\"Bellunopress - Dolomiti\" \/>\n<meta property=\"article:publisher\" content=\"https:\/\/www.facebook.com\/profile.php?id=100008943462799\" \/>\n<meta property=\"article:published_time\" content=\"2013-02-18T13:59:35+00:00\" \/>\n<meta property=\"og:image\" content=\"http:\/\/www.bellunopress.it\/wp-content\/uploads\/2009\/08\/gsp-gestione-servizi-pubblici.jpg\" \/>\n<meta name=\"author\" content=\"redazione\" \/>\n<meta name=\"twitter:card\" content=\"summary_large_image\" \/>\n<meta name=\"twitter:creator\" content=\"@bellunopress\" \/>\n<meta name=\"twitter:site\" content=\"@bellunopress\" \/>\n<meta name=\"twitter:label1\" content=\"\u00c9crit par\" \/>\n\t<meta name=\"twitter:data1\" content=\"redazione\" \/>\n\t<meta name=\"twitter:label2\" content=\"Dur\u00e9e de lecture estim\u00e9e\" \/>\n\t<meta name=\"twitter:data2\" content=\"1 minute\" \/>\n<script type=\"application\/ld+json\" class=\"yoast-schema-graph\">{\"@context\":\"https:\\\/\\\/schema.org\",\"@graph\":[{\"@type\":\"Article\",\"@id\":\"https:\\\/\\\/www.bellunopress.it\\\/2013\\\/02\\\/18\\\/aria-di-elezioni-assemblea-bim-gsp-rinviata-di-un-mese\\\/#article\",\"isPartOf\":{\"@id\":\"https:\\\/\\\/www.bellunopress.it\\\/2013\\\/02\\\/18\\\/aria-di-elezioni-assemblea-bim-gsp-rinviata-di-un-mese\\\/\"},\"author\":{\"name\":\"redazione\",\"@id\":\"https:\\\/\\\/www.bellunopress.it\\\/#\\\/schema\\\/person\\\/79bb06722b37ece1c03d3e94beb30d73\"},\"headline\":\"Aria di elezioni. Assemblea Bim Gsp rinviata di un mese\",\"datePublished\":\"2013-02-18T13:59:35+00:00\",\"mainEntityOfPage\":{\"@id\":\"https:\\\/\\\/www.bellunopress.it\\\/2013\\\/02\\\/18\\\/aria-di-elezioni-assemblea-bim-gsp-rinviata-di-un-mese\\\/\"},\"wordCount\":195,\"publisher\":{\"@id\":\"https:\\\/\\\/www.bellunopress.it\\\/#organization\"},\"image\":{\"@id\":\"https:\\\/\\\/www.bellunopress.it\\\/2013\\\/02\\\/18\\\/aria-di-elezioni-assemblea-bim-gsp-rinviata-di-un-mese\\\/#primaryimage\"},\"thumbnailUrl\":\"http:\\\/\\\/www.bellunopress.it\\\/wp-content\\\/uploads\\\/2009\\\/08\\\/gsp-gestione-servizi-pubblici.jpg\",\"articleSection\":[\"Cronaca\\\/Politica\",\"Prima Pagina\"],\"inLanguage\":\"fr-FR\"},{\"@type\":\"WebPage\",\"@id\":\"https:\\\/\\\/www.bellunopress.it\\\/2013\\\/02\\\/18\\\/aria-di-elezioni-assemblea-bim-gsp-rinviata-di-un-mese\\\/\",\"url\":\"https:\\\/\\\/www.bellunopress.it\\\/2013\\\/02\\\/18\\\/aria-di-elezioni-assemblea-bim-gsp-rinviata-di-un-mese\\\/\",\"name\":\"Aria di elezioni. Assemblea Bim Gsp rinviata di un mese - Bellunopress - Dolomiti\",\"isPartOf\":{\"@id\":\"https:\\\/\\\/www.bellunopress.it\\\/#website\"},\"primaryImageOfPage\":{\"@id\":\"https:\\\/\\\/www.bellunopress.it\\\/2013\\\/02\\\/18\\\/aria-di-elezioni-assemblea-bim-gsp-rinviata-di-un-mese\\\/#primaryimage\"},\"image\":{\"@id\":\"https:\\\/\\\/www.bellunopress.it\\\/2013\\\/02\\\/18\\\/aria-di-elezioni-assemblea-bim-gsp-rinviata-di-un-mese\\\/#primaryimage\"},\"thumbnailUrl\":\"http:\\\/\\\/www.bellunopress.it\\\/wp-content\\\/uploads\\\/2009\\\/08\\\/gsp-gestione-servizi-pubblici.jpg\",\"datePublished\":\"2013-02-18T13:59:35+00:00\",\"breadcrumb\":{\"@id\":\"https:\\\/\\\/www.bellunopress.it\\\/2013\\\/02\\\/18\\\/aria-di-elezioni-assemblea-bim-gsp-rinviata-di-un-mese\\\/#breadcrumb\"},\"inLanguage\":\"fr-FR\",\"potentialAction\":[{\"@type\":\"ReadAction\",\"target\":[\"https:\\\/\\\/www.bellunopress.it\\\/2013\\\/02\\\/18\\\/aria-di-elezioni-assemblea-bim-gsp-rinviata-di-un-mese\\\/\"]}]},{\"@type\":\"ImageObject\",\"inLanguage\":\"fr-FR\",\"@id\":\"https:\\\/\\\/www.bellunopress.it\\\/2013\\\/02\\\/18\\\/aria-di-elezioni-assemblea-bim-gsp-rinviata-di-un-mese\\\/#primaryimage\",\"url\":\"http:\\\/\\\/www.bellunopress.it\\\/wp-content\\\/uploads\\\/2009\\\/08\\\/gsp-gestione-servizi-pubblici.jpg\",\"contentUrl\":\"http:\\\/\\\/www.bellunopress.it\\\/wp-content\\\/uploads\\\/2009\\\/08\\\/gsp-gestione-servizi-pubblici.jpg\"},{\"@type\":\"BreadcrumbList\",\"@id\":\"https:\\\/\\\/www.bellunopress.it\\\/2013\\\/02\\\/18\\\/aria-di-elezioni-assemblea-bim-gsp-rinviata-di-un-mese\\\/#breadcrumb\",\"itemListElement\":[{\"@type\":\"ListItem\",\"position\":1,\"name\":\"Home\",\"item\":\"https:\\\/\\\/www.bellunopress.it\\\/\"},{\"@type\":\"ListItem\",\"position\":2,\"name\":\"Aria di elezioni. Assemblea Bim Gsp rinviata di un mese\"}]},{\"@type\":\"WebSite\",\"@id\":\"https:\\\/\\\/www.bellunopress.it\\\/#website\",\"url\":\"https:\\\/\\\/www.bellunopress.it\\\/\",\"name\":\"Bellunopress - Dolomiti\",\"description\":\"e-mail: redazione@bellunopress.it\",\"publisher\":{\"@id\":\"https:\\\/\\\/www.bellunopress.it\\\/#organization\"},\"potentialAction\":[{\"@type\":\"SearchAction\",\"target\":{\"@type\":\"EntryPoint\",\"urlTemplate\":\"https:\\\/\\\/www.bellunopress.it\\\/?s={search_term_string}\"},\"query-input\":{\"@type\":\"PropertyValueSpecification\",\"valueRequired\":true,\"valueName\":\"search_term_string\"}}],\"inLanguage\":\"fr-FR\"},{\"@type\":\"Organization\",\"@id\":\"https:\\\/\\\/www.bellunopress.it\\\/#organization\",\"name\":\"Bellunopress\",\"url\":\"https:\\\/\\\/www.bellunopress.it\\\/\",\"logo\":{\"@type\":\"ImageObject\",\"inLanguage\":\"fr-FR\",\"@id\":\"https:\\\/\\\/www.bellunopress.it\\\/#\\\/schema\\\/logo\\\/image\\\/\",\"url\":\"https:\\\/\\\/www.bellunopress.it\\\/wp-content\\\/uploads\\\/2011\\\/05\\\/cropped-logo-bellunopress-.jpg\",\"contentUrl\":\"https:\\\/\\\/www.bellunopress.it\\\/wp-content\\\/uploads\\\/2011\\\/05\\\/cropped-logo-bellunopress-.jpg\",\"width\":512,\"height\":512,\"caption\":\"Bellunopress\"},\"image\":{\"@id\":\"https:\\\/\\\/www.bellunopress.it\\\/#\\\/schema\\\/logo\\\/image\\\/\"},\"sameAs\":[\"https:\\\/\\\/www.facebook.com\\\/profile.php?id=100008943462799\",\"https:\\\/\\\/x.com\\\/bellunopress\",\"https:\\\/\\\/www.linkedin.com\\\/hp\\\/?dnr=JBzUWaJfMUw8vbXJJ2tVW5-I3jZKvC4wsoxE&amp;amp;amp;amp;amp;amp;trk=nav_responsive_tab_home\",\"https:\\\/\\\/www.youtube.com\\\/channel\\\/UCxL0wu1uN0_3_7hGG0306cw\"]},{\"@type\":\"Person\",\"@id\":\"https:\\\/\\\/www.bellunopress.it\\\/#\\\/schema\\\/person\\\/79bb06722b37ece1c03d3e94beb30d73\",\"name\":\"redazione\",\"image\":{\"@type\":\"ImageObject\",\"inLanguage\":\"fr-FR\",\"@id\":\"https:\\\/\\\/secure.gravatar.com\\\/avatar\\\/37d968a2e67a6fd04c169c4bdef102d0bc5d31b2546345219e348575eb80e9a0?s=96&d=mm&r=g\",\"url\":\"https:\\\/\\\/secure.gravatar.com\\\/avatar\\\/37d968a2e67a6fd04c169c4bdef102d0bc5d31b2546345219e348575eb80e9a0?s=96&d=mm&r=g\",\"contentUrl\":\"https:\\\/\\\/secure.gravatar.com\\\/avatar\\\/37d968a2e67a6fd04c169c4bdef102d0bc5d31b2546345219e348575eb80e9a0?s=96&d=mm&r=g\",\"caption\":\"redazione\"},\"sameAs\":[\"http:\\\/\\\/www.bellunopress.it\",\"https:\\\/\\\/x.com\\\/bellunopress\"],\"url\":\"https:\\\/\\\/www.bellunopress.it\\\/fr\\\/author\\\/redazione\\\/\"}]}<\/script>\n<!-- \/ Yoast SEO plugin. -->","yoast_head_json":{"title":"Aria di elezioni. Assemblea Bim Gsp rinviata di un mese - Bellunopress - Dolomiti","robots":{"index":"index","follow":"follow","max-snippet":"max-snippet:-1","max-image-preview":"max-image-preview:large","max-video-preview":"max-video-preview:-1"},"canonical":"https:\/\/www.bellunopress.it\/fr\/2013\/02\/18\/aria-di-elezioni-assemblea-bim-gsp-rinviata-di-un-mese\/","og_locale":"fr_FR","og_type":"article","og_title":"Aria di elezioni. Assemblea Bim Gsp rinviata di un mese - Bellunopress - Dolomiti","og_description":"Rinviata di un mese l\u2019Assemblea ordinaria di Bim Gsp. L\u2019incontro previsto per oggi pomeriggio alle 15.30 si terr\u00e0 il 18 marzo prossimo, come richiesto dalla quasi totalit\u00e0 dei sindaci (57 comuni su 67 soci). Questa mattina dagli uffici della societ\u00e0 \u00e8 stata diramata via fax una nota a tutti i soci, con la quale il [&hellip;]","og_url":"https:\/\/www.bellunopress.it\/fr\/2013\/02\/18\/aria-di-elezioni-assemblea-bim-gsp-rinviata-di-un-mese\/","og_site_name":"Bellunopress - Dolomiti","article_publisher":"https:\/\/www.facebook.com\/profile.php?id=100008943462799","article_published_time":"2013-02-18T13:59:35+00:00","og_image":[{"url":"http:\/\/www.bellunopress.it\/wp-content\/uploads\/2009\/08\/gsp-gestione-servizi-pubblici.jpg","type":"","width":"","height":""}],"author":"redazione","twitter_card":"summary_large_image","twitter_creator":"@bellunopress","twitter_site":"@bellunopress","twitter_misc":{"\u00c9crit par":"redazione","Dur\u00e9e de lecture estim\u00e9e":"1 minute"},"schema":{"@context":"https:\/\/schema.org","@graph":[{"@type":"Article","@id":"https:\/\/www.bellunopress.it\/2013\/02\/18\/aria-di-elezioni-assemblea-bim-gsp-rinviata-di-un-mese\/#article","isPartOf":{"@id":"https:\/\/www.bellunopress.it\/2013\/02\/18\/aria-di-elezioni-assemblea-bim-gsp-rinviata-di-un-mese\/"},"author":{"name":"redazione","@id":"https:\/\/www.bellunopress.it\/#\/schema\/person\/79bb06722b37ece1c03d3e94beb30d73"},"headline":"Aria di elezioni. Assemblea Bim Gsp rinviata di un mese","datePublished":"2013-02-18T13:59:35+00:00","mainEntityOfPage":{"@id":"https:\/\/www.bellunopress.it\/2013\/02\/18\/aria-di-elezioni-assemblea-bim-gsp-rinviata-di-un-mese\/"},"wordCount":195,"publisher":{"@id":"https:\/\/www.bellunopress.it\/#organization"},"image":{"@id":"https:\/\/www.bellunopress.it\/2013\/02\/18\/aria-di-elezioni-assemblea-bim-gsp-rinviata-di-un-mese\/#primaryimage"},"thumbnailUrl":"http:\/\/www.bellunopress.it\/wp-content\/uploads\/2009\/08\/gsp-gestione-servizi-pubblici.jpg","articleSection":["Cronaca\/Politica","Prima Pagina"],"inLanguage":"fr-FR"},{"@type":"WebPage","@id":"https:\/\/www.bellunopress.it\/2013\/02\/18\/aria-di-elezioni-assemblea-bim-gsp-rinviata-di-un-mese\/","url":"https:\/\/www.bellunopress.it\/2013\/02\/18\/aria-di-elezioni-assemblea-bim-gsp-rinviata-di-un-mese\/","name":"Aria di elezioni. Assemblea Bim Gsp rinviata di un mese - Bellunopress - Dolomiti","isPartOf":{"@id":"https:\/\/www.bellunopress.it\/#website"},"primaryImageOfPage":{"@id":"https:\/\/www.bellunopress.it\/2013\/02\/18\/aria-di-elezioni-assemblea-bim-gsp-rinviata-di-un-mese\/#primaryimage"},"image":{"@id":"https:\/\/www.bellunopress.it\/2013\/02\/18\/aria-di-elezioni-assemblea-bim-gsp-rinviata-di-un-mese\/#primaryimage"},"thumbnailUrl":"http:\/\/www.bellunopress.it\/wp-content\/uploads\/2009\/08\/gsp-gestione-servizi-pubblici.jpg","datePublished":"2013-02-18T13:59:35+00:00","breadcrumb":{"@id":"https:\/\/www.bellunopress.it\/2013\/02\/18\/aria-di-elezioni-assemblea-bim-gsp-rinviata-di-un-mese\/#breadcrumb"},"inLanguage":"fr-FR","potentialAction":[{"@type":"ReadAction","target":["https:\/\/www.bellunopress.it\/2013\/02\/18\/aria-di-elezioni-assemblea-bim-gsp-rinviata-di-un-mese\/"]}]},{"@type":"ImageObject","inLanguage":"fr-FR","@id":"https:\/\/www.bellunopress.it\/2013\/02\/18\/aria-di-elezioni-assemblea-bim-gsp-rinviata-di-un-mese\/#primaryimage","url":"http:\/\/www.bellunopress.it\/wp-content\/uploads\/2009\/08\/gsp-gestione-servizi-pubblici.jpg","contentUrl":"http:\/\/www.bellunopress.it\/wp-content\/uploads\/2009\/08\/gsp-gestione-servizi-pubblici.jpg"},{"@type":"BreadcrumbList","@id":"https:\/\/www.bellunopress.it\/2013\/02\/18\/aria-di-elezioni-assemblea-bim-gsp-rinviata-di-un-mese\/#breadcrumb","itemListElement":[{"@type":"ListItem","position":1,"name":"Home","item":"https:\/\/www.bellunopress.it\/"},{"@type":"ListItem","position":2,"name":"Aria di elezioni. Assemblea Bim Gsp rinviata di un mese"}]},{"@type":"WebSite","@id":"https:\/\/www.bellunopress.it\/#website","url":"https:\/\/www.bellunopress.it\/","name":"Bellunopress - Dolomiti","description":"e-mail: redazione@bellunopress.it","publisher":{"@id":"https:\/\/www.bellunopress.it\/#organization"},"potentialAction":[{"@type":"SearchAction","target":{"@type":"EntryPoint","urlTemplate":"https:\/\/www.bellunopress.it\/?s={search_term_string}"},"query-input":{"@type":"PropertyValueSpecification","valueRequired":true,"valueName":"search_term_string"}}],"inLanguage":"fr-FR"},{"@type":"Organization","@id":"https:\/\/www.bellunopress.it\/#organization","name":"Bellunopress","url":"https:\/\/www.bellunopress.it\/","logo":{"@type":"ImageObject","inLanguage":"fr-FR","@id":"https:\/\/www.bellunopress.it\/#\/schema\/logo\/image\/","url":"https:\/\/www.bellunopress.it\/wp-content\/uploads\/2011\/05\/cropped-logo-bellunopress-.jpg","contentUrl":"https:\/\/www.bellunopress.it\/wp-content\/uploads\/2011\/05\/cropped-logo-bellunopress-.jpg","width":512,"height":512,"caption":"Bellunopress"},"image":{"@id":"https:\/\/www.bellunopress.it\/#\/schema\/logo\/image\/"},"sameAs":["https:\/\/www.facebook.com\/profile.php?id=100008943462799","https:\/\/x.com\/bellunopress","https:\/\/www.linkedin.com\/hp\/?dnr=JBzUWaJfMUw8vbXJJ2tVW5-I3jZKvC4wsoxE&amp;amp;amp;amp;amp;amp;trk=nav_responsive_tab_home","https:\/\/www.youtube.com\/channel\/UCxL0wu1uN0_3_7hGG0306cw"]},{"@type":"Person","@id":"https:\/\/www.bellunopress.it\/#\/schema\/person\/79bb06722b37ece1c03d3e94beb30d73","name":"r\u00e9daction","image":{"@type":"ImageObject","inLanguage":"fr-FR","@id":"https:\/\/secure.gravatar.com\/avatar\/37d968a2e67a6fd04c169c4bdef102d0bc5d31b2546345219e348575eb80e9a0?s=96&d=mm&r=g","url":"https:\/\/secure.gravatar.com\/avatar\/37d968a2e67a6fd04c169c4bdef102d0bc5d31b2546345219e348575eb80e9a0?s=96&d=mm&r=g","contentUrl":"https:\/\/secure.gravatar.com\/avatar\/37d968a2e67a6fd04c169c4bdef102d0bc5d31b2546345219e348575eb80e9a0?s=96&d=mm&r=g","caption":"redazione"},"sameAs":["http:\/\/www.bellunopress.it","https:\/\/x.com\/bellunopress"],"url":"https:\/\/www.bellunopress.it\/fr\/author\/redazione\/"}]}},"_links":{"self":[{"href":"https:\/\/www.bellunopress.it\/fr\/wp-json\/wp\/v2\/posts\/46862","targetHints":{"allow":["GET"]}}],"collection":[{"href":"https:\/\/www.bellunopress.it\/fr\/wp-json\/wp\/v2\/posts"}],"about":[{"href":"https:\/\/www.bellunopress.it\/fr\/wp-json\/wp\/v2\/types\/post"}],"author":[{"embeddable":true,"href":"https:\/\/www.bellunopress.it\/fr\/wp-json\/wp\/v2\/users\/2"}],"replies":[{"embeddable":true,"href":"https:\/\/www.bellunopress.it\/fr\/wp-json\/wp\/v2\/comments?post=46862"}],"version-history":[{"count":1,"href":"https:\/\/www.bellunopress.it\/fr\/wp-json\/wp\/v2\/posts\/46862\/revisions"}],"predecessor-version":[{"id":46863,"href":"https:\/\/www.bellunopress.it\/fr\/wp-json\/wp\/v2\/posts\/46862\/revisions\/46863"}],"wp:attachment":[{"href":"https:\/\/www.bellunopress.it\/fr\/wp-json\/wp\/v2\/media?parent=46862"}],"wp:term":[{"taxonomy":"category","embeddable":true,"href":"https:\/\/www.bellunopress.it\/fr\/wp-json\/wp\/v2\/categories?post=46862"},{"taxonomy":"post_tag","embeddable":true,"href":"https:\/\/www.bellunopress.it\/fr\/wp-json\/wp\/v2\/tags?post=46862"}],"curies":[{"name":"wp","href":"https:\/\/api.w.org\/{rel}","templated":true}]}}