{"id":46859,"date":"2013-02-18T23:32:04","date_gmt":"2013-02-18T22:32:04","guid":{"rendered":"http:\/\/www.bellunopress.it\/?p=46859"},"modified":"2013-02-18T14:35:26","modified_gmt":"2013-02-18T13:35:26","slug":"martedi-al-mercato-di-ponte-nelle-alpi-roger-de-menech-incontra-i-cittadini","status":"publish","type":"post","link":"https:\/\/www.bellunopress.it\/fr\/2013\/02\/18\/martedi-al-mercato-di-ponte-nelle-alpi-roger-de-menech-incontra-i-cittadini\/","title":{"rendered":"Marted\u00ec al mercato di Ponte nelle Alpi Roger De Menech incontra i cittadini"},"content":{"rendered":"<p>La forte nevicata che si \u00e8 verificata marted\u00ec scorso, 12 febbraio, ha impedito lo svolgimento del consueto mercato a Ponte nelle Alpi. E&#8217; saltato, quindi l&#8217;incontro di Roger De Menech, candidato del Pd alla Camera, avrebbe dovuto avere con i propri concittadini. Nel corso di quella mattinata, De Menech ha interrotto la campagna elettorale per coordinare al meglio le attivit\u00e0 previste dal \u00abPiano neve\u00bb che ha visto impegnati gli operai, i mezzi del comune e delle aziende convenzionate allo sgombero dalla neve delle vie e delle piazze del vasto territorio comunale. L&#8217;incontro con la popolazione si terr\u00e0 domani, marted\u00ec 19 febbraio.<\/p>\n<p><a href=\"http:\/\/www.bellunopress.it\/wp-content\/uploads\/2013\/01\/roger-de-menech-1.jpg\"><img loading=\"lazy\" decoding=\"async\" class=\"alignleft size-full wp-image-46179\" alt=\"roger de menech 1\" src=\"http:\/\/www.bellunopress.it\/wp-content\/uploads\/2013\/01\/roger-de-menech-1.jpg\" width=\"193\" height=\"290\" \/><\/a>Prosegue, intanto, dopo il bagno di folla di venerd\u00ec scorso con Matteo Renzi, la campagna elettorale del sindaco di Ponte nelle Alpi.<\/p>\n<p>\u00abIl bilancio di questa campagna elettorale &#8211; ha dichiarato un compiaciuto De Menech &#8211; \u00e8 estremamente positivo: ho incontrato moltissima gente soprattutto, tanti giovani con i quali ho potuto confrontarmi e percepire le loro aspettative\u00bb. In quest&#8217;ultima settimana si infittiscono gli incontri e gli eventi. De Menech ha poi fatto sapere che invier\u00e0 una lettera a tutti i cittadini di Ponte \u00abLa lettera che indirizzo ai miei concittadini e concittadine per invitarli a votare Pd sar\u00e0 inoltrata a mano: un gruppo di volontari si \u00e8 suddiviso il territorio e nei prossimi giorni la missiva sar\u00e0 recapitata\u00bb. Dopo aver ricordato di avere \u00abottime possibilit\u00e0 di essere eletto, De Menech sottolinea che la sua candidatura \u00e8 dovuta \u00aball\u2019appoggio di tante persone. Molti i giovani che si sono messi a disposizione per promuovere un\u2019idea di politica che metta al centro del programma il lavoro, la scuola, l\u2019ambiente e i servizi al cittadino. Un progetto &#8211; sempre secondo De Menech &#8211; che parte dal rinnovamento del Parlamento e che ha come fondamenta: la moralit\u00e0, l\u2019etica e la trasparenza su tutte le scelte\u00bb. Dopo aver ricordato come Ponte nelle Alpi sia diventata, nel corso degli anni, un riferimento per tutta la provincia di Belluno grazie a decisioni amministrative innovative, coraggiose e lungimiranti e che sia noto per le sue attivit\u00e0 in campo ambientale, culturale, sportivo e sociale, come sindaco di Ponte nelle Alpi De Menech si dice onorato \u00abdi poter portare in Parlamento questa preziosa esperienza e di applicare un metodo di lavoro \u00abdelle buone abitudini\u00bb che ha reso Ponte nelle Alpi famoso in tutta Italia\u00bb.<\/p>\n<p>A conclusione della lettera De Menech fa presente che anche da deputato manterr\u00e0 \u00ablo stesso spirito e la stessa disponibilit\u00e0 dimostrata in questi anni\u00bb e pertanto, per queste considerazioni che spera siano condivise, De Menech si augura che il 24 e 25 febbraio 2013 le elettrici e gli elettori di Ponte nelle Alpi possano sostenerlo con il voto\u00bb.<\/p>","protected":false},"excerpt":{"rendered":"<p>La forte nevicata che si \u00e8 verificata marted\u00ec scorso, 12 febbraio, ha impedito lo svolgimento del consueto mercato a Ponte nelle Alpi. E&#8217; saltato, quindi l&#8217;incontro di Roger De Menech, candidato del Pd alla Camera, avrebbe dovuto avere con i propri concittadini. Nel corso di quella mattinata, De Menech ha interrotto la campagna elettorale per [&hellip;]<\/p>\n","protected":false},"author":2,"featured_media":0,"comment_status":"closed","ping_status":"open","sticky":false,"template":"","format":"standard","meta":{"footnotes":""},"categories":[27,5,25],"tags":[],"class_list":["post-46859","post","type-post","status-publish","format-standard","category-appuntamenti","category-cronaca","category-pausa-caffe"],"yoast_head":"<!-- This site is optimized with the Yoast SEO plugin v28.4 - https:\/\/yoast.com\/product\/yoast-seo-wordpress\/ -->\n<title>Marted\u00ec al mercato di Ponte nelle Alpi Roger De Menech incontra i cittadini - Bellunopress - Dolomiti<\/title>\n<meta name=\"robots\" content=\"index, follow, max-snippet:-1, max-image-preview:large, max-video-preview:-1\" \/>\n<link rel=\"canonical\" href=\"https:\/\/www.bellunopress.it\/fr\/2013\/02\/18\/martedi-al-mercato-di-ponte-nelle-alpi-roger-de-menech-incontra-i-cittadini\/\" \/>\n<meta property=\"og:locale\" content=\"fr_FR\" \/>\n<meta property=\"og:type\" content=\"article\" \/>\n<meta property=\"og:title\" content=\"Marted\u00ec al mercato di Ponte nelle Alpi Roger De Menech incontra i cittadini - Bellunopress - Dolomiti\" \/>\n<meta property=\"og:description\" content=\"La forte nevicata che si \u00e8 verificata marted\u00ec scorso, 12 febbraio, ha impedito lo svolgimento del consueto mercato a Ponte nelle Alpi. E&#8217; saltato, quindi l&#8217;incontro di Roger De Menech, candidato del Pd alla Camera, avrebbe dovuto avere con i propri concittadini. Nel corso di quella mattinata, De Menech ha interrotto la campagna elettorale per [&hellip;]\" \/>\n<meta property=\"og:url\" content=\"https:\/\/www.bellunopress.it\/fr\/2013\/02\/18\/martedi-al-mercato-di-ponte-nelle-alpi-roger-de-menech-incontra-i-cittadini\/\" \/>\n<meta property=\"og:site_name\" content=\"Bellunopress - Dolomiti\" \/>\n<meta property=\"article:publisher\" content=\"https:\/\/www.facebook.com\/profile.php?id=100008943462799\" \/>\n<meta property=\"article:published_time\" content=\"2013-02-18T22:32:04+00:00\" \/>\n<meta property=\"og:image\" content=\"http:\/\/www.bellunopress.it\/wp-content\/uploads\/2013\/01\/roger-de-menech-1.jpg\" \/>\n<meta name=\"author\" content=\"redazione\" \/>\n<meta name=\"twitter:card\" content=\"summary_large_image\" \/>\n<meta name=\"twitter:creator\" content=\"@bellunopress\" \/>\n<meta name=\"twitter:site\" content=\"@bellunopress\" \/>\n<meta name=\"twitter:label1\" content=\"\u00c9crit par\" \/>\n\t<meta name=\"twitter:data1\" content=\"redazione\" \/>\n\t<meta name=\"twitter:label2\" content=\"Dur\u00e9e de lecture estim\u00e9e\" \/>\n\t<meta name=\"twitter:data2\" content=\"2 minutes\" \/>\n<script type=\"application\/ld+json\" class=\"yoast-schema-graph\">{\"@context\":\"https:\\\/\\\/schema.org\",\"@graph\":[{\"@type\":\"Article\",\"@id\":\"https:\\\/\\\/www.bellunopress.it\\\/2013\\\/02\\\/18\\\/martedi-al-mercato-di-ponte-nelle-alpi-roger-de-menech-incontra-i-cittadini\\\/#article\",\"isPartOf\":{\"@id\":\"https:\\\/\\\/www.bellunopress.it\\\/2013\\\/02\\\/18\\\/martedi-al-mercato-di-ponte-nelle-alpi-roger-de-menech-incontra-i-cittadini\\\/\"},\"author\":{\"name\":\"redazione\",\"@id\":\"https:\\\/\\\/www.bellunopress.it\\\/#\\\/schema\\\/person\\\/79bb06722b37ece1c03d3e94beb30d73\"},\"headline\":\"Marted\u00ec al mercato di Ponte nelle Alpi Roger De Menech incontra i cittadini\",\"datePublished\":\"2013-02-18T22:32:04+00:00\",\"mainEntityOfPage\":{\"@id\":\"https:\\\/\\\/www.bellunopress.it\\\/2013\\\/02\\\/18\\\/martedi-al-mercato-di-ponte-nelle-alpi-roger-de-menech-incontra-i-cittadini\\\/\"},\"wordCount\":453,\"publisher\":{\"@id\":\"https:\\\/\\\/www.bellunopress.it\\\/#organization\"},\"image\":{\"@id\":\"https:\\\/\\\/www.bellunopress.it\\\/2013\\\/02\\\/18\\\/martedi-al-mercato-di-ponte-nelle-alpi-roger-de-menech-incontra-i-cittadini\\\/#primaryimage\"},\"thumbnailUrl\":\"http:\\\/\\\/www.bellunopress.it\\\/wp-content\\\/uploads\\\/2013\\\/01\\\/roger-de-menech-1.jpg\",\"articleSection\":[\"Appuntamenti, Eventi\",\"Cronaca\\\/Politica\",\"Pausa Caff\u00e8\"],\"inLanguage\":\"fr-FR\"},{\"@type\":\"WebPage\",\"@id\":\"https:\\\/\\\/www.bellunopress.it\\\/2013\\\/02\\\/18\\\/martedi-al-mercato-di-ponte-nelle-alpi-roger-de-menech-incontra-i-cittadini\\\/\",\"url\":\"https:\\\/\\\/www.bellunopress.it\\\/2013\\\/02\\\/18\\\/martedi-al-mercato-di-ponte-nelle-alpi-roger-de-menech-incontra-i-cittadini\\\/\",\"name\":\"Marted\u00ec al mercato di Ponte nelle Alpi Roger De Menech incontra i cittadini - Bellunopress - Dolomiti\",\"isPartOf\":{\"@id\":\"https:\\\/\\\/www.bellunopress.it\\\/#website\"},\"primaryImageOfPage\":{\"@id\":\"https:\\\/\\\/www.bellunopress.it\\\/2013\\\/02\\\/18\\\/martedi-al-mercato-di-ponte-nelle-alpi-roger-de-menech-incontra-i-cittadini\\\/#primaryimage\"},\"image\":{\"@id\":\"https:\\\/\\\/www.bellunopress.it\\\/2013\\\/02\\\/18\\\/martedi-al-mercato-di-ponte-nelle-alpi-roger-de-menech-incontra-i-cittadini\\\/#primaryimage\"},\"thumbnailUrl\":\"http:\\\/\\\/www.bellunopress.it\\\/wp-content\\\/uploads\\\/2013\\\/01\\\/roger-de-menech-1.jpg\",\"datePublished\":\"2013-02-18T22:32:04+00:00\",\"breadcrumb\":{\"@id\":\"https:\\\/\\\/www.bellunopress.it\\\/2013\\\/02\\\/18\\\/martedi-al-mercato-di-ponte-nelle-alpi-roger-de-menech-incontra-i-cittadini\\\/#breadcrumb\"},\"inLanguage\":\"fr-FR\",\"potentialAction\":[{\"@type\":\"ReadAction\",\"target\":[\"https:\\\/\\\/www.bellunopress.it\\\/2013\\\/02\\\/18\\\/martedi-al-mercato-di-ponte-nelle-alpi-roger-de-menech-incontra-i-cittadini\\\/\"]}]},{\"@type\":\"ImageObject\",\"inLanguage\":\"fr-FR\",\"@id\":\"https:\\\/\\\/www.bellunopress.it\\\/2013\\\/02\\\/18\\\/martedi-al-mercato-di-ponte-nelle-alpi-roger-de-menech-incontra-i-cittadini\\\/#primaryimage\",\"url\":\"http:\\\/\\\/www.bellunopress.it\\\/wp-content\\\/uploads\\\/2013\\\/01\\\/roger-de-menech-1.jpg\",\"contentUrl\":\"http:\\\/\\\/www.bellunopress.it\\\/wp-content\\\/uploads\\\/2013\\\/01\\\/roger-de-menech-1.jpg\"},{\"@type\":\"BreadcrumbList\",\"@id\":\"https:\\\/\\\/www.bellunopress.it\\\/2013\\\/02\\\/18\\\/martedi-al-mercato-di-ponte-nelle-alpi-roger-de-menech-incontra-i-cittadini\\\/#breadcrumb\",\"itemListElement\":[{\"@type\":\"ListItem\",\"position\":1,\"name\":\"Home\",\"item\":\"https:\\\/\\\/www.bellunopress.it\\\/\"},{\"@type\":\"ListItem\",\"position\":2,\"name\":\"Marted\u00ec al mercato di Ponte nelle Alpi Roger De Menech incontra i cittadini\"}]},{\"@type\":\"WebSite\",\"@id\":\"https:\\\/\\\/www.bellunopress.it\\\/#website\",\"url\":\"https:\\\/\\\/www.bellunopress.it\\\/\",\"name\":\"Bellunopress - Dolomiti\",\"description\":\"e-mail: redazione@bellunopress.it\",\"publisher\":{\"@id\":\"https:\\\/\\\/www.bellunopress.it\\\/#organization\"},\"potentialAction\":[{\"@type\":\"SearchAction\",\"target\":{\"@type\":\"EntryPoint\",\"urlTemplate\":\"https:\\\/\\\/www.bellunopress.it\\\/?s={search_term_string}\"},\"query-input\":{\"@type\":\"PropertyValueSpecification\",\"valueRequired\":true,\"valueName\":\"search_term_string\"}}],\"inLanguage\":\"fr-FR\"},{\"@type\":\"Organization\",\"@id\":\"https:\\\/\\\/www.bellunopress.it\\\/#organization\",\"name\":\"Bellunopress\",\"url\":\"https:\\\/\\\/www.bellunopress.it\\\/\",\"logo\":{\"@type\":\"ImageObject\",\"inLanguage\":\"fr-FR\",\"@id\":\"https:\\\/\\\/www.bellunopress.it\\\/#\\\/schema\\\/logo\\\/image\\\/\",\"url\":\"https:\\\/\\\/www.bellunopress.it\\\/wp-content\\\/uploads\\\/2011\\\/05\\\/cropped-logo-bellunopress-.jpg\",\"contentUrl\":\"https:\\\/\\\/www.bellunopress.it\\\/wp-content\\\/uploads\\\/2011\\\/05\\\/cropped-logo-bellunopress-.jpg\",\"width\":512,\"height\":512,\"caption\":\"Bellunopress\"},\"image\":{\"@id\":\"https:\\\/\\\/www.bellunopress.it\\\/#\\\/schema\\\/logo\\\/image\\\/\"},\"sameAs\":[\"https:\\\/\\\/www.facebook.com\\\/profile.php?id=100008943462799\",\"https:\\\/\\\/x.com\\\/bellunopress\",\"https:\\\/\\\/www.linkedin.com\\\/hp\\\/?dnr=JBzUWaJfMUw8vbXJJ2tVW5-I3jZKvC4wsoxE&amp;amp;amp;amp;amp;amp;trk=nav_responsive_tab_home\",\"https:\\\/\\\/www.youtube.com\\\/channel\\\/UCxL0wu1uN0_3_7hGG0306cw\"]},{\"@type\":\"Person\",\"@id\":\"https:\\\/\\\/www.bellunopress.it\\\/#\\\/schema\\\/person\\\/79bb06722b37ece1c03d3e94beb30d73\",\"name\":\"redazione\",\"image\":{\"@type\":\"ImageObject\",\"inLanguage\":\"fr-FR\",\"@id\":\"https:\\\/\\\/secure.gravatar.com\\\/avatar\\\/37d968a2e67a6fd04c169c4bdef102d0bc5d31b2546345219e348575eb80e9a0?s=96&d=mm&r=g\",\"url\":\"https:\\\/\\\/secure.gravatar.com\\\/avatar\\\/37d968a2e67a6fd04c169c4bdef102d0bc5d31b2546345219e348575eb80e9a0?s=96&d=mm&r=g\",\"contentUrl\":\"https:\\\/\\\/secure.gravatar.com\\\/avatar\\\/37d968a2e67a6fd04c169c4bdef102d0bc5d31b2546345219e348575eb80e9a0?s=96&d=mm&r=g\",\"caption\":\"redazione\"},\"sameAs\":[\"http:\\\/\\\/www.bellunopress.it\",\"https:\\\/\\\/x.com\\\/bellunopress\"],\"url\":\"https:\\\/\\\/www.bellunopress.it\\\/fr\\\/author\\\/redazione\\\/\"}]}<\/script>\n<!-- \/ Yoast SEO plugin. -->","yoast_head_json":{"title":"Marted\u00ec al mercato di Ponte nelle Alpi Roger De Menech incontra i cittadini - Bellunopress - Dolomiti","robots":{"index":"index","follow":"follow","max-snippet":"max-snippet:-1","max-image-preview":"max-image-preview:large","max-video-preview":"max-video-preview:-1"},"canonical":"https:\/\/www.bellunopress.it\/fr\/2013\/02\/18\/martedi-al-mercato-di-ponte-nelle-alpi-roger-de-menech-incontra-i-cittadini\/","og_locale":"fr_FR","og_type":"article","og_title":"Marted\u00ec al mercato di Ponte nelle Alpi Roger De Menech incontra i cittadini - Bellunopress - Dolomiti","og_description":"La forte nevicata che si \u00e8 verificata marted\u00ec scorso, 12 febbraio, ha impedito lo svolgimento del consueto mercato a Ponte nelle Alpi. E&#8217; saltato, quindi l&#8217;incontro di Roger De Menech, candidato del Pd alla Camera, avrebbe dovuto avere con i propri concittadini. Nel corso di quella mattinata, De Menech ha interrotto la campagna elettorale per [&hellip;]","og_url":"https:\/\/www.bellunopress.it\/fr\/2013\/02\/18\/martedi-al-mercato-di-ponte-nelle-alpi-roger-de-menech-incontra-i-cittadini\/","og_site_name":"Bellunopress - Dolomiti","article_publisher":"https:\/\/www.facebook.com\/profile.php?id=100008943462799","article_published_time":"2013-02-18T22:32:04+00:00","og_image":[{"url":"http:\/\/www.bellunopress.it\/wp-content\/uploads\/2013\/01\/roger-de-menech-1.jpg","type":"","width":"","height":""}],"author":"redazione","twitter_card":"summary_large_image","twitter_creator":"@bellunopress","twitter_site":"@bellunopress","twitter_misc":{"\u00c9crit par":"redazione","Dur\u00e9e de lecture estim\u00e9e":"2 minutes"},"schema":{"@context":"https:\/\/schema.org","@graph":[{"@type":"Article","@id":"https:\/\/www.bellunopress.it\/2013\/02\/18\/martedi-al-mercato-di-ponte-nelle-alpi-roger-de-menech-incontra-i-cittadini\/#article","isPartOf":{"@id":"https:\/\/www.bellunopress.it\/2013\/02\/18\/martedi-al-mercato-di-ponte-nelle-alpi-roger-de-menech-incontra-i-cittadini\/"},"author":{"name":"redazione","@id":"https:\/\/www.bellunopress.it\/#\/schema\/person\/79bb06722b37ece1c03d3e94beb30d73"},"headline":"Marted\u00ec al mercato di Ponte nelle Alpi Roger De Menech incontra i cittadini","datePublished":"2013-02-18T22:32:04+00:00","mainEntityOfPage":{"@id":"https:\/\/www.bellunopress.it\/2013\/02\/18\/martedi-al-mercato-di-ponte-nelle-alpi-roger-de-menech-incontra-i-cittadini\/"},"wordCount":453,"publisher":{"@id":"https:\/\/www.bellunopress.it\/#organization"},"image":{"@id":"https:\/\/www.bellunopress.it\/2013\/02\/18\/martedi-al-mercato-di-ponte-nelle-alpi-roger-de-menech-incontra-i-cittadini\/#primaryimage"},"thumbnailUrl":"http:\/\/www.bellunopress.it\/wp-content\/uploads\/2013\/01\/roger-de-menech-1.jpg","articleSection":["Appuntamenti, Eventi","Cronaca\/Politica","Pausa Caff\u00e8"],"inLanguage":"fr-FR"},{"@type":"WebPage","@id":"https:\/\/www.bellunopress.it\/2013\/02\/18\/martedi-al-mercato-di-ponte-nelle-alpi-roger-de-menech-incontra-i-cittadini\/","url":"https:\/\/www.bellunopress.it\/2013\/02\/18\/martedi-al-mercato-di-ponte-nelle-alpi-roger-de-menech-incontra-i-cittadini\/","name":"Marted\u00ec al mercato di Ponte nelle Alpi Roger De Menech incontra i cittadini - Bellunopress - Dolomiti","isPartOf":{"@id":"https:\/\/www.bellunopress.it\/#website"},"primaryImageOfPage":{"@id":"https:\/\/www.bellunopress.it\/2013\/02\/18\/martedi-al-mercato-di-ponte-nelle-alpi-roger-de-menech-incontra-i-cittadini\/#primaryimage"},"image":{"@id":"https:\/\/www.bellunopress.it\/2013\/02\/18\/martedi-al-mercato-di-ponte-nelle-alpi-roger-de-menech-incontra-i-cittadini\/#primaryimage"},"thumbnailUrl":"http:\/\/www.bellunopress.it\/wp-content\/uploads\/2013\/01\/roger-de-menech-1.jpg","datePublished":"2013-02-18T22:32:04+00:00","breadcrumb":{"@id":"https:\/\/www.bellunopress.it\/2013\/02\/18\/martedi-al-mercato-di-ponte-nelle-alpi-roger-de-menech-incontra-i-cittadini\/#breadcrumb"},"inLanguage":"fr-FR","potentialAction":[{"@type":"ReadAction","target":["https:\/\/www.bellunopress.it\/2013\/02\/18\/martedi-al-mercato-di-ponte-nelle-alpi-roger-de-menech-incontra-i-cittadini\/"]}]},{"@type":"ImageObject","inLanguage":"fr-FR","@id":"https:\/\/www.bellunopress.it\/2013\/02\/18\/martedi-al-mercato-di-ponte-nelle-alpi-roger-de-menech-incontra-i-cittadini\/#primaryimage","url":"http:\/\/www.bellunopress.it\/wp-content\/uploads\/2013\/01\/roger-de-menech-1.jpg","contentUrl":"http:\/\/www.bellunopress.it\/wp-content\/uploads\/2013\/01\/roger-de-menech-1.jpg"},{"@type":"BreadcrumbList","@id":"https:\/\/www.bellunopress.it\/2013\/02\/18\/martedi-al-mercato-di-ponte-nelle-alpi-roger-de-menech-incontra-i-cittadini\/#breadcrumb","itemListElement":[{"@type":"ListItem","position":1,"name":"Home","item":"https:\/\/www.bellunopress.it\/"},{"@type":"ListItem","position":2,"name":"Marted\u00ec al mercato di Ponte nelle Alpi Roger De Menech incontra i cittadini"}]},{"@type":"WebSite","@id":"https:\/\/www.bellunopress.it\/#website","url":"https:\/\/www.bellunopress.it\/","name":"Bellunopress - Dolomiti","description":"e-mail: redazione@bellunopress.it","publisher":{"@id":"https:\/\/www.bellunopress.it\/#organization"},"potentialAction":[{"@type":"SearchAction","target":{"@type":"EntryPoint","urlTemplate":"https:\/\/www.bellunopress.it\/?s={search_term_string}"},"query-input":{"@type":"PropertyValueSpecification","valueRequired":true,"valueName":"search_term_string"}}],"inLanguage":"fr-FR"},{"@type":"Organization","@id":"https:\/\/www.bellunopress.it\/#organization","name":"Bellunopress","url":"https:\/\/www.bellunopress.it\/","logo":{"@type":"ImageObject","inLanguage":"fr-FR","@id":"https:\/\/www.bellunopress.it\/#\/schema\/logo\/image\/","url":"https:\/\/www.bellunopress.it\/wp-content\/uploads\/2011\/05\/cropped-logo-bellunopress-.jpg","contentUrl":"https:\/\/www.bellunopress.it\/wp-content\/uploads\/2011\/05\/cropped-logo-bellunopress-.jpg","width":512,"height":512,"caption":"Bellunopress"},"image":{"@id":"https:\/\/www.bellunopress.it\/#\/schema\/logo\/image\/"},"sameAs":["https:\/\/www.facebook.com\/profile.php?id=100008943462799","https:\/\/x.com\/bellunopress","https:\/\/www.linkedin.com\/hp\/?dnr=JBzUWaJfMUw8vbXJJ2tVW5-I3jZKvC4wsoxE&amp;amp;amp;amp;amp;amp;trk=nav_responsive_tab_home","https:\/\/www.youtube.com\/channel\/UCxL0wu1uN0_3_7hGG0306cw"]},{"@type":"Person","@id":"https:\/\/www.bellunopress.it\/#\/schema\/person\/79bb06722b37ece1c03d3e94beb30d73","name":"r\u00e9daction","image":{"@type":"ImageObject","inLanguage":"fr-FR","@id":"https:\/\/secure.gravatar.com\/avatar\/37d968a2e67a6fd04c169c4bdef102d0bc5d31b2546345219e348575eb80e9a0?s=96&d=mm&r=g","url":"https:\/\/secure.gravatar.com\/avatar\/37d968a2e67a6fd04c169c4bdef102d0bc5d31b2546345219e348575eb80e9a0?s=96&d=mm&r=g","contentUrl":"https:\/\/secure.gravatar.com\/avatar\/37d968a2e67a6fd04c169c4bdef102d0bc5d31b2546345219e348575eb80e9a0?s=96&d=mm&r=g","caption":"redazione"},"sameAs":["http:\/\/www.bellunopress.it","https:\/\/x.com\/bellunopress"],"url":"https:\/\/www.bellunopress.it\/fr\/author\/redazione\/"}]}},"_links":{"self":[{"href":"https:\/\/www.bellunopress.it\/fr\/wp-json\/wp\/v2\/posts\/46859","targetHints":{"allow":["GET"]}}],"collection":[{"href":"https:\/\/www.bellunopress.it\/fr\/wp-json\/wp\/v2\/posts"}],"about":[{"href":"https:\/\/www.bellunopress.it\/fr\/wp-json\/wp\/v2\/types\/post"}],"author":[{"embeddable":true,"href":"https:\/\/www.bellunopress.it\/fr\/wp-json\/wp\/v2\/users\/2"}],"replies":[{"embeddable":true,"href":"https:\/\/www.bellunopress.it\/fr\/wp-json\/wp\/v2\/comments?post=46859"}],"version-history":[{"count":1,"href":"https:\/\/www.bellunopress.it\/fr\/wp-json\/wp\/v2\/posts\/46859\/revisions"}],"predecessor-version":[{"id":46860,"href":"https:\/\/www.bellunopress.it\/fr\/wp-json\/wp\/v2\/posts\/46859\/revisions\/46860"}],"wp:attachment":[{"href":"https:\/\/www.bellunopress.it\/fr\/wp-json\/wp\/v2\/media?parent=46859"}],"wp:term":[{"taxonomy":"category","embeddable":true,"href":"https:\/\/www.bellunopress.it\/fr\/wp-json\/wp\/v2\/categories?post=46859"},{"taxonomy":"post_tag","embeddable":true,"href":"https:\/\/www.bellunopress.it\/fr\/wp-json\/wp\/v2\/tags?post=46859"}],"curies":[{"name":"wp","href":"https:\/\/api.w.org\/{rel}","templated":true}]}}