{"id":46857,"date":"2013-02-18T14:17:58","date_gmt":"2013-02-18T13:17:58","guid":{"rendered":"http:\/\/www.bellunopress.it\/?p=46857"},"modified":"2013-02-18T14:17:58","modified_gmt":"2013-02-18T13:17:58","slug":"referendum-di-taibon-agordino-di-silvano-martini","status":"publish","type":"post","link":"https:\/\/www.bellunopress.it\/fr\/2013\/02\/18\/referendum-di-taibon-agordino-di-silvano-martini\/","title":{"rendered":"Referendum di Taibon Agordino  * di Silvano Martini"},"content":{"rendered":"<figure id=\"attachment_37804\" aria-describedby=\"caption-attachment-37804\" style=\"width: 140px\" class=\"wp-caption alignleft\"><a href=\"http:\/\/www.bellunopress.it\/wp-content\/uploads\/2012\/05\/Silvano-Martini.jpg\"><img loading=\"lazy\" decoding=\"async\" class=\"size-full wp-image-37804\" alt=\"Silvano Martini\" src=\"http:\/\/www.bellunopress.it\/wp-content\/uploads\/2012\/05\/Silvano-Martini.jpg\" width=\"140\" height=\"190\" \/><\/a><figcaption id=\"caption-attachment-37804\" class=\"wp-caption-text\">Silvano Martini<\/figcaption><\/figure>\n<p>Dopo i referendum appena celebrati, e per qualcuno persi, come fossero una partita di calcio, occorre dire che non \u00e8 cos\u00ec. Lo capisce fin d&#8217;ora visto che piovono da tutte le parti gli inviti ad andare avanti.<\/p>\n<p>Il referendum di Taibon acquista oggi ancora pi\u00f9 valore visto che c&#8217;\u00e9 chi dice ancora che questo \u00e9 uno strumento sbagliato.<\/p>\n<p>Noi che amiamo tutto il territorio bellunese, paese per paese, vallata per vallata, dimostreremo che la battaglia referendaria \u00e9 fatta per unire, non per dividere. \u00c9 fatta per ottenere giustizia, non privilegi. \u00c9 fatta per dare voce e speranza a chi non vuole arrendersi come i giovani Agordini che hanno lavorato e lavoreranno con l&#8217;intento preciso di dare un segnale forte dentro \u00e8 fuori la provincia a chi dovrebbe occuparsi del nostro territorio e spesso non lo ha fatto.<\/p>\n<p>Ci criticano perch\u00e9 dicono che chiediamo di andar via, lasciando a chi resta l&#8217;onere di difendere le terre alte ma anche chi muove le critiche sa che non \u00e9 cos\u00ec. Solo i referendum hanno costretto la politica a occuparsi del Bellunese e solo i referendum hanno portato qualche soldo nelle casse disastrate dei comuni Bellunesi.<\/p>\n<p>Al bellunese servono strumenti di governo nuovi e adeguati alle peculiari esigenze di chi vive tutti i giorni la sua straordinaria bellezza ma soffre, soprattutto nelle parti pi\u00f9 alte e periferiche i limiti e le difficolt\u00e0 dell&#8217;abitare e lavorare in montagna. Il nostro sogno \u00e9 la &#8220;Comunit\u00e0 Autonoma di Belluno-Dolomiti&#8221;.<\/p>\n<p>Nella prossima legislatura, quando si metter\u00e0 mano alla riordino degli enti locali, siamo certi che persone come Lorenzo Dellai e altri validi protagonisti della politica montana, sapranno riunire le comunit\u00e0 autonome alpine sotto un unico tetto.<\/p>\n<p>Serve forza e rappresentanza, alla montagna, per contare finalmente, come \u00e9 giusto che sia per un territorio fondamentale per l&#8217;equilibrio di tutto il nord Italia.<\/p>\n<p>La politica tradizionale, fatta di partiti centralisti, stenta a comprendere le esigenze del territorio alpino ma piano piano, anche per mezzo dei referendum locali, cambieremo le cose.<\/p>\n<p>Abbiamo fiducia nei giovani la cui energia positiva \u00e9 garanzia di impegno. Il tempo che abbiamo davanti \u00e9 loro e a loro spetta, pi\u00f9 che ad altri, battersi per costruire un futuro migliore.<\/p>\n<p>Noi continueremo a lavorare al massimo delle nostre capacit\u00e0 per ottenere l&#8217;Autonomia dalla quale il territorio bellunese non pu\u00f2 pi\u00f9 prescindere.<\/p>\n<p>Dice una bella canzone di De Gregori, &#8220;la storia siamo noi&#8230;&#8221; Non ci tireremo indietro!<\/p>\n<p>Cari cittadini di Belluno-Dolomiti, andiamo insieme a combattere la buona battaglia&#8230;<\/p>\n<p>&nbsp;<\/p>\n<p>Silvano Martini<\/p>\n<p>Vicepresidente BARD<\/p>\n<p>Candidato &#8220;Scelta civica&#8221; con Monti per l&#8217;Italia<\/p>","protected":false},"excerpt":{"rendered":"<p>Dopo i referendum appena celebrati, e per qualcuno persi, come fossero una partita di calcio, occorre dire che non \u00e8 cos\u00ec. Lo capisce fin d&#8217;ora visto che piovono da tutte le parti gli inviti ad andare avanti. Il referendum di Taibon acquista oggi ancora pi\u00f9 valore visto che c&#8217;\u00e9 chi dice ancora che questo \u00e9 [&hellip;]<\/p>\n","protected":false},"author":2,"featured_media":0,"comment_status":"closed","ping_status":"open","sticky":false,"template":"","format":"standard","meta":{"footnotes":""},"categories":[5,1,26],"tags":[],"class_list":["post-46857","post","type-post","status-publish","format-standard","category-cronaca","category-leo","category-prima-pagina"],"yoast_head":"<!-- This site is optimized with the Yoast SEO plugin v28.4 - https:\/\/yoast.com\/product\/yoast-seo-wordpress\/ -->\n<title>Referendum di Taibon Agordino * di Silvano Martini - Bellunopress - Dolomiti<\/title>\n<meta name=\"robots\" content=\"index, follow, max-snippet:-1, max-image-preview:large, max-video-preview:-1\" \/>\n<link rel=\"canonical\" href=\"https:\/\/www.bellunopress.it\/fr\/2013\/02\/18\/referendum-di-taibon-agordino-di-silvano-martini\/\" \/>\n<meta property=\"og:locale\" content=\"fr_FR\" \/>\n<meta property=\"og:type\" content=\"article\" \/>\n<meta property=\"og:title\" content=\"Referendum di Taibon Agordino * di Silvano Martini - Bellunopress - Dolomiti\" \/>\n<meta property=\"og:description\" content=\"Dopo i referendum appena celebrati, e per qualcuno persi, come fossero una partita di calcio, occorre dire che non \u00e8 cos\u00ec. Lo capisce fin d&#8217;ora visto che piovono da tutte le parti gli inviti ad andare avanti. Il referendum di Taibon acquista oggi ancora pi\u00f9 valore visto che c&#8217;\u00e9 chi dice ancora che questo \u00e9 [&hellip;]\" \/>\n<meta property=\"og:url\" content=\"https:\/\/www.bellunopress.it\/fr\/2013\/02\/18\/referendum-di-taibon-agordino-di-silvano-martini\/\" \/>\n<meta property=\"og:site_name\" content=\"Bellunopress - Dolomiti\" \/>\n<meta property=\"article:publisher\" content=\"https:\/\/www.facebook.com\/profile.php?id=100008943462799\" \/>\n<meta property=\"article:published_time\" content=\"2013-02-18T13:17:58+00:00\" \/>\n<meta property=\"og:image\" content=\"http:\/\/www.bellunopress.it\/wp-content\/uploads\/2012\/05\/Silvano-Martini.jpg\" \/>\n<meta name=\"author\" content=\"redazione\" \/>\n<meta name=\"twitter:card\" content=\"summary_large_image\" \/>\n<meta name=\"twitter:creator\" content=\"@bellunopress\" \/>\n<meta name=\"twitter:site\" content=\"@bellunopress\" \/>\n<meta name=\"twitter:label1\" content=\"\u00c9crit par\" \/>\n\t<meta name=\"twitter:data1\" content=\"redazione\" \/>\n\t<meta name=\"twitter:label2\" content=\"Dur\u00e9e de lecture estim\u00e9e\" \/>\n\t<meta name=\"twitter:data2\" content=\"2 minutes\" \/>\n<script type=\"application\/ld+json\" class=\"yoast-schema-graph\">{\"@context\":\"https:\\\/\\\/schema.org\",\"@graph\":[{\"@type\":\"Article\",\"@id\":\"https:\\\/\\\/www.bellunopress.it\\\/2013\\\/02\\\/18\\\/referendum-di-taibon-agordino-di-silvano-martini\\\/#article\",\"isPartOf\":{\"@id\":\"https:\\\/\\\/www.bellunopress.it\\\/2013\\\/02\\\/18\\\/referendum-di-taibon-agordino-di-silvano-martini\\\/\"},\"author\":{\"name\":\"redazione\",\"@id\":\"https:\\\/\\\/www.bellunopress.it\\\/#\\\/schema\\\/person\\\/79bb06722b37ece1c03d3e94beb30d73\"},\"headline\":\"Referendum di Taibon Agordino * di Silvano Martini\",\"datePublished\":\"2013-02-18T13:17:58+00:00\",\"mainEntityOfPage\":{\"@id\":\"https:\\\/\\\/www.bellunopress.it\\\/2013\\\/02\\\/18\\\/referendum-di-taibon-agordino-di-silvano-martini\\\/\"},\"wordCount\":434,\"publisher\":{\"@id\":\"https:\\\/\\\/www.bellunopress.it\\\/#organization\"},\"image\":{\"@id\":\"https:\\\/\\\/www.bellunopress.it\\\/2013\\\/02\\\/18\\\/referendum-di-taibon-agordino-di-silvano-martini\\\/#primaryimage\"},\"thumbnailUrl\":\"http:\\\/\\\/www.bellunopress.it\\\/wp-content\\\/uploads\\\/2012\\\/05\\\/Silvano-Martini.jpg\",\"articleSection\":[\"Cronaca\\\/Politica\",\"Lettere Opinioni\",\"Prima Pagina\"],\"inLanguage\":\"fr-FR\"},{\"@type\":\"WebPage\",\"@id\":\"https:\\\/\\\/www.bellunopress.it\\\/2013\\\/02\\\/18\\\/referendum-di-taibon-agordino-di-silvano-martini\\\/\",\"url\":\"https:\\\/\\\/www.bellunopress.it\\\/2013\\\/02\\\/18\\\/referendum-di-taibon-agordino-di-silvano-martini\\\/\",\"name\":\"Referendum di Taibon Agordino * di Silvano Martini - Bellunopress - Dolomiti\",\"isPartOf\":{\"@id\":\"https:\\\/\\\/www.bellunopress.it\\\/#website\"},\"primaryImageOfPage\":{\"@id\":\"https:\\\/\\\/www.bellunopress.it\\\/2013\\\/02\\\/18\\\/referendum-di-taibon-agordino-di-silvano-martini\\\/#primaryimage\"},\"image\":{\"@id\":\"https:\\\/\\\/www.bellunopress.it\\\/2013\\\/02\\\/18\\\/referendum-di-taibon-agordino-di-silvano-martini\\\/#primaryimage\"},\"thumbnailUrl\":\"http:\\\/\\\/www.bellunopress.it\\\/wp-content\\\/uploads\\\/2012\\\/05\\\/Silvano-Martini.jpg\",\"datePublished\":\"2013-02-18T13:17:58+00:00\",\"breadcrumb\":{\"@id\":\"https:\\\/\\\/www.bellunopress.it\\\/2013\\\/02\\\/18\\\/referendum-di-taibon-agordino-di-silvano-martini\\\/#breadcrumb\"},\"inLanguage\":\"fr-FR\",\"potentialAction\":[{\"@type\":\"ReadAction\",\"target\":[\"https:\\\/\\\/www.bellunopress.it\\\/2013\\\/02\\\/18\\\/referendum-di-taibon-agordino-di-silvano-martini\\\/\"]}]},{\"@type\":\"ImageObject\",\"inLanguage\":\"fr-FR\",\"@id\":\"https:\\\/\\\/www.bellunopress.it\\\/2013\\\/02\\\/18\\\/referendum-di-taibon-agordino-di-silvano-martini\\\/#primaryimage\",\"url\":\"http:\\\/\\\/www.bellunopress.it\\\/wp-content\\\/uploads\\\/2012\\\/05\\\/Silvano-Martini.jpg\",\"contentUrl\":\"http:\\\/\\\/www.bellunopress.it\\\/wp-content\\\/uploads\\\/2012\\\/05\\\/Silvano-Martini.jpg\"},{\"@type\":\"BreadcrumbList\",\"@id\":\"https:\\\/\\\/www.bellunopress.it\\\/2013\\\/02\\\/18\\\/referendum-di-taibon-agordino-di-silvano-martini\\\/#breadcrumb\",\"itemListElement\":[{\"@type\":\"ListItem\",\"position\":1,\"name\":\"Home\",\"item\":\"https:\\\/\\\/www.bellunopress.it\\\/\"},{\"@type\":\"ListItem\",\"position\":2,\"name\":\"Referendum di Taibon Agordino * di Silvano Martini\"}]},{\"@type\":\"WebSite\",\"@id\":\"https:\\\/\\\/www.bellunopress.it\\\/#website\",\"url\":\"https:\\\/\\\/www.bellunopress.it\\\/\",\"name\":\"Bellunopress - Dolomiti\",\"description\":\"e-mail: redazione@bellunopress.it\",\"publisher\":{\"@id\":\"https:\\\/\\\/www.bellunopress.it\\\/#organization\"},\"potentialAction\":[{\"@type\":\"SearchAction\",\"target\":{\"@type\":\"EntryPoint\",\"urlTemplate\":\"https:\\\/\\\/www.bellunopress.it\\\/?s={search_term_string}\"},\"query-input\":{\"@type\":\"PropertyValueSpecification\",\"valueRequired\":true,\"valueName\":\"search_term_string\"}}],\"inLanguage\":\"fr-FR\"},{\"@type\":\"Organization\",\"@id\":\"https:\\\/\\\/www.bellunopress.it\\\/#organization\",\"name\":\"Bellunopress\",\"url\":\"https:\\\/\\\/www.bellunopress.it\\\/\",\"logo\":{\"@type\":\"ImageObject\",\"inLanguage\":\"fr-FR\",\"@id\":\"https:\\\/\\\/www.bellunopress.it\\\/#\\\/schema\\\/logo\\\/image\\\/\",\"url\":\"https:\\\/\\\/www.bellunopress.it\\\/wp-content\\\/uploads\\\/2011\\\/05\\\/cropped-logo-bellunopress-.jpg\",\"contentUrl\":\"https:\\\/\\\/www.bellunopress.it\\\/wp-content\\\/uploads\\\/2011\\\/05\\\/cropped-logo-bellunopress-.jpg\",\"width\":512,\"height\":512,\"caption\":\"Bellunopress\"},\"image\":{\"@id\":\"https:\\\/\\\/www.bellunopress.it\\\/#\\\/schema\\\/logo\\\/image\\\/\"},\"sameAs\":[\"https:\\\/\\\/www.facebook.com\\\/profile.php?id=100008943462799\",\"https:\\\/\\\/x.com\\\/bellunopress\",\"https:\\\/\\\/www.linkedin.com\\\/hp\\\/?dnr=JBzUWaJfMUw8vbXJJ2tVW5-I3jZKvC4wsoxE&amp;amp;amp;amp;amp;amp;trk=nav_responsive_tab_home\",\"https:\\\/\\\/www.youtube.com\\\/channel\\\/UCxL0wu1uN0_3_7hGG0306cw\"]},{\"@type\":\"Person\",\"@id\":\"https:\\\/\\\/www.bellunopress.it\\\/#\\\/schema\\\/person\\\/79bb06722b37ece1c03d3e94beb30d73\",\"name\":\"redazione\",\"image\":{\"@type\":\"ImageObject\",\"inLanguage\":\"fr-FR\",\"@id\":\"https:\\\/\\\/secure.gravatar.com\\\/avatar\\\/37d968a2e67a6fd04c169c4bdef102d0bc5d31b2546345219e348575eb80e9a0?s=96&d=mm&r=g\",\"url\":\"https:\\\/\\\/secure.gravatar.com\\\/avatar\\\/37d968a2e67a6fd04c169c4bdef102d0bc5d31b2546345219e348575eb80e9a0?s=96&d=mm&r=g\",\"contentUrl\":\"https:\\\/\\\/secure.gravatar.com\\\/avatar\\\/37d968a2e67a6fd04c169c4bdef102d0bc5d31b2546345219e348575eb80e9a0?s=96&d=mm&r=g\",\"caption\":\"redazione\"},\"sameAs\":[\"http:\\\/\\\/www.bellunopress.it\",\"https:\\\/\\\/x.com\\\/bellunopress\"],\"url\":\"https:\\\/\\\/www.bellunopress.it\\\/fr\\\/author\\\/redazione\\\/\"}]}<\/script>\n<!-- \/ Yoast SEO plugin. -->","yoast_head_json":{"title":"Referendum di Taibon Agordino * di Silvano Martini - Bellunopress - Dolomiti","robots":{"index":"index","follow":"follow","max-snippet":"max-snippet:-1","max-image-preview":"max-image-preview:large","max-video-preview":"max-video-preview:-1"},"canonical":"https:\/\/www.bellunopress.it\/fr\/2013\/02\/18\/referendum-di-taibon-agordino-di-silvano-martini\/","og_locale":"fr_FR","og_type":"article","og_title":"Referendum di Taibon Agordino * di Silvano Martini - Bellunopress - Dolomiti","og_description":"Dopo i referendum appena celebrati, e per qualcuno persi, come fossero una partita di calcio, occorre dire che non \u00e8 cos\u00ec. Lo capisce fin d&#8217;ora visto che piovono da tutte le parti gli inviti ad andare avanti. Il referendum di Taibon acquista oggi ancora pi\u00f9 valore visto che c&#8217;\u00e9 chi dice ancora che questo \u00e9 [&hellip;]","og_url":"https:\/\/www.bellunopress.it\/fr\/2013\/02\/18\/referendum-di-taibon-agordino-di-silvano-martini\/","og_site_name":"Bellunopress - Dolomiti","article_publisher":"https:\/\/www.facebook.com\/profile.php?id=100008943462799","article_published_time":"2013-02-18T13:17:58+00:00","og_image":[{"url":"http:\/\/www.bellunopress.it\/wp-content\/uploads\/2012\/05\/Silvano-Martini.jpg","type":"","width":"","height":""}],"author":"redazione","twitter_card":"summary_large_image","twitter_creator":"@bellunopress","twitter_site":"@bellunopress","twitter_misc":{"\u00c9crit par":"redazione","Dur\u00e9e de lecture estim\u00e9e":"2 minutes"},"schema":{"@context":"https:\/\/schema.org","@graph":[{"@type":"Article","@id":"https:\/\/www.bellunopress.it\/2013\/02\/18\/referendum-di-taibon-agordino-di-silvano-martini\/#article","isPartOf":{"@id":"https:\/\/www.bellunopress.it\/2013\/02\/18\/referendum-di-taibon-agordino-di-silvano-martini\/"},"author":{"name":"redazione","@id":"https:\/\/www.bellunopress.it\/#\/schema\/person\/79bb06722b37ece1c03d3e94beb30d73"},"headline":"Referendum di Taibon Agordino * di Silvano Martini","datePublished":"2013-02-18T13:17:58+00:00","mainEntityOfPage":{"@id":"https:\/\/www.bellunopress.it\/2013\/02\/18\/referendum-di-taibon-agordino-di-silvano-martini\/"},"wordCount":434,"publisher":{"@id":"https:\/\/www.bellunopress.it\/#organization"},"image":{"@id":"https:\/\/www.bellunopress.it\/2013\/02\/18\/referendum-di-taibon-agordino-di-silvano-martini\/#primaryimage"},"thumbnailUrl":"http:\/\/www.bellunopress.it\/wp-content\/uploads\/2012\/05\/Silvano-Martini.jpg","articleSection":["Cronaca\/Politica","Lettere Opinioni","Prima Pagina"],"inLanguage":"fr-FR"},{"@type":"WebPage","@id":"https:\/\/www.bellunopress.it\/2013\/02\/18\/referendum-di-taibon-agordino-di-silvano-martini\/","url":"https:\/\/www.bellunopress.it\/2013\/02\/18\/referendum-di-taibon-agordino-di-silvano-martini\/","name":"Referendum di Taibon Agordino * di Silvano Martini - Bellunopress - Dolomiti","isPartOf":{"@id":"https:\/\/www.bellunopress.it\/#website"},"primaryImageOfPage":{"@id":"https:\/\/www.bellunopress.it\/2013\/02\/18\/referendum-di-taibon-agordino-di-silvano-martini\/#primaryimage"},"image":{"@id":"https:\/\/www.bellunopress.it\/2013\/02\/18\/referendum-di-taibon-agordino-di-silvano-martini\/#primaryimage"},"thumbnailUrl":"http:\/\/www.bellunopress.it\/wp-content\/uploads\/2012\/05\/Silvano-Martini.jpg","datePublished":"2013-02-18T13:17:58+00:00","breadcrumb":{"@id":"https:\/\/www.bellunopress.it\/2013\/02\/18\/referendum-di-taibon-agordino-di-silvano-martini\/#breadcrumb"},"inLanguage":"fr-FR","potentialAction":[{"@type":"ReadAction","target":["https:\/\/www.bellunopress.it\/2013\/02\/18\/referendum-di-taibon-agordino-di-silvano-martini\/"]}]},{"@type":"ImageObject","inLanguage":"fr-FR","@id":"https:\/\/www.bellunopress.it\/2013\/02\/18\/referendum-di-taibon-agordino-di-silvano-martini\/#primaryimage","url":"http:\/\/www.bellunopress.it\/wp-content\/uploads\/2012\/05\/Silvano-Martini.jpg","contentUrl":"http:\/\/www.bellunopress.it\/wp-content\/uploads\/2012\/05\/Silvano-Martini.jpg"},{"@type":"BreadcrumbList","@id":"https:\/\/www.bellunopress.it\/2013\/02\/18\/referendum-di-taibon-agordino-di-silvano-martini\/#breadcrumb","itemListElement":[{"@type":"ListItem","position":1,"name":"Home","item":"https:\/\/www.bellunopress.it\/"},{"@type":"ListItem","position":2,"name":"Referendum di Taibon Agordino * di Silvano Martini"}]},{"@type":"WebSite","@id":"https:\/\/www.bellunopress.it\/#website","url":"https:\/\/www.bellunopress.it\/","name":"Bellunopress - Dolomiti","description":"e-mail: redazione@bellunopress.it","publisher":{"@id":"https:\/\/www.bellunopress.it\/#organization"},"potentialAction":[{"@type":"SearchAction","target":{"@type":"EntryPoint","urlTemplate":"https:\/\/www.bellunopress.it\/?s={search_term_string}"},"query-input":{"@type":"PropertyValueSpecification","valueRequired":true,"valueName":"search_term_string"}}],"inLanguage":"fr-FR"},{"@type":"Organization","@id":"https:\/\/www.bellunopress.it\/#organization","name":"Bellunopress","url":"https:\/\/www.bellunopress.it\/","logo":{"@type":"ImageObject","inLanguage":"fr-FR","@id":"https:\/\/www.bellunopress.it\/#\/schema\/logo\/image\/","url":"https:\/\/www.bellunopress.it\/wp-content\/uploads\/2011\/05\/cropped-logo-bellunopress-.jpg","contentUrl":"https:\/\/www.bellunopress.it\/wp-content\/uploads\/2011\/05\/cropped-logo-bellunopress-.jpg","width":512,"height":512,"caption":"Bellunopress"},"image":{"@id":"https:\/\/www.bellunopress.it\/#\/schema\/logo\/image\/"},"sameAs":["https:\/\/www.facebook.com\/profile.php?id=100008943462799","https:\/\/x.com\/bellunopress","https:\/\/www.linkedin.com\/hp\/?dnr=JBzUWaJfMUw8vbXJJ2tVW5-I3jZKvC4wsoxE&amp;amp;amp;amp;amp;amp;trk=nav_responsive_tab_home","https:\/\/www.youtube.com\/channel\/UCxL0wu1uN0_3_7hGG0306cw"]},{"@type":"Person","@id":"https:\/\/www.bellunopress.it\/#\/schema\/person\/79bb06722b37ece1c03d3e94beb30d73","name":"r\u00e9daction","image":{"@type":"ImageObject","inLanguage":"fr-FR","@id":"https:\/\/secure.gravatar.com\/avatar\/37d968a2e67a6fd04c169c4bdef102d0bc5d31b2546345219e348575eb80e9a0?s=96&d=mm&r=g","url":"https:\/\/secure.gravatar.com\/avatar\/37d968a2e67a6fd04c169c4bdef102d0bc5d31b2546345219e348575eb80e9a0?s=96&d=mm&r=g","contentUrl":"https:\/\/secure.gravatar.com\/avatar\/37d968a2e67a6fd04c169c4bdef102d0bc5d31b2546345219e348575eb80e9a0?s=96&d=mm&r=g","caption":"redazione"},"sameAs":["http:\/\/www.bellunopress.it","https:\/\/x.com\/bellunopress"],"url":"https:\/\/www.bellunopress.it\/fr\/author\/redazione\/"}]}},"_links":{"self":[{"href":"https:\/\/www.bellunopress.it\/fr\/wp-json\/wp\/v2\/posts\/46857","targetHints":{"allow":["GET"]}}],"collection":[{"href":"https:\/\/www.bellunopress.it\/fr\/wp-json\/wp\/v2\/posts"}],"about":[{"href":"https:\/\/www.bellunopress.it\/fr\/wp-json\/wp\/v2\/types\/post"}],"author":[{"embeddable":true,"href":"https:\/\/www.bellunopress.it\/fr\/wp-json\/wp\/v2\/users\/2"}],"replies":[{"embeddable":true,"href":"https:\/\/www.bellunopress.it\/fr\/wp-json\/wp\/v2\/comments?post=46857"}],"version-history":[{"count":1,"href":"https:\/\/www.bellunopress.it\/fr\/wp-json\/wp\/v2\/posts\/46857\/revisions"}],"predecessor-version":[{"id":46858,"href":"https:\/\/www.bellunopress.it\/fr\/wp-json\/wp\/v2\/posts\/46857\/revisions\/46858"}],"wp:attachment":[{"href":"https:\/\/www.bellunopress.it\/fr\/wp-json\/wp\/v2\/media?parent=46857"}],"wp:term":[{"taxonomy":"category","embeddable":true,"href":"https:\/\/www.bellunopress.it\/fr\/wp-json\/wp\/v2\/categories?post=46857"},{"taxonomy":"post_tag","embeddable":true,"href":"https:\/\/www.bellunopress.it\/fr\/wp-json\/wp\/v2\/tags?post=46857"}],"curies":[{"name":"wp","href":"https:\/\/api.w.org\/{rel}","templated":true}]}}