{"id":46855,"date":"2013-02-18T13:26:17","date_gmt":"2013-02-18T12:26:17","guid":{"rendered":"http:\/\/www.bellunopress.it\/?p=46855"},"modified":"2013-02-18T13:26:17","modified_gmt":"2013-02-18T12:26:17","slug":"la-lettera-di-un-imprenditore-pentito-ecco-perche-voto-5-stelle","status":"publish","type":"post","link":"https:\/\/www.bellunopress.it\/fr\/2013\/02\/18\/la-lettera-di-un-imprenditore-pentito-ecco-perche-voto-5-stelle\/","title":{"rendered":"La lettera di un imprenditore pentito. Ecco perch\u00e9 voto 5 Stelle"},"content":{"rendered":"<p>Sono un imprenditore in pensione, che ha lasciato il mondo del lavoro alla vigilia della crisi. Uno di quelli che ha votato Berlusconi perch\u00e9 all&#8217;epoca sembrava rappresentare una svolta per l&#8217;Italia. Ero convinto &#8211; e tanti come me &#8211; che avremmo progressivamente abbandonato lo stato assistenziale, che le imprese avrebbero avuto un minor peso di carte, tasse e adempimenti.<\/p>\n<p>Ho sperato in un cambiamento che non c&#8217;\u00e8 stato, come i miei dipendenti, la maggior parte leghisti, che hanno creduto al federalismo di Bossi. Ci siamo sbagliati tutti. Una sbornia lunga vent&#8217;anni, fatta di allucinazioni diffuse dalla televisione e dai giornali. Vent&#8217;anni persi che potevano essere meglio utilizzati.<\/p>\n<p>A questo punto per\u00f2 il problema non \u00e8 pi\u00f9 mio, perch\u00e9 ho un&#8217;aspettativa di vita, che ad essere ottimisti, non va oltre i 10-15 anni e fortunatamente ho una situazione patrimoniale diciamo agiata. Il problema \u00e8 dei giovani, che se non si liberano al pi\u00f9 presto di questa classe dirigente dovranno ritornare a fare gli emigranti. Come successe a me una cinquantina d&#8217;anni fa. Sono indeciso tra il voto ad Oscar Giannino, pi\u00f9 vicino al mio mondo, e quello al movimento di Beppe Grillo. In entrambi i casi l&#8217;obiettivo \u00e8 quello di lasciare a casa un po&#8217; di onorevoli e senatori inutili, dei vecchi partiti.<\/p>\n<p>Anche se so benissimo che quelli che nulla hanno fatto in questi anni si sono piazzati, grazie al porcellum, in testa alle liste e ce li ritroveremo ancora per altri 5 anni. So benissimo che chi guider\u00e0 l&#8217;Italia per i prossimi anni ha responsabilit\u00e0 enormi, perch\u00e9 scelte sbagliate potrebbero fare ulteriormente arretrare il Paese, come \u00e8 successo in Grecia. So anche che difficilmente il Movimento 5 Stelle potr\u00e0 essere forza di governo.<\/p>\n<p>Credo per\u00f2 che i giovani di Grillo una volta in Parlamento abbiano un effetto pi\u00f9 dirompente (in senso buono, nell&#8217;abbattere i vizi della vecchia politica) degli illustri candidati di Giannino. Per questo motivo e fare un po&#8217; di pulizia, almeno nei numeri e nella rappresentativit\u00e0, oltre che mettermi a posto la coscienza con i giovani, dar\u00f2 il mio voto al Movimento 5 Stelle, che rappresenta oggi la vera alternativa a quello che Pannella chiamava la partitocrazia.<\/p>\n<p>lettera firmata<\/p>","protected":false},"excerpt":{"rendered":"<p>Sono un imprenditore in pensione, che ha lasciato il mondo del lavoro alla vigilia della crisi. Uno di quelli che ha votato Berlusconi perch\u00e9 all&#8217;epoca sembrava rappresentare una svolta per l&#8217;Italia. Ero convinto &#8211; e tanti come me &#8211; che avremmo progressivamente abbandonato lo stato assistenziale, che le imprese avrebbero avuto un minor peso di [&hellip;]<\/p>\n","protected":false},"author":2,"featured_media":0,"comment_status":"closed","ping_status":"open","sticky":false,"template":"","format":"standard","meta":{"footnotes":""},"categories":[1,26],"tags":[],"class_list":["post-46855","post","type-post","status-publish","format-standard","category-leo","category-prima-pagina"],"yoast_head":"<!-- This site is optimized with the Yoast SEO plugin v28.4 - https:\/\/yoast.com\/product\/yoast-seo-wordpress\/ -->\n<title>La lettera di un imprenditore pentito. Ecco perch\u00e9 voto 5 Stelle - Bellunopress - Dolomiti<\/title>\n<meta name=\"robots\" content=\"index, follow, max-snippet:-1, max-image-preview:large, max-video-preview:-1\" \/>\n<link rel=\"canonical\" href=\"https:\/\/www.bellunopress.it\/fr\/2013\/02\/18\/la-lettera-di-un-imprenditore-pentito-ecco-perche-voto-5-stelle\/\" \/>\n<meta property=\"og:locale\" content=\"fr_FR\" \/>\n<meta property=\"og:type\" content=\"article\" \/>\n<meta property=\"og:title\" content=\"La lettera di un imprenditore pentito. Ecco perch\u00e9 voto 5 Stelle - Bellunopress - Dolomiti\" \/>\n<meta property=\"og:description\" content=\"Sono un imprenditore in pensione, che ha lasciato il mondo del lavoro alla vigilia della crisi. Uno di quelli che ha votato Berlusconi perch\u00e9 all&#8217;epoca sembrava rappresentare una svolta per l&#8217;Italia. Ero convinto &#8211; e tanti come me &#8211; che avremmo progressivamente abbandonato lo stato assistenziale, che le imprese avrebbero avuto un minor peso di [&hellip;]\" \/>\n<meta property=\"og:url\" content=\"https:\/\/www.bellunopress.it\/fr\/2013\/02\/18\/la-lettera-di-un-imprenditore-pentito-ecco-perche-voto-5-stelle\/\" \/>\n<meta property=\"og:site_name\" content=\"Bellunopress - Dolomiti\" \/>\n<meta property=\"article:publisher\" content=\"https:\/\/www.facebook.com\/profile.php?id=100008943462799\" \/>\n<meta property=\"article:published_time\" content=\"2013-02-18T12:26:17+00:00\" \/>\n<meta property=\"og:image\" content=\"http:\/\/www.bellunopress.it\/wp-content\/uploads\/2012\/07\/logo-bellunopress-250x250-2012.jpg\" \/>\n<meta name=\"author\" content=\"redazione\" \/>\n<meta name=\"twitter:card\" content=\"summary_large_image\" \/>\n<meta name=\"twitter:creator\" content=\"@bellunopress\" \/>\n<meta name=\"twitter:site\" content=\"@bellunopress\" \/>\n<meta name=\"twitter:label1\" content=\"\u00c9crit par\" \/>\n\t<meta name=\"twitter:data1\" content=\"redazione\" \/>\n\t<meta name=\"twitter:label2\" content=\"Dur\u00e9e de lecture estim\u00e9e\" \/>\n\t<meta name=\"twitter:data2\" content=\"2 minutes\" \/>\n<script type=\"application\/ld+json\" class=\"yoast-schema-graph\">{\"@context\":\"https:\\\/\\\/schema.org\",\"@graph\":[{\"@type\":\"Article\",\"@id\":\"https:\\\/\\\/www.bellunopress.it\\\/2013\\\/02\\\/18\\\/la-lettera-di-un-imprenditore-pentito-ecco-perche-voto-5-stelle\\\/#article\",\"isPartOf\":{\"@id\":\"https:\\\/\\\/www.bellunopress.it\\\/2013\\\/02\\\/18\\\/la-lettera-di-un-imprenditore-pentito-ecco-perche-voto-5-stelle\\\/\"},\"author\":{\"name\":\"redazione\",\"@id\":\"https:\\\/\\\/www.bellunopress.it\\\/#\\\/schema\\\/person\\\/79bb06722b37ece1c03d3e94beb30d73\"},\"headline\":\"La lettera di un imprenditore pentito. Ecco perch\u00e9 voto 5 Stelle\",\"datePublished\":\"2013-02-18T12:26:17+00:00\",\"mainEntityOfPage\":{\"@id\":\"https:\\\/\\\/www.bellunopress.it\\\/2013\\\/02\\\/18\\\/la-lettera-di-un-imprenditore-pentito-ecco-perche-voto-5-stelle\\\/\"},\"wordCount\":374,\"publisher\":{\"@id\":\"https:\\\/\\\/www.bellunopress.it\\\/#organization\"},\"articleSection\":[\"Lettere Opinioni\",\"Prima Pagina\"],\"inLanguage\":\"fr-FR\"},{\"@type\":\"WebPage\",\"@id\":\"https:\\\/\\\/www.bellunopress.it\\\/2013\\\/02\\\/18\\\/la-lettera-di-un-imprenditore-pentito-ecco-perche-voto-5-stelle\\\/\",\"url\":\"https:\\\/\\\/www.bellunopress.it\\\/2013\\\/02\\\/18\\\/la-lettera-di-un-imprenditore-pentito-ecco-perche-voto-5-stelle\\\/\",\"name\":\"La lettera di un imprenditore pentito. Ecco perch\u00e9 voto 5 Stelle - Bellunopress - Dolomiti\",\"isPartOf\":{\"@id\":\"https:\\\/\\\/www.bellunopress.it\\\/#website\"},\"datePublished\":\"2013-02-18T12:26:17+00:00\",\"breadcrumb\":{\"@id\":\"https:\\\/\\\/www.bellunopress.it\\\/2013\\\/02\\\/18\\\/la-lettera-di-un-imprenditore-pentito-ecco-perche-voto-5-stelle\\\/#breadcrumb\"},\"inLanguage\":\"fr-FR\",\"potentialAction\":[{\"@type\":\"ReadAction\",\"target\":[\"https:\\\/\\\/www.bellunopress.it\\\/2013\\\/02\\\/18\\\/la-lettera-di-un-imprenditore-pentito-ecco-perche-voto-5-stelle\\\/\"]}]},{\"@type\":\"BreadcrumbList\",\"@id\":\"https:\\\/\\\/www.bellunopress.it\\\/2013\\\/02\\\/18\\\/la-lettera-di-un-imprenditore-pentito-ecco-perche-voto-5-stelle\\\/#breadcrumb\",\"itemListElement\":[{\"@type\":\"ListItem\",\"position\":1,\"name\":\"Home\",\"item\":\"https:\\\/\\\/www.bellunopress.it\\\/\"},{\"@type\":\"ListItem\",\"position\":2,\"name\":\"La lettera di un imprenditore pentito. Ecco perch\u00e9 voto 5 Stelle\"}]},{\"@type\":\"WebSite\",\"@id\":\"https:\\\/\\\/www.bellunopress.it\\\/#website\",\"url\":\"https:\\\/\\\/www.bellunopress.it\\\/\",\"name\":\"Bellunopress - Dolomiti\",\"description\":\"e-mail: redazione@bellunopress.it\",\"publisher\":{\"@id\":\"https:\\\/\\\/www.bellunopress.it\\\/#organization\"},\"potentialAction\":[{\"@type\":\"SearchAction\",\"target\":{\"@type\":\"EntryPoint\",\"urlTemplate\":\"https:\\\/\\\/www.bellunopress.it\\\/?s={search_term_string}\"},\"query-input\":{\"@type\":\"PropertyValueSpecification\",\"valueRequired\":true,\"valueName\":\"search_term_string\"}}],\"inLanguage\":\"fr-FR\"},{\"@type\":\"Organization\",\"@id\":\"https:\\\/\\\/www.bellunopress.it\\\/#organization\",\"name\":\"Bellunopress\",\"url\":\"https:\\\/\\\/www.bellunopress.it\\\/\",\"logo\":{\"@type\":\"ImageObject\",\"inLanguage\":\"fr-FR\",\"@id\":\"https:\\\/\\\/www.bellunopress.it\\\/#\\\/schema\\\/logo\\\/image\\\/\",\"url\":\"https:\\\/\\\/www.bellunopress.it\\\/wp-content\\\/uploads\\\/2011\\\/05\\\/cropped-logo-bellunopress-.jpg\",\"contentUrl\":\"https:\\\/\\\/www.bellunopress.it\\\/wp-content\\\/uploads\\\/2011\\\/05\\\/cropped-logo-bellunopress-.jpg\",\"width\":512,\"height\":512,\"caption\":\"Bellunopress\"},\"image\":{\"@id\":\"https:\\\/\\\/www.bellunopress.it\\\/#\\\/schema\\\/logo\\\/image\\\/\"},\"sameAs\":[\"https:\\\/\\\/www.facebook.com\\\/profile.php?id=100008943462799\",\"https:\\\/\\\/x.com\\\/bellunopress\",\"https:\\\/\\\/www.linkedin.com\\\/hp\\\/?dnr=JBzUWaJfMUw8vbXJJ2tVW5-I3jZKvC4wsoxE&amp;amp;amp;amp;amp;amp;trk=nav_responsive_tab_home\",\"https:\\\/\\\/www.youtube.com\\\/channel\\\/UCxL0wu1uN0_3_7hGG0306cw\"]},{\"@type\":\"Person\",\"@id\":\"https:\\\/\\\/www.bellunopress.it\\\/#\\\/schema\\\/person\\\/79bb06722b37ece1c03d3e94beb30d73\",\"name\":\"redazione\",\"image\":{\"@type\":\"ImageObject\",\"inLanguage\":\"fr-FR\",\"@id\":\"https:\\\/\\\/secure.gravatar.com\\\/avatar\\\/37d968a2e67a6fd04c169c4bdef102d0bc5d31b2546345219e348575eb80e9a0?s=96&d=mm&r=g\",\"url\":\"https:\\\/\\\/secure.gravatar.com\\\/avatar\\\/37d968a2e67a6fd04c169c4bdef102d0bc5d31b2546345219e348575eb80e9a0?s=96&d=mm&r=g\",\"contentUrl\":\"https:\\\/\\\/secure.gravatar.com\\\/avatar\\\/37d968a2e67a6fd04c169c4bdef102d0bc5d31b2546345219e348575eb80e9a0?s=96&d=mm&r=g\",\"caption\":\"redazione\"},\"sameAs\":[\"http:\\\/\\\/www.bellunopress.it\",\"https:\\\/\\\/x.com\\\/bellunopress\"],\"url\":\"https:\\\/\\\/www.bellunopress.it\\\/fr\\\/author\\\/redazione\\\/\"}]}<\/script>\n<!-- \/ Yoast SEO plugin. -->","yoast_head_json":{"title":"La lettera di un imprenditore pentito. Ecco perch\u00e9 voto 5 Stelle - Bellunopress - Dolomiti","robots":{"index":"index","follow":"follow","max-snippet":"max-snippet:-1","max-image-preview":"max-image-preview:large","max-video-preview":"max-video-preview:-1"},"canonical":"https:\/\/www.bellunopress.it\/fr\/2013\/02\/18\/la-lettera-di-un-imprenditore-pentito-ecco-perche-voto-5-stelle\/","og_locale":"fr_FR","og_type":"article","og_title":"La lettera di un imprenditore pentito. Ecco perch\u00e9 voto 5 Stelle - Bellunopress - Dolomiti","og_description":"Sono un imprenditore in pensione, che ha lasciato il mondo del lavoro alla vigilia della crisi. Uno di quelli che ha votato Berlusconi perch\u00e9 all&#8217;epoca sembrava rappresentare una svolta per l&#8217;Italia. Ero convinto &#8211; e tanti come me &#8211; che avremmo progressivamente abbandonato lo stato assistenziale, che le imprese avrebbero avuto un minor peso di [&hellip;]","og_url":"https:\/\/www.bellunopress.it\/fr\/2013\/02\/18\/la-lettera-di-un-imprenditore-pentito-ecco-perche-voto-5-stelle\/","og_site_name":"Bellunopress - Dolomiti","article_publisher":"https:\/\/www.facebook.com\/profile.php?id=100008943462799","article_published_time":"2013-02-18T12:26:17+00:00","og_image":[{"url":"http:\/\/www.bellunopress.it\/wp-content\/uploads\/2012\/07\/logo-bellunopress-250x250-2012.jpg","type":"","width":"","height":""}],"author":"redazione","twitter_card":"summary_large_image","twitter_creator":"@bellunopress","twitter_site":"@bellunopress","twitter_misc":{"\u00c9crit par":"redazione","Dur\u00e9e de lecture estim\u00e9e":"2 minutes"},"schema":{"@context":"https:\/\/schema.org","@graph":[{"@type":"Article","@id":"https:\/\/www.bellunopress.it\/2013\/02\/18\/la-lettera-di-un-imprenditore-pentito-ecco-perche-voto-5-stelle\/#article","isPartOf":{"@id":"https:\/\/www.bellunopress.it\/2013\/02\/18\/la-lettera-di-un-imprenditore-pentito-ecco-perche-voto-5-stelle\/"},"author":{"name":"redazione","@id":"https:\/\/www.bellunopress.it\/#\/schema\/person\/79bb06722b37ece1c03d3e94beb30d73"},"headline":"La lettera di un imprenditore pentito. Ecco perch\u00e9 voto 5 Stelle","datePublished":"2013-02-18T12:26:17+00:00","mainEntityOfPage":{"@id":"https:\/\/www.bellunopress.it\/2013\/02\/18\/la-lettera-di-un-imprenditore-pentito-ecco-perche-voto-5-stelle\/"},"wordCount":374,"publisher":{"@id":"https:\/\/www.bellunopress.it\/#organization"},"articleSection":["Lettere Opinioni","Prima Pagina"],"inLanguage":"fr-FR"},{"@type":"WebPage","@id":"https:\/\/www.bellunopress.it\/2013\/02\/18\/la-lettera-di-un-imprenditore-pentito-ecco-perche-voto-5-stelle\/","url":"https:\/\/www.bellunopress.it\/2013\/02\/18\/la-lettera-di-un-imprenditore-pentito-ecco-perche-voto-5-stelle\/","name":"La lettera di un imprenditore pentito. Ecco perch\u00e9 voto 5 Stelle - Bellunopress - Dolomiti","isPartOf":{"@id":"https:\/\/www.bellunopress.it\/#website"},"datePublished":"2013-02-18T12:26:17+00:00","breadcrumb":{"@id":"https:\/\/www.bellunopress.it\/2013\/02\/18\/la-lettera-di-un-imprenditore-pentito-ecco-perche-voto-5-stelle\/#breadcrumb"},"inLanguage":"fr-FR","potentialAction":[{"@type":"ReadAction","target":["https:\/\/www.bellunopress.it\/2013\/02\/18\/la-lettera-di-un-imprenditore-pentito-ecco-perche-voto-5-stelle\/"]}]},{"@type":"BreadcrumbList","@id":"https:\/\/www.bellunopress.it\/2013\/02\/18\/la-lettera-di-un-imprenditore-pentito-ecco-perche-voto-5-stelle\/#breadcrumb","itemListElement":[{"@type":"ListItem","position":1,"name":"Home","item":"https:\/\/www.bellunopress.it\/"},{"@type":"ListItem","position":2,"name":"La lettera di un imprenditore pentito. Ecco perch\u00e9 voto 5 Stelle"}]},{"@type":"WebSite","@id":"https:\/\/www.bellunopress.it\/#website","url":"https:\/\/www.bellunopress.it\/","name":"Bellunopress - Dolomiti","description":"e-mail: redazione@bellunopress.it","publisher":{"@id":"https:\/\/www.bellunopress.it\/#organization"},"potentialAction":[{"@type":"SearchAction","target":{"@type":"EntryPoint","urlTemplate":"https:\/\/www.bellunopress.it\/?s={search_term_string}"},"query-input":{"@type":"PropertyValueSpecification","valueRequired":true,"valueName":"search_term_string"}}],"inLanguage":"fr-FR"},{"@type":"Organization","@id":"https:\/\/www.bellunopress.it\/#organization","name":"Bellunopress","url":"https:\/\/www.bellunopress.it\/","logo":{"@type":"ImageObject","inLanguage":"fr-FR","@id":"https:\/\/www.bellunopress.it\/#\/schema\/logo\/image\/","url":"https:\/\/www.bellunopress.it\/wp-content\/uploads\/2011\/05\/cropped-logo-bellunopress-.jpg","contentUrl":"https:\/\/www.bellunopress.it\/wp-content\/uploads\/2011\/05\/cropped-logo-bellunopress-.jpg","width":512,"height":512,"caption":"Bellunopress"},"image":{"@id":"https:\/\/www.bellunopress.it\/#\/schema\/logo\/image\/"},"sameAs":["https:\/\/www.facebook.com\/profile.php?id=100008943462799","https:\/\/x.com\/bellunopress","https:\/\/www.linkedin.com\/hp\/?dnr=JBzUWaJfMUw8vbXJJ2tVW5-I3jZKvC4wsoxE&amp;amp;amp;amp;amp;amp;trk=nav_responsive_tab_home","https:\/\/www.youtube.com\/channel\/UCxL0wu1uN0_3_7hGG0306cw"]},{"@type":"Person","@id":"https:\/\/www.bellunopress.it\/#\/schema\/person\/79bb06722b37ece1c03d3e94beb30d73","name":"r\u00e9daction","image":{"@type":"ImageObject","inLanguage":"fr-FR","@id":"https:\/\/secure.gravatar.com\/avatar\/37d968a2e67a6fd04c169c4bdef102d0bc5d31b2546345219e348575eb80e9a0?s=96&d=mm&r=g","url":"https:\/\/secure.gravatar.com\/avatar\/37d968a2e67a6fd04c169c4bdef102d0bc5d31b2546345219e348575eb80e9a0?s=96&d=mm&r=g","contentUrl":"https:\/\/secure.gravatar.com\/avatar\/37d968a2e67a6fd04c169c4bdef102d0bc5d31b2546345219e348575eb80e9a0?s=96&d=mm&r=g","caption":"redazione"},"sameAs":["http:\/\/www.bellunopress.it","https:\/\/x.com\/bellunopress"],"url":"https:\/\/www.bellunopress.it\/fr\/author\/redazione\/"}]}},"_links":{"self":[{"href":"https:\/\/www.bellunopress.it\/fr\/wp-json\/wp\/v2\/posts\/46855","targetHints":{"allow":["GET"]}}],"collection":[{"href":"https:\/\/www.bellunopress.it\/fr\/wp-json\/wp\/v2\/posts"}],"about":[{"href":"https:\/\/www.bellunopress.it\/fr\/wp-json\/wp\/v2\/types\/post"}],"author":[{"embeddable":true,"href":"https:\/\/www.bellunopress.it\/fr\/wp-json\/wp\/v2\/users\/2"}],"replies":[{"embeddable":true,"href":"https:\/\/www.bellunopress.it\/fr\/wp-json\/wp\/v2\/comments?post=46855"}],"version-history":[{"count":1,"href":"https:\/\/www.bellunopress.it\/fr\/wp-json\/wp\/v2\/posts\/46855\/revisions"}],"predecessor-version":[{"id":46856,"href":"https:\/\/www.bellunopress.it\/fr\/wp-json\/wp\/v2\/posts\/46855\/revisions\/46856"}],"wp:attachment":[{"href":"https:\/\/www.bellunopress.it\/fr\/wp-json\/wp\/v2\/media?parent=46855"}],"wp:term":[{"taxonomy":"category","embeddable":true,"href":"https:\/\/www.bellunopress.it\/fr\/wp-json\/wp\/v2\/categories?post=46855"},{"taxonomy":"post_tag","embeddable":true,"href":"https:\/\/www.bellunopress.it\/fr\/wp-json\/wp\/v2\/tags?post=46855"}],"curies":[{"name":"wp","href":"https:\/\/api.w.org\/{rel}","templated":true}]}}